{"id":24506,"date":"2025-01-08T15:41:27","date_gmt":"2025-01-08T12:41:27","guid":{"rendered":"https:\/\/denizcankizil.tr\/uncategorized-tr\/alzheimer-hastalarinin-umut-evi\/"},"modified":"2025-01-08T15:41:27","modified_gmt":"2025-01-08T12:41:27","slug":"alzheimer-hastalarinin-umut-evi","status":"publish","type":"post","link":"https:\/\/denizcankizil.tr\/en\/haberler\/antalya\/alzheimer-hastalarinin-umut-evi\/","title":{"rendered":"Alzheimer hastalar\u0131n\u0131n umut evi"},"content":{"rendered":"<p>Antalya B\u00fcy\u00fck\u015fehir Belediyesi\u2019nin, Alzheimer ve demans hastalar\u0131 ile hasta yak\u0131nlar\u0131na y\u00f6nelik hizmet verdi\u011fi Alzheimer Hasta ve Hasta Yak\u0131nlar\u0131 Bulu\u015fma Merkezi \u201cMavi Ev\u201d, hasta ve yak\u0131nlar\u0131na da destek olmaya devam ediyor. B\u00fcy\u00fck\u015fehir Belediyesi\u2019nin sosyal sorumluluk anlay\u0131\u015f\u0131n\u0131 temsil eden merkezde hastalara profesyonel bak\u0131m yap\u0131l\u0131p tedavi s\u00fcre\u00e7lerine destek olunurken, hasta yak\u0131nlar\u0131 da nefes alma imkan\u0131 buluyor. Uygulanan programlar sayesinde hastalar, fiziki olarak g\u00fc\u00e7lenirken, mental olarak rahatl\u0131yor. Zeka oyunlar\u0131ndan ah\u015fap boyamaya, bah\u00e7e i\u015flerinden m\u00fczikle ilgilenmeye kadar bir\u00e7ok sosyal \u00e7al\u0131\u015fman\u0131n yap\u0131ld\u0131\u011f\u0131 merkezden, hem hastalar hem de hasta yak\u0131nlar\u0131 memnuniyetini dile getiriyor.<\/p>\n<p>Mavi Ev seras\u0131nda sebze yeti\u015ftiriyorlar<br \/>\nHastalar, rehabilitasyon s\u00fcrecinin bir par\u00e7as\u0131 olarak ge\u00e7ti\u011fimiz aylarda yeniden faaliyete ge\u00e7irilen Mavi Ev seras\u0131na, salatal\u0131k, biber, marul, dereotu, maydanoz gibi fideler dikmi\u015fti. Hastalar, yine rehabilitasyon s\u00fcreci kapsam\u0131nda, olgunla\u015fmaya ba\u015flayan \u00fcr\u00fcnlerin hasad\u0131n\u0131 yapt\u0131. Toprakla ve bitkilerle u\u011fra\u015fman\u0131n keyfini ve huzurunu ya\u015fayan hastalar, kendi emekleri olan \u00fcr\u00fcnlerin de tad\u0131na bakma f\u0131rsat\u0131 buldu.<\/p>\n<p>Haftan\u0131n be\u015f g\u00fcn\u00fc hizmet veriliyor<br \/>\nAntalya B\u00fcy\u00fck\u015fehir Belediyesi Alzheimer Hasta ve Hasta Yak\u0131nlar\u0131 Bulu\u015fma Merkezi Sorumlusu Gerontolog Merve K\u0131ld\u0131r, Merkez\u2019de hasta ve hasta yak\u0131nlar\u0131na \u00fccretsiz olarak hizmet verdiklerini s\u00f6yledi. K\u0131ld\u0131r, \u201cPazartesi, \u00c7ar\u015famba ve Cuma g\u00fcnleri 1. evre hastalar, Sal\u0131 ve Per\u015fembe g\u00fcnleri ise 2. evre hastalar olmak \u00fczere haftan\u0131n be\u015f g\u00fcn\u00fc hastalar\u0131m\u0131zla birlikteyiz. Hastalar\u0131m\u0131za, psikososyal destek, fizik tedavi, rehabilitasyon ve ergoterapi alanlar\u0131nda destek sa\u011fl\u0131yoruz. Hasta yak\u0131nlar\u0131m\u0131za ise hastal\u0131\u011f\u0131n seyri ve bak\u0131m s\u00fcre\u00e7leriyle ilgili gerontolojik dan\u0131\u015fmanl\u0131k hizmeti vermekteyiz\u201d dedi.<\/p>\n<p>\u201cAnnemin sosyal ya\u015fam\u0131n\u0131 olumlu etkiledi\u201d<br \/>\nHasta yak\u0131n\u0131 Beril Onat, annesinin Alzheimer merkezine haftada 3 g\u00fcn geldi\u011fini belirterek, \u201cAnnemin girdi\u011fi hastal\u0131k s\u00fcrecinde bir\u00e7ok yerde ara\u015ft\u0131rma yapt\u0131m. Ancak \u00e7ok fazla se\u00e7enek bulamad\u0131m. B\u00fcy\u00fck\u015fehir Belediyesi\u2019nin b\u00f6yle bir hizmet sunmas\u0131 bizim i\u00e7in kurtar\u0131c\u0131 oldu. \u00c7al\u0131\u015ft\u0131\u011f\u0131m\u0131z i\u00e7in devaml\u0131 evde olam\u0131yoruz, bu da onlar\u0131n sosyal ya\u015fam\u0131n\u0131 ve dolay\u0131s\u0131yla da hastal\u0131klar\u0131n\u0131 olumsuz etkiliyor. Annem buraya geldi\u011finden beri hastal\u0131\u011f\u0131 ve hayat konforu \u00e7ok iyiye gitti, kendini iyi hissediyor, daha \u00f6zg\u00fcvenli hale geldi\u201d diye konu\u015ftu.<\/p>\n<p>Kaynak: www.kanalv.com.tr Haber Sitesinden Al\u0131nm\u0131\u015ft\u0131r.<\/p>","protected":false},"excerpt":{"rendered":"<p>Antalya B\u00fcy\u00fck\u015fehir Belediyesi\u2019nin, Alzheimer ve demans hastalar\u0131 ile hasta yak\u0131nlar\u0131na y\u00f6nelik hizmet verdi\u011fi Alzheimer Hasta ve Hasta Yak\u0131nlar\u0131 Bulu\u015fma Merkezi \u201cMavi Ev\u201d, hasta ve yak\u0131nlar\u0131na da destek olmaya devam ediyor. B\u00fcy\u00fck\u015fehir Belediyesi\u2019nin sosyal sorumluluk anlay\u0131\u015f\u0131n\u0131 temsil eden merkezde hastalara profesyonel bak\u0131m yap\u0131l\u0131p tedavi s\u00fcre\u00e7lerine destek olunurken, hasta yak\u0131nlar\u0131 da nefes alma imkan\u0131 buluyor. Uygulanan programlar sayesinde hastalar, fiziki olarak g\u00fc\u00e7lenirken, mental olarak rahatl\u0131yor. Zeka oyunlar\u0131ndan ah\u015fap boyamaya, bah\u00e7e i\u015flerinden m\u00fczikle ilgilenmeye kadar bir\u00e7ok sosyal \u00e7al\u0131\u015fman\u0131n yap\u0131ld\u0131\u011f\u0131 merkezden, hem hastalar hem de hasta yak\u0131nlar\u0131 memnuniyetini dile getiriyor. Mavi Ev seras\u0131nda sebze yeti\u015ftiriyorlar Hastalar, rehabilitasyon s\u00fcrecinin bir par\u00e7as\u0131 olarak ge\u00e7ti\u011fimiz aylarda yeniden faaliyete ge\u00e7irilen Mavi Ev seras\u0131na, salatal\u0131k, biber, marul, dereotu, maydanoz gibi fideler dikmi\u015fti. Hastalar, yine rehabilitasyon s\u00fcreci kapsam\u0131nda, olgunla\u015fmaya ba\u015flayan \u00fcr\u00fcnlerin hasad\u0131n\u0131 yapt\u0131. Toprakla ve bitkilerle u\u011fra\u015fman\u0131n keyfini ve huzurunu ya\u015fayan hastalar, kendi emekleri olan \u00fcr\u00fcnlerin de tad\u0131na bakma f\u0131rsat\u0131 buldu. Haftan\u0131n be\u015f g\u00fcn\u00fc hizmet veriliyor Antalya B\u00fcy\u00fck\u015fehir Belediyesi Alzheimer Hasta ve Hasta Yak\u0131nlar\u0131 Bulu\u015fma Merkezi Sorumlusu Gerontolog Merve K\u0131ld\u0131r, Merkez\u2019de hasta ve hasta yak\u0131nlar\u0131na \u00fccretsiz olarak hizmet verdiklerini s\u00f6yledi. K\u0131ld\u0131r, \u201cPazartesi, \u00c7ar\u015famba ve Cuma g\u00fcnleri 1. evre hastalar, Sal\u0131 ve Per\u015fembe g\u00fcnleri ise 2. evre hastalar olmak \u00fczere haftan\u0131n be\u015f g\u00fcn\u00fc hastalar\u0131m\u0131zla birlikteyiz. Hastalar\u0131m\u0131za, psikososyal destek, fizik tedavi, rehabilitasyon &hellip;<\/p>","protected":false},"author":4,"featured_media":24507,"comment_status":"open","ping_status":"open","sticky":false,"template":"","format":"standard","meta":{"_acf_changed":false,"footnotes":""},"categories":[26],"tags":[],"class_list":["post-24506","post","type-post","status-publish","format-standard","has-post-thumbnail","hentry","category-antalya"],"acf":[],"yoast_head":"<!-- This site is optimized with the Yoast SEO Premium plugin v26.6 (Yoast SEO v27.1.1) - https:\/\/yoast.com\/product\/yoast-seo-premium-wordpress\/ -->\n<title>Alzheimer hastalar\u0131n\u0131n umut evi - Av. Deniz Can K\u0131z\u0131l<\/title>\n<meta name=\"robots\" content=\"index, follow, max-snippet:-1, max-image-preview:large, max-video-preview:-1\" \/>\n<link rel=\"canonical\" href=\"http:\/\/denizcankizil.tr\/en\/haberler\/antalya\/alzheimer-hastalarinin-umut-evi\/\" \/>\n<meta property=\"og:locale\" content=\"en_GB\" \/>\n<meta property=\"og:type\" content=\"article\" \/>\n<meta property=\"og:title\" content=\"Alzheimer hastalar\u0131n\u0131n umut evi\" \/>\n<meta property=\"og:description\" content=\"Antalya B\u00fcy\u00fck\u015fehir Belediyesi\u2019nin, Alzheimer ve demans hastalar\u0131 ile hasta yak\u0131nlar\u0131na y\u00f6nelik hizmet verdi\u011fi Alzheimer Hasta ve Hasta Yak\u0131nlar\u0131 Bulu\u015fma Merkezi \u201cMavi Ev\u201d, hasta ve yak\u0131nlar\u0131na da destek olmaya devam ediyor. B\u00fcy\u00fck\u015fehir Belediyesi\u2019nin sosyal sorumluluk anlay\u0131\u015f\u0131n\u0131 temsil eden merkezde hastalara profesyonel bak\u0131m yap\u0131l\u0131p tedavi s\u00fcre\u00e7lerine destek olunurken, hasta yak\u0131nlar\u0131 da nefes alma imkan\u0131 buluyor. Uygulanan programlar sayesinde hastalar, fiziki olarak g\u00fc\u00e7lenirken, mental olarak rahatl\u0131yor. Zeka oyunlar\u0131ndan ah\u015fap boyamaya, bah\u00e7e i\u015flerinden m\u00fczikle ilgilenmeye kadar bir\u00e7ok sosyal \u00e7al\u0131\u015fman\u0131n yap\u0131ld\u0131\u011f\u0131 merkezden, hem hastalar hem de hasta yak\u0131nlar\u0131 memnuniyetini dile getiriyor. Mavi Ev seras\u0131nda sebze yeti\u015ftiriyorlar Hastalar, rehabilitasyon s\u00fcrecinin bir par\u00e7as\u0131 olarak ge\u00e7ti\u011fimiz aylarda yeniden faaliyete ge\u00e7irilen Mavi Ev seras\u0131na, salatal\u0131k, biber, marul, dereotu, maydanoz gibi fideler dikmi\u015fti. Hastalar, yine rehabilitasyon s\u00fcreci kapsam\u0131nda, olgunla\u015fmaya ba\u015flayan \u00fcr\u00fcnlerin hasad\u0131n\u0131 yapt\u0131. Toprakla ve bitkilerle u\u011fra\u015fman\u0131n keyfini ve huzurunu ya\u015fayan hastalar, kendi emekleri olan \u00fcr\u00fcnlerin de tad\u0131na bakma f\u0131rsat\u0131 buldu. Haftan\u0131n be\u015f g\u00fcn\u00fc hizmet veriliyor Antalya B\u00fcy\u00fck\u015fehir Belediyesi Alzheimer Hasta ve Hasta Yak\u0131nlar\u0131 Bulu\u015fma Merkezi Sorumlusu Gerontolog Merve K\u0131ld\u0131r, Merkez\u2019de hasta ve hasta yak\u0131nlar\u0131na \u00fccretsiz olarak hizmet verdiklerini s\u00f6yledi. K\u0131ld\u0131r, \u201cPazartesi, \u00c7ar\u015famba ve Cuma g\u00fcnleri 1. evre hastalar, Sal\u0131 ve Per\u015fembe g\u00fcnleri ise 2. evre hastalar olmak \u00fczere haftan\u0131n be\u015f g\u00fcn\u00fc hastalar\u0131m\u0131zla birlikteyiz. Hastalar\u0131m\u0131za, psikososyal destek, fizik tedavi, rehabilitasyon &hellip;\" \/>\n<meta property=\"og:url\" content=\"http:\/\/denizcankizil.tr\/en\/haberler\/antalya\/alzheimer-hastalarinin-umut-evi\/\" \/>\n<meta property=\"og:site_name\" content=\"Av. Deniz Can K\u0131z\u0131l\" \/>\n<meta property=\"article:published_time\" content=\"2025-01-08T12:41:27+00:00\" \/>\n<meta property=\"og:image\" content=\"http:\/\/denizcankizil.tr\/wp-content\/uploads\/2025\/01\/4066-01-x02DIM.jpeg\" \/>\n\t<meta property=\"og:image:width\" content=\"1280\" \/>\n\t<meta property=\"og:image:height\" content=\"720\" \/>\n\t<meta property=\"og:image:type\" content=\"image\/jpeg\" \/>\n<meta name=\"author\" content=\"Av. Deniz Can K\u0131z\u0131l\" \/>\n<meta name=\"twitter:card\" content=\"summary_large_image\" \/>\n<meta name=\"twitter:label1\" content=\"Written by\" \/>\n\t<meta name=\"twitter:data1\" content=\"Av. Deniz Can K\u0131z\u0131l\" \/>\n\t<meta name=\"twitter:label2\" content=\"Estimated reading time\" \/>\n\t<meta name=\"twitter:data2\" content=\"2 minutes\" \/>\n<script type=\"application\/ld+json\" class=\"yoast-schema-graph\">{\"@context\":\"https:\/\/schema.org\",\"@graph\":[{\"@type\":\"Article\",\"@id\":\"http:\/\/denizcankizil.tr\/ru\/haberler\/antalya\/alzheimer-hastalarinin-umut-evi\/#article\",\"isPartOf\":{\"@id\":\"http:\/\/denizcankizil.tr\/ru\/haberler\/antalya\/alzheimer-hastalarinin-umut-evi\/\"},\"author\":{\"name\":\"Av. Deniz Can K\u0131z\u0131l\",\"@id\":\"https:\/\/denizcankizil.tr\/#\/schema\/person\/5dc1b22991bd7ac833867c10afc9b0ff\"},\"headline\":\"Alzheimer hastalar\u0131n\u0131n umut evi\",\"datePublished\":\"2025-01-08T12:41:27+00:00\",\"mainEntityOfPage\":{\"@id\":\"http:\/\/denizcankizil.tr\/ru\/haberler\/antalya\/alzheimer-hastalarinin-umut-evi\/\"},\"wordCount\":440,\"commentCount\":0,\"publisher\":{\"@id\":\"https:\/\/denizcankizil.tr\/#organization\"},\"image\":{\"@id\":\"http:\/\/denizcankizil.tr\/ru\/haberler\/antalya\/alzheimer-hastalarinin-umut-evi\/#primaryimage\"},\"thumbnailUrl\":\"https:\/\/denizcankizil.tr\/wp-content\/uploads\/2025\/01\/4066-01-x02DIM.jpeg\",\"articleSection\":[\"Antalya\"],\"inLanguage\":\"en-GB\",\"potentialAction\":[{\"@type\":\"CommentAction\",\"name\":\"Comment\",\"target\":[\"http:\/\/denizcankizil.tr\/ru\/haberler\/antalya\/alzheimer-hastalarinin-umut-evi\/#respond\"]}]},{\"@type\":\"WebPage\",\"@id\":\"http:\/\/denizcankizil.tr\/ru\/haberler\/antalya\/alzheimer-hastalarinin-umut-evi\/\",\"url\":\"http:\/\/denizcankizil.tr\/ru\/haberler\/antalya\/alzheimer-hastalarinin-umut-evi\/\",\"name\":\"Alzheimer hastalar\u0131n\u0131n umut evi - Av. Deniz Can K\u0131z\u0131l\",\"isPartOf\":{\"@id\":\"https:\/\/denizcankizil.tr\/#website\"},\"primaryImageOfPage\":{\"@id\":\"http:\/\/denizcankizil.tr\/ru\/haberler\/antalya\/alzheimer-hastalarinin-umut-evi\/#primaryimage\"},\"image\":{\"@id\":\"http:\/\/denizcankizil.tr\/ru\/haberler\/antalya\/alzheimer-hastalarinin-umut-evi\/#primaryimage\"},\"thumbnailUrl\":\"https:\/\/denizcankizil.tr\/wp-content\/uploads\/2025\/01\/4066-01-x02DIM.jpeg\",\"datePublished\":\"2025-01-08T12:41:27+00:00\",\"breadcrumb\":{\"@id\":\"http:\/\/denizcankizil.tr\/ru\/haberler\/antalya\/alzheimer-hastalarinin-umut-evi\/#breadcrumb\"},\"inLanguage\":\"en-GB\",\"potentialAction\":[{\"@type\":\"ReadAction\",\"target\":[\"http:\/\/denizcankizil.tr\/ru\/haberler\/antalya\/alzheimer-hastalarinin-umut-evi\/\"]}]},{\"@type\":\"ImageObject\",\"inLanguage\":\"en-GB\",\"@id\":\"http:\/\/denizcankizil.tr\/ru\/haberler\/antalya\/alzheimer-hastalarinin-umut-evi\/#primaryimage\",\"url\":\"https:\/\/denizcankizil.tr\/wp-content\/uploads\/2025\/01\/4066-01-x02DIM.jpeg\",\"contentUrl\":\"https:\/\/denizcankizil.tr\/wp-content\/uploads\/2025\/01\/4066-01-x02DIM.jpeg\",\"width\":1280,\"height\":720},{\"@type\":\"BreadcrumbList\",\"@id\":\"http:\/\/denizcankizil.tr\/ru\/haberler\/antalya\/alzheimer-hastalarinin-umut-evi\/#breadcrumb\",\"itemListElement\":[{\"@type\":\"ListItem\",\"position\":1,\"name\":\"Home\",\"item\":\"https:\/\/denizcankizil.tr\/de\/\"},{\"@type\":\"ListItem\",\"position\":2,\"name\":\"Alzheimer hastalar\u0131n\u0131n umut evi\"}]},{\"@type\":\"WebSite\",\"@id\":\"https:\/\/denizcankizil.tr\/#website\",\"url\":\"https:\/\/denizcankizil.tr\/\",\"name\":\"Av. Deniz Can K\u0131z\u0131l\",\"description\":\"Avukat Deniz Can K\u0131z\u0131l Antalya Barosu\",\"publisher\":{\"@id\":\"https:\/\/denizcankizil.tr\/#organization\"},\"potentialAction\":[{\"@type\":\"SearchAction\",\"target\":{\"@type\":\"EntryPoint\",\"urlTemplate\":\"https:\/\/denizcankizil.tr\/?s={search_term_string}\"},\"query-input\":{\"@type\":\"PropertyValueSpecification\",\"valueRequired\":true,\"valueName\":\"search_term_string\"}}],\"inLanguage\":\"en-GB\"},{\"@type\":\"Organization\",\"@id\":\"https:\/\/denizcankizil.tr\/#organization\",\"name\":\"Av. Deniz Can K\u0131z\u0131l\",\"url\":\"https:\/\/denizcankizil.tr\/\",\"logo\":{\"@type\":\"ImageObject\",\"inLanguage\":\"en-GB\",\"@id\":\"https:\/\/denizcankizil.tr\/#\/schema\/logo\/image\/\",\"url\":\"https:\/\/denizcankizil.tr\/wp-content\/uploads\/2024\/10\/siyah-logo-svg.svg\",\"contentUrl\":\"https:\/\/denizcankizil.tr\/wp-content\/uploads\/2024\/10\/siyah-logo-svg.svg\",\"width\":1080,\"height\":1080,\"caption\":\"Av. Deniz Can K\u0131z\u0131l\"},\"image\":{\"@id\":\"https:\/\/denizcankizil.tr\/#\/schema\/logo\/image\/\"}},{\"@type\":\"Person\",\"@id\":\"https:\/\/denizcankizil.tr\/#\/schema\/person\/5dc1b22991bd7ac833867c10afc9b0ff\",\"name\":\"Av. Deniz Can K\u0131z\u0131l\",\"image\":{\"@type\":\"ImageObject\",\"inLanguage\":\"en-GB\",\"@id\":\"https:\/\/denizcankizil.tr\/#\/schema\/person\/image\/\",\"url\":\"https:\/\/secure.gravatar.com\/avatar\/a0b128fb9855c79efc976d5640eedb31dc35ec297594d6016d2cf7c60e975bb6?s=96&d=mm&r=g\",\"contentUrl\":\"https:\/\/secure.gravatar.com\/avatar\/a0b128fb9855c79efc976d5640eedb31dc35ec297594d6016d2cf7c60e975bb6?s=96&d=mm&r=g\",\"caption\":\"Av. Deniz Can K\u0131z\u0131l\"},\"sameAs\":[\"http:\/\/www.denizcankizil.tr\"],\"url\":\"https:\/\/denizcankizil.tr\/en\/author\/denizcankizil\/\"}]}<\/script>\n<!-- \/ Yoast SEO Premium plugin. -->","yoast_head_json":{"title":"Alzheimer hastalar\u0131n\u0131n umut evi - Av. Deniz Can K\u0131z\u0131l","robots":{"index":"index","follow":"follow","max-snippet":"max-snippet:-1","max-image-preview":"max-image-preview:large","max-video-preview":"max-video-preview:-1"},"canonical":"http:\/\/denizcankizil.tr\/en\/haberler\/antalya\/alzheimer-hastalarinin-umut-evi\/","og_locale":"en_GB","og_type":"article","og_title":"Alzheimer hastalar\u0131n\u0131n umut evi","og_description":"Antalya B\u00fcy\u00fck\u015fehir Belediyesi\u2019nin, Alzheimer ve demans hastalar\u0131 ile hasta yak\u0131nlar\u0131na y\u00f6nelik hizmet verdi\u011fi Alzheimer Hasta ve Hasta Yak\u0131nlar\u0131 Bulu\u015fma Merkezi \u201cMavi Ev\u201d, hasta ve yak\u0131nlar\u0131na da destek olmaya devam ediyor. B\u00fcy\u00fck\u015fehir Belediyesi\u2019nin sosyal sorumluluk anlay\u0131\u015f\u0131n\u0131 temsil eden merkezde hastalara profesyonel bak\u0131m yap\u0131l\u0131p tedavi s\u00fcre\u00e7lerine destek olunurken, hasta yak\u0131nlar\u0131 da nefes alma imkan\u0131 buluyor. Uygulanan programlar sayesinde hastalar, fiziki olarak g\u00fc\u00e7lenirken, mental olarak rahatl\u0131yor. Zeka oyunlar\u0131ndan ah\u015fap boyamaya, bah\u00e7e i\u015flerinden m\u00fczikle ilgilenmeye kadar bir\u00e7ok sosyal \u00e7al\u0131\u015fman\u0131n yap\u0131ld\u0131\u011f\u0131 merkezden, hem hastalar hem de hasta yak\u0131nlar\u0131 memnuniyetini dile getiriyor. Mavi Ev seras\u0131nda sebze yeti\u015ftiriyorlar Hastalar, rehabilitasyon s\u00fcrecinin bir par\u00e7as\u0131 olarak ge\u00e7ti\u011fimiz aylarda yeniden faaliyete ge\u00e7irilen Mavi Ev seras\u0131na, salatal\u0131k, biber, marul, dereotu, maydanoz gibi fideler dikmi\u015fti. Hastalar, yine rehabilitasyon s\u00fcreci kapsam\u0131nda, olgunla\u015fmaya ba\u015flayan \u00fcr\u00fcnlerin hasad\u0131n\u0131 yapt\u0131. Toprakla ve bitkilerle u\u011fra\u015fman\u0131n keyfini ve huzurunu ya\u015fayan hastalar, kendi emekleri olan \u00fcr\u00fcnlerin de tad\u0131na bakma f\u0131rsat\u0131 buldu. Haftan\u0131n be\u015f g\u00fcn\u00fc hizmet veriliyor Antalya B\u00fcy\u00fck\u015fehir Belediyesi Alzheimer Hasta ve Hasta Yak\u0131nlar\u0131 Bulu\u015fma Merkezi Sorumlusu Gerontolog Merve K\u0131ld\u0131r, Merkez\u2019de hasta ve hasta yak\u0131nlar\u0131na \u00fccretsiz olarak hizmet verdiklerini s\u00f6yledi. K\u0131ld\u0131r, \u201cPazartesi, \u00c7ar\u015famba ve Cuma g\u00fcnleri 1. evre hastalar, Sal\u0131 ve Per\u015fembe g\u00fcnleri ise 2. evre hastalar olmak \u00fczere haftan\u0131n be\u015f g\u00fcn\u00fc hastalar\u0131m\u0131zla birlikteyiz. Hastalar\u0131m\u0131za, psikososyal destek, fizik tedavi, rehabilitasyon &hellip;","og_url":"http:\/\/denizcankizil.tr\/en\/haberler\/antalya\/alzheimer-hastalarinin-umut-evi\/","og_site_name":"Av. Deniz Can K\u0131z\u0131l","article_published_time":"2025-01-08T12:41:27+00:00","og_image":[{"width":1280,"height":720,"url":"http:\/\/denizcankizil.tr\/wp-content\/uploads\/2025\/01\/4066-01-x02DIM.jpeg","type":"image\/jpeg"}],"author":"Av. Deniz Can K\u0131z\u0131l","twitter_card":"summary_large_image","twitter_misc":{"Written by":"Av. Deniz Can K\u0131z\u0131l","Estimated reading time":"2 minutes"},"schema":{"@context":"https:\/\/schema.org","@graph":[{"@type":"Article","@id":"http:\/\/denizcankizil.tr\/ru\/haberler\/antalya\/alzheimer-hastalarinin-umut-evi\/#article","isPartOf":{"@id":"http:\/\/denizcankizil.tr\/ru\/haberler\/antalya\/alzheimer-hastalarinin-umut-evi\/"},"author":{"name":"Av. Deniz Can K\u0131z\u0131l","@id":"https:\/\/denizcankizil.tr\/#\/schema\/person\/5dc1b22991bd7ac833867c10afc9b0ff"},"headline":"Alzheimer hastalar\u0131n\u0131n umut evi","datePublished":"2025-01-08T12:41:27+00:00","mainEntityOfPage":{"@id":"http:\/\/denizcankizil.tr\/ru\/haberler\/antalya\/alzheimer-hastalarinin-umut-evi\/"},"wordCount":440,"commentCount":0,"publisher":{"@id":"https:\/\/denizcankizil.tr\/#organization"},"image":{"@id":"http:\/\/denizcankizil.tr\/ru\/haberler\/antalya\/alzheimer-hastalarinin-umut-evi\/#primaryimage"},"thumbnailUrl":"https:\/\/denizcankizil.tr\/wp-content\/uploads\/2025\/01\/4066-01-x02DIM.jpeg","articleSection":["Antalya"],"inLanguage":"en-GB","potentialAction":[{"@type":"CommentAction","name":"Comment","target":["http:\/\/denizcankizil.tr\/ru\/haberler\/antalya\/alzheimer-hastalarinin-umut-evi\/#respond"]}]},{"@type":"WebPage","@id":"http:\/\/denizcankizil.tr\/ru\/haberler\/antalya\/alzheimer-hastalarinin-umut-evi\/","url":"http:\/\/denizcankizil.tr\/ru\/haberler\/antalya\/alzheimer-hastalarinin-umut-evi\/","name":"Alzheimer hastalar\u0131n\u0131n umut evi - Av. Deniz Can K\u0131z\u0131l","isPartOf":{"@id":"https:\/\/denizcankizil.tr\/#website"},"primaryImageOfPage":{"@id":"http:\/\/denizcankizil.tr\/ru\/haberler\/antalya\/alzheimer-hastalarinin-umut-evi\/#primaryimage"},"image":{"@id":"http:\/\/denizcankizil.tr\/ru\/haberler\/antalya\/alzheimer-hastalarinin-umut-evi\/#primaryimage"},"thumbnailUrl":"https:\/\/denizcankizil.tr\/wp-content\/uploads\/2025\/01\/4066-01-x02DIM.jpeg","datePublished":"2025-01-08T12:41:27+00:00","breadcrumb":{"@id":"http:\/\/denizcankizil.tr\/ru\/haberler\/antalya\/alzheimer-hastalarinin-umut-evi\/#breadcrumb"},"inLanguage":"en-GB","potentialAction":[{"@type":"ReadAction","target":["http:\/\/denizcankizil.tr\/ru\/haberler\/antalya\/alzheimer-hastalarinin-umut-evi\/"]}]},{"@type":"ImageObject","inLanguage":"en-GB","@id":"http:\/\/denizcankizil.tr\/ru\/haberler\/antalya\/alzheimer-hastalarinin-umut-evi\/#primaryimage","url":"https:\/\/denizcankizil.tr\/wp-content\/uploads\/2025\/01\/4066-01-x02DIM.jpeg","contentUrl":"https:\/\/denizcankizil.tr\/wp-content\/uploads\/2025\/01\/4066-01-x02DIM.jpeg","width":1280,"height":720},{"@type":"BreadcrumbList","@id":"http:\/\/denizcankizil.tr\/ru\/haberler\/antalya\/alzheimer-hastalarinin-umut-evi\/#breadcrumb","itemListElement":[{"@type":"ListItem","position":1,"name":"Home","item":"https:\/\/denizcankizil.tr\/de\/"},{"@type":"ListItem","position":2,"name":"Alzheimer hastalar\u0131n\u0131n umut evi"}]},{"@type":"WebSite","@id":"https:\/\/denizcankizil.tr\/#website","url":"https:\/\/denizcankizil.tr\/","name":"Av. Deniz Can K\u0131z\u0131l","description":"Avukat Deniz Can K\u0131z\u0131l Antalya Barosu","publisher":{"@id":"https:\/\/denizcankizil.tr\/#organization"},"potentialAction":[{"@type":"SearchAction","target":{"@type":"EntryPoint","urlTemplate":"https:\/\/denizcankizil.tr\/?s={search_term_string}"},"query-input":{"@type":"PropertyValueSpecification","valueRequired":true,"valueName":"search_term_string"}}],"inLanguage":"en-GB"},{"@type":"Organization","@id":"https:\/\/denizcankizil.tr\/#organization","name":"Av. Deniz Can K\u0131z\u0131l","url":"https:\/\/denizcankizil.tr\/","logo":{"@type":"ImageObject","inLanguage":"en-GB","@id":"https:\/\/denizcankizil.tr\/#\/schema\/logo\/image\/","url":"https:\/\/denizcankizil.tr\/wp-content\/uploads\/2024\/10\/siyah-logo-svg.svg","contentUrl":"https:\/\/denizcankizil.tr\/wp-content\/uploads\/2024\/10\/siyah-logo-svg.svg","width":1080,"height":1080,"caption":"Av. Deniz Can K\u0131z\u0131l"},"image":{"@id":"https:\/\/denizcankizil.tr\/#\/schema\/logo\/image\/"}},{"@type":"Person","@id":"https:\/\/denizcankizil.tr\/#\/schema\/person\/5dc1b22991bd7ac833867c10afc9b0ff","name":"Av. Deniz Can K\u0131z\u0131l","image":{"@type":"ImageObject","inLanguage":"en-GB","@id":"https:\/\/denizcankizil.tr\/#\/schema\/person\/image\/","url":"https:\/\/secure.gravatar.com\/avatar\/a0b128fb9855c79efc976d5640eedb31dc35ec297594d6016d2cf7c60e975bb6?s=96&d=mm&r=g","contentUrl":"https:\/\/secure.gravatar.com\/avatar\/a0b128fb9855c79efc976d5640eedb31dc35ec297594d6016d2cf7c60e975bb6?s=96&d=mm&r=g","caption":"Av. Deniz Can K\u0131z\u0131l"},"sameAs":["http:\/\/www.denizcankizil.tr"],"url":"https:\/\/denizcankizil.tr\/en\/author\/denizcankizil\/"}]}},"_links":{"self":[{"href":"https:\/\/denizcankizil.tr\/en\/wp-json\/wp\/v2\/posts\/24506","targetHints":{"allow":["GET"]}}],"collection":[{"href":"https:\/\/denizcankizil.tr\/en\/wp-json\/wp\/v2\/posts"}],"about":[{"href":"https:\/\/denizcankizil.tr\/en\/wp-json\/wp\/v2\/types\/post"}],"author":[{"embeddable":true,"href":"https:\/\/denizcankizil.tr\/en\/wp-json\/wp\/v2\/users\/4"}],"replies":[{"embeddable":true,"href":"https:\/\/denizcankizil.tr\/en\/wp-json\/wp\/v2\/comments?post=24506"}],"version-history":[{"count":0,"href":"https:\/\/denizcankizil.tr\/en\/wp-json\/wp\/v2\/posts\/24506\/revisions"}],"wp:featuredmedia":[{"embeddable":true,"href":"https:\/\/denizcankizil.tr\/en\/wp-json\/wp\/v2\/media\/24507"}],"wp:attachment":[{"href":"https:\/\/denizcankizil.tr\/en\/wp-json\/wp\/v2\/media?parent=24506"}],"wp:term":[{"taxonomy":"category","embeddable":true,"href":"https:\/\/denizcankizil.tr\/en\/wp-json\/wp\/v2\/categories?post=24506"},{"taxonomy":"post_tag","embeddable":true,"href":"https:\/\/denizcankizil.tr\/en\/wp-json\/wp\/v2\/tags?post=24506"}],"curies":[{"name":"wp","href":"https:\/\/api.w.org\/{rel}","templated":true}]}}