{"id":24124,"date":"2025-01-06T15:41:16","date_gmt":"2025-01-06T12:41:16","guid":{"rendered":"https:\/\/denizcankizil.tr\/uncategorized-tr\/42-yasindaki-adam-evinde-olu-bulundu\/"},"modified":"2025-01-06T15:41:16","modified_gmt":"2025-01-06T12:41:16","slug":"42-yasindaki-adam-evinde-olu-bulundu","status":"publish","type":"post","link":"https:\/\/denizcankizil.tr\/en\/haberler\/antalya\/42-yasindaki-adam-evinde-olu-bulundu\/","title":{"rendered":"42 ya\u015f\u0131ndaki adam evinde \u00f6l\u00fc bulundu"},"content":{"rendered":"<p>Olay, saat 09.50 s\u0131ralar\u0131nda Kepez il\u00e7esi Ayano\u011flu Mahallesi 1802 Sokak \u00fczerinde yer alan tek katl\u0131 evde meydana geldi. Telefonla Ramazan Onat&#8217;a ula\u015fmaya \u00e7al\u0131\u015fan ve haber alamayan yak\u0131nlar\u0131 eve geldi. Kap\u0131y\u0131 \u00e7almalar\u0131na ra\u011fmen cevap alamayan yak\u0131nlar\u0131, durumu 112 Acil \u00c7a\u011fr\u0131 Merkezi&#8217;ne bildirdi. \u0130hbarla adrese ekipler sevk edildi. K\u0131sa s\u00fcrede olay yerine ula\u015fan polis ve sa\u011fl\u0131k ekibi kap\u0131n\u0131n a\u00e7\u0131lmas\u0131yla i\u00e7eri girdi. Sa\u011fl\u0131k ekibinin yapt\u0131\u011f\u0131 incelemede, hareketsiz yatan Ramazan Onat&#8217;\u0131n hayat\u0131n\u0131 kaybetti\u011fi belirlendi.<\/p>\n<p>Belediye tabibinin \u00f6l\u00fcm\u00fc \u015f\u00fcpheli bulmas\u0131 \u00fczerine savc\u0131l\u0131k ve olay yeri inceleme ekiplerinin \u00e7al\u0131\u015fmas\u0131n\u0131n ard\u0131ndan Onat&#8217;\u0131n cans\u0131z bedeni Antalya Adli T\u0131p Kurumu Morgu&#8217;na kald\u0131r\u0131ld\u0131. Adrese gelen Onat&#8217;\u0131n yak\u0131nlar\u0131 b\u00fcy\u00fck \u00fcz\u00fcnt\u00fc ya\u015fad\u0131. Panjur i\u015fleriyle u\u011fra\u015fan Onat&#8217;\u0131n tek ya\u015fad\u0131\u011f\u0131, 4 Ocak g\u00fcn\u00fc do\u011fum g\u00fcn\u00fc oldu\u011fu \u00f6\u011frenildi.<\/p>\n<p>Kaynak: www.kanalv.com.tr Haber Sitesinden Al\u0131nm\u0131\u015ft\u0131r.<\/p>","protected":false},"excerpt":{"rendered":"<p>Olay, saat 09.50 s\u0131ralar\u0131nda Kepez il\u00e7esi Ayano\u011flu Mahallesi 1802 Sokak \u00fczerinde yer alan tek katl\u0131 evde meydana geldi. Telefonla Ramazan Onat&#8217;a ula\u015fmaya \u00e7al\u0131\u015fan ve haber alamayan yak\u0131nlar\u0131 eve geldi. Kap\u0131y\u0131 \u00e7almalar\u0131na ra\u011fmen cevap alamayan yak\u0131nlar\u0131, durumu 112 Acil \u00c7a\u011fr\u0131 Merkezi&#8217;ne bildirdi. \u0130hbarla adrese ekipler sevk edildi. K\u0131sa s\u00fcrede olay yerine ula\u015fan polis ve sa\u011fl\u0131k ekibi kap\u0131n\u0131n a\u00e7\u0131lmas\u0131yla i\u00e7eri girdi. Sa\u011fl\u0131k ekibinin yapt\u0131\u011f\u0131 incelemede, hareketsiz yatan Ramazan Onat&#8217;\u0131n hayat\u0131n\u0131 kaybetti\u011fi belirlendi. Belediye tabibinin \u00f6l\u00fcm\u00fc \u015f\u00fcpheli bulmas\u0131 \u00fczerine savc\u0131l\u0131k ve olay yeri inceleme ekiplerinin \u00e7al\u0131\u015fmas\u0131n\u0131n ard\u0131ndan Onat&#8217;\u0131n cans\u0131z bedeni Antalya Adli T\u0131p Kurumu Morgu&#8217;na kald\u0131r\u0131ld\u0131. Adrese gelen Onat&#8217;\u0131n yak\u0131nlar\u0131 b\u00fcy\u00fck \u00fcz\u00fcnt\u00fc ya\u015fad\u0131. Panjur i\u015fleriyle u\u011fra\u015fan Onat&#8217;\u0131n tek ya\u015fad\u0131\u011f\u0131, 4 Ocak g\u00fcn\u00fc do\u011fum g\u00fcn\u00fc oldu\u011fu \u00f6\u011frenildi. Kaynak: www.kanalv.com.tr Haber Sitesinden Al\u0131nm\u0131\u015ft\u0131r.<\/p>","protected":false},"author":0,"featured_media":24125,"comment_status":"open","ping_status":"open","sticky":false,"template":"","format":"standard","meta":{"_acf_changed":false,"footnotes":""},"categories":[26,535],"tags":[],"class_list":["post-24124","post","type-post","status-publish","format-standard","has-post-thumbnail","hentry","category-antalya","category-uncategorized-tr"],"acf":[],"yoast_head":"<!-- This site is optimized with the Yoast SEO Premium plugin v26.6 (Yoast SEO v27.1.1) - https:\/\/yoast.com\/product\/yoast-seo-premium-wordpress\/ -->\n<title>42 ya\u015f\u0131ndaki adam evinde \u00f6l\u00fc bulundu - Av. Deniz Can K\u0131z\u0131l<\/title>\n<meta name=\"robots\" content=\"index, follow, max-snippet:-1, max-image-preview:large, max-video-preview:-1\" \/>\n<link rel=\"canonical\" href=\"https:\/\/denizcankizil.tr\/en\/haberler\/antalya\/42-yasindaki-adam-evinde-olu-bulundu\/\" \/>\n<meta property=\"og:locale\" content=\"en_GB\" \/>\n<meta property=\"og:type\" content=\"article\" \/>\n<meta property=\"og:title\" content=\"42 ya\u015f\u0131ndaki adam evinde \u00f6l\u00fc bulundu\" \/>\n<meta property=\"og:description\" content=\"Olay, saat 09.50 s\u0131ralar\u0131nda Kepez il\u00e7esi Ayano\u011flu Mahallesi 1802 Sokak \u00fczerinde yer alan tek katl\u0131 evde meydana geldi. Telefonla Ramazan Onat&#8217;a ula\u015fmaya \u00e7al\u0131\u015fan ve haber alamayan yak\u0131nlar\u0131 eve geldi. Kap\u0131y\u0131 \u00e7almalar\u0131na ra\u011fmen cevap alamayan yak\u0131nlar\u0131, durumu 112 Acil \u00c7a\u011fr\u0131 Merkezi&#8217;ne bildirdi. \u0130hbarla adrese ekipler sevk edildi. K\u0131sa s\u00fcrede olay yerine ula\u015fan polis ve sa\u011fl\u0131k ekibi kap\u0131n\u0131n a\u00e7\u0131lmas\u0131yla i\u00e7eri girdi. Sa\u011fl\u0131k ekibinin yapt\u0131\u011f\u0131 incelemede, hareketsiz yatan Ramazan Onat&#8217;\u0131n hayat\u0131n\u0131 kaybetti\u011fi belirlendi. Belediye tabibinin \u00f6l\u00fcm\u00fc \u015f\u00fcpheli bulmas\u0131 \u00fczerine savc\u0131l\u0131k ve olay yeri inceleme ekiplerinin \u00e7al\u0131\u015fmas\u0131n\u0131n ard\u0131ndan Onat&#8217;\u0131n cans\u0131z bedeni Antalya Adli T\u0131p Kurumu Morgu&#8217;na kald\u0131r\u0131ld\u0131. Adrese gelen Onat&#8217;\u0131n yak\u0131nlar\u0131 b\u00fcy\u00fck \u00fcz\u00fcnt\u00fc ya\u015fad\u0131. Panjur i\u015fleriyle u\u011fra\u015fan Onat&#8217;\u0131n tek ya\u015fad\u0131\u011f\u0131, 4 Ocak g\u00fcn\u00fc do\u011fum g\u00fcn\u00fc oldu\u011fu \u00f6\u011frenildi. Kaynak: www.kanalv.com.tr Haber Sitesinden Al\u0131nm\u0131\u015ft\u0131r.\" \/>\n<meta property=\"og:url\" content=\"https:\/\/denizcankizil.tr\/en\/haberler\/antalya\/42-yasindaki-adam-evinde-olu-bulundu\/\" \/>\n<meta property=\"og:site_name\" content=\"Av. Deniz Can K\u0131z\u0131l\" \/>\n<meta property=\"article:published_time\" content=\"2025-01-06T12:41:16+00:00\" \/>\n<meta property=\"og:image\" content=\"https:\/\/denizcankizil.tr\/wp-content\/uploads\/2025\/01\/4029-01-Vuqvkt.jpeg\" \/>\n\t<meta property=\"og:image:width\" content=\"1280\" \/>\n\t<meta property=\"og:image:height\" content=\"720\" \/>\n\t<meta property=\"og:image:type\" content=\"image\/jpeg\" \/>\n<meta name=\"twitter:card\" content=\"summary_large_image\" \/>\n<meta name=\"twitter:label1\" content=\"Estimated reading time\" \/>\n\t<meta name=\"twitter:data1\" content=\"1 minute\" \/>\n<script type=\"application\/ld+json\" class=\"yoast-schema-graph\">{\"@context\":\"https:\/\/schema.org\",\"@graph\":[{\"@type\":\"Article\",\"@id\":\"https:\/\/denizcankizil.tr\/en\/haberler\/antalya\/42-yasindaki-adam-evinde-olu-bulundu\/#article\",\"isPartOf\":{\"@id\":\"https:\/\/denizcankizil.tr\/en\/haberler\/antalya\/42-yasindaki-adam-evinde-olu-bulundu\/\"},\"author\":{\"name\":\"\",\"@id\":\"\"},\"headline\":\"42 ya\u015f\u0131ndaki adam evinde \u00f6l\u00fc bulundu\",\"datePublished\":\"2025-01-06T12:41:16+00:00\",\"mainEntityOfPage\":{\"@id\":\"https:\/\/denizcankizil.tr\/en\/haberler\/antalya\/42-yasindaki-adam-evinde-olu-bulundu\/\"},\"wordCount\":183,\"commentCount\":0,\"publisher\":{\"@id\":\"https:\/\/denizcankizil.tr\/de\/#organization\"},\"image\":{\"@id\":\"https:\/\/denizcankizil.tr\/en\/haberler\/antalya\/42-yasindaki-adam-evinde-olu-bulundu\/#primaryimage\"},\"thumbnailUrl\":\"https:\/\/denizcankizil.tr\/wp-content\/uploads\/2025\/01\/4029-01-Vuqvkt.jpeg\",\"articleSection\":[\"Antalya\",\"Uncategorized\"],\"inLanguage\":\"en-GB\",\"potentialAction\":[{\"@type\":\"CommentAction\",\"name\":\"Comment\",\"target\":[\"https:\/\/denizcankizil.tr\/en\/haberler\/antalya\/42-yasindaki-adam-evinde-olu-bulundu\/#respond\"]}]},{\"@type\":\"WebPage\",\"@id\":\"https:\/\/denizcankizil.tr\/en\/haberler\/antalya\/42-yasindaki-adam-evinde-olu-bulundu\/\",\"url\":\"https:\/\/denizcankizil.tr\/en\/haberler\/antalya\/42-yasindaki-adam-evinde-olu-bulundu\/\",\"name\":\"42 ya\u015f\u0131ndaki adam evinde \u00f6l\u00fc bulundu - Av. Deniz Can K\u0131z\u0131l\",\"isPartOf\":{\"@id\":\"https:\/\/denizcankizil.tr\/de\/#website\"},\"primaryImageOfPage\":{\"@id\":\"https:\/\/denizcankizil.tr\/en\/haberler\/antalya\/42-yasindaki-adam-evinde-olu-bulundu\/#primaryimage\"},\"image\":{\"@id\":\"https:\/\/denizcankizil.tr\/en\/haberler\/antalya\/42-yasindaki-adam-evinde-olu-bulundu\/#primaryimage\"},\"thumbnailUrl\":\"https:\/\/denizcankizil.tr\/wp-content\/uploads\/2025\/01\/4029-01-Vuqvkt.jpeg\",\"datePublished\":\"2025-01-06T12:41:16+00:00\",\"breadcrumb\":{\"@id\":\"https:\/\/denizcankizil.tr\/en\/haberler\/antalya\/42-yasindaki-adam-evinde-olu-bulundu\/#breadcrumb\"},\"inLanguage\":\"en-GB\",\"potentialAction\":[{\"@type\":\"ReadAction\",\"target\":[\"https:\/\/denizcankizil.tr\/en\/haberler\/antalya\/42-yasindaki-adam-evinde-olu-bulundu\/\"]}]},{\"@type\":\"ImageObject\",\"inLanguage\":\"en-GB\",\"@id\":\"https:\/\/denizcankizil.tr\/en\/haberler\/antalya\/42-yasindaki-adam-evinde-olu-bulundu\/#primaryimage\",\"url\":\"https:\/\/denizcankizil.tr\/wp-content\/uploads\/2025\/01\/4029-01-Vuqvkt.jpeg\",\"contentUrl\":\"https:\/\/denizcankizil.tr\/wp-content\/uploads\/2025\/01\/4029-01-Vuqvkt.jpeg\",\"width\":1280,\"height\":720},{\"@type\":\"BreadcrumbList\",\"@id\":\"https:\/\/denizcankizil.tr\/en\/haberler\/antalya\/42-yasindaki-adam-evinde-olu-bulundu\/#breadcrumb\",\"itemListElement\":[{\"@type\":\"ListItem\",\"position\":1,\"name\":\"Home\",\"item\":\"https:\/\/denizcankizil.tr\/de\/\"},{\"@type\":\"ListItem\",\"position\":2,\"name\":\"42 ya\u015f\u0131ndaki adam evinde \u00f6l\u00fc bulundu\"}]},{\"@type\":\"WebSite\",\"@id\":\"https:\/\/denizcankizil.tr\/de\/#website\",\"url\":\"https:\/\/denizcankizil.tr\/de\/\",\"name\":\"Av. Deniz Can K\u0131z\u0131l\",\"description\":\"Avukat Deniz Can K\u0131z\u0131l Antalya Barosu\",\"publisher\":{\"@id\":\"https:\/\/denizcankizil.tr\/de\/#organization\"},\"potentialAction\":[{\"@type\":\"SearchAction\",\"target\":{\"@type\":\"EntryPoint\",\"urlTemplate\":\"https:\/\/denizcankizil.tr\/de\/?s={search_term_string}\"},\"query-input\":{\"@type\":\"PropertyValueSpecification\",\"valueRequired\":true,\"valueName\":\"search_term_string\"}}],\"inLanguage\":\"en-GB\"},{\"@type\":\"Organization\",\"@id\":\"https:\/\/denizcankizil.tr\/de\/#organization\",\"name\":\"Av. Deniz Can K\u0131z\u0131l\",\"url\":\"https:\/\/denizcankizil.tr\/de\/\",\"logo\":{\"@type\":\"ImageObject\",\"inLanguage\":\"en-GB\",\"@id\":\"https:\/\/denizcankizil.tr\/de\/#\/schema\/logo\/image\/\",\"url\":\"https:\/\/denizcankizil.tr\/wp-content\/uploads\/2024\/10\/siyah-logo-svg.svg\",\"contentUrl\":\"https:\/\/denizcankizil.tr\/wp-content\/uploads\/2024\/10\/siyah-logo-svg.svg\",\"width\":1080,\"height\":1080,\"caption\":\"Av. Deniz Can K\u0131z\u0131l\"},\"image\":{\"@id\":\"https:\/\/denizcankizil.tr\/de\/#\/schema\/logo\/image\/\"}}]}<\/script>\n<!-- \/ Yoast SEO Premium plugin. -->","yoast_head_json":{"title":"42 ya\u015f\u0131ndaki adam evinde \u00f6l\u00fc bulundu - Av. Deniz Can K\u0131z\u0131l","robots":{"index":"index","follow":"follow","max-snippet":"max-snippet:-1","max-image-preview":"max-image-preview:large","max-video-preview":"max-video-preview:-1"},"canonical":"https:\/\/denizcankizil.tr\/en\/haberler\/antalya\/42-yasindaki-adam-evinde-olu-bulundu\/","og_locale":"en_GB","og_type":"article","og_title":"42 ya\u015f\u0131ndaki adam evinde \u00f6l\u00fc bulundu","og_description":"Olay, saat 09.50 s\u0131ralar\u0131nda Kepez il\u00e7esi Ayano\u011flu Mahallesi 1802 Sokak \u00fczerinde yer alan tek katl\u0131 evde meydana geldi. Telefonla Ramazan Onat&#8217;a ula\u015fmaya \u00e7al\u0131\u015fan ve haber alamayan yak\u0131nlar\u0131 eve geldi. Kap\u0131y\u0131 \u00e7almalar\u0131na ra\u011fmen cevap alamayan yak\u0131nlar\u0131, durumu 112 Acil \u00c7a\u011fr\u0131 Merkezi&#8217;ne bildirdi. \u0130hbarla adrese ekipler sevk edildi. K\u0131sa s\u00fcrede olay yerine ula\u015fan polis ve sa\u011fl\u0131k ekibi kap\u0131n\u0131n a\u00e7\u0131lmas\u0131yla i\u00e7eri girdi. Sa\u011fl\u0131k ekibinin yapt\u0131\u011f\u0131 incelemede, hareketsiz yatan Ramazan Onat&#8217;\u0131n hayat\u0131n\u0131 kaybetti\u011fi belirlendi. Belediye tabibinin \u00f6l\u00fcm\u00fc \u015f\u00fcpheli bulmas\u0131 \u00fczerine savc\u0131l\u0131k ve olay yeri inceleme ekiplerinin \u00e7al\u0131\u015fmas\u0131n\u0131n ard\u0131ndan Onat&#8217;\u0131n cans\u0131z bedeni Antalya Adli T\u0131p Kurumu Morgu&#8217;na kald\u0131r\u0131ld\u0131. Adrese gelen Onat&#8217;\u0131n yak\u0131nlar\u0131 b\u00fcy\u00fck \u00fcz\u00fcnt\u00fc ya\u015fad\u0131. Panjur i\u015fleriyle u\u011fra\u015fan Onat&#8217;\u0131n tek ya\u015fad\u0131\u011f\u0131, 4 Ocak g\u00fcn\u00fc do\u011fum g\u00fcn\u00fc oldu\u011fu \u00f6\u011frenildi. Kaynak: www.kanalv.com.tr Haber Sitesinden Al\u0131nm\u0131\u015ft\u0131r.","og_url":"https:\/\/denizcankizil.tr\/en\/haberler\/antalya\/42-yasindaki-adam-evinde-olu-bulundu\/","og_site_name":"Av. Deniz Can K\u0131z\u0131l","article_published_time":"2025-01-06T12:41:16+00:00","og_image":[{"width":1280,"height":720,"url":"https:\/\/denizcankizil.tr\/wp-content\/uploads\/2025\/01\/4029-01-Vuqvkt.jpeg","type":"image\/jpeg"}],"twitter_card":"summary_large_image","twitter_misc":{"Estimated reading time":"1 minute"},"schema":{"@context":"https:\/\/schema.org","@graph":[{"@type":"Article","@id":"https:\/\/denizcankizil.tr\/en\/haberler\/antalya\/42-yasindaki-adam-evinde-olu-bulundu\/#article","isPartOf":{"@id":"https:\/\/denizcankizil.tr\/en\/haberler\/antalya\/42-yasindaki-adam-evinde-olu-bulundu\/"},"author":{"name":"","@id":""},"headline":"42 ya\u015f\u0131ndaki adam evinde \u00f6l\u00fc bulundu","datePublished":"2025-01-06T12:41:16+00:00","mainEntityOfPage":{"@id":"https:\/\/denizcankizil.tr\/en\/haberler\/antalya\/42-yasindaki-adam-evinde-olu-bulundu\/"},"wordCount":183,"commentCount":0,"publisher":{"@id":"https:\/\/denizcankizil.tr\/de\/#organization"},"image":{"@id":"https:\/\/denizcankizil.tr\/en\/haberler\/antalya\/42-yasindaki-adam-evinde-olu-bulundu\/#primaryimage"},"thumbnailUrl":"https:\/\/denizcankizil.tr\/wp-content\/uploads\/2025\/01\/4029-01-Vuqvkt.jpeg","articleSection":["Antalya","Uncategorized"],"inLanguage":"en-GB","potentialAction":[{"@type":"CommentAction","name":"Comment","target":["https:\/\/denizcankizil.tr\/en\/haberler\/antalya\/42-yasindaki-adam-evinde-olu-bulundu\/#respond"]}]},{"@type":"WebPage","@id":"https:\/\/denizcankizil.tr\/en\/haberler\/antalya\/42-yasindaki-adam-evinde-olu-bulundu\/","url":"https:\/\/denizcankizil.tr\/en\/haberler\/antalya\/42-yasindaki-adam-evinde-olu-bulundu\/","name":"42 ya\u015f\u0131ndaki adam evinde \u00f6l\u00fc bulundu - Av. Deniz Can K\u0131z\u0131l","isPartOf":{"@id":"https:\/\/denizcankizil.tr\/de\/#website"},"primaryImageOfPage":{"@id":"https:\/\/denizcankizil.tr\/en\/haberler\/antalya\/42-yasindaki-adam-evinde-olu-bulundu\/#primaryimage"},"image":{"@id":"https:\/\/denizcankizil.tr\/en\/haberler\/antalya\/42-yasindaki-adam-evinde-olu-bulundu\/#primaryimage"},"thumbnailUrl":"https:\/\/denizcankizil.tr\/wp-content\/uploads\/2025\/01\/4029-01-Vuqvkt.jpeg","datePublished":"2025-01-06T12:41:16+00:00","breadcrumb":{"@id":"https:\/\/denizcankizil.tr\/en\/haberler\/antalya\/42-yasindaki-adam-evinde-olu-bulundu\/#breadcrumb"},"inLanguage":"en-GB","potentialAction":[{"@type":"ReadAction","target":["https:\/\/denizcankizil.tr\/en\/haberler\/antalya\/42-yasindaki-adam-evinde-olu-bulundu\/"]}]},{"@type":"ImageObject","inLanguage":"en-GB","@id":"https:\/\/denizcankizil.tr\/en\/haberler\/antalya\/42-yasindaki-adam-evinde-olu-bulundu\/#primaryimage","url":"https:\/\/denizcankizil.tr\/wp-content\/uploads\/2025\/01\/4029-01-Vuqvkt.jpeg","contentUrl":"https:\/\/denizcankizil.tr\/wp-content\/uploads\/2025\/01\/4029-01-Vuqvkt.jpeg","width":1280,"height":720},{"@type":"BreadcrumbList","@id":"https:\/\/denizcankizil.tr\/en\/haberler\/antalya\/42-yasindaki-adam-evinde-olu-bulundu\/#breadcrumb","itemListElement":[{"@type":"ListItem","position":1,"name":"Home","item":"https:\/\/denizcankizil.tr\/de\/"},{"@type":"ListItem","position":2,"name":"42 ya\u015f\u0131ndaki adam evinde \u00f6l\u00fc bulundu"}]},{"@type":"WebSite","@id":"https:\/\/denizcankizil.tr\/de\/#website","url":"https:\/\/denizcankizil.tr\/de\/","name":"Av. Deniz Can K\u0131z\u0131l","description":"Avukat Deniz Can K\u0131z\u0131l Antalya Barosu","publisher":{"@id":"https:\/\/denizcankizil.tr\/de\/#organization"},"potentialAction":[{"@type":"SearchAction","target":{"@type":"EntryPoint","urlTemplate":"https:\/\/denizcankizil.tr\/de\/?s={search_term_string}"},"query-input":{"@type":"PropertyValueSpecification","valueRequired":true,"valueName":"search_term_string"}}],"inLanguage":"en-GB"},{"@type":"Organization","@id":"https:\/\/denizcankizil.tr\/de\/#organization","name":"Av. Deniz Can K\u0131z\u0131l","url":"https:\/\/denizcankizil.tr\/de\/","logo":{"@type":"ImageObject","inLanguage":"en-GB","@id":"https:\/\/denizcankizil.tr\/de\/#\/schema\/logo\/image\/","url":"https:\/\/denizcankizil.tr\/wp-content\/uploads\/2024\/10\/siyah-logo-svg.svg","contentUrl":"https:\/\/denizcankizil.tr\/wp-content\/uploads\/2024\/10\/siyah-logo-svg.svg","width":1080,"height":1080,"caption":"Av. Deniz Can K\u0131z\u0131l"},"image":{"@id":"https:\/\/denizcankizil.tr\/de\/#\/schema\/logo\/image\/"}}]}},"_links":{"self":[{"href":"https:\/\/denizcankizil.tr\/en\/wp-json\/wp\/v2\/posts\/24124","targetHints":{"allow":["GET"]}}],"collection":[{"href":"https:\/\/denizcankizil.tr\/en\/wp-json\/wp\/v2\/posts"}],"about":[{"href":"https:\/\/denizcankizil.tr\/en\/wp-json\/wp\/v2\/types\/post"}],"replies":[{"embeddable":true,"href":"https:\/\/denizcankizil.tr\/en\/wp-json\/wp\/v2\/comments?post=24124"}],"version-history":[{"count":0,"href":"https:\/\/denizcankizil.tr\/en\/wp-json\/wp\/v2\/posts\/24124\/revisions"}],"wp:featuredmedia":[{"embeddable":true,"href":"https:\/\/denizcankizil.tr\/en\/wp-json\/wp\/v2\/media\/24125"}],"wp:attachment":[{"href":"https:\/\/denizcankizil.tr\/en\/wp-json\/wp\/v2\/media?parent=24124"}],"wp:term":[{"taxonomy":"category","embeddable":true,"href":"https:\/\/denizcankizil.tr\/en\/wp-json\/wp\/v2\/categories?post=24124"},{"taxonomy":"post_tag","embeddable":true,"href":"https:\/\/denizcankizil.tr\/en\/wp-json\/wp\/v2\/tags?post=24124"}],"curies":[{"name":"wp","href":"https:\/\/api.w.org\/{rel}","templated":true}]}}