{"id":23654,"date":"2025-01-03T15:41:39","date_gmt":"2025-01-03T12:41:39","guid":{"rendered":"https:\/\/denizcankizil.tr\/uncategorized-tr\/iskenderun-ziraat-park-ogrencileri-agirladi\/"},"modified":"2025-01-03T15:41:39","modified_gmt":"2025-01-03T12:41:39","slug":"iskenderun-ziraat-park-ogrencileri-agirladi","status":"publish","type":"post","link":"https:\/\/denizcankizil.tr\/en\/haberler\/gundem\/iskenderun-ziraat-park-ogrencileri-agirladi\/","title":{"rendered":"\u0130skenderun Ziraat Park, \u00d6\u011frencileri A\u011f\u0131rlad\u0131"},"content":{"rendered":"<p>Etkinli\u011fe, \u0130l\u00e7e Tar\u0131m M\u00fcd\u00fcr\u00fc Sinan U\u011furlu, \u0130l\u00e7e Milli E\u011fitim M\u00fcd\u00fcr\u00fc Ali Haytaz, Tar\u0131m M\u00fcd\u00fcrl\u00fc\u011f\u00fc Ziraat M\u00fchendisi Filiz Gidemen ve ekibi, \u0130skenderun Belediyesi Park ve Bah\u00e7eler M\u00fcd\u00fcrl\u00fc\u011f\u00fc\u2019nde g\u00f6revli Ziraat M\u00fchendisi Ayten Sara\u00e7o\u011flu ile Akarca Ray Sigorta Umut \u0130lkokulu ve Ak\u00e7ay \u0130lkokulu 4. s\u0131n\u0131f \u00f6\u011frencileri kat\u0131ld\u0131.<\/p>\n<p>\u00c7ocuklar Tar\u0131mla Bulu\u015ftu<\/p>\n<p>Program kapsam\u0131nda \u00f6\u011frenciler, mandalina, limon ve portakal a\u011fa\u00e7lar\u0131n\u0131n bulundu\u011fu bah\u00e7eleri gezerek tar\u0131m \u00fcr\u00fcnlerini yak\u0131ndan tan\u0131ma f\u0131rsat\u0131 buldu. Tar\u0131m ve Milli E\u011fitim M\u00fcd\u00fcrl\u00fc\u011f\u00fc yetkilileri, \u00f6\u011frencilere organik tar\u0131m ve su tasarrufu hakk\u0131nda bilgiler verdi.<\/p>\n<p>Tar\u0131m M\u00fcd\u00fcrl\u00fc\u011f\u00fc Ziraat M\u00fchendisi Filiz Gidemen, \u00e7ocuklar\u0131n teknolojiden bir nebze olsun uzakla\u015f\u0131p tar\u0131m \u00fcr\u00fcnlerini tan\u0131malar\u0131 ve bu alandaki bilgilerini g\u00fc\u00e7lendirmeleri i\u00e7in projenin \u00f6nemli bir ad\u0131m oldu\u011funu vurgulad\u0131.<\/p>\n<p>\u0130l\u00e7e Tar\u0131m M\u00fcd\u00fcr\u00fc Sinan U\u011furlu ise \u00e7ocuklara tar\u0131msal faaliyetlerle ilgili uygulamal\u0131 bilgiler verdiklerini belirterek, gelece\u011fin tar\u0131m bilincine sahip bireylerinin bu t\u00fcr projelerle yeti\u015ftirilece\u011fini ifade etti.<\/p>\n<p>\u0130l\u00e7e Milli E\u011fitim M\u00fcd\u00fcr\u00fc Ali Haytaz da \u201cBu proje, \u00f6\u011frencilerimizin yaparak ve g\u00f6rerek \u00f6\u011frenmelerine \u00f6nemli katk\u0131 sa\u011fl\u0131yor,\u201d diyerek projeye destek verdiklerini s\u00f6yledi.<\/p>\n<p>E\u011flenceli ve E\u011fitici Bir G\u00fcn<\/p>\n<p>Etkinlik kapsam\u0131nda \u00f6\u011frenciler, a\u011fa\u00e7lardan mandalina ve portakal toplayarak do\u011fayla i\u00e7 i\u00e7e vakit ge\u00e7irdi. \u00d6\u011frenciler, toplad\u0131klar\u0131 meyveleri yerinde tatma \u015fans\u0131 yakalad\u0131. Program\u0131n sonunda, \u0130skenderun Belediyesi taraf\u0131ndan \u00f6\u011frencilere portakal suyu ve m\u0131s\u0131r ikram edildi.<\/p>\n<p>Hem e\u011fitici hem de e\u011flenceli ge\u00e7en etkinlik, \u00e7ocuklara unutulmaz bir tar\u0131m deneyimi sunarken, tar\u0131msal bilincin erken ya\u015flarda kazand\u0131r\u0131lmas\u0131 ad\u0131na \u00f6nemli bir ad\u0131m olarak de\u011ferlendirildi.<\/p>\n<p>\u200b\u0130skenderun \u0130l\u00e7e Tar\u0131m ve Orman M\u00fcd\u00fcrl\u00fc\u011f\u00fc ile \u0130l\u00e7e Milli E\u011fitim M\u00fcd\u00fcrl\u00fc\u011f\u00fc\u2019n\u00fcn ortakla\u015fa ger\u00e7ekle\u015ftirdi\u011fi &#8220;Tar\u0131m\u0131n Gelece\u011fi \u00c7ocuklar\u0131m\u0131z\u0131n Ellerinde&#8221; projesi kapsam\u0131nda \u00f6\u011frenciler, \u0130skenderun Ziraat Park\u2019ta bir araya geldi.\u00a0<\/p>\n<p>\u200bHaberin Al\u0131nt\u0131land\u0131\u011f\u0131 Kaynak: www.iskenderun.org<\/p>","protected":false},"excerpt":{"rendered":"<p>Etkinli\u011fe, \u0130l\u00e7e Tar\u0131m M\u00fcd\u00fcr\u00fc Sinan U\u011furlu, \u0130l\u00e7e Milli E\u011fitim M\u00fcd\u00fcr\u00fc Ali Haytaz, Tar\u0131m M\u00fcd\u00fcrl\u00fc\u011f\u00fc Ziraat M\u00fchendisi Filiz Gidemen ve ekibi, \u0130skenderun Belediyesi Park ve Bah\u00e7eler M\u00fcd\u00fcrl\u00fc\u011f\u00fc\u2019nde g\u00f6revli Ziraat M\u00fchendisi Ayten Sara\u00e7o\u011flu ile Akarca Ray Sigorta Umut \u0130lkokulu ve Ak\u00e7ay \u0130lkokulu 4. s\u0131n\u0131f \u00f6\u011frencileri kat\u0131ld\u0131. \u00c7ocuklar Tar\u0131mla Bulu\u015ftu Program kapsam\u0131nda \u00f6\u011frenciler, mandalina, limon ve portakal a\u011fa\u00e7lar\u0131n\u0131n bulundu\u011fu bah\u00e7eleri gezerek tar\u0131m \u00fcr\u00fcnlerini yak\u0131ndan tan\u0131ma f\u0131rsat\u0131 buldu. Tar\u0131m ve Milli E\u011fitim M\u00fcd\u00fcrl\u00fc\u011f\u00fc yetkilileri, \u00f6\u011frencilere organik tar\u0131m ve su tasarrufu hakk\u0131nda bilgiler verdi. Tar\u0131m M\u00fcd\u00fcrl\u00fc\u011f\u00fc Ziraat M\u00fchendisi Filiz Gidemen, \u00e7ocuklar\u0131n teknolojiden bir nebze olsun uzakla\u015f\u0131p tar\u0131m \u00fcr\u00fcnlerini tan\u0131malar\u0131 ve bu alandaki bilgilerini g\u00fc\u00e7lendirmeleri i\u00e7in projenin \u00f6nemli bir ad\u0131m oldu\u011funu vurgulad\u0131. \u0130l\u00e7e Tar\u0131m M\u00fcd\u00fcr\u00fc Sinan U\u011furlu ise \u00e7ocuklara tar\u0131msal faaliyetlerle ilgili uygulamal\u0131 bilgiler verdiklerini belirterek, gelece\u011fin tar\u0131m bilincine sahip bireylerinin bu t\u00fcr projelerle yeti\u015ftirilece\u011fini ifade etti. \u0130l\u00e7e Milli E\u011fitim M\u00fcd\u00fcr\u00fc Ali Haytaz da \u201cBu proje, \u00f6\u011frencilerimizin yaparak ve g\u00f6rerek \u00f6\u011frenmelerine \u00f6nemli katk\u0131 sa\u011fl\u0131yor,\u201d diyerek projeye destek verdiklerini s\u00f6yledi. E\u011flenceli ve E\u011fitici Bir G\u00fcn Etkinlik kapsam\u0131nda \u00f6\u011frenciler, a\u011fa\u00e7lardan mandalina ve portakal toplayarak do\u011fayla i\u00e7 i\u00e7e vakit ge\u00e7irdi. \u00d6\u011frenciler, toplad\u0131klar\u0131 meyveleri yerinde tatma \u015fans\u0131 yakalad\u0131. Program\u0131n sonunda, \u0130skenderun Belediyesi taraf\u0131ndan \u00f6\u011frencilere portakal suyu ve m\u0131s\u0131r ikram edildi. Hem e\u011fitici hem de e\u011flenceli ge\u00e7en etkinlik, \u00e7ocuklara unutulmaz bir &hellip;<\/p>","protected":false},"author":0,"featured_media":0,"comment_status":"open","ping_status":"open","sticky":false,"template":"","format":"standard","meta":{"_acf_changed":false,"footnotes":""},"categories":[24,535],"tags":[],"class_list":["post-23654","post","type-post","status-publish","format-standard","has-post-thumbnail","hentry","category-gundem","category-uncategorized-tr"],"acf":[],"yoast_head":"<!-- This site is optimized with the Yoast SEO Premium plugin v26.6 (Yoast SEO v27.1.1) - https:\/\/yoast.com\/product\/yoast-seo-premium-wordpress\/ -->\n<title>\u0130skenderun Ziraat Park, \u00d6\u011frencileri A\u011f\u0131rlad\u0131 - Av. Deniz Can K\u0131z\u0131l<\/title>\n<meta name=\"robots\" content=\"index, follow, max-snippet:-1, max-image-preview:large, max-video-preview:-1\" \/>\n<link rel=\"canonical\" href=\"https:\/\/denizcankizil.tr\/en\/haberler\/gundem\/iskenderun-ziraat-park-ogrencileri-agirladi\/\" \/>\n<meta property=\"og:locale\" content=\"en_GB\" \/>\n<meta property=\"og:type\" content=\"article\" \/>\n<meta property=\"og:title\" content=\"\u0130skenderun Ziraat Park, \u00d6\u011frencileri A\u011f\u0131rlad\u0131\" \/>\n<meta property=\"og:description\" content=\"Etkinli\u011fe, \u0130l\u00e7e Tar\u0131m M\u00fcd\u00fcr\u00fc Sinan U\u011furlu, \u0130l\u00e7e Milli E\u011fitim M\u00fcd\u00fcr\u00fc Ali Haytaz, Tar\u0131m M\u00fcd\u00fcrl\u00fc\u011f\u00fc Ziraat M\u00fchendisi Filiz Gidemen ve ekibi, \u0130skenderun Belediyesi Park ve Bah\u00e7eler M\u00fcd\u00fcrl\u00fc\u011f\u00fc\u2019nde g\u00f6revli Ziraat M\u00fchendisi Ayten Sara\u00e7o\u011flu ile Akarca Ray Sigorta Umut \u0130lkokulu ve Ak\u00e7ay \u0130lkokulu 4. s\u0131n\u0131f \u00f6\u011frencileri kat\u0131ld\u0131. \u00c7ocuklar Tar\u0131mla Bulu\u015ftu Program kapsam\u0131nda \u00f6\u011frenciler, mandalina, limon ve portakal a\u011fa\u00e7lar\u0131n\u0131n bulundu\u011fu bah\u00e7eleri gezerek tar\u0131m \u00fcr\u00fcnlerini yak\u0131ndan tan\u0131ma f\u0131rsat\u0131 buldu. Tar\u0131m ve Milli E\u011fitim M\u00fcd\u00fcrl\u00fc\u011f\u00fc yetkilileri, \u00f6\u011frencilere organik tar\u0131m ve su tasarrufu hakk\u0131nda bilgiler verdi. Tar\u0131m M\u00fcd\u00fcrl\u00fc\u011f\u00fc Ziraat M\u00fchendisi Filiz Gidemen, \u00e7ocuklar\u0131n teknolojiden bir nebze olsun uzakla\u015f\u0131p tar\u0131m \u00fcr\u00fcnlerini tan\u0131malar\u0131 ve bu alandaki bilgilerini g\u00fc\u00e7lendirmeleri i\u00e7in projenin \u00f6nemli bir ad\u0131m oldu\u011funu vurgulad\u0131. \u0130l\u00e7e Tar\u0131m M\u00fcd\u00fcr\u00fc Sinan U\u011furlu ise \u00e7ocuklara tar\u0131msal faaliyetlerle ilgili uygulamal\u0131 bilgiler verdiklerini belirterek, gelece\u011fin tar\u0131m bilincine sahip bireylerinin bu t\u00fcr projelerle yeti\u015ftirilece\u011fini ifade etti. \u0130l\u00e7e Milli E\u011fitim M\u00fcd\u00fcr\u00fc Ali Haytaz da \u201cBu proje, \u00f6\u011frencilerimizin yaparak ve g\u00f6rerek \u00f6\u011frenmelerine \u00f6nemli katk\u0131 sa\u011fl\u0131yor,\u201d diyerek projeye destek verdiklerini s\u00f6yledi. E\u011flenceli ve E\u011fitici Bir G\u00fcn Etkinlik kapsam\u0131nda \u00f6\u011frenciler, a\u011fa\u00e7lardan mandalina ve portakal toplayarak do\u011fayla i\u00e7 i\u00e7e vakit ge\u00e7irdi. \u00d6\u011frenciler, toplad\u0131klar\u0131 meyveleri yerinde tatma \u015fans\u0131 yakalad\u0131. Program\u0131n sonunda, \u0130skenderun Belediyesi taraf\u0131ndan \u00f6\u011frencilere portakal suyu ve m\u0131s\u0131r ikram edildi. Hem e\u011fitici hem de e\u011flenceli ge\u00e7en etkinlik, \u00e7ocuklara unutulmaz bir &hellip;\" \/>\n<meta property=\"og:url\" content=\"https:\/\/denizcankizil.tr\/en\/haberler\/gundem\/iskenderun-ziraat-park-ogrencileri-agirladi\/\" \/>\n<meta property=\"og:site_name\" content=\"Av. Deniz Can K\u0131z\u0131l\" \/>\n<meta property=\"article:published_time\" content=\"2025-01-03T12:41:39+00:00\" \/>\n<meta name=\"twitter:card\" content=\"summary_large_image\" \/>\n<meta name=\"twitter:label1\" content=\"Estimated reading time\" \/>\n\t<meta name=\"twitter:data1\" content=\"2 minutes\" \/>\n<script type=\"application\/ld+json\" class=\"yoast-schema-graph\">{\"@context\":\"https:\/\/schema.org\",\"@graph\":[{\"@type\":\"Article\",\"@id\":\"https:\/\/denizcankizil.tr\/en\/haberler\/gundem\/iskenderun-ziraat-park-ogrencileri-agirladi\/#article\",\"isPartOf\":{\"@id\":\"https:\/\/denizcankizil.tr\/en\/haberler\/gundem\/iskenderun-ziraat-park-ogrencileri-agirladi\/\"},\"author\":{\"name\":\"\",\"@id\":\"\"},\"headline\":\"\u0130skenderun Ziraat Park, \u00d6\u011frencileri A\u011f\u0131rlad\u0131\",\"datePublished\":\"2025-01-03T12:41:39+00:00\",\"mainEntityOfPage\":{\"@id\":\"https:\/\/denizcankizil.tr\/en\/haberler\/gundem\/iskenderun-ziraat-park-ogrencileri-agirladi\/\"},\"wordCount\":378,\"commentCount\":0,\"publisher\":{\"@id\":\"https:\/\/denizcankizil.tr\/#organization\"},\"articleSection\":[\"G\u00fcndem\",\"Uncategorized\"],\"inLanguage\":\"en-GB\",\"potentialAction\":[{\"@type\":\"CommentAction\",\"name\":\"Comment\",\"target\":[\"https:\/\/denizcankizil.tr\/en\/haberler\/gundem\/iskenderun-ziraat-park-ogrencileri-agirladi\/#respond\"]}]},{\"@type\":\"WebPage\",\"@id\":\"https:\/\/denizcankizil.tr\/en\/haberler\/gundem\/iskenderun-ziraat-park-ogrencileri-agirladi\/\",\"url\":\"https:\/\/denizcankizil.tr\/en\/haberler\/gundem\/iskenderun-ziraat-park-ogrencileri-agirladi\/\",\"name\":\"\u0130skenderun Ziraat Park, \u00d6\u011frencileri A\u011f\u0131rlad\u0131 - Av. Deniz Can K\u0131z\u0131l\",\"isPartOf\":{\"@id\":\"https:\/\/denizcankizil.tr\/#website\"},\"datePublished\":\"2025-01-03T12:41:39+00:00\",\"breadcrumb\":{\"@id\":\"https:\/\/denizcankizil.tr\/en\/haberler\/gundem\/iskenderun-ziraat-park-ogrencileri-agirladi\/#breadcrumb\"},\"inLanguage\":\"en-GB\",\"potentialAction\":[{\"@type\":\"ReadAction\",\"target\":[\"https:\/\/denizcankizil.tr\/en\/haberler\/gundem\/iskenderun-ziraat-park-ogrencileri-agirladi\/\"]}]},{\"@type\":\"BreadcrumbList\",\"@id\":\"https:\/\/denizcankizil.tr\/en\/haberler\/gundem\/iskenderun-ziraat-park-ogrencileri-agirladi\/#breadcrumb\",\"itemListElement\":[{\"@type\":\"ListItem\",\"position\":1,\"name\":\"Home\",\"item\":\"https:\/\/denizcankizil.tr\/de\/\"},{\"@type\":\"ListItem\",\"position\":2,\"name\":\"\u0130skenderun Ziraat Park, \u00d6\u011frencileri A\u011f\u0131rlad\u0131\"}]},{\"@type\":\"WebSite\",\"@id\":\"https:\/\/denizcankizil.tr\/#website\",\"url\":\"https:\/\/denizcankizil.tr\/\",\"name\":\"Av. Deniz Can K\u0131z\u0131l\",\"description\":\"Avukat Deniz Can K\u0131z\u0131l Antalya Barosu\",\"publisher\":{\"@id\":\"https:\/\/denizcankizil.tr\/#organization\"},\"potentialAction\":[{\"@type\":\"SearchAction\",\"target\":{\"@type\":\"EntryPoint\",\"urlTemplate\":\"https:\/\/denizcankizil.tr\/?s={search_term_string}\"},\"query-input\":{\"@type\":\"PropertyValueSpecification\",\"valueRequired\":true,\"valueName\":\"search_term_string\"}}],\"inLanguage\":\"en-GB\"},{\"@type\":\"Organization\",\"@id\":\"https:\/\/denizcankizil.tr\/#organization\",\"name\":\"Av. Deniz Can K\u0131z\u0131l\",\"url\":\"https:\/\/denizcankizil.tr\/\",\"logo\":{\"@type\":\"ImageObject\",\"inLanguage\":\"en-GB\",\"@id\":\"https:\/\/denizcankizil.tr\/#\/schema\/logo\/image\/\",\"url\":\"https:\/\/denizcankizil.tr\/wp-content\/uploads\/2024\/10\/siyah-logo-svg.svg\",\"contentUrl\":\"https:\/\/denizcankizil.tr\/wp-content\/uploads\/2024\/10\/siyah-logo-svg.svg\",\"width\":1080,\"height\":1080,\"caption\":\"Av. Deniz Can K\u0131z\u0131l\"},\"image\":{\"@id\":\"https:\/\/denizcankizil.tr\/#\/schema\/logo\/image\/\"}}]}<\/script>\n<!-- \/ Yoast SEO Premium plugin. -->","yoast_head_json":{"title":"\u0130skenderun Ziraat Park, \u00d6\u011frencileri A\u011f\u0131rlad\u0131 - Av. Deniz Can K\u0131z\u0131l","robots":{"index":"index","follow":"follow","max-snippet":"max-snippet:-1","max-image-preview":"max-image-preview:large","max-video-preview":"max-video-preview:-1"},"canonical":"https:\/\/denizcankizil.tr\/en\/haberler\/gundem\/iskenderun-ziraat-park-ogrencileri-agirladi\/","og_locale":"en_GB","og_type":"article","og_title":"\u0130skenderun Ziraat Park, \u00d6\u011frencileri A\u011f\u0131rlad\u0131","og_description":"Etkinli\u011fe, \u0130l\u00e7e Tar\u0131m M\u00fcd\u00fcr\u00fc Sinan U\u011furlu, \u0130l\u00e7e Milli E\u011fitim M\u00fcd\u00fcr\u00fc Ali Haytaz, Tar\u0131m M\u00fcd\u00fcrl\u00fc\u011f\u00fc Ziraat M\u00fchendisi Filiz Gidemen ve ekibi, \u0130skenderun Belediyesi Park ve Bah\u00e7eler M\u00fcd\u00fcrl\u00fc\u011f\u00fc\u2019nde g\u00f6revli Ziraat M\u00fchendisi Ayten Sara\u00e7o\u011flu ile Akarca Ray Sigorta Umut \u0130lkokulu ve Ak\u00e7ay \u0130lkokulu 4. s\u0131n\u0131f \u00f6\u011frencileri kat\u0131ld\u0131. \u00c7ocuklar Tar\u0131mla Bulu\u015ftu Program kapsam\u0131nda \u00f6\u011frenciler, mandalina, limon ve portakal a\u011fa\u00e7lar\u0131n\u0131n bulundu\u011fu bah\u00e7eleri gezerek tar\u0131m \u00fcr\u00fcnlerini yak\u0131ndan tan\u0131ma f\u0131rsat\u0131 buldu. Tar\u0131m ve Milli E\u011fitim M\u00fcd\u00fcrl\u00fc\u011f\u00fc yetkilileri, \u00f6\u011frencilere organik tar\u0131m ve su tasarrufu hakk\u0131nda bilgiler verdi. Tar\u0131m M\u00fcd\u00fcrl\u00fc\u011f\u00fc Ziraat M\u00fchendisi Filiz Gidemen, \u00e7ocuklar\u0131n teknolojiden bir nebze olsun uzakla\u015f\u0131p tar\u0131m \u00fcr\u00fcnlerini tan\u0131malar\u0131 ve bu alandaki bilgilerini g\u00fc\u00e7lendirmeleri i\u00e7in projenin \u00f6nemli bir ad\u0131m oldu\u011funu vurgulad\u0131. \u0130l\u00e7e Tar\u0131m M\u00fcd\u00fcr\u00fc Sinan U\u011furlu ise \u00e7ocuklara tar\u0131msal faaliyetlerle ilgili uygulamal\u0131 bilgiler verdiklerini belirterek, gelece\u011fin tar\u0131m bilincine sahip bireylerinin bu t\u00fcr projelerle yeti\u015ftirilece\u011fini ifade etti. \u0130l\u00e7e Milli E\u011fitim M\u00fcd\u00fcr\u00fc Ali Haytaz da \u201cBu proje, \u00f6\u011frencilerimizin yaparak ve g\u00f6rerek \u00f6\u011frenmelerine \u00f6nemli katk\u0131 sa\u011fl\u0131yor,\u201d diyerek projeye destek verdiklerini s\u00f6yledi. E\u011flenceli ve E\u011fitici Bir G\u00fcn Etkinlik kapsam\u0131nda \u00f6\u011frenciler, a\u011fa\u00e7lardan mandalina ve portakal toplayarak do\u011fayla i\u00e7 i\u00e7e vakit ge\u00e7irdi. \u00d6\u011frenciler, toplad\u0131klar\u0131 meyveleri yerinde tatma \u015fans\u0131 yakalad\u0131. Program\u0131n sonunda, \u0130skenderun Belediyesi taraf\u0131ndan \u00f6\u011frencilere portakal suyu ve m\u0131s\u0131r ikram edildi. Hem e\u011fitici hem de e\u011flenceli ge\u00e7en etkinlik, \u00e7ocuklara unutulmaz bir &hellip;","og_url":"https:\/\/denizcankizil.tr\/en\/haberler\/gundem\/iskenderun-ziraat-park-ogrencileri-agirladi\/","og_site_name":"Av. Deniz Can K\u0131z\u0131l","article_published_time":"2025-01-03T12:41:39+00:00","twitter_card":"summary_large_image","twitter_misc":{"Estimated reading time":"2 minutes"},"schema":{"@context":"https:\/\/schema.org","@graph":[{"@type":"Article","@id":"https:\/\/denizcankizil.tr\/en\/haberler\/gundem\/iskenderun-ziraat-park-ogrencileri-agirladi\/#article","isPartOf":{"@id":"https:\/\/denizcankizil.tr\/en\/haberler\/gundem\/iskenderun-ziraat-park-ogrencileri-agirladi\/"},"author":{"name":"","@id":""},"headline":"\u0130skenderun Ziraat Park, \u00d6\u011frencileri A\u011f\u0131rlad\u0131","datePublished":"2025-01-03T12:41:39+00:00","mainEntityOfPage":{"@id":"https:\/\/denizcankizil.tr\/en\/haberler\/gundem\/iskenderun-ziraat-park-ogrencileri-agirladi\/"},"wordCount":378,"commentCount":0,"publisher":{"@id":"https:\/\/denizcankizil.tr\/#organization"},"articleSection":["G\u00fcndem","Uncategorized"],"inLanguage":"en-GB","potentialAction":[{"@type":"CommentAction","name":"Comment","target":["https:\/\/denizcankizil.tr\/en\/haberler\/gundem\/iskenderun-ziraat-park-ogrencileri-agirladi\/#respond"]}]},{"@type":"WebPage","@id":"https:\/\/denizcankizil.tr\/en\/haberler\/gundem\/iskenderun-ziraat-park-ogrencileri-agirladi\/","url":"https:\/\/denizcankizil.tr\/en\/haberler\/gundem\/iskenderun-ziraat-park-ogrencileri-agirladi\/","name":"\u0130skenderun Ziraat Park, \u00d6\u011frencileri A\u011f\u0131rlad\u0131 - Av. Deniz Can K\u0131z\u0131l","isPartOf":{"@id":"https:\/\/denizcankizil.tr\/#website"},"datePublished":"2025-01-03T12:41:39+00:00","breadcrumb":{"@id":"https:\/\/denizcankizil.tr\/en\/haberler\/gundem\/iskenderun-ziraat-park-ogrencileri-agirladi\/#breadcrumb"},"inLanguage":"en-GB","potentialAction":[{"@type":"ReadAction","target":["https:\/\/denizcankizil.tr\/en\/haberler\/gundem\/iskenderun-ziraat-park-ogrencileri-agirladi\/"]}]},{"@type":"BreadcrumbList","@id":"https:\/\/denizcankizil.tr\/en\/haberler\/gundem\/iskenderun-ziraat-park-ogrencileri-agirladi\/#breadcrumb","itemListElement":[{"@type":"ListItem","position":1,"name":"Home","item":"https:\/\/denizcankizil.tr\/de\/"},{"@type":"ListItem","position":2,"name":"\u0130skenderun Ziraat Park, \u00d6\u011frencileri A\u011f\u0131rlad\u0131"}]},{"@type":"WebSite","@id":"https:\/\/denizcankizil.tr\/#website","url":"https:\/\/denizcankizil.tr\/","name":"Av. Deniz Can K\u0131z\u0131l","description":"Avukat Deniz Can K\u0131z\u0131l Antalya Barosu","publisher":{"@id":"https:\/\/denizcankizil.tr\/#organization"},"potentialAction":[{"@type":"SearchAction","target":{"@type":"EntryPoint","urlTemplate":"https:\/\/denizcankizil.tr\/?s={search_term_string}"},"query-input":{"@type":"PropertyValueSpecification","valueRequired":true,"valueName":"search_term_string"}}],"inLanguage":"en-GB"},{"@type":"Organization","@id":"https:\/\/denizcankizil.tr\/#organization","name":"Av. Deniz Can K\u0131z\u0131l","url":"https:\/\/denizcankizil.tr\/","logo":{"@type":"ImageObject","inLanguage":"en-GB","@id":"https:\/\/denizcankizil.tr\/#\/schema\/logo\/image\/","url":"https:\/\/denizcankizil.tr\/wp-content\/uploads\/2024\/10\/siyah-logo-svg.svg","contentUrl":"https:\/\/denizcankizil.tr\/wp-content\/uploads\/2024\/10\/siyah-logo-svg.svg","width":1080,"height":1080,"caption":"Av. Deniz Can K\u0131z\u0131l"},"image":{"@id":"https:\/\/denizcankizil.tr\/#\/schema\/logo\/image\/"}}]}},"_links":{"self":[{"href":"https:\/\/denizcankizil.tr\/en\/wp-json\/wp\/v2\/posts\/23654","targetHints":{"allow":["GET"]}}],"collection":[{"href":"https:\/\/denizcankizil.tr\/en\/wp-json\/wp\/v2\/posts"}],"about":[{"href":"https:\/\/denizcankizil.tr\/en\/wp-json\/wp\/v2\/types\/post"}],"replies":[{"embeddable":true,"href":"https:\/\/denizcankizil.tr\/en\/wp-json\/wp\/v2\/comments?post=23654"}],"version-history":[{"count":0,"href":"https:\/\/denizcankizil.tr\/en\/wp-json\/wp\/v2\/posts\/23654\/revisions"}],"wp:attachment":[{"href":"https:\/\/denizcankizil.tr\/en\/wp-json\/wp\/v2\/media?parent=23654"}],"wp:term":[{"taxonomy":"category","embeddable":true,"href":"https:\/\/denizcankizil.tr\/en\/wp-json\/wp\/v2\/categories?post=23654"},{"taxonomy":"post_tag","embeddable":true,"href":"https:\/\/denizcankizil.tr\/en\/wp-json\/wp\/v2\/tags?post=23654"}],"curies":[{"name":"wp","href":"https:\/\/api.w.org\/{rel}","templated":true}]}}