{"id":23592,"date":"2025-01-03T12:41:19","date_gmt":"2025-01-03T09:41:19","guid":{"rendered":"https:\/\/denizcankizil.tr\/uncategorized-tr\/ferdi-tayfurun-naasi-istanbula-gonderildi\/"},"modified":"2025-01-03T12:41:19","modified_gmt":"2025-01-03T09:41:19","slug":"ferdi-tayfurun-naasi-istanbula-gonderildi","status":"publish","type":"post","link":"https:\/\/denizcankizil.tr\/en\/haberler\/gundem\/ferdi-tayfurun-naasi-istanbula-gonderildi\/","title":{"rendered":"Ferdi Tayfur&#8217;un naa\u015f\u0131 \u0130stanbul&#8217;a g\u00f6nderildi"},"content":{"rendered":"<p>Mu\u011fla&#8217;n\u0131n Marmaris il\u00e7esindeki evinde aniden fenala\u015fan Ferdi Tayfur, \u00f6zel bir hastanede yo\u011fun bak\u0131ma kald\u0131r\u0131l\u0131p, tedaviye al\u0131nd\u0131. So\u011fuk alg\u0131nl\u0131\u011f\u0131 nedeniyle rahats\u0131zland\u0131\u011f\u0131 belirtilen Tayfur, daha \u00f6nce tedavi g\u00f6rd\u00fc\u011f\u00fc Antalya&#8217;ya doktorunun talebi \u00fczerine ge\u00e7en 16 Aral\u0131k gecesi ambulans u\u00e7akla bu kente sevk edildi. Hastanenin yo\u011fun bak\u0131m \u00fcnitesinde tedaviye al\u0131nan Ferdi Tayfur, d\u00fcn ak\u015fam saat 19.38&#8217;te ya\u015fam\u0131n\u0131 yitirdi.<\/p>\n<p>ACI HABER\u0130 ALAN SEVENLER\u0130 HASTANEYE AKIN ETT\u0130\u00a0<\/p>\n<p>Ferdi Tayfur\u2019un \u00f6l\u00fcm haberini alan sevenleri hastane \u00f6n\u00fcne gelerek, sanat\u00e7\u0131ya sevgilerini g\u00f6sterdi. Kimileri hastane \u00f6n\u00fcnde park ettikleri ara\u00e7lar\u0131nda Tayfur\u2019un par\u00e7alar\u0131n\u0131 dinleyerek g\u00f6zya\u015f\u0131 d\u00f6kt\u00fc. Kur\u2019an-\u0131 Kerim ile hastane bah\u00e7esine gelip Kur\u2019an okuyanlar kadar hastane \u00f6n\u00fcnde dua eden sevenleri de vard\u0131. Bir hayran\u0131 Ferdi Tayfur i\u00e7in Kur\u2019an tilaveti okurken sevenleri el a\u00e7\u0131p dua etti. Duan\u0131n ard\u0131ndan ba\u015fka bir hayran\u0131 ise Tayfur\u2019a ait par\u00e7ay\u0131 s\u00f6yledi. Hastane \u00f6n\u00fcnde toplanan kalabal\u0131k \u2018Ferdi Baba\u2019 diye ba\u011f\u0131rarak Ferdi Tayfur\u2019un \u015fark\u0131lar\u0131n\u0131 hep bir a\u011f\u0131zdan s\u00f6yledi. Tayfur\u2019un baz\u0131 sevenleri ise ara\u00e7lar\u0131yla hastane \u00f6n\u00fcnden y\u00fcksek seste Ferdi Tayfur par\u00e7alar\u0131 a\u00e7arak ge\u00e7ti.<\/p>\n<p>[related-posts id=&#8221;18094085&#8243; color=&#8221;bg-dark&#8221;][\/related-posts]<\/p>\n<p>TAYFUR&#8217;UN \u015eARKILARINI B\u0130RL\u0130KTE S\u00d6YLED\u0130LER<\/p>\n<p>Ferdi Tayfur\u2019un vefat\u0131n\u0131n ard\u0131ndan Antalya Valisi ve \u0130l Emniyet M\u00fcd\u00fcr\u00fc \u0130lker Arslan hastaneye gelerek taziye ziyaretinde bulundu. Hastane \u00f6n\u00fcnde toplanan Tayfur\u2019un sevenleri ise \u015fark\u0131lar s\u00f6yleyerek sanat\u00e7\u0131y\u0131 and\u0131. Kalabal\u0131\u011f\u0131n bulundu\u011fu alana gelen bir minib\u00fcstekiler ise Ferdi Tayfur\u2019un par\u00e7alar\u0131n\u0131 a\u00e7arak sevenlerine dinletti.<\/p>\n<p>SEVENLER\u0130NDEN HELALL\u0130K ALINDI\u00a0<\/p>\n<p>Bu s\u0131rada Tayfur\u2019un cenazesi hastanenin morgundan cenaze arac\u0131na konularak kalabal\u0131\u011f\u0131n bulundu\u011fu alana getirildi. Cenaze arac\u0131 kalabal\u0131\u011f\u0131n ortas\u0131nda dururken, sevenlerinden helallik al\u0131nd\u0131. Kalabal\u0131\u011f\u0131n aras\u0131na gelen Vali Hulusi \u015eahin ve Emniyet M\u00fcd\u00fcr\u00fc \u0130lker Arslan da t\u00f6rene kat\u0131larak dua etti. Bu s\u0131rada Tayfur\u2019un yak\u0131nlar\u0131 uzun s\u00fcre g\u00f6zya\u015f\u0131 d\u00f6kt\u00fc. Tayfur\u2019un ye\u011feni ise cenaze arac\u0131na bakarak \u2018Day\u0131c\u0131m\u2019 diye g\u00f6zya\u015f\u0131 d\u00f6kt\u00fc.<\/p>\n<p>D\u00dcN AK\u015eAM SAATLER\u0130NDE HAYATINI KAYBETT\u0130\u00a0<\/p>\n<p>Hastaneden yap\u0131lan a\u00e7\u0131klamada, Ferdi Tayfur\u2019un 16 Aral\u0131k tarihinde askeri u\u00e7ak ile hastaneye getirildi\u011fi, daha \u00f6nce olu\u015fan mantar enfeksiyonu sebebiyle sin\u00fcs temizli\u011fi i\u00e7in ameliyat edildi\u011fi belirtildi. A\u00e7\u0131klaman\u0131n devam\u0131nda, \u201cFerdi Tayfur, d\u00fcn \u00f6\u011fle saatlerinde \u00e7ok h\u0131zl\u0131 ilerleyen karaci\u011fer ve b\u00f6brek yetmezli\u011fi sebebiyle yo\u011fun bak\u0131ma al\u0131nd\u0131. Yo\u011fun bak\u0131mda devam eden tedavisi ve doktorlar\u0131n \u00e7abas\u0131na ra\u011fmen bu ak\u015fam 19.38\u2019de ya\u015fam\u0131n\u0131 yitirdi&#8221; denildi.\u00a0<\/p>\n<p>\u0130STANBUL&#8217;DA DEFNED\u0130LECEK\u00a0<\/p>\n<p>Ferdi Tayfur&#8217;un cenazesi, bug\u00fcn saat 10.30&#8217;da u\u00e7akla \u0130stanbul&#8217;a g\u00f6nderildi. Tayfur&#8217;un cenazesi, 4 Ocak Cumartesi g\u00fcn\u00fc saat 12.00&#8217;de Atat\u00fcrk K\u00fclt\u00fcr Merkezi&#8217;ndeki anma t\u00f6reninin ard\u0131ndan ikindi vakti Emirgan \u00c7\u0131naralt\u0131 Camii&#8217;ne g\u00f6t\u00fcr\u00fclecek. Burada k\u0131l\u0131nacak namaz\u0131n ard\u0131ndan cenaze, Yenik\u00f6y&#8217;deki aile mezarl\u0131\u011f\u0131na defnedilecek.<\/p>\n<p>\u200b\u015eark\u0131lar\u0131yla g\u00f6n\u00fcllerde taht kuran \u00fcnl\u00fc sanat\u00e7\u0131 Ferdi Tayfur Antalya&#8217;da tedavi g\u00f6rd\u00fc\u011f\u00fc hastanede hayat\u0131n\u0131 kaybetti. Bug\u00fcn sabah saatlerinde Tayfur&#8217;un naa\u015f\u0131 u\u00e7akla \u0130stanbul&#8217;a g\u00f6nderildi. \u0130\u015fte cenaze t\u00f6renine ili\u015fkin detaylar&#8230;\u00a0<\/p>\n<p>\u200bHaberin Al\u0131nt\u0131land\u0131\u011f\u0131 Kaynak: www.antalyakorfez.com<\/p>","protected":false},"excerpt":{"rendered":"<p>Mu\u011fla&#8217;n\u0131n Marmaris il\u00e7esindeki evinde aniden fenala\u015fan Ferdi Tayfur, \u00f6zel bir hastanede yo\u011fun bak\u0131ma kald\u0131r\u0131l\u0131p, tedaviye al\u0131nd\u0131. So\u011fuk alg\u0131nl\u0131\u011f\u0131 nedeniyle rahats\u0131zland\u0131\u011f\u0131 belirtilen Tayfur, daha \u00f6nce tedavi g\u00f6rd\u00fc\u011f\u00fc Antalya&#8217;ya doktorunun talebi \u00fczerine ge\u00e7en 16 Aral\u0131k gecesi ambulans u\u00e7akla bu kente sevk edildi. Hastanenin yo\u011fun bak\u0131m \u00fcnitesinde tedaviye al\u0131nan Ferdi Tayfur, d\u00fcn ak\u015fam saat 19.38&#8217;te ya\u015fam\u0131n\u0131 yitirdi. ACI HABER\u0130 ALAN SEVENLER\u0130 HASTANEYE AKIN ETT\u0130\u00a0 Ferdi Tayfur\u2019un \u00f6l\u00fcm haberini alan sevenleri hastane \u00f6n\u00fcne gelerek, sanat\u00e7\u0131ya sevgilerini g\u00f6sterdi. Kimileri hastane \u00f6n\u00fcnde park ettikleri ara\u00e7lar\u0131nda Tayfur\u2019un par\u00e7alar\u0131n\u0131 dinleyerek g\u00f6zya\u015f\u0131 d\u00f6kt\u00fc. Kur\u2019an-\u0131 Kerim ile hastane bah\u00e7esine gelip Kur\u2019an okuyanlar kadar hastane \u00f6n\u00fcnde dua eden sevenleri de vard\u0131. Bir hayran\u0131 Ferdi Tayfur i\u00e7in Kur\u2019an tilaveti okurken sevenleri el a\u00e7\u0131p dua etti. Duan\u0131n ard\u0131ndan ba\u015fka bir hayran\u0131 ise Tayfur\u2019a ait par\u00e7ay\u0131 s\u00f6yledi. Hastane \u00f6n\u00fcnde toplanan kalabal\u0131k \u2018Ferdi Baba\u2019 diye ba\u011f\u0131rarak Ferdi Tayfur\u2019un \u015fark\u0131lar\u0131n\u0131 hep bir a\u011f\u0131zdan s\u00f6yledi. Tayfur\u2019un baz\u0131 sevenleri ise ara\u00e7lar\u0131yla hastane \u00f6n\u00fcnden y\u00fcksek seste Ferdi Tayfur par\u00e7alar\u0131 a\u00e7arak ge\u00e7ti. [related-posts id=&#8221;18094085&#8243; color=&#8221;bg-dark&#8221;][\/related-posts] TAYFUR&#8217;UN \u015eARKILARINI B\u0130RL\u0130KTE S\u00d6YLED\u0130LER Ferdi Tayfur\u2019un vefat\u0131n\u0131n ard\u0131ndan Antalya Valisi ve \u0130l Emniyet M\u00fcd\u00fcr\u00fc \u0130lker Arslan hastaneye gelerek taziye ziyaretinde bulundu. Hastane \u00f6n\u00fcnde toplanan Tayfur\u2019un sevenleri ise \u015fark\u0131lar s\u00f6yleyerek sanat\u00e7\u0131y\u0131 and\u0131. Kalabal\u0131\u011f\u0131n bulundu\u011fu alana gelen bir minib\u00fcstekiler ise Ferdi Tayfur\u2019un par\u00e7alar\u0131n\u0131 a\u00e7arak sevenlerine dinletti. SEVENLER\u0130NDEN &hellip;<\/p>\n","protected":false},"author":0,"featured_media":0,"comment_status":"open","ping_status":"open","sticky":false,"template":"","format":"standard","meta":{"_acf_changed":false,"footnotes":""},"categories":[24,535],"tags":[],"class_list":["post-23592","post","type-post","status-publish","format-standard","has-post-thumbnail","hentry","category-gundem","category-uncategorized-tr"],"acf":[],"yoast_head":"<!-- This site is optimized with the Yoast SEO Premium plugin v26.6 (Yoast SEO v27.1.1) - https:\/\/yoast.com\/product\/yoast-seo-premium-wordpress\/ -->\n<title>Ferdi Tayfur&#039;un naa\u015f\u0131 \u0130stanbul&#039;a g\u00f6nderildi - Av. Deniz Can K\u0131z\u0131l<\/title>\n<meta name=\"robots\" content=\"index, follow, max-snippet:-1, max-image-preview:large, max-video-preview:-1\" \/>\n<link rel=\"canonical\" href=\"http:\/\/denizcankizil.tr\/en\/haberler\/gundem\/ferdi-tayfurun-naasi-istanbula-gonderildi\/\" \/>\n<meta property=\"og:locale\" content=\"en_GB\" \/>\n<meta property=\"og:type\" content=\"article\" \/>\n<meta property=\"og:title\" content=\"Ferdi Tayfur&#039;un naa\u015f\u0131 \u0130stanbul&#039;a g\u00f6nderildi\" \/>\n<meta property=\"og:description\" content=\"Mu\u011fla&#8217;n\u0131n Marmaris il\u00e7esindeki evinde aniden fenala\u015fan Ferdi Tayfur, \u00f6zel bir hastanede yo\u011fun bak\u0131ma kald\u0131r\u0131l\u0131p, tedaviye al\u0131nd\u0131. So\u011fuk alg\u0131nl\u0131\u011f\u0131 nedeniyle rahats\u0131zland\u0131\u011f\u0131 belirtilen Tayfur, daha \u00f6nce tedavi g\u00f6rd\u00fc\u011f\u00fc Antalya&#8217;ya doktorunun talebi \u00fczerine ge\u00e7en 16 Aral\u0131k gecesi ambulans u\u00e7akla bu kente sevk edildi. Hastanenin yo\u011fun bak\u0131m \u00fcnitesinde tedaviye al\u0131nan Ferdi Tayfur, d\u00fcn ak\u015fam saat 19.38&#8217;te ya\u015fam\u0131n\u0131 yitirdi. ACI HABER\u0130 ALAN SEVENLER\u0130 HASTANEYE AKIN ETT\u0130\u00a0 Ferdi Tayfur\u2019un \u00f6l\u00fcm haberini alan sevenleri hastane \u00f6n\u00fcne gelerek, sanat\u00e7\u0131ya sevgilerini g\u00f6sterdi. Kimileri hastane \u00f6n\u00fcnde park ettikleri ara\u00e7lar\u0131nda Tayfur\u2019un par\u00e7alar\u0131n\u0131 dinleyerek g\u00f6zya\u015f\u0131 d\u00f6kt\u00fc. Kur\u2019an-\u0131 Kerim ile hastane bah\u00e7esine gelip Kur\u2019an okuyanlar kadar hastane \u00f6n\u00fcnde dua eden sevenleri de vard\u0131. Bir hayran\u0131 Ferdi Tayfur i\u00e7in Kur\u2019an tilaveti okurken sevenleri el a\u00e7\u0131p dua etti. Duan\u0131n ard\u0131ndan ba\u015fka bir hayran\u0131 ise Tayfur\u2019a ait par\u00e7ay\u0131 s\u00f6yledi. Hastane \u00f6n\u00fcnde toplanan kalabal\u0131k \u2018Ferdi Baba\u2019 diye ba\u011f\u0131rarak Ferdi Tayfur\u2019un \u015fark\u0131lar\u0131n\u0131 hep bir a\u011f\u0131zdan s\u00f6yledi. Tayfur\u2019un baz\u0131 sevenleri ise ara\u00e7lar\u0131yla hastane \u00f6n\u00fcnden y\u00fcksek seste Ferdi Tayfur par\u00e7alar\u0131 a\u00e7arak ge\u00e7ti. [related-posts id=&#8221;18094085&#8243; color=&#8221;bg-dark&#8221;][\/related-posts] TAYFUR&#8217;UN \u015eARKILARINI B\u0130RL\u0130KTE S\u00d6YLED\u0130LER Ferdi Tayfur\u2019un vefat\u0131n\u0131n ard\u0131ndan Antalya Valisi ve \u0130l Emniyet M\u00fcd\u00fcr\u00fc \u0130lker Arslan hastaneye gelerek taziye ziyaretinde bulundu. Hastane \u00f6n\u00fcnde toplanan Tayfur\u2019un sevenleri ise \u015fark\u0131lar s\u00f6yleyerek sanat\u00e7\u0131y\u0131 and\u0131. Kalabal\u0131\u011f\u0131n bulundu\u011fu alana gelen bir minib\u00fcstekiler ise Ferdi Tayfur\u2019un par\u00e7alar\u0131n\u0131 a\u00e7arak sevenlerine dinletti. SEVENLER\u0130NDEN &hellip;\" \/>\n<meta property=\"og:url\" content=\"http:\/\/denizcankizil.tr\/en\/haberler\/gundem\/ferdi-tayfurun-naasi-istanbula-gonderildi\/\" \/>\n<meta property=\"og:site_name\" content=\"Av. Deniz Can K\u0131z\u0131l\" \/>\n<meta property=\"article:published_time\" content=\"2025-01-03T09:41:19+00:00\" \/>\n<meta name=\"twitter:card\" content=\"summary_large_image\" \/>\n<meta name=\"twitter:label1\" content=\"Estimated reading time\" \/>\n\t<meta name=\"twitter:data1\" content=\"3 minutes\" \/>\n<script type=\"application\/ld+json\" class=\"yoast-schema-graph\">{\"@context\":\"https:\/\/schema.org\",\"@graph\":[{\"@type\":\"Article\",\"@id\":\"http:\/\/denizcankizil.tr\/de\/haberler\/gundem\/ferdi-tayfurun-naasi-istanbula-gonderildi\/#article\",\"isPartOf\":{\"@id\":\"http:\/\/denizcankizil.tr\/de\/haberler\/gundem\/ferdi-tayfurun-naasi-istanbula-gonderildi\/\"},\"author\":{\"name\":\"\",\"@id\":\"\"},\"headline\":\"Ferdi Tayfur&#8217;un naa\u015f\u0131 \u0130stanbul&#8217;a g\u00f6nderildi\",\"datePublished\":\"2025-01-03T09:41:19+00:00\",\"mainEntityOfPage\":{\"@id\":\"http:\/\/denizcankizil.tr\/de\/haberler\/gundem\/ferdi-tayfurun-naasi-istanbula-gonderildi\/\"},\"wordCount\":595,\"commentCount\":0,\"publisher\":{\"@id\":\"https:\/\/denizcankizil.tr\/de\/#organization\"},\"articleSection\":[\"G\u00fcndem\",\"Uncategorized\"],\"inLanguage\":\"en-GB\",\"potentialAction\":[{\"@type\":\"CommentAction\",\"name\":\"Comment\",\"target\":[\"http:\/\/denizcankizil.tr\/de\/haberler\/gundem\/ferdi-tayfurun-naasi-istanbula-gonderildi\/#respond\"]}]},{\"@type\":\"WebPage\",\"@id\":\"http:\/\/denizcankizil.tr\/de\/haberler\/gundem\/ferdi-tayfurun-naasi-istanbula-gonderildi\/\",\"url\":\"http:\/\/denizcankizil.tr\/de\/haberler\/gundem\/ferdi-tayfurun-naasi-istanbula-gonderildi\/\",\"name\":\"Ferdi Tayfur'un naa\u015f\u0131 \u0130stanbul'a g\u00f6nderildi - Av. Deniz Can K\u0131z\u0131l\",\"isPartOf\":{\"@id\":\"https:\/\/denizcankizil.tr\/de\/#website\"},\"datePublished\":\"2025-01-03T09:41:19+00:00\",\"breadcrumb\":{\"@id\":\"http:\/\/denizcankizil.tr\/de\/haberler\/gundem\/ferdi-tayfurun-naasi-istanbula-gonderildi\/#breadcrumb\"},\"inLanguage\":\"en-GB\",\"potentialAction\":[{\"@type\":\"ReadAction\",\"target\":[\"http:\/\/denizcankizil.tr\/de\/haberler\/gundem\/ferdi-tayfurun-naasi-istanbula-gonderildi\/\"]}]},{\"@type\":\"BreadcrumbList\",\"@id\":\"http:\/\/denizcankizil.tr\/de\/haberler\/gundem\/ferdi-tayfurun-naasi-istanbula-gonderildi\/#breadcrumb\",\"itemListElement\":[{\"@type\":\"ListItem\",\"position\":1,\"name\":\"Home\",\"item\":\"https:\/\/denizcankizil.tr\/de\/\"},{\"@type\":\"ListItem\",\"position\":2,\"name\":\"Ferdi Tayfur&#8217;un naa\u015f\u0131 \u0130stanbul&#8217;a g\u00f6nderildi\"}]},{\"@type\":\"WebSite\",\"@id\":\"https:\/\/denizcankizil.tr\/de\/#website\",\"url\":\"https:\/\/denizcankizil.tr\/de\/\",\"name\":\"Av. Deniz Can K\u0131z\u0131l\",\"description\":\"Avukat Deniz Can K\u0131z\u0131l Antalya Barosu\",\"publisher\":{\"@id\":\"https:\/\/denizcankizil.tr\/de\/#organization\"},\"potentialAction\":[{\"@type\":\"SearchAction\",\"target\":{\"@type\":\"EntryPoint\",\"urlTemplate\":\"https:\/\/denizcankizil.tr\/de\/?s={search_term_string}\"},\"query-input\":{\"@type\":\"PropertyValueSpecification\",\"valueRequired\":true,\"valueName\":\"search_term_string\"}}],\"inLanguage\":\"en-GB\"},{\"@type\":\"Organization\",\"@id\":\"https:\/\/denizcankizil.tr\/de\/#organization\",\"name\":\"Av. Deniz Can K\u0131z\u0131l\",\"url\":\"https:\/\/denizcankizil.tr\/de\/\",\"logo\":{\"@type\":\"ImageObject\",\"inLanguage\":\"en-GB\",\"@id\":\"https:\/\/denizcankizil.tr\/de\/#\/schema\/logo\/image\/\",\"url\":\"https:\/\/denizcankizil.tr\/wp-content\/uploads\/2024\/10\/siyah-logo-svg.svg\",\"contentUrl\":\"https:\/\/denizcankizil.tr\/wp-content\/uploads\/2024\/10\/siyah-logo-svg.svg\",\"width\":1080,\"height\":1080,\"caption\":\"Av. Deniz Can K\u0131z\u0131l\"},\"image\":{\"@id\":\"https:\/\/denizcankizil.tr\/de\/#\/schema\/logo\/image\/\"}}]}<\/script>\n<!-- \/ Yoast SEO Premium plugin. -->","yoast_head_json":{"title":"Ferdi Tayfur'un naa\u015f\u0131 \u0130stanbul'a g\u00f6nderildi - Av. Deniz Can K\u0131z\u0131l","robots":{"index":"index","follow":"follow","max-snippet":"max-snippet:-1","max-image-preview":"max-image-preview:large","max-video-preview":"max-video-preview:-1"},"canonical":"http:\/\/denizcankizil.tr\/en\/haberler\/gundem\/ferdi-tayfurun-naasi-istanbula-gonderildi\/","og_locale":"en_GB","og_type":"article","og_title":"Ferdi Tayfur'un naa\u015f\u0131 \u0130stanbul'a g\u00f6nderildi","og_description":"Mu\u011fla&#8217;n\u0131n Marmaris il\u00e7esindeki evinde aniden fenala\u015fan Ferdi Tayfur, \u00f6zel bir hastanede yo\u011fun bak\u0131ma kald\u0131r\u0131l\u0131p, tedaviye al\u0131nd\u0131. So\u011fuk alg\u0131nl\u0131\u011f\u0131 nedeniyle rahats\u0131zland\u0131\u011f\u0131 belirtilen Tayfur, daha \u00f6nce tedavi g\u00f6rd\u00fc\u011f\u00fc Antalya&#8217;ya doktorunun talebi \u00fczerine ge\u00e7en 16 Aral\u0131k gecesi ambulans u\u00e7akla bu kente sevk edildi. Hastanenin yo\u011fun bak\u0131m \u00fcnitesinde tedaviye al\u0131nan Ferdi Tayfur, d\u00fcn ak\u015fam saat 19.38&#8217;te ya\u015fam\u0131n\u0131 yitirdi. ACI HABER\u0130 ALAN SEVENLER\u0130 HASTANEYE AKIN ETT\u0130\u00a0 Ferdi Tayfur\u2019un \u00f6l\u00fcm haberini alan sevenleri hastane \u00f6n\u00fcne gelerek, sanat\u00e7\u0131ya sevgilerini g\u00f6sterdi. Kimileri hastane \u00f6n\u00fcnde park ettikleri ara\u00e7lar\u0131nda Tayfur\u2019un par\u00e7alar\u0131n\u0131 dinleyerek g\u00f6zya\u015f\u0131 d\u00f6kt\u00fc. Kur\u2019an-\u0131 Kerim ile hastane bah\u00e7esine gelip Kur\u2019an okuyanlar kadar hastane \u00f6n\u00fcnde dua eden sevenleri de vard\u0131. Bir hayran\u0131 Ferdi Tayfur i\u00e7in Kur\u2019an tilaveti okurken sevenleri el a\u00e7\u0131p dua etti. Duan\u0131n ard\u0131ndan ba\u015fka bir hayran\u0131 ise Tayfur\u2019a ait par\u00e7ay\u0131 s\u00f6yledi. Hastane \u00f6n\u00fcnde toplanan kalabal\u0131k \u2018Ferdi Baba\u2019 diye ba\u011f\u0131rarak Ferdi Tayfur\u2019un \u015fark\u0131lar\u0131n\u0131 hep bir a\u011f\u0131zdan s\u00f6yledi. Tayfur\u2019un baz\u0131 sevenleri ise ara\u00e7lar\u0131yla hastane \u00f6n\u00fcnden y\u00fcksek seste Ferdi Tayfur par\u00e7alar\u0131 a\u00e7arak ge\u00e7ti. [related-posts id=&#8221;18094085&#8243; color=&#8221;bg-dark&#8221;][\/related-posts] TAYFUR&#8217;UN \u015eARKILARINI B\u0130RL\u0130KTE S\u00d6YLED\u0130LER Ferdi Tayfur\u2019un vefat\u0131n\u0131n ard\u0131ndan Antalya Valisi ve \u0130l Emniyet M\u00fcd\u00fcr\u00fc \u0130lker Arslan hastaneye gelerek taziye ziyaretinde bulundu. Hastane \u00f6n\u00fcnde toplanan Tayfur\u2019un sevenleri ise \u015fark\u0131lar s\u00f6yleyerek sanat\u00e7\u0131y\u0131 and\u0131. Kalabal\u0131\u011f\u0131n bulundu\u011fu alana gelen bir minib\u00fcstekiler ise Ferdi Tayfur\u2019un par\u00e7alar\u0131n\u0131 a\u00e7arak sevenlerine dinletti. SEVENLER\u0130NDEN &hellip;","og_url":"http:\/\/denizcankizil.tr\/en\/haberler\/gundem\/ferdi-tayfurun-naasi-istanbula-gonderildi\/","og_site_name":"Av. Deniz Can K\u0131z\u0131l","article_published_time":"2025-01-03T09:41:19+00:00","twitter_card":"summary_large_image","twitter_misc":{"Estimated reading time":"3 minutes"},"schema":{"@context":"https:\/\/schema.org","@graph":[{"@type":"Article","@id":"http:\/\/denizcankizil.tr\/de\/haberler\/gundem\/ferdi-tayfurun-naasi-istanbula-gonderildi\/#article","isPartOf":{"@id":"http:\/\/denizcankizil.tr\/de\/haberler\/gundem\/ferdi-tayfurun-naasi-istanbula-gonderildi\/"},"author":{"name":"","@id":""},"headline":"Ferdi Tayfur&#8217;un naa\u015f\u0131 \u0130stanbul&#8217;a g\u00f6nderildi","datePublished":"2025-01-03T09:41:19+00:00","mainEntityOfPage":{"@id":"http:\/\/denizcankizil.tr\/de\/haberler\/gundem\/ferdi-tayfurun-naasi-istanbula-gonderildi\/"},"wordCount":595,"commentCount":0,"publisher":{"@id":"https:\/\/denizcankizil.tr\/de\/#organization"},"articleSection":["G\u00fcndem","Uncategorized"],"inLanguage":"en-GB","potentialAction":[{"@type":"CommentAction","name":"Comment","target":["http:\/\/denizcankizil.tr\/de\/haberler\/gundem\/ferdi-tayfurun-naasi-istanbula-gonderildi\/#respond"]}]},{"@type":"WebPage","@id":"http:\/\/denizcankizil.tr\/de\/haberler\/gundem\/ferdi-tayfurun-naasi-istanbula-gonderildi\/","url":"http:\/\/denizcankizil.tr\/de\/haberler\/gundem\/ferdi-tayfurun-naasi-istanbula-gonderildi\/","name":"Ferdi Tayfur'un naa\u015f\u0131 \u0130stanbul'a g\u00f6nderildi - Av. Deniz Can K\u0131z\u0131l","isPartOf":{"@id":"https:\/\/denizcankizil.tr\/de\/#website"},"datePublished":"2025-01-03T09:41:19+00:00","breadcrumb":{"@id":"http:\/\/denizcankizil.tr\/de\/haberler\/gundem\/ferdi-tayfurun-naasi-istanbula-gonderildi\/#breadcrumb"},"inLanguage":"en-GB","potentialAction":[{"@type":"ReadAction","target":["http:\/\/denizcankizil.tr\/de\/haberler\/gundem\/ferdi-tayfurun-naasi-istanbula-gonderildi\/"]}]},{"@type":"BreadcrumbList","@id":"http:\/\/denizcankizil.tr\/de\/haberler\/gundem\/ferdi-tayfurun-naasi-istanbula-gonderildi\/#breadcrumb","itemListElement":[{"@type":"ListItem","position":1,"name":"Home","item":"https:\/\/denizcankizil.tr\/de\/"},{"@type":"ListItem","position":2,"name":"Ferdi Tayfur&#8217;un naa\u015f\u0131 \u0130stanbul&#8217;a g\u00f6nderildi"}]},{"@type":"WebSite","@id":"https:\/\/denizcankizil.tr\/de\/#website","url":"https:\/\/denizcankizil.tr\/de\/","name":"Av. Deniz Can K\u0131z\u0131l","description":"Avukat Deniz Can K\u0131z\u0131l Antalya Barosu","publisher":{"@id":"https:\/\/denizcankizil.tr\/de\/#organization"},"potentialAction":[{"@type":"SearchAction","target":{"@type":"EntryPoint","urlTemplate":"https:\/\/denizcankizil.tr\/de\/?s={search_term_string}"},"query-input":{"@type":"PropertyValueSpecification","valueRequired":true,"valueName":"search_term_string"}}],"inLanguage":"en-GB"},{"@type":"Organization","@id":"https:\/\/denizcankizil.tr\/de\/#organization","name":"Av. Deniz Can K\u0131z\u0131l","url":"https:\/\/denizcankizil.tr\/de\/","logo":{"@type":"ImageObject","inLanguage":"en-GB","@id":"https:\/\/denizcankizil.tr\/de\/#\/schema\/logo\/image\/","url":"https:\/\/denizcankizil.tr\/wp-content\/uploads\/2024\/10\/siyah-logo-svg.svg","contentUrl":"https:\/\/denizcankizil.tr\/wp-content\/uploads\/2024\/10\/siyah-logo-svg.svg","width":1080,"height":1080,"caption":"Av. Deniz Can K\u0131z\u0131l"},"image":{"@id":"https:\/\/denizcankizil.tr\/de\/#\/schema\/logo\/image\/"}}]}},"_links":{"self":[{"href":"https:\/\/denizcankizil.tr\/en\/wp-json\/wp\/v2\/posts\/23592","targetHints":{"allow":["GET"]}}],"collection":[{"href":"https:\/\/denizcankizil.tr\/en\/wp-json\/wp\/v2\/posts"}],"about":[{"href":"https:\/\/denizcankizil.tr\/en\/wp-json\/wp\/v2\/types\/post"}],"replies":[{"embeddable":true,"href":"https:\/\/denizcankizil.tr\/en\/wp-json\/wp\/v2\/comments?post=23592"}],"version-history":[{"count":0,"href":"https:\/\/denizcankizil.tr\/en\/wp-json\/wp\/v2\/posts\/23592\/revisions"}],"wp:attachment":[{"href":"https:\/\/denizcankizil.tr\/en\/wp-json\/wp\/v2\/media?parent=23592"}],"wp:term":[{"taxonomy":"category","embeddable":true,"href":"https:\/\/denizcankizil.tr\/en\/wp-json\/wp\/v2\/categories?post=23592"},{"taxonomy":"post_tag","embeddable":true,"href":"https:\/\/denizcankizil.tr\/en\/wp-json\/wp\/v2\/tags?post=23592"}],"curies":[{"name":"wp","href":"https:\/\/api.w.org\/{rel}","templated":true}]}}