{"id":23489,"date":"2025-01-02T17:41:29","date_gmt":"2025-01-02T14:41:29","guid":{"rendered":"https:\/\/denizcankizil.tr\/uncategorized-tr\/muftu-avcidan-regaip-kandili-ve-uc-aylar-mesaji\/"},"modified":"2025-01-02T17:41:29","modified_gmt":"2025-01-02T14:41:29","slug":"muftu-avcidan-regaip-kandili-ve-uc-aylar-mesaji","status":"publish","type":"post","link":"https:\/\/denizcankizil.tr\/en\/haberler\/gundem\/muftu-avcidan-regaip-kandili-ve-uc-aylar-mesaji\/","title":{"rendered":"M\u00fcft\u00fc Avc\u0131\u2019dan Regaip Kandili ve \u00dc\u00e7 Aylar Mesaj\u0131"},"content":{"rendered":"<p>\u0130skenderun \u0130l\u00e7e M\u00fcft\u00fcs\u00fc Avc\u0131, mesaj\u0131nda \u201cT\u00fcm vatanda\u015flar\u0131m\u0131z\u0131n \u00dc\u00e7 Aylar\u0131n\u0131 tebrik ediyor, Regaip Kandili\u2019nin hay\u0131rlara vesile olmas\u0131n\u0131 diliyorum. Bilindi\u011fi \u00fczere \u00dc\u00e7 Aylar; Recep, \u015eaban ve Ramazan aylar\u0131ndan olu\u015fmaktad\u0131r. \u015eu anda \u00dc\u00e7 Aylar\u0131n ilki olan Recep ay\u0131n\u0131 idrak etmekteyiz. Bu aylar, ibadetlerin daha yo\u011funla\u015ft\u0131\u011f\u0131 ve Rabbimizin kullar\u0131na dikkatlerini ibadete y\u00f6neltmeleri i\u00e7in hediye etti\u011fi m\u00fcbarek bir zaman dilimidir\u201d dedi.<\/p>\n<p>Regaip Kandili\u2019nin \u00f6nemine de\u011finen M\u00fcft\u00fc Avc\u0131, Peygamber Efendimiz\u2019in hadis-i \u015ferifinden al\u0131nt\u0131 yaparak \u015fu bilgileri payla\u015ft\u0131: \u201cBe\u015f gece vard\u0131r ki bu gecelerde yap\u0131lan dualar geri \u00e7evrilmez. Bunlardan biri Recep ay\u0131n\u0131n ilk Cuma gecesi olan Regaip Kandili, di\u011feri \u015eaban ay\u0131n\u0131n ortas\u0131ndaki Berat Kandili, her hafta Per\u015fembe\u2019yi Cuma\u2019ya ba\u011flayan gece, Ramazan Bayram\u0131 gecesi ve Kurban Bayram\u0131 gecesidir. Bu geceler, dualar\u0131n kabul oldu\u011fu \u00f6zel zaman dilimlerindendir. Bug\u00fcn, Per\u015fembe\u2019yi Cuma\u2019ya ba\u011flayan geceyi idrak edece\u011fimiz Regaip Kandili de bu \u00f6nemli gecelerden biridir.\u201d<\/p>\n<p>M\u00fcft\u00fc Avc\u0131, vatanda\u015flar\u0131n bu m\u00fcbarek g\u00fcnleri ibadet, dua ve tefekk\u00fcrle de\u011ferlendirmesi gerekti\u011fini vurgulad\u0131. Regaip Kandili\u2019nin, \u0130slam \u00e2lemine bar\u0131\u015f, huzur ve hay\u0131rlar getirmesi temennisinde bulundu.<\/p>\n<p>\u200bRegaip Kandili ve \u00dc\u00e7 Aylar dolay\u0131s\u0131yla bir mesaj yay\u0131mlayarak t\u00fcm vatanda\u015flar\u0131n m\u00fcbarek g\u00fcnlerini tebrik eden \u0130skenderun \u0130l\u00e7e M\u00fcft\u00fcs\u00fc Ramazan Avc\u0131, bu anlaml\u0131 g\u00fcnlerin ibadet ve dualar a\u00e7\u0131s\u0131ndan \u00f6nemine dikkat \u00e7ekti.\u00a0<\/p>\n<p>\u200bHaberin Al\u0131nt\u0131land\u0131\u011f\u0131 Kaynak: www.iskenderun.org<\/p>","protected":false},"excerpt":{"rendered":"<p>\u0130skenderun \u0130l\u00e7e M\u00fcft\u00fcs\u00fc Avc\u0131, mesaj\u0131nda \u201cT\u00fcm vatanda\u015flar\u0131m\u0131z\u0131n \u00dc\u00e7 Aylar\u0131n\u0131 tebrik ediyor, Regaip Kandili\u2019nin hay\u0131rlara vesile olmas\u0131n\u0131 diliyorum. Bilindi\u011fi \u00fczere \u00dc\u00e7 Aylar; Recep, \u015eaban ve Ramazan aylar\u0131ndan olu\u015fmaktad\u0131r. \u015eu anda \u00dc\u00e7 Aylar\u0131n ilki olan Recep ay\u0131n\u0131 idrak etmekteyiz. Bu aylar, ibadetlerin daha yo\u011funla\u015ft\u0131\u011f\u0131 ve Rabbimizin kullar\u0131na dikkatlerini ibadete y\u00f6neltmeleri i\u00e7in hediye etti\u011fi m\u00fcbarek bir zaman dilimidir\u201d dedi. Regaip Kandili\u2019nin \u00f6nemine de\u011finen M\u00fcft\u00fc Avc\u0131, Peygamber Efendimiz\u2019in hadis-i \u015ferifinden al\u0131nt\u0131 yaparak \u015fu bilgileri payla\u015ft\u0131: \u201cBe\u015f gece vard\u0131r ki bu gecelerde yap\u0131lan dualar geri \u00e7evrilmez. Bunlardan biri Recep ay\u0131n\u0131n ilk Cuma gecesi olan Regaip Kandili, di\u011feri \u015eaban ay\u0131n\u0131n ortas\u0131ndaki Berat Kandili, her hafta Per\u015fembe\u2019yi Cuma\u2019ya ba\u011flayan gece, Ramazan Bayram\u0131 gecesi ve Kurban Bayram\u0131 gecesidir. Bu geceler, dualar\u0131n kabul oldu\u011fu \u00f6zel zaman dilimlerindendir. Bug\u00fcn, Per\u015fembe\u2019yi Cuma\u2019ya ba\u011flayan geceyi idrak edece\u011fimiz Regaip Kandili de bu \u00f6nemli gecelerden biridir.\u201d M\u00fcft\u00fc Avc\u0131, vatanda\u015flar\u0131n bu m\u00fcbarek g\u00fcnleri ibadet, dua ve tefekk\u00fcrle de\u011ferlendirmesi gerekti\u011fini vurgulad\u0131. Regaip Kandili\u2019nin, \u0130slam \u00e2lemine bar\u0131\u015f, huzur ve hay\u0131rlar getirmesi temennisinde bulundu. \u200bRegaip Kandili ve \u00dc\u00e7 Aylar dolay\u0131s\u0131yla bir mesaj yay\u0131mlayarak t\u00fcm vatanda\u015flar\u0131n m\u00fcbarek g\u00fcnlerini tebrik eden \u0130skenderun \u0130l\u00e7e M\u00fcft\u00fcs\u00fc Ramazan Avc\u0131, bu anlaml\u0131 g\u00fcnlerin ibadet ve dualar a\u00e7\u0131s\u0131ndan \u00f6nemine dikkat \u00e7ekti.\u00a0 \u200bHaberin Al\u0131nt\u0131land\u0131\u011f\u0131 Kaynak: www.iskenderun.org<\/p>","protected":false},"author":0,"featured_media":0,"comment_status":"open","ping_status":"open","sticky":false,"template":"","format":"standard","meta":{"_acf_changed":false,"footnotes":""},"categories":[24,535],"tags":[],"class_list":["post-23489","post","type-post","status-publish","format-standard","has-post-thumbnail","hentry","category-gundem","category-uncategorized-tr"],"acf":[],"yoast_head":"<!-- This site is optimized with the Yoast SEO Premium plugin v26.6 (Yoast SEO v27.1.1) - https:\/\/yoast.com\/product\/yoast-seo-premium-wordpress\/ -->\n<title>M\u00fcft\u00fc Avc\u0131\u2019dan Regaip Kandili ve \u00dc\u00e7 Aylar Mesaj\u0131 - Av. Deniz Can K\u0131z\u0131l<\/title>\n<meta name=\"robots\" content=\"index, follow, max-snippet:-1, max-image-preview:large, max-video-preview:-1\" \/>\n<link rel=\"canonical\" href=\"https:\/\/denizcankizil.tr\/en\/haberler\/gundem\/muftu-avcidan-regaip-kandili-ve-uc-aylar-mesaji\/\" \/>\n<meta property=\"og:locale\" content=\"en_GB\" \/>\n<meta property=\"og:type\" content=\"article\" \/>\n<meta property=\"og:title\" content=\"M\u00fcft\u00fc Avc\u0131\u2019dan Regaip Kandili ve \u00dc\u00e7 Aylar Mesaj\u0131\" \/>\n<meta property=\"og:description\" content=\"\u0130skenderun \u0130l\u00e7e M\u00fcft\u00fcs\u00fc Avc\u0131, mesaj\u0131nda \u201cT\u00fcm vatanda\u015flar\u0131m\u0131z\u0131n \u00dc\u00e7 Aylar\u0131n\u0131 tebrik ediyor, Regaip Kandili\u2019nin hay\u0131rlara vesile olmas\u0131n\u0131 diliyorum. Bilindi\u011fi \u00fczere \u00dc\u00e7 Aylar; Recep, \u015eaban ve Ramazan aylar\u0131ndan olu\u015fmaktad\u0131r. \u015eu anda \u00dc\u00e7 Aylar\u0131n ilki olan Recep ay\u0131n\u0131 idrak etmekteyiz. Bu aylar, ibadetlerin daha yo\u011funla\u015ft\u0131\u011f\u0131 ve Rabbimizin kullar\u0131na dikkatlerini ibadete y\u00f6neltmeleri i\u00e7in hediye etti\u011fi m\u00fcbarek bir zaman dilimidir\u201d dedi. Regaip Kandili\u2019nin \u00f6nemine de\u011finen M\u00fcft\u00fc Avc\u0131, Peygamber Efendimiz\u2019in hadis-i \u015ferifinden al\u0131nt\u0131 yaparak \u015fu bilgileri payla\u015ft\u0131: \u201cBe\u015f gece vard\u0131r ki bu gecelerde yap\u0131lan dualar geri \u00e7evrilmez. Bunlardan biri Recep ay\u0131n\u0131n ilk Cuma gecesi olan Regaip Kandili, di\u011feri \u015eaban ay\u0131n\u0131n ortas\u0131ndaki Berat Kandili, her hafta Per\u015fembe\u2019yi Cuma\u2019ya ba\u011flayan gece, Ramazan Bayram\u0131 gecesi ve Kurban Bayram\u0131 gecesidir. Bu geceler, dualar\u0131n kabul oldu\u011fu \u00f6zel zaman dilimlerindendir. Bug\u00fcn, Per\u015fembe\u2019yi Cuma\u2019ya ba\u011flayan geceyi idrak edece\u011fimiz Regaip Kandili de bu \u00f6nemli gecelerden biridir.\u201d M\u00fcft\u00fc Avc\u0131, vatanda\u015flar\u0131n bu m\u00fcbarek g\u00fcnleri ibadet, dua ve tefekk\u00fcrle de\u011ferlendirmesi gerekti\u011fini vurgulad\u0131. Regaip Kandili\u2019nin, \u0130slam \u00e2lemine bar\u0131\u015f, huzur ve hay\u0131rlar getirmesi temennisinde bulundu. \u200bRegaip Kandili ve \u00dc\u00e7 Aylar dolay\u0131s\u0131yla bir mesaj yay\u0131mlayarak t\u00fcm vatanda\u015flar\u0131n m\u00fcbarek g\u00fcnlerini tebrik eden \u0130skenderun \u0130l\u00e7e M\u00fcft\u00fcs\u00fc Ramazan Avc\u0131, bu anlaml\u0131 g\u00fcnlerin ibadet ve dualar a\u00e7\u0131s\u0131ndan \u00f6nemine dikkat \u00e7ekti.\u00a0 \u200bHaberin Al\u0131nt\u0131land\u0131\u011f\u0131 Kaynak: www.iskenderun.org\" \/>\n<meta property=\"og:url\" content=\"https:\/\/denizcankizil.tr\/en\/haberler\/gundem\/muftu-avcidan-regaip-kandili-ve-uc-aylar-mesaji\/\" \/>\n<meta property=\"og:site_name\" content=\"Av. Deniz Can K\u0131z\u0131l\" \/>\n<meta property=\"article:published_time\" content=\"2025-01-02T14:41:29+00:00\" \/>\n<meta name=\"twitter:card\" content=\"summary_large_image\" \/>\n<meta name=\"twitter:label1\" content=\"Estimated reading time\" \/>\n\t<meta name=\"twitter:data1\" content=\"1 minute\" \/>\n<script type=\"application\/ld+json\" class=\"yoast-schema-graph\">{\"@context\":\"https:\/\/schema.org\",\"@graph\":[{\"@type\":\"Article\",\"@id\":\"https:\/\/denizcankizil.tr\/ru\/haberler\/gundem\/muftu-avcidan-regaip-kandili-ve-uc-aylar-mesaji\/#article\",\"isPartOf\":{\"@id\":\"https:\/\/denizcankizil.tr\/ru\/haberler\/gundem\/muftu-avcidan-regaip-kandili-ve-uc-aylar-mesaji\/\"},\"author\":{\"name\":\"\",\"@id\":\"\"},\"headline\":\"M\u00fcft\u00fc Avc\u0131\u2019dan Regaip Kandili ve \u00dc\u00e7 Aylar Mesaj\u0131\",\"datePublished\":\"2025-01-02T14:41:29+00:00\",\"mainEntityOfPage\":{\"@id\":\"https:\/\/denizcankizil.tr\/ru\/haberler\/gundem\/muftu-avcidan-regaip-kandili-ve-uc-aylar-mesaji\/\"},\"wordCount\":275,\"commentCount\":0,\"publisher\":{\"@id\":\"https:\/\/denizcankizil.tr\/de\/#organization\"},\"articleSection\":[\"G\u00fcndem\",\"Uncategorized\"],\"inLanguage\":\"en-GB\",\"potentialAction\":[{\"@type\":\"CommentAction\",\"name\":\"Comment\",\"target\":[\"https:\/\/denizcankizil.tr\/ru\/haberler\/gundem\/muftu-avcidan-regaip-kandili-ve-uc-aylar-mesaji\/#respond\"]}]},{\"@type\":\"WebPage\",\"@id\":\"https:\/\/denizcankizil.tr\/ru\/haberler\/gundem\/muftu-avcidan-regaip-kandili-ve-uc-aylar-mesaji\/\",\"url\":\"https:\/\/denizcankizil.tr\/ru\/haberler\/gundem\/muftu-avcidan-regaip-kandili-ve-uc-aylar-mesaji\/\",\"name\":\"M\u00fcft\u00fc Avc\u0131\u2019dan Regaip Kandili ve \u00dc\u00e7 Aylar Mesaj\u0131 - Av. Deniz Can K\u0131z\u0131l\",\"isPartOf\":{\"@id\":\"https:\/\/denizcankizil.tr\/de\/#website\"},\"datePublished\":\"2025-01-02T14:41:29+00:00\",\"breadcrumb\":{\"@id\":\"https:\/\/denizcankizil.tr\/ru\/haberler\/gundem\/muftu-avcidan-regaip-kandili-ve-uc-aylar-mesaji\/#breadcrumb\"},\"inLanguage\":\"en-GB\",\"potentialAction\":[{\"@type\":\"ReadAction\",\"target\":[\"https:\/\/denizcankizil.tr\/ru\/haberler\/gundem\/muftu-avcidan-regaip-kandili-ve-uc-aylar-mesaji\/\"]}]},{\"@type\":\"BreadcrumbList\",\"@id\":\"https:\/\/denizcankizil.tr\/ru\/haberler\/gundem\/muftu-avcidan-regaip-kandili-ve-uc-aylar-mesaji\/#breadcrumb\",\"itemListElement\":[{\"@type\":\"ListItem\",\"position\":1,\"name\":\"Home\",\"item\":\"https:\/\/denizcankizil.tr\/de\/\"},{\"@type\":\"ListItem\",\"position\":2,\"name\":\"M\u00fcft\u00fc Avc\u0131\u2019dan Regaip Kandili ve \u00dc\u00e7 Aylar Mesaj\u0131\"}]},{\"@type\":\"WebSite\",\"@id\":\"https:\/\/denizcankizil.tr\/de\/#website\",\"url\":\"https:\/\/denizcankizil.tr\/de\/\",\"name\":\"Av. Deniz Can K\u0131z\u0131l\",\"description\":\"Avukat Deniz Can K\u0131z\u0131l Antalya Barosu\",\"publisher\":{\"@id\":\"https:\/\/denizcankizil.tr\/de\/#organization\"},\"potentialAction\":[{\"@type\":\"SearchAction\",\"target\":{\"@type\":\"EntryPoint\",\"urlTemplate\":\"https:\/\/denizcankizil.tr\/de\/?s={search_term_string}\"},\"query-input\":{\"@type\":\"PropertyValueSpecification\",\"valueRequired\":true,\"valueName\":\"search_term_string\"}}],\"inLanguage\":\"en-GB\"},{\"@type\":\"Organization\",\"@id\":\"https:\/\/denizcankizil.tr\/de\/#organization\",\"name\":\"Av. Deniz Can K\u0131z\u0131l\",\"url\":\"https:\/\/denizcankizil.tr\/de\/\",\"logo\":{\"@type\":\"ImageObject\",\"inLanguage\":\"en-GB\",\"@id\":\"https:\/\/denizcankizil.tr\/de\/#\/schema\/logo\/image\/\",\"url\":\"https:\/\/denizcankizil.tr\/wp-content\/uploads\/2024\/10\/siyah-logo-svg.svg\",\"contentUrl\":\"https:\/\/denizcankizil.tr\/wp-content\/uploads\/2024\/10\/siyah-logo-svg.svg\",\"width\":1080,\"height\":1080,\"caption\":\"Av. Deniz Can K\u0131z\u0131l\"},\"image\":{\"@id\":\"https:\/\/denizcankizil.tr\/de\/#\/schema\/logo\/image\/\"}}]}<\/script>\n<!-- \/ Yoast SEO Premium plugin. -->","yoast_head_json":{"title":"M\u00fcft\u00fc Avc\u0131\u2019dan Regaip Kandili ve \u00dc\u00e7 Aylar Mesaj\u0131 - Av. Deniz Can K\u0131z\u0131l","robots":{"index":"index","follow":"follow","max-snippet":"max-snippet:-1","max-image-preview":"max-image-preview:large","max-video-preview":"max-video-preview:-1"},"canonical":"https:\/\/denizcankizil.tr\/en\/haberler\/gundem\/muftu-avcidan-regaip-kandili-ve-uc-aylar-mesaji\/","og_locale":"en_GB","og_type":"article","og_title":"M\u00fcft\u00fc Avc\u0131\u2019dan Regaip Kandili ve \u00dc\u00e7 Aylar Mesaj\u0131","og_description":"\u0130skenderun \u0130l\u00e7e M\u00fcft\u00fcs\u00fc Avc\u0131, mesaj\u0131nda \u201cT\u00fcm vatanda\u015flar\u0131m\u0131z\u0131n \u00dc\u00e7 Aylar\u0131n\u0131 tebrik ediyor, Regaip Kandili\u2019nin hay\u0131rlara vesile olmas\u0131n\u0131 diliyorum. Bilindi\u011fi \u00fczere \u00dc\u00e7 Aylar; Recep, \u015eaban ve Ramazan aylar\u0131ndan olu\u015fmaktad\u0131r. \u015eu anda \u00dc\u00e7 Aylar\u0131n ilki olan Recep ay\u0131n\u0131 idrak etmekteyiz. Bu aylar, ibadetlerin daha yo\u011funla\u015ft\u0131\u011f\u0131 ve Rabbimizin kullar\u0131na dikkatlerini ibadete y\u00f6neltmeleri i\u00e7in hediye etti\u011fi m\u00fcbarek bir zaman dilimidir\u201d dedi. Regaip Kandili\u2019nin \u00f6nemine de\u011finen M\u00fcft\u00fc Avc\u0131, Peygamber Efendimiz\u2019in hadis-i \u015ferifinden al\u0131nt\u0131 yaparak \u015fu bilgileri payla\u015ft\u0131: \u201cBe\u015f gece vard\u0131r ki bu gecelerde yap\u0131lan dualar geri \u00e7evrilmez. Bunlardan biri Recep ay\u0131n\u0131n ilk Cuma gecesi olan Regaip Kandili, di\u011feri \u015eaban ay\u0131n\u0131n ortas\u0131ndaki Berat Kandili, her hafta Per\u015fembe\u2019yi Cuma\u2019ya ba\u011flayan gece, Ramazan Bayram\u0131 gecesi ve Kurban Bayram\u0131 gecesidir. Bu geceler, dualar\u0131n kabul oldu\u011fu \u00f6zel zaman dilimlerindendir. Bug\u00fcn, Per\u015fembe\u2019yi Cuma\u2019ya ba\u011flayan geceyi idrak edece\u011fimiz Regaip Kandili de bu \u00f6nemli gecelerden biridir.\u201d M\u00fcft\u00fc Avc\u0131, vatanda\u015flar\u0131n bu m\u00fcbarek g\u00fcnleri ibadet, dua ve tefekk\u00fcrle de\u011ferlendirmesi gerekti\u011fini vurgulad\u0131. Regaip Kandili\u2019nin, \u0130slam \u00e2lemine bar\u0131\u015f, huzur ve hay\u0131rlar getirmesi temennisinde bulundu. \u200bRegaip Kandili ve \u00dc\u00e7 Aylar dolay\u0131s\u0131yla bir mesaj yay\u0131mlayarak t\u00fcm vatanda\u015flar\u0131n m\u00fcbarek g\u00fcnlerini tebrik eden \u0130skenderun \u0130l\u00e7e M\u00fcft\u00fcs\u00fc Ramazan Avc\u0131, bu anlaml\u0131 g\u00fcnlerin ibadet ve dualar a\u00e7\u0131s\u0131ndan \u00f6nemine dikkat \u00e7ekti.\u00a0 \u200bHaberin Al\u0131nt\u0131land\u0131\u011f\u0131 Kaynak: www.iskenderun.org","og_url":"https:\/\/denizcankizil.tr\/en\/haberler\/gundem\/muftu-avcidan-regaip-kandili-ve-uc-aylar-mesaji\/","og_site_name":"Av. Deniz Can K\u0131z\u0131l","article_published_time":"2025-01-02T14:41:29+00:00","twitter_card":"summary_large_image","twitter_misc":{"Estimated reading time":"1 minute"},"schema":{"@context":"https:\/\/schema.org","@graph":[{"@type":"Article","@id":"https:\/\/denizcankizil.tr\/ru\/haberler\/gundem\/muftu-avcidan-regaip-kandili-ve-uc-aylar-mesaji\/#article","isPartOf":{"@id":"https:\/\/denizcankizil.tr\/ru\/haberler\/gundem\/muftu-avcidan-regaip-kandili-ve-uc-aylar-mesaji\/"},"author":{"name":"","@id":""},"headline":"M\u00fcft\u00fc Avc\u0131\u2019dan Regaip Kandili ve \u00dc\u00e7 Aylar Mesaj\u0131","datePublished":"2025-01-02T14:41:29+00:00","mainEntityOfPage":{"@id":"https:\/\/denizcankizil.tr\/ru\/haberler\/gundem\/muftu-avcidan-regaip-kandili-ve-uc-aylar-mesaji\/"},"wordCount":275,"commentCount":0,"publisher":{"@id":"https:\/\/denizcankizil.tr\/de\/#organization"},"articleSection":["G\u00fcndem","Uncategorized"],"inLanguage":"en-GB","potentialAction":[{"@type":"CommentAction","name":"Comment","target":["https:\/\/denizcankizil.tr\/ru\/haberler\/gundem\/muftu-avcidan-regaip-kandili-ve-uc-aylar-mesaji\/#respond"]}]},{"@type":"WebPage","@id":"https:\/\/denizcankizil.tr\/ru\/haberler\/gundem\/muftu-avcidan-regaip-kandili-ve-uc-aylar-mesaji\/","url":"https:\/\/denizcankizil.tr\/ru\/haberler\/gundem\/muftu-avcidan-regaip-kandili-ve-uc-aylar-mesaji\/","name":"M\u00fcft\u00fc Avc\u0131\u2019dan Regaip Kandili ve \u00dc\u00e7 Aylar Mesaj\u0131 - Av. Deniz Can K\u0131z\u0131l","isPartOf":{"@id":"https:\/\/denizcankizil.tr\/de\/#website"},"datePublished":"2025-01-02T14:41:29+00:00","breadcrumb":{"@id":"https:\/\/denizcankizil.tr\/ru\/haberler\/gundem\/muftu-avcidan-regaip-kandili-ve-uc-aylar-mesaji\/#breadcrumb"},"inLanguage":"en-GB","potentialAction":[{"@type":"ReadAction","target":["https:\/\/denizcankizil.tr\/ru\/haberler\/gundem\/muftu-avcidan-regaip-kandili-ve-uc-aylar-mesaji\/"]}]},{"@type":"BreadcrumbList","@id":"https:\/\/denizcankizil.tr\/ru\/haberler\/gundem\/muftu-avcidan-regaip-kandili-ve-uc-aylar-mesaji\/#breadcrumb","itemListElement":[{"@type":"ListItem","position":1,"name":"Home","item":"https:\/\/denizcankizil.tr\/de\/"},{"@type":"ListItem","position":2,"name":"M\u00fcft\u00fc Avc\u0131\u2019dan Regaip Kandili ve \u00dc\u00e7 Aylar Mesaj\u0131"}]},{"@type":"WebSite","@id":"https:\/\/denizcankizil.tr\/de\/#website","url":"https:\/\/denizcankizil.tr\/de\/","name":"Av. Deniz Can K\u0131z\u0131l","description":"Avukat Deniz Can K\u0131z\u0131l Antalya Barosu","publisher":{"@id":"https:\/\/denizcankizil.tr\/de\/#organization"},"potentialAction":[{"@type":"SearchAction","target":{"@type":"EntryPoint","urlTemplate":"https:\/\/denizcankizil.tr\/de\/?s={search_term_string}"},"query-input":{"@type":"PropertyValueSpecification","valueRequired":true,"valueName":"search_term_string"}}],"inLanguage":"en-GB"},{"@type":"Organization","@id":"https:\/\/denizcankizil.tr\/de\/#organization","name":"Av. Deniz Can K\u0131z\u0131l","url":"https:\/\/denizcankizil.tr\/de\/","logo":{"@type":"ImageObject","inLanguage":"en-GB","@id":"https:\/\/denizcankizil.tr\/de\/#\/schema\/logo\/image\/","url":"https:\/\/denizcankizil.tr\/wp-content\/uploads\/2024\/10\/siyah-logo-svg.svg","contentUrl":"https:\/\/denizcankizil.tr\/wp-content\/uploads\/2024\/10\/siyah-logo-svg.svg","width":1080,"height":1080,"caption":"Av. Deniz Can K\u0131z\u0131l"},"image":{"@id":"https:\/\/denizcankizil.tr\/de\/#\/schema\/logo\/image\/"}}]}},"_links":{"self":[{"href":"https:\/\/denizcankizil.tr\/en\/wp-json\/wp\/v2\/posts\/23489","targetHints":{"allow":["GET"]}}],"collection":[{"href":"https:\/\/denizcankizil.tr\/en\/wp-json\/wp\/v2\/posts"}],"about":[{"href":"https:\/\/denizcankizil.tr\/en\/wp-json\/wp\/v2\/types\/post"}],"replies":[{"embeddable":true,"href":"https:\/\/denizcankizil.tr\/en\/wp-json\/wp\/v2\/comments?post=23489"}],"version-history":[{"count":0,"href":"https:\/\/denizcankizil.tr\/en\/wp-json\/wp\/v2\/posts\/23489\/revisions"}],"wp:attachment":[{"href":"https:\/\/denizcankizil.tr\/en\/wp-json\/wp\/v2\/media?parent=23489"}],"wp:term":[{"taxonomy":"category","embeddable":true,"href":"https:\/\/denizcankizil.tr\/en\/wp-json\/wp\/v2\/categories?post=23489"},{"taxonomy":"post_tag","embeddable":true,"href":"https:\/\/denizcankizil.tr\/en\/wp-json\/wp\/v2\/tags?post=23489"}],"curies":[{"name":"wp","href":"https:\/\/api.w.org\/{rel}","templated":true}]}}