{"id":2260,"date":"2024-10-13T19:09:24","date_gmt":"2024-10-13T16:09:24","guid":{"rendered":"https:\/\/denizcankizil.tr\/uncategorized\/kocaeli-destekledi-ureticinin-yuzu-guldu\/"},"modified":"2024-10-13T19:09:24","modified_gmt":"2024-10-13T16:09:24","slug":"kocaeli-destekledi-ureticinin-yuzu-guldu","status":"publish","type":"post","link":"https:\/\/denizcankizil.tr\/en\/haberler\/gundem\/kocaeli-destekledi-ureticinin-yuzu-guldu\/","title":{"rendered":"Kocaeli destekledi, \u00fcreticinin y\u00fcz\u00fc g\u00fcld\u00fc"},"content":{"rendered":"<p>Koaeli B\u00fcy\u00fck\u015fehir Belediyesi&#8217;nin m\u0131s\u0131r tohumu ve g\u00fcbre deste\u011finden yararlanan \u00e7ift\u00e7ilerin hasat mesaisi s\u00fcr\u00fcyor.KOCAEL\u0130 (\u0130GFA) &#8211; Kocaeli B\u00fcy\u00fck\u015fehir Belediye Ba\u015fkan\u0131 Tahir B\u00fcy\u00fckak\u0131n, K\u00f6rfez Cumak\u00f6y\u2019de bi\u00e7erd\u00f6verin direksiyonuna ge\u00e7erek, \u00e7ift\u00e7ilerle birlikte m\u0131s\u0131r hasad\u0131 yapt\u0131.<br \/>\nBa\u015fkan B\u00fcy\u00fckak\u0131n, b\u00f6lgede \u00fcretimin artmas\u0131ndan duydu\u011fu memnuniyeti ifade etti.<br \/>\nK\u00f6rfez il\u00e7esi Cumak\u00f6y\u2019de devam eden m\u0131s\u0131r hasad\u0131na kat\u0131larak bi\u00e7erd\u00f6verin direksiyonuna ge\u00e7en Ba\u015fkan B\u00fcy\u00fckak\u0131n, 5 y\u0131lda altyap\u0131 yat\u0131r\u0131mlar\u0131 hari\u00e7 yakla\u015f\u0131k 1 milyar TL \u00fcreticilere destek sa\u011flad\u0131klar\u0131n\u0131 belirtti.<br \/>\nKocaeli B\u00fcy\u00fck\u015fehir Belediyesi&#8217;nin \u00fcreticilerin hep yan\u0131nda olduklar\u0131n\u0131 belirterek, &#8220;Topra\u011f\u0131m\u0131 terk etmeyece\u011fim, \u00fcretim yapmak istiyorum diyen her \u00fcreticimize destekler verdik. \u00c7ok \u015f\u00fck\u00fcr bunlar\u0131n milli ekonomiye d\u00f6n\u00fc\u015f\u00fcn\u00fc g\u00f6rmekten \u00e7ok mutluyuz. Tek dile\u011fimiz \u015fehrimizde ekilmedik tek bir tar\u0131msal alan kalmamas\u0131. Bu konuda \u00fczerimize d\u00fc\u015fen ne varsa yapmaya devam edece\u011fiz\u201d dedi.<\/p>\n<p>MISIR TOHUMU VE G\u00dcBRE DESTE\u011e\u0130<br \/>\nMuhtarl\u0131k \u0130\u015fleri Dairesi Ba\u015fkanl\u0131\u011f\u0131 Tar\u0131msal Hizmetler \u015eube M\u00fcd\u00fcrl\u00fc\u011f\u00fcnce il genelinde y\u00fcr\u00fct\u00fclen yem bitkisi tohumu destekleme projesi kapsam\u0131nda, talebi al\u0131nan bin 800 \u00e7ift\u00e7iye y\u00fczde 50 hibeli 23 bin paket kat\u0131 organomineral taban g\u00fcbresi ile 2 bin 200 paket dane m\u0131s\u0131r ve 3 bin paket silajl\u0131k m\u0131s\u0131rtohumu verildi. Tamam\u0131 hibe mazot deste\u011fiyle birlikte, k\u00fc\u00e7\u00fck ve b\u00fcy\u00fckba\u015f hayvanlar i\u00e7in yem olarak kullan\u0131lan m\u0131s\u0131r tohumlar\u0131n\u0131 toprakla bulu\u015fturan \u00e7ift\u00e7iler, olgunlu\u011fa ula\u015fan \u00fcr\u00fcnlerinin hasad\u0131na ba\u015flad\u0131. Bi\u00e7erd\u00f6verlerle tarladaki silaj m\u0131s\u0131rlar\u0131n k\u0131sa s\u00fcrede hasad\u0131 yap\u0131l\u0131yor ve yemlik olarak kullan\u0131ma haz\u0131r hale getiriliyor. Tohum, g\u00fcbre ve mazot deste\u011fi ile bu y\u0131l Kocaeli genelinde 37 bin dekar tarlada m\u0131s\u0131r ekildi.<br \/>\nKocaeli B\u00fcy\u00fck\u015fehir Belediye Ba\u015fkan\u0131 Tahir B\u00fcy\u00fckak\u0131n, K\u00f6rfez Cumak\u00f6y\u2019de bi\u00e7erd\u00f6verin direksiyonuna ge\u00e7erek, \u00e7ift\u00e7ilerle birlikte m\u0131s\u0131r hasad\u0131 yapt\u0131. Ba\u015fkan B\u00fcy\u00fckak\u0131n, b\u00f6lgede \u00fcretimin artmas\u0131ndan duydu\u011fu memnuniyeti ifade etti. Ba\u015fkan B\u00fcy\u00fckak\u0131n, \u2018\u2019B\u00fcy\u00fck\u015fehir olarak tar\u0131m\u0131n hemen her alan\u0131na yakla\u015f\u0131k 1 milyar TL\u2019lik destek sunduk. Bu desteklerin kar\u015f\u0131l\u0131\u011f\u0131n\u0131n al\u0131nd\u0131\u011f\u0131n\u0131, \u00e7ift\u00e7inin desteklerimizden memnun ve \u00fcretimden mutlu oldu\u011funu g\u00f6rmek bizi de mutlu ediyor. Kocaeli\u2019de ekilmedik toprak kalmayana kadar tar\u0131ma deste\u011fe devam edece\u011fiz\u2019\u2019 dedi.<\/p>\n<p>\u200bKoaeli B\u00fcy\u00fck\u015fehir Belediyesi&#8217;nin m\u0131s\u0131r tohumu ve g\u00fcbre deste\u011finden yararlanan \u00e7ift\u00e7ilerin hasat mesaisi s\u00fcr\u00fcyor\u00a0<\/p>\n<p>\u200biskenderun<\/p>","protected":false},"excerpt":{"rendered":"<p>Koaeli B\u00fcy\u00fck\u015fehir Belediyesi&#8217;nin m\u0131s\u0131r tohumu ve g\u00fcbre deste\u011finden yararlanan \u00e7ift\u00e7ilerin hasat mesaisi s\u00fcr\u00fcyor.KOCAEL\u0130 (\u0130GFA) &#8211; Kocaeli B\u00fcy\u00fck\u015fehir Belediye Ba\u015fkan\u0131 Tahir B\u00fcy\u00fckak\u0131n, K\u00f6rfez Cumak\u00f6y\u2019de bi\u00e7erd\u00f6verin direksiyonuna ge\u00e7erek, \u00e7ift\u00e7ilerle birlikte m\u0131s\u0131r hasad\u0131 yapt\u0131. Ba\u015fkan B\u00fcy\u00fckak\u0131n, b\u00f6lgede \u00fcretimin artmas\u0131ndan duydu\u011fu memnuniyeti ifade etti. K\u00f6rfez il\u00e7esi Cumak\u00f6y\u2019de devam eden m\u0131s\u0131r hasad\u0131na kat\u0131larak bi\u00e7erd\u00f6verin direksiyonuna ge\u00e7en Ba\u015fkan B\u00fcy\u00fckak\u0131n, 5 y\u0131lda altyap\u0131 yat\u0131r\u0131mlar\u0131 hari\u00e7 yakla\u015f\u0131k 1 milyar TL \u00fcreticilere destek sa\u011flad\u0131klar\u0131n\u0131 belirtti. Kocaeli B\u00fcy\u00fck\u015fehir Belediyesi&#8217;nin \u00fcreticilerin hep yan\u0131nda olduklar\u0131n\u0131 belirterek, &#8220;Topra\u011f\u0131m\u0131 terk etmeyece\u011fim, \u00fcretim yapmak istiyorum diyen her \u00fcreticimize destekler verdik. \u00c7ok \u015f\u00fck\u00fcr bunlar\u0131n milli ekonomiye d\u00f6n\u00fc\u015f\u00fcn\u00fc g\u00f6rmekten \u00e7ok mutluyuz. Tek dile\u011fimiz \u015fehrimizde ekilmedik tek bir tar\u0131msal alan kalmamas\u0131. Bu konuda \u00fczerimize d\u00fc\u015fen ne varsa yapmaya devam edece\u011fiz\u201d dedi. MISIR TOHUMU VE G\u00dcBRE DESTE\u011e\u0130 Muhtarl\u0131k \u0130\u015fleri Dairesi Ba\u015fkanl\u0131\u011f\u0131 Tar\u0131msal Hizmetler \u015eube M\u00fcd\u00fcrl\u00fc\u011f\u00fcnce il genelinde y\u00fcr\u00fct\u00fclen yem bitkisi tohumu destekleme projesi kapsam\u0131nda, talebi al\u0131nan bin 800 \u00e7ift\u00e7iye y\u00fczde 50 hibeli 23 bin paket kat\u0131 organomineral taban g\u00fcbresi ile 2 bin 200 paket dane m\u0131s\u0131r ve 3 bin paket silajl\u0131k m\u0131s\u0131rtohumu verildi. Tamam\u0131 hibe mazot deste\u011fiyle birlikte, k\u00fc\u00e7\u00fck ve b\u00fcy\u00fckba\u015f hayvanlar i\u00e7in yem olarak kullan\u0131lan m\u0131s\u0131r tohumlar\u0131n\u0131 toprakla bulu\u015fturan \u00e7ift\u00e7iler, olgunlu\u011fa ula\u015fan \u00fcr\u00fcnlerinin hasad\u0131na ba\u015flad\u0131. Bi\u00e7erd\u00f6verlerle tarladaki silaj m\u0131s\u0131rlar\u0131n k\u0131sa s\u00fcrede hasad\u0131 yap\u0131l\u0131yor ve yemlik olarak kullan\u0131ma haz\u0131r &hellip;<\/p>","protected":false},"author":0,"featured_media":0,"comment_status":"open","ping_status":"open","sticky":false,"template":"","format":"standard","meta":{"_acf_changed":false,"footnotes":""},"categories":[24],"tags":[],"class_list":["post-2260","post","type-post","status-publish","format-standard","has-post-thumbnail","hentry","category-gundem"],"acf":[],"yoast_head":"<!-- This site is optimized with the Yoast SEO Premium plugin v26.6 (Yoast SEO v27.1.1) - https:\/\/yoast.com\/product\/yoast-seo-premium-wordpress\/ -->\n<title>Kocaeli destekledi, \u00fcreticinin y\u00fcz\u00fc g\u00fcld\u00fc - Av. Deniz Can K\u0131z\u0131l<\/title>\n<meta name=\"robots\" content=\"index, follow, max-snippet:-1, max-image-preview:large, max-video-preview:-1\" \/>\n<link rel=\"canonical\" href=\"http:\/\/denizcankizil.tr\/en\/haberler\/gundem\/kocaeli-destekledi-ureticinin-yuzu-guldu\/\" \/>\n<meta property=\"og:locale\" content=\"en_GB\" \/>\n<meta property=\"og:type\" content=\"article\" \/>\n<meta property=\"og:title\" content=\"Kocaeli destekledi, \u00fcreticinin y\u00fcz\u00fc g\u00fcld\u00fc\" \/>\n<meta property=\"og:description\" content=\"Koaeli B\u00fcy\u00fck\u015fehir Belediyesi&#8217;nin m\u0131s\u0131r tohumu ve g\u00fcbre deste\u011finden yararlanan \u00e7ift\u00e7ilerin hasat mesaisi s\u00fcr\u00fcyor.KOCAEL\u0130 (\u0130GFA) &#8211; Kocaeli B\u00fcy\u00fck\u015fehir Belediye Ba\u015fkan\u0131 Tahir B\u00fcy\u00fckak\u0131n, K\u00f6rfez Cumak\u00f6y\u2019de bi\u00e7erd\u00f6verin direksiyonuna ge\u00e7erek, \u00e7ift\u00e7ilerle birlikte m\u0131s\u0131r hasad\u0131 yapt\u0131. Ba\u015fkan B\u00fcy\u00fckak\u0131n, b\u00f6lgede \u00fcretimin artmas\u0131ndan duydu\u011fu memnuniyeti ifade etti. K\u00f6rfez il\u00e7esi Cumak\u00f6y\u2019de devam eden m\u0131s\u0131r hasad\u0131na kat\u0131larak bi\u00e7erd\u00f6verin direksiyonuna ge\u00e7en Ba\u015fkan B\u00fcy\u00fckak\u0131n, 5 y\u0131lda altyap\u0131 yat\u0131r\u0131mlar\u0131 hari\u00e7 yakla\u015f\u0131k 1 milyar TL \u00fcreticilere destek sa\u011flad\u0131klar\u0131n\u0131 belirtti. Kocaeli B\u00fcy\u00fck\u015fehir Belediyesi&#8217;nin \u00fcreticilerin hep yan\u0131nda olduklar\u0131n\u0131 belirterek, &#8220;Topra\u011f\u0131m\u0131 terk etmeyece\u011fim, \u00fcretim yapmak istiyorum diyen her \u00fcreticimize destekler verdik. \u00c7ok \u015f\u00fck\u00fcr bunlar\u0131n milli ekonomiye d\u00f6n\u00fc\u015f\u00fcn\u00fc g\u00f6rmekten \u00e7ok mutluyuz. Tek dile\u011fimiz \u015fehrimizde ekilmedik tek bir tar\u0131msal alan kalmamas\u0131. Bu konuda \u00fczerimize d\u00fc\u015fen ne varsa yapmaya devam edece\u011fiz\u201d dedi. MISIR TOHUMU VE G\u00dcBRE DESTE\u011e\u0130 Muhtarl\u0131k \u0130\u015fleri Dairesi Ba\u015fkanl\u0131\u011f\u0131 Tar\u0131msal Hizmetler \u015eube M\u00fcd\u00fcrl\u00fc\u011f\u00fcnce il genelinde y\u00fcr\u00fct\u00fclen yem bitkisi tohumu destekleme projesi kapsam\u0131nda, talebi al\u0131nan bin 800 \u00e7ift\u00e7iye y\u00fczde 50 hibeli 23 bin paket kat\u0131 organomineral taban g\u00fcbresi ile 2 bin 200 paket dane m\u0131s\u0131r ve 3 bin paket silajl\u0131k m\u0131s\u0131rtohumu verildi. Tamam\u0131 hibe mazot deste\u011fiyle birlikte, k\u00fc\u00e7\u00fck ve b\u00fcy\u00fckba\u015f hayvanlar i\u00e7in yem olarak kullan\u0131lan m\u0131s\u0131r tohumlar\u0131n\u0131 toprakla bulu\u015fturan \u00e7ift\u00e7iler, olgunlu\u011fa ula\u015fan \u00fcr\u00fcnlerinin hasad\u0131na ba\u015flad\u0131. Bi\u00e7erd\u00f6verlerle tarladaki silaj m\u0131s\u0131rlar\u0131n k\u0131sa s\u00fcrede hasad\u0131 yap\u0131l\u0131yor ve yemlik olarak kullan\u0131ma haz\u0131r &hellip;\" \/>\n<meta property=\"og:url\" content=\"http:\/\/denizcankizil.tr\/en\/haberler\/gundem\/kocaeli-destekledi-ureticinin-yuzu-guldu\/\" \/>\n<meta property=\"og:site_name\" content=\"Av. Deniz Can K\u0131z\u0131l\" \/>\n<meta property=\"article:published_time\" content=\"2024-10-13T16:09:24+00:00\" \/>\n<meta name=\"twitter:card\" content=\"summary_large_image\" \/>\n<meta name=\"twitter:label1\" content=\"Estimated reading time\" \/>\n\t<meta name=\"twitter:data1\" content=\"2 minutes\" \/>\n<script type=\"application\/ld+json\" class=\"yoast-schema-graph\">{\"@context\":\"https:\/\/schema.org\",\"@graph\":[{\"@type\":\"Article\",\"@id\":\"http:\/\/denizcankizil.tr\/uk\/haberler\/gundem\/kocaeli-destekledi-ureticinin-yuzu-guldu\/#article\",\"isPartOf\":{\"@id\":\"http:\/\/denizcankizil.tr\/uk\/haberler\/gundem\/kocaeli-destekledi-ureticinin-yuzu-guldu\/\"},\"author\":{\"name\":\"\",\"@id\":\"\"},\"headline\":\"Kocaeli destekledi, \u00fcreticinin y\u00fcz\u00fc g\u00fcld\u00fc\",\"datePublished\":\"2024-10-13T16:09:24+00:00\",\"mainEntityOfPage\":{\"@id\":\"http:\/\/denizcankizil.tr\/uk\/haberler\/gundem\/kocaeli-destekledi-ureticinin-yuzu-guldu\/\"},\"wordCount\":478,\"commentCount\":0,\"publisher\":{\"@id\":\"https:\/\/denizcankizil.tr\/#organization\"},\"articleSection\":[\"G\u00fcndem\"],\"inLanguage\":\"en-GB\",\"potentialAction\":[{\"@type\":\"CommentAction\",\"name\":\"Comment\",\"target\":[\"http:\/\/denizcankizil.tr\/uk\/haberler\/gundem\/kocaeli-destekledi-ureticinin-yuzu-guldu\/#respond\"]}]},{\"@type\":\"WebPage\",\"@id\":\"http:\/\/denizcankizil.tr\/uk\/haberler\/gundem\/kocaeli-destekledi-ureticinin-yuzu-guldu\/\",\"url\":\"http:\/\/denizcankizil.tr\/uk\/haberler\/gundem\/kocaeli-destekledi-ureticinin-yuzu-guldu\/\",\"name\":\"Kocaeli destekledi, \u00fcreticinin y\u00fcz\u00fc g\u00fcld\u00fc - Av. Deniz Can K\u0131z\u0131l\",\"isPartOf\":{\"@id\":\"https:\/\/denizcankizil.tr\/#website\"},\"datePublished\":\"2024-10-13T16:09:24+00:00\",\"breadcrumb\":{\"@id\":\"http:\/\/denizcankizil.tr\/uk\/haberler\/gundem\/kocaeli-destekledi-ureticinin-yuzu-guldu\/#breadcrumb\"},\"inLanguage\":\"en-GB\",\"potentialAction\":[{\"@type\":\"ReadAction\",\"target\":[\"http:\/\/denizcankizil.tr\/uk\/haberler\/gundem\/kocaeli-destekledi-ureticinin-yuzu-guldu\/\"]}]},{\"@type\":\"BreadcrumbList\",\"@id\":\"http:\/\/denizcankizil.tr\/uk\/haberler\/gundem\/kocaeli-destekledi-ureticinin-yuzu-guldu\/#breadcrumb\",\"itemListElement\":[{\"@type\":\"ListItem\",\"position\":1,\"name\":\"Home\",\"item\":\"https:\/\/denizcankizil.tr\/de\/\"},{\"@type\":\"ListItem\",\"position\":2,\"name\":\"Kocaeli destekledi, \u00fcreticinin y\u00fcz\u00fc g\u00fcld\u00fc\"}]},{\"@type\":\"WebSite\",\"@id\":\"https:\/\/denizcankizil.tr\/#website\",\"url\":\"https:\/\/denizcankizil.tr\/\",\"name\":\"Av. Deniz Can K\u0131z\u0131l\",\"description\":\"Avukat Deniz Can K\u0131z\u0131l Antalya Barosu\",\"publisher\":{\"@id\":\"https:\/\/denizcankizil.tr\/#organization\"},\"potentialAction\":[{\"@type\":\"SearchAction\",\"target\":{\"@type\":\"EntryPoint\",\"urlTemplate\":\"https:\/\/denizcankizil.tr\/?s={search_term_string}\"},\"query-input\":{\"@type\":\"PropertyValueSpecification\",\"valueRequired\":true,\"valueName\":\"search_term_string\"}}],\"inLanguage\":\"en-GB\"},{\"@type\":\"Organization\",\"@id\":\"https:\/\/denizcankizil.tr\/#organization\",\"name\":\"Av. Deniz Can K\u0131z\u0131l\",\"url\":\"https:\/\/denizcankizil.tr\/\",\"logo\":{\"@type\":\"ImageObject\",\"inLanguage\":\"en-GB\",\"@id\":\"https:\/\/denizcankizil.tr\/#\/schema\/logo\/image\/\",\"url\":\"https:\/\/denizcankizil.tr\/wp-content\/uploads\/2024\/10\/siyah-logo-svg.svg\",\"contentUrl\":\"https:\/\/denizcankizil.tr\/wp-content\/uploads\/2024\/10\/siyah-logo-svg.svg\",\"width\":1080,\"height\":1080,\"caption\":\"Av. Deniz Can K\u0131z\u0131l\"},\"image\":{\"@id\":\"https:\/\/denizcankizil.tr\/#\/schema\/logo\/image\/\"}}]}<\/script>\n<!-- \/ Yoast SEO Premium plugin. -->","yoast_head_json":{"title":"Kocaeli destekledi, \u00fcreticinin y\u00fcz\u00fc g\u00fcld\u00fc - Av. Deniz Can K\u0131z\u0131l","robots":{"index":"index","follow":"follow","max-snippet":"max-snippet:-1","max-image-preview":"max-image-preview:large","max-video-preview":"max-video-preview:-1"},"canonical":"http:\/\/denizcankizil.tr\/en\/haberler\/gundem\/kocaeli-destekledi-ureticinin-yuzu-guldu\/","og_locale":"en_GB","og_type":"article","og_title":"Kocaeli destekledi, \u00fcreticinin y\u00fcz\u00fc g\u00fcld\u00fc","og_description":"Koaeli B\u00fcy\u00fck\u015fehir Belediyesi&#8217;nin m\u0131s\u0131r tohumu ve g\u00fcbre deste\u011finden yararlanan \u00e7ift\u00e7ilerin hasat mesaisi s\u00fcr\u00fcyor.KOCAEL\u0130 (\u0130GFA) &#8211; Kocaeli B\u00fcy\u00fck\u015fehir Belediye Ba\u015fkan\u0131 Tahir B\u00fcy\u00fckak\u0131n, K\u00f6rfez Cumak\u00f6y\u2019de bi\u00e7erd\u00f6verin direksiyonuna ge\u00e7erek, \u00e7ift\u00e7ilerle birlikte m\u0131s\u0131r hasad\u0131 yapt\u0131. Ba\u015fkan B\u00fcy\u00fckak\u0131n, b\u00f6lgede \u00fcretimin artmas\u0131ndan duydu\u011fu memnuniyeti ifade etti. K\u00f6rfez il\u00e7esi Cumak\u00f6y\u2019de devam eden m\u0131s\u0131r hasad\u0131na kat\u0131larak bi\u00e7erd\u00f6verin direksiyonuna ge\u00e7en Ba\u015fkan B\u00fcy\u00fckak\u0131n, 5 y\u0131lda altyap\u0131 yat\u0131r\u0131mlar\u0131 hari\u00e7 yakla\u015f\u0131k 1 milyar TL \u00fcreticilere destek sa\u011flad\u0131klar\u0131n\u0131 belirtti. Kocaeli B\u00fcy\u00fck\u015fehir Belediyesi&#8217;nin \u00fcreticilerin hep yan\u0131nda olduklar\u0131n\u0131 belirterek, &#8220;Topra\u011f\u0131m\u0131 terk etmeyece\u011fim, \u00fcretim yapmak istiyorum diyen her \u00fcreticimize destekler verdik. \u00c7ok \u015f\u00fck\u00fcr bunlar\u0131n milli ekonomiye d\u00f6n\u00fc\u015f\u00fcn\u00fc g\u00f6rmekten \u00e7ok mutluyuz. Tek dile\u011fimiz \u015fehrimizde ekilmedik tek bir tar\u0131msal alan kalmamas\u0131. Bu konuda \u00fczerimize d\u00fc\u015fen ne varsa yapmaya devam edece\u011fiz\u201d dedi. MISIR TOHUMU VE G\u00dcBRE DESTE\u011e\u0130 Muhtarl\u0131k \u0130\u015fleri Dairesi Ba\u015fkanl\u0131\u011f\u0131 Tar\u0131msal Hizmetler \u015eube M\u00fcd\u00fcrl\u00fc\u011f\u00fcnce il genelinde y\u00fcr\u00fct\u00fclen yem bitkisi tohumu destekleme projesi kapsam\u0131nda, talebi al\u0131nan bin 800 \u00e7ift\u00e7iye y\u00fczde 50 hibeli 23 bin paket kat\u0131 organomineral taban g\u00fcbresi ile 2 bin 200 paket dane m\u0131s\u0131r ve 3 bin paket silajl\u0131k m\u0131s\u0131rtohumu verildi. Tamam\u0131 hibe mazot deste\u011fiyle birlikte, k\u00fc\u00e7\u00fck ve b\u00fcy\u00fckba\u015f hayvanlar i\u00e7in yem olarak kullan\u0131lan m\u0131s\u0131r tohumlar\u0131n\u0131 toprakla bulu\u015fturan \u00e7ift\u00e7iler, olgunlu\u011fa ula\u015fan \u00fcr\u00fcnlerinin hasad\u0131na ba\u015flad\u0131. Bi\u00e7erd\u00f6verlerle tarladaki silaj m\u0131s\u0131rlar\u0131n k\u0131sa s\u00fcrede hasad\u0131 yap\u0131l\u0131yor ve yemlik olarak kullan\u0131ma haz\u0131r &hellip;","og_url":"http:\/\/denizcankizil.tr\/en\/haberler\/gundem\/kocaeli-destekledi-ureticinin-yuzu-guldu\/","og_site_name":"Av. Deniz Can K\u0131z\u0131l","article_published_time":"2024-10-13T16:09:24+00:00","twitter_card":"summary_large_image","twitter_misc":{"Estimated reading time":"2 minutes"},"schema":{"@context":"https:\/\/schema.org","@graph":[{"@type":"Article","@id":"http:\/\/denizcankizil.tr\/uk\/haberler\/gundem\/kocaeli-destekledi-ureticinin-yuzu-guldu\/#article","isPartOf":{"@id":"http:\/\/denizcankizil.tr\/uk\/haberler\/gundem\/kocaeli-destekledi-ureticinin-yuzu-guldu\/"},"author":{"name":"","@id":""},"headline":"Kocaeli destekledi, \u00fcreticinin y\u00fcz\u00fc g\u00fcld\u00fc","datePublished":"2024-10-13T16:09:24+00:00","mainEntityOfPage":{"@id":"http:\/\/denizcankizil.tr\/uk\/haberler\/gundem\/kocaeli-destekledi-ureticinin-yuzu-guldu\/"},"wordCount":478,"commentCount":0,"publisher":{"@id":"https:\/\/denizcankizil.tr\/#organization"},"articleSection":["G\u00fcndem"],"inLanguage":"en-GB","potentialAction":[{"@type":"CommentAction","name":"Comment","target":["http:\/\/denizcankizil.tr\/uk\/haberler\/gundem\/kocaeli-destekledi-ureticinin-yuzu-guldu\/#respond"]}]},{"@type":"WebPage","@id":"http:\/\/denizcankizil.tr\/uk\/haberler\/gundem\/kocaeli-destekledi-ureticinin-yuzu-guldu\/","url":"http:\/\/denizcankizil.tr\/uk\/haberler\/gundem\/kocaeli-destekledi-ureticinin-yuzu-guldu\/","name":"Kocaeli destekledi, \u00fcreticinin y\u00fcz\u00fc g\u00fcld\u00fc - Av. Deniz Can K\u0131z\u0131l","isPartOf":{"@id":"https:\/\/denizcankizil.tr\/#website"},"datePublished":"2024-10-13T16:09:24+00:00","breadcrumb":{"@id":"http:\/\/denizcankizil.tr\/uk\/haberler\/gundem\/kocaeli-destekledi-ureticinin-yuzu-guldu\/#breadcrumb"},"inLanguage":"en-GB","potentialAction":[{"@type":"ReadAction","target":["http:\/\/denizcankizil.tr\/uk\/haberler\/gundem\/kocaeli-destekledi-ureticinin-yuzu-guldu\/"]}]},{"@type":"BreadcrumbList","@id":"http:\/\/denizcankizil.tr\/uk\/haberler\/gundem\/kocaeli-destekledi-ureticinin-yuzu-guldu\/#breadcrumb","itemListElement":[{"@type":"ListItem","position":1,"name":"Home","item":"https:\/\/denizcankizil.tr\/de\/"},{"@type":"ListItem","position":2,"name":"Kocaeli destekledi, \u00fcreticinin y\u00fcz\u00fc g\u00fcld\u00fc"}]},{"@type":"WebSite","@id":"https:\/\/denizcankizil.tr\/#website","url":"https:\/\/denizcankizil.tr\/","name":"Av. Deniz Can K\u0131z\u0131l","description":"Avukat Deniz Can K\u0131z\u0131l Antalya Barosu","publisher":{"@id":"https:\/\/denizcankizil.tr\/#organization"},"potentialAction":[{"@type":"SearchAction","target":{"@type":"EntryPoint","urlTemplate":"https:\/\/denizcankizil.tr\/?s={search_term_string}"},"query-input":{"@type":"PropertyValueSpecification","valueRequired":true,"valueName":"search_term_string"}}],"inLanguage":"en-GB"},{"@type":"Organization","@id":"https:\/\/denizcankizil.tr\/#organization","name":"Av. Deniz Can K\u0131z\u0131l","url":"https:\/\/denizcankizil.tr\/","logo":{"@type":"ImageObject","inLanguage":"en-GB","@id":"https:\/\/denizcankizil.tr\/#\/schema\/logo\/image\/","url":"https:\/\/denizcankizil.tr\/wp-content\/uploads\/2024\/10\/siyah-logo-svg.svg","contentUrl":"https:\/\/denizcankizil.tr\/wp-content\/uploads\/2024\/10\/siyah-logo-svg.svg","width":1080,"height":1080,"caption":"Av. Deniz Can K\u0131z\u0131l"},"image":{"@id":"https:\/\/denizcankizil.tr\/#\/schema\/logo\/image\/"}}]}},"_links":{"self":[{"href":"https:\/\/denizcankizil.tr\/en\/wp-json\/wp\/v2\/posts\/2260","targetHints":{"allow":["GET"]}}],"collection":[{"href":"https:\/\/denizcankizil.tr\/en\/wp-json\/wp\/v2\/posts"}],"about":[{"href":"https:\/\/denizcankizil.tr\/en\/wp-json\/wp\/v2\/types\/post"}],"replies":[{"embeddable":true,"href":"https:\/\/denizcankizil.tr\/en\/wp-json\/wp\/v2\/comments?post=2260"}],"version-history":[{"count":0,"href":"https:\/\/denizcankizil.tr\/en\/wp-json\/wp\/v2\/posts\/2260\/revisions"}],"wp:attachment":[{"href":"https:\/\/denizcankizil.tr\/en\/wp-json\/wp\/v2\/media?parent=2260"}],"wp:term":[{"taxonomy":"category","embeddable":true,"href":"https:\/\/denizcankizil.tr\/en\/wp-json\/wp\/v2\/categories?post=2260"},{"taxonomy":"post_tag","embeddable":true,"href":"https:\/\/denizcankizil.tr\/en\/wp-json\/wp\/v2\/tags?post=2260"}],"curies":[{"name":"wp","href":"https:\/\/api.w.org\/{rel}","templated":true}]}}