{"id":2252,"date":"2024-10-13T19:04:00","date_gmt":"2024-10-13T16:04:00","guid":{"rendered":"https:\/\/denizcankizil.tr\/uncategorized\/ankara-barosu-baskanligina-mustafa-koroglu-yeniden-secildi\/"},"modified":"2024-10-13T19:04:00","modified_gmt":"2024-10-13T16:04:00","slug":"ankara-barosu-baskanligina-mustafa-koroglu-yeniden-secildi","status":"publish","type":"post","link":"https:\/\/denizcankizil.tr\/en\/hukukihaber\/ankara-barosu-baskanligina-mustafa-koroglu-yeniden-secildi\/","title":{"rendered":"Ankara Barosu ba\u015fkanl\u0131\u011f\u0131na Mustafa K\u00f6ro\u011flu yeniden se\u00e7ildi"},"content":{"rendered":"<p>Ankara\u00a0Barosu 68. Ola\u011fan Genel Kurulu&#8217;nda Mustafa K\u00f6ro\u011flu yeniden ba\u015fkan se\u00e7ildi.<\/p>\n<p>Atat\u00fcrk Spor ve Sergi Saray\u0131&#8217;nda devam eden genel kurulda, saat 09.00&#8217;da ba\u015flayan oy verme i\u015flemi, 17.00&#8217;de sona erdi.<\/p>\n<p>Ba\u015fkanl\u0131k i\u00e7in mevcut ba\u015fkan olarak g\u00f6rev yapan Demokratik Sol Avukatlar (DSA) aday\u0131 Mustafa K\u00f6ro\u011flu, 100. Y\u0131l Demokratik Sol Avukatlardan (100.Y\u0131l DSA) B\u00fclent Y\u00fccet\u00fcrk,\u00a0Ankara\u00a0Barosu\u00a0De\u011fi\u015fim Grubundan Mehmet Zeki Kaplan, Avukat Haklar\u0131 Grubundan Ebru D\u00f6nmez, M\u00fccadeleci Avukatlar Grubundan Co\u015fkun \u00d6zg\u00fcr Piro\u011flu, \u00d6zg\u00fcrl\u00fck\u00e7\u00fc \u00c7a\u011fda\u015f Avukatlardan Do\u011fukan Tongu\u00e7 Cankurt, T\u00fcrk Milliyet\u00e7i Avukatlar Grubundan Hakan Erdem ve ba\u011f\u0131ms\u0131z aday \u0130brahim Ak\u0131n yar\u0131\u015ft\u0131.\u00a0<\/p>\n<p>Toplam 24 bin 400 avukat\u0131n oy kullanma hakk\u0131na sahip oldu\u011fu se\u00e7imlerde, baro ba\u015fkan\u0131n\u0131n yan\u0131 s\u0131ra 10 ki\u015filik y\u00f6netim kurulu, 5 ki\u015filik disiplin kurulu, 3 ki\u015filik denetleme kurulu ve T\u00fcrkiye Barolar Birli\u011fi delegeli\u011fi i\u00e7in 7 isim belirlendi.\u00a0<\/p>\n<p>\u200bAnkara Barosu&#8217;nun 68. Ola\u011fan Genel Kurulu&#8217;nun ikinci g\u00fcn\u00fcnde se\u00e7im yar\u0131\u015f\u0131 vard\u0131. Demokratik Sol Avukatlar Grubu aday\u0131 ve mevcut ba\u015fkan Mustafa K\u00f6ro\u011flu yeniden se\u00e7ildi.\u00a0Hukuki Haber<\/p>","protected":false},"excerpt":{"rendered":"<p>Ankara\u00a0Barosu 68. Ola\u011fan Genel Kurulu&#8217;nda Mustafa K\u00f6ro\u011flu yeniden ba\u015fkan se\u00e7ildi. Atat\u00fcrk Spor ve Sergi Saray\u0131&#8217;nda devam eden genel kurulda, saat 09.00&#8217;da ba\u015flayan oy verme i\u015flemi, 17.00&#8217;de sona erdi. Ba\u015fkanl\u0131k i\u00e7in mevcut ba\u015fkan olarak g\u00f6rev yapan Demokratik Sol Avukatlar (DSA) aday\u0131 Mustafa K\u00f6ro\u011flu, 100. Y\u0131l Demokratik Sol Avukatlardan (100.Y\u0131l DSA) B\u00fclent Y\u00fccet\u00fcrk,\u00a0Ankara\u00a0Barosu\u00a0De\u011fi\u015fim Grubundan Mehmet Zeki Kaplan, Avukat Haklar\u0131 Grubundan Ebru D\u00f6nmez, M\u00fccadeleci Avukatlar Grubundan Co\u015fkun \u00d6zg\u00fcr Piro\u011flu, \u00d6zg\u00fcrl\u00fck\u00e7\u00fc \u00c7a\u011fda\u015f Avukatlardan Do\u011fukan Tongu\u00e7 Cankurt, T\u00fcrk Milliyet\u00e7i Avukatlar Grubundan Hakan Erdem ve ba\u011f\u0131ms\u0131z aday \u0130brahim Ak\u0131n yar\u0131\u015ft\u0131.\u00a0 Toplam 24 bin 400 avukat\u0131n oy kullanma hakk\u0131na sahip oldu\u011fu se\u00e7imlerde, baro ba\u015fkan\u0131n\u0131n yan\u0131 s\u0131ra 10 ki\u015filik y\u00f6netim kurulu, 5 ki\u015filik disiplin kurulu, 3 ki\u015filik denetleme kurulu ve T\u00fcrkiye Barolar Birli\u011fi delegeli\u011fi i\u00e7in 7 isim belirlendi.\u00a0 \u200bAnkara Barosu&#8217;nun 68. Ola\u011fan Genel Kurulu&#8217;nun ikinci g\u00fcn\u00fcnde se\u00e7im yar\u0131\u015f\u0131 vard\u0131. Demokratik Sol Avukatlar Grubu aday\u0131 ve mevcut ba\u015fkan Mustafa K\u00f6ro\u011flu yeniden se\u00e7ildi.\u00a0Hukuki Haber<\/p>","protected":false},"author":0,"featured_media":0,"comment_status":"open","ping_status":"open","sticky":false,"template":"","format":"standard","meta":{"_acf_changed":false,"footnotes":""},"categories":[27],"tags":[],"class_list":["post-2252","post","type-post","status-publish","format-standard","has-post-thumbnail","hentry","category-hukukihaber"],"acf":[],"yoast_head":"<!-- This site is optimized with the Yoast SEO Premium plugin v26.6 (Yoast SEO v27.1.1) - https:\/\/yoast.com\/product\/yoast-seo-premium-wordpress\/ -->\n<title>Ankara Barosu ba\u015fkanl\u0131\u011f\u0131na Mustafa K\u00f6ro\u011flu yeniden se\u00e7ildi - Av. Deniz Can K\u0131z\u0131l<\/title>\n<meta name=\"robots\" content=\"index, follow, max-snippet:-1, max-image-preview:large, max-video-preview:-1\" \/>\n<link rel=\"canonical\" href=\"https:\/\/denizcankizil.tr\/en\/hukukihaber\/ankara-barosu-baskanligina-mustafa-koroglu-yeniden-secildi\/\" \/>\n<meta property=\"og:locale\" content=\"en_GB\" \/>\n<meta property=\"og:type\" content=\"article\" \/>\n<meta property=\"og:title\" content=\"Ankara Barosu ba\u015fkanl\u0131\u011f\u0131na Mustafa K\u00f6ro\u011flu yeniden se\u00e7ildi\" \/>\n<meta property=\"og:description\" content=\"Ankara\u00a0Barosu 68. Ola\u011fan Genel Kurulu&#8217;nda Mustafa K\u00f6ro\u011flu yeniden ba\u015fkan se\u00e7ildi. Atat\u00fcrk Spor ve Sergi Saray\u0131&#8217;nda devam eden genel kurulda, saat 09.00&#8217;da ba\u015flayan oy verme i\u015flemi, 17.00&#8217;de sona erdi. Ba\u015fkanl\u0131k i\u00e7in mevcut ba\u015fkan olarak g\u00f6rev yapan Demokratik Sol Avukatlar (DSA) aday\u0131 Mustafa K\u00f6ro\u011flu, 100. Y\u0131l Demokratik Sol Avukatlardan (100.Y\u0131l DSA) B\u00fclent Y\u00fccet\u00fcrk,\u00a0Ankara\u00a0Barosu\u00a0De\u011fi\u015fim Grubundan Mehmet Zeki Kaplan, Avukat Haklar\u0131 Grubundan Ebru D\u00f6nmez, M\u00fccadeleci Avukatlar Grubundan Co\u015fkun \u00d6zg\u00fcr Piro\u011flu, \u00d6zg\u00fcrl\u00fck\u00e7\u00fc \u00c7a\u011fda\u015f Avukatlardan Do\u011fukan Tongu\u00e7 Cankurt, T\u00fcrk Milliyet\u00e7i Avukatlar Grubundan Hakan Erdem ve ba\u011f\u0131ms\u0131z aday \u0130brahim Ak\u0131n yar\u0131\u015ft\u0131.\u00a0 Toplam 24 bin 400 avukat\u0131n oy kullanma hakk\u0131na sahip oldu\u011fu se\u00e7imlerde, baro ba\u015fkan\u0131n\u0131n yan\u0131 s\u0131ra 10 ki\u015filik y\u00f6netim kurulu, 5 ki\u015filik disiplin kurulu, 3 ki\u015filik denetleme kurulu ve T\u00fcrkiye Barolar Birli\u011fi delegeli\u011fi i\u00e7in 7 isim belirlendi.\u00a0 \u200bAnkara Barosu&#8217;nun 68. Ola\u011fan Genel Kurulu&#8217;nun ikinci g\u00fcn\u00fcnde se\u00e7im yar\u0131\u015f\u0131 vard\u0131. Demokratik Sol Avukatlar Grubu aday\u0131 ve mevcut ba\u015fkan Mustafa K\u00f6ro\u011flu yeniden se\u00e7ildi.\u00a0Hukuki Haber\" \/>\n<meta property=\"og:url\" content=\"https:\/\/denizcankizil.tr\/en\/hukukihaber\/ankara-barosu-baskanligina-mustafa-koroglu-yeniden-secildi\/\" \/>\n<meta property=\"og:site_name\" content=\"Av. Deniz Can K\u0131z\u0131l\" \/>\n<meta property=\"article:published_time\" content=\"2024-10-13T16:04:00+00:00\" \/>\n<meta name=\"twitter:card\" content=\"summary_large_image\" \/>\n<meta name=\"twitter:label1\" content=\"Estimated reading time\" \/>\n\t<meta name=\"twitter:data1\" content=\"1 minute\" \/>\n<script type=\"application\/ld+json\" class=\"yoast-schema-graph\">{\"@context\":\"https:\/\/schema.org\",\"@graph\":[{\"@type\":\"Article\",\"@id\":\"https:\/\/denizcankizil.tr\/en\/hukukihaber\/ankara-barosu-baskanligina-mustafa-koroglu-yeniden-secildi\/#article\",\"isPartOf\":{\"@id\":\"https:\/\/denizcankizil.tr\/en\/hukukihaber\/ankara-barosu-baskanligina-mustafa-koroglu-yeniden-secildi\/\"},\"author\":{\"name\":\"\",\"@id\":\"\"},\"headline\":\"Ankara Barosu ba\u015fkanl\u0131\u011f\u0131na Mustafa K\u00f6ro\u011flu yeniden se\u00e7ildi\",\"datePublished\":\"2024-10-13T16:04:00+00:00\",\"mainEntityOfPage\":{\"@id\":\"https:\/\/denizcankizil.tr\/en\/hukukihaber\/ankara-barosu-baskanligina-mustafa-koroglu-yeniden-secildi\/\"},\"wordCount\":217,\"commentCount\":0,\"publisher\":{\"@id\":\"https:\/\/denizcankizil.tr\/#organization\"},\"articleSection\":[\"Hukuki Haberler\"],\"inLanguage\":\"en-GB\",\"potentialAction\":[{\"@type\":\"CommentAction\",\"name\":\"Comment\",\"target\":[\"https:\/\/denizcankizil.tr\/en\/hukukihaber\/ankara-barosu-baskanligina-mustafa-koroglu-yeniden-secildi\/#respond\"]}]},{\"@type\":\"WebPage\",\"@id\":\"https:\/\/denizcankizil.tr\/en\/hukukihaber\/ankara-barosu-baskanligina-mustafa-koroglu-yeniden-secildi\/\",\"url\":\"https:\/\/denizcankizil.tr\/en\/hukukihaber\/ankara-barosu-baskanligina-mustafa-koroglu-yeniden-secildi\/\",\"name\":\"Ankara Barosu ba\u015fkanl\u0131\u011f\u0131na Mustafa K\u00f6ro\u011flu yeniden se\u00e7ildi - Av. Deniz Can K\u0131z\u0131l\",\"isPartOf\":{\"@id\":\"https:\/\/denizcankizil.tr\/#website\"},\"datePublished\":\"2024-10-13T16:04:00+00:00\",\"breadcrumb\":{\"@id\":\"https:\/\/denizcankizil.tr\/en\/hukukihaber\/ankara-barosu-baskanligina-mustafa-koroglu-yeniden-secildi\/#breadcrumb\"},\"inLanguage\":\"en-GB\",\"potentialAction\":[{\"@type\":\"ReadAction\",\"target\":[\"https:\/\/denizcankizil.tr\/en\/hukukihaber\/ankara-barosu-baskanligina-mustafa-koroglu-yeniden-secildi\/\"]}]},{\"@type\":\"BreadcrumbList\",\"@id\":\"https:\/\/denizcankizil.tr\/en\/hukukihaber\/ankara-barosu-baskanligina-mustafa-koroglu-yeniden-secildi\/#breadcrumb\",\"itemListElement\":[{\"@type\":\"ListItem\",\"position\":1,\"name\":\"Home\",\"item\":\"https:\/\/denizcankizil.tr\/uk\/\"},{\"@type\":\"ListItem\",\"position\":2,\"name\":\"Ankara Barosu ba\u015fkanl\u0131\u011f\u0131na Mustafa K\u00f6ro\u011flu yeniden se\u00e7ildi\"}]},{\"@type\":\"WebSite\",\"@id\":\"https:\/\/denizcankizil.tr\/#website\",\"url\":\"https:\/\/denizcankizil.tr\/\",\"name\":\"Av. Deniz Can K\u0131z\u0131l\",\"description\":\"Avukat Deniz Can K\u0131z\u0131l Antalya Barosu\",\"publisher\":{\"@id\":\"https:\/\/denizcankizil.tr\/#organization\"},\"potentialAction\":[{\"@type\":\"SearchAction\",\"target\":{\"@type\":\"EntryPoint\",\"urlTemplate\":\"https:\/\/denizcankizil.tr\/?s={search_term_string}\"},\"query-input\":{\"@type\":\"PropertyValueSpecification\",\"valueRequired\":true,\"valueName\":\"search_term_string\"}}],\"inLanguage\":\"en-GB\"},{\"@type\":\"Organization\",\"@id\":\"https:\/\/denizcankizil.tr\/#organization\",\"name\":\"Av. Deniz Can K\u0131z\u0131l\",\"url\":\"https:\/\/denizcankizil.tr\/\",\"logo\":{\"@type\":\"ImageObject\",\"inLanguage\":\"en-GB\",\"@id\":\"https:\/\/denizcankizil.tr\/#\/schema\/logo\/image\/\",\"url\":\"https:\/\/denizcankizil.tr\/wp-content\/uploads\/2024\/10\/siyah-logo-svg.svg\",\"contentUrl\":\"https:\/\/denizcankizil.tr\/wp-content\/uploads\/2024\/10\/siyah-logo-svg.svg\",\"width\":1080,\"height\":1080,\"caption\":\"Av. Deniz Can K\u0131z\u0131l\"},\"image\":{\"@id\":\"https:\/\/denizcankizil.tr\/#\/schema\/logo\/image\/\"}}]}<\/script>\n<!-- \/ Yoast SEO Premium plugin. -->","yoast_head_json":{"title":"Ankara Barosu ba\u015fkanl\u0131\u011f\u0131na Mustafa K\u00f6ro\u011flu yeniden se\u00e7ildi - Av. Deniz Can K\u0131z\u0131l","robots":{"index":"index","follow":"follow","max-snippet":"max-snippet:-1","max-image-preview":"max-image-preview:large","max-video-preview":"max-video-preview:-1"},"canonical":"https:\/\/denizcankizil.tr\/en\/hukukihaber\/ankara-barosu-baskanligina-mustafa-koroglu-yeniden-secildi\/","og_locale":"en_GB","og_type":"article","og_title":"Ankara Barosu ba\u015fkanl\u0131\u011f\u0131na Mustafa K\u00f6ro\u011flu yeniden se\u00e7ildi","og_description":"Ankara\u00a0Barosu 68. Ola\u011fan Genel Kurulu&#8217;nda Mustafa K\u00f6ro\u011flu yeniden ba\u015fkan se\u00e7ildi. Atat\u00fcrk Spor ve Sergi Saray\u0131&#8217;nda devam eden genel kurulda, saat 09.00&#8217;da ba\u015flayan oy verme i\u015flemi, 17.00&#8217;de sona erdi. Ba\u015fkanl\u0131k i\u00e7in mevcut ba\u015fkan olarak g\u00f6rev yapan Demokratik Sol Avukatlar (DSA) aday\u0131 Mustafa K\u00f6ro\u011flu, 100. Y\u0131l Demokratik Sol Avukatlardan (100.Y\u0131l DSA) B\u00fclent Y\u00fccet\u00fcrk,\u00a0Ankara\u00a0Barosu\u00a0De\u011fi\u015fim Grubundan Mehmet Zeki Kaplan, Avukat Haklar\u0131 Grubundan Ebru D\u00f6nmez, M\u00fccadeleci Avukatlar Grubundan Co\u015fkun \u00d6zg\u00fcr Piro\u011flu, \u00d6zg\u00fcrl\u00fck\u00e7\u00fc \u00c7a\u011fda\u015f Avukatlardan Do\u011fukan Tongu\u00e7 Cankurt, T\u00fcrk Milliyet\u00e7i Avukatlar Grubundan Hakan Erdem ve ba\u011f\u0131ms\u0131z aday \u0130brahim Ak\u0131n yar\u0131\u015ft\u0131.\u00a0 Toplam 24 bin 400 avukat\u0131n oy kullanma hakk\u0131na sahip oldu\u011fu se\u00e7imlerde, baro ba\u015fkan\u0131n\u0131n yan\u0131 s\u0131ra 10 ki\u015filik y\u00f6netim kurulu, 5 ki\u015filik disiplin kurulu, 3 ki\u015filik denetleme kurulu ve T\u00fcrkiye Barolar Birli\u011fi delegeli\u011fi i\u00e7in 7 isim belirlendi.\u00a0 \u200bAnkara Barosu&#8217;nun 68. Ola\u011fan Genel Kurulu&#8217;nun ikinci g\u00fcn\u00fcnde se\u00e7im yar\u0131\u015f\u0131 vard\u0131. Demokratik Sol Avukatlar Grubu aday\u0131 ve mevcut ba\u015fkan Mustafa K\u00f6ro\u011flu yeniden se\u00e7ildi.\u00a0Hukuki Haber","og_url":"https:\/\/denizcankizil.tr\/en\/hukukihaber\/ankara-barosu-baskanligina-mustafa-koroglu-yeniden-secildi\/","og_site_name":"Av. Deniz Can K\u0131z\u0131l","article_published_time":"2024-10-13T16:04:00+00:00","twitter_card":"summary_large_image","twitter_misc":{"Estimated reading time":"1 minute"},"schema":{"@context":"https:\/\/schema.org","@graph":[{"@type":"Article","@id":"https:\/\/denizcankizil.tr\/en\/hukukihaber\/ankara-barosu-baskanligina-mustafa-koroglu-yeniden-secildi\/#article","isPartOf":{"@id":"https:\/\/denizcankizil.tr\/en\/hukukihaber\/ankara-barosu-baskanligina-mustafa-koroglu-yeniden-secildi\/"},"author":{"name":"","@id":""},"headline":"Ankara Barosu ba\u015fkanl\u0131\u011f\u0131na Mustafa K\u00f6ro\u011flu yeniden se\u00e7ildi","datePublished":"2024-10-13T16:04:00+00:00","mainEntityOfPage":{"@id":"https:\/\/denizcankizil.tr\/en\/hukukihaber\/ankara-barosu-baskanligina-mustafa-koroglu-yeniden-secildi\/"},"wordCount":217,"commentCount":0,"publisher":{"@id":"https:\/\/denizcankizil.tr\/#organization"},"articleSection":["Hukuki Haberler"],"inLanguage":"en-GB","potentialAction":[{"@type":"CommentAction","name":"Comment","target":["https:\/\/denizcankizil.tr\/en\/hukukihaber\/ankara-barosu-baskanligina-mustafa-koroglu-yeniden-secildi\/#respond"]}]},{"@type":"WebPage","@id":"https:\/\/denizcankizil.tr\/en\/hukukihaber\/ankara-barosu-baskanligina-mustafa-koroglu-yeniden-secildi\/","url":"https:\/\/denizcankizil.tr\/en\/hukukihaber\/ankara-barosu-baskanligina-mustafa-koroglu-yeniden-secildi\/","name":"Ankara Barosu ba\u015fkanl\u0131\u011f\u0131na Mustafa K\u00f6ro\u011flu yeniden se\u00e7ildi - Av. Deniz Can K\u0131z\u0131l","isPartOf":{"@id":"https:\/\/denizcankizil.tr\/#website"},"datePublished":"2024-10-13T16:04:00+00:00","breadcrumb":{"@id":"https:\/\/denizcankizil.tr\/en\/hukukihaber\/ankara-barosu-baskanligina-mustafa-koroglu-yeniden-secildi\/#breadcrumb"},"inLanguage":"en-GB","potentialAction":[{"@type":"ReadAction","target":["https:\/\/denizcankizil.tr\/en\/hukukihaber\/ankara-barosu-baskanligina-mustafa-koroglu-yeniden-secildi\/"]}]},{"@type":"BreadcrumbList","@id":"https:\/\/denizcankizil.tr\/en\/hukukihaber\/ankara-barosu-baskanligina-mustafa-koroglu-yeniden-secildi\/#breadcrumb","itemListElement":[{"@type":"ListItem","position":1,"name":"Home","item":"https:\/\/denizcankizil.tr\/uk\/"},{"@type":"ListItem","position":2,"name":"Ankara Barosu ba\u015fkanl\u0131\u011f\u0131na Mustafa K\u00f6ro\u011flu yeniden se\u00e7ildi"}]},{"@type":"WebSite","@id":"https:\/\/denizcankizil.tr\/#website","url":"https:\/\/denizcankizil.tr\/","name":"Av. Deniz Can K\u0131z\u0131l","description":"Avukat Deniz Can K\u0131z\u0131l Antalya Barosu","publisher":{"@id":"https:\/\/denizcankizil.tr\/#organization"},"potentialAction":[{"@type":"SearchAction","target":{"@type":"EntryPoint","urlTemplate":"https:\/\/denizcankizil.tr\/?s={search_term_string}"},"query-input":{"@type":"PropertyValueSpecification","valueRequired":true,"valueName":"search_term_string"}}],"inLanguage":"en-GB"},{"@type":"Organization","@id":"https:\/\/denizcankizil.tr\/#organization","name":"Av. Deniz Can K\u0131z\u0131l","url":"https:\/\/denizcankizil.tr\/","logo":{"@type":"ImageObject","inLanguage":"en-GB","@id":"https:\/\/denizcankizil.tr\/#\/schema\/logo\/image\/","url":"https:\/\/denizcankizil.tr\/wp-content\/uploads\/2024\/10\/siyah-logo-svg.svg","contentUrl":"https:\/\/denizcankizil.tr\/wp-content\/uploads\/2024\/10\/siyah-logo-svg.svg","width":1080,"height":1080,"caption":"Av. Deniz Can K\u0131z\u0131l"},"image":{"@id":"https:\/\/denizcankizil.tr\/#\/schema\/logo\/image\/"}}]}},"_links":{"self":[{"href":"https:\/\/denizcankizil.tr\/en\/wp-json\/wp\/v2\/posts\/2252","targetHints":{"allow":["GET"]}}],"collection":[{"href":"https:\/\/denizcankizil.tr\/en\/wp-json\/wp\/v2\/posts"}],"about":[{"href":"https:\/\/denizcankizil.tr\/en\/wp-json\/wp\/v2\/types\/post"}],"replies":[{"embeddable":true,"href":"https:\/\/denizcankizil.tr\/en\/wp-json\/wp\/v2\/comments?post=2252"}],"version-history":[{"count":0,"href":"https:\/\/denizcankizil.tr\/en\/wp-json\/wp\/v2\/posts\/2252\/revisions"}],"wp:attachment":[{"href":"https:\/\/denizcankizil.tr\/en\/wp-json\/wp\/v2\/media?parent=2252"}],"wp:term":[{"taxonomy":"category","embeddable":true,"href":"https:\/\/denizcankizil.tr\/en\/wp-json\/wp\/v2\/categories?post=2252"},{"taxonomy":"post_tag","embeddable":true,"href":"https:\/\/denizcankizil.tr\/en\/wp-json\/wp\/v2\/tags?post=2252"}],"curies":[{"name":"wp","href":"https:\/\/api.w.org\/{rel}","templated":true}]}}