{"id":22393,"date":"2024-12-26T16:41:54","date_gmt":"2024-12-26T13:41:54","guid":{"rendered":"https:\/\/denizcankizil.tr\/uncategorized-tr\/mahalleevi-uretiyor-urettiklerini-satarak-aile-butcesine-katki-sagliyor\/"},"modified":"2024-12-26T16:41:54","modified_gmt":"2024-12-26T13:41:54","slug":"mahalleevi-uretiyor-urettiklerini-satarak-aile-butcesine-katki-sagliyor","status":"publish","type":"post","link":"https:\/\/denizcankizil.tr\/en\/haberler\/gundem\/mahalleevi-uretiyor-urettiklerini-satarak-aile-butcesine-katki-sagliyor\/","title":{"rendered":"Mahalleevi \u00dcretiyor, \u00dcrettiklerini Satarak Aile B\u00fct\u00e7esine Katk\u0131 Sa\u011fl\u0131yor"},"content":{"rendered":"<p>Mahalleevleri \u00e7at\u0131s\u0131 alt\u0131nda kad\u0131nlar\u0131n \u00fcretti\u011fi birbirinden renkli el eme\u011fi g\u00f6z nuru \u00fcr\u00fcnlerin bulundu\u011fu Y\u0131lba\u015f\u0131 Pazar\u0131\u2019n\u0131 e\u015fi Canan Ergin ile birlikte ziyaret eden Ayval\u0131k Belediye Ba\u015fkan\u0131 Mesut Ergin, Dr. Faz\u0131l Do\u011fan (At Arabac\u0131lar) Meydan\u0131&#8217;nda eski A\u015fevi&#8217;nde a\u00e7\u0131lan stantlardan yeni y\u0131l hediyeleri sat\u0131n ald\u0131.<\/p>\n<p>\u200bMahalleevleri \u00e7at\u0131s\u0131 alt\u0131nda kad\u0131nlar\u0131n \u00fcretti\u011fi birbirinden renkli el eme\u011fi g\u00f6z nuru \u00fcr\u00fcnlerin bulundu\u011fu Y\u0131lba\u015f\u0131 Pazar\u0131\u2019n\u0131 e\u015fi Canan Ergin ile birlikte ziyaret eden Ayval\u0131k Belediye Ba\u015fkan\u0131 Mesut Ergin, Dr. Faz\u0131l Do\u011fan (At Arabac\u0131lar) Meydan\u0131&#8217;nda eski A\u015fevi&#8217;nde a\u00e7\u0131lan stantlardan yeni y\u0131l hediyeleri sat\u0131n ald\u0131.\u00a0<\/p>\n<p>\u200bHaberin Al\u0131nt\u0131land\u0131\u011f\u0131 Kaynak: www.iskenderun.org<\/p>","protected":false},"excerpt":{"rendered":"<p>Mahalleevleri \u00e7at\u0131s\u0131 alt\u0131nda kad\u0131nlar\u0131n \u00fcretti\u011fi birbirinden renkli el eme\u011fi g\u00f6z nuru \u00fcr\u00fcnlerin bulundu\u011fu Y\u0131lba\u015f\u0131 Pazar\u0131\u2019n\u0131 e\u015fi Canan Ergin ile birlikte ziyaret eden Ayval\u0131k Belediye Ba\u015fkan\u0131 Mesut Ergin, Dr. Faz\u0131l Do\u011fan (At Arabac\u0131lar) Meydan\u0131&#8217;nda eski A\u015fevi&#8217;nde a\u00e7\u0131lan stantlardan yeni y\u0131l hediyeleri sat\u0131n ald\u0131. \u200bMahalleevleri \u00e7at\u0131s\u0131 alt\u0131nda kad\u0131nlar\u0131n \u00fcretti\u011fi birbirinden renkli el eme\u011fi g\u00f6z nuru \u00fcr\u00fcnlerin bulundu\u011fu Y\u0131lba\u015f\u0131 Pazar\u0131\u2019n\u0131 e\u015fi Canan Ergin ile birlikte ziyaret eden Ayval\u0131k Belediye Ba\u015fkan\u0131 Mesut Ergin, Dr. Faz\u0131l Do\u011fan (At Arabac\u0131lar) Meydan\u0131&#8217;nda eski A\u015fevi&#8217;nde a\u00e7\u0131lan stantlardan yeni y\u0131l hediyeleri sat\u0131n ald\u0131.\u00a0 \u200bHaberin Al\u0131nt\u0131land\u0131\u011f\u0131 Kaynak: www.iskenderun.org<\/p>","protected":false},"author":0,"featured_media":0,"comment_status":"open","ping_status":"open","sticky":false,"template":"","format":"standard","meta":{"_acf_changed":false,"footnotes":""},"categories":[24,535],"tags":[],"class_list":["post-22393","post","type-post","status-publish","format-standard","has-post-thumbnail","hentry","category-gundem","category-uncategorized-tr"],"acf":[],"yoast_head":"<!-- This site is optimized with the Yoast SEO Premium plugin v26.6 (Yoast SEO v27.1.1) - https:\/\/yoast.com\/product\/yoast-seo-premium-wordpress\/ -->\n<title>Mahalleevi \u00dcretiyor, \u00dcrettiklerini Satarak Aile B\u00fct\u00e7esine Katk\u0131 Sa\u011fl\u0131yor - Av. Deniz Can K\u0131z\u0131l<\/title>\n<meta name=\"robots\" content=\"index, follow, max-snippet:-1, max-image-preview:large, max-video-preview:-1\" \/>\n<link rel=\"canonical\" href=\"https:\/\/denizcankizil.tr\/en\/haberler\/gundem\/mahalleevi-uretiyor-urettiklerini-satarak-aile-butcesine-katki-sagliyor\/\" \/>\n<meta property=\"og:locale\" content=\"en_GB\" \/>\n<meta property=\"og:type\" content=\"article\" \/>\n<meta property=\"og:title\" content=\"Mahalleevi \u00dcretiyor, \u00dcrettiklerini Satarak Aile B\u00fct\u00e7esine Katk\u0131 Sa\u011fl\u0131yor\" \/>\n<meta property=\"og:description\" content=\"Mahalleevleri \u00e7at\u0131s\u0131 alt\u0131nda kad\u0131nlar\u0131n \u00fcretti\u011fi birbirinden renkli el eme\u011fi g\u00f6z nuru \u00fcr\u00fcnlerin bulundu\u011fu Y\u0131lba\u015f\u0131 Pazar\u0131\u2019n\u0131 e\u015fi Canan Ergin ile birlikte ziyaret eden Ayval\u0131k Belediye Ba\u015fkan\u0131 Mesut Ergin, Dr. Faz\u0131l Do\u011fan (At Arabac\u0131lar) Meydan\u0131&#8217;nda eski A\u015fevi&#8217;nde a\u00e7\u0131lan stantlardan yeni y\u0131l hediyeleri sat\u0131n ald\u0131. \u200bMahalleevleri \u00e7at\u0131s\u0131 alt\u0131nda kad\u0131nlar\u0131n \u00fcretti\u011fi birbirinden renkli el eme\u011fi g\u00f6z nuru \u00fcr\u00fcnlerin bulundu\u011fu Y\u0131lba\u015f\u0131 Pazar\u0131\u2019n\u0131 e\u015fi Canan Ergin ile birlikte ziyaret eden Ayval\u0131k Belediye Ba\u015fkan\u0131 Mesut Ergin, Dr. Faz\u0131l Do\u011fan (At Arabac\u0131lar) Meydan\u0131&#8217;nda eski A\u015fevi&#8217;nde a\u00e7\u0131lan stantlardan yeni y\u0131l hediyeleri sat\u0131n ald\u0131.\u00a0 \u200bHaberin Al\u0131nt\u0131land\u0131\u011f\u0131 Kaynak: www.iskenderun.org\" \/>\n<meta property=\"og:url\" content=\"https:\/\/denizcankizil.tr\/en\/haberler\/gundem\/mahalleevi-uretiyor-urettiklerini-satarak-aile-butcesine-katki-sagliyor\/\" \/>\n<meta property=\"og:site_name\" content=\"Av. Deniz Can K\u0131z\u0131l\" \/>\n<meta property=\"article:published_time\" content=\"2024-12-26T13:41:54+00:00\" \/>\n<meta name=\"twitter:card\" content=\"summary_large_image\" \/>\n<meta name=\"twitter:label1\" content=\"Estimated reading time\" \/>\n\t<meta name=\"twitter:data1\" content=\"1 minute\" \/>\n<script type=\"application\/ld+json\" class=\"yoast-schema-graph\">{\"@context\":\"https:\/\/schema.org\",\"@graph\":[{\"@type\":\"Article\",\"@id\":\"https:\/\/denizcankizil.tr\/en\/haberler\/gundem\/mahalleevi-uretiyor-urettiklerini-satarak-aile-butcesine-katki-sagliyor\/#article\",\"isPartOf\":{\"@id\":\"https:\/\/denizcankizil.tr\/en\/haberler\/gundem\/mahalleevi-uretiyor-urettiklerini-satarak-aile-butcesine-katki-sagliyor\/\"},\"author\":{\"name\":\"\",\"@id\":\"\"},\"headline\":\"Mahalleevi \u00dcretiyor, \u00dcrettiklerini Satarak Aile B\u00fct\u00e7esine Katk\u0131 Sa\u011fl\u0131yor\",\"datePublished\":\"2024-12-26T13:41:54+00:00\",\"mainEntityOfPage\":{\"@id\":\"https:\/\/denizcankizil.tr\/en\/haberler\/gundem\/mahalleevi-uretiyor-urettiklerini-satarak-aile-butcesine-katki-sagliyor\/\"},\"wordCount\":150,\"commentCount\":0,\"publisher\":{\"@id\":\"https:\/\/denizcankizil.tr\/#organization\"},\"articleSection\":[\"G\u00fcndem\",\"Uncategorized\"],\"inLanguage\":\"en-GB\",\"potentialAction\":[{\"@type\":\"CommentAction\",\"name\":\"Comment\",\"target\":[\"https:\/\/denizcankizil.tr\/en\/haberler\/gundem\/mahalleevi-uretiyor-urettiklerini-satarak-aile-butcesine-katki-sagliyor\/#respond\"]}]},{\"@type\":\"WebPage\",\"@id\":\"https:\/\/denizcankizil.tr\/en\/haberler\/gundem\/mahalleevi-uretiyor-urettiklerini-satarak-aile-butcesine-katki-sagliyor\/\",\"url\":\"https:\/\/denizcankizil.tr\/en\/haberler\/gundem\/mahalleevi-uretiyor-urettiklerini-satarak-aile-butcesine-katki-sagliyor\/\",\"name\":\"Mahalleevi \u00dcretiyor, \u00dcrettiklerini Satarak Aile B\u00fct\u00e7esine Katk\u0131 Sa\u011fl\u0131yor - Av. Deniz Can K\u0131z\u0131l\",\"isPartOf\":{\"@id\":\"https:\/\/denizcankizil.tr\/#website\"},\"datePublished\":\"2024-12-26T13:41:54+00:00\",\"breadcrumb\":{\"@id\":\"https:\/\/denizcankizil.tr\/en\/haberler\/gundem\/mahalleevi-uretiyor-urettiklerini-satarak-aile-butcesine-katki-sagliyor\/#breadcrumb\"},\"inLanguage\":\"en-GB\",\"potentialAction\":[{\"@type\":\"ReadAction\",\"target\":[\"https:\/\/denizcankizil.tr\/en\/haberler\/gundem\/mahalleevi-uretiyor-urettiklerini-satarak-aile-butcesine-katki-sagliyor\/\"]}]},{\"@type\":\"BreadcrumbList\",\"@id\":\"https:\/\/denizcankizil.tr\/en\/haberler\/gundem\/mahalleevi-uretiyor-urettiklerini-satarak-aile-butcesine-katki-sagliyor\/#breadcrumb\",\"itemListElement\":[{\"@type\":\"ListItem\",\"position\":1,\"name\":\"Home\",\"item\":\"https:\/\/denizcankizil.tr\/de\/\"},{\"@type\":\"ListItem\",\"position\":2,\"name\":\"Mahalleevi \u00dcretiyor, \u00dcrettiklerini Satarak Aile B\u00fct\u00e7esine Katk\u0131 Sa\u011fl\u0131yor\"}]},{\"@type\":\"WebSite\",\"@id\":\"https:\/\/denizcankizil.tr\/#website\",\"url\":\"https:\/\/denizcankizil.tr\/\",\"name\":\"Av. Deniz Can K\u0131z\u0131l\",\"description\":\"Avukat Deniz Can K\u0131z\u0131l Antalya Barosu\",\"publisher\":{\"@id\":\"https:\/\/denizcankizil.tr\/#organization\"},\"potentialAction\":[{\"@type\":\"SearchAction\",\"target\":{\"@type\":\"EntryPoint\",\"urlTemplate\":\"https:\/\/denizcankizil.tr\/?s={search_term_string}\"},\"query-input\":{\"@type\":\"PropertyValueSpecification\",\"valueRequired\":true,\"valueName\":\"search_term_string\"}}],\"inLanguage\":\"en-GB\"},{\"@type\":\"Organization\",\"@id\":\"https:\/\/denizcankizil.tr\/#organization\",\"name\":\"Av. Deniz Can K\u0131z\u0131l\",\"url\":\"https:\/\/denizcankizil.tr\/\",\"logo\":{\"@type\":\"ImageObject\",\"inLanguage\":\"en-GB\",\"@id\":\"https:\/\/denizcankizil.tr\/#\/schema\/logo\/image\/\",\"url\":\"https:\/\/denizcankizil.tr\/wp-content\/uploads\/2024\/10\/siyah-logo-svg.svg\",\"contentUrl\":\"https:\/\/denizcankizil.tr\/wp-content\/uploads\/2024\/10\/siyah-logo-svg.svg\",\"width\":1080,\"height\":1080,\"caption\":\"Av. Deniz Can K\u0131z\u0131l\"},\"image\":{\"@id\":\"https:\/\/denizcankizil.tr\/#\/schema\/logo\/image\/\"}}]}<\/script>\n<!-- \/ Yoast SEO Premium plugin. -->","yoast_head_json":{"title":"Mahalleevi \u00dcretiyor, \u00dcrettiklerini Satarak Aile B\u00fct\u00e7esine Katk\u0131 Sa\u011fl\u0131yor - Av. Deniz Can K\u0131z\u0131l","robots":{"index":"index","follow":"follow","max-snippet":"max-snippet:-1","max-image-preview":"max-image-preview:large","max-video-preview":"max-video-preview:-1"},"canonical":"https:\/\/denizcankizil.tr\/en\/haberler\/gundem\/mahalleevi-uretiyor-urettiklerini-satarak-aile-butcesine-katki-sagliyor\/","og_locale":"en_GB","og_type":"article","og_title":"Mahalleevi \u00dcretiyor, \u00dcrettiklerini Satarak Aile B\u00fct\u00e7esine Katk\u0131 Sa\u011fl\u0131yor","og_description":"Mahalleevleri \u00e7at\u0131s\u0131 alt\u0131nda kad\u0131nlar\u0131n \u00fcretti\u011fi birbirinden renkli el eme\u011fi g\u00f6z nuru \u00fcr\u00fcnlerin bulundu\u011fu Y\u0131lba\u015f\u0131 Pazar\u0131\u2019n\u0131 e\u015fi Canan Ergin ile birlikte ziyaret eden Ayval\u0131k Belediye Ba\u015fkan\u0131 Mesut Ergin, Dr. Faz\u0131l Do\u011fan (At Arabac\u0131lar) Meydan\u0131&#8217;nda eski A\u015fevi&#8217;nde a\u00e7\u0131lan stantlardan yeni y\u0131l hediyeleri sat\u0131n ald\u0131. \u200bMahalleevleri \u00e7at\u0131s\u0131 alt\u0131nda kad\u0131nlar\u0131n \u00fcretti\u011fi birbirinden renkli el eme\u011fi g\u00f6z nuru \u00fcr\u00fcnlerin bulundu\u011fu Y\u0131lba\u015f\u0131 Pazar\u0131\u2019n\u0131 e\u015fi Canan Ergin ile birlikte ziyaret eden Ayval\u0131k Belediye Ba\u015fkan\u0131 Mesut Ergin, Dr. Faz\u0131l Do\u011fan (At Arabac\u0131lar) Meydan\u0131&#8217;nda eski A\u015fevi&#8217;nde a\u00e7\u0131lan stantlardan yeni y\u0131l hediyeleri sat\u0131n ald\u0131.\u00a0 \u200bHaberin Al\u0131nt\u0131land\u0131\u011f\u0131 Kaynak: www.iskenderun.org","og_url":"https:\/\/denizcankizil.tr\/en\/haberler\/gundem\/mahalleevi-uretiyor-urettiklerini-satarak-aile-butcesine-katki-sagliyor\/","og_site_name":"Av. Deniz Can K\u0131z\u0131l","article_published_time":"2024-12-26T13:41:54+00:00","twitter_card":"summary_large_image","twitter_misc":{"Estimated reading time":"1 minute"},"schema":{"@context":"https:\/\/schema.org","@graph":[{"@type":"Article","@id":"https:\/\/denizcankizil.tr\/en\/haberler\/gundem\/mahalleevi-uretiyor-urettiklerini-satarak-aile-butcesine-katki-sagliyor\/#article","isPartOf":{"@id":"https:\/\/denizcankizil.tr\/en\/haberler\/gundem\/mahalleevi-uretiyor-urettiklerini-satarak-aile-butcesine-katki-sagliyor\/"},"author":{"name":"","@id":""},"headline":"Mahalleevi \u00dcretiyor, \u00dcrettiklerini Satarak Aile B\u00fct\u00e7esine Katk\u0131 Sa\u011fl\u0131yor","datePublished":"2024-12-26T13:41:54+00:00","mainEntityOfPage":{"@id":"https:\/\/denizcankizil.tr\/en\/haberler\/gundem\/mahalleevi-uretiyor-urettiklerini-satarak-aile-butcesine-katki-sagliyor\/"},"wordCount":150,"commentCount":0,"publisher":{"@id":"https:\/\/denizcankizil.tr\/#organization"},"articleSection":["G\u00fcndem","Uncategorized"],"inLanguage":"en-GB","potentialAction":[{"@type":"CommentAction","name":"Comment","target":["https:\/\/denizcankizil.tr\/en\/haberler\/gundem\/mahalleevi-uretiyor-urettiklerini-satarak-aile-butcesine-katki-sagliyor\/#respond"]}]},{"@type":"WebPage","@id":"https:\/\/denizcankizil.tr\/en\/haberler\/gundem\/mahalleevi-uretiyor-urettiklerini-satarak-aile-butcesine-katki-sagliyor\/","url":"https:\/\/denizcankizil.tr\/en\/haberler\/gundem\/mahalleevi-uretiyor-urettiklerini-satarak-aile-butcesine-katki-sagliyor\/","name":"Mahalleevi \u00dcretiyor, \u00dcrettiklerini Satarak Aile B\u00fct\u00e7esine Katk\u0131 Sa\u011fl\u0131yor - Av. Deniz Can K\u0131z\u0131l","isPartOf":{"@id":"https:\/\/denizcankizil.tr\/#website"},"datePublished":"2024-12-26T13:41:54+00:00","breadcrumb":{"@id":"https:\/\/denizcankizil.tr\/en\/haberler\/gundem\/mahalleevi-uretiyor-urettiklerini-satarak-aile-butcesine-katki-sagliyor\/#breadcrumb"},"inLanguage":"en-GB","potentialAction":[{"@type":"ReadAction","target":["https:\/\/denizcankizil.tr\/en\/haberler\/gundem\/mahalleevi-uretiyor-urettiklerini-satarak-aile-butcesine-katki-sagliyor\/"]}]},{"@type":"BreadcrumbList","@id":"https:\/\/denizcankizil.tr\/en\/haberler\/gundem\/mahalleevi-uretiyor-urettiklerini-satarak-aile-butcesine-katki-sagliyor\/#breadcrumb","itemListElement":[{"@type":"ListItem","position":1,"name":"Home","item":"https:\/\/denizcankizil.tr\/de\/"},{"@type":"ListItem","position":2,"name":"Mahalleevi \u00dcretiyor, \u00dcrettiklerini Satarak Aile B\u00fct\u00e7esine Katk\u0131 Sa\u011fl\u0131yor"}]},{"@type":"WebSite","@id":"https:\/\/denizcankizil.tr\/#website","url":"https:\/\/denizcankizil.tr\/","name":"Av. Deniz Can K\u0131z\u0131l","description":"Avukat Deniz Can K\u0131z\u0131l Antalya Barosu","publisher":{"@id":"https:\/\/denizcankizil.tr\/#organization"},"potentialAction":[{"@type":"SearchAction","target":{"@type":"EntryPoint","urlTemplate":"https:\/\/denizcankizil.tr\/?s={search_term_string}"},"query-input":{"@type":"PropertyValueSpecification","valueRequired":true,"valueName":"search_term_string"}}],"inLanguage":"en-GB"},{"@type":"Organization","@id":"https:\/\/denizcankizil.tr\/#organization","name":"Av. Deniz Can K\u0131z\u0131l","url":"https:\/\/denizcankizil.tr\/","logo":{"@type":"ImageObject","inLanguage":"en-GB","@id":"https:\/\/denizcankizil.tr\/#\/schema\/logo\/image\/","url":"https:\/\/denizcankizil.tr\/wp-content\/uploads\/2024\/10\/siyah-logo-svg.svg","contentUrl":"https:\/\/denizcankizil.tr\/wp-content\/uploads\/2024\/10\/siyah-logo-svg.svg","width":1080,"height":1080,"caption":"Av. Deniz Can K\u0131z\u0131l"},"image":{"@id":"https:\/\/denizcankizil.tr\/#\/schema\/logo\/image\/"}}]}},"_links":{"self":[{"href":"https:\/\/denizcankizil.tr\/en\/wp-json\/wp\/v2\/posts\/22393","targetHints":{"allow":["GET"]}}],"collection":[{"href":"https:\/\/denizcankizil.tr\/en\/wp-json\/wp\/v2\/posts"}],"about":[{"href":"https:\/\/denizcankizil.tr\/en\/wp-json\/wp\/v2\/types\/post"}],"replies":[{"embeddable":true,"href":"https:\/\/denizcankizil.tr\/en\/wp-json\/wp\/v2\/comments?post=22393"}],"version-history":[{"count":0,"href":"https:\/\/denizcankizil.tr\/en\/wp-json\/wp\/v2\/posts\/22393\/revisions"}],"wp:attachment":[{"href":"https:\/\/denizcankizil.tr\/en\/wp-json\/wp\/v2\/media?parent=22393"}],"wp:term":[{"taxonomy":"category","embeddable":true,"href":"https:\/\/denizcankizil.tr\/en\/wp-json\/wp\/v2\/categories?post=22393"},{"taxonomy":"post_tag","embeddable":true,"href":"https:\/\/denizcankizil.tr\/en\/wp-json\/wp\/v2\/tags?post=22393"}],"curies":[{"name":"wp","href":"https:\/\/api.w.org\/{rel}","templated":true}]}}