{"id":21995,"date":"2024-12-24T12:41:34","date_gmt":"2024-12-24T09:41:34","guid":{"rendered":"https:\/\/denizcankizil.tr\/uncategorized-tr\/2024-yilinda-antalyada-iz-birakan-olaylar\/"},"modified":"2024-12-24T12:41:34","modified_gmt":"2024-12-24T09:41:34","slug":"2024-yilinda-antalyada-iz-birakan-olaylar","status":"publish","type":"post","link":"https:\/\/denizcankizil.tr\/en\/haberler\/gundem\/2024-yilinda-antalyada-iz-birakan-olaylar\/","title":{"rendered":"2024 y\u0131l\u0131nda Antalya&#8217;da iz b\u0131rakan olaylar"},"content":{"rendered":"<p>Antalya&#8217;da 2024 y\u0131l\u0131 geride kal\u0131rken, y\u0131la damga vuran geli\u015fmeler, kentin tarihinde iz b\u0131rakt\u0131. 2024 y\u0131l\u0131na girildi\u011fi ikinci ay\u0131nda sel felaketiyle maddi manevi kay\u0131plar ya\u015f\u0131nd\u0131. Kent 2024&#8217;\u00fcn son g\u00fcnlerinde ise \u015fehit ate\u015fiyle kavruldu. \u0130\u015fte y\u0131l boyunca ya\u015fanan olay ve geli\u015fmeler&#8230;<\/p>\n<p>PROF. DR. ALPER DEM\u0130RTA\u015e HAYATINI KAYBETT\u0130\u00a0<\/p>\n<p>Turizmde alt\u0131n y\u0131l\u0131n\u0131 ya\u015fayan Antalya, 2024 y\u0131l\u0131nda daha \u00e7ok \u00fcz\u00fcc\u00fc olaylarla ad\u0131ndan s\u00f6z ettirdi. Y\u0131l\u0131n ikinci ay\u0131nda ay\u0131nda, say\u0131s\u0131z genel cerrahi ameliyat\u0131 ger\u00e7ekle\u015ftiren, son 28 y\u0131lda ise say\u0131s\u0131z organ nakli ameliyat\u0131na imza atan Prof. Dr. Alper Demirba\u015f, enfeksiyona ba\u011fl\u0131 \u00e7oklu organ yetmezli\u011finden ya\u015fam\u0131n\u0131 yitirdi.<\/p>\n<p>SEL FELAKET\u0130NDE B\u0130R K\u0130\u015e\u0130 HAYATINI KAYBETT\u0130\u00a0<\/p>\n<p>Antalya, 12 \u015eubat sabah\u0131na sel felaketiyle uyand\u0131. \u015eiddetli ya\u011f\u0131\u015f nedeniyle ev ve i\u015f yerlerini su bast\u0131, ara\u00e7lar\u0131nda mahsur kalan \u00e7ok say\u0131da ki\u015fi itfaiye ekipleri taraf\u0131ndan tahliye edildi. G\u0131yaseddin Keyh\u00fcsrev Alt Ge\u00e7idi&#8217;ndeki bir otomobilde, 47 ya\u015f\u0131ndaki Halil Y\u0131ld\u0131z&#8217;\u0131n cans\u0131z bedenine ula\u015f\u0131ld\u0131. Sel felaketi hasar\u0131, 300 milyon TL&#8217;yi buldu.<\/p>\n<p>TELEFER\u0130K KAZASI YA\u015eANDI\u00a0<\/p>\n<p>Antalya&#8217;da, 31 Mart Mahalli \u0130dareler Genel Se\u00e7imleri&#8217;nde B\u00fcy\u00fck\u015fehir Belediye Ba\u015fkanl\u0131\u011f\u0131&#8217;na, oylar\u0131n y\u00fczde 48,60&#8217;\u0131n\u0131 alan Muhittin B\u00f6cek se\u00e7ildi. 19 il\u00e7edeki belediye ba\u015fkanl\u0131klar\u0131nda ise CHP 16, AK Parti 2, DP 1 belediye ba\u015fkanl\u0131\u011f\u0131 kazand\u0131. Konyaalt\u0131 il\u00e7esinde 12 Nisan&#8217;da meydana gelen, 1 ki\u015finin ya\u015fam\u0131n\u0131 yitirdi\u011fi, 7 ki\u015finin yaraland\u0131\u011f\u0131 teleferik kazas\u0131yla ilgili, teleferik i\u015fletmecisi ANET&#8217;in \u00f6nceki y\u00f6netim kurulu ba\u015fkan\u0131, mevcut Kepez Belediye Ba\u015fkan\u0131 Mesut Kocag\u00f6z&#8217;\u00fcn de aralar\u0131nda oldu\u011fu 5 ki\u015fi tutukland\u0131. 59 g\u00fcn cezaevinde kalan Ba\u015fkan Kocag\u00f6z, 11 Haziran&#8217;da tahliye edildi.<\/p>\n<p>AL\u0130 BAHAR HAYATINI KAYBETT\u0130\u00a0<\/p>\n<p>Y\u0131l i\u00e7inde kentte ya\u015fanan di\u011fer geli\u015fmeler \u015f\u00f6yle s\u0131raland\u0131; Antalya Ticaret ve Sanayi Odas\u0131 Ba\u015fkan\u0131 Ali Bahar, 19 Temmuz tarihinde Kemer il\u00e7esinde tekne kazas\u0131nda hayat\u0131n\u0131 kaybetti. Akdeniz \u00dcniversitesi&#8217;nde d\u00fcnyan\u0131n ilk rahim nakli, T\u00fcrkiye&#8217;nin ilk y\u00fcz ve kol nakillerini yapan ekiple bir\u00e7ok ba\u015far\u0131ya imza atan Prof. Dr. \u00d6zlenen \u00d6zkan, yeniden rekt\u00f6r oldu.<\/p>\n<p>60 YIL \u00d6NCE KURULAN \u00c7ARDAKLAR YIKILDI\u00a0<\/p>\n<p>Antalya Alt\u0131n Portakal Film Festivali&#8217;nin Ulusal Uzun Metraj Film Yar\u0131\u015fmas\u0131&#8217;nda &#8216;En \u0130yi Film \u00d6d\u00fcl\u00fc&#8217;n\u00fc, Nadim G\u00fc\u00e7&#8217;\u00fcn &#8216;Mukadderat&#8217; filmi kazand\u0131. Necmi Sancak&#8217;\u0131n &#8216;Ay\u015fe&#8217; filmi 4 \u00f6d\u00fcl kazanarak geceye damga vurdu. Antalya&#8217;n\u0131n Aksu il\u00e7esi Kumk\u00f6y sahiline yakla\u015f\u0131k 60 y\u0131l \u00f6nce kurulan aralar\u0131nda konteyner \u015feklinde yap\u0131lanlar\u0131n da bulundu\u011fu 600 \u00e7ardak, belediye ekiplerinin i\u015f makineleriyle y\u0131k\u0131ld\u0131.<\/p>\n<p>ASKER\u0130 HEL\u0130KOPTER D\u00dc\u015eT\u00dc: 6 \u015eEH\u0130T<\/p>\n<p>2024 y\u0131l\u0131 11 ayl\u0131k d\u00f6nemde Antalya&#8217;ya gelen turist say\u0131s\u0131, 16 milyon 600 bini a\u015ft\u0131. Antalya, t\u00fcm zamanlar\u0131n y\u0131l rekorunu 11&#8217;inci ay ba\u015f\u0131nda k\u0131rd\u0131. 9 Aral\u0131k g\u00fcn\u00fc Isparta S\u00fcleyman Demirel Havaliman\u0131&#8217;ndan e\u011fitim u\u00e7u\u015fu i\u00e7in kalk\u0131\u015f yapan Isparta Kara Havac\u0131l\u0131k Okulu&#8217;na ait 2 askeri helikopter, Ke\u00e7iborlu il\u00e7e merkezi yak\u0131nlar\u0131nda havada birbirine temas etti. Kazada 6 asker \u015fehit oldu.\u00a0<\/p>\n<p>KIYILAR C*SET TARLASINA D\u00d6ND\u00dc (22 OCAK): <\/p>\n<p>Antalya&#8217;n\u0131n Manavgat il\u00e7esinin \u00c7enger Mahallesi&#8217;ndeki sahilde 17 Ocak \u00c7ar\u015famba ba\u015f\u0131 ve bir kolu olmayan \u00e7ocuk cesedi bulundu. 18 Ocak Per\u015fembe g\u00fcn\u00fc Alanya il\u00e7esinin Konakl\u0131 Mahallesi sahilinde belden yukar\u0131s\u0131 olmayan \u00e7ocuk c*sedi bulundu. Manavgat&#8217;\u0131n \u00c7enger ve Denizkent mahallelerinde cinsiyeti belirlenemeyen iki c*set 21 Ocak Pazar g\u00fcn\u00fc k\u0131y\u0131ya vurdu. Antalya&#8217;n\u0131n Serik il\u00e7esinde 500 metre aral\u0131kla sahile vurmu\u015f iki c*set daha bulundu. Serik il\u00e7esinin Kadriye Mahallesi&#8217;nde de gen\u00e7 bir kad\u0131na ait oldu\u011fu tespit edilen c*set de 21 Ocak Pazar g\u00fcn\u00fc k\u0131y\u0131ya vurdu. Ayn\u0131 g\u00fcn Aksu il\u00e7esinde de sahile vurmu\u015f bir erkek c*sedi bulundu. Serik sahilinde bulunan c*sedin, 4 Ocak&#8217;ta kaybolan 18 ya\u015f\u0131ndaki Merve \u015eevval Elmas&#8217;a\u00a0 ait oldu\u011fu belirlendi. Di\u011fer c*setlerin, ka\u00e7ak g\u00f6\u00e7menleri ta\u015f\u0131yan bir teknenin batmas\u0131 sonucu Antalya k\u0131y\u0131lar\u0131na s\u00fcr\u00fcklendi\u011fi kaydedildi.<\/p>\n<p>SAYISIZ ORGAN NAKL\u0130NE \u0130MZA ATTI\u00a0<\/p>\n<p>Antalya&#8217;da say\u0131s\u0131z genel cerrahi ameliyat\u0131 ger\u00e7ekle\u015ftiren, son 28 y\u0131lda ise say\u0131s\u0131z organ nakli ameliyat\u0131na imza atarak, pek \u00e7ok ki\u015finin ya\u015fam\u0131na dokunan Prof. Dr. Alper Demirba\u015f, ge\u00e7en y\u0131l a\u011fustos ay\u0131nda akci\u011fer kanserine yakaland\u0131. \u0130lk olarak Akdeniz \u00dcniversitesi Organ Nakli Merkezi&#8217;nde g\u00f6rev yapan ve son 15 y\u0131ld\u0131r s\u00fcrd\u00fcrd\u00fc\u011f\u00fc \u00f6zel bir hastanede Organ Nakli Merkezi B\u00f6l\u00fcm Ba\u015fkanl\u0131\u011f\u0131 g\u00f6revinden ge\u00e7en ekim ay\u0131nda ayr\u0131lan Prof. Dr. Demirba\u015f, rahats\u0131zl\u0131\u011f\u0131 nedeniyle tedaviye al\u0131nd\u0131. Bu y\u0131l\u0131n ilk haftas\u0131nda akci\u011fer kanseri nedeniyle \u0130stanbul&#8217;daki bir hastanede ameliyat edilen Prof. Dr. Demirba\u015f, enfeksiyon geli\u015fmesi \u00fczerine Akdeniz \u00dcniversitesi Hastanesi&#8217;ne nakledildi. Yakla\u015f\u0131k 3 hafta yo\u011fun bak\u0131m \u00fcnitesinde tedavisi s\u00fcren Prof. Dr. Demirba\u015f, 1 \u015eubat&#8217;ta enfeksiyona ba\u011fl\u0131 \u00e7oklu organ yetmezli\u011finden ya\u015fam\u0131n\u0131 yitirdi. Demirba\u015f&#8217;\u0131n cenazesi, \u00c7ak\u0131rlar Mezarl\u0131\u011f\u0131&#8217;nda topra\u011fa verildi.<\/p>\n<p>SEL FELAKET\u0130 KENT\u0130 FEL\u00c7 ETT\u0130\u00a0 (12 \u015eUBAT):<\/p>\n<p>Antalya&#8217;da sabaha kar\u015f\u0131 ba\u015flayan \u015fiddetli ya\u011f\u0131\u015f nedeniyle ev ve i\u015f yerlerini su basarken, ara\u00e7lar\u0131nda mahsur kalan \u00e7ok say\u0131da ki\u015fi itfaiye ekipleri taraf\u0131ndan tahliye edildi. Kent merkezindeki 5 il\u00e7ede e\u011fitime 1 g\u00fcn ara verildi. Antalya Havaliman\u0131&#8217;nda ise u\u00e7u\u015flar aksad\u0131. Muratpa\u015fa N\u00fcfus \u0130l\u00e7e M\u00fcd\u00fcrl\u00fc\u011f\u00fc hizmet veremez duruma geldi. Kepez Devlet Hastanesi&#8217;nde g\u00f6r\u00fcnt\u00fcleme cihazlar\u0131 zarar g\u00f6rd\u00fc. Kepez il\u00e7esinde Gazi Bulvar\u0131&#8217;nda bulunan G\u0131yaseddin Keyh\u00fcsrev Alt Ge\u00e7idi&#8217;ndeki bir otomobilde, 47 ya\u015f\u0131ndaki Halil Y\u0131ld\u0131z&#8217;\u0131n cans\u0131z bedenine ula\u015f\u0131ld\u0131. 948 dekar tar\u0131m alan\u0131nda su bask\u0131n\u0131 ya\u015fand\u0131. Aksu ve Kepez il\u00e7elerimizde 10 \u00e7ift\u00e7inin toplam 7 b\u00fcy\u00fckba\u015f, 70 k\u00fc\u00e7\u00fckba\u015f hayvan\u0131, 70 tavuk, 10 ar\u0131 kovan\u0131, 4 bin kilo kaba yem, 11 bin 300 kilo kesif yem ve 1 adet s\u00fct sa\u011f\u0131m makinesi telef oldu. Vali Hulusi \u015eahin, gece yar\u0131s\u0131 ya\u015fanan sa\u011fana\u011f\u0131n neden oldu\u011fu sel felaketi hasar\u0131n\u0131n 300 milyon TL&#8217;yi buldu\u011funu s\u00f6yledi.<\/p>\n<p>ANTALYA&#8217;DA YEREL SE\u00c7\u0130MDE CHP B\u00dcY\u00dcK ZAFER KAZANDI (31 MART):<\/p>\n<p>Antalya&#8217;da, 31 Mart Mahalli \u0130dareler Genel Se\u00e7imleri&#8217;nde B\u00fcy\u00fck\u015fehir Belediye Ba\u015fkanl\u0131\u011f\u0131&#8217;na, oylar\u0131n y\u00fczde 48,60&#8217;\u0131n\u0131 alan mevcut ba\u015fkan CHP&#8217;li Muhittin B\u00f6cek se\u00e7ildi. 19 il\u00e7edeki belediye ba\u015fkanl\u0131klar\u0131nda ise CHP 16, AK Parti 2, DP 1 belediye ba\u015fkanl\u0131\u011f\u0131 kazand\u0131. Alanya&#8217;da CHP&#8217;li Osman Tar\u0131k \u00d6z\u00e7elik, Gazipa\u015fa&#8217;da CHP&#8217;li Mehmet Ali Y\u0131lmaz, Finike&#8217;de CHP&#8217;li Mustafa Geyik\u00e7i, Manavgat&#8217;ta CHP&#8217;li Niyazi Nefi Kara, Serik&#8217;te CHP&#8217;li Kadir Kumbul, Akseki&#8217;de CHP&#8217;li \u0130lkay Akca, Aksu&#8217;da CHP&#8217;li \u0130sa Y\u0131ld\u0131r\u0131m, Kepez&#8217;de CHP&#8217;li Mesut Kocag\u00f6z, Muratpa\u015fa&#8217;da CHP&#8217;li \u00dcmit Uysal, Konyaalt\u0131&#8217;nda CHP&#8217;li Cem Kotan, Kemer&#8217;de CHP&#8217;li Necati Topalo\u011flu, Ka\u015f&#8217;ta CHP&#8217;li Erol Demirhan, Demre&#8217;de CHP&#8217;li Fahri Duran, Elmal\u0131&#8217;da CHP&#8217;li Halil \u00d6zt\u00fcrk, Korkuteli&#8217;de CHP&#8217;li Saniye Caran, D\u00f6\u015femealt\u0131&#8217;nda CHP&#8217;li Menderes Dal, \u0130brad\u0131&#8217;da AK Partili Hatice Sekmen, G\u00fcndo\u011fmu\u015f&#8217;ta AK Partili Ali G\u00fclen, Kumluca&#8217;da DP&#8217;li Mesut Avc\u0131o\u011flu se\u00e7imin galibi oldu.<\/p>\n<p>TELEFER\u0130K KAZASI \u00dcLKE G\u00dcNDEM\u0130NE OTURDU (12 N\u0130SAN):<\/p>\n<p>Antalya&#8217;n\u0131n Konyaalt\u0131 il\u00e7esinde 12 Nisan&#8217;da meydana gelen, 1 ki\u015finin ya\u015fam\u0131n\u0131 yitirdi\u011fi, 7 ki\u015finin yaraland\u0131\u011f\u0131 ve mahsur kalan 174 ki\u015finin 23 saatte kurtar\u0131ld\u0131\u011f\u0131 teleferik kazas\u0131yla ilgili, teleferik i\u015fletmecisi ANET&#8217;in \u00f6nceki y\u00f6netim kurulu ba\u015fkan\u0131, mevcut Kepez Belediye Ba\u015fkan\u0131 Mesut Kocag\u00f6z&#8217;\u00fcn de aralar\u0131nda oldu\u011fu 5 ki\u015fi tutukland\u0131. Teleferik kazas\u0131na ili\u015fkin haz\u0131rlanan 36 sayfal\u0131k iddianamede, kazada \u00f6len Memi\u015f G\u00fcm\u00fc\u015f dahil olmak \u00fczere 150 ki\u015fi m\u00fc\u015fteki s\u0131fat\u0131yla yer ald\u0131. 59 g\u00fcn cezaevinde kalan Ba\u015fkan Mesut Kocag\u00f6z, 11 Haziran&#8217;da g\u00f6r\u00fclen ilk duru\u015fmada adli kontrol ve yurt d\u0131\u015f\u0131 yasa\u011f\u0131 konularak tahliye edildi.<\/p>\n<p>AL\u0130 BAHAR HAYATINI KAYBETT\u0130 (19 TEMMUZ):<\/p>\n<p>Antalya Ticaret ve Sanayi Odas\u0131 (ATSO) Ba\u015fkan\u0131 Ali Bahar, Kemer il\u00e7esinde tekne kazas\u0131nda hayat\u0131n\u0131 kaybetti. Ali Bahar kendisine ait &#8216;Alber&#8217; adl\u0131 tekne ve beraberindeki ki\u015fiyle denize a\u00e7\u0131ld\u0131. Ali Bahar, marinaya yana\u015ft\u0131klar\u0131 s\u0131rada teknede oturmak i\u00e7in kullan\u0131lan bir par\u00e7an\u0131n denize d\u00fc\u015fmesi \u00fczerine suya atlad\u0131. Tekneyi kullanan ki\u015fi durumu fark etmeden manevra yap\u0131nca Ali Bahar motor pervanelerinin aras\u0131nda kald\u0131. Ali Bahar&#8217;\u0131n a\u011f\u0131r yaraland\u0131\u011f\u0131n\u0131n fark edilmesi sonras\u0131 112 Acil \u00c7a\u011fr\u0131 Merkezi&#8217;nden yard\u0131m istendi. \u0130hbar sonras\u0131 b\u00f6lgeye Sahil G\u00fcvenlik botu y\u00f6nlendirildi. Sudan \u00e7\u0131kar\u0131lan Ali Bahar, h\u0131zla k\u0131y\u0131ya getirildikten sonra ambulansla Kemer&#8217;deki \u00f6zel bir hastaneye g\u00f6t\u00fcr\u00fcld\u00fc. V\u00fccudunun b\u00fcy\u00fck k\u0131sm\u0131nda yara ve kesikler olu\u015fan Ali Bahar, t\u00fcm \u00e7abalara ra\u011fmen hayat\u0131n\u0131 kaybetti.<\/p>\n<p>\u00d6ZLENEN \u00d6ZKAN \u0130K\u0130NC\u0130 KEZ ATANDI (16 A\u011eUSTOS):<\/p>\n<p>Akdeniz \u00dcniversitesi&#8217;nde d\u00fcnyan\u0131n ilk rahim nakli, T\u00fcrkiye&#8217;nin ilk y\u00fcz ve kol nakillerini yapan ekiple bir\u00e7ok uluslararas\u0131 ve ulusal ba\u015far\u0131ya imza atan Rekt\u00f6r Prof. Dr. \u00d6zlenen \u00d6zkan, Cumhurba\u015fkan\u0131 Recep Tayyip Erdo\u011fan&#8217;\u0131n 16 A\u011fustos Cuma g\u00fcnk\u00fc Resmi Gazetede yay\u0131mlanan 13 \u00fcniversiteye rekt\u00f6r atamas\u0131 karar\u0131na g\u00f6re yeniden rekt\u00f6r oldu. Prof. Dr. \u00d6zkan, sosyal medya hesaplar\u0131ndan yapt\u0131\u011f\u0131 payla\u015f\u0131mda, &#8220;Bu \u00f6nemli g\u00f6revi bir kez daha \u00fcstlenmekten onur duyuyorum. \u00d6n\u00fcm\u00fczdeki d\u00f6nemde de \u00fcniversitemizi hem e\u011fitimde hem ara\u015ft\u0131rmada daha da ileriye ta\u015f\u0131mak i\u00e7in var g\u00fcc\u00fcm\u00fczle \u00e7al\u0131\u015fmaya devam edece\u011fiz. Yeni d\u00f6nemin \u00fcniversitemize, \u015fehrimize ve \u00fclkemize hay\u0131rl\u0131 olmas\u0131n\u0131 dilerim&#8221; dedi.<\/p>\n<p>\u0130LKER ARSLAN EMN\u0130YET \u0130L M\u00dcD\u00dcRL\u00dc\u011e\u00dcNE ATANDI\u00a0 (16 A\u011eUSTOS):<\/p>\n<p>Cumhurba\u015fkan\u0131 Recep Tayyip Erdo\u011fan&#8217;\u0131n imzas\u0131yla atama ve g\u00f6revden alma kararlar\u0131 gece saatlerinde Resmi Gazete&#8217;de yay\u0131mland\u0131. Yay\u0131mlanan kararlarla emniyet m\u00fcd\u00fcr\u00fc de\u011fi\u015fen 16 ilden biri de Antalya oldu. 11 A\u011fustos 2022 tarihinde atanan Antalya \u0130l Emniyet M\u00fcd\u00fcr\u00fc Orhan \u00c7evik, yerini \u0130\u00e7i\u015fleri Bakanl\u0131\u011f\u0131 M\u00fc\u015faviri \u0130lker Arslan&#8217;a b\u0131rakt\u0131. Orhan \u00c7evik ise Emniyet Genel M\u00fcd\u00fcrl\u00fc\u011f\u00fc emrine al\u0131nd\u0131. Yeni Antalya Emniyet M\u00fcd\u00fcr\u00fc \u0130lker Arslan, daha \u00f6nce Tan\u0131k Koruma Daire Ba\u015fkanl\u0131\u011f\u0131 g\u00f6revinde bulunuyordu.<\/p>\n<p>ALTIN PORTAKAL \u00d6D\u00dcLLER\u0130 SAH\u0130PLER\u0130N\u0130 BULDU (12 EK\u0130M):<\/p>\n<p>Antalya B\u00fcy\u00fck\u015fehir Belediyesi taraf\u0131ndan d\u00fczenlenen T\u00fcrkiye&#8217;nin en uzun soluklu film festivali olan Antalya Alt\u0131n Portakal Film Festivali&#8217;nde \u00f6d\u00fcller sahiplerini buldu. Bu y\u0131l 61&#8217;incisi d\u00fczenlenen Antalya Alt\u0131n Portakal Film Festivali&#8217;nin Ulusal Uzun Metraj Film Yar\u0131\u015fmas\u0131&#8217;nda &#8216;En \u0130yi Film \u00d6d\u00fcl\u00fc&#8217;n\u00fc, Nadim G\u00fc\u00e7&#8217;\u00fcn &#8216;Mukadderat&#8217; filmi kazand\u0131. Necmi Sancak&#8217;\u0131n &#8216;Ay\u015fe&#8217; filmi 4 \u00f6d\u00fcl kazanarak geceye damga vururken, En \u0130yi Kad\u0131n Oyuncu \u00d6d\u00fcl\u00fc ise Binnur Kaya ve Nur S\u00fcrer&#8217;e verildi. Ulusal Uzun Metraj Film Yar\u0131\u015fmas\u0131 En \u0130yi Erkek Oyuncu \u00f6d\u00fcl\u00fc ise &#8216;Evcilik&#8217; filmindeki rol\u00fcnden dolay\u0131 Nejat \u0130\u015fler&#8217;e verildi. T\u00f6rende kad\u0131n cinayetleri ve kad\u0131na y\u00f6nelik \u015fiddete kar\u015f\u0131 mesajlar da verildi. T\u00f6rende \u00f6d\u00fcl alanlar b\u00fcy\u00fck sevin\u00e7 ya\u015fad\u0131.<\/p>\n<p>GEN\u00c7 \u00c7\u0130\u00c7EK\u00c7\u0130Y\u0130 YUMRUK ATARAK \u00d6LD\u00dcRD\u00dc (12 EK\u0130M):<\/p>\n<p>Antalya&#8217;da sosyal medya hesaplar\u0131nda \u00e7i\u00e7ek sat\u0131\u015f\u0131 yapan K\u0131van\u00e7 \u015eens\u00f6z&#8217;\u00fcn yabanc\u0131 uyruklu e\u015fi Dara \u015eens\u00f6z, olu\u015fturulan hesaplar\u0131ndan \u00e7i\u00e7ek buketi ile birlikte kendi foto\u011fraf\u0131n\u0131 payla\u015ft\u0131. Ayn\u0131 b\u00f6lgede \u00e7i\u00e7ek\u00e7ilikle u\u011fra\u015fan E\u015fref Yunus Y\u0131ld\u0131r\u0131c\u0131&#8217;n\u0131n k\u0131z karde\u015fi Firdevs Y\u0131ld\u0131r\u0131c\u0131, \u015eens\u00f6z&#8217;\u00fcn e\u015finin payla\u015f\u0131m\u0131n\u0131n ekran g\u00f6r\u00fcnt\u00fcs\u00fcn\u00fc alarak, kendi i\u015f yerlerinin sosyal medya hesaplar\u0131ndan payla\u015ft\u0131. Firdevs Y\u0131ld\u0131r\u0131c\u0131&#8217;n\u0131n payla\u015ft\u0131\u011f\u0131 ve y\u00fcz\u00fc net g\u00f6r\u00fcnmeyen foto\u011fraf\u0131 fark eden K\u0131van\u00e7 \u015eens\u00f6z, tepki g\u00f6sterdi. K\u0131van\u00e7 \u015eens\u00f6z, E\u015fref Yunus Y\u0131ld\u0131r\u0131c\u0131 ile y\u00fcz y\u00fcze g\u00f6r\u00fc\u015fmek istedi ve 12 Ekim&#8217;de \u00e7i\u00e7ek deposuna gitti. \u015eens\u00f6z, bir anda yumruk atarak Y\u0131ld\u0131r\u0131c\u0131&#8217;y\u0131 yere d\u00fc\u015f\u00fcr\u00fcp, defalarca tekmeledi. Hastaneye kald\u0131r\u0131lan Y\u0131ld\u0131r\u0131c\u0131, kurtar\u0131lamad\u0131. G\u00f6zalt\u0131na al\u0131nan K\u0131van\u00e7 \u015eens\u00f6z, \u00e7\u0131kar\u0131ld\u0131\u011f\u0131 hakimlik\u00e7e tutuklanarak cezaevine g\u00f6nderildi.<\/p>\n<p>\u0130\u00c7\u0130NDE YOLCULAR VARKEN U\u00c7AK YANDI (24 KASIM):<\/p>\n<p>Rusya&#8217;n\u0131n Sochi Havaliman\u0131&#8217;ndan kalkan Azimuth Airlines firmas\u0131na ait Sukhoi Superjet 100-95LR (SU95) tipi ve RA89085 tescilli u\u00e7ak, Antalya Havaliman\u0131&#8217;na ini\u015fi s\u0131ras\u0131nda kuleye acil durum deklare etti ve sol motorunda yang\u0131n ba\u015flad\u0131\u011f\u0131n\u0131 bildirdi. Hava Kurtarma ve Yang\u0131nla M\u00fccadele (ARFF) ekipleri, h\u0131zla pist ba\u015f\u0131na y\u00f6nlendirildi. U\u00e7ak, saat 21.34&#8217;te Antalya Havaliman\u0131&#8217;na teker koydu\u011fu s\u0131rada sol motorundaki yang\u0131n b\u00fcy\u00fcd\u00fc. Yang\u0131na 23 saniyede m\u00fcdahale edilirken, yolcular ve m\u00fcrettebat\u0131n tahliyesi i\u00e7in harekete ge\u00e7ildi. U\u00e7a\u011f\u0131n kap\u0131lar\u0131ndan a\u00e7\u0131lan hava yast\u0131klar\u0131 sayesinde saat 21.43&#8217;te 89 yolcu ve 6 m\u00fcrettebat\u0131n sa\u011f \u015fekilde tahliyesi sa\u011fland\u0131. Yang\u0131n k\u0131sa s\u00fcrede s\u00f6nd\u00fcr\u00fcld\u00fc. U\u00e7a\u011f\u0131n, 1 ay \u00f6nce ba\u015fka bir ini\u015f s\u0131ras\u0131nda kaza k\u0131r\u0131ma u\u011frad\u0131\u011f\u0131 ortaya \u00e7\u0131kt\u0131.<\/p>\n<p>BEDAVA TAT\u0130L\u0130N ADRES\u0130 \u00c7ARDAKLAR YIKILDI (27 KASIM):<\/p>\n<p>Antalya&#8217;n\u0131n Aksu il\u00e7esi Kumk\u00f6y sahiline yakla\u015f\u0131k 60 y\u0131l \u00f6nce kurulan aralar\u0131nda konteyner \u015feklinde yap\u0131lanlar\u0131n da bulundu\u011fu 600 \u00e7ardak, her y\u0131l binlerce tatilcinin yaz mevsimini ge\u00e7irdi\u011fi yer olarak dikkati \u00e7ekiyordu. Denize s\u0131f\u0131r, 5 y\u0131ld\u0131zl\u0131 otellere kom\u015fu, bedava tatilin adresi olarak da bilinen \u00e7ardaklar i\u00e7in 2021 y\u0131l\u0131nda Cumhurba\u015fkanl\u0131\u011f\u0131 kararnamesiyle sahilin koruma alt\u0131na al\u0131nmas\u0131 sonras\u0131 y\u0131k\u0131m karar\u0131 verildi. S\u00fcre\u00e7 y\u0131llarca ertelenerek y\u0131lan hikayesine d\u00f6nd\u00fc. Yerel se\u00e7imler sonras\u0131 \u00e7ardaklar i\u00e7in 20 Kas\u0131m 2024 tarihine kadar m\u00fcsaade edildi\u011fi ve bu tarihte y\u0131k\u0131m\u0131n yap\u0131laca\u011f\u0131 tebli\u011f edildi. 20 Kas\u0131m g\u00fcn\u00fc 3 \u00e7arda\u011f\u0131n y\u0131k\u0131m\u0131n\u0131n ard\u0131ndan Aksu Belediyesi \u00e7ardaklar\u0131 bulunan vatanda\u015flara de\u011ferli e\u015fyalar\u0131n\u0131 almalar\u0131 i\u00e7in s\u00fcre verdiklerini belirterek, y\u0131k\u0131m\u0131 erteledi. 7 g\u00fcn\u00fcn sonunda tekrar alana gelen belediye ekipleri i\u015f makineleriyle \u00e7ardaklar\u0131 y\u0131kt\u0131.<\/p>\n<p>TUR\u0130ZMDE REKOR (03 ARALIK):<\/p>\n<p>2024 y\u0131l\u0131 11 ayl\u0131k d\u00f6nemde Antalya&#8217;ya gelen turist say\u0131s\u0131, 16 milyon 600 bini a\u015ft\u0131. Antalya, t\u00fcm zamanlar\u0131n y\u0131l rekorunu 11&#8217;inci ay ba\u015f\u0131nda k\u0131rd\u0131. Bu y\u0131l turizm tarihinde t\u00fcm zamanlar\u0131n rekorunu k\u0131rmaya haz\u0131rlanan Antalya&#8217;da, kas\u0131m ay\u0131 sonu itibar\u0131yla toplam turist say\u0131s\u0131 16,6 milyonu a\u015ft\u0131. Ge\u00e7en y\u0131l\u0131n ayn\u0131 d\u00f6nemine g\u00f6re y\u00fczde 8&#8217;lik art\u0131\u015f g\u00f6steren yabanc\u0131 turist say\u0131s\u0131, t\u00fcm zamanlar\u0131n en y\u00fcksek rakam\u0131na ula\u015ft\u0131. Turizm tarihindeki rekoru 2023 y\u0131l\u0131ndaki 15 milyon 689 bin 258 ki\u015fi olan Antalya&#8217;n\u0131n yeni rekorunun aral\u0131k ay\u0131 sonunda 17 milyonu a\u015faca\u011f\u0131 \u00f6ng\u00f6r\u00fcl\u00fcyor.<\/p>\n<p>ISPARTA&#8217;DA ASKER\u0130 HEL\u0130KOPTER KAZASI: 6 \u015eEH\u0130T (9 ARALIK):<\/p>\n<p>Isparta S\u00fcleyman Demirel Havaliman\u0131&#8217;ndan e\u011fitim u\u00e7u\u015fu i\u00e7in kalk\u0131\u015f yapan Isparta Kara Havac\u0131l\u0131k Okulu&#8217;na ait 2 askeri helikopter, Ke\u00e7iborlu il\u00e7e merkezi yak\u0131nlar\u0131nda saat 11.00 s\u0131ralar\u0131nda havada birbirine temas etti. Helikopterlerden biri ini\u015f yaparken, di\u011feri ise il\u00e7e merkezinde, bir akaryak\u0131t istasyonunun yak\u0131n\u0131ndaki bo\u015f araziye d\u00fc\u015ft\u00fc. Helikopterin d\u00fc\u015fmesi sonucu Isparta Kara Havac\u0131l\u0131k Okul Komutan\u0131 Tu\u011fgeneral \u0130sa Baydilli, Te\u011fmen Mustafa Atakan Dut, Te\u011fmen Ceyhun Kalyoncu, Te\u011fmen Tunahan Da\u011fl\u0131, Astsubay K\u0131demli \u00c7avu\u015f H\u00fcseyin \u0130pek ve Astsubay \u00c7avu\u015f Taha Nergiz \u015fehit oldu. \u015eehitlerin naa\u015flar\u0131, askeri u\u00e7a\u011fa konularak memleketlerine g\u00f6nderildi.<\/p>\n<p>\u200bHer y\u0131l milyonlarca turisti a\u011f\u0131rlayan Antalya&#8217;da 2024 y\u0131l\u0131nda neler ya\u015fand\u0131? \u0130\u015fte d\u00fcnya kenti Antalya&#8217;da iz b\u0131rakan olay ve geli\u015fmeler&#8230;\u00a0<\/p>\n<p>\u200bHaberin Al\u0131nt\u0131land\u0131\u011f\u0131 Kaynak: www.antalyakorfez.com<\/p>","protected":false},"excerpt":{"rendered":"<p>Antalya&#8217;da 2024 y\u0131l\u0131 geride kal\u0131rken, y\u0131la damga vuran geli\u015fmeler, kentin tarihinde iz b\u0131rakt\u0131. 2024 y\u0131l\u0131na girildi\u011fi ikinci ay\u0131nda sel felaketiyle maddi manevi kay\u0131plar ya\u015f\u0131nd\u0131. Kent 2024&#8217;\u00fcn son g\u00fcnlerinde ise \u015fehit ate\u015fiyle kavruldu. \u0130\u015fte y\u0131l boyunca ya\u015fanan olay ve geli\u015fmeler&#8230; PROF. DR. ALPER DEM\u0130RTA\u015e HAYATINI KAYBETT\u0130\u00a0 Turizmde alt\u0131n y\u0131l\u0131n\u0131 ya\u015fayan Antalya, 2024 y\u0131l\u0131nda daha \u00e7ok \u00fcz\u00fcc\u00fc olaylarla ad\u0131ndan s\u00f6z ettirdi. Y\u0131l\u0131n ikinci ay\u0131nda ay\u0131nda, say\u0131s\u0131z genel cerrahi ameliyat\u0131 ger\u00e7ekle\u015ftiren, son 28 y\u0131lda ise say\u0131s\u0131z organ nakli ameliyat\u0131na imza atan Prof. Dr. Alper Demirba\u015f, enfeksiyona ba\u011fl\u0131 \u00e7oklu organ yetmezli\u011finden ya\u015fam\u0131n\u0131 yitirdi. SEL FELAKET\u0130NDE B\u0130R K\u0130\u015e\u0130 HAYATINI KAYBETT\u0130\u00a0 Antalya, 12 \u015eubat sabah\u0131na sel felaketiyle uyand\u0131. \u015eiddetli ya\u011f\u0131\u015f nedeniyle ev ve i\u015f yerlerini su bast\u0131, ara\u00e7lar\u0131nda mahsur kalan \u00e7ok say\u0131da ki\u015fi itfaiye ekipleri taraf\u0131ndan tahliye edildi. G\u0131yaseddin Keyh\u00fcsrev Alt Ge\u00e7idi&#8217;ndeki bir otomobilde, 47 ya\u015f\u0131ndaki Halil Y\u0131ld\u0131z&#8217;\u0131n cans\u0131z bedenine ula\u015f\u0131ld\u0131. Sel felaketi hasar\u0131, 300 milyon TL&#8217;yi buldu. TELEFER\u0130K KAZASI YA\u015eANDI\u00a0 Antalya&#8217;da, 31 Mart Mahalli \u0130dareler Genel Se\u00e7imleri&#8217;nde B\u00fcy\u00fck\u015fehir Belediye Ba\u015fkanl\u0131\u011f\u0131&#8217;na, oylar\u0131n y\u00fczde 48,60&#8217;\u0131n\u0131 alan Muhittin B\u00f6cek se\u00e7ildi. 19 il\u00e7edeki belediye ba\u015fkanl\u0131klar\u0131nda ise CHP 16, AK Parti 2, DP 1 belediye ba\u015fkanl\u0131\u011f\u0131 kazand\u0131. Konyaalt\u0131 il\u00e7esinde 12 Nisan&#8217;da meydana gelen, 1 ki\u015finin ya\u015fam\u0131n\u0131 yitirdi\u011fi, 7 ki\u015finin yaraland\u0131\u011f\u0131 teleferik kazas\u0131yla ilgili, teleferik i\u015fletmecisi ANET&#8217;in \u00f6nceki y\u00f6netim kurulu ba\u015fkan\u0131, &hellip;<\/p>","protected":false},"author":0,"featured_media":0,"comment_status":"open","ping_status":"open","sticky":false,"template":"","format":"standard","meta":{"_acf_changed":false,"footnotes":""},"categories":[24,535],"tags":[],"class_list":["post-21995","post","type-post","status-publish","format-standard","has-post-thumbnail","hentry","category-gundem","category-uncategorized-tr"],"acf":[],"yoast_head":"<!-- This site is optimized with the Yoast SEO Premium plugin v26.6 (Yoast SEO v27.1.1) - https:\/\/yoast.com\/product\/yoast-seo-premium-wordpress\/ -->\n<title>2024 y\u0131l\u0131nda Antalya&#039;da iz b\u0131rakan olaylar - Av. Deniz Can K\u0131z\u0131l<\/title>\n<meta name=\"robots\" content=\"index, follow, max-snippet:-1, max-image-preview:large, max-video-preview:-1\" \/>\n<link rel=\"canonical\" href=\"https:\/\/denizcankizil.tr\/en\/haberler\/gundem\/2024-yilinda-antalyada-iz-birakan-olaylar\/\" \/>\n<meta property=\"og:locale\" content=\"en_GB\" \/>\n<meta property=\"og:type\" content=\"article\" \/>\n<meta property=\"og:title\" content=\"2024 y\u0131l\u0131nda Antalya&#039;da iz b\u0131rakan olaylar\" \/>\n<meta property=\"og:description\" content=\"Antalya&#8217;da 2024 y\u0131l\u0131 geride kal\u0131rken, y\u0131la damga vuran geli\u015fmeler, kentin tarihinde iz b\u0131rakt\u0131. 2024 y\u0131l\u0131na girildi\u011fi ikinci ay\u0131nda sel felaketiyle maddi manevi kay\u0131plar ya\u015f\u0131nd\u0131. Kent 2024&#8217;\u00fcn son g\u00fcnlerinde ise \u015fehit ate\u015fiyle kavruldu. \u0130\u015fte y\u0131l boyunca ya\u015fanan olay ve geli\u015fmeler&#8230; PROF. DR. ALPER DEM\u0130RTA\u015e HAYATINI KAYBETT\u0130\u00a0 Turizmde alt\u0131n y\u0131l\u0131n\u0131 ya\u015fayan Antalya, 2024 y\u0131l\u0131nda daha \u00e7ok \u00fcz\u00fcc\u00fc olaylarla ad\u0131ndan s\u00f6z ettirdi. Y\u0131l\u0131n ikinci ay\u0131nda ay\u0131nda, say\u0131s\u0131z genel cerrahi ameliyat\u0131 ger\u00e7ekle\u015ftiren, son 28 y\u0131lda ise say\u0131s\u0131z organ nakli ameliyat\u0131na imza atan Prof. Dr. Alper Demirba\u015f, enfeksiyona ba\u011fl\u0131 \u00e7oklu organ yetmezli\u011finden ya\u015fam\u0131n\u0131 yitirdi. SEL FELAKET\u0130NDE B\u0130R K\u0130\u015e\u0130 HAYATINI KAYBETT\u0130\u00a0 Antalya, 12 \u015eubat sabah\u0131na sel felaketiyle uyand\u0131. \u015eiddetli ya\u011f\u0131\u015f nedeniyle ev ve i\u015f yerlerini su bast\u0131, ara\u00e7lar\u0131nda mahsur kalan \u00e7ok say\u0131da ki\u015fi itfaiye ekipleri taraf\u0131ndan tahliye edildi. G\u0131yaseddin Keyh\u00fcsrev Alt Ge\u00e7idi&#8217;ndeki bir otomobilde, 47 ya\u015f\u0131ndaki Halil Y\u0131ld\u0131z&#8217;\u0131n cans\u0131z bedenine ula\u015f\u0131ld\u0131. Sel felaketi hasar\u0131, 300 milyon TL&#8217;yi buldu. TELEFER\u0130K KAZASI YA\u015eANDI\u00a0 Antalya&#8217;da, 31 Mart Mahalli \u0130dareler Genel Se\u00e7imleri&#8217;nde B\u00fcy\u00fck\u015fehir Belediye Ba\u015fkanl\u0131\u011f\u0131&#8217;na, oylar\u0131n y\u00fczde 48,60&#8217;\u0131n\u0131 alan Muhittin B\u00f6cek se\u00e7ildi. 19 il\u00e7edeki belediye ba\u015fkanl\u0131klar\u0131nda ise CHP 16, AK Parti 2, DP 1 belediye ba\u015fkanl\u0131\u011f\u0131 kazand\u0131. Konyaalt\u0131 il\u00e7esinde 12 Nisan&#8217;da meydana gelen, 1 ki\u015finin ya\u015fam\u0131n\u0131 yitirdi\u011fi, 7 ki\u015finin yaraland\u0131\u011f\u0131 teleferik kazas\u0131yla ilgili, teleferik i\u015fletmecisi ANET&#8217;in \u00f6nceki y\u00f6netim kurulu ba\u015fkan\u0131, &hellip;\" \/>\n<meta property=\"og:url\" content=\"https:\/\/denizcankizil.tr\/en\/haberler\/gundem\/2024-yilinda-antalyada-iz-birakan-olaylar\/\" \/>\n<meta property=\"og:site_name\" content=\"Av. Deniz Can K\u0131z\u0131l\" \/>\n<meta property=\"article:published_time\" content=\"2024-12-24T09:41:34+00:00\" \/>\n<meta name=\"twitter:card\" content=\"summary_large_image\" \/>\n<meta name=\"twitter:label1\" content=\"Estimated reading time\" \/>\n\t<meta name=\"twitter:data1\" content=\"13 minutes\" \/>\n<script type=\"application\/ld+json\" class=\"yoast-schema-graph\">{\"@context\":\"https:\/\/schema.org\",\"@graph\":[{\"@type\":\"Article\",\"@id\":\"https:\/\/denizcankizil.tr\/en\/haberler\/gundem\/2024-yilinda-antalyada-iz-birakan-olaylar\/#article\",\"isPartOf\":{\"@id\":\"https:\/\/denizcankizil.tr\/en\/haberler\/gundem\/2024-yilinda-antalyada-iz-birakan-olaylar\/\"},\"author\":{\"name\":\"\",\"@id\":\"\"},\"headline\":\"2024 y\u0131l\u0131nda Antalya&#8217;da iz b\u0131rakan olaylar\",\"datePublished\":\"2024-12-24T09:41:34+00:00\",\"mainEntityOfPage\":{\"@id\":\"https:\/\/denizcankizil.tr\/en\/haberler\/gundem\/2024-yilinda-antalyada-iz-birakan-olaylar\/\"},\"wordCount\":2727,\"commentCount\":0,\"publisher\":{\"@id\":\"https:\/\/denizcankizil.tr\/#organization\"},\"articleSection\":[\"G\u00fcndem\",\"Uncategorized\"],\"inLanguage\":\"en-GB\",\"potentialAction\":[{\"@type\":\"CommentAction\",\"name\":\"Comment\",\"target\":[\"https:\/\/denizcankizil.tr\/en\/haberler\/gundem\/2024-yilinda-antalyada-iz-birakan-olaylar\/#respond\"]}]},{\"@type\":\"WebPage\",\"@id\":\"https:\/\/denizcankizil.tr\/en\/haberler\/gundem\/2024-yilinda-antalyada-iz-birakan-olaylar\/\",\"url\":\"https:\/\/denizcankizil.tr\/en\/haberler\/gundem\/2024-yilinda-antalyada-iz-birakan-olaylar\/\",\"name\":\"2024 y\u0131l\u0131nda Antalya'da iz b\u0131rakan olaylar - Av. Deniz Can K\u0131z\u0131l\",\"isPartOf\":{\"@id\":\"https:\/\/denizcankizil.tr\/#website\"},\"datePublished\":\"2024-12-24T09:41:34+00:00\",\"breadcrumb\":{\"@id\":\"https:\/\/denizcankizil.tr\/en\/haberler\/gundem\/2024-yilinda-antalyada-iz-birakan-olaylar\/#breadcrumb\"},\"inLanguage\":\"en-GB\",\"potentialAction\":[{\"@type\":\"ReadAction\",\"target\":[\"https:\/\/denizcankizil.tr\/en\/haberler\/gundem\/2024-yilinda-antalyada-iz-birakan-olaylar\/\"]}]},{\"@type\":\"BreadcrumbList\",\"@id\":\"https:\/\/denizcankizil.tr\/en\/haberler\/gundem\/2024-yilinda-antalyada-iz-birakan-olaylar\/#breadcrumb\",\"itemListElement\":[{\"@type\":\"ListItem\",\"position\":1,\"name\":\"Home\",\"item\":\"https:\/\/denizcankizil.tr\/de\/\"},{\"@type\":\"ListItem\",\"position\":2,\"name\":\"2024 y\u0131l\u0131nda Antalya&#8217;da iz b\u0131rakan olaylar\"}]},{\"@type\":\"WebSite\",\"@id\":\"https:\/\/denizcankizil.tr\/#website\",\"url\":\"https:\/\/denizcankizil.tr\/\",\"name\":\"Av. Deniz Can K\u0131z\u0131l\",\"description\":\"Avukat Deniz Can K\u0131z\u0131l Antalya Barosu\",\"publisher\":{\"@id\":\"https:\/\/denizcankizil.tr\/#organization\"},\"potentialAction\":[{\"@type\":\"SearchAction\",\"target\":{\"@type\":\"EntryPoint\",\"urlTemplate\":\"https:\/\/denizcankizil.tr\/?s={search_term_string}\"},\"query-input\":{\"@type\":\"PropertyValueSpecification\",\"valueRequired\":true,\"valueName\":\"search_term_string\"}}],\"inLanguage\":\"en-GB\"},{\"@type\":\"Organization\",\"@id\":\"https:\/\/denizcankizil.tr\/#organization\",\"name\":\"Av. Deniz Can K\u0131z\u0131l\",\"url\":\"https:\/\/denizcankizil.tr\/\",\"logo\":{\"@type\":\"ImageObject\",\"inLanguage\":\"en-GB\",\"@id\":\"https:\/\/denizcankizil.tr\/#\/schema\/logo\/image\/\",\"url\":\"https:\/\/denizcankizil.tr\/wp-content\/uploads\/2024\/10\/siyah-logo-svg.svg\",\"contentUrl\":\"https:\/\/denizcankizil.tr\/wp-content\/uploads\/2024\/10\/siyah-logo-svg.svg\",\"width\":1080,\"height\":1080,\"caption\":\"Av. Deniz Can K\u0131z\u0131l\"},\"image\":{\"@id\":\"https:\/\/denizcankizil.tr\/#\/schema\/logo\/image\/\"}}]}<\/script>\n<!-- \/ Yoast SEO Premium plugin. -->","yoast_head_json":{"title":"2024 y\u0131l\u0131nda Antalya'da iz b\u0131rakan olaylar - Av. Deniz Can K\u0131z\u0131l","robots":{"index":"index","follow":"follow","max-snippet":"max-snippet:-1","max-image-preview":"max-image-preview:large","max-video-preview":"max-video-preview:-1"},"canonical":"https:\/\/denizcankizil.tr\/en\/haberler\/gundem\/2024-yilinda-antalyada-iz-birakan-olaylar\/","og_locale":"en_GB","og_type":"article","og_title":"2024 y\u0131l\u0131nda Antalya'da iz b\u0131rakan olaylar","og_description":"Antalya&#8217;da 2024 y\u0131l\u0131 geride kal\u0131rken, y\u0131la damga vuran geli\u015fmeler, kentin tarihinde iz b\u0131rakt\u0131. 2024 y\u0131l\u0131na girildi\u011fi ikinci ay\u0131nda sel felaketiyle maddi manevi kay\u0131plar ya\u015f\u0131nd\u0131. Kent 2024&#8217;\u00fcn son g\u00fcnlerinde ise \u015fehit ate\u015fiyle kavruldu. \u0130\u015fte y\u0131l boyunca ya\u015fanan olay ve geli\u015fmeler&#8230; PROF. DR. ALPER DEM\u0130RTA\u015e HAYATINI KAYBETT\u0130\u00a0 Turizmde alt\u0131n y\u0131l\u0131n\u0131 ya\u015fayan Antalya, 2024 y\u0131l\u0131nda daha \u00e7ok \u00fcz\u00fcc\u00fc olaylarla ad\u0131ndan s\u00f6z ettirdi. Y\u0131l\u0131n ikinci ay\u0131nda ay\u0131nda, say\u0131s\u0131z genel cerrahi ameliyat\u0131 ger\u00e7ekle\u015ftiren, son 28 y\u0131lda ise say\u0131s\u0131z organ nakli ameliyat\u0131na imza atan Prof. Dr. Alper Demirba\u015f, enfeksiyona ba\u011fl\u0131 \u00e7oklu organ yetmezli\u011finden ya\u015fam\u0131n\u0131 yitirdi. SEL FELAKET\u0130NDE B\u0130R K\u0130\u015e\u0130 HAYATINI KAYBETT\u0130\u00a0 Antalya, 12 \u015eubat sabah\u0131na sel felaketiyle uyand\u0131. \u015eiddetli ya\u011f\u0131\u015f nedeniyle ev ve i\u015f yerlerini su bast\u0131, ara\u00e7lar\u0131nda mahsur kalan \u00e7ok say\u0131da ki\u015fi itfaiye ekipleri taraf\u0131ndan tahliye edildi. G\u0131yaseddin Keyh\u00fcsrev Alt Ge\u00e7idi&#8217;ndeki bir otomobilde, 47 ya\u015f\u0131ndaki Halil Y\u0131ld\u0131z&#8217;\u0131n cans\u0131z bedenine ula\u015f\u0131ld\u0131. Sel felaketi hasar\u0131, 300 milyon TL&#8217;yi buldu. TELEFER\u0130K KAZASI YA\u015eANDI\u00a0 Antalya&#8217;da, 31 Mart Mahalli \u0130dareler Genel Se\u00e7imleri&#8217;nde B\u00fcy\u00fck\u015fehir Belediye Ba\u015fkanl\u0131\u011f\u0131&#8217;na, oylar\u0131n y\u00fczde 48,60&#8217;\u0131n\u0131 alan Muhittin B\u00f6cek se\u00e7ildi. 19 il\u00e7edeki belediye ba\u015fkanl\u0131klar\u0131nda ise CHP 16, AK Parti 2, DP 1 belediye ba\u015fkanl\u0131\u011f\u0131 kazand\u0131. Konyaalt\u0131 il\u00e7esinde 12 Nisan&#8217;da meydana gelen, 1 ki\u015finin ya\u015fam\u0131n\u0131 yitirdi\u011fi, 7 ki\u015finin yaraland\u0131\u011f\u0131 teleferik kazas\u0131yla ilgili, teleferik i\u015fletmecisi ANET&#8217;in \u00f6nceki y\u00f6netim kurulu ba\u015fkan\u0131, &hellip;","og_url":"https:\/\/denizcankizil.tr\/en\/haberler\/gundem\/2024-yilinda-antalyada-iz-birakan-olaylar\/","og_site_name":"Av. Deniz Can K\u0131z\u0131l","article_published_time":"2024-12-24T09:41:34+00:00","twitter_card":"summary_large_image","twitter_misc":{"Estimated reading time":"13 minutes"},"schema":{"@context":"https:\/\/schema.org","@graph":[{"@type":"Article","@id":"https:\/\/denizcankizil.tr\/en\/haberler\/gundem\/2024-yilinda-antalyada-iz-birakan-olaylar\/#article","isPartOf":{"@id":"https:\/\/denizcankizil.tr\/en\/haberler\/gundem\/2024-yilinda-antalyada-iz-birakan-olaylar\/"},"author":{"name":"","@id":""},"headline":"2024 y\u0131l\u0131nda Antalya&#8217;da iz b\u0131rakan olaylar","datePublished":"2024-12-24T09:41:34+00:00","mainEntityOfPage":{"@id":"https:\/\/denizcankizil.tr\/en\/haberler\/gundem\/2024-yilinda-antalyada-iz-birakan-olaylar\/"},"wordCount":2727,"commentCount":0,"publisher":{"@id":"https:\/\/denizcankizil.tr\/#organization"},"articleSection":["G\u00fcndem","Uncategorized"],"inLanguage":"en-GB","potentialAction":[{"@type":"CommentAction","name":"Comment","target":["https:\/\/denizcankizil.tr\/en\/haberler\/gundem\/2024-yilinda-antalyada-iz-birakan-olaylar\/#respond"]}]},{"@type":"WebPage","@id":"https:\/\/denizcankizil.tr\/en\/haberler\/gundem\/2024-yilinda-antalyada-iz-birakan-olaylar\/","url":"https:\/\/denizcankizil.tr\/en\/haberler\/gundem\/2024-yilinda-antalyada-iz-birakan-olaylar\/","name":"2024 y\u0131l\u0131nda Antalya'da iz b\u0131rakan olaylar - Av. Deniz Can K\u0131z\u0131l","isPartOf":{"@id":"https:\/\/denizcankizil.tr\/#website"},"datePublished":"2024-12-24T09:41:34+00:00","breadcrumb":{"@id":"https:\/\/denizcankizil.tr\/en\/haberler\/gundem\/2024-yilinda-antalyada-iz-birakan-olaylar\/#breadcrumb"},"inLanguage":"en-GB","potentialAction":[{"@type":"ReadAction","target":["https:\/\/denizcankizil.tr\/en\/haberler\/gundem\/2024-yilinda-antalyada-iz-birakan-olaylar\/"]}]},{"@type":"BreadcrumbList","@id":"https:\/\/denizcankizil.tr\/en\/haberler\/gundem\/2024-yilinda-antalyada-iz-birakan-olaylar\/#breadcrumb","itemListElement":[{"@type":"ListItem","position":1,"name":"Home","item":"https:\/\/denizcankizil.tr\/de\/"},{"@type":"ListItem","position":2,"name":"2024 y\u0131l\u0131nda Antalya&#8217;da iz b\u0131rakan olaylar"}]},{"@type":"WebSite","@id":"https:\/\/denizcankizil.tr\/#website","url":"https:\/\/denizcankizil.tr\/","name":"Av. Deniz Can K\u0131z\u0131l","description":"Avukat Deniz Can K\u0131z\u0131l Antalya Barosu","publisher":{"@id":"https:\/\/denizcankizil.tr\/#organization"},"potentialAction":[{"@type":"SearchAction","target":{"@type":"EntryPoint","urlTemplate":"https:\/\/denizcankizil.tr\/?s={search_term_string}"},"query-input":{"@type":"PropertyValueSpecification","valueRequired":true,"valueName":"search_term_string"}}],"inLanguage":"en-GB"},{"@type":"Organization","@id":"https:\/\/denizcankizil.tr\/#organization","name":"Av. Deniz Can K\u0131z\u0131l","url":"https:\/\/denizcankizil.tr\/","logo":{"@type":"ImageObject","inLanguage":"en-GB","@id":"https:\/\/denizcankizil.tr\/#\/schema\/logo\/image\/","url":"https:\/\/denizcankizil.tr\/wp-content\/uploads\/2024\/10\/siyah-logo-svg.svg","contentUrl":"https:\/\/denizcankizil.tr\/wp-content\/uploads\/2024\/10\/siyah-logo-svg.svg","width":1080,"height":1080,"caption":"Av. Deniz Can K\u0131z\u0131l"},"image":{"@id":"https:\/\/denizcankizil.tr\/#\/schema\/logo\/image\/"}}]}},"_links":{"self":[{"href":"https:\/\/denizcankizil.tr\/en\/wp-json\/wp\/v2\/posts\/21995","targetHints":{"allow":["GET"]}}],"collection":[{"href":"https:\/\/denizcankizil.tr\/en\/wp-json\/wp\/v2\/posts"}],"about":[{"href":"https:\/\/denizcankizil.tr\/en\/wp-json\/wp\/v2\/types\/post"}],"replies":[{"embeddable":true,"href":"https:\/\/denizcankizil.tr\/en\/wp-json\/wp\/v2\/comments?post=21995"}],"version-history":[{"count":0,"href":"https:\/\/denizcankizil.tr\/en\/wp-json\/wp\/v2\/posts\/21995\/revisions"}],"wp:attachment":[{"href":"https:\/\/denizcankizil.tr\/en\/wp-json\/wp\/v2\/media?parent=21995"}],"wp:term":[{"taxonomy":"category","embeddable":true,"href":"https:\/\/denizcankizil.tr\/en\/wp-json\/wp\/v2\/categories?post=21995"},{"taxonomy":"post_tag","embeddable":true,"href":"https:\/\/denizcankizil.tr\/en\/wp-json\/wp\/v2\/tags?post=21995"}],"curies":[{"name":"wp","href":"https:\/\/api.w.org\/{rel}","templated":true}]}}