{"id":21844,"date":"2024-12-23T11:41:52","date_gmt":"2024-12-23T08:41:52","guid":{"rendered":"https:\/\/denizcankizil.tr\/uncategorized-tr\/antalyada-buyuk-mucadele-kizilarik-sakinleri-pes-etmiyor\/"},"modified":"2024-12-23T11:41:52","modified_gmt":"2024-12-23T08:41:52","slug":"antalyada-buyuk-mucadele-kizilarik-sakinleri-pes-etmiyor","status":"publish","type":"post","link":"https:\/\/denizcankizil.tr\/en\/haberler\/gundem\/antalyada-buyuk-mucadele-kizilarik-sakinleri-pes-etmiyor\/","title":{"rendered":"Antalya\u2019da b\u00fcy\u00fck m\u00fccadele! K\u0131z\u0131lar\u0131k sakinleri pes etmiyor\u2026"},"content":{"rendered":"<p>K\u0131z\u0131lar\u0131k Mahallesi\u2019nde \u00e7ok say\u0131da aile ile Vak\u0131flar B\u00f6lge M\u00fcd\u00fcrl\u00fc\u011f\u00fc aras\u0131nda uzun s\u00fcredir ya\u015fanan sorunlar\u0131n \u00e7\u00f6z\u00fcm\u00fc i\u00e7in m\u00fccadele ba\u015flat\u0131ld\u0131. K\u0131z\u0131lar\u0131k Bar\u0131nma Platformu \u00f6nc\u00fcl\u00fc\u011f\u00fcnde mahallede irtibat ofisi a\u00e7\u0131ld\u0131. A\u00e7\u0131l\u0131\u015fa CHP Antalya Milletvekili Cavit Ar\u0131, Antalya B\u00fcy\u00fck\u015fehir Belediye Ba\u015fkan\u0131 Ba\u015fdan\u0131\u015fman\u0131 Cem O\u011fuz, Antalya Barosu \u00f6nceki d\u00f6nem Ba\u015fkan\u0131 Polat Balkan, Muratpa\u015fa Belediye Ba\u015fkan Yard\u0131mc\u0131 Nuran Y\u0131lmaz, K\u0131z\u0131lar\u0131k Muhtar\u0131 Sinan F\u0131rat ve CHP Muratpa\u015fa il\u00e7e y\u00f6neticileri kat\u0131ld\u0131.<\/p>\n<p>SORUNUN TAK\u0130P\u00c7\u0130S\u0130 OLACA\u011eIZ!<\/p>\n<p>CHP Antalya Milletvekili Cavit Ar\u0131, \u0131srarl\u0131 bir m\u00fccadeleyle bu sorunu \u00e7\u00f6zebileceklerini ifade etti. Ar\u0131, Muratpa\u015fa Belediyesi ve Antalya B\u00fcy\u00fck\u015fehir Belediyesi\u2019nin de bu konuda kendi \u00fcstlerine d\u00fc\u015fenleri yapacaklar\u0131na s\u00f6z verdi\u011fini belirtti. Ar\u0131, sorunun sadece m\u00fclkiyet meselesi olmad\u0131\u011f\u0131n\u0131, tarih ve ya\u015fanm\u0131\u015fl\u0131klar\u0131n da oldu\u011funu vurgulad\u0131. M\u00fccadelenin \u0131srarla ve b\u00f6l\u00fcnmeden ayr\u0131\u015fmadan s\u00fcrmesi gerekti\u011fini s\u00f6yleyerek, \u201cMermeri delen suyun \u015fiddeti de\u011fil damlan\u0131n s\u00fcreli\u011fidir\u201d dedi. Ar\u0131, sorunun takip\u00e7isi oldu\u011funu ifade etti.<\/p>\n<p>4-5 B\u0130N GELEN ECR\u0130M\u0130S\u0130L BEDELLER\u0130 ARTTI<\/p>\n<p>K\u0131z\u0131lar\u0131kl\u0131lar, a\u00e7\u0131l\u0131\u015fta ald\u0131klar\u0131 s\u00f6zlerde, y\u0131llard\u0131r ya\u015fad\u0131klar\u0131 mahallede daha \u00f6nce 4-5 bin TL gelen ecrimisil bedellerinin bu y\u0131l y\u00fczbinlerce ve milyonlarca lira olarak geldi\u011fini s\u00f6ylediler. Mahalleli kendilerine kendi kurduklar\u0131 mahallelerinde i\u015fgalci muamelesi yap\u0131ld\u0131\u011f\u0131n\u0131 ifade ettiler. Asgari \u00fccretle ve en d\u00fc\u015f\u00fck emekli maa\u015flar\u0131yla ge\u00e7inmeye \u00e7al\u0131\u015ft\u0131klar\u0131n\u0131, a\u015f\u0131r\u0131 y\u00fcksek gelen ecrimsilleri \u00f6deyemeyeceklerini vak\u0131flar taraf\u0131ndan mahallelerinden at\u0131lmak istendiklerini, \u00f6denebilir ecrimisllerin g\u00f6nderilmesi gerekti\u011fini s\u00f6ylediler.<\/p>\n<p>[related-posts id=&#8221;18093112&#8243; color=&#8221;bg-warning&#8221;][\/related-posts]<\/p>\n<p>M\u00dcCADELEM\u0130Z S\u00dcRECEK<\/p>\n<p>K\u0131z\u0131lar\u0131k Bar\u0131nma Platformu s\u00f6zc\u00fcs\u00fc Av. Engin Akbaba, \u201cHakl\u0131 m\u00fccadelemizi b\u00fcy\u00fcterek s\u00fcrd\u00fcrece\u011fiz. Vak\u0131flar\u0131 mahallenin bar\u0131nma sorununu \u00e7\u00f6zmek i\u00e7in ad\u0131m atmaya \u00e7a\u011f\u0131r\u0131yoruz. Bu m\u00fccadelemizi g\u00fc\u00e7lendirmek i\u00e7in b\u00fcromuzu a\u00e7\u0131yoruz\u201d dedi. Halkevleri Y\u00f6neticisi ve K\u0131z\u0131lar\u0131k Bar\u0131nma Platformu heyetinden Kutay Meri\u00e7, bar\u0131nma hakk\u0131 b\u00fcrolar\u0131n\u0131n bu \u00fclkede bir ge\u00e7mi\u015finin oldu\u011funu, y\u0131llar \u00f6nce ilk defa Ankara\u2019da Dikmen Vadisi\u2019nde kuruldu\u011funu ve kendisinin oran\u0131n da kurucular\u0131 aras\u0131nda oldu\u011funu ifade etti. Bu gelene\u011fin art\u0131k K\u0131z\u0131lar\u0131k mahallesinde s\u00fcrd\u00fc\u011f\u00fcn\u00fc g\u00f6rmekten mutlu oldu\u011funu s\u00f6yleyen Meri\u00e7, b\u00fcronun s\u00fcrekli a\u00e7\u0131k olaca\u011f\u0131n\u0131, m\u00fccadele i\u00e7in gerekli bilgilendirmelerin, hukuki deste\u011fin de buradan verilece\u011fini ve m\u00fccadelenin merkezi olaca\u011f\u0131n\u0131 ifade etti.<\/p>\n<p>B\u00dcY\u00dcK\u015eEH\u0130R BELED\u0130YES\u0130 ADIM ATTI<\/p>\n<p>B\u00fcy\u00fck\u015fehir Belediyesi Ba\u015fkan Ba\u015f Dan\u0131\u015fman\u0131 Cem O\u011fuz, \u201cYap\u0131lacak tek bir \u015fey var oda 4706 say\u0131l\u0131 yasay\u0131 i\u015fletmek\u201d Vak\u0131flar ecrimisilleri geri \u00e7ekmelidir\u201d diyerek Antalya Valisi, B\u00fcy\u00fck\u015fehir Belediyesi, Muratpa\u015fa Belediyesi, Vak\u0131flar, Hazine ve mahalle temsilcilerinden olu\u015fan bir \u00e7\u00f6z\u00fcm masas\u0131 kurmak i\u00e7in ad\u0131m att\u0131klar\u0131n\u0131 s\u00f6yledi.<\/p>\n<p>NE OLMU\u015eTU?<\/p>\n<p>K\u0131z\u0131lar\u0131k halk\u0131 bir y\u0131l\u0131 a\u015fk\u0131n bir zamand\u0131r bar\u0131nma haklar\u0131 i\u00e7in Sadrazam Kuyucu Muratpa\u015fa Bin Abd\u00fcsselam Vakf\u0131\u2019yla m\u00fccadele ediyor. Y\u00fczy\u0131l \u00f6nce mahalleyi kuran ve yerle\u015fen mahalleli, vak\u0131flar\u0131n m\u00fclkiyet iddia etmesi \u00fczerine, uzun y\u0131llar s\u00fcren davalar sonucu mahalle vak\u0131f \u00fczerine tescil edilmi\u015fti. Mahalle halk\u0131 ge\u00e7en y\u0131l ekim ay\u0131nda K\u0131z\u0131lar\u0131k Bar\u0131nma Platformu\u2019nu kurarak bar\u0131nma haklar\u0131 i\u00e7in m\u00fccadeleye ba\u015flad\u0131. Vak\u0131flar B\u00f6lge M\u00fcd\u00fcrl\u00fc\u011f\u00fc, Milli Emlak B\u00f6lge M\u00fcd\u00fcrl\u00fc\u011f\u00fc, Muratpa\u015fa Belediyesi ile yap\u0131lan g\u00f6r\u00fc\u015fmeler neticesinde, vak\u0131flar \u00e7\u00f6z\u00fcm i\u00e7in 4706 say\u0131l\u0131 yasa kapsam\u0131nda hazineyle trampa yap\u0131larak vatanda\u015fa arsalar\u0131n\u0131n sahibi olmas\u0131 i\u00e7in talepte bulunmu\u015ftu. Mahalleli bu \u00e7\u00f6z\u00fcm\u00fcn yerine getirilmesini beklerken, vak\u0131flar\u0131n hazineden bu talebi yapmas\u0131na ra\u011fmen Muratpa\u015fa Belediyesi ile konut projesi pazarl\u0131\u011f\u0131na giri\u015fti\u011fini \u00f6\u011frenen mahalleli bu duruma itirazlar\u0131n\u0131 getirdi. Vak\u0131flar\u0131n, kendilerine konut satma dayatmas\u0131na mahallelinin itiraz\u0131 \u00fczerine, Vak\u0131flar, K\u0131z\u0131lar\u0131kl\u0131lara aral\u0131k ay\u0131 ba\u015f\u0131nda milyonlar\u0131 bulan ecrimisil \u00f6demeleri ve tahliye emirleri i\u00e7eren tebligatlar da geldi. Mahalle halk\u0131 y\u00fcksek \u00f6denemeyecek miktardaki ecrimisillere kar\u015f\u0131 8 Aral\u0131k\u2019ta mahalledeki pazar yerinde kitlesel bir eylem yapm\u0131\u015ft\u0131.<\/p>\n<p>\u200bAntalya\u2019da uzun s\u00fcredir ya\u015fad\u0131klar\u0131 mahalleden at\u0131lmak istenen K\u0131z\u0131lar\u0131k sakinlerinin m\u00fccadelesi s\u00fcr\u00fcyor. K\u0131z\u0131lar\u0131k halk\u0131 m\u00fccadelesini b\u00fcy\u00fctmek i\u00e7in K\u0131z\u0131lar\u0131k Bar\u0131nma Hakk\u0131 B\u00fcrosu\u2019nu a\u00e7t\u0131. A\u00e7\u0131l\u0131\u015fa kat\u0131lan CHP Antalya Milletvekili Cavit Ar\u0131, \u201cMermeri delen suyun \u015fiddeti de\u011fil damlan\u0131n s\u00fcrekli\u011fidir\u201d dedi\u00a0<\/p>\n<p>\u200bHaberin Al\u0131nt\u0131land\u0131\u011f\u0131 Kaynak: www.antalyakorfez.com<\/p>","protected":false},"excerpt":{"rendered":"<p>K\u0131z\u0131lar\u0131k Mahallesi\u2019nde \u00e7ok say\u0131da aile ile Vak\u0131flar B\u00f6lge M\u00fcd\u00fcrl\u00fc\u011f\u00fc aras\u0131nda uzun s\u00fcredir ya\u015fanan sorunlar\u0131n \u00e7\u00f6z\u00fcm\u00fc i\u00e7in m\u00fccadele ba\u015flat\u0131ld\u0131. K\u0131z\u0131lar\u0131k Bar\u0131nma Platformu \u00f6nc\u00fcl\u00fc\u011f\u00fcnde mahallede irtibat ofisi a\u00e7\u0131ld\u0131. A\u00e7\u0131l\u0131\u015fa CHP Antalya Milletvekili Cavit Ar\u0131, Antalya B\u00fcy\u00fck\u015fehir Belediye Ba\u015fkan\u0131 Ba\u015fdan\u0131\u015fman\u0131 Cem O\u011fuz, Antalya Barosu \u00f6nceki d\u00f6nem Ba\u015fkan\u0131 Polat Balkan, Muratpa\u015fa Belediye Ba\u015fkan Yard\u0131mc\u0131 Nuran Y\u0131lmaz, K\u0131z\u0131lar\u0131k Muhtar\u0131 Sinan F\u0131rat ve CHP Muratpa\u015fa il\u00e7e y\u00f6neticileri kat\u0131ld\u0131. SORUNUN TAK\u0130P\u00c7\u0130S\u0130 OLACA\u011eIZ! CHP Antalya Milletvekili Cavit Ar\u0131, \u0131srarl\u0131 bir m\u00fccadeleyle bu sorunu \u00e7\u00f6zebileceklerini ifade etti. Ar\u0131, Muratpa\u015fa Belediyesi ve Antalya B\u00fcy\u00fck\u015fehir Belediyesi\u2019nin de bu konuda kendi \u00fcstlerine d\u00fc\u015fenleri yapacaklar\u0131na s\u00f6z verdi\u011fini belirtti. Ar\u0131, sorunun sadece m\u00fclkiyet meselesi olmad\u0131\u011f\u0131n\u0131, tarih ve ya\u015fanm\u0131\u015fl\u0131klar\u0131n da oldu\u011funu vurgulad\u0131. M\u00fccadelenin \u0131srarla ve b\u00f6l\u00fcnmeden ayr\u0131\u015fmadan s\u00fcrmesi gerekti\u011fini s\u00f6yleyerek, \u201cMermeri delen suyun \u015fiddeti de\u011fil damlan\u0131n s\u00fcreli\u011fidir\u201d dedi. Ar\u0131, sorunun takip\u00e7isi oldu\u011funu ifade etti. 4-5 B\u0130N GELEN ECR\u0130M\u0130S\u0130L BEDELLER\u0130 ARTTI K\u0131z\u0131lar\u0131kl\u0131lar, a\u00e7\u0131l\u0131\u015fta ald\u0131klar\u0131 s\u00f6zlerde, y\u0131llard\u0131r ya\u015fad\u0131klar\u0131 mahallede daha \u00f6nce 4-5 bin TL gelen ecrimisil bedellerinin bu y\u0131l y\u00fczbinlerce ve milyonlarca lira olarak geldi\u011fini s\u00f6ylediler. Mahalleli kendilerine kendi kurduklar\u0131 mahallelerinde i\u015fgalci muamelesi yap\u0131ld\u0131\u011f\u0131n\u0131 ifade ettiler. Asgari \u00fccretle ve en d\u00fc\u015f\u00fck emekli maa\u015flar\u0131yla ge\u00e7inmeye \u00e7al\u0131\u015ft\u0131klar\u0131n\u0131, a\u015f\u0131r\u0131 y\u00fcksek gelen ecrimsilleri \u00f6deyemeyeceklerini vak\u0131flar taraf\u0131ndan mahallelerinden at\u0131lmak istendiklerini, \u00f6denebilir ecrimisllerin g\u00f6nderilmesi gerekti\u011fini s\u00f6ylediler. [related-posts id=&#8221;18093112&#8243; color=&#8221;bg-warning&#8221;][\/related-posts] M\u00dcCADELEM\u0130Z S\u00dcRECEK K\u0131z\u0131lar\u0131k Bar\u0131nma &hellip;<\/p>\n","protected":false},"author":0,"featured_media":0,"comment_status":"open","ping_status":"open","sticky":false,"template":"","format":"standard","meta":{"_acf_changed":false,"footnotes":""},"categories":[24,535],"tags":[],"class_list":["post-21844","post","type-post","status-publish","format-standard","has-post-thumbnail","hentry","category-gundem","category-uncategorized-tr"],"acf":[],"yoast_head":"<!-- This site is optimized with the Yoast SEO Premium plugin v26.6 (Yoast SEO v27.1.1) - https:\/\/yoast.com\/product\/yoast-seo-premium-wordpress\/ -->\n<title>Antalya\u2019da b\u00fcy\u00fck m\u00fccadele! K\u0131z\u0131lar\u0131k sakinleri pes etmiyor\u2026 - Av. Deniz Can K\u0131z\u0131l<\/title>\n<meta name=\"robots\" content=\"index, follow, max-snippet:-1, max-image-preview:large, max-video-preview:-1\" \/>\n<link rel=\"canonical\" href=\"http:\/\/denizcankizil.tr\/en\/haberler\/gundem\/antalyada-buyuk-mucadele-kizilarik-sakinleri-pes-etmiyor\/\" \/>\n<meta property=\"og:locale\" content=\"en_GB\" \/>\n<meta property=\"og:type\" content=\"article\" \/>\n<meta property=\"og:title\" content=\"Antalya\u2019da b\u00fcy\u00fck m\u00fccadele! K\u0131z\u0131lar\u0131k sakinleri pes etmiyor\u2026\" \/>\n<meta property=\"og:description\" content=\"K\u0131z\u0131lar\u0131k Mahallesi\u2019nde \u00e7ok say\u0131da aile ile Vak\u0131flar B\u00f6lge M\u00fcd\u00fcrl\u00fc\u011f\u00fc aras\u0131nda uzun s\u00fcredir ya\u015fanan sorunlar\u0131n \u00e7\u00f6z\u00fcm\u00fc i\u00e7in m\u00fccadele ba\u015flat\u0131ld\u0131. K\u0131z\u0131lar\u0131k Bar\u0131nma Platformu \u00f6nc\u00fcl\u00fc\u011f\u00fcnde mahallede irtibat ofisi a\u00e7\u0131ld\u0131. A\u00e7\u0131l\u0131\u015fa CHP Antalya Milletvekili Cavit Ar\u0131, Antalya B\u00fcy\u00fck\u015fehir Belediye Ba\u015fkan\u0131 Ba\u015fdan\u0131\u015fman\u0131 Cem O\u011fuz, Antalya Barosu \u00f6nceki d\u00f6nem Ba\u015fkan\u0131 Polat Balkan, Muratpa\u015fa Belediye Ba\u015fkan Yard\u0131mc\u0131 Nuran Y\u0131lmaz, K\u0131z\u0131lar\u0131k Muhtar\u0131 Sinan F\u0131rat ve CHP Muratpa\u015fa il\u00e7e y\u00f6neticileri kat\u0131ld\u0131. SORUNUN TAK\u0130P\u00c7\u0130S\u0130 OLACA\u011eIZ! CHP Antalya Milletvekili Cavit Ar\u0131, \u0131srarl\u0131 bir m\u00fccadeleyle bu sorunu \u00e7\u00f6zebileceklerini ifade etti. Ar\u0131, Muratpa\u015fa Belediyesi ve Antalya B\u00fcy\u00fck\u015fehir Belediyesi\u2019nin de bu konuda kendi \u00fcstlerine d\u00fc\u015fenleri yapacaklar\u0131na s\u00f6z verdi\u011fini belirtti. Ar\u0131, sorunun sadece m\u00fclkiyet meselesi olmad\u0131\u011f\u0131n\u0131, tarih ve ya\u015fanm\u0131\u015fl\u0131klar\u0131n da oldu\u011funu vurgulad\u0131. M\u00fccadelenin \u0131srarla ve b\u00f6l\u00fcnmeden ayr\u0131\u015fmadan s\u00fcrmesi gerekti\u011fini s\u00f6yleyerek, \u201cMermeri delen suyun \u015fiddeti de\u011fil damlan\u0131n s\u00fcreli\u011fidir\u201d dedi. Ar\u0131, sorunun takip\u00e7isi oldu\u011funu ifade etti. 4-5 B\u0130N GELEN ECR\u0130M\u0130S\u0130L BEDELLER\u0130 ARTTI K\u0131z\u0131lar\u0131kl\u0131lar, a\u00e7\u0131l\u0131\u015fta ald\u0131klar\u0131 s\u00f6zlerde, y\u0131llard\u0131r ya\u015fad\u0131klar\u0131 mahallede daha \u00f6nce 4-5 bin TL gelen ecrimisil bedellerinin bu y\u0131l y\u00fczbinlerce ve milyonlarca lira olarak geldi\u011fini s\u00f6ylediler. Mahalleli kendilerine kendi kurduklar\u0131 mahallelerinde i\u015fgalci muamelesi yap\u0131ld\u0131\u011f\u0131n\u0131 ifade ettiler. Asgari \u00fccretle ve en d\u00fc\u015f\u00fck emekli maa\u015flar\u0131yla ge\u00e7inmeye \u00e7al\u0131\u015ft\u0131klar\u0131n\u0131, a\u015f\u0131r\u0131 y\u00fcksek gelen ecrimsilleri \u00f6deyemeyeceklerini vak\u0131flar taraf\u0131ndan mahallelerinden at\u0131lmak istendiklerini, \u00f6denebilir ecrimisllerin g\u00f6nderilmesi gerekti\u011fini s\u00f6ylediler. [related-posts id=&#8221;18093112&#8243; color=&#8221;bg-warning&#8221;][\/related-posts] M\u00dcCADELEM\u0130Z S\u00dcRECEK K\u0131z\u0131lar\u0131k Bar\u0131nma &hellip;\" \/>\n<meta property=\"og:url\" content=\"http:\/\/denizcankizil.tr\/en\/haberler\/gundem\/antalyada-buyuk-mucadele-kizilarik-sakinleri-pes-etmiyor\/\" \/>\n<meta property=\"og:site_name\" content=\"Av. Deniz Can K\u0131z\u0131l\" \/>\n<meta property=\"article:published_time\" content=\"2024-12-23T08:41:52+00:00\" \/>\n<meta name=\"twitter:card\" content=\"summary_large_image\" \/>\n<meta name=\"twitter:label1\" content=\"Estimated reading time\" \/>\n\t<meta name=\"twitter:data1\" content=\"4 minutes\" \/>\n<script type=\"application\/ld+json\" class=\"yoast-schema-graph\">{\"@context\":\"https:\/\/schema.org\",\"@graph\":[{\"@type\":\"Article\",\"@id\":\"http:\/\/denizcankizil.tr\/ru\/haberler\/gundem\/antalyada-buyuk-mucadele-kizilarik-sakinleri-pes-etmiyor\/#article\",\"isPartOf\":{\"@id\":\"http:\/\/denizcankizil.tr\/ru\/haberler\/gundem\/antalyada-buyuk-mucadele-kizilarik-sakinleri-pes-etmiyor\/\"},\"author\":{\"name\":\"\",\"@id\":\"\"},\"headline\":\"Antalya\u2019da b\u00fcy\u00fck m\u00fccadele! K\u0131z\u0131lar\u0131k sakinleri pes etmiyor\u2026\",\"datePublished\":\"2024-12-23T08:41:52+00:00\",\"mainEntityOfPage\":{\"@id\":\"http:\/\/denizcankizil.tr\/ru\/haberler\/gundem\/antalyada-buyuk-mucadele-kizilarik-sakinleri-pes-etmiyor\/\"},\"wordCount\":871,\"commentCount\":0,\"publisher\":{\"@id\":\"https:\/\/denizcankizil.tr\/de\/#organization\"},\"articleSection\":[\"G\u00fcndem\",\"Uncategorized\"],\"inLanguage\":\"en-GB\",\"potentialAction\":[{\"@type\":\"CommentAction\",\"name\":\"Comment\",\"target\":[\"http:\/\/denizcankizil.tr\/ru\/haberler\/gundem\/antalyada-buyuk-mucadele-kizilarik-sakinleri-pes-etmiyor\/#respond\"]}]},{\"@type\":\"WebPage\",\"@id\":\"http:\/\/denizcankizil.tr\/ru\/haberler\/gundem\/antalyada-buyuk-mucadele-kizilarik-sakinleri-pes-etmiyor\/\",\"url\":\"http:\/\/denizcankizil.tr\/ru\/haberler\/gundem\/antalyada-buyuk-mucadele-kizilarik-sakinleri-pes-etmiyor\/\",\"name\":\"Antalya\u2019da b\u00fcy\u00fck m\u00fccadele! K\u0131z\u0131lar\u0131k sakinleri pes etmiyor\u2026 - Av. Deniz Can K\u0131z\u0131l\",\"isPartOf\":{\"@id\":\"https:\/\/denizcankizil.tr\/de\/#website\"},\"datePublished\":\"2024-12-23T08:41:52+00:00\",\"breadcrumb\":{\"@id\":\"http:\/\/denizcankizil.tr\/ru\/haberler\/gundem\/antalyada-buyuk-mucadele-kizilarik-sakinleri-pes-etmiyor\/#breadcrumb\"},\"inLanguage\":\"en-GB\",\"potentialAction\":[{\"@type\":\"ReadAction\",\"target\":[\"http:\/\/denizcankizil.tr\/ru\/haberler\/gundem\/antalyada-buyuk-mucadele-kizilarik-sakinleri-pes-etmiyor\/\"]}]},{\"@type\":\"BreadcrumbList\",\"@id\":\"http:\/\/denizcankizil.tr\/ru\/haberler\/gundem\/antalyada-buyuk-mucadele-kizilarik-sakinleri-pes-etmiyor\/#breadcrumb\",\"itemListElement\":[{\"@type\":\"ListItem\",\"position\":1,\"name\":\"Home\",\"item\":\"https:\/\/denizcankizil.tr\/de\/\"},{\"@type\":\"ListItem\",\"position\":2,\"name\":\"Antalya\u2019da b\u00fcy\u00fck m\u00fccadele! K\u0131z\u0131lar\u0131k sakinleri pes etmiyor\u2026\"}]},{\"@type\":\"WebSite\",\"@id\":\"https:\/\/denizcankizil.tr\/de\/#website\",\"url\":\"https:\/\/denizcankizil.tr\/de\/\",\"name\":\"Av. Deniz Can K\u0131z\u0131l\",\"description\":\"Avukat Deniz Can K\u0131z\u0131l Antalya Barosu\",\"publisher\":{\"@id\":\"https:\/\/denizcankizil.tr\/de\/#organization\"},\"potentialAction\":[{\"@type\":\"SearchAction\",\"target\":{\"@type\":\"EntryPoint\",\"urlTemplate\":\"https:\/\/denizcankizil.tr\/de\/?s={search_term_string}\"},\"query-input\":{\"@type\":\"PropertyValueSpecification\",\"valueRequired\":true,\"valueName\":\"search_term_string\"}}],\"inLanguage\":\"en-GB\"},{\"@type\":\"Organization\",\"@id\":\"https:\/\/denizcankizil.tr\/de\/#organization\",\"name\":\"Av. Deniz Can K\u0131z\u0131l\",\"url\":\"https:\/\/denizcankizil.tr\/de\/\",\"logo\":{\"@type\":\"ImageObject\",\"inLanguage\":\"en-GB\",\"@id\":\"https:\/\/denizcankizil.tr\/de\/#\/schema\/logo\/image\/\",\"url\":\"https:\/\/denizcankizil.tr\/wp-content\/uploads\/2024\/10\/siyah-logo-svg.svg\",\"contentUrl\":\"https:\/\/denizcankizil.tr\/wp-content\/uploads\/2024\/10\/siyah-logo-svg.svg\",\"width\":1080,\"height\":1080,\"caption\":\"Av. Deniz Can K\u0131z\u0131l\"},\"image\":{\"@id\":\"https:\/\/denizcankizil.tr\/de\/#\/schema\/logo\/image\/\"}}]}<\/script>\n<!-- \/ Yoast SEO Premium plugin. -->","yoast_head_json":{"title":"Antalya\u2019da b\u00fcy\u00fck m\u00fccadele! K\u0131z\u0131lar\u0131k sakinleri pes etmiyor\u2026 - Av. Deniz Can K\u0131z\u0131l","robots":{"index":"index","follow":"follow","max-snippet":"max-snippet:-1","max-image-preview":"max-image-preview:large","max-video-preview":"max-video-preview:-1"},"canonical":"http:\/\/denizcankizil.tr\/en\/haberler\/gundem\/antalyada-buyuk-mucadele-kizilarik-sakinleri-pes-etmiyor\/","og_locale":"en_GB","og_type":"article","og_title":"Antalya\u2019da b\u00fcy\u00fck m\u00fccadele! K\u0131z\u0131lar\u0131k sakinleri pes etmiyor\u2026","og_description":"K\u0131z\u0131lar\u0131k Mahallesi\u2019nde \u00e7ok say\u0131da aile ile Vak\u0131flar B\u00f6lge M\u00fcd\u00fcrl\u00fc\u011f\u00fc aras\u0131nda uzun s\u00fcredir ya\u015fanan sorunlar\u0131n \u00e7\u00f6z\u00fcm\u00fc i\u00e7in m\u00fccadele ba\u015flat\u0131ld\u0131. K\u0131z\u0131lar\u0131k Bar\u0131nma Platformu \u00f6nc\u00fcl\u00fc\u011f\u00fcnde mahallede irtibat ofisi a\u00e7\u0131ld\u0131. A\u00e7\u0131l\u0131\u015fa CHP Antalya Milletvekili Cavit Ar\u0131, Antalya B\u00fcy\u00fck\u015fehir Belediye Ba\u015fkan\u0131 Ba\u015fdan\u0131\u015fman\u0131 Cem O\u011fuz, Antalya Barosu \u00f6nceki d\u00f6nem Ba\u015fkan\u0131 Polat Balkan, Muratpa\u015fa Belediye Ba\u015fkan Yard\u0131mc\u0131 Nuran Y\u0131lmaz, K\u0131z\u0131lar\u0131k Muhtar\u0131 Sinan F\u0131rat ve CHP Muratpa\u015fa il\u00e7e y\u00f6neticileri kat\u0131ld\u0131. SORUNUN TAK\u0130P\u00c7\u0130S\u0130 OLACA\u011eIZ! CHP Antalya Milletvekili Cavit Ar\u0131, \u0131srarl\u0131 bir m\u00fccadeleyle bu sorunu \u00e7\u00f6zebileceklerini ifade etti. Ar\u0131, Muratpa\u015fa Belediyesi ve Antalya B\u00fcy\u00fck\u015fehir Belediyesi\u2019nin de bu konuda kendi \u00fcstlerine d\u00fc\u015fenleri yapacaklar\u0131na s\u00f6z verdi\u011fini belirtti. Ar\u0131, sorunun sadece m\u00fclkiyet meselesi olmad\u0131\u011f\u0131n\u0131, tarih ve ya\u015fanm\u0131\u015fl\u0131klar\u0131n da oldu\u011funu vurgulad\u0131. M\u00fccadelenin \u0131srarla ve b\u00f6l\u00fcnmeden ayr\u0131\u015fmadan s\u00fcrmesi gerekti\u011fini s\u00f6yleyerek, \u201cMermeri delen suyun \u015fiddeti de\u011fil damlan\u0131n s\u00fcreli\u011fidir\u201d dedi. Ar\u0131, sorunun takip\u00e7isi oldu\u011funu ifade etti. 4-5 B\u0130N GELEN ECR\u0130M\u0130S\u0130L BEDELLER\u0130 ARTTI K\u0131z\u0131lar\u0131kl\u0131lar, a\u00e7\u0131l\u0131\u015fta ald\u0131klar\u0131 s\u00f6zlerde, y\u0131llard\u0131r ya\u015fad\u0131klar\u0131 mahallede daha \u00f6nce 4-5 bin TL gelen ecrimisil bedellerinin bu y\u0131l y\u00fczbinlerce ve milyonlarca lira olarak geldi\u011fini s\u00f6ylediler. Mahalleli kendilerine kendi kurduklar\u0131 mahallelerinde i\u015fgalci muamelesi yap\u0131ld\u0131\u011f\u0131n\u0131 ifade ettiler. Asgari \u00fccretle ve en d\u00fc\u015f\u00fck emekli maa\u015flar\u0131yla ge\u00e7inmeye \u00e7al\u0131\u015ft\u0131klar\u0131n\u0131, a\u015f\u0131r\u0131 y\u00fcksek gelen ecrimsilleri \u00f6deyemeyeceklerini vak\u0131flar taraf\u0131ndan mahallelerinden at\u0131lmak istendiklerini, \u00f6denebilir ecrimisllerin g\u00f6nderilmesi gerekti\u011fini s\u00f6ylediler. [related-posts id=&#8221;18093112&#8243; color=&#8221;bg-warning&#8221;][\/related-posts] M\u00dcCADELEM\u0130Z S\u00dcRECEK K\u0131z\u0131lar\u0131k Bar\u0131nma &hellip;","og_url":"http:\/\/denizcankizil.tr\/en\/haberler\/gundem\/antalyada-buyuk-mucadele-kizilarik-sakinleri-pes-etmiyor\/","og_site_name":"Av. Deniz Can K\u0131z\u0131l","article_published_time":"2024-12-23T08:41:52+00:00","twitter_card":"summary_large_image","twitter_misc":{"Estimated reading time":"4 minutes"},"schema":{"@context":"https:\/\/schema.org","@graph":[{"@type":"Article","@id":"http:\/\/denizcankizil.tr\/ru\/haberler\/gundem\/antalyada-buyuk-mucadele-kizilarik-sakinleri-pes-etmiyor\/#article","isPartOf":{"@id":"http:\/\/denizcankizil.tr\/ru\/haberler\/gundem\/antalyada-buyuk-mucadele-kizilarik-sakinleri-pes-etmiyor\/"},"author":{"name":"","@id":""},"headline":"Antalya\u2019da b\u00fcy\u00fck m\u00fccadele! K\u0131z\u0131lar\u0131k sakinleri pes etmiyor\u2026","datePublished":"2024-12-23T08:41:52+00:00","mainEntityOfPage":{"@id":"http:\/\/denizcankizil.tr\/ru\/haberler\/gundem\/antalyada-buyuk-mucadele-kizilarik-sakinleri-pes-etmiyor\/"},"wordCount":871,"commentCount":0,"publisher":{"@id":"https:\/\/denizcankizil.tr\/de\/#organization"},"articleSection":["G\u00fcndem","Uncategorized"],"inLanguage":"en-GB","potentialAction":[{"@type":"CommentAction","name":"Comment","target":["http:\/\/denizcankizil.tr\/ru\/haberler\/gundem\/antalyada-buyuk-mucadele-kizilarik-sakinleri-pes-etmiyor\/#respond"]}]},{"@type":"WebPage","@id":"http:\/\/denizcankizil.tr\/ru\/haberler\/gundem\/antalyada-buyuk-mucadele-kizilarik-sakinleri-pes-etmiyor\/","url":"http:\/\/denizcankizil.tr\/ru\/haberler\/gundem\/antalyada-buyuk-mucadele-kizilarik-sakinleri-pes-etmiyor\/","name":"Antalya\u2019da b\u00fcy\u00fck m\u00fccadele! K\u0131z\u0131lar\u0131k sakinleri pes etmiyor\u2026 - Av. Deniz Can K\u0131z\u0131l","isPartOf":{"@id":"https:\/\/denizcankizil.tr\/de\/#website"},"datePublished":"2024-12-23T08:41:52+00:00","breadcrumb":{"@id":"http:\/\/denizcankizil.tr\/ru\/haberler\/gundem\/antalyada-buyuk-mucadele-kizilarik-sakinleri-pes-etmiyor\/#breadcrumb"},"inLanguage":"en-GB","potentialAction":[{"@type":"ReadAction","target":["http:\/\/denizcankizil.tr\/ru\/haberler\/gundem\/antalyada-buyuk-mucadele-kizilarik-sakinleri-pes-etmiyor\/"]}]},{"@type":"BreadcrumbList","@id":"http:\/\/denizcankizil.tr\/ru\/haberler\/gundem\/antalyada-buyuk-mucadele-kizilarik-sakinleri-pes-etmiyor\/#breadcrumb","itemListElement":[{"@type":"ListItem","position":1,"name":"Home","item":"https:\/\/denizcankizil.tr\/de\/"},{"@type":"ListItem","position":2,"name":"Antalya\u2019da b\u00fcy\u00fck m\u00fccadele! K\u0131z\u0131lar\u0131k sakinleri pes etmiyor\u2026"}]},{"@type":"WebSite","@id":"https:\/\/denizcankizil.tr\/de\/#website","url":"https:\/\/denizcankizil.tr\/de\/","name":"Av. Deniz Can K\u0131z\u0131l","description":"Avukat Deniz Can K\u0131z\u0131l Antalya Barosu","publisher":{"@id":"https:\/\/denizcankizil.tr\/de\/#organization"},"potentialAction":[{"@type":"SearchAction","target":{"@type":"EntryPoint","urlTemplate":"https:\/\/denizcankizil.tr\/de\/?s={search_term_string}"},"query-input":{"@type":"PropertyValueSpecification","valueRequired":true,"valueName":"search_term_string"}}],"inLanguage":"en-GB"},{"@type":"Organization","@id":"https:\/\/denizcankizil.tr\/de\/#organization","name":"Av. Deniz Can K\u0131z\u0131l","url":"https:\/\/denizcankizil.tr\/de\/","logo":{"@type":"ImageObject","inLanguage":"en-GB","@id":"https:\/\/denizcankizil.tr\/de\/#\/schema\/logo\/image\/","url":"https:\/\/denizcankizil.tr\/wp-content\/uploads\/2024\/10\/siyah-logo-svg.svg","contentUrl":"https:\/\/denizcankizil.tr\/wp-content\/uploads\/2024\/10\/siyah-logo-svg.svg","width":1080,"height":1080,"caption":"Av. Deniz Can K\u0131z\u0131l"},"image":{"@id":"https:\/\/denizcankizil.tr\/de\/#\/schema\/logo\/image\/"}}]}},"_links":{"self":[{"href":"https:\/\/denizcankizil.tr\/en\/wp-json\/wp\/v2\/posts\/21844","targetHints":{"allow":["GET"]}}],"collection":[{"href":"https:\/\/denizcankizil.tr\/en\/wp-json\/wp\/v2\/posts"}],"about":[{"href":"https:\/\/denizcankizil.tr\/en\/wp-json\/wp\/v2\/types\/post"}],"replies":[{"embeddable":true,"href":"https:\/\/denizcankizil.tr\/en\/wp-json\/wp\/v2\/comments?post=21844"}],"version-history":[{"count":0,"href":"https:\/\/denizcankizil.tr\/en\/wp-json\/wp\/v2\/posts\/21844\/revisions"}],"wp:attachment":[{"href":"https:\/\/denizcankizil.tr\/en\/wp-json\/wp\/v2\/media?parent=21844"}],"wp:term":[{"taxonomy":"category","embeddable":true,"href":"https:\/\/denizcankizil.tr\/en\/wp-json\/wp\/v2\/categories?post=21844"},{"taxonomy":"post_tag","embeddable":true,"href":"https:\/\/denizcankizil.tr\/en\/wp-json\/wp\/v2\/tags?post=21844"}],"curies":[{"name":"wp","href":"https:\/\/api.w.org\/{rel}","templated":true}]}}