{"id":21691,"date":"2024-12-22T08:41:38","date_gmt":"2024-12-22T05:41:38","guid":{"rendered":"https:\/\/denizcankizil.tr\/uncategorized-tr\/cilvegozunden-ulkelerine-donus-suruyor\/"},"modified":"2024-12-22T08:41:38","modified_gmt":"2024-12-22T05:41:38","slug":"cilvegozunden-ulkelerine-donus-suruyor","status":"publish","type":"post","link":"https:\/\/denizcankizil.tr\/en\/haberler\/gundem\/cilvegozunden-ulkelerine-donus-suruyor\/","title":{"rendered":"Cilveg\u00f6z\u00fc\u2019nden \u00dclkelerine D\u00f6n\u00fc\u015f s\u00fcr\u00fcyor&#8230;"},"content":{"rendered":"<p>\u201cT\u00fcrkler Bize Karde\u015f Gibi Bakt\u0131\u201d<\/p>\n<p>Ailesiyle birlikte 10 y\u0131l \u00f6nce Ayd\u0131n\u2019\u0131n Didim il\u00e7esine yerle\u015fen Muhammed \u015eebek, burada hal\u0131 ve oto y\u0131kama i\u015fi yaparak hayat\u0131n\u0131 s\u00fcrd\u00fcrd\u00fc. Suriye\u2019deki muhaliflerin kontrol\u00fc ele ge\u00e7irmesi ve Esed rejiminin \u00fclkeyi terk etmesi \u00fczerine vatan\u0131na d\u00f6nme karar\u0131 alan \u015eebek, T\u00fcrkiye\u2019deki halk\u0131n sevgisi ve deste\u011fi i\u00e7in minnettar oldu\u011funu dile getirdi.<\/p>\n<p>\u201cT\u00fcrkler bize karde\u015f gibi bakt\u0131. Kal\u0131n dediler, bizden ayr\u0131lmak istemediler. \u00c7ocuklar\u0131m da \u00e7ok a\u011flad\u0131 ama art\u0131k vatan\u0131m\u0131za d\u00f6nme zaman\u0131 geldi. T\u00fcrkiye d\u0131\u015f\u0131nda kimse bize kap\u0131 a\u00e7mad\u0131, yard\u0131m etmedi. B\u00fct\u00fcn Arap \u00fclkeleri bizi m\u00fclteci olarak bile kabul etmedi. T\u00fcrk Devleti her konuda bize yard\u0131mc\u0131 oldu. Allah raz\u0131 olsun,\u201d dedi.<\/p>\n<p>\u201cT\u00fcrkiye Olmasayd\u0131 \u0130\u015fimiz Ya\u015ft\u0131\u201d<\/p>\n<p>Konu\u015furken g\u00f6zya\u015flar\u0131n\u0131 tutamayan \u015eebek, \u201cT\u00fcrkiye olmasayd\u0131 bizim i\u015fimiz \u00e7ok zordu. T\u00fcrkiye bize maddi ve manevi her konuda yard\u0131m etti. \u00c7ocuklar\u0131m\u0131z\u0131n e\u011fitimini sa\u011flad\u0131. Biz bu bayra\u011f\u0131n alt\u0131nda ya\u015fad\u0131k ve bu bayra\u011f\u0131 asla unutmayaca\u011f\u0131z. Allah T\u00fcrk milletinden raz\u0131 olsun,\u201d ifadelerini kulland\u0131.<\/p>\n<p>\u015eebek\u2019in 13 ya\u015f\u0131ndaki k\u0131z\u0131 Rita\u015f \u015eebek ise okulundan ve arkada\u015flar\u0131ndan ayr\u0131ld\u0131\u011f\u0131 i\u00e7in \u00fczg\u00fcn oldu\u011funu belirterek, \u201cBabaannem ve akrabalar\u0131m\u0131z\u0131n yan\u0131na gidiyoruz. Hem \u00fcz\u00fcld\u00fcm hem heyecanl\u0131y\u0131m,\u201d dedi.<\/p>\n<p>Cilveg\u00f6z\u00fc\u2019nde \u015eefkat ve Yard\u0131m Eli<\/p>\n<p>Suriyelilerin Cilveg\u00f6z\u00fc G\u00fcmr\u00fck Kap\u0131s\u0131\u2019ndan \u00e7\u0131k\u0131\u015flar\u0131 devam ederken, T\u00fcrk Jandarmas\u0131 ve di\u011fer yetkililer yard\u0131m ve destek sa\u011flamay\u0131 s\u00fcrd\u00fcr\u00fcyor. G\u00fcmr\u00fck i\u015flemleri s\u0131ras\u0131nda \u00fc\u015f\u00fcyen bir \u00e7ocu\u011fun atk\u0131s\u0131n\u0131 saran bir jandarma astsubay\u0131n\u0131n davran\u0131\u015f\u0131, T\u00fcrk askerinin \u015fefkatini bir kez daha g\u00f6zler \u00f6n\u00fcne serdi.<\/p>\n<p>G\u00f6\u00e7 \u0130daresi, STK\u2019lar ve sa\u011fl\u0131k g\u00f6revlileri, Cilveg\u00f6z\u00fc\u2019nde d\u00fczeni sa\u011flarken Suriyelilerin k\u0131yafet ve e\u015fyalar\u0131n\u0131n ta\u015f\u0131nmas\u0131na da yard\u0131mc\u0131 oluyor. T\u00fcrk K\u0131z\u0131lay\u0131 ve di\u011fer yard\u0131m kurulu\u015flar\u0131 da b\u00f6lgedeki deste\u011fini s\u00fcrd\u00fcr\u00fcyor.<\/p>\n<p>Cilveg\u00f6z\u00fc 24 Saat A\u00e7\u0131k<\/p>\n<p>Reyhanl\u0131\u2019daki Cilveg\u00f6z\u00fc G\u00fcmr\u00fck Kap\u0131s\u0131, Suriyelilerin d\u00f6n\u00fc\u015f i\u015flemlerini h\u0131zland\u0131rmak i\u00e7in 24 saat esas\u0131na g\u00f6re a\u00e7\u0131k tutuluyor. \u0130steyenler, diledikleri saatte i\u015flemlerini tamamlayarak \u00fclkelerine ge\u00e7i\u015f yapabiliyor.<\/p>\n<p>\u200bSuriye\u2019nin Halep kentinden, i\u00e7 sava\u015f nedeniyle 10 y\u0131l \u00f6nce T\u00fcrkiye\u2019ye gelen Muhammed \u015eebek, \u00fclkesine d\u00f6nmek i\u00e7in geldi\u011fi Hatay\u2019daki Cilveg\u00f6z\u00fc G\u00fcmr\u00fck Kap\u0131s\u0131\u2019nda duygusal anlar ya\u015fad\u0131. \u015eebek, \u201cT\u00fcrkiye bizi bayra\u011f\u0131 alt\u0131na ald\u0131. Biz bu bayra\u011f\u0131n k\u0131ymetini asla unutmayaca\u011f\u0131z\u201d diyerek g\u00f6zya\u015flar\u0131 i\u00e7inde vatan\u0131na d\u00f6nd\u00fc.\u00a0<\/p>\n<p>\u200bHaberin Al\u0131nt\u0131land\u0131\u011f\u0131 Kaynak: www.iskenderun.org<\/p>","protected":false},"excerpt":{"rendered":"<p>\u201cT\u00fcrkler Bize Karde\u015f Gibi Bakt\u0131\u201d Ailesiyle birlikte 10 y\u0131l \u00f6nce Ayd\u0131n\u2019\u0131n Didim il\u00e7esine yerle\u015fen Muhammed \u015eebek, burada hal\u0131 ve oto y\u0131kama i\u015fi yaparak hayat\u0131n\u0131 s\u00fcrd\u00fcrd\u00fc. Suriye\u2019deki muhaliflerin kontrol\u00fc ele ge\u00e7irmesi ve Esed rejiminin \u00fclkeyi terk etmesi \u00fczerine vatan\u0131na d\u00f6nme karar\u0131 alan \u015eebek, T\u00fcrkiye\u2019deki halk\u0131n sevgisi ve deste\u011fi i\u00e7in minnettar oldu\u011funu dile getirdi. \u201cT\u00fcrkler bize karde\u015f gibi bakt\u0131. Kal\u0131n dediler, bizden ayr\u0131lmak istemediler. \u00c7ocuklar\u0131m da \u00e7ok a\u011flad\u0131 ama art\u0131k vatan\u0131m\u0131za d\u00f6nme zaman\u0131 geldi. T\u00fcrkiye d\u0131\u015f\u0131nda kimse bize kap\u0131 a\u00e7mad\u0131, yard\u0131m etmedi. B\u00fct\u00fcn Arap \u00fclkeleri bizi m\u00fclteci olarak bile kabul etmedi. T\u00fcrk Devleti her konuda bize yard\u0131mc\u0131 oldu. Allah raz\u0131 olsun,\u201d dedi. \u201cT\u00fcrkiye Olmasayd\u0131 \u0130\u015fimiz Ya\u015ft\u0131\u201d Konu\u015furken g\u00f6zya\u015flar\u0131n\u0131 tutamayan \u015eebek, \u201cT\u00fcrkiye olmasayd\u0131 bizim i\u015fimiz \u00e7ok zordu. T\u00fcrkiye bize maddi ve manevi her konuda yard\u0131m etti. \u00c7ocuklar\u0131m\u0131z\u0131n e\u011fitimini sa\u011flad\u0131. Biz bu bayra\u011f\u0131n alt\u0131nda ya\u015fad\u0131k ve bu bayra\u011f\u0131 asla unutmayaca\u011f\u0131z. Allah T\u00fcrk milletinden raz\u0131 olsun,\u201d ifadelerini kulland\u0131. \u015eebek\u2019in 13 ya\u015f\u0131ndaki k\u0131z\u0131 Rita\u015f \u015eebek ise okulundan ve arkada\u015flar\u0131ndan ayr\u0131ld\u0131\u011f\u0131 i\u00e7in \u00fczg\u00fcn oldu\u011funu belirterek, \u201cBabaannem ve akrabalar\u0131m\u0131z\u0131n yan\u0131na gidiyoruz. Hem \u00fcz\u00fcld\u00fcm hem heyecanl\u0131y\u0131m,\u201d dedi. Cilveg\u00f6z\u00fc\u2019nde \u015eefkat ve Yard\u0131m Eli Suriyelilerin Cilveg\u00f6z\u00fc G\u00fcmr\u00fck Kap\u0131s\u0131\u2019ndan \u00e7\u0131k\u0131\u015flar\u0131 devam ederken, T\u00fcrk Jandarmas\u0131 ve di\u011fer yetkililer yard\u0131m ve destek sa\u011flamay\u0131 s\u00fcrd\u00fcr\u00fcyor. G\u00fcmr\u00fck i\u015flemleri s\u0131ras\u0131nda \u00fc\u015f\u00fcyen bir \u00e7ocu\u011fun atk\u0131s\u0131n\u0131 saran bir jandarma &hellip;<\/p>","protected":false},"author":0,"featured_media":0,"comment_status":"open","ping_status":"open","sticky":false,"template":"","format":"standard","meta":{"_acf_changed":false,"footnotes":""},"categories":[24,535],"tags":[],"class_list":["post-21691","post","type-post","status-publish","format-standard","has-post-thumbnail","hentry","category-gundem","category-uncategorized-tr"],"acf":[],"yoast_head":"<!-- This site is optimized with the Yoast SEO Premium plugin v26.6 (Yoast SEO v27.1.1) - https:\/\/yoast.com\/product\/yoast-seo-premium-wordpress\/ -->\n<title>Cilveg\u00f6z\u00fc\u2019nden \u00dclkelerine D\u00f6n\u00fc\u015f s\u00fcr\u00fcyor... - Av. Deniz Can K\u0131z\u0131l<\/title>\n<meta name=\"robots\" content=\"index, follow, max-snippet:-1, max-image-preview:large, max-video-preview:-1\" \/>\n<link rel=\"canonical\" href=\"https:\/\/denizcankizil.tr\/en\/haberler\/gundem\/cilvegozunden-ulkelerine-donus-suruyor\/\" \/>\n<meta property=\"og:locale\" content=\"en_GB\" \/>\n<meta property=\"og:type\" content=\"article\" \/>\n<meta property=\"og:title\" content=\"Cilveg\u00f6z\u00fc\u2019nden \u00dclkelerine D\u00f6n\u00fc\u015f s\u00fcr\u00fcyor...\" \/>\n<meta property=\"og:description\" content=\"\u201cT\u00fcrkler Bize Karde\u015f Gibi Bakt\u0131\u201d Ailesiyle birlikte 10 y\u0131l \u00f6nce Ayd\u0131n\u2019\u0131n Didim il\u00e7esine yerle\u015fen Muhammed \u015eebek, burada hal\u0131 ve oto y\u0131kama i\u015fi yaparak hayat\u0131n\u0131 s\u00fcrd\u00fcrd\u00fc. Suriye\u2019deki muhaliflerin kontrol\u00fc ele ge\u00e7irmesi ve Esed rejiminin \u00fclkeyi terk etmesi \u00fczerine vatan\u0131na d\u00f6nme karar\u0131 alan \u015eebek, T\u00fcrkiye\u2019deki halk\u0131n sevgisi ve deste\u011fi i\u00e7in minnettar oldu\u011funu dile getirdi. \u201cT\u00fcrkler bize karde\u015f gibi bakt\u0131. Kal\u0131n dediler, bizden ayr\u0131lmak istemediler. \u00c7ocuklar\u0131m da \u00e7ok a\u011flad\u0131 ama art\u0131k vatan\u0131m\u0131za d\u00f6nme zaman\u0131 geldi. T\u00fcrkiye d\u0131\u015f\u0131nda kimse bize kap\u0131 a\u00e7mad\u0131, yard\u0131m etmedi. B\u00fct\u00fcn Arap \u00fclkeleri bizi m\u00fclteci olarak bile kabul etmedi. T\u00fcrk Devleti her konuda bize yard\u0131mc\u0131 oldu. Allah raz\u0131 olsun,\u201d dedi. \u201cT\u00fcrkiye Olmasayd\u0131 \u0130\u015fimiz Ya\u015ft\u0131\u201d Konu\u015furken g\u00f6zya\u015flar\u0131n\u0131 tutamayan \u015eebek, \u201cT\u00fcrkiye olmasayd\u0131 bizim i\u015fimiz \u00e7ok zordu. T\u00fcrkiye bize maddi ve manevi her konuda yard\u0131m etti. \u00c7ocuklar\u0131m\u0131z\u0131n e\u011fitimini sa\u011flad\u0131. Biz bu bayra\u011f\u0131n alt\u0131nda ya\u015fad\u0131k ve bu bayra\u011f\u0131 asla unutmayaca\u011f\u0131z. Allah T\u00fcrk milletinden raz\u0131 olsun,\u201d ifadelerini kulland\u0131. \u015eebek\u2019in 13 ya\u015f\u0131ndaki k\u0131z\u0131 Rita\u015f \u015eebek ise okulundan ve arkada\u015flar\u0131ndan ayr\u0131ld\u0131\u011f\u0131 i\u00e7in \u00fczg\u00fcn oldu\u011funu belirterek, \u201cBabaannem ve akrabalar\u0131m\u0131z\u0131n yan\u0131na gidiyoruz. Hem \u00fcz\u00fcld\u00fcm hem heyecanl\u0131y\u0131m,\u201d dedi. Cilveg\u00f6z\u00fc\u2019nde \u015eefkat ve Yard\u0131m Eli Suriyelilerin Cilveg\u00f6z\u00fc G\u00fcmr\u00fck Kap\u0131s\u0131\u2019ndan \u00e7\u0131k\u0131\u015flar\u0131 devam ederken, T\u00fcrk Jandarmas\u0131 ve di\u011fer yetkililer yard\u0131m ve destek sa\u011flamay\u0131 s\u00fcrd\u00fcr\u00fcyor. G\u00fcmr\u00fck i\u015flemleri s\u0131ras\u0131nda \u00fc\u015f\u00fcyen bir \u00e7ocu\u011fun atk\u0131s\u0131n\u0131 saran bir jandarma &hellip;\" \/>\n<meta property=\"og:url\" content=\"https:\/\/denizcankizil.tr\/en\/haberler\/gundem\/cilvegozunden-ulkelerine-donus-suruyor\/\" \/>\n<meta property=\"og:site_name\" content=\"Av. Deniz Can K\u0131z\u0131l\" \/>\n<meta property=\"article:published_time\" content=\"2024-12-22T05:41:38+00:00\" \/>\n<meta name=\"twitter:card\" content=\"summary_large_image\" \/>\n<meta name=\"twitter:label1\" content=\"Estimated reading time\" \/>\n\t<meta name=\"twitter:data1\" content=\"2 minutes\" \/>\n<script type=\"application\/ld+json\" class=\"yoast-schema-graph\">{\"@context\":\"https:\/\/schema.org\",\"@graph\":[{\"@type\":\"Article\",\"@id\":\"https:\/\/denizcankizil.tr\/en\/haberler\/gundem\/cilvegozunden-ulkelerine-donus-suruyor\/#article\",\"isPartOf\":{\"@id\":\"https:\/\/denizcankizil.tr\/en\/haberler\/gundem\/cilvegozunden-ulkelerine-donus-suruyor\/\"},\"author\":{\"name\":\"\",\"@id\":\"\"},\"headline\":\"Cilveg\u00f6z\u00fc\u2019nden \u00dclkelerine D\u00f6n\u00fc\u015f s\u00fcr\u00fcyor&#8230;\",\"datePublished\":\"2024-12-22T05:41:38+00:00\",\"mainEntityOfPage\":{\"@id\":\"https:\/\/denizcankizil.tr\/en\/haberler\/gundem\/cilvegozunden-ulkelerine-donus-suruyor\/\"},\"wordCount\":491,\"commentCount\":0,\"publisher\":{\"@id\":\"https:\/\/denizcankizil.tr\/#organization\"},\"articleSection\":[\"G\u00fcndem\",\"Uncategorized\"],\"inLanguage\":\"en-GB\",\"potentialAction\":[{\"@type\":\"CommentAction\",\"name\":\"Comment\",\"target\":[\"https:\/\/denizcankizil.tr\/en\/haberler\/gundem\/cilvegozunden-ulkelerine-donus-suruyor\/#respond\"]}]},{\"@type\":\"WebPage\",\"@id\":\"https:\/\/denizcankizil.tr\/en\/haberler\/gundem\/cilvegozunden-ulkelerine-donus-suruyor\/\",\"url\":\"https:\/\/denizcankizil.tr\/en\/haberler\/gundem\/cilvegozunden-ulkelerine-donus-suruyor\/\",\"name\":\"Cilveg\u00f6z\u00fc\u2019nden \u00dclkelerine D\u00f6n\u00fc\u015f s\u00fcr\u00fcyor... - Av. Deniz Can K\u0131z\u0131l\",\"isPartOf\":{\"@id\":\"https:\/\/denizcankizil.tr\/#website\"},\"datePublished\":\"2024-12-22T05:41:38+00:00\",\"breadcrumb\":{\"@id\":\"https:\/\/denizcankizil.tr\/en\/haberler\/gundem\/cilvegozunden-ulkelerine-donus-suruyor\/#breadcrumb\"},\"inLanguage\":\"en-GB\",\"potentialAction\":[{\"@type\":\"ReadAction\",\"target\":[\"https:\/\/denizcankizil.tr\/en\/haberler\/gundem\/cilvegozunden-ulkelerine-donus-suruyor\/\"]}]},{\"@type\":\"BreadcrumbList\",\"@id\":\"https:\/\/denizcankizil.tr\/en\/haberler\/gundem\/cilvegozunden-ulkelerine-donus-suruyor\/#breadcrumb\",\"itemListElement\":[{\"@type\":\"ListItem\",\"position\":1,\"name\":\"Home\",\"item\":\"https:\/\/denizcankizil.tr\/de\/\"},{\"@type\":\"ListItem\",\"position\":2,\"name\":\"Cilveg\u00f6z\u00fc\u2019nden \u00dclkelerine D\u00f6n\u00fc\u015f s\u00fcr\u00fcyor&#8230;\"}]},{\"@type\":\"WebSite\",\"@id\":\"https:\/\/denizcankizil.tr\/#website\",\"url\":\"https:\/\/denizcankizil.tr\/\",\"name\":\"Av. Deniz Can K\u0131z\u0131l\",\"description\":\"Avukat Deniz Can K\u0131z\u0131l Antalya Barosu\",\"publisher\":{\"@id\":\"https:\/\/denizcankizil.tr\/#organization\"},\"potentialAction\":[{\"@type\":\"SearchAction\",\"target\":{\"@type\":\"EntryPoint\",\"urlTemplate\":\"https:\/\/denizcankizil.tr\/?s={search_term_string}\"},\"query-input\":{\"@type\":\"PropertyValueSpecification\",\"valueRequired\":true,\"valueName\":\"search_term_string\"}}],\"inLanguage\":\"en-GB\"},{\"@type\":\"Organization\",\"@id\":\"https:\/\/denizcankizil.tr\/#organization\",\"name\":\"Av. Deniz Can K\u0131z\u0131l\",\"url\":\"https:\/\/denizcankizil.tr\/\",\"logo\":{\"@type\":\"ImageObject\",\"inLanguage\":\"en-GB\",\"@id\":\"https:\/\/denizcankizil.tr\/#\/schema\/logo\/image\/\",\"url\":\"https:\/\/denizcankizil.tr\/wp-content\/uploads\/2024\/10\/siyah-logo-svg.svg\",\"contentUrl\":\"https:\/\/denizcankizil.tr\/wp-content\/uploads\/2024\/10\/siyah-logo-svg.svg\",\"width\":1080,\"height\":1080,\"caption\":\"Av. Deniz Can K\u0131z\u0131l\"},\"image\":{\"@id\":\"https:\/\/denizcankizil.tr\/#\/schema\/logo\/image\/\"}}]}<\/script>\n<!-- \/ Yoast SEO Premium plugin. -->","yoast_head_json":{"title":"Cilveg\u00f6z\u00fc\u2019nden \u00dclkelerine D\u00f6n\u00fc\u015f s\u00fcr\u00fcyor... - Av. Deniz Can K\u0131z\u0131l","robots":{"index":"index","follow":"follow","max-snippet":"max-snippet:-1","max-image-preview":"max-image-preview:large","max-video-preview":"max-video-preview:-1"},"canonical":"https:\/\/denizcankizil.tr\/en\/haberler\/gundem\/cilvegozunden-ulkelerine-donus-suruyor\/","og_locale":"en_GB","og_type":"article","og_title":"Cilveg\u00f6z\u00fc\u2019nden \u00dclkelerine D\u00f6n\u00fc\u015f s\u00fcr\u00fcyor...","og_description":"\u201cT\u00fcrkler Bize Karde\u015f Gibi Bakt\u0131\u201d Ailesiyle birlikte 10 y\u0131l \u00f6nce Ayd\u0131n\u2019\u0131n Didim il\u00e7esine yerle\u015fen Muhammed \u015eebek, burada hal\u0131 ve oto y\u0131kama i\u015fi yaparak hayat\u0131n\u0131 s\u00fcrd\u00fcrd\u00fc. Suriye\u2019deki muhaliflerin kontrol\u00fc ele ge\u00e7irmesi ve Esed rejiminin \u00fclkeyi terk etmesi \u00fczerine vatan\u0131na d\u00f6nme karar\u0131 alan \u015eebek, T\u00fcrkiye\u2019deki halk\u0131n sevgisi ve deste\u011fi i\u00e7in minnettar oldu\u011funu dile getirdi. \u201cT\u00fcrkler bize karde\u015f gibi bakt\u0131. Kal\u0131n dediler, bizden ayr\u0131lmak istemediler. \u00c7ocuklar\u0131m da \u00e7ok a\u011flad\u0131 ama art\u0131k vatan\u0131m\u0131za d\u00f6nme zaman\u0131 geldi. T\u00fcrkiye d\u0131\u015f\u0131nda kimse bize kap\u0131 a\u00e7mad\u0131, yard\u0131m etmedi. B\u00fct\u00fcn Arap \u00fclkeleri bizi m\u00fclteci olarak bile kabul etmedi. T\u00fcrk Devleti her konuda bize yard\u0131mc\u0131 oldu. Allah raz\u0131 olsun,\u201d dedi. \u201cT\u00fcrkiye Olmasayd\u0131 \u0130\u015fimiz Ya\u015ft\u0131\u201d Konu\u015furken g\u00f6zya\u015flar\u0131n\u0131 tutamayan \u015eebek, \u201cT\u00fcrkiye olmasayd\u0131 bizim i\u015fimiz \u00e7ok zordu. T\u00fcrkiye bize maddi ve manevi her konuda yard\u0131m etti. \u00c7ocuklar\u0131m\u0131z\u0131n e\u011fitimini sa\u011flad\u0131. Biz bu bayra\u011f\u0131n alt\u0131nda ya\u015fad\u0131k ve bu bayra\u011f\u0131 asla unutmayaca\u011f\u0131z. Allah T\u00fcrk milletinden raz\u0131 olsun,\u201d ifadelerini kulland\u0131. \u015eebek\u2019in 13 ya\u015f\u0131ndaki k\u0131z\u0131 Rita\u015f \u015eebek ise okulundan ve arkada\u015flar\u0131ndan ayr\u0131ld\u0131\u011f\u0131 i\u00e7in \u00fczg\u00fcn oldu\u011funu belirterek, \u201cBabaannem ve akrabalar\u0131m\u0131z\u0131n yan\u0131na gidiyoruz. Hem \u00fcz\u00fcld\u00fcm hem heyecanl\u0131y\u0131m,\u201d dedi. Cilveg\u00f6z\u00fc\u2019nde \u015eefkat ve Yard\u0131m Eli Suriyelilerin Cilveg\u00f6z\u00fc G\u00fcmr\u00fck Kap\u0131s\u0131\u2019ndan \u00e7\u0131k\u0131\u015flar\u0131 devam ederken, T\u00fcrk Jandarmas\u0131 ve di\u011fer yetkililer yard\u0131m ve destek sa\u011flamay\u0131 s\u00fcrd\u00fcr\u00fcyor. G\u00fcmr\u00fck i\u015flemleri s\u0131ras\u0131nda \u00fc\u015f\u00fcyen bir \u00e7ocu\u011fun atk\u0131s\u0131n\u0131 saran bir jandarma &hellip;","og_url":"https:\/\/denizcankizil.tr\/en\/haberler\/gundem\/cilvegozunden-ulkelerine-donus-suruyor\/","og_site_name":"Av. Deniz Can K\u0131z\u0131l","article_published_time":"2024-12-22T05:41:38+00:00","twitter_card":"summary_large_image","twitter_misc":{"Estimated reading time":"2 minutes"},"schema":{"@context":"https:\/\/schema.org","@graph":[{"@type":"Article","@id":"https:\/\/denizcankizil.tr\/en\/haberler\/gundem\/cilvegozunden-ulkelerine-donus-suruyor\/#article","isPartOf":{"@id":"https:\/\/denizcankizil.tr\/en\/haberler\/gundem\/cilvegozunden-ulkelerine-donus-suruyor\/"},"author":{"name":"","@id":""},"headline":"Cilveg\u00f6z\u00fc\u2019nden \u00dclkelerine D\u00f6n\u00fc\u015f s\u00fcr\u00fcyor&#8230;","datePublished":"2024-12-22T05:41:38+00:00","mainEntityOfPage":{"@id":"https:\/\/denizcankizil.tr\/en\/haberler\/gundem\/cilvegozunden-ulkelerine-donus-suruyor\/"},"wordCount":491,"commentCount":0,"publisher":{"@id":"https:\/\/denizcankizil.tr\/#organization"},"articleSection":["G\u00fcndem","Uncategorized"],"inLanguage":"en-GB","potentialAction":[{"@type":"CommentAction","name":"Comment","target":["https:\/\/denizcankizil.tr\/en\/haberler\/gundem\/cilvegozunden-ulkelerine-donus-suruyor\/#respond"]}]},{"@type":"WebPage","@id":"https:\/\/denizcankizil.tr\/en\/haberler\/gundem\/cilvegozunden-ulkelerine-donus-suruyor\/","url":"https:\/\/denizcankizil.tr\/en\/haberler\/gundem\/cilvegozunden-ulkelerine-donus-suruyor\/","name":"Cilveg\u00f6z\u00fc\u2019nden \u00dclkelerine D\u00f6n\u00fc\u015f s\u00fcr\u00fcyor... - Av. Deniz Can K\u0131z\u0131l","isPartOf":{"@id":"https:\/\/denizcankizil.tr\/#website"},"datePublished":"2024-12-22T05:41:38+00:00","breadcrumb":{"@id":"https:\/\/denizcankizil.tr\/en\/haberler\/gundem\/cilvegozunden-ulkelerine-donus-suruyor\/#breadcrumb"},"inLanguage":"en-GB","potentialAction":[{"@type":"ReadAction","target":["https:\/\/denizcankizil.tr\/en\/haberler\/gundem\/cilvegozunden-ulkelerine-donus-suruyor\/"]}]},{"@type":"BreadcrumbList","@id":"https:\/\/denizcankizil.tr\/en\/haberler\/gundem\/cilvegozunden-ulkelerine-donus-suruyor\/#breadcrumb","itemListElement":[{"@type":"ListItem","position":1,"name":"Home","item":"https:\/\/denizcankizil.tr\/de\/"},{"@type":"ListItem","position":2,"name":"Cilveg\u00f6z\u00fc\u2019nden \u00dclkelerine D\u00f6n\u00fc\u015f s\u00fcr\u00fcyor&#8230;"}]},{"@type":"WebSite","@id":"https:\/\/denizcankizil.tr\/#website","url":"https:\/\/denizcankizil.tr\/","name":"Av. Deniz Can K\u0131z\u0131l","description":"Avukat Deniz Can K\u0131z\u0131l Antalya Barosu","publisher":{"@id":"https:\/\/denizcankizil.tr\/#organization"},"potentialAction":[{"@type":"SearchAction","target":{"@type":"EntryPoint","urlTemplate":"https:\/\/denizcankizil.tr\/?s={search_term_string}"},"query-input":{"@type":"PropertyValueSpecification","valueRequired":true,"valueName":"search_term_string"}}],"inLanguage":"en-GB"},{"@type":"Organization","@id":"https:\/\/denizcankizil.tr\/#organization","name":"Av. Deniz Can K\u0131z\u0131l","url":"https:\/\/denizcankizil.tr\/","logo":{"@type":"ImageObject","inLanguage":"en-GB","@id":"https:\/\/denizcankizil.tr\/#\/schema\/logo\/image\/","url":"https:\/\/denizcankizil.tr\/wp-content\/uploads\/2024\/10\/siyah-logo-svg.svg","contentUrl":"https:\/\/denizcankizil.tr\/wp-content\/uploads\/2024\/10\/siyah-logo-svg.svg","width":1080,"height":1080,"caption":"Av. Deniz Can K\u0131z\u0131l"},"image":{"@id":"https:\/\/denizcankizil.tr\/#\/schema\/logo\/image\/"}}]}},"_links":{"self":[{"href":"https:\/\/denizcankizil.tr\/en\/wp-json\/wp\/v2\/posts\/21691","targetHints":{"allow":["GET"]}}],"collection":[{"href":"https:\/\/denizcankizil.tr\/en\/wp-json\/wp\/v2\/posts"}],"about":[{"href":"https:\/\/denizcankizil.tr\/en\/wp-json\/wp\/v2\/types\/post"}],"replies":[{"embeddable":true,"href":"https:\/\/denizcankizil.tr\/en\/wp-json\/wp\/v2\/comments?post=21691"}],"version-history":[{"count":0,"href":"https:\/\/denizcankizil.tr\/en\/wp-json\/wp\/v2\/posts\/21691\/revisions"}],"wp:attachment":[{"href":"https:\/\/denizcankizil.tr\/en\/wp-json\/wp\/v2\/media?parent=21691"}],"wp:term":[{"taxonomy":"category","embeddable":true,"href":"https:\/\/denizcankizil.tr\/en\/wp-json\/wp\/v2\/categories?post=21691"},{"taxonomy":"post_tag","embeddable":true,"href":"https:\/\/denizcankizil.tr\/en\/wp-json\/wp\/v2\/tags?post=21691"}],"curies":[{"name":"wp","href":"https:\/\/api.w.org\/{rel}","templated":true}]}}