{"id":21612,"date":"2024-12-21T11:41:44","date_gmt":"2024-12-21T08:41:44","guid":{"rendered":"https:\/\/denizcankizil.tr\/uncategorized-tr\/limada-9-ve-10-sinif-ogrenciler-icin-dil-okulu-basliyor\/"},"modified":"2024-12-21T11:41:44","modified_gmt":"2024-12-21T08:41:44","slug":"limada-9-ve-10-sinif-ogrenciler-icin-dil-okulu-basliyor","status":"publish","type":"post","link":"https:\/\/denizcankizil.tr\/en\/haberler\/gundem\/limada-9-ve-10-sinif-ogrenciler-icin-dil-okulu-basliyor\/","title":{"rendered":"L\u0130MA\u2019da 9. ve 10. S\u0131n\u0131f \u00d6\u011frenciler \u0130\u00e7in \u201cDil Okulu\u201d Ba\u015fl\u0131yor"},"content":{"rendered":"<p>Konya B\u00fcy\u00fck\u015fehir Belediyesi Lise Medeniyet Akademileri\u2019nde \u0130ngilizce \u00f6\u011frenmek isteyen 9. ve 10. s\u0131n\u0131f \u00f6\u011frenciler i\u00e7in Dil Okulu d\u00fczenleniyor. \u00d6\u011frencilere \u00f6zel i\u00e7erikle kapsaml\u0131 bir dil e\u011fitimi sunulmas\u0131 planlanan Dil Okulu\u2019nda kay\u0131tlar 21 Aral\u0131k-5 Ocak tarihleri aras\u0131nda al\u0131nacak.<\/p>\n<p>\u200bKonya B\u00fcy\u00fck\u015fehir Belediyesi Lise Medeniyet Akademileri\u2019nde \u0130ngilizce \u00f6\u011frenmek isteyen 9. ve 10. s\u0131n\u0131f \u00f6\u011frenciler i\u00e7in Dil Okulu d\u00fczenleniyor. \u00d6\u011frencilere \u00f6zel i\u00e7erikle kapsaml\u0131 bir dil e\u011fitimi sunulmas\u0131 planlanan Dil Okulu\u2019nda kay\u0131tlar 21 Aral\u0131k-5 Ocak tarihleri aras\u0131nda al\u0131nacak.\u00a0<\/p>\n<p>\u200bHaberin Al\u0131nt\u0131land\u0131\u011f\u0131 Kaynak: www.iskenderun.org<\/p>","protected":false},"excerpt":{"rendered":"<p>Konya B\u00fcy\u00fck\u015fehir Belediyesi Lise Medeniyet Akademileri\u2019nde \u0130ngilizce \u00f6\u011frenmek isteyen 9. ve 10. s\u0131n\u0131f \u00f6\u011frenciler i\u00e7in Dil Okulu d\u00fczenleniyor. \u00d6\u011frencilere \u00f6zel i\u00e7erikle kapsaml\u0131 bir dil e\u011fitimi sunulmas\u0131 planlanan Dil Okulu\u2019nda kay\u0131tlar 21 Aral\u0131k-5 Ocak tarihleri aras\u0131nda al\u0131nacak. \u200bKonya B\u00fcy\u00fck\u015fehir Belediyesi Lise Medeniyet Akademileri\u2019nde \u0130ngilizce \u00f6\u011frenmek isteyen 9. ve 10. s\u0131n\u0131f \u00f6\u011frenciler i\u00e7in Dil Okulu d\u00fczenleniyor. \u00d6\u011frencilere \u00f6zel i\u00e7erikle kapsaml\u0131 bir dil e\u011fitimi sunulmas\u0131 planlanan Dil Okulu\u2019nda kay\u0131tlar 21 Aral\u0131k-5 Ocak tarihleri aras\u0131nda al\u0131nacak.\u00a0 \u200bHaberin Al\u0131nt\u0131land\u0131\u011f\u0131 Kaynak: www.iskenderun.org<\/p>","protected":false},"author":0,"featured_media":0,"comment_status":"open","ping_status":"open","sticky":false,"template":"","format":"standard","meta":{"_acf_changed":false,"footnotes":""},"categories":[24,535],"tags":[],"class_list":["post-21612","post","type-post","status-publish","format-standard","has-post-thumbnail","hentry","category-gundem","category-uncategorized-tr"],"acf":[],"yoast_head":"<!-- This site is optimized with the Yoast SEO Premium plugin v26.6 (Yoast SEO v27.1.1) - https:\/\/yoast.com\/product\/yoast-seo-premium-wordpress\/ -->\n<title>L\u0130MA\u2019da 9. ve 10. S\u0131n\u0131f \u00d6\u011frenciler \u0130\u00e7in \u201cDil Okulu\u201d Ba\u015fl\u0131yor - Av. Deniz Can K\u0131z\u0131l<\/title>\n<meta name=\"robots\" content=\"index, follow, max-snippet:-1, max-image-preview:large, max-video-preview:-1\" \/>\n<link rel=\"canonical\" href=\"https:\/\/denizcankizil.tr\/en\/haberler\/gundem\/limada-9-ve-10-sinif-ogrenciler-icin-dil-okulu-basliyor\/\" \/>\n<meta property=\"og:locale\" content=\"en_GB\" \/>\n<meta property=\"og:type\" content=\"article\" \/>\n<meta property=\"og:title\" content=\"L\u0130MA\u2019da 9. ve 10. S\u0131n\u0131f \u00d6\u011frenciler \u0130\u00e7in \u201cDil Okulu\u201d Ba\u015fl\u0131yor\" \/>\n<meta property=\"og:description\" content=\"Konya B\u00fcy\u00fck\u015fehir Belediyesi Lise Medeniyet Akademileri\u2019nde \u0130ngilizce \u00f6\u011frenmek isteyen 9. ve 10. s\u0131n\u0131f \u00f6\u011frenciler i\u00e7in Dil Okulu d\u00fczenleniyor. \u00d6\u011frencilere \u00f6zel i\u00e7erikle kapsaml\u0131 bir dil e\u011fitimi sunulmas\u0131 planlanan Dil Okulu\u2019nda kay\u0131tlar 21 Aral\u0131k-5 Ocak tarihleri aras\u0131nda al\u0131nacak. \u200bKonya B\u00fcy\u00fck\u015fehir Belediyesi Lise Medeniyet Akademileri\u2019nde \u0130ngilizce \u00f6\u011frenmek isteyen 9. ve 10. s\u0131n\u0131f \u00f6\u011frenciler i\u00e7in Dil Okulu d\u00fczenleniyor. \u00d6\u011frencilere \u00f6zel i\u00e7erikle kapsaml\u0131 bir dil e\u011fitimi sunulmas\u0131 planlanan Dil Okulu\u2019nda kay\u0131tlar 21 Aral\u0131k-5 Ocak tarihleri aras\u0131nda al\u0131nacak.\u00a0 \u200bHaberin Al\u0131nt\u0131land\u0131\u011f\u0131 Kaynak: www.iskenderun.org\" \/>\n<meta property=\"og:url\" content=\"https:\/\/denizcankizil.tr\/en\/haberler\/gundem\/limada-9-ve-10-sinif-ogrenciler-icin-dil-okulu-basliyor\/\" \/>\n<meta property=\"og:site_name\" content=\"Av. Deniz Can K\u0131z\u0131l\" \/>\n<meta property=\"article:published_time\" content=\"2024-12-21T08:41:44+00:00\" \/>\n<meta name=\"twitter:card\" content=\"summary_large_image\" \/>\n<meta name=\"twitter:label1\" content=\"Estimated reading time\" \/>\n\t<meta name=\"twitter:data1\" content=\"1 minute\" \/>\n<script type=\"application\/ld+json\" class=\"yoast-schema-graph\">{\"@context\":\"https:\/\/schema.org\",\"@graph\":[{\"@type\":\"Article\",\"@id\":\"https:\/\/denizcankizil.tr\/en\/haberler\/gundem\/limada-9-ve-10-sinif-ogrenciler-icin-dil-okulu-basliyor\/#article\",\"isPartOf\":{\"@id\":\"https:\/\/denizcankizil.tr\/en\/haberler\/gundem\/limada-9-ve-10-sinif-ogrenciler-icin-dil-okulu-basliyor\/\"},\"author\":{\"name\":\"\",\"@id\":\"\"},\"headline\":\"L\u0130MA\u2019da 9. ve 10. S\u0131n\u0131f \u00d6\u011frenciler \u0130\u00e7in \u201cDil Okulu\u201d Ba\u015fl\u0131yor\",\"datePublished\":\"2024-12-21T08:41:44+00:00\",\"mainEntityOfPage\":{\"@id\":\"https:\/\/denizcankizil.tr\/en\/haberler\/gundem\/limada-9-ve-10-sinif-ogrenciler-icin-dil-okulu-basliyor\/\"},\"wordCount\":118,\"commentCount\":0,\"publisher\":{\"@id\":\"https:\/\/denizcankizil.tr\/#organization\"},\"articleSection\":[\"G\u00fcndem\",\"Uncategorized\"],\"inLanguage\":\"en-GB\",\"potentialAction\":[{\"@type\":\"CommentAction\",\"name\":\"Comment\",\"target\":[\"https:\/\/denizcankizil.tr\/en\/haberler\/gundem\/limada-9-ve-10-sinif-ogrenciler-icin-dil-okulu-basliyor\/#respond\"]}]},{\"@type\":\"WebPage\",\"@id\":\"https:\/\/denizcankizil.tr\/en\/haberler\/gundem\/limada-9-ve-10-sinif-ogrenciler-icin-dil-okulu-basliyor\/\",\"url\":\"https:\/\/denizcankizil.tr\/en\/haberler\/gundem\/limada-9-ve-10-sinif-ogrenciler-icin-dil-okulu-basliyor\/\",\"name\":\"L\u0130MA\u2019da 9. ve 10. S\u0131n\u0131f \u00d6\u011frenciler \u0130\u00e7in \u201cDil Okulu\u201d Ba\u015fl\u0131yor - Av. Deniz Can K\u0131z\u0131l\",\"isPartOf\":{\"@id\":\"https:\/\/denizcankizil.tr\/#website\"},\"datePublished\":\"2024-12-21T08:41:44+00:00\",\"breadcrumb\":{\"@id\":\"https:\/\/denizcankizil.tr\/en\/haberler\/gundem\/limada-9-ve-10-sinif-ogrenciler-icin-dil-okulu-basliyor\/#breadcrumb\"},\"inLanguage\":\"en-GB\",\"potentialAction\":[{\"@type\":\"ReadAction\",\"target\":[\"https:\/\/denizcankizil.tr\/en\/haberler\/gundem\/limada-9-ve-10-sinif-ogrenciler-icin-dil-okulu-basliyor\/\"]}]},{\"@type\":\"BreadcrumbList\",\"@id\":\"https:\/\/denizcankizil.tr\/en\/haberler\/gundem\/limada-9-ve-10-sinif-ogrenciler-icin-dil-okulu-basliyor\/#breadcrumb\",\"itemListElement\":[{\"@type\":\"ListItem\",\"position\":1,\"name\":\"Home\",\"item\":\"https:\/\/denizcankizil.tr\/uk\/\"},{\"@type\":\"ListItem\",\"position\":2,\"name\":\"L\u0130MA\u2019da 9. ve 10. S\u0131n\u0131f \u00d6\u011frenciler \u0130\u00e7in \u201cDil Okulu\u201d Ba\u015fl\u0131yor\"}]},{\"@type\":\"WebSite\",\"@id\":\"https:\/\/denizcankizil.tr\/#website\",\"url\":\"https:\/\/denizcankizil.tr\/\",\"name\":\"Av. Deniz Can K\u0131z\u0131l\",\"description\":\"Avukat Deniz Can K\u0131z\u0131l Antalya Barosu\",\"publisher\":{\"@id\":\"https:\/\/denizcankizil.tr\/#organization\"},\"potentialAction\":[{\"@type\":\"SearchAction\",\"target\":{\"@type\":\"EntryPoint\",\"urlTemplate\":\"https:\/\/denizcankizil.tr\/?s={search_term_string}\"},\"query-input\":{\"@type\":\"PropertyValueSpecification\",\"valueRequired\":true,\"valueName\":\"search_term_string\"}}],\"inLanguage\":\"en-GB\"},{\"@type\":\"Organization\",\"@id\":\"https:\/\/denizcankizil.tr\/#organization\",\"name\":\"Av. Deniz Can K\u0131z\u0131l\",\"url\":\"https:\/\/denizcankizil.tr\/\",\"logo\":{\"@type\":\"ImageObject\",\"inLanguage\":\"en-GB\",\"@id\":\"https:\/\/denizcankizil.tr\/#\/schema\/logo\/image\/\",\"url\":\"https:\/\/denizcankizil.tr\/wp-content\/uploads\/2024\/10\/siyah-logo-svg.svg\",\"contentUrl\":\"https:\/\/denizcankizil.tr\/wp-content\/uploads\/2024\/10\/siyah-logo-svg.svg\",\"width\":1080,\"height\":1080,\"caption\":\"Av. Deniz Can K\u0131z\u0131l\"},\"image\":{\"@id\":\"https:\/\/denizcankizil.tr\/#\/schema\/logo\/image\/\"}}]}<\/script>\n<!-- \/ Yoast SEO Premium plugin. -->","yoast_head_json":{"title":"L\u0130MA\u2019da 9. ve 10. S\u0131n\u0131f \u00d6\u011frenciler \u0130\u00e7in \u201cDil Okulu\u201d Ba\u015fl\u0131yor - Av. Deniz Can K\u0131z\u0131l","robots":{"index":"index","follow":"follow","max-snippet":"max-snippet:-1","max-image-preview":"max-image-preview:large","max-video-preview":"max-video-preview:-1"},"canonical":"https:\/\/denizcankizil.tr\/en\/haberler\/gundem\/limada-9-ve-10-sinif-ogrenciler-icin-dil-okulu-basliyor\/","og_locale":"en_GB","og_type":"article","og_title":"L\u0130MA\u2019da 9. ve 10. S\u0131n\u0131f \u00d6\u011frenciler \u0130\u00e7in \u201cDil Okulu\u201d Ba\u015fl\u0131yor","og_description":"Konya B\u00fcy\u00fck\u015fehir Belediyesi Lise Medeniyet Akademileri\u2019nde \u0130ngilizce \u00f6\u011frenmek isteyen 9. ve 10. s\u0131n\u0131f \u00f6\u011frenciler i\u00e7in Dil Okulu d\u00fczenleniyor. \u00d6\u011frencilere \u00f6zel i\u00e7erikle kapsaml\u0131 bir dil e\u011fitimi sunulmas\u0131 planlanan Dil Okulu\u2019nda kay\u0131tlar 21 Aral\u0131k-5 Ocak tarihleri aras\u0131nda al\u0131nacak. \u200bKonya B\u00fcy\u00fck\u015fehir Belediyesi Lise Medeniyet Akademileri\u2019nde \u0130ngilizce \u00f6\u011frenmek isteyen 9. ve 10. s\u0131n\u0131f \u00f6\u011frenciler i\u00e7in Dil Okulu d\u00fczenleniyor. \u00d6\u011frencilere \u00f6zel i\u00e7erikle kapsaml\u0131 bir dil e\u011fitimi sunulmas\u0131 planlanan Dil Okulu\u2019nda kay\u0131tlar 21 Aral\u0131k-5 Ocak tarihleri aras\u0131nda al\u0131nacak.\u00a0 \u200bHaberin Al\u0131nt\u0131land\u0131\u011f\u0131 Kaynak: www.iskenderun.org","og_url":"https:\/\/denizcankizil.tr\/en\/haberler\/gundem\/limada-9-ve-10-sinif-ogrenciler-icin-dil-okulu-basliyor\/","og_site_name":"Av. Deniz Can K\u0131z\u0131l","article_published_time":"2024-12-21T08:41:44+00:00","twitter_card":"summary_large_image","twitter_misc":{"Estimated reading time":"1 minute"},"schema":{"@context":"https:\/\/schema.org","@graph":[{"@type":"Article","@id":"https:\/\/denizcankizil.tr\/en\/haberler\/gundem\/limada-9-ve-10-sinif-ogrenciler-icin-dil-okulu-basliyor\/#article","isPartOf":{"@id":"https:\/\/denizcankizil.tr\/en\/haberler\/gundem\/limada-9-ve-10-sinif-ogrenciler-icin-dil-okulu-basliyor\/"},"author":{"name":"","@id":""},"headline":"L\u0130MA\u2019da 9. ve 10. S\u0131n\u0131f \u00d6\u011frenciler \u0130\u00e7in \u201cDil Okulu\u201d Ba\u015fl\u0131yor","datePublished":"2024-12-21T08:41:44+00:00","mainEntityOfPage":{"@id":"https:\/\/denizcankizil.tr\/en\/haberler\/gundem\/limada-9-ve-10-sinif-ogrenciler-icin-dil-okulu-basliyor\/"},"wordCount":118,"commentCount":0,"publisher":{"@id":"https:\/\/denizcankizil.tr\/#organization"},"articleSection":["G\u00fcndem","Uncategorized"],"inLanguage":"en-GB","potentialAction":[{"@type":"CommentAction","name":"Comment","target":["https:\/\/denizcankizil.tr\/en\/haberler\/gundem\/limada-9-ve-10-sinif-ogrenciler-icin-dil-okulu-basliyor\/#respond"]}]},{"@type":"WebPage","@id":"https:\/\/denizcankizil.tr\/en\/haberler\/gundem\/limada-9-ve-10-sinif-ogrenciler-icin-dil-okulu-basliyor\/","url":"https:\/\/denizcankizil.tr\/en\/haberler\/gundem\/limada-9-ve-10-sinif-ogrenciler-icin-dil-okulu-basliyor\/","name":"L\u0130MA\u2019da 9. ve 10. S\u0131n\u0131f \u00d6\u011frenciler \u0130\u00e7in \u201cDil Okulu\u201d Ba\u015fl\u0131yor - Av. Deniz Can K\u0131z\u0131l","isPartOf":{"@id":"https:\/\/denizcankizil.tr\/#website"},"datePublished":"2024-12-21T08:41:44+00:00","breadcrumb":{"@id":"https:\/\/denizcankizil.tr\/en\/haberler\/gundem\/limada-9-ve-10-sinif-ogrenciler-icin-dil-okulu-basliyor\/#breadcrumb"},"inLanguage":"en-GB","potentialAction":[{"@type":"ReadAction","target":["https:\/\/denizcankizil.tr\/en\/haberler\/gundem\/limada-9-ve-10-sinif-ogrenciler-icin-dil-okulu-basliyor\/"]}]},{"@type":"BreadcrumbList","@id":"https:\/\/denizcankizil.tr\/en\/haberler\/gundem\/limada-9-ve-10-sinif-ogrenciler-icin-dil-okulu-basliyor\/#breadcrumb","itemListElement":[{"@type":"ListItem","position":1,"name":"Home","item":"https:\/\/denizcankizil.tr\/uk\/"},{"@type":"ListItem","position":2,"name":"L\u0130MA\u2019da 9. ve 10. S\u0131n\u0131f \u00d6\u011frenciler \u0130\u00e7in \u201cDil Okulu\u201d Ba\u015fl\u0131yor"}]},{"@type":"WebSite","@id":"https:\/\/denizcankizil.tr\/#website","url":"https:\/\/denizcankizil.tr\/","name":"Av. Deniz Can K\u0131z\u0131l","description":"Avukat Deniz Can K\u0131z\u0131l Antalya Barosu","publisher":{"@id":"https:\/\/denizcankizil.tr\/#organization"},"potentialAction":[{"@type":"SearchAction","target":{"@type":"EntryPoint","urlTemplate":"https:\/\/denizcankizil.tr\/?s={search_term_string}"},"query-input":{"@type":"PropertyValueSpecification","valueRequired":true,"valueName":"search_term_string"}}],"inLanguage":"en-GB"},{"@type":"Organization","@id":"https:\/\/denizcankizil.tr\/#organization","name":"Av. Deniz Can K\u0131z\u0131l","url":"https:\/\/denizcankizil.tr\/","logo":{"@type":"ImageObject","inLanguage":"en-GB","@id":"https:\/\/denizcankizil.tr\/#\/schema\/logo\/image\/","url":"https:\/\/denizcankizil.tr\/wp-content\/uploads\/2024\/10\/siyah-logo-svg.svg","contentUrl":"https:\/\/denizcankizil.tr\/wp-content\/uploads\/2024\/10\/siyah-logo-svg.svg","width":1080,"height":1080,"caption":"Av. Deniz Can K\u0131z\u0131l"},"image":{"@id":"https:\/\/denizcankizil.tr\/#\/schema\/logo\/image\/"}}]}},"_links":{"self":[{"href":"https:\/\/denizcankizil.tr\/en\/wp-json\/wp\/v2\/posts\/21612","targetHints":{"allow":["GET"]}}],"collection":[{"href":"https:\/\/denizcankizil.tr\/en\/wp-json\/wp\/v2\/posts"}],"about":[{"href":"https:\/\/denizcankizil.tr\/en\/wp-json\/wp\/v2\/types\/post"}],"replies":[{"embeddable":true,"href":"https:\/\/denizcankizil.tr\/en\/wp-json\/wp\/v2\/comments?post=21612"}],"version-history":[{"count":0,"href":"https:\/\/denizcankizil.tr\/en\/wp-json\/wp\/v2\/posts\/21612\/revisions"}],"wp:attachment":[{"href":"https:\/\/denizcankizil.tr\/en\/wp-json\/wp\/v2\/media?parent=21612"}],"wp:term":[{"taxonomy":"category","embeddable":true,"href":"https:\/\/denizcankizil.tr\/en\/wp-json\/wp\/v2\/categories?post=21612"},{"taxonomy":"post_tag","embeddable":true,"href":"https:\/\/denizcankizil.tr\/en\/wp-json\/wp\/v2\/tags?post=21612"}],"curies":[{"name":"wp","href":"https:\/\/api.w.org\/{rel}","templated":true}]}}