{"id":21466,"date":"2024-12-20T10:42:24","date_gmt":"2024-12-20T07:42:24","guid":{"rendered":"https:\/\/denizcankizil.tr\/uncategorized-tr\/dardanel-hisse-satisi-sonrasinda-cogunluk-hissesini-koruyor\/"},"modified":"2024-12-20T10:42:24","modified_gmt":"2024-12-20T07:42:24","slug":"dardanel-hisse-satisi-sonrasinda-cogunluk-hissesini-koruyor","status":"publish","type":"post","link":"https:\/\/denizcankizil.tr\/en\/haberler\/gundem\/dardanel-hisse-satisi-sonrasinda-cogunluk-hissesini-koruyor\/","title":{"rendered":"Dardanel, Hisse Sat\u0131\u015f\u0131 Sonras\u0131nda \u00c7o\u011funluk Hissesini Koruyor"},"content":{"rendered":"<p>Dardanel, Kas\u0131m ay\u0131 sonunda yapt\u0131\u011f\u0131 a\u00e7\u0131klama ile ba\u015flatt\u0131\u011f\u0131 yurt d\u0131\u015f\u0131 hisse sat\u0131\u015f\u0131 s\u00fcrecini ba\u015far\u0131yla tamamlad\u0131.<\/p>\n<p>\u200bDardanel, Kas\u0131m ay\u0131 sonunda yapt\u0131\u011f\u0131 a\u00e7\u0131klama ile ba\u015flatt\u0131\u011f\u0131 yurt d\u0131\u015f\u0131 hisse sat\u0131\u015f\u0131 s\u00fcrecini ba\u015far\u0131yla tamamlad\u0131.\u00a0<\/p>\n<p>\u200bHaberin Al\u0131nt\u0131land\u0131\u011f\u0131 Kaynak: www.iskenderun.org<\/p>","protected":false},"excerpt":{"rendered":"<p>Dardanel, Kas\u0131m ay\u0131 sonunda yapt\u0131\u011f\u0131 a\u00e7\u0131klama ile ba\u015flatt\u0131\u011f\u0131 yurt d\u0131\u015f\u0131 hisse sat\u0131\u015f\u0131 s\u00fcrecini ba\u015far\u0131yla tamamlad\u0131. \u200bDardanel, Kas\u0131m ay\u0131 sonunda yapt\u0131\u011f\u0131 a\u00e7\u0131klama ile ba\u015flatt\u0131\u011f\u0131 yurt d\u0131\u015f\u0131 hisse sat\u0131\u015f\u0131 s\u00fcrecini ba\u015far\u0131yla tamamlad\u0131.\u00a0 \u200bHaberin Al\u0131nt\u0131land\u0131\u011f\u0131 Kaynak: www.iskenderun.org<\/p>","protected":false},"author":0,"featured_media":0,"comment_status":"open","ping_status":"open","sticky":false,"template":"","format":"standard","meta":{"_acf_changed":false,"footnotes":""},"categories":[24,535],"tags":[],"class_list":["post-21466","post","type-post","status-publish","format-standard","has-post-thumbnail","hentry","category-gundem","category-uncategorized-tr"],"acf":[],"yoast_head":"<!-- This site is optimized with the Yoast SEO Premium plugin v26.6 (Yoast SEO v27.1.1) - https:\/\/yoast.com\/product\/yoast-seo-premium-wordpress\/ -->\n<title>Dardanel, Hisse Sat\u0131\u015f\u0131 Sonras\u0131nda \u00c7o\u011funluk Hissesini Koruyor - Av. Deniz Can K\u0131z\u0131l<\/title>\n<meta name=\"robots\" content=\"index, follow, max-snippet:-1, max-image-preview:large, max-video-preview:-1\" \/>\n<link rel=\"canonical\" href=\"http:\/\/denizcankizil.tr\/en\/haberler\/gundem\/dardanel-hisse-satisi-sonrasinda-cogunluk-hissesini-koruyor\/\" \/>\n<meta property=\"og:locale\" content=\"en_GB\" \/>\n<meta property=\"og:type\" content=\"article\" \/>\n<meta property=\"og:title\" content=\"Dardanel, Hisse Sat\u0131\u015f\u0131 Sonras\u0131nda \u00c7o\u011funluk Hissesini Koruyor\" \/>\n<meta property=\"og:description\" content=\"Dardanel, Kas\u0131m ay\u0131 sonunda yapt\u0131\u011f\u0131 a\u00e7\u0131klama ile ba\u015flatt\u0131\u011f\u0131 yurt d\u0131\u015f\u0131 hisse sat\u0131\u015f\u0131 s\u00fcrecini ba\u015far\u0131yla tamamlad\u0131. \u200bDardanel, Kas\u0131m ay\u0131 sonunda yapt\u0131\u011f\u0131 a\u00e7\u0131klama ile ba\u015flatt\u0131\u011f\u0131 yurt d\u0131\u015f\u0131 hisse sat\u0131\u015f\u0131 s\u00fcrecini ba\u015far\u0131yla tamamlad\u0131.\u00a0 \u200bHaberin Al\u0131nt\u0131land\u0131\u011f\u0131 Kaynak: www.iskenderun.org\" \/>\n<meta property=\"og:url\" content=\"http:\/\/denizcankizil.tr\/en\/haberler\/gundem\/dardanel-hisse-satisi-sonrasinda-cogunluk-hissesini-koruyor\/\" \/>\n<meta property=\"og:site_name\" content=\"Av. Deniz Can K\u0131z\u0131l\" \/>\n<meta property=\"article:published_time\" content=\"2024-12-20T07:42:24+00:00\" \/>\n<meta name=\"twitter:card\" content=\"summary_large_image\" \/>\n<script type=\"application\/ld+json\" class=\"yoast-schema-graph\">{\"@context\":\"https:\/\/schema.org\",\"@graph\":[{\"@type\":\"Article\",\"@id\":\"http:\/\/denizcankizil.tr\/de\/haberler\/gundem\/dardanel-hisse-satisi-sonrasinda-cogunluk-hissesini-koruyor\/#article\",\"isPartOf\":{\"@id\":\"http:\/\/denizcankizil.tr\/de\/haberler\/gundem\/dardanel-hisse-satisi-sonrasinda-cogunluk-hissesini-koruyor\/\"},\"author\":{\"name\":\"\",\"@id\":\"\"},\"headline\":\"Dardanel, Hisse Sat\u0131\u015f\u0131 Sonras\u0131nda \u00c7o\u011funluk Hissesini Koruyor\",\"datePublished\":\"2024-12-20T07:42:24+00:00\",\"mainEntityOfPage\":{\"@id\":\"http:\/\/denizcankizil.tr\/de\/haberler\/gundem\/dardanel-hisse-satisi-sonrasinda-cogunluk-hissesini-koruyor\/\"},\"wordCount\":59,\"commentCount\":0,\"publisher\":{\"@id\":\"https:\/\/denizcankizil.tr\/#organization\"},\"articleSection\":[\"G\u00fcndem\",\"Uncategorized\"],\"inLanguage\":\"en-GB\",\"potentialAction\":[{\"@type\":\"CommentAction\",\"name\":\"Comment\",\"target\":[\"http:\/\/denizcankizil.tr\/de\/haberler\/gundem\/dardanel-hisse-satisi-sonrasinda-cogunluk-hissesini-koruyor\/#respond\"]}]},{\"@type\":\"WebPage\",\"@id\":\"http:\/\/denizcankizil.tr\/de\/haberler\/gundem\/dardanel-hisse-satisi-sonrasinda-cogunluk-hissesini-koruyor\/\",\"url\":\"http:\/\/denizcankizil.tr\/de\/haberler\/gundem\/dardanel-hisse-satisi-sonrasinda-cogunluk-hissesini-koruyor\/\",\"name\":\"Dardanel, Hisse Sat\u0131\u015f\u0131 Sonras\u0131nda \u00c7o\u011funluk Hissesini Koruyor - Av. Deniz Can K\u0131z\u0131l\",\"isPartOf\":{\"@id\":\"https:\/\/denizcankizil.tr\/#website\"},\"datePublished\":\"2024-12-20T07:42:24+00:00\",\"breadcrumb\":{\"@id\":\"http:\/\/denizcankizil.tr\/de\/haberler\/gundem\/dardanel-hisse-satisi-sonrasinda-cogunluk-hissesini-koruyor\/#breadcrumb\"},\"inLanguage\":\"en-GB\",\"potentialAction\":[{\"@type\":\"ReadAction\",\"target\":[\"http:\/\/denizcankizil.tr\/de\/haberler\/gundem\/dardanel-hisse-satisi-sonrasinda-cogunluk-hissesini-koruyor\/\"]}]},{\"@type\":\"BreadcrumbList\",\"@id\":\"http:\/\/denizcankizil.tr\/de\/haberler\/gundem\/dardanel-hisse-satisi-sonrasinda-cogunluk-hissesini-koruyor\/#breadcrumb\",\"itemListElement\":[{\"@type\":\"ListItem\",\"position\":1,\"name\":\"Home\",\"item\":\"https:\/\/denizcankizil.tr\/de\/\"},{\"@type\":\"ListItem\",\"position\":2,\"name\":\"Dardanel, Hisse Sat\u0131\u015f\u0131 Sonras\u0131nda \u00c7o\u011funluk Hissesini Koruyor\"}]},{\"@type\":\"WebSite\",\"@id\":\"https:\/\/denizcankizil.tr\/#website\",\"url\":\"https:\/\/denizcankizil.tr\/\",\"name\":\"Av. Deniz Can K\u0131z\u0131l\",\"description\":\"Avukat Deniz Can K\u0131z\u0131l Antalya Barosu\",\"publisher\":{\"@id\":\"https:\/\/denizcankizil.tr\/#organization\"},\"potentialAction\":[{\"@type\":\"SearchAction\",\"target\":{\"@type\":\"EntryPoint\",\"urlTemplate\":\"https:\/\/denizcankizil.tr\/?s={search_term_string}\"},\"query-input\":{\"@type\":\"PropertyValueSpecification\",\"valueRequired\":true,\"valueName\":\"search_term_string\"}}],\"inLanguage\":\"en-GB\"},{\"@type\":\"Organization\",\"@id\":\"https:\/\/denizcankizil.tr\/#organization\",\"name\":\"Av. Deniz Can K\u0131z\u0131l\",\"url\":\"https:\/\/denizcankizil.tr\/\",\"logo\":{\"@type\":\"ImageObject\",\"inLanguage\":\"en-GB\",\"@id\":\"https:\/\/denizcankizil.tr\/#\/schema\/logo\/image\/\",\"url\":\"https:\/\/denizcankizil.tr\/wp-content\/uploads\/2024\/10\/siyah-logo-svg.svg\",\"contentUrl\":\"https:\/\/denizcankizil.tr\/wp-content\/uploads\/2024\/10\/siyah-logo-svg.svg\",\"width\":1080,\"height\":1080,\"caption\":\"Av. Deniz Can K\u0131z\u0131l\"},\"image\":{\"@id\":\"https:\/\/denizcankizil.tr\/#\/schema\/logo\/image\/\"}}]}<\/script>\n<!-- \/ Yoast SEO Premium plugin. -->","yoast_head_json":{"title":"Dardanel, Hisse Sat\u0131\u015f\u0131 Sonras\u0131nda \u00c7o\u011funluk Hissesini Koruyor - Av. Deniz Can K\u0131z\u0131l","robots":{"index":"index","follow":"follow","max-snippet":"max-snippet:-1","max-image-preview":"max-image-preview:large","max-video-preview":"max-video-preview:-1"},"canonical":"http:\/\/denizcankizil.tr\/en\/haberler\/gundem\/dardanel-hisse-satisi-sonrasinda-cogunluk-hissesini-koruyor\/","og_locale":"en_GB","og_type":"article","og_title":"Dardanel, Hisse Sat\u0131\u015f\u0131 Sonras\u0131nda \u00c7o\u011funluk Hissesini Koruyor","og_description":"Dardanel, Kas\u0131m ay\u0131 sonunda yapt\u0131\u011f\u0131 a\u00e7\u0131klama ile ba\u015flatt\u0131\u011f\u0131 yurt d\u0131\u015f\u0131 hisse sat\u0131\u015f\u0131 s\u00fcrecini ba\u015far\u0131yla tamamlad\u0131. \u200bDardanel, Kas\u0131m ay\u0131 sonunda yapt\u0131\u011f\u0131 a\u00e7\u0131klama ile ba\u015flatt\u0131\u011f\u0131 yurt d\u0131\u015f\u0131 hisse sat\u0131\u015f\u0131 s\u00fcrecini ba\u015far\u0131yla tamamlad\u0131.\u00a0 \u200bHaberin Al\u0131nt\u0131land\u0131\u011f\u0131 Kaynak: www.iskenderun.org","og_url":"http:\/\/denizcankizil.tr\/en\/haberler\/gundem\/dardanel-hisse-satisi-sonrasinda-cogunluk-hissesini-koruyor\/","og_site_name":"Av. Deniz Can K\u0131z\u0131l","article_published_time":"2024-12-20T07:42:24+00:00","twitter_card":"summary_large_image","schema":{"@context":"https:\/\/schema.org","@graph":[{"@type":"Article","@id":"http:\/\/denizcankizil.tr\/de\/haberler\/gundem\/dardanel-hisse-satisi-sonrasinda-cogunluk-hissesini-koruyor\/#article","isPartOf":{"@id":"http:\/\/denizcankizil.tr\/de\/haberler\/gundem\/dardanel-hisse-satisi-sonrasinda-cogunluk-hissesini-koruyor\/"},"author":{"name":"","@id":""},"headline":"Dardanel, Hisse Sat\u0131\u015f\u0131 Sonras\u0131nda \u00c7o\u011funluk Hissesini Koruyor","datePublished":"2024-12-20T07:42:24+00:00","mainEntityOfPage":{"@id":"http:\/\/denizcankizil.tr\/de\/haberler\/gundem\/dardanel-hisse-satisi-sonrasinda-cogunluk-hissesini-koruyor\/"},"wordCount":59,"commentCount":0,"publisher":{"@id":"https:\/\/denizcankizil.tr\/#organization"},"articleSection":["G\u00fcndem","Uncategorized"],"inLanguage":"en-GB","potentialAction":[{"@type":"CommentAction","name":"Comment","target":["http:\/\/denizcankizil.tr\/de\/haberler\/gundem\/dardanel-hisse-satisi-sonrasinda-cogunluk-hissesini-koruyor\/#respond"]}]},{"@type":"WebPage","@id":"http:\/\/denizcankizil.tr\/de\/haberler\/gundem\/dardanel-hisse-satisi-sonrasinda-cogunluk-hissesini-koruyor\/","url":"http:\/\/denizcankizil.tr\/de\/haberler\/gundem\/dardanel-hisse-satisi-sonrasinda-cogunluk-hissesini-koruyor\/","name":"Dardanel, Hisse Sat\u0131\u015f\u0131 Sonras\u0131nda \u00c7o\u011funluk Hissesini Koruyor - Av. Deniz Can K\u0131z\u0131l","isPartOf":{"@id":"https:\/\/denizcankizil.tr\/#website"},"datePublished":"2024-12-20T07:42:24+00:00","breadcrumb":{"@id":"http:\/\/denizcankizil.tr\/de\/haberler\/gundem\/dardanel-hisse-satisi-sonrasinda-cogunluk-hissesini-koruyor\/#breadcrumb"},"inLanguage":"en-GB","potentialAction":[{"@type":"ReadAction","target":["http:\/\/denizcankizil.tr\/de\/haberler\/gundem\/dardanel-hisse-satisi-sonrasinda-cogunluk-hissesini-koruyor\/"]}]},{"@type":"BreadcrumbList","@id":"http:\/\/denizcankizil.tr\/de\/haberler\/gundem\/dardanel-hisse-satisi-sonrasinda-cogunluk-hissesini-koruyor\/#breadcrumb","itemListElement":[{"@type":"ListItem","position":1,"name":"Home","item":"https:\/\/denizcankizil.tr\/de\/"},{"@type":"ListItem","position":2,"name":"Dardanel, Hisse Sat\u0131\u015f\u0131 Sonras\u0131nda \u00c7o\u011funluk Hissesini Koruyor"}]},{"@type":"WebSite","@id":"https:\/\/denizcankizil.tr\/#website","url":"https:\/\/denizcankizil.tr\/","name":"Av. Deniz Can K\u0131z\u0131l","description":"Avukat Deniz Can K\u0131z\u0131l Antalya Barosu","publisher":{"@id":"https:\/\/denizcankizil.tr\/#organization"},"potentialAction":[{"@type":"SearchAction","target":{"@type":"EntryPoint","urlTemplate":"https:\/\/denizcankizil.tr\/?s={search_term_string}"},"query-input":{"@type":"PropertyValueSpecification","valueRequired":true,"valueName":"search_term_string"}}],"inLanguage":"en-GB"},{"@type":"Organization","@id":"https:\/\/denizcankizil.tr\/#organization","name":"Av. Deniz Can K\u0131z\u0131l","url":"https:\/\/denizcankizil.tr\/","logo":{"@type":"ImageObject","inLanguage":"en-GB","@id":"https:\/\/denizcankizil.tr\/#\/schema\/logo\/image\/","url":"https:\/\/denizcankizil.tr\/wp-content\/uploads\/2024\/10\/siyah-logo-svg.svg","contentUrl":"https:\/\/denizcankizil.tr\/wp-content\/uploads\/2024\/10\/siyah-logo-svg.svg","width":1080,"height":1080,"caption":"Av. Deniz Can K\u0131z\u0131l"},"image":{"@id":"https:\/\/denizcankizil.tr\/#\/schema\/logo\/image\/"}}]}},"_links":{"self":[{"href":"https:\/\/denizcankizil.tr\/en\/wp-json\/wp\/v2\/posts\/21466","targetHints":{"allow":["GET"]}}],"collection":[{"href":"https:\/\/denizcankizil.tr\/en\/wp-json\/wp\/v2\/posts"}],"about":[{"href":"https:\/\/denizcankizil.tr\/en\/wp-json\/wp\/v2\/types\/post"}],"replies":[{"embeddable":true,"href":"https:\/\/denizcankizil.tr\/en\/wp-json\/wp\/v2\/comments?post=21466"}],"version-history":[{"count":0,"href":"https:\/\/denizcankizil.tr\/en\/wp-json\/wp\/v2\/posts\/21466\/revisions"}],"wp:attachment":[{"href":"https:\/\/denizcankizil.tr\/en\/wp-json\/wp\/v2\/media?parent=21466"}],"wp:term":[{"taxonomy":"category","embeddable":true,"href":"https:\/\/denizcankizil.tr\/en\/wp-json\/wp\/v2\/categories?post=21466"},{"taxonomy":"post_tag","embeddable":true,"href":"https:\/\/denizcankizil.tr\/en\/wp-json\/wp\/v2\/tags?post=21466"}],"curies":[{"name":"wp","href":"https:\/\/api.w.org\/{rel}","templated":true}]}}