{"id":21463,"date":"2024-12-20T10:42:21","date_gmt":"2024-12-20T07:42:21","guid":{"rendered":"https:\/\/denizcankizil.tr\/uncategorized-tr\/baskan-olmez-personellerini-yeni-gorev-yerlerine-ugurladi\/"},"modified":"2024-12-20T10:42:21","modified_gmt":"2024-12-20T07:42:21","slug":"baskan-olmez-personellerini-yeni-gorev-yerlerine-ugurladi","status":"publish","type":"post","link":"https:\/\/denizcankizil.tr\/en\/haberler\/gundem\/baskan-olmez-personellerini-yeni-gorev-yerlerine-ugurladi\/","title":{"rendered":"Ba\u015fkan \u00d6lmez; Personellerini Yeni G\u00f6rev Yerlerine U\u011furlad\u0131."},"content":{"rendered":"<p>Kand\u0131ra Belediyesi\u2019nde hizmet veren ve g\u00f6rev yerleri de\u011fi\u015ferek, Kocaeli B\u00fcy\u00fck\u015fehir Belediyesi b\u00fcnyesinde  g\u00f6reve devam edecek olan m\u00fcd\u00fcrlere u\u011furlama yeme\u011fi d\u00fczenlendi.<\/p>\n<p>\u200bKand\u0131ra Belediyesi\u2019nde hizmet veren ve g\u00f6rev yerleri de\u011fi\u015ferek, Kocaeli B\u00fcy\u00fck\u015fehir Belediyesi b\u00fcnyesinde  g\u00f6reve devam edecek olan m\u00fcd\u00fcrlere u\u011furlama yeme\u011fi d\u00fczenlendi.\u00a0<\/p>\n<p>\u200bHaberin Al\u0131nt\u0131land\u0131\u011f\u0131 Kaynak: www.iskenderun.org<\/p>","protected":false},"excerpt":{"rendered":"<p>Kand\u0131ra Belediyesi\u2019nde hizmet veren ve g\u00f6rev yerleri de\u011fi\u015ferek, Kocaeli B\u00fcy\u00fck\u015fehir Belediyesi b\u00fcnyesinde g\u00f6reve devam edecek olan m\u00fcd\u00fcrlere u\u011furlama yeme\u011fi d\u00fczenlendi. \u200bKand\u0131ra Belediyesi\u2019nde hizmet veren ve g\u00f6rev yerleri de\u011fi\u015ferek, Kocaeli B\u00fcy\u00fck\u015fehir Belediyesi b\u00fcnyesinde g\u00f6reve devam edecek olan m\u00fcd\u00fcrlere u\u011furlama yeme\u011fi d\u00fczenlendi.\u00a0 \u200bHaberin Al\u0131nt\u0131land\u0131\u011f\u0131 Kaynak: www.iskenderun.org<\/p>","protected":false},"author":0,"featured_media":0,"comment_status":"open","ping_status":"open","sticky":false,"template":"","format":"standard","meta":{"_acf_changed":false,"footnotes":""},"categories":[24,535],"tags":[],"class_list":["post-21463","post","type-post","status-publish","format-standard","has-post-thumbnail","hentry","category-gundem","category-uncategorized-tr"],"acf":[],"yoast_head":"<!-- This site is optimized with the Yoast SEO Premium plugin v26.6 (Yoast SEO v27.1.1) - https:\/\/yoast.com\/product\/yoast-seo-premium-wordpress\/ -->\n<title>Ba\u015fkan \u00d6lmez; Personellerini Yeni G\u00f6rev Yerlerine U\u011furlad\u0131. - Av. Deniz Can K\u0131z\u0131l<\/title>\n<meta name=\"robots\" content=\"index, follow, max-snippet:-1, max-image-preview:large, max-video-preview:-1\" \/>\n<link rel=\"canonical\" href=\"https:\/\/denizcankizil.tr\/en\/haberler\/gundem\/baskan-olmez-personellerini-yeni-gorev-yerlerine-ugurladi\/\" \/>\n<meta property=\"og:locale\" content=\"en_GB\" \/>\n<meta property=\"og:type\" content=\"article\" \/>\n<meta property=\"og:title\" content=\"Ba\u015fkan \u00d6lmez; Personellerini Yeni G\u00f6rev Yerlerine U\u011furlad\u0131.\" \/>\n<meta property=\"og:description\" content=\"Kand\u0131ra Belediyesi\u2019nde hizmet veren ve g\u00f6rev yerleri de\u011fi\u015ferek, Kocaeli B\u00fcy\u00fck\u015fehir Belediyesi b\u00fcnyesinde g\u00f6reve devam edecek olan m\u00fcd\u00fcrlere u\u011furlama yeme\u011fi d\u00fczenlendi. \u200bKand\u0131ra Belediyesi\u2019nde hizmet veren ve g\u00f6rev yerleri de\u011fi\u015ferek, Kocaeli B\u00fcy\u00fck\u015fehir Belediyesi b\u00fcnyesinde g\u00f6reve devam edecek olan m\u00fcd\u00fcrlere u\u011furlama yeme\u011fi d\u00fczenlendi.\u00a0 \u200bHaberin Al\u0131nt\u0131land\u0131\u011f\u0131 Kaynak: www.iskenderun.org\" \/>\n<meta property=\"og:url\" content=\"https:\/\/denizcankizil.tr\/en\/haberler\/gundem\/baskan-olmez-personellerini-yeni-gorev-yerlerine-ugurladi\/\" \/>\n<meta property=\"og:site_name\" content=\"Av. Deniz Can K\u0131z\u0131l\" \/>\n<meta property=\"article:published_time\" content=\"2024-12-20T07:42:21+00:00\" \/>\n<meta name=\"twitter:card\" content=\"summary_large_image\" \/>\n<script type=\"application\/ld+json\" class=\"yoast-schema-graph\">{\"@context\":\"https:\/\/schema.org\",\"@graph\":[{\"@type\":\"Article\",\"@id\":\"https:\/\/denizcankizil.tr\/ru\/haberler\/gundem\/baskan-olmez-personellerini-yeni-gorev-yerlerine-ugurladi\/#article\",\"isPartOf\":{\"@id\":\"https:\/\/denizcankizil.tr\/ru\/haberler\/gundem\/baskan-olmez-personellerini-yeni-gorev-yerlerine-ugurladi\/\"},\"author\":{\"name\":\"\",\"@id\":\"\"},\"headline\":\"Ba\u015fkan \u00d6lmez; Personellerini Yeni G\u00f6rev Yerlerine U\u011furlad\u0131.\",\"datePublished\":\"2024-12-20T07:42:21+00:00\",\"mainEntityOfPage\":{\"@id\":\"https:\/\/denizcankizil.tr\/ru\/haberler\/gundem\/baskan-olmez-personellerini-yeni-gorev-yerlerine-ugurladi\/\"},\"wordCount\":88,\"commentCount\":0,\"publisher\":{\"@id\":\"https:\/\/denizcankizil.tr\/#organization\"},\"articleSection\":[\"G\u00fcndem\",\"Uncategorized\"],\"inLanguage\":\"en-GB\",\"potentialAction\":[{\"@type\":\"CommentAction\",\"name\":\"Comment\",\"target\":[\"https:\/\/denizcankizil.tr\/ru\/haberler\/gundem\/baskan-olmez-personellerini-yeni-gorev-yerlerine-ugurladi\/#respond\"]}]},{\"@type\":\"WebPage\",\"@id\":\"https:\/\/denizcankizil.tr\/ru\/haberler\/gundem\/baskan-olmez-personellerini-yeni-gorev-yerlerine-ugurladi\/\",\"url\":\"https:\/\/denizcankizil.tr\/ru\/haberler\/gundem\/baskan-olmez-personellerini-yeni-gorev-yerlerine-ugurladi\/\",\"name\":\"Ba\u015fkan \u00d6lmez; Personellerini Yeni G\u00f6rev Yerlerine U\u011furlad\u0131. - Av. Deniz Can K\u0131z\u0131l\",\"isPartOf\":{\"@id\":\"https:\/\/denizcankizil.tr\/#website\"},\"datePublished\":\"2024-12-20T07:42:21+00:00\",\"breadcrumb\":{\"@id\":\"https:\/\/denizcankizil.tr\/ru\/haberler\/gundem\/baskan-olmez-personellerini-yeni-gorev-yerlerine-ugurladi\/#breadcrumb\"},\"inLanguage\":\"en-GB\",\"potentialAction\":[{\"@type\":\"ReadAction\",\"target\":[\"https:\/\/denizcankizil.tr\/ru\/haberler\/gundem\/baskan-olmez-personellerini-yeni-gorev-yerlerine-ugurladi\/\"]}]},{\"@type\":\"BreadcrumbList\",\"@id\":\"https:\/\/denizcankizil.tr\/ru\/haberler\/gundem\/baskan-olmez-personellerini-yeni-gorev-yerlerine-ugurladi\/#breadcrumb\",\"itemListElement\":[{\"@type\":\"ListItem\",\"position\":1,\"name\":\"Home\",\"item\":\"https:\/\/denizcankizil.tr\/de\/\"},{\"@type\":\"ListItem\",\"position\":2,\"name\":\"Ba\u015fkan \u00d6lmez; Personellerini Yeni G\u00f6rev Yerlerine U\u011furlad\u0131.\"}]},{\"@type\":\"WebSite\",\"@id\":\"https:\/\/denizcankizil.tr\/#website\",\"url\":\"https:\/\/denizcankizil.tr\/\",\"name\":\"Av. Deniz Can K\u0131z\u0131l\",\"description\":\"Avukat Deniz Can K\u0131z\u0131l Antalya Barosu\",\"publisher\":{\"@id\":\"https:\/\/denizcankizil.tr\/#organization\"},\"potentialAction\":[{\"@type\":\"SearchAction\",\"target\":{\"@type\":\"EntryPoint\",\"urlTemplate\":\"https:\/\/denizcankizil.tr\/?s={search_term_string}\"},\"query-input\":{\"@type\":\"PropertyValueSpecification\",\"valueRequired\":true,\"valueName\":\"search_term_string\"}}],\"inLanguage\":\"en-GB\"},{\"@type\":\"Organization\",\"@id\":\"https:\/\/denizcankizil.tr\/#organization\",\"name\":\"Av. Deniz Can K\u0131z\u0131l\",\"url\":\"https:\/\/denizcankizil.tr\/\",\"logo\":{\"@type\":\"ImageObject\",\"inLanguage\":\"en-GB\",\"@id\":\"https:\/\/denizcankizil.tr\/#\/schema\/logo\/image\/\",\"url\":\"https:\/\/denizcankizil.tr\/wp-content\/uploads\/2024\/10\/siyah-logo-svg.svg\",\"contentUrl\":\"https:\/\/denizcankizil.tr\/wp-content\/uploads\/2024\/10\/siyah-logo-svg.svg\",\"width\":1080,\"height\":1080,\"caption\":\"Av. Deniz Can K\u0131z\u0131l\"},\"image\":{\"@id\":\"https:\/\/denizcankizil.tr\/#\/schema\/logo\/image\/\"}}]}<\/script>\n<!-- \/ Yoast SEO Premium plugin. -->","yoast_head_json":{"title":"Ba\u015fkan \u00d6lmez; Personellerini Yeni G\u00f6rev Yerlerine U\u011furlad\u0131. - Av. Deniz Can K\u0131z\u0131l","robots":{"index":"index","follow":"follow","max-snippet":"max-snippet:-1","max-image-preview":"max-image-preview:large","max-video-preview":"max-video-preview:-1"},"canonical":"https:\/\/denizcankizil.tr\/en\/haberler\/gundem\/baskan-olmez-personellerini-yeni-gorev-yerlerine-ugurladi\/","og_locale":"en_GB","og_type":"article","og_title":"Ba\u015fkan \u00d6lmez; Personellerini Yeni G\u00f6rev Yerlerine U\u011furlad\u0131.","og_description":"Kand\u0131ra Belediyesi\u2019nde hizmet veren ve g\u00f6rev yerleri de\u011fi\u015ferek, Kocaeli B\u00fcy\u00fck\u015fehir Belediyesi b\u00fcnyesinde g\u00f6reve devam edecek olan m\u00fcd\u00fcrlere u\u011furlama yeme\u011fi d\u00fczenlendi. \u200bKand\u0131ra Belediyesi\u2019nde hizmet veren ve g\u00f6rev yerleri de\u011fi\u015ferek, Kocaeli B\u00fcy\u00fck\u015fehir Belediyesi b\u00fcnyesinde g\u00f6reve devam edecek olan m\u00fcd\u00fcrlere u\u011furlama yeme\u011fi d\u00fczenlendi.\u00a0 \u200bHaberin Al\u0131nt\u0131land\u0131\u011f\u0131 Kaynak: www.iskenderun.org","og_url":"https:\/\/denizcankizil.tr\/en\/haberler\/gundem\/baskan-olmez-personellerini-yeni-gorev-yerlerine-ugurladi\/","og_site_name":"Av. Deniz Can K\u0131z\u0131l","article_published_time":"2024-12-20T07:42:21+00:00","twitter_card":"summary_large_image","schema":{"@context":"https:\/\/schema.org","@graph":[{"@type":"Article","@id":"https:\/\/denizcankizil.tr\/ru\/haberler\/gundem\/baskan-olmez-personellerini-yeni-gorev-yerlerine-ugurladi\/#article","isPartOf":{"@id":"https:\/\/denizcankizil.tr\/ru\/haberler\/gundem\/baskan-olmez-personellerini-yeni-gorev-yerlerine-ugurladi\/"},"author":{"name":"","@id":""},"headline":"Ba\u015fkan \u00d6lmez; Personellerini Yeni G\u00f6rev Yerlerine U\u011furlad\u0131.","datePublished":"2024-12-20T07:42:21+00:00","mainEntityOfPage":{"@id":"https:\/\/denizcankizil.tr\/ru\/haberler\/gundem\/baskan-olmez-personellerini-yeni-gorev-yerlerine-ugurladi\/"},"wordCount":88,"commentCount":0,"publisher":{"@id":"https:\/\/denizcankizil.tr\/#organization"},"articleSection":["G\u00fcndem","Uncategorized"],"inLanguage":"en-GB","potentialAction":[{"@type":"CommentAction","name":"Comment","target":["https:\/\/denizcankizil.tr\/ru\/haberler\/gundem\/baskan-olmez-personellerini-yeni-gorev-yerlerine-ugurladi\/#respond"]}]},{"@type":"WebPage","@id":"https:\/\/denizcankizil.tr\/ru\/haberler\/gundem\/baskan-olmez-personellerini-yeni-gorev-yerlerine-ugurladi\/","url":"https:\/\/denizcankizil.tr\/ru\/haberler\/gundem\/baskan-olmez-personellerini-yeni-gorev-yerlerine-ugurladi\/","name":"Ba\u015fkan \u00d6lmez; Personellerini Yeni G\u00f6rev Yerlerine U\u011furlad\u0131. - Av. Deniz Can K\u0131z\u0131l","isPartOf":{"@id":"https:\/\/denizcankizil.tr\/#website"},"datePublished":"2024-12-20T07:42:21+00:00","breadcrumb":{"@id":"https:\/\/denizcankizil.tr\/ru\/haberler\/gundem\/baskan-olmez-personellerini-yeni-gorev-yerlerine-ugurladi\/#breadcrumb"},"inLanguage":"en-GB","potentialAction":[{"@type":"ReadAction","target":["https:\/\/denizcankizil.tr\/ru\/haberler\/gundem\/baskan-olmez-personellerini-yeni-gorev-yerlerine-ugurladi\/"]}]},{"@type":"BreadcrumbList","@id":"https:\/\/denizcankizil.tr\/ru\/haberler\/gundem\/baskan-olmez-personellerini-yeni-gorev-yerlerine-ugurladi\/#breadcrumb","itemListElement":[{"@type":"ListItem","position":1,"name":"Home","item":"https:\/\/denizcankizil.tr\/de\/"},{"@type":"ListItem","position":2,"name":"Ba\u015fkan \u00d6lmez; Personellerini Yeni G\u00f6rev Yerlerine U\u011furlad\u0131."}]},{"@type":"WebSite","@id":"https:\/\/denizcankizil.tr\/#website","url":"https:\/\/denizcankizil.tr\/","name":"Av. Deniz Can K\u0131z\u0131l","description":"Avukat Deniz Can K\u0131z\u0131l Antalya Barosu","publisher":{"@id":"https:\/\/denizcankizil.tr\/#organization"},"potentialAction":[{"@type":"SearchAction","target":{"@type":"EntryPoint","urlTemplate":"https:\/\/denizcankizil.tr\/?s={search_term_string}"},"query-input":{"@type":"PropertyValueSpecification","valueRequired":true,"valueName":"search_term_string"}}],"inLanguage":"en-GB"},{"@type":"Organization","@id":"https:\/\/denizcankizil.tr\/#organization","name":"Av. Deniz Can K\u0131z\u0131l","url":"https:\/\/denizcankizil.tr\/","logo":{"@type":"ImageObject","inLanguage":"en-GB","@id":"https:\/\/denizcankizil.tr\/#\/schema\/logo\/image\/","url":"https:\/\/denizcankizil.tr\/wp-content\/uploads\/2024\/10\/siyah-logo-svg.svg","contentUrl":"https:\/\/denizcankizil.tr\/wp-content\/uploads\/2024\/10\/siyah-logo-svg.svg","width":1080,"height":1080,"caption":"Av. Deniz Can K\u0131z\u0131l"},"image":{"@id":"https:\/\/denizcankizil.tr\/#\/schema\/logo\/image\/"}}]}},"_links":{"self":[{"href":"https:\/\/denizcankizil.tr\/en\/wp-json\/wp\/v2\/posts\/21463","targetHints":{"allow":["GET"]}}],"collection":[{"href":"https:\/\/denizcankizil.tr\/en\/wp-json\/wp\/v2\/posts"}],"about":[{"href":"https:\/\/denizcankizil.tr\/en\/wp-json\/wp\/v2\/types\/post"}],"replies":[{"embeddable":true,"href":"https:\/\/denizcankizil.tr\/en\/wp-json\/wp\/v2\/comments?post=21463"}],"version-history":[{"count":0,"href":"https:\/\/denizcankizil.tr\/en\/wp-json\/wp\/v2\/posts\/21463\/revisions"}],"wp:attachment":[{"href":"https:\/\/denizcankizil.tr\/en\/wp-json\/wp\/v2\/media?parent=21463"}],"wp:term":[{"taxonomy":"category","embeddable":true,"href":"https:\/\/denizcankizil.tr\/en\/wp-json\/wp\/v2\/categories?post=21463"},{"taxonomy":"post_tag","embeddable":true,"href":"https:\/\/denizcankizil.tr\/en\/wp-json\/wp\/v2\/tags?post=21463"}],"curies":[{"name":"wp","href":"https:\/\/api.w.org\/{rel}","templated":true}]}}