{"id":21452,"date":"2024-12-20T10:42:00","date_gmt":"2024-12-20T07:42:00","guid":{"rendered":"https:\/\/denizcankizil.tr\/uncategorized-tr\/deniz-otobuslerine-alici-cikmadi\/"},"modified":"2024-12-20T10:42:00","modified_gmt":"2024-12-20T07:42:00","slug":"deniz-otobuslerine-alici-cikmadi","status":"publish","type":"post","link":"https:\/\/denizcankizil.tr\/en\/haberler\/antalya\/deniz-otobuslerine-alici-cikmadi\/","title":{"rendered":"Deniz otob\u00fcslerine al\u0131c\u0131 \u00e7\u0131kmad\u0131"},"content":{"rendered":"<p>Antalya B\u00fcy\u00fck\u015fehir Belediyesi, \u00f6nceki d\u00f6nemlerde deniz turizmini geli\u015ftirmek amac\u0131yla sat\u0131n al\u0131nan ve uzun s\u00fcredir kullan\u0131lmayan ABB Olimpos ve ABB Termessos isimli iki deniz otob\u00fcs\u00fcn\u00fcn sat\u0131\u015f\u0131na y\u00f6nelik ihale d\u00fczenledi. \u0130haleye kat\u0131l\u0131mc\u0131 olmamas\u0131 nedeniyle deniz otob\u00fcslerinin sat\u0131\u015f\u0131 ger\u00e7ekle\u015ftirilemedi.<\/p>\n<p>42 yolcu kapasitesine sahip, her biri 16 metre boyunda, 4 metre geni\u015fli\u011finde ve 25,79 groston a\u011f\u0131rl\u0131\u011f\u0131ndaki deniz otob\u00fcsleri, 2009 y\u0131l\u0131nda Antalya B\u00fcy\u00fck\u015fehir Belediyesi taraf\u0131ndan deniz turizmini canland\u0131rmak amac\u0131yla yapt\u0131r\u0131l\u0131p faaliyete ge\u00e7ti. Kalei\u00e7i Yat Liman\u0131 ile Kemer Marina aras\u0131nda sefer yapan deniz otob\u00fcsleri, Akdeniz&#8217;in k\u0131\u015f sezonundaki sert hava ko\u015fullar\u0131 nedeniyle y\u0131l boyunca aktif faaliyet g\u00f6steremedi\u011fi i\u00e7in 2019 y\u0131l\u0131nda kullan\u0131mdan kald\u0131r\u0131ld\u0131. \u0130lk kez 2021 y\u0131l\u0131nda ihale ile sat\u0131\u015fa \u00e7\u0131kar\u0131lan deniz otob\u00fcslerine herhangi bir teklif gelmemesi \u00fczerine yeni bir ihale d\u00fczenlendi. B\u00fcy\u00fck\u015fehir Belediyesinde ger\u00e7ekle\u015ftirilen ihalede, her bir deniz otob\u00fcs\u00fcn\u00fcn ba\u015flang\u0131\u00e7 sat\u0131\u015f fiyat\u0131 10 milyon TL olarak belirlendi. \u0130hale s\u00fcrecine kat\u0131l\u0131m olmamas\u0131 nedeniyle deniz otob\u00fcsleri al\u0131c\u0131 bulamad\u0131. \u0130halenin devam s\u00fcreci ile ilgili bilgi verilmedi.<\/p>\n<p>Kaynak: www.kanalv.com.tr Haber Sitesinden Al\u0131nm\u0131\u015ft\u0131r.<\/p>","protected":false},"excerpt":{"rendered":"<p>Antalya B\u00fcy\u00fck\u015fehir Belediyesi, \u00f6nceki d\u00f6nemlerde deniz turizmini geli\u015ftirmek amac\u0131yla sat\u0131n al\u0131nan ve uzun s\u00fcredir kullan\u0131lmayan ABB Olimpos ve ABB Termessos isimli iki deniz otob\u00fcs\u00fcn\u00fcn sat\u0131\u015f\u0131na y\u00f6nelik ihale d\u00fczenledi. \u0130haleye kat\u0131l\u0131mc\u0131 olmamas\u0131 nedeniyle deniz otob\u00fcslerinin sat\u0131\u015f\u0131 ger\u00e7ekle\u015ftirilemedi. 42 yolcu kapasitesine sahip, her biri 16 metre boyunda, 4 metre geni\u015fli\u011finde ve 25,79 groston a\u011f\u0131rl\u0131\u011f\u0131ndaki deniz otob\u00fcsleri, 2009 y\u0131l\u0131nda Antalya B\u00fcy\u00fck\u015fehir Belediyesi taraf\u0131ndan deniz turizmini canland\u0131rmak amac\u0131yla yapt\u0131r\u0131l\u0131p faaliyete ge\u00e7ti. Kalei\u00e7i Yat Liman\u0131 ile Kemer Marina aras\u0131nda sefer yapan deniz otob\u00fcsleri, Akdeniz&#8217;in k\u0131\u015f sezonundaki sert hava ko\u015fullar\u0131 nedeniyle y\u0131l boyunca aktif faaliyet g\u00f6steremedi\u011fi i\u00e7in 2019 y\u0131l\u0131nda kullan\u0131mdan kald\u0131r\u0131ld\u0131. \u0130lk kez 2021 y\u0131l\u0131nda ihale ile sat\u0131\u015fa \u00e7\u0131kar\u0131lan deniz otob\u00fcslerine herhangi bir teklif gelmemesi \u00fczerine yeni bir ihale d\u00fczenlendi. B\u00fcy\u00fck\u015fehir Belediyesinde ger\u00e7ekle\u015ftirilen ihalede, her bir deniz otob\u00fcs\u00fcn\u00fcn ba\u015flang\u0131\u00e7 sat\u0131\u015f fiyat\u0131 10 milyon TL olarak belirlendi. \u0130hale s\u00fcrecine kat\u0131l\u0131m olmamas\u0131 nedeniyle deniz otob\u00fcsleri al\u0131c\u0131 bulamad\u0131. \u0130halenin devam s\u00fcreci ile ilgili bilgi verilmedi. Kaynak: www.kanalv.com.tr Haber Sitesinden Al\u0131nm\u0131\u015ft\u0131r.<\/p>","protected":false},"author":0,"featured_media":21453,"comment_status":"open","ping_status":"open","sticky":false,"template":"","format":"standard","meta":{"_acf_changed":false,"footnotes":""},"categories":[26,535],"tags":[],"class_list":["post-21452","post","type-post","status-publish","format-standard","has-post-thumbnail","hentry","category-antalya","category-uncategorized-tr"],"acf":[],"yoast_head":"<!-- This site is optimized with the Yoast SEO Premium plugin v26.6 (Yoast SEO v27.1.1) - https:\/\/yoast.com\/product\/yoast-seo-premium-wordpress\/ -->\n<title>Deniz otob\u00fcslerine al\u0131c\u0131 \u00e7\u0131kmad\u0131 - Av. Deniz Can K\u0131z\u0131l<\/title>\n<meta name=\"robots\" content=\"index, follow, max-snippet:-1, max-image-preview:large, max-video-preview:-1\" \/>\n<link rel=\"canonical\" href=\"https:\/\/denizcankizil.tr\/en\/haberler\/antalya\/deniz-otobuslerine-alici-cikmadi\/\" \/>\n<meta property=\"og:locale\" content=\"en_GB\" \/>\n<meta property=\"og:type\" content=\"article\" \/>\n<meta property=\"og:title\" content=\"Deniz otob\u00fcslerine al\u0131c\u0131 \u00e7\u0131kmad\u0131\" \/>\n<meta property=\"og:description\" content=\"Antalya B\u00fcy\u00fck\u015fehir Belediyesi, \u00f6nceki d\u00f6nemlerde deniz turizmini geli\u015ftirmek amac\u0131yla sat\u0131n al\u0131nan ve uzun s\u00fcredir kullan\u0131lmayan ABB Olimpos ve ABB Termessos isimli iki deniz otob\u00fcs\u00fcn\u00fcn sat\u0131\u015f\u0131na y\u00f6nelik ihale d\u00fczenledi. \u0130haleye kat\u0131l\u0131mc\u0131 olmamas\u0131 nedeniyle deniz otob\u00fcslerinin sat\u0131\u015f\u0131 ger\u00e7ekle\u015ftirilemedi. 42 yolcu kapasitesine sahip, her biri 16 metre boyunda, 4 metre geni\u015fli\u011finde ve 25,79 groston a\u011f\u0131rl\u0131\u011f\u0131ndaki deniz otob\u00fcsleri, 2009 y\u0131l\u0131nda Antalya B\u00fcy\u00fck\u015fehir Belediyesi taraf\u0131ndan deniz turizmini canland\u0131rmak amac\u0131yla yapt\u0131r\u0131l\u0131p faaliyete ge\u00e7ti. Kalei\u00e7i Yat Liman\u0131 ile Kemer Marina aras\u0131nda sefer yapan deniz otob\u00fcsleri, Akdeniz&#8217;in k\u0131\u015f sezonundaki sert hava ko\u015fullar\u0131 nedeniyle y\u0131l boyunca aktif faaliyet g\u00f6steremedi\u011fi i\u00e7in 2019 y\u0131l\u0131nda kullan\u0131mdan kald\u0131r\u0131ld\u0131. \u0130lk kez 2021 y\u0131l\u0131nda ihale ile sat\u0131\u015fa \u00e7\u0131kar\u0131lan deniz otob\u00fcslerine herhangi bir teklif gelmemesi \u00fczerine yeni bir ihale d\u00fczenlendi. B\u00fcy\u00fck\u015fehir Belediyesinde ger\u00e7ekle\u015ftirilen ihalede, her bir deniz otob\u00fcs\u00fcn\u00fcn ba\u015flang\u0131\u00e7 sat\u0131\u015f fiyat\u0131 10 milyon TL olarak belirlendi. \u0130hale s\u00fcrecine kat\u0131l\u0131m olmamas\u0131 nedeniyle deniz otob\u00fcsleri al\u0131c\u0131 bulamad\u0131. \u0130halenin devam s\u00fcreci ile ilgili bilgi verilmedi. Kaynak: www.kanalv.com.tr Haber Sitesinden Al\u0131nm\u0131\u015ft\u0131r.\" \/>\n<meta property=\"og:url\" content=\"https:\/\/denizcankizil.tr\/en\/haberler\/antalya\/deniz-otobuslerine-alici-cikmadi\/\" \/>\n<meta property=\"og:site_name\" content=\"Av. Deniz Can K\u0131z\u0131l\" \/>\n<meta property=\"article:published_time\" content=\"2024-12-20T07:42:00+00:00\" \/>\n<meta property=\"og:image\" content=\"https:\/\/denizcankizil.tr\/wp-content\/uploads\/2024\/12\/3685-01-jfTU1R.jpeg\" \/>\n\t<meta property=\"og:image:width\" content=\"1280\" \/>\n\t<meta property=\"og:image:height\" content=\"720\" \/>\n\t<meta property=\"og:image:type\" content=\"image\/jpeg\" \/>\n<meta name=\"twitter:card\" content=\"summary_large_image\" \/>\n<meta name=\"twitter:label1\" content=\"Estimated reading time\" \/>\n\t<meta name=\"twitter:data1\" content=\"1 minute\" \/>\n<script type=\"application\/ld+json\" class=\"yoast-schema-graph\">{\"@context\":\"https:\/\/schema.org\",\"@graph\":[{\"@type\":\"Article\",\"@id\":\"https:\/\/denizcankizil.tr\/en\/haberler\/antalya\/deniz-otobuslerine-alici-cikmadi\/#article\",\"isPartOf\":{\"@id\":\"https:\/\/denizcankizil.tr\/en\/haberler\/antalya\/deniz-otobuslerine-alici-cikmadi\/\"},\"author\":{\"name\":\"\",\"@id\":\"\"},\"headline\":\"Deniz otob\u00fcslerine al\u0131c\u0131 \u00e7\u0131kmad\u0131\",\"datePublished\":\"2024-12-20T07:42:00+00:00\",\"mainEntityOfPage\":{\"@id\":\"https:\/\/denizcankizil.tr\/en\/haberler\/antalya\/deniz-otobuslerine-alici-cikmadi\/\"},\"wordCount\":228,\"commentCount\":0,\"publisher\":{\"@id\":\"https:\/\/denizcankizil.tr\/de\/#organization\"},\"image\":{\"@id\":\"https:\/\/denizcankizil.tr\/en\/haberler\/antalya\/deniz-otobuslerine-alici-cikmadi\/#primaryimage\"},\"thumbnailUrl\":\"https:\/\/denizcankizil.tr\/wp-content\/uploads\/2024\/12\/3685-01-jfTU1R.jpeg\",\"articleSection\":[\"Antalya\",\"Uncategorized\"],\"inLanguage\":\"en-GB\",\"potentialAction\":[{\"@type\":\"CommentAction\",\"name\":\"Comment\",\"target\":[\"https:\/\/denizcankizil.tr\/en\/haberler\/antalya\/deniz-otobuslerine-alici-cikmadi\/#respond\"]}]},{\"@type\":\"WebPage\",\"@id\":\"https:\/\/denizcankizil.tr\/en\/haberler\/antalya\/deniz-otobuslerine-alici-cikmadi\/\",\"url\":\"https:\/\/denizcankizil.tr\/en\/haberler\/antalya\/deniz-otobuslerine-alici-cikmadi\/\",\"name\":\"Deniz otob\u00fcslerine al\u0131c\u0131 \u00e7\u0131kmad\u0131 - Av. Deniz Can K\u0131z\u0131l\",\"isPartOf\":{\"@id\":\"https:\/\/denizcankizil.tr\/de\/#website\"},\"primaryImageOfPage\":{\"@id\":\"https:\/\/denizcankizil.tr\/en\/haberler\/antalya\/deniz-otobuslerine-alici-cikmadi\/#primaryimage\"},\"image\":{\"@id\":\"https:\/\/denizcankizil.tr\/en\/haberler\/antalya\/deniz-otobuslerine-alici-cikmadi\/#primaryimage\"},\"thumbnailUrl\":\"https:\/\/denizcankizil.tr\/wp-content\/uploads\/2024\/12\/3685-01-jfTU1R.jpeg\",\"datePublished\":\"2024-12-20T07:42:00+00:00\",\"breadcrumb\":{\"@id\":\"https:\/\/denizcankizil.tr\/en\/haberler\/antalya\/deniz-otobuslerine-alici-cikmadi\/#breadcrumb\"},\"inLanguage\":\"en-GB\",\"potentialAction\":[{\"@type\":\"ReadAction\",\"target\":[\"https:\/\/denizcankizil.tr\/en\/haberler\/antalya\/deniz-otobuslerine-alici-cikmadi\/\"]}]},{\"@type\":\"ImageObject\",\"inLanguage\":\"en-GB\",\"@id\":\"https:\/\/denizcankizil.tr\/en\/haberler\/antalya\/deniz-otobuslerine-alici-cikmadi\/#primaryimage\",\"url\":\"https:\/\/denizcankizil.tr\/wp-content\/uploads\/2024\/12\/3685-01-jfTU1R.jpeg\",\"contentUrl\":\"https:\/\/denizcankizil.tr\/wp-content\/uploads\/2024\/12\/3685-01-jfTU1R.jpeg\",\"width\":1280,\"height\":720},{\"@type\":\"BreadcrumbList\",\"@id\":\"https:\/\/denizcankizil.tr\/en\/haberler\/antalya\/deniz-otobuslerine-alici-cikmadi\/#breadcrumb\",\"itemListElement\":[{\"@type\":\"ListItem\",\"position\":1,\"name\":\"Home\",\"item\":\"https:\/\/denizcankizil.tr\/de\/\"},{\"@type\":\"ListItem\",\"position\":2,\"name\":\"Deniz otob\u00fcslerine al\u0131c\u0131 \u00e7\u0131kmad\u0131\"}]},{\"@type\":\"WebSite\",\"@id\":\"https:\/\/denizcankizil.tr\/de\/#website\",\"url\":\"https:\/\/denizcankizil.tr\/de\/\",\"name\":\"Av. Deniz Can K\u0131z\u0131l\",\"description\":\"Avukat Deniz Can K\u0131z\u0131l Antalya Barosu\",\"publisher\":{\"@id\":\"https:\/\/denizcankizil.tr\/de\/#organization\"},\"potentialAction\":[{\"@type\":\"SearchAction\",\"target\":{\"@type\":\"EntryPoint\",\"urlTemplate\":\"https:\/\/denizcankizil.tr\/de\/?s={search_term_string}\"},\"query-input\":{\"@type\":\"PropertyValueSpecification\",\"valueRequired\":true,\"valueName\":\"search_term_string\"}}],\"inLanguage\":\"en-GB\"},{\"@type\":\"Organization\",\"@id\":\"https:\/\/denizcankizil.tr\/de\/#organization\",\"name\":\"Av. Deniz Can K\u0131z\u0131l\",\"url\":\"https:\/\/denizcankizil.tr\/de\/\",\"logo\":{\"@type\":\"ImageObject\",\"inLanguage\":\"en-GB\",\"@id\":\"https:\/\/denizcankizil.tr\/de\/#\/schema\/logo\/image\/\",\"url\":\"https:\/\/denizcankizil.tr\/wp-content\/uploads\/2024\/10\/siyah-logo-svg.svg\",\"contentUrl\":\"https:\/\/denizcankizil.tr\/wp-content\/uploads\/2024\/10\/siyah-logo-svg.svg\",\"width\":1080,\"height\":1080,\"caption\":\"Av. Deniz Can K\u0131z\u0131l\"},\"image\":{\"@id\":\"https:\/\/denizcankizil.tr\/de\/#\/schema\/logo\/image\/\"}}]}<\/script>\n<!-- \/ Yoast SEO Premium plugin. -->","yoast_head_json":{"title":"Deniz otob\u00fcslerine al\u0131c\u0131 \u00e7\u0131kmad\u0131 - Av. Deniz Can K\u0131z\u0131l","robots":{"index":"index","follow":"follow","max-snippet":"max-snippet:-1","max-image-preview":"max-image-preview:large","max-video-preview":"max-video-preview:-1"},"canonical":"https:\/\/denizcankizil.tr\/en\/haberler\/antalya\/deniz-otobuslerine-alici-cikmadi\/","og_locale":"en_GB","og_type":"article","og_title":"Deniz otob\u00fcslerine al\u0131c\u0131 \u00e7\u0131kmad\u0131","og_description":"Antalya B\u00fcy\u00fck\u015fehir Belediyesi, \u00f6nceki d\u00f6nemlerde deniz turizmini geli\u015ftirmek amac\u0131yla sat\u0131n al\u0131nan ve uzun s\u00fcredir kullan\u0131lmayan ABB Olimpos ve ABB Termessos isimli iki deniz otob\u00fcs\u00fcn\u00fcn sat\u0131\u015f\u0131na y\u00f6nelik ihale d\u00fczenledi. \u0130haleye kat\u0131l\u0131mc\u0131 olmamas\u0131 nedeniyle deniz otob\u00fcslerinin sat\u0131\u015f\u0131 ger\u00e7ekle\u015ftirilemedi. 42 yolcu kapasitesine sahip, her biri 16 metre boyunda, 4 metre geni\u015fli\u011finde ve 25,79 groston a\u011f\u0131rl\u0131\u011f\u0131ndaki deniz otob\u00fcsleri, 2009 y\u0131l\u0131nda Antalya B\u00fcy\u00fck\u015fehir Belediyesi taraf\u0131ndan deniz turizmini canland\u0131rmak amac\u0131yla yapt\u0131r\u0131l\u0131p faaliyete ge\u00e7ti. Kalei\u00e7i Yat Liman\u0131 ile Kemer Marina aras\u0131nda sefer yapan deniz otob\u00fcsleri, Akdeniz&#8217;in k\u0131\u015f sezonundaki sert hava ko\u015fullar\u0131 nedeniyle y\u0131l boyunca aktif faaliyet g\u00f6steremedi\u011fi i\u00e7in 2019 y\u0131l\u0131nda kullan\u0131mdan kald\u0131r\u0131ld\u0131. \u0130lk kez 2021 y\u0131l\u0131nda ihale ile sat\u0131\u015fa \u00e7\u0131kar\u0131lan deniz otob\u00fcslerine herhangi bir teklif gelmemesi \u00fczerine yeni bir ihale d\u00fczenlendi. B\u00fcy\u00fck\u015fehir Belediyesinde ger\u00e7ekle\u015ftirilen ihalede, her bir deniz otob\u00fcs\u00fcn\u00fcn ba\u015flang\u0131\u00e7 sat\u0131\u015f fiyat\u0131 10 milyon TL olarak belirlendi. \u0130hale s\u00fcrecine kat\u0131l\u0131m olmamas\u0131 nedeniyle deniz otob\u00fcsleri al\u0131c\u0131 bulamad\u0131. \u0130halenin devam s\u00fcreci ile ilgili bilgi verilmedi. Kaynak: www.kanalv.com.tr Haber Sitesinden Al\u0131nm\u0131\u015ft\u0131r.","og_url":"https:\/\/denizcankizil.tr\/en\/haberler\/antalya\/deniz-otobuslerine-alici-cikmadi\/","og_site_name":"Av. Deniz Can K\u0131z\u0131l","article_published_time":"2024-12-20T07:42:00+00:00","og_image":[{"width":1280,"height":720,"url":"https:\/\/denizcankizil.tr\/wp-content\/uploads\/2024\/12\/3685-01-jfTU1R.jpeg","type":"image\/jpeg"}],"twitter_card":"summary_large_image","twitter_misc":{"Estimated reading time":"1 minute"},"schema":{"@context":"https:\/\/schema.org","@graph":[{"@type":"Article","@id":"https:\/\/denizcankizil.tr\/en\/haberler\/antalya\/deniz-otobuslerine-alici-cikmadi\/#article","isPartOf":{"@id":"https:\/\/denizcankizil.tr\/en\/haberler\/antalya\/deniz-otobuslerine-alici-cikmadi\/"},"author":{"name":"","@id":""},"headline":"Deniz otob\u00fcslerine al\u0131c\u0131 \u00e7\u0131kmad\u0131","datePublished":"2024-12-20T07:42:00+00:00","mainEntityOfPage":{"@id":"https:\/\/denizcankizil.tr\/en\/haberler\/antalya\/deniz-otobuslerine-alici-cikmadi\/"},"wordCount":228,"commentCount":0,"publisher":{"@id":"https:\/\/denizcankizil.tr\/de\/#organization"},"image":{"@id":"https:\/\/denizcankizil.tr\/en\/haberler\/antalya\/deniz-otobuslerine-alici-cikmadi\/#primaryimage"},"thumbnailUrl":"https:\/\/denizcankizil.tr\/wp-content\/uploads\/2024\/12\/3685-01-jfTU1R.jpeg","articleSection":["Antalya","Uncategorized"],"inLanguage":"en-GB","potentialAction":[{"@type":"CommentAction","name":"Comment","target":["https:\/\/denizcankizil.tr\/en\/haberler\/antalya\/deniz-otobuslerine-alici-cikmadi\/#respond"]}]},{"@type":"WebPage","@id":"https:\/\/denizcankizil.tr\/en\/haberler\/antalya\/deniz-otobuslerine-alici-cikmadi\/","url":"https:\/\/denizcankizil.tr\/en\/haberler\/antalya\/deniz-otobuslerine-alici-cikmadi\/","name":"Deniz otob\u00fcslerine al\u0131c\u0131 \u00e7\u0131kmad\u0131 - Av. Deniz Can K\u0131z\u0131l","isPartOf":{"@id":"https:\/\/denizcankizil.tr\/de\/#website"},"primaryImageOfPage":{"@id":"https:\/\/denizcankizil.tr\/en\/haberler\/antalya\/deniz-otobuslerine-alici-cikmadi\/#primaryimage"},"image":{"@id":"https:\/\/denizcankizil.tr\/en\/haberler\/antalya\/deniz-otobuslerine-alici-cikmadi\/#primaryimage"},"thumbnailUrl":"https:\/\/denizcankizil.tr\/wp-content\/uploads\/2024\/12\/3685-01-jfTU1R.jpeg","datePublished":"2024-12-20T07:42:00+00:00","breadcrumb":{"@id":"https:\/\/denizcankizil.tr\/en\/haberler\/antalya\/deniz-otobuslerine-alici-cikmadi\/#breadcrumb"},"inLanguage":"en-GB","potentialAction":[{"@type":"ReadAction","target":["https:\/\/denizcankizil.tr\/en\/haberler\/antalya\/deniz-otobuslerine-alici-cikmadi\/"]}]},{"@type":"ImageObject","inLanguage":"en-GB","@id":"https:\/\/denizcankizil.tr\/en\/haberler\/antalya\/deniz-otobuslerine-alici-cikmadi\/#primaryimage","url":"https:\/\/denizcankizil.tr\/wp-content\/uploads\/2024\/12\/3685-01-jfTU1R.jpeg","contentUrl":"https:\/\/denizcankizil.tr\/wp-content\/uploads\/2024\/12\/3685-01-jfTU1R.jpeg","width":1280,"height":720},{"@type":"BreadcrumbList","@id":"https:\/\/denizcankizil.tr\/en\/haberler\/antalya\/deniz-otobuslerine-alici-cikmadi\/#breadcrumb","itemListElement":[{"@type":"ListItem","position":1,"name":"Home","item":"https:\/\/denizcankizil.tr\/de\/"},{"@type":"ListItem","position":2,"name":"Deniz otob\u00fcslerine al\u0131c\u0131 \u00e7\u0131kmad\u0131"}]},{"@type":"WebSite","@id":"https:\/\/denizcankizil.tr\/de\/#website","url":"https:\/\/denizcankizil.tr\/de\/","name":"Av. Deniz Can K\u0131z\u0131l","description":"Avukat Deniz Can K\u0131z\u0131l Antalya Barosu","publisher":{"@id":"https:\/\/denizcankizil.tr\/de\/#organization"},"potentialAction":[{"@type":"SearchAction","target":{"@type":"EntryPoint","urlTemplate":"https:\/\/denizcankizil.tr\/de\/?s={search_term_string}"},"query-input":{"@type":"PropertyValueSpecification","valueRequired":true,"valueName":"search_term_string"}}],"inLanguage":"en-GB"},{"@type":"Organization","@id":"https:\/\/denizcankizil.tr\/de\/#organization","name":"Av. Deniz Can K\u0131z\u0131l","url":"https:\/\/denizcankizil.tr\/de\/","logo":{"@type":"ImageObject","inLanguage":"en-GB","@id":"https:\/\/denizcankizil.tr\/de\/#\/schema\/logo\/image\/","url":"https:\/\/denizcankizil.tr\/wp-content\/uploads\/2024\/10\/siyah-logo-svg.svg","contentUrl":"https:\/\/denizcankizil.tr\/wp-content\/uploads\/2024\/10\/siyah-logo-svg.svg","width":1080,"height":1080,"caption":"Av. Deniz Can K\u0131z\u0131l"},"image":{"@id":"https:\/\/denizcankizil.tr\/de\/#\/schema\/logo\/image\/"}}]}},"_links":{"self":[{"href":"https:\/\/denizcankizil.tr\/en\/wp-json\/wp\/v2\/posts\/21452","targetHints":{"allow":["GET"]}}],"collection":[{"href":"https:\/\/denizcankizil.tr\/en\/wp-json\/wp\/v2\/posts"}],"about":[{"href":"https:\/\/denizcankizil.tr\/en\/wp-json\/wp\/v2\/types\/post"}],"replies":[{"embeddable":true,"href":"https:\/\/denizcankizil.tr\/en\/wp-json\/wp\/v2\/comments?post=21452"}],"version-history":[{"count":0,"href":"https:\/\/denizcankizil.tr\/en\/wp-json\/wp\/v2\/posts\/21452\/revisions"}],"wp:featuredmedia":[{"embeddable":true,"href":"https:\/\/denizcankizil.tr\/en\/wp-json\/wp\/v2\/media\/21453"}],"wp:attachment":[{"href":"https:\/\/denizcankizil.tr\/en\/wp-json\/wp\/v2\/media?parent=21452"}],"wp:term":[{"taxonomy":"category","embeddable":true,"href":"https:\/\/denizcankizil.tr\/en\/wp-json\/wp\/v2\/categories?post=21452"},{"taxonomy":"post_tag","embeddable":true,"href":"https:\/\/denizcankizil.tr\/en\/wp-json\/wp\/v2\/tags?post=21452"}],"curies":[{"name":"wp","href":"https:\/\/api.w.org\/{rel}","templated":true}]}}