{"id":21409,"date":"2024-12-19T17:41:24","date_gmt":"2024-12-19T14:41:24","guid":{"rendered":"https:\/\/denizcankizil.tr\/uncategorized-tr\/basarili-oyuncu-demet-evgar-3-tarimda-pozitif-gelecek-sempozyumuna-katildi\/"},"modified":"2024-12-19T17:41:24","modified_gmt":"2024-12-19T14:41:24","slug":"basarili-oyuncu-demet-evgar-3-tarimda-pozitif-gelecek-sempozyumuna-katildi","status":"publish","type":"post","link":"https:\/\/denizcankizil.tr\/en\/haberler\/gundem\/basarili-oyuncu-demet-evgar-3-tarimda-pozitif-gelecek-sempozyumuna-katildi\/","title":{"rendered":"Ba\u015far\u0131l\u0131 Oyuncu Demet Evgar, 3. Tar\u0131mda Pozitif Gelecek Sempozyumu\u2019na Kat\u0131ld\u0131"},"content":{"rendered":"<p>PepsiCo ve S\u00fcrd\u00fcr\u00fclebilirlik Akademisi taraf\u0131ndan d\u00fczenlenen 3. Tar\u0131mda Pozitif Gelecek Sempozyumu, \u00fcnl\u00fc oyuncu Demet Evgar\u2019\u0131 a\u011f\u0131rlad\u0131.<\/p>\n<p>\u200bPepsiCo ve S\u00fcrd\u00fcr\u00fclebilirlik Akademisi taraf\u0131ndan d\u00fczenlenen 3. Tar\u0131mda Pozitif Gelecek Sempozyumu, \u00fcnl\u00fc oyuncu Demet Evgar\u2019\u0131 a\u011f\u0131rlad\u0131.\u00a0<\/p>\n<p>\u200bHaberin Al\u0131nt\u0131land\u0131\u011f\u0131 Kaynak: www.iskenderun.org<\/p>","protected":false},"excerpt":{"rendered":"<p>PepsiCo ve S\u00fcrd\u00fcr\u00fclebilirlik Akademisi taraf\u0131ndan d\u00fczenlenen 3. Tar\u0131mda Pozitif Gelecek Sempozyumu, \u00fcnl\u00fc oyuncu Demet Evgar\u2019\u0131 a\u011f\u0131rlad\u0131. \u200bPepsiCo ve S\u00fcrd\u00fcr\u00fclebilirlik Akademisi taraf\u0131ndan d\u00fczenlenen 3. Tar\u0131mda Pozitif Gelecek Sempozyumu, \u00fcnl\u00fc oyuncu Demet Evgar\u2019\u0131 a\u011f\u0131rlad\u0131.\u00a0 \u200bHaberin Al\u0131nt\u0131land\u0131\u011f\u0131 Kaynak: www.iskenderun.org<\/p>","protected":false},"author":0,"featured_media":0,"comment_status":"open","ping_status":"open","sticky":false,"template":"","format":"standard","meta":{"_acf_changed":false,"footnotes":""},"categories":[24,535],"tags":[],"class_list":["post-21409","post","type-post","status-publish","format-standard","has-post-thumbnail","hentry","category-gundem","category-uncategorized-tr"],"acf":[],"yoast_head":"<!-- This site is optimized with the Yoast SEO Premium plugin v26.6 (Yoast SEO v27.1.1) - https:\/\/yoast.com\/product\/yoast-seo-premium-wordpress\/ -->\n<title>Ba\u015far\u0131l\u0131 Oyuncu Demet Evgar, 3. Tar\u0131mda Pozitif Gelecek Sempozyumu\u2019na Kat\u0131ld\u0131 - Av. Deniz Can K\u0131z\u0131l<\/title>\n<meta name=\"robots\" content=\"index, follow, max-snippet:-1, max-image-preview:large, max-video-preview:-1\" \/>\n<link rel=\"canonical\" href=\"https:\/\/denizcankizil.tr\/en\/haberler\/gundem\/basarili-oyuncu-demet-evgar-3-tarimda-pozitif-gelecek-sempozyumuna-katildi\/\" \/>\n<meta property=\"og:locale\" content=\"en_GB\" \/>\n<meta property=\"og:type\" content=\"article\" \/>\n<meta property=\"og:title\" content=\"Ba\u015far\u0131l\u0131 Oyuncu Demet Evgar, 3. Tar\u0131mda Pozitif Gelecek Sempozyumu\u2019na Kat\u0131ld\u0131\" \/>\n<meta property=\"og:description\" content=\"PepsiCo ve S\u00fcrd\u00fcr\u00fclebilirlik Akademisi taraf\u0131ndan d\u00fczenlenen 3. Tar\u0131mda Pozitif Gelecek Sempozyumu, \u00fcnl\u00fc oyuncu Demet Evgar\u2019\u0131 a\u011f\u0131rlad\u0131. \u200bPepsiCo ve S\u00fcrd\u00fcr\u00fclebilirlik Akademisi taraf\u0131ndan d\u00fczenlenen 3. Tar\u0131mda Pozitif Gelecek Sempozyumu, \u00fcnl\u00fc oyuncu Demet Evgar\u2019\u0131 a\u011f\u0131rlad\u0131.\u00a0 \u200bHaberin Al\u0131nt\u0131land\u0131\u011f\u0131 Kaynak: www.iskenderun.org\" \/>\n<meta property=\"og:url\" content=\"https:\/\/denizcankizil.tr\/en\/haberler\/gundem\/basarili-oyuncu-demet-evgar-3-tarimda-pozitif-gelecek-sempozyumuna-katildi\/\" \/>\n<meta property=\"og:site_name\" content=\"Av. Deniz Can K\u0131z\u0131l\" \/>\n<meta property=\"article:published_time\" content=\"2024-12-19T14:41:24+00:00\" \/>\n<meta name=\"twitter:card\" content=\"summary_large_image\" \/>\n<script type=\"application\/ld+json\" class=\"yoast-schema-graph\">{\"@context\":\"https:\/\/schema.org\",\"@graph\":[{\"@type\":\"Article\",\"@id\":\"https:\/\/denizcankizil.tr\/en\/haberler\/gundem\/basarili-oyuncu-demet-evgar-3-tarimda-pozitif-gelecek-sempozyumuna-katildi\/#article\",\"isPartOf\":{\"@id\":\"https:\/\/denizcankizil.tr\/en\/haberler\/gundem\/basarili-oyuncu-demet-evgar-3-tarimda-pozitif-gelecek-sempozyumuna-katildi\/\"},\"author\":{\"name\":\"\",\"@id\":\"\"},\"headline\":\"Ba\u015far\u0131l\u0131 Oyuncu Demet Evgar, 3. Tar\u0131mda Pozitif Gelecek Sempozyumu\u2019na Kat\u0131ld\u0131\",\"datePublished\":\"2024-12-19T14:41:24+00:00\",\"mainEntityOfPage\":{\"@id\":\"https:\/\/denizcankizil.tr\/en\/haberler\/gundem\/basarili-oyuncu-demet-evgar-3-tarimda-pozitif-gelecek-sempozyumuna-katildi\/\"},\"wordCount\":66,\"commentCount\":0,\"publisher\":{\"@id\":\"https:\/\/denizcankizil.tr\/de\/#organization\"},\"articleSection\":[\"G\u00fcndem\",\"Uncategorized\"],\"inLanguage\":\"en-GB\",\"potentialAction\":[{\"@type\":\"CommentAction\",\"name\":\"Comment\",\"target\":[\"https:\/\/denizcankizil.tr\/en\/haberler\/gundem\/basarili-oyuncu-demet-evgar-3-tarimda-pozitif-gelecek-sempozyumuna-katildi\/#respond\"]}]},{\"@type\":\"WebPage\",\"@id\":\"https:\/\/denizcankizil.tr\/en\/haberler\/gundem\/basarili-oyuncu-demet-evgar-3-tarimda-pozitif-gelecek-sempozyumuna-katildi\/\",\"url\":\"https:\/\/denizcankizil.tr\/en\/haberler\/gundem\/basarili-oyuncu-demet-evgar-3-tarimda-pozitif-gelecek-sempozyumuna-katildi\/\",\"name\":\"Ba\u015far\u0131l\u0131 Oyuncu Demet Evgar, 3. Tar\u0131mda Pozitif Gelecek Sempozyumu\u2019na Kat\u0131ld\u0131 - Av. Deniz Can K\u0131z\u0131l\",\"isPartOf\":{\"@id\":\"https:\/\/denizcankizil.tr\/de\/#website\"},\"datePublished\":\"2024-12-19T14:41:24+00:00\",\"breadcrumb\":{\"@id\":\"https:\/\/denizcankizil.tr\/en\/haberler\/gundem\/basarili-oyuncu-demet-evgar-3-tarimda-pozitif-gelecek-sempozyumuna-katildi\/#breadcrumb\"},\"inLanguage\":\"en-GB\",\"potentialAction\":[{\"@type\":\"ReadAction\",\"target\":[\"https:\/\/denizcankizil.tr\/en\/haberler\/gundem\/basarili-oyuncu-demet-evgar-3-tarimda-pozitif-gelecek-sempozyumuna-katildi\/\"]}]},{\"@type\":\"BreadcrumbList\",\"@id\":\"https:\/\/denizcankizil.tr\/en\/haberler\/gundem\/basarili-oyuncu-demet-evgar-3-tarimda-pozitif-gelecek-sempozyumuna-katildi\/#breadcrumb\",\"itemListElement\":[{\"@type\":\"ListItem\",\"position\":1,\"name\":\"Home\",\"item\":\"https:\/\/denizcankizil.tr\/de\/\"},{\"@type\":\"ListItem\",\"position\":2,\"name\":\"Ba\u015far\u0131l\u0131 Oyuncu Demet Evgar, 3. Tar\u0131mda Pozitif Gelecek Sempozyumu\u2019na Kat\u0131ld\u0131\"}]},{\"@type\":\"WebSite\",\"@id\":\"https:\/\/denizcankizil.tr\/de\/#website\",\"url\":\"https:\/\/denizcankizil.tr\/de\/\",\"name\":\"Av. Deniz Can K\u0131z\u0131l\",\"description\":\"Avukat Deniz Can K\u0131z\u0131l Antalya Barosu\",\"publisher\":{\"@id\":\"https:\/\/denizcankizil.tr\/de\/#organization\"},\"potentialAction\":[{\"@type\":\"SearchAction\",\"target\":{\"@type\":\"EntryPoint\",\"urlTemplate\":\"https:\/\/denizcankizil.tr\/de\/?s={search_term_string}\"},\"query-input\":{\"@type\":\"PropertyValueSpecification\",\"valueRequired\":true,\"valueName\":\"search_term_string\"}}],\"inLanguage\":\"en-GB\"},{\"@type\":\"Organization\",\"@id\":\"https:\/\/denizcankizil.tr\/de\/#organization\",\"name\":\"Av. Deniz Can K\u0131z\u0131l\",\"url\":\"https:\/\/denizcankizil.tr\/de\/\",\"logo\":{\"@type\":\"ImageObject\",\"inLanguage\":\"en-GB\",\"@id\":\"https:\/\/denizcankizil.tr\/de\/#\/schema\/logo\/image\/\",\"url\":\"https:\/\/denizcankizil.tr\/wp-content\/uploads\/2024\/10\/siyah-logo-svg.svg\",\"contentUrl\":\"https:\/\/denizcankizil.tr\/wp-content\/uploads\/2024\/10\/siyah-logo-svg.svg\",\"width\":1080,\"height\":1080,\"caption\":\"Av. Deniz Can K\u0131z\u0131l\"},\"image\":{\"@id\":\"https:\/\/denizcankizil.tr\/de\/#\/schema\/logo\/image\/\"}}]}<\/script>\n<!-- \/ Yoast SEO Premium plugin. -->","yoast_head_json":{"title":"Ba\u015far\u0131l\u0131 Oyuncu Demet Evgar, 3. Tar\u0131mda Pozitif Gelecek Sempozyumu\u2019na Kat\u0131ld\u0131 - Av. Deniz Can K\u0131z\u0131l","robots":{"index":"index","follow":"follow","max-snippet":"max-snippet:-1","max-image-preview":"max-image-preview:large","max-video-preview":"max-video-preview:-1"},"canonical":"https:\/\/denizcankizil.tr\/en\/haberler\/gundem\/basarili-oyuncu-demet-evgar-3-tarimda-pozitif-gelecek-sempozyumuna-katildi\/","og_locale":"en_GB","og_type":"article","og_title":"Ba\u015far\u0131l\u0131 Oyuncu Demet Evgar, 3. Tar\u0131mda Pozitif Gelecek Sempozyumu\u2019na Kat\u0131ld\u0131","og_description":"PepsiCo ve S\u00fcrd\u00fcr\u00fclebilirlik Akademisi taraf\u0131ndan d\u00fczenlenen 3. Tar\u0131mda Pozitif Gelecek Sempozyumu, \u00fcnl\u00fc oyuncu Demet Evgar\u2019\u0131 a\u011f\u0131rlad\u0131. \u200bPepsiCo ve S\u00fcrd\u00fcr\u00fclebilirlik Akademisi taraf\u0131ndan d\u00fczenlenen 3. Tar\u0131mda Pozitif Gelecek Sempozyumu, \u00fcnl\u00fc oyuncu Demet Evgar\u2019\u0131 a\u011f\u0131rlad\u0131.\u00a0 \u200bHaberin Al\u0131nt\u0131land\u0131\u011f\u0131 Kaynak: www.iskenderun.org","og_url":"https:\/\/denizcankizil.tr\/en\/haberler\/gundem\/basarili-oyuncu-demet-evgar-3-tarimda-pozitif-gelecek-sempozyumuna-katildi\/","og_site_name":"Av. Deniz Can K\u0131z\u0131l","article_published_time":"2024-12-19T14:41:24+00:00","twitter_card":"summary_large_image","schema":{"@context":"https:\/\/schema.org","@graph":[{"@type":"Article","@id":"https:\/\/denizcankizil.tr\/en\/haberler\/gundem\/basarili-oyuncu-demet-evgar-3-tarimda-pozitif-gelecek-sempozyumuna-katildi\/#article","isPartOf":{"@id":"https:\/\/denizcankizil.tr\/en\/haberler\/gundem\/basarili-oyuncu-demet-evgar-3-tarimda-pozitif-gelecek-sempozyumuna-katildi\/"},"author":{"name":"","@id":""},"headline":"Ba\u015far\u0131l\u0131 Oyuncu Demet Evgar, 3. Tar\u0131mda Pozitif Gelecek Sempozyumu\u2019na Kat\u0131ld\u0131","datePublished":"2024-12-19T14:41:24+00:00","mainEntityOfPage":{"@id":"https:\/\/denizcankizil.tr\/en\/haberler\/gundem\/basarili-oyuncu-demet-evgar-3-tarimda-pozitif-gelecek-sempozyumuna-katildi\/"},"wordCount":66,"commentCount":0,"publisher":{"@id":"https:\/\/denizcankizil.tr\/de\/#organization"},"articleSection":["G\u00fcndem","Uncategorized"],"inLanguage":"en-GB","potentialAction":[{"@type":"CommentAction","name":"Comment","target":["https:\/\/denizcankizil.tr\/en\/haberler\/gundem\/basarili-oyuncu-demet-evgar-3-tarimda-pozitif-gelecek-sempozyumuna-katildi\/#respond"]}]},{"@type":"WebPage","@id":"https:\/\/denizcankizil.tr\/en\/haberler\/gundem\/basarili-oyuncu-demet-evgar-3-tarimda-pozitif-gelecek-sempozyumuna-katildi\/","url":"https:\/\/denizcankizil.tr\/en\/haberler\/gundem\/basarili-oyuncu-demet-evgar-3-tarimda-pozitif-gelecek-sempozyumuna-katildi\/","name":"Ba\u015far\u0131l\u0131 Oyuncu Demet Evgar, 3. Tar\u0131mda Pozitif Gelecek Sempozyumu\u2019na Kat\u0131ld\u0131 - Av. Deniz Can K\u0131z\u0131l","isPartOf":{"@id":"https:\/\/denizcankizil.tr\/de\/#website"},"datePublished":"2024-12-19T14:41:24+00:00","breadcrumb":{"@id":"https:\/\/denizcankizil.tr\/en\/haberler\/gundem\/basarili-oyuncu-demet-evgar-3-tarimda-pozitif-gelecek-sempozyumuna-katildi\/#breadcrumb"},"inLanguage":"en-GB","potentialAction":[{"@type":"ReadAction","target":["https:\/\/denizcankizil.tr\/en\/haberler\/gundem\/basarili-oyuncu-demet-evgar-3-tarimda-pozitif-gelecek-sempozyumuna-katildi\/"]}]},{"@type":"BreadcrumbList","@id":"https:\/\/denizcankizil.tr\/en\/haberler\/gundem\/basarili-oyuncu-demet-evgar-3-tarimda-pozitif-gelecek-sempozyumuna-katildi\/#breadcrumb","itemListElement":[{"@type":"ListItem","position":1,"name":"Home","item":"https:\/\/denizcankizil.tr\/de\/"},{"@type":"ListItem","position":2,"name":"Ba\u015far\u0131l\u0131 Oyuncu Demet Evgar, 3. Tar\u0131mda Pozitif Gelecek Sempozyumu\u2019na Kat\u0131ld\u0131"}]},{"@type":"WebSite","@id":"https:\/\/denizcankizil.tr\/de\/#website","url":"https:\/\/denizcankizil.tr\/de\/","name":"Av. Deniz Can K\u0131z\u0131l","description":"Avukat Deniz Can K\u0131z\u0131l Antalya Barosu","publisher":{"@id":"https:\/\/denizcankizil.tr\/de\/#organization"},"potentialAction":[{"@type":"SearchAction","target":{"@type":"EntryPoint","urlTemplate":"https:\/\/denizcankizil.tr\/de\/?s={search_term_string}"},"query-input":{"@type":"PropertyValueSpecification","valueRequired":true,"valueName":"search_term_string"}}],"inLanguage":"en-GB"},{"@type":"Organization","@id":"https:\/\/denizcankizil.tr\/de\/#organization","name":"Av. Deniz Can K\u0131z\u0131l","url":"https:\/\/denizcankizil.tr\/de\/","logo":{"@type":"ImageObject","inLanguage":"en-GB","@id":"https:\/\/denizcankizil.tr\/de\/#\/schema\/logo\/image\/","url":"https:\/\/denizcankizil.tr\/wp-content\/uploads\/2024\/10\/siyah-logo-svg.svg","contentUrl":"https:\/\/denizcankizil.tr\/wp-content\/uploads\/2024\/10\/siyah-logo-svg.svg","width":1080,"height":1080,"caption":"Av. Deniz Can K\u0131z\u0131l"},"image":{"@id":"https:\/\/denizcankizil.tr\/de\/#\/schema\/logo\/image\/"}}]}},"_links":{"self":[{"href":"https:\/\/denizcankizil.tr\/en\/wp-json\/wp\/v2\/posts\/21409","targetHints":{"allow":["GET"]}}],"collection":[{"href":"https:\/\/denizcankizil.tr\/en\/wp-json\/wp\/v2\/posts"}],"about":[{"href":"https:\/\/denizcankizil.tr\/en\/wp-json\/wp\/v2\/types\/post"}],"replies":[{"embeddable":true,"href":"https:\/\/denizcankizil.tr\/en\/wp-json\/wp\/v2\/comments?post=21409"}],"version-history":[{"count":0,"href":"https:\/\/denizcankizil.tr\/en\/wp-json\/wp\/v2\/posts\/21409\/revisions"}],"wp:attachment":[{"href":"https:\/\/denizcankizil.tr\/en\/wp-json\/wp\/v2\/media?parent=21409"}],"wp:term":[{"taxonomy":"category","embeddable":true,"href":"https:\/\/denizcankizil.tr\/en\/wp-json\/wp\/v2\/categories?post=21409"},{"taxonomy":"post_tag","embeddable":true,"href":"https:\/\/denizcankizil.tr\/en\/wp-json\/wp\/v2\/tags?post=21409"}],"curies":[{"name":"wp","href":"https:\/\/api.w.org\/{rel}","templated":true}]}}