{"id":21399,"date":"2024-12-19T17:41:14","date_gmt":"2024-12-19T14:41:14","guid":{"rendered":"https:\/\/denizcankizil.tr\/uncategorized-tr\/ferdi-tayfurun-saglik-durumunda-yeni-gelisme\/"},"modified":"2024-12-19T17:41:14","modified_gmt":"2024-12-19T14:41:14","slug":"ferdi-tayfurun-saglik-durumunda-yeni-gelisme","status":"publish","type":"post","link":"https:\/\/denizcankizil.tr\/en\/haberler\/gundem\/ferdi-tayfurun-saglik-durumunda-yeni-gelisme\/","title":{"rendered":"Ferdi Tayfur&#8217;un sa\u011fl\u0131k durumunda yeni geli\u015fme!"},"content":{"rendered":"<p>Ge\u00e7ti\u011fimiz hafta evinde rahats\u0131zlanan Ferdi Tayfur, \u00e7al\u0131\u015fanlar\u0131 taraf\u0131ndan Mu\u011fla&#8217;daki \u00f6zel bir hastaneye g\u00f6t\u00fcr\u00fclm\u00fc\u015ft\u00fc. Tayfur, iki g\u00fcn \u00f6nce ambulans u\u00e7akla Antalya&#8217;ya sevk edildi ve ameliyata al\u0131nd\u0131. \u00d6zel bir hastanede tedavisi s\u00fcren sanat\u00e7\u0131 Ferdi Tayfur&#8217;un bas\u0131n dan\u0131\u015fman\u0131 ve ye\u011feni \u015eirin G\u00f6zal\u0131c\u0131, Tayfur&#8217;un son durumu hakk\u0131nda bilgilendirme yapan doktoru Nefroloji Uzman\u0131 Prof. Dr. Havva Asuman Yavuz&#8217;un a\u00e7\u0131klamalar\u0131n\u0131 sosyal medya hesab\u0131nda payla\u015ft\u0131.<\/p>\n<p>\u201cNABIZ D\u00dc\u015e\u00dcKL\u00dc\u011e\u00dc NEDEN\u0130YLE\u2026\u201d<\/p>\n<p>Prof. Dr. Havva Asuman Yavuz, Tayfur&#8217;un sa\u011fl\u0131k durumu hakk\u0131nda a\u00e7\u0131klamada bulundu. Tayfur&#8217;un sa\u011fl\u0131k durumunun iyi oldu\u011funu ifade eden Yavuz, &#8220;Ferdi Tayfur, ge\u00e7en hafta nab\u0131z d\u00fc\u015f\u00fckl\u00fc\u011f\u00fc nedeniyle acilen Mu\u011fla&#8217;da bir hastaneye kald\u0131r\u0131ld\u0131. Oradaki doktorlar \u00e7ok yard\u0131mc\u0131 oldular. Kendilerine te\u015fekk\u00fcr ediyorum. Ba\u015fhekim Sumur Bey ve Kardiyoloji Uzman\u0131 B\u00fclent Bey \u00e7ok ilgilendiler\u201d ifadelerini kulland\u0131.<\/p>\n<p>\u201cBEYN\u0130YLE \u0130LG\u0130L\u0130 SIKINTI YOK\u201d \u00a0<\/p>\n<p>E-nab\u0131z sayesinde Ferdi Tayfur\u2019un b\u00fct\u00fcn filmlerini g\u00f6rd\u00fc\u011f\u00fcn\u00fc kaydeden Yavuz, \u201cRadyolojinin son dakikada yorumlamas\u0131yla birlikte sin\u00fcslerde ho\u015fumuza gitmeyen bir g\u00f6r\u00fcnt\u00fc tespit ettik. O g\u00f6r\u00fcnt\u00fcye h\u0131zl\u0131ca m\u00fcdahale i\u00e7in askeri u\u00e7akla hastanemize getirildi. Burada kulak burun bo\u011faz hocas\u0131 taraf\u0131ndan m\u00fcdahale edildi ve temizlendi. \u015eu an hi\u00e7bir problem kalmad\u0131. Onunla ilgili destek antibiyotiklerini al\u0131yor. Kendisinin durumu iyi, beyniyle ilgili de hi\u00e7bir s\u0131k\u0131nt\u0131 yok. Allah daha da sa\u011fl\u0131k versin diyorum\u201d ifadelerini kulland\u0131.\u00a0<br \/>\n\u00a0<\/p>\n<p>\u200bGe\u00e7ti\u011fimiz g\u00fcnlerde rahats\u0131zlanarak Mu\u011fla\u2019dan Antalya\u2019ya sevk edilen, hastane sonu\u00e7lar\u0131 sonras\u0131 \u00f6zel hastanede ba\u015far\u0131l\u0131 bir operasyon ge\u00e7iren \u00fcnl\u00fc sanat\u00e7\u0131 Ferdi Tayfur\u2019un sa\u011fl\u0131k durumunun iyi oldu\u011fu belirtildi\u00a0<\/p>\n<p>\u200bHaberin Al\u0131nt\u0131land\u0131\u011f\u0131 Kaynak: www.antalyakorfez.com<\/p>","protected":false},"excerpt":{"rendered":"<p>Ge\u00e7ti\u011fimiz hafta evinde rahats\u0131zlanan Ferdi Tayfur, \u00e7al\u0131\u015fanlar\u0131 taraf\u0131ndan Mu\u011fla&#8217;daki \u00f6zel bir hastaneye g\u00f6t\u00fcr\u00fclm\u00fc\u015ft\u00fc. Tayfur, iki g\u00fcn \u00f6nce ambulans u\u00e7akla Antalya&#8217;ya sevk edildi ve ameliyata al\u0131nd\u0131. \u00d6zel bir hastanede tedavisi s\u00fcren sanat\u00e7\u0131 Ferdi Tayfur&#8217;un bas\u0131n dan\u0131\u015fman\u0131 ve ye\u011feni \u015eirin G\u00f6zal\u0131c\u0131, Tayfur&#8217;un son durumu hakk\u0131nda bilgilendirme yapan doktoru Nefroloji Uzman\u0131 Prof. Dr. Havva Asuman Yavuz&#8217;un a\u00e7\u0131klamalar\u0131n\u0131 sosyal medya hesab\u0131nda payla\u015ft\u0131. \u201cNABIZ D\u00dc\u015e\u00dcKL\u00dc\u011e\u00dc NEDEN\u0130YLE\u2026\u201d Prof. Dr. Havva Asuman Yavuz, Tayfur&#8217;un sa\u011fl\u0131k durumu hakk\u0131nda a\u00e7\u0131klamada bulundu. Tayfur&#8217;un sa\u011fl\u0131k durumunun iyi oldu\u011funu ifade eden Yavuz, &#8220;Ferdi Tayfur, ge\u00e7en hafta nab\u0131z d\u00fc\u015f\u00fckl\u00fc\u011f\u00fc nedeniyle acilen Mu\u011fla&#8217;da bir hastaneye kald\u0131r\u0131ld\u0131. Oradaki doktorlar \u00e7ok yard\u0131mc\u0131 oldular. Kendilerine te\u015fekk\u00fcr ediyorum. Ba\u015fhekim Sumur Bey ve Kardiyoloji Uzman\u0131 B\u00fclent Bey \u00e7ok ilgilendiler\u201d ifadelerini kulland\u0131. \u201cBEYN\u0130YLE \u0130LG\u0130L\u0130 SIKINTI YOK\u201d \u00a0 E-nab\u0131z sayesinde Ferdi Tayfur\u2019un b\u00fct\u00fcn filmlerini g\u00f6rd\u00fc\u011f\u00fcn\u00fc kaydeden Yavuz, \u201cRadyolojinin son dakikada yorumlamas\u0131yla birlikte sin\u00fcslerde ho\u015fumuza gitmeyen bir g\u00f6r\u00fcnt\u00fc tespit ettik. O g\u00f6r\u00fcnt\u00fcye h\u0131zl\u0131ca m\u00fcdahale i\u00e7in askeri u\u00e7akla hastanemize getirildi. Burada kulak burun bo\u011faz hocas\u0131 taraf\u0131ndan m\u00fcdahale edildi ve temizlendi. \u015eu an hi\u00e7bir problem kalmad\u0131. Onunla ilgili destek antibiyotiklerini al\u0131yor. Kendisinin durumu iyi, beyniyle ilgili de hi\u00e7bir s\u0131k\u0131nt\u0131 yok. Allah daha da sa\u011fl\u0131k versin diyorum\u201d ifadelerini kulland\u0131.\u00a0 \u00a0 \u200bGe\u00e7ti\u011fimiz g\u00fcnlerde rahats\u0131zlanarak Mu\u011fla\u2019dan Antalya\u2019ya sevk edilen, hastane sonu\u00e7lar\u0131 sonras\u0131 \u00f6zel hastanede ba\u015far\u0131l\u0131 bir operasyon &hellip;<\/p>","protected":false},"author":0,"featured_media":0,"comment_status":"open","ping_status":"open","sticky":false,"template":"","format":"standard","meta":{"_acf_changed":false,"footnotes":""},"categories":[24,535],"tags":[],"class_list":["post-21399","post","type-post","status-publish","format-standard","has-post-thumbnail","hentry","category-gundem","category-uncategorized-tr"],"acf":[],"yoast_head":"<!-- This site is optimized with the Yoast SEO Premium plugin v26.6 (Yoast SEO v27.1.1) - https:\/\/yoast.com\/product\/yoast-seo-premium-wordpress\/ -->\n<title>Ferdi Tayfur&#039;un sa\u011fl\u0131k durumunda yeni geli\u015fme! - Av. Deniz Can K\u0131z\u0131l<\/title>\n<meta name=\"robots\" content=\"index, follow, max-snippet:-1, max-image-preview:large, max-video-preview:-1\" \/>\n<link rel=\"canonical\" href=\"https:\/\/denizcankizil.tr\/en\/haberler\/gundem\/ferdi-tayfurun-saglik-durumunda-yeni-gelisme\/\" \/>\n<meta property=\"og:locale\" content=\"en_GB\" \/>\n<meta property=\"og:type\" content=\"article\" \/>\n<meta property=\"og:title\" content=\"Ferdi Tayfur&#039;un sa\u011fl\u0131k durumunda yeni geli\u015fme!\" \/>\n<meta property=\"og:description\" content=\"Ge\u00e7ti\u011fimiz hafta evinde rahats\u0131zlanan Ferdi Tayfur, \u00e7al\u0131\u015fanlar\u0131 taraf\u0131ndan Mu\u011fla&#8217;daki \u00f6zel bir hastaneye g\u00f6t\u00fcr\u00fclm\u00fc\u015ft\u00fc. Tayfur, iki g\u00fcn \u00f6nce ambulans u\u00e7akla Antalya&#8217;ya sevk edildi ve ameliyata al\u0131nd\u0131. \u00d6zel bir hastanede tedavisi s\u00fcren sanat\u00e7\u0131 Ferdi Tayfur&#8217;un bas\u0131n dan\u0131\u015fman\u0131 ve ye\u011feni \u015eirin G\u00f6zal\u0131c\u0131, Tayfur&#8217;un son durumu hakk\u0131nda bilgilendirme yapan doktoru Nefroloji Uzman\u0131 Prof. Dr. Havva Asuman Yavuz&#8217;un a\u00e7\u0131klamalar\u0131n\u0131 sosyal medya hesab\u0131nda payla\u015ft\u0131. \u201cNABIZ D\u00dc\u015e\u00dcKL\u00dc\u011e\u00dc NEDEN\u0130YLE\u2026\u201d Prof. Dr. Havva Asuman Yavuz, Tayfur&#8217;un sa\u011fl\u0131k durumu hakk\u0131nda a\u00e7\u0131klamada bulundu. Tayfur&#8217;un sa\u011fl\u0131k durumunun iyi oldu\u011funu ifade eden Yavuz, &#8220;Ferdi Tayfur, ge\u00e7en hafta nab\u0131z d\u00fc\u015f\u00fckl\u00fc\u011f\u00fc nedeniyle acilen Mu\u011fla&#8217;da bir hastaneye kald\u0131r\u0131ld\u0131. Oradaki doktorlar \u00e7ok yard\u0131mc\u0131 oldular. Kendilerine te\u015fekk\u00fcr ediyorum. Ba\u015fhekim Sumur Bey ve Kardiyoloji Uzman\u0131 B\u00fclent Bey \u00e7ok ilgilendiler\u201d ifadelerini kulland\u0131. \u201cBEYN\u0130YLE \u0130LG\u0130L\u0130 SIKINTI YOK\u201d \u00a0 E-nab\u0131z sayesinde Ferdi Tayfur\u2019un b\u00fct\u00fcn filmlerini g\u00f6rd\u00fc\u011f\u00fcn\u00fc kaydeden Yavuz, \u201cRadyolojinin son dakikada yorumlamas\u0131yla birlikte sin\u00fcslerde ho\u015fumuza gitmeyen bir g\u00f6r\u00fcnt\u00fc tespit ettik. O g\u00f6r\u00fcnt\u00fcye h\u0131zl\u0131ca m\u00fcdahale i\u00e7in askeri u\u00e7akla hastanemize getirildi. Burada kulak burun bo\u011faz hocas\u0131 taraf\u0131ndan m\u00fcdahale edildi ve temizlendi. \u015eu an hi\u00e7bir problem kalmad\u0131. Onunla ilgili destek antibiyotiklerini al\u0131yor. Kendisinin durumu iyi, beyniyle ilgili de hi\u00e7bir s\u0131k\u0131nt\u0131 yok. Allah daha da sa\u011fl\u0131k versin diyorum\u201d ifadelerini kulland\u0131.\u00a0 \u00a0 \u200bGe\u00e7ti\u011fimiz g\u00fcnlerde rahats\u0131zlanarak Mu\u011fla\u2019dan Antalya\u2019ya sevk edilen, hastane sonu\u00e7lar\u0131 sonras\u0131 \u00f6zel hastanede ba\u015far\u0131l\u0131 bir operasyon &hellip;\" \/>\n<meta property=\"og:url\" content=\"https:\/\/denizcankizil.tr\/en\/haberler\/gundem\/ferdi-tayfurun-saglik-durumunda-yeni-gelisme\/\" \/>\n<meta property=\"og:site_name\" content=\"Av. Deniz Can K\u0131z\u0131l\" \/>\n<meta property=\"article:published_time\" content=\"2024-12-19T14:41:14+00:00\" \/>\n<meta name=\"twitter:card\" content=\"summary_large_image\" \/>\n<meta name=\"twitter:label1\" content=\"Estimated reading time\" \/>\n\t<meta name=\"twitter:data1\" content=\"2 minutes\" \/>\n<script type=\"application\/ld+json\" class=\"yoast-schema-graph\">{\"@context\":\"https:\/\/schema.org\",\"@graph\":[{\"@type\":\"Article\",\"@id\":\"https:\/\/denizcankizil.tr\/en\/haberler\/gundem\/ferdi-tayfurun-saglik-durumunda-yeni-gelisme\/#article\",\"isPartOf\":{\"@id\":\"https:\/\/denizcankizil.tr\/en\/haberler\/gundem\/ferdi-tayfurun-saglik-durumunda-yeni-gelisme\/\"},\"author\":{\"name\":\"\",\"@id\":\"\"},\"headline\":\"Ferdi Tayfur&#8217;un sa\u011fl\u0131k durumunda yeni geli\u015fme!\",\"datePublished\":\"2024-12-19T14:41:14+00:00\",\"mainEntityOfPage\":{\"@id\":\"https:\/\/denizcankizil.tr\/en\/haberler\/gundem\/ferdi-tayfurun-saglik-durumunda-yeni-gelisme\/\"},\"wordCount\":324,\"commentCount\":0,\"publisher\":{\"@id\":\"https:\/\/denizcankizil.tr\/#organization\"},\"articleSection\":[\"G\u00fcndem\",\"Uncategorized\"],\"inLanguage\":\"en-GB\",\"potentialAction\":[{\"@type\":\"CommentAction\",\"name\":\"Comment\",\"target\":[\"https:\/\/denizcankizil.tr\/en\/haberler\/gundem\/ferdi-tayfurun-saglik-durumunda-yeni-gelisme\/#respond\"]}]},{\"@type\":\"WebPage\",\"@id\":\"https:\/\/denizcankizil.tr\/en\/haberler\/gundem\/ferdi-tayfurun-saglik-durumunda-yeni-gelisme\/\",\"url\":\"https:\/\/denizcankizil.tr\/en\/haberler\/gundem\/ferdi-tayfurun-saglik-durumunda-yeni-gelisme\/\",\"name\":\"Ferdi Tayfur'un sa\u011fl\u0131k durumunda yeni geli\u015fme! - Av. Deniz Can K\u0131z\u0131l\",\"isPartOf\":{\"@id\":\"https:\/\/denizcankizil.tr\/#website\"},\"datePublished\":\"2024-12-19T14:41:14+00:00\",\"breadcrumb\":{\"@id\":\"https:\/\/denizcankizil.tr\/en\/haberler\/gundem\/ferdi-tayfurun-saglik-durumunda-yeni-gelisme\/#breadcrumb\"},\"inLanguage\":\"en-GB\",\"potentialAction\":[{\"@type\":\"ReadAction\",\"target\":[\"https:\/\/denizcankizil.tr\/en\/haberler\/gundem\/ferdi-tayfurun-saglik-durumunda-yeni-gelisme\/\"]}]},{\"@type\":\"BreadcrumbList\",\"@id\":\"https:\/\/denizcankizil.tr\/en\/haberler\/gundem\/ferdi-tayfurun-saglik-durumunda-yeni-gelisme\/#breadcrumb\",\"itemListElement\":[{\"@type\":\"ListItem\",\"position\":1,\"name\":\"Home\",\"item\":\"https:\/\/denizcankizil.tr\/de\/\"},{\"@type\":\"ListItem\",\"position\":2,\"name\":\"Ferdi Tayfur&#8217;un sa\u011fl\u0131k durumunda yeni geli\u015fme!\"}]},{\"@type\":\"WebSite\",\"@id\":\"https:\/\/denizcankizil.tr\/#website\",\"url\":\"https:\/\/denizcankizil.tr\/\",\"name\":\"Av. Deniz Can K\u0131z\u0131l\",\"description\":\"Avukat Deniz Can K\u0131z\u0131l Antalya Barosu\",\"publisher\":{\"@id\":\"https:\/\/denizcankizil.tr\/#organization\"},\"potentialAction\":[{\"@type\":\"SearchAction\",\"target\":{\"@type\":\"EntryPoint\",\"urlTemplate\":\"https:\/\/denizcankizil.tr\/?s={search_term_string}\"},\"query-input\":{\"@type\":\"PropertyValueSpecification\",\"valueRequired\":true,\"valueName\":\"search_term_string\"}}],\"inLanguage\":\"en-GB\"},{\"@type\":\"Organization\",\"@id\":\"https:\/\/denizcankizil.tr\/#organization\",\"name\":\"Av. Deniz Can K\u0131z\u0131l\",\"url\":\"https:\/\/denizcankizil.tr\/\",\"logo\":{\"@type\":\"ImageObject\",\"inLanguage\":\"en-GB\",\"@id\":\"https:\/\/denizcankizil.tr\/#\/schema\/logo\/image\/\",\"url\":\"https:\/\/denizcankizil.tr\/wp-content\/uploads\/2024\/10\/siyah-logo-svg.svg\",\"contentUrl\":\"https:\/\/denizcankizil.tr\/wp-content\/uploads\/2024\/10\/siyah-logo-svg.svg\",\"width\":1080,\"height\":1080,\"caption\":\"Av. Deniz Can K\u0131z\u0131l\"},\"image\":{\"@id\":\"https:\/\/denizcankizil.tr\/#\/schema\/logo\/image\/\"}}]}<\/script>\n<!-- \/ Yoast SEO Premium plugin. -->","yoast_head_json":{"title":"Ferdi Tayfur'un sa\u011fl\u0131k durumunda yeni geli\u015fme! - Av. Deniz Can K\u0131z\u0131l","robots":{"index":"index","follow":"follow","max-snippet":"max-snippet:-1","max-image-preview":"max-image-preview:large","max-video-preview":"max-video-preview:-1"},"canonical":"https:\/\/denizcankizil.tr\/en\/haberler\/gundem\/ferdi-tayfurun-saglik-durumunda-yeni-gelisme\/","og_locale":"en_GB","og_type":"article","og_title":"Ferdi Tayfur'un sa\u011fl\u0131k durumunda yeni geli\u015fme!","og_description":"Ge\u00e7ti\u011fimiz hafta evinde rahats\u0131zlanan Ferdi Tayfur, \u00e7al\u0131\u015fanlar\u0131 taraf\u0131ndan Mu\u011fla&#8217;daki \u00f6zel bir hastaneye g\u00f6t\u00fcr\u00fclm\u00fc\u015ft\u00fc. Tayfur, iki g\u00fcn \u00f6nce ambulans u\u00e7akla Antalya&#8217;ya sevk edildi ve ameliyata al\u0131nd\u0131. \u00d6zel bir hastanede tedavisi s\u00fcren sanat\u00e7\u0131 Ferdi Tayfur&#8217;un bas\u0131n dan\u0131\u015fman\u0131 ve ye\u011feni \u015eirin G\u00f6zal\u0131c\u0131, Tayfur&#8217;un son durumu hakk\u0131nda bilgilendirme yapan doktoru Nefroloji Uzman\u0131 Prof. Dr. Havva Asuman Yavuz&#8217;un a\u00e7\u0131klamalar\u0131n\u0131 sosyal medya hesab\u0131nda payla\u015ft\u0131. \u201cNABIZ D\u00dc\u015e\u00dcKL\u00dc\u011e\u00dc NEDEN\u0130YLE\u2026\u201d Prof. Dr. Havva Asuman Yavuz, Tayfur&#8217;un sa\u011fl\u0131k durumu hakk\u0131nda a\u00e7\u0131klamada bulundu. Tayfur&#8217;un sa\u011fl\u0131k durumunun iyi oldu\u011funu ifade eden Yavuz, &#8220;Ferdi Tayfur, ge\u00e7en hafta nab\u0131z d\u00fc\u015f\u00fckl\u00fc\u011f\u00fc nedeniyle acilen Mu\u011fla&#8217;da bir hastaneye kald\u0131r\u0131ld\u0131. Oradaki doktorlar \u00e7ok yard\u0131mc\u0131 oldular. Kendilerine te\u015fekk\u00fcr ediyorum. Ba\u015fhekim Sumur Bey ve Kardiyoloji Uzman\u0131 B\u00fclent Bey \u00e7ok ilgilendiler\u201d ifadelerini kulland\u0131. \u201cBEYN\u0130YLE \u0130LG\u0130L\u0130 SIKINTI YOK\u201d \u00a0 E-nab\u0131z sayesinde Ferdi Tayfur\u2019un b\u00fct\u00fcn filmlerini g\u00f6rd\u00fc\u011f\u00fcn\u00fc kaydeden Yavuz, \u201cRadyolojinin son dakikada yorumlamas\u0131yla birlikte sin\u00fcslerde ho\u015fumuza gitmeyen bir g\u00f6r\u00fcnt\u00fc tespit ettik. O g\u00f6r\u00fcnt\u00fcye h\u0131zl\u0131ca m\u00fcdahale i\u00e7in askeri u\u00e7akla hastanemize getirildi. Burada kulak burun bo\u011faz hocas\u0131 taraf\u0131ndan m\u00fcdahale edildi ve temizlendi. \u015eu an hi\u00e7bir problem kalmad\u0131. Onunla ilgili destek antibiyotiklerini al\u0131yor. Kendisinin durumu iyi, beyniyle ilgili de hi\u00e7bir s\u0131k\u0131nt\u0131 yok. Allah daha da sa\u011fl\u0131k versin diyorum\u201d ifadelerini kulland\u0131.\u00a0 \u00a0 \u200bGe\u00e7ti\u011fimiz g\u00fcnlerde rahats\u0131zlanarak Mu\u011fla\u2019dan Antalya\u2019ya sevk edilen, hastane sonu\u00e7lar\u0131 sonras\u0131 \u00f6zel hastanede ba\u015far\u0131l\u0131 bir operasyon &hellip;","og_url":"https:\/\/denizcankizil.tr\/en\/haberler\/gundem\/ferdi-tayfurun-saglik-durumunda-yeni-gelisme\/","og_site_name":"Av. Deniz Can K\u0131z\u0131l","article_published_time":"2024-12-19T14:41:14+00:00","twitter_card":"summary_large_image","twitter_misc":{"Estimated reading time":"2 minutes"},"schema":{"@context":"https:\/\/schema.org","@graph":[{"@type":"Article","@id":"https:\/\/denizcankizil.tr\/en\/haberler\/gundem\/ferdi-tayfurun-saglik-durumunda-yeni-gelisme\/#article","isPartOf":{"@id":"https:\/\/denizcankizil.tr\/en\/haberler\/gundem\/ferdi-tayfurun-saglik-durumunda-yeni-gelisme\/"},"author":{"name":"","@id":""},"headline":"Ferdi Tayfur&#8217;un sa\u011fl\u0131k durumunda yeni geli\u015fme!","datePublished":"2024-12-19T14:41:14+00:00","mainEntityOfPage":{"@id":"https:\/\/denizcankizil.tr\/en\/haberler\/gundem\/ferdi-tayfurun-saglik-durumunda-yeni-gelisme\/"},"wordCount":324,"commentCount":0,"publisher":{"@id":"https:\/\/denizcankizil.tr\/#organization"},"articleSection":["G\u00fcndem","Uncategorized"],"inLanguage":"en-GB","potentialAction":[{"@type":"CommentAction","name":"Comment","target":["https:\/\/denizcankizil.tr\/en\/haberler\/gundem\/ferdi-tayfurun-saglik-durumunda-yeni-gelisme\/#respond"]}]},{"@type":"WebPage","@id":"https:\/\/denizcankizil.tr\/en\/haberler\/gundem\/ferdi-tayfurun-saglik-durumunda-yeni-gelisme\/","url":"https:\/\/denizcankizil.tr\/en\/haberler\/gundem\/ferdi-tayfurun-saglik-durumunda-yeni-gelisme\/","name":"Ferdi Tayfur'un sa\u011fl\u0131k durumunda yeni geli\u015fme! - Av. Deniz Can K\u0131z\u0131l","isPartOf":{"@id":"https:\/\/denizcankizil.tr\/#website"},"datePublished":"2024-12-19T14:41:14+00:00","breadcrumb":{"@id":"https:\/\/denizcankizil.tr\/en\/haberler\/gundem\/ferdi-tayfurun-saglik-durumunda-yeni-gelisme\/#breadcrumb"},"inLanguage":"en-GB","potentialAction":[{"@type":"ReadAction","target":["https:\/\/denizcankizil.tr\/en\/haberler\/gundem\/ferdi-tayfurun-saglik-durumunda-yeni-gelisme\/"]}]},{"@type":"BreadcrumbList","@id":"https:\/\/denizcankizil.tr\/en\/haberler\/gundem\/ferdi-tayfurun-saglik-durumunda-yeni-gelisme\/#breadcrumb","itemListElement":[{"@type":"ListItem","position":1,"name":"Home","item":"https:\/\/denizcankizil.tr\/de\/"},{"@type":"ListItem","position":2,"name":"Ferdi Tayfur&#8217;un sa\u011fl\u0131k durumunda yeni geli\u015fme!"}]},{"@type":"WebSite","@id":"https:\/\/denizcankizil.tr\/#website","url":"https:\/\/denizcankizil.tr\/","name":"Av. Deniz Can K\u0131z\u0131l","description":"Avukat Deniz Can K\u0131z\u0131l Antalya Barosu","publisher":{"@id":"https:\/\/denizcankizil.tr\/#organization"},"potentialAction":[{"@type":"SearchAction","target":{"@type":"EntryPoint","urlTemplate":"https:\/\/denizcankizil.tr\/?s={search_term_string}"},"query-input":{"@type":"PropertyValueSpecification","valueRequired":true,"valueName":"search_term_string"}}],"inLanguage":"en-GB"},{"@type":"Organization","@id":"https:\/\/denizcankizil.tr\/#organization","name":"Av. Deniz Can K\u0131z\u0131l","url":"https:\/\/denizcankizil.tr\/","logo":{"@type":"ImageObject","inLanguage":"en-GB","@id":"https:\/\/denizcankizil.tr\/#\/schema\/logo\/image\/","url":"https:\/\/denizcankizil.tr\/wp-content\/uploads\/2024\/10\/siyah-logo-svg.svg","contentUrl":"https:\/\/denizcankizil.tr\/wp-content\/uploads\/2024\/10\/siyah-logo-svg.svg","width":1080,"height":1080,"caption":"Av. Deniz Can K\u0131z\u0131l"},"image":{"@id":"https:\/\/denizcankizil.tr\/#\/schema\/logo\/image\/"}}]}},"_links":{"self":[{"href":"https:\/\/denizcankizil.tr\/en\/wp-json\/wp\/v2\/posts\/21399","targetHints":{"allow":["GET"]}}],"collection":[{"href":"https:\/\/denizcankizil.tr\/en\/wp-json\/wp\/v2\/posts"}],"about":[{"href":"https:\/\/denizcankizil.tr\/en\/wp-json\/wp\/v2\/types\/post"}],"replies":[{"embeddable":true,"href":"https:\/\/denizcankizil.tr\/en\/wp-json\/wp\/v2\/comments?post=21399"}],"version-history":[{"count":0,"href":"https:\/\/denizcankizil.tr\/en\/wp-json\/wp\/v2\/posts\/21399\/revisions"}],"wp:attachment":[{"href":"https:\/\/denizcankizil.tr\/en\/wp-json\/wp\/v2\/media?parent=21399"}],"wp:term":[{"taxonomy":"category","embeddable":true,"href":"https:\/\/denizcankizil.tr\/en\/wp-json\/wp\/v2\/categories?post=21399"},{"taxonomy":"post_tag","embeddable":true,"href":"https:\/\/denizcankizil.tr\/en\/wp-json\/wp\/v2\/tags?post=21399"}],"curies":[{"name":"wp","href":"https:\/\/api.w.org\/{rel}","templated":true}]}}