{"id":21214,"date":"2024-12-18T11:41:20","date_gmt":"2024-12-18T08:41:20","guid":{"rendered":"https:\/\/denizcankizil.tr\/uncategorized-tr\/hafif-ticari-aracla-motosiklet-carpisti\/"},"modified":"2024-12-18T11:41:20","modified_gmt":"2024-12-18T08:41:20","slug":"hafif-ticari-aracla-motosiklet-carpisti","status":"publish","type":"post","link":"https:\/\/denizcankizil.tr\/en\/haberler\/antalya\/hafif-ticari-aracla-motosiklet-carpisti\/","title":{"rendered":"Hafif ticari ara\u00e7la motosiklet \u00e7arp\u0131\u015ft\u0131"},"content":{"rendered":"<p>Kaza, Yayla Mahallesi Abdi \u0130pek\u00e7i Caddesi&#8217;nde meydana geldi. Edinilen bilgiye g\u00f6re, Barbaros Caddesi y\u00f6n\u00fcne seyreden Do\u011fukan \u00c7.&#8217;nin kulland\u0131\u011f\u0131 07 BTV 633 plakal\u0131 motosiklet, Abdullah B.&#8217;nin kulland\u0131\u011f\u0131 07 AUG 624 Volkswagen marka hafif ticari ara\u00e7 ile \u00e7arp\u0131\u015ft\u0131. Kazada yaralanan motosiklet s\u00fcr\u00fcc\u00fcs\u00fc ihbarla olay yerine gelen sa\u011fl\u0131k ekiplerinin ilk m\u00fcdahalesinin ard\u0131ndan ambulansla hastaneye kald\u0131r\u0131ld\u0131.<\/p>\n<p>\u00c7eli\u015fkili ifadeleri dikkatten ka\u00e7mad\u0131<br \/>\nKazan\u0131n ard\u0131ndan, kaza yapan hafif ticari arac\u0131 kulland\u0131\u011f\u0131n\u0131 s\u00f6yleyen s\u00fcr\u00fcc\u00fc ile yan\u0131ndaki ki\u015finin \u00e7eli\u015fkili s\u00f6ylemleri polisin dikkatinden ka\u00e7mad\u0131. Trafik polisinin \u201cMotosiklet s\u00fcr\u00fcc\u00fcs\u00fcn\u00fcn durumu kritik. Bunun cezas\u0131n\u0131 sen \u00e7ekeceksin\u201d demesi \u00fczerine arac\u0131 kulland\u0131\u011f\u0131n\u0131 iddia eden \u015fah\u0131s, arac\u0131 kendisinin de\u011fil arkada\u015f\u0131n\u0131n kulland\u0131\u011f\u0131n\u0131, kendisini olay yerine \u00e7a\u011f\u0131rarak kazay\u0131 \u00fcstlenmesini s\u00f6yledi\u011fini ekiplere itiraf etti.<\/p>\n<p>As\u0131l s\u00fcr\u00fcc\u00fc 1,21 promil alkoll\u00fc \u00e7\u0131kt\u0131<br \/>\nAra\u00e7 s\u00fcr\u00fcc\u00fcs\u00fc oldu\u011funu belirten ki\u015finin telefonla aramas\u0131 \u00fczerine olay yerine kaza s\u0131ras\u0131nda arac\u0131 kullanan Abdullah B. geldi. Trafik ekibinin yapt\u0131\u011f\u0131 alkol kontrol\u00fcnde Abdullah B.&#8217;nin 1,21 promil alkoll\u00fc oldu\u011fu, bundan dolay\u0131 da arkada\u015f\u0131n\u0131 arayarak kazay\u0131 \u00fcstlenmesini istedi\u011fi belirlendi. Alkoll\u00fc ara\u00e7 kullanan Abdullah B.&#8217;ye 6 bin 439 TL para cezas\u0131 uygulan\u0131rken, s\u00fcr\u00fcc\u00fc belgesine 6 ayl\u0131\u011f\u0131na el konuldu. Abdullah B. ve kaza s\u0131ras\u0131nda arac\u0131 kendisinin kulland\u0131\u011f\u0131n\u0131 belirten arkada\u015f\u0131 polis ekibi taraf\u0131ndan polis merkezine g\u00f6t\u00fcr\u00fcld\u00fc.<\/p>\n<p>Kaynak: www.kanalv.com.tr Haber Sitesinden Al\u0131nm\u0131\u015ft\u0131r.<\/p>","protected":false},"excerpt":{"rendered":"<p>Kaza, Yayla Mahallesi Abdi \u0130pek\u00e7i Caddesi&#8217;nde meydana geldi. Edinilen bilgiye g\u00f6re, Barbaros Caddesi y\u00f6n\u00fcne seyreden Do\u011fukan \u00c7.&#8217;nin kulland\u0131\u011f\u0131 07 BTV 633 plakal\u0131 motosiklet, Abdullah B.&#8217;nin kulland\u0131\u011f\u0131 07 AUG 624 Volkswagen marka hafif ticari ara\u00e7 ile \u00e7arp\u0131\u015ft\u0131. Kazada yaralanan motosiklet s\u00fcr\u00fcc\u00fcs\u00fc ihbarla olay yerine gelen sa\u011fl\u0131k ekiplerinin ilk m\u00fcdahalesinin ard\u0131ndan ambulansla hastaneye kald\u0131r\u0131ld\u0131. \u00c7eli\u015fkili ifadeleri dikkatten ka\u00e7mad\u0131 Kazan\u0131n ard\u0131ndan, kaza yapan hafif ticari arac\u0131 kulland\u0131\u011f\u0131n\u0131 s\u00f6yleyen s\u00fcr\u00fcc\u00fc ile yan\u0131ndaki ki\u015finin \u00e7eli\u015fkili s\u00f6ylemleri polisin dikkatinden ka\u00e7mad\u0131. Trafik polisinin \u201cMotosiklet s\u00fcr\u00fcc\u00fcs\u00fcn\u00fcn durumu kritik. Bunun cezas\u0131n\u0131 sen \u00e7ekeceksin\u201d demesi \u00fczerine arac\u0131 kulland\u0131\u011f\u0131n\u0131 iddia eden \u015fah\u0131s, arac\u0131 kendisinin de\u011fil arkada\u015f\u0131n\u0131n kulland\u0131\u011f\u0131n\u0131, kendisini olay yerine \u00e7a\u011f\u0131rarak kazay\u0131 \u00fcstlenmesini s\u00f6yledi\u011fini ekiplere itiraf etti. As\u0131l s\u00fcr\u00fcc\u00fc 1,21 promil alkoll\u00fc \u00e7\u0131kt\u0131 Ara\u00e7 s\u00fcr\u00fcc\u00fcs\u00fc oldu\u011funu belirten ki\u015finin telefonla aramas\u0131 \u00fczerine olay yerine kaza s\u0131ras\u0131nda arac\u0131 kullanan Abdullah B. geldi. Trafik ekibinin yapt\u0131\u011f\u0131 alkol kontrol\u00fcnde Abdullah B.&#8217;nin 1,21 promil alkoll\u00fc oldu\u011fu, bundan dolay\u0131 da arkada\u015f\u0131n\u0131 arayarak kazay\u0131 \u00fcstlenmesini istedi\u011fi belirlendi. Alkoll\u00fc ara\u00e7 kullanan Abdullah B.&#8217;ye 6 bin 439 TL para cezas\u0131 uygulan\u0131rken, s\u00fcr\u00fcc\u00fc belgesine 6 ayl\u0131\u011f\u0131na el konuldu. Abdullah B. ve kaza s\u0131ras\u0131nda arac\u0131 kendisinin kulland\u0131\u011f\u0131n\u0131 belirten arkada\u015f\u0131 polis ekibi taraf\u0131ndan polis merkezine g\u00f6t\u00fcr\u00fcld\u00fc. Kaynak: www.kanalv.com.tr Haber Sitesinden Al\u0131nm\u0131\u015ft\u0131r.<\/p>","protected":false},"author":0,"featured_media":21215,"comment_status":"open","ping_status":"open","sticky":false,"template":"","format":"standard","meta":{"_acf_changed":false,"footnotes":""},"categories":[26,535],"tags":[],"class_list":["post-21214","post","type-post","status-publish","format-standard","has-post-thumbnail","hentry","category-antalya","category-uncategorized-tr"],"acf":[],"yoast_head":"<!-- This site is optimized with the Yoast SEO Premium plugin v26.6 (Yoast SEO v27.1.1) - https:\/\/yoast.com\/product\/yoast-seo-premium-wordpress\/ -->\n<title>Hafif ticari ara\u00e7la motosiklet \u00e7arp\u0131\u015ft\u0131 - Av. Deniz Can K\u0131z\u0131l<\/title>\n<meta name=\"robots\" content=\"index, follow, max-snippet:-1, max-image-preview:large, max-video-preview:-1\" \/>\n<link rel=\"canonical\" href=\"https:\/\/denizcankizil.tr\/en\/haberler\/antalya\/hafif-ticari-aracla-motosiklet-carpisti\/\" \/>\n<meta property=\"og:locale\" content=\"en_GB\" \/>\n<meta property=\"og:type\" content=\"article\" \/>\n<meta property=\"og:title\" content=\"Hafif ticari ara\u00e7la motosiklet \u00e7arp\u0131\u015ft\u0131\" \/>\n<meta property=\"og:description\" content=\"Kaza, Yayla Mahallesi Abdi \u0130pek\u00e7i Caddesi&#8217;nde meydana geldi. Edinilen bilgiye g\u00f6re, Barbaros Caddesi y\u00f6n\u00fcne seyreden Do\u011fukan \u00c7.&#8217;nin kulland\u0131\u011f\u0131 07 BTV 633 plakal\u0131 motosiklet, Abdullah B.&#8217;nin kulland\u0131\u011f\u0131 07 AUG 624 Volkswagen marka hafif ticari ara\u00e7 ile \u00e7arp\u0131\u015ft\u0131. Kazada yaralanan motosiklet s\u00fcr\u00fcc\u00fcs\u00fc ihbarla olay yerine gelen sa\u011fl\u0131k ekiplerinin ilk m\u00fcdahalesinin ard\u0131ndan ambulansla hastaneye kald\u0131r\u0131ld\u0131. \u00c7eli\u015fkili ifadeleri dikkatten ka\u00e7mad\u0131 Kazan\u0131n ard\u0131ndan, kaza yapan hafif ticari arac\u0131 kulland\u0131\u011f\u0131n\u0131 s\u00f6yleyen s\u00fcr\u00fcc\u00fc ile yan\u0131ndaki ki\u015finin \u00e7eli\u015fkili s\u00f6ylemleri polisin dikkatinden ka\u00e7mad\u0131. Trafik polisinin \u201cMotosiklet s\u00fcr\u00fcc\u00fcs\u00fcn\u00fcn durumu kritik. Bunun cezas\u0131n\u0131 sen \u00e7ekeceksin\u201d demesi \u00fczerine arac\u0131 kulland\u0131\u011f\u0131n\u0131 iddia eden \u015fah\u0131s, arac\u0131 kendisinin de\u011fil arkada\u015f\u0131n\u0131n kulland\u0131\u011f\u0131n\u0131, kendisini olay yerine \u00e7a\u011f\u0131rarak kazay\u0131 \u00fcstlenmesini s\u00f6yledi\u011fini ekiplere itiraf etti. As\u0131l s\u00fcr\u00fcc\u00fc 1,21 promil alkoll\u00fc \u00e7\u0131kt\u0131 Ara\u00e7 s\u00fcr\u00fcc\u00fcs\u00fc oldu\u011funu belirten ki\u015finin telefonla aramas\u0131 \u00fczerine olay yerine kaza s\u0131ras\u0131nda arac\u0131 kullanan Abdullah B. geldi. Trafik ekibinin yapt\u0131\u011f\u0131 alkol kontrol\u00fcnde Abdullah B.&#8217;nin 1,21 promil alkoll\u00fc oldu\u011fu, bundan dolay\u0131 da arkada\u015f\u0131n\u0131 arayarak kazay\u0131 \u00fcstlenmesini istedi\u011fi belirlendi. Alkoll\u00fc ara\u00e7 kullanan Abdullah B.&#8217;ye 6 bin 439 TL para cezas\u0131 uygulan\u0131rken, s\u00fcr\u00fcc\u00fc belgesine 6 ayl\u0131\u011f\u0131na el konuldu. Abdullah B. ve kaza s\u0131ras\u0131nda arac\u0131 kendisinin kulland\u0131\u011f\u0131n\u0131 belirten arkada\u015f\u0131 polis ekibi taraf\u0131ndan polis merkezine g\u00f6t\u00fcr\u00fcld\u00fc. Kaynak: www.kanalv.com.tr Haber Sitesinden Al\u0131nm\u0131\u015ft\u0131r.\" \/>\n<meta property=\"og:url\" content=\"https:\/\/denizcankizil.tr\/en\/haberler\/antalya\/hafif-ticari-aracla-motosiklet-carpisti\/\" \/>\n<meta property=\"og:site_name\" content=\"Av. Deniz Can K\u0131z\u0131l\" \/>\n<meta property=\"article:published_time\" content=\"2024-12-18T08:41:20+00:00\" \/>\n<meta property=\"og:image\" content=\"https:\/\/denizcankizil.tr\/wp-content\/uploads\/2024\/12\/3648-01-CJdzuu.jpeg\" \/>\n\t<meta property=\"og:image:width\" content=\"1280\" \/>\n\t<meta property=\"og:image:height\" content=\"720\" \/>\n\t<meta property=\"og:image:type\" content=\"image\/jpeg\" \/>\n<meta name=\"twitter:card\" content=\"summary_large_image\" \/>\n<meta name=\"twitter:label1\" content=\"Estimated reading time\" \/>\n\t<meta name=\"twitter:data1\" content=\"1 minute\" \/>\n<script type=\"application\/ld+json\" class=\"yoast-schema-graph\">{\"@context\":\"https:\/\/schema.org\",\"@graph\":[{\"@type\":\"Article\",\"@id\":\"https:\/\/denizcankizil.tr\/en\/haberler\/antalya\/hafif-ticari-aracla-motosiklet-carpisti\/#article\",\"isPartOf\":{\"@id\":\"https:\/\/denizcankizil.tr\/en\/haberler\/antalya\/hafif-ticari-aracla-motosiklet-carpisti\/\"},\"author\":{\"name\":\"\",\"@id\":\"\"},\"headline\":\"Hafif ticari ara\u00e7la motosiklet \u00e7arp\u0131\u015ft\u0131\",\"datePublished\":\"2024-12-18T08:41:20+00:00\",\"mainEntityOfPage\":{\"@id\":\"https:\/\/denizcankizil.tr\/en\/haberler\/antalya\/hafif-ticari-aracla-motosiklet-carpisti\/\"},\"wordCount\":264,\"commentCount\":0,\"publisher\":{\"@id\":\"https:\/\/denizcankizil.tr\/#organization\"},\"image\":{\"@id\":\"https:\/\/denizcankizil.tr\/en\/haberler\/antalya\/hafif-ticari-aracla-motosiklet-carpisti\/#primaryimage\"},\"thumbnailUrl\":\"https:\/\/denizcankizil.tr\/wp-content\/uploads\/2024\/12\/3648-01-CJdzuu.jpeg\",\"articleSection\":[\"Antalya\",\"Uncategorized\"],\"inLanguage\":\"en-GB\",\"potentialAction\":[{\"@type\":\"CommentAction\",\"name\":\"Comment\",\"target\":[\"https:\/\/denizcankizil.tr\/en\/haberler\/antalya\/hafif-ticari-aracla-motosiklet-carpisti\/#respond\"]}]},{\"@type\":\"WebPage\",\"@id\":\"https:\/\/denizcankizil.tr\/en\/haberler\/antalya\/hafif-ticari-aracla-motosiklet-carpisti\/\",\"url\":\"https:\/\/denizcankizil.tr\/en\/haberler\/antalya\/hafif-ticari-aracla-motosiklet-carpisti\/\",\"name\":\"Hafif ticari ara\u00e7la motosiklet \u00e7arp\u0131\u015ft\u0131 - Av. Deniz Can K\u0131z\u0131l\",\"isPartOf\":{\"@id\":\"https:\/\/denizcankizil.tr\/#website\"},\"primaryImageOfPage\":{\"@id\":\"https:\/\/denizcankizil.tr\/en\/haberler\/antalya\/hafif-ticari-aracla-motosiklet-carpisti\/#primaryimage\"},\"image\":{\"@id\":\"https:\/\/denizcankizil.tr\/en\/haberler\/antalya\/hafif-ticari-aracla-motosiklet-carpisti\/#primaryimage\"},\"thumbnailUrl\":\"https:\/\/denizcankizil.tr\/wp-content\/uploads\/2024\/12\/3648-01-CJdzuu.jpeg\",\"datePublished\":\"2024-12-18T08:41:20+00:00\",\"breadcrumb\":{\"@id\":\"https:\/\/denizcankizil.tr\/en\/haberler\/antalya\/hafif-ticari-aracla-motosiklet-carpisti\/#breadcrumb\"},\"inLanguage\":\"en-GB\",\"potentialAction\":[{\"@type\":\"ReadAction\",\"target\":[\"https:\/\/denizcankizil.tr\/en\/haberler\/antalya\/hafif-ticari-aracla-motosiklet-carpisti\/\"]}]},{\"@type\":\"ImageObject\",\"inLanguage\":\"en-GB\",\"@id\":\"https:\/\/denizcankizil.tr\/en\/haberler\/antalya\/hafif-ticari-aracla-motosiklet-carpisti\/#primaryimage\",\"url\":\"https:\/\/denizcankizil.tr\/wp-content\/uploads\/2024\/12\/3648-01-CJdzuu.jpeg\",\"contentUrl\":\"https:\/\/denizcankizil.tr\/wp-content\/uploads\/2024\/12\/3648-01-CJdzuu.jpeg\",\"width\":1280,\"height\":720},{\"@type\":\"BreadcrumbList\",\"@id\":\"https:\/\/denizcankizil.tr\/en\/haberler\/antalya\/hafif-ticari-aracla-motosiklet-carpisti\/#breadcrumb\",\"itemListElement\":[{\"@type\":\"ListItem\",\"position\":1,\"name\":\"Home\",\"item\":\"https:\/\/denizcankizil.tr\/de\/\"},{\"@type\":\"ListItem\",\"position\":2,\"name\":\"Hafif ticari ara\u00e7la motosiklet \u00e7arp\u0131\u015ft\u0131\"}]},{\"@type\":\"WebSite\",\"@id\":\"https:\/\/denizcankizil.tr\/#website\",\"url\":\"https:\/\/denizcankizil.tr\/\",\"name\":\"Av. Deniz Can K\u0131z\u0131l\",\"description\":\"Avukat Deniz Can K\u0131z\u0131l Antalya Barosu\",\"publisher\":{\"@id\":\"https:\/\/denizcankizil.tr\/#organization\"},\"potentialAction\":[{\"@type\":\"SearchAction\",\"target\":{\"@type\":\"EntryPoint\",\"urlTemplate\":\"https:\/\/denizcankizil.tr\/?s={search_term_string}\"},\"query-input\":{\"@type\":\"PropertyValueSpecification\",\"valueRequired\":true,\"valueName\":\"search_term_string\"}}],\"inLanguage\":\"en-GB\"},{\"@type\":\"Organization\",\"@id\":\"https:\/\/denizcankizil.tr\/#organization\",\"name\":\"Av. Deniz Can K\u0131z\u0131l\",\"url\":\"https:\/\/denizcankizil.tr\/\",\"logo\":{\"@type\":\"ImageObject\",\"inLanguage\":\"en-GB\",\"@id\":\"https:\/\/denizcankizil.tr\/#\/schema\/logo\/image\/\",\"url\":\"https:\/\/denizcankizil.tr\/wp-content\/uploads\/2024\/10\/siyah-logo-svg.svg\",\"contentUrl\":\"https:\/\/denizcankizil.tr\/wp-content\/uploads\/2024\/10\/siyah-logo-svg.svg\",\"width\":1080,\"height\":1080,\"caption\":\"Av. Deniz Can K\u0131z\u0131l\"},\"image\":{\"@id\":\"https:\/\/denizcankizil.tr\/#\/schema\/logo\/image\/\"}}]}<\/script>\n<!-- \/ Yoast SEO Premium plugin. -->","yoast_head_json":{"title":"Hafif ticari ara\u00e7la motosiklet \u00e7arp\u0131\u015ft\u0131 - Av. Deniz Can K\u0131z\u0131l","robots":{"index":"index","follow":"follow","max-snippet":"max-snippet:-1","max-image-preview":"max-image-preview:large","max-video-preview":"max-video-preview:-1"},"canonical":"https:\/\/denizcankizil.tr\/en\/haberler\/antalya\/hafif-ticari-aracla-motosiklet-carpisti\/","og_locale":"en_GB","og_type":"article","og_title":"Hafif ticari ara\u00e7la motosiklet \u00e7arp\u0131\u015ft\u0131","og_description":"Kaza, Yayla Mahallesi Abdi \u0130pek\u00e7i Caddesi&#8217;nde meydana geldi. Edinilen bilgiye g\u00f6re, Barbaros Caddesi y\u00f6n\u00fcne seyreden Do\u011fukan \u00c7.&#8217;nin kulland\u0131\u011f\u0131 07 BTV 633 plakal\u0131 motosiklet, Abdullah B.&#8217;nin kulland\u0131\u011f\u0131 07 AUG 624 Volkswagen marka hafif ticari ara\u00e7 ile \u00e7arp\u0131\u015ft\u0131. Kazada yaralanan motosiklet s\u00fcr\u00fcc\u00fcs\u00fc ihbarla olay yerine gelen sa\u011fl\u0131k ekiplerinin ilk m\u00fcdahalesinin ard\u0131ndan ambulansla hastaneye kald\u0131r\u0131ld\u0131. \u00c7eli\u015fkili ifadeleri dikkatten ka\u00e7mad\u0131 Kazan\u0131n ard\u0131ndan, kaza yapan hafif ticari arac\u0131 kulland\u0131\u011f\u0131n\u0131 s\u00f6yleyen s\u00fcr\u00fcc\u00fc ile yan\u0131ndaki ki\u015finin \u00e7eli\u015fkili s\u00f6ylemleri polisin dikkatinden ka\u00e7mad\u0131. Trafik polisinin \u201cMotosiklet s\u00fcr\u00fcc\u00fcs\u00fcn\u00fcn durumu kritik. Bunun cezas\u0131n\u0131 sen \u00e7ekeceksin\u201d demesi \u00fczerine arac\u0131 kulland\u0131\u011f\u0131n\u0131 iddia eden \u015fah\u0131s, arac\u0131 kendisinin de\u011fil arkada\u015f\u0131n\u0131n kulland\u0131\u011f\u0131n\u0131, kendisini olay yerine \u00e7a\u011f\u0131rarak kazay\u0131 \u00fcstlenmesini s\u00f6yledi\u011fini ekiplere itiraf etti. As\u0131l s\u00fcr\u00fcc\u00fc 1,21 promil alkoll\u00fc \u00e7\u0131kt\u0131 Ara\u00e7 s\u00fcr\u00fcc\u00fcs\u00fc oldu\u011funu belirten ki\u015finin telefonla aramas\u0131 \u00fczerine olay yerine kaza s\u0131ras\u0131nda arac\u0131 kullanan Abdullah B. geldi. Trafik ekibinin yapt\u0131\u011f\u0131 alkol kontrol\u00fcnde Abdullah B.&#8217;nin 1,21 promil alkoll\u00fc oldu\u011fu, bundan dolay\u0131 da arkada\u015f\u0131n\u0131 arayarak kazay\u0131 \u00fcstlenmesini istedi\u011fi belirlendi. Alkoll\u00fc ara\u00e7 kullanan Abdullah B.&#8217;ye 6 bin 439 TL para cezas\u0131 uygulan\u0131rken, s\u00fcr\u00fcc\u00fc belgesine 6 ayl\u0131\u011f\u0131na el konuldu. Abdullah B. ve kaza s\u0131ras\u0131nda arac\u0131 kendisinin kulland\u0131\u011f\u0131n\u0131 belirten arkada\u015f\u0131 polis ekibi taraf\u0131ndan polis merkezine g\u00f6t\u00fcr\u00fcld\u00fc. Kaynak: www.kanalv.com.tr Haber Sitesinden Al\u0131nm\u0131\u015ft\u0131r.","og_url":"https:\/\/denizcankizil.tr\/en\/haberler\/antalya\/hafif-ticari-aracla-motosiklet-carpisti\/","og_site_name":"Av. Deniz Can K\u0131z\u0131l","article_published_time":"2024-12-18T08:41:20+00:00","og_image":[{"width":1280,"height":720,"url":"https:\/\/denizcankizil.tr\/wp-content\/uploads\/2024\/12\/3648-01-CJdzuu.jpeg","type":"image\/jpeg"}],"twitter_card":"summary_large_image","twitter_misc":{"Estimated reading time":"1 minute"},"schema":{"@context":"https:\/\/schema.org","@graph":[{"@type":"Article","@id":"https:\/\/denizcankizil.tr\/en\/haberler\/antalya\/hafif-ticari-aracla-motosiklet-carpisti\/#article","isPartOf":{"@id":"https:\/\/denizcankizil.tr\/en\/haberler\/antalya\/hafif-ticari-aracla-motosiklet-carpisti\/"},"author":{"name":"","@id":""},"headline":"Hafif ticari ara\u00e7la motosiklet \u00e7arp\u0131\u015ft\u0131","datePublished":"2024-12-18T08:41:20+00:00","mainEntityOfPage":{"@id":"https:\/\/denizcankizil.tr\/en\/haberler\/antalya\/hafif-ticari-aracla-motosiklet-carpisti\/"},"wordCount":264,"commentCount":0,"publisher":{"@id":"https:\/\/denizcankizil.tr\/#organization"},"image":{"@id":"https:\/\/denizcankizil.tr\/en\/haberler\/antalya\/hafif-ticari-aracla-motosiklet-carpisti\/#primaryimage"},"thumbnailUrl":"https:\/\/denizcankizil.tr\/wp-content\/uploads\/2024\/12\/3648-01-CJdzuu.jpeg","articleSection":["Antalya","Uncategorized"],"inLanguage":"en-GB","potentialAction":[{"@type":"CommentAction","name":"Comment","target":["https:\/\/denizcankizil.tr\/en\/haberler\/antalya\/hafif-ticari-aracla-motosiklet-carpisti\/#respond"]}]},{"@type":"WebPage","@id":"https:\/\/denizcankizil.tr\/en\/haberler\/antalya\/hafif-ticari-aracla-motosiklet-carpisti\/","url":"https:\/\/denizcankizil.tr\/en\/haberler\/antalya\/hafif-ticari-aracla-motosiklet-carpisti\/","name":"Hafif ticari ara\u00e7la motosiklet \u00e7arp\u0131\u015ft\u0131 - Av. Deniz Can K\u0131z\u0131l","isPartOf":{"@id":"https:\/\/denizcankizil.tr\/#website"},"primaryImageOfPage":{"@id":"https:\/\/denizcankizil.tr\/en\/haberler\/antalya\/hafif-ticari-aracla-motosiklet-carpisti\/#primaryimage"},"image":{"@id":"https:\/\/denizcankizil.tr\/en\/haberler\/antalya\/hafif-ticari-aracla-motosiklet-carpisti\/#primaryimage"},"thumbnailUrl":"https:\/\/denizcankizil.tr\/wp-content\/uploads\/2024\/12\/3648-01-CJdzuu.jpeg","datePublished":"2024-12-18T08:41:20+00:00","breadcrumb":{"@id":"https:\/\/denizcankizil.tr\/en\/haberler\/antalya\/hafif-ticari-aracla-motosiklet-carpisti\/#breadcrumb"},"inLanguage":"en-GB","potentialAction":[{"@type":"ReadAction","target":["https:\/\/denizcankizil.tr\/en\/haberler\/antalya\/hafif-ticari-aracla-motosiklet-carpisti\/"]}]},{"@type":"ImageObject","inLanguage":"en-GB","@id":"https:\/\/denizcankizil.tr\/en\/haberler\/antalya\/hafif-ticari-aracla-motosiklet-carpisti\/#primaryimage","url":"https:\/\/denizcankizil.tr\/wp-content\/uploads\/2024\/12\/3648-01-CJdzuu.jpeg","contentUrl":"https:\/\/denizcankizil.tr\/wp-content\/uploads\/2024\/12\/3648-01-CJdzuu.jpeg","width":1280,"height":720},{"@type":"BreadcrumbList","@id":"https:\/\/denizcankizil.tr\/en\/haberler\/antalya\/hafif-ticari-aracla-motosiklet-carpisti\/#breadcrumb","itemListElement":[{"@type":"ListItem","position":1,"name":"Home","item":"https:\/\/denizcankizil.tr\/de\/"},{"@type":"ListItem","position":2,"name":"Hafif ticari ara\u00e7la motosiklet \u00e7arp\u0131\u015ft\u0131"}]},{"@type":"WebSite","@id":"https:\/\/denizcankizil.tr\/#website","url":"https:\/\/denizcankizil.tr\/","name":"Av. Deniz Can K\u0131z\u0131l","description":"Avukat Deniz Can K\u0131z\u0131l Antalya Barosu","publisher":{"@id":"https:\/\/denizcankizil.tr\/#organization"},"potentialAction":[{"@type":"SearchAction","target":{"@type":"EntryPoint","urlTemplate":"https:\/\/denizcankizil.tr\/?s={search_term_string}"},"query-input":{"@type":"PropertyValueSpecification","valueRequired":true,"valueName":"search_term_string"}}],"inLanguage":"en-GB"},{"@type":"Organization","@id":"https:\/\/denizcankizil.tr\/#organization","name":"Av. Deniz Can K\u0131z\u0131l","url":"https:\/\/denizcankizil.tr\/","logo":{"@type":"ImageObject","inLanguage":"en-GB","@id":"https:\/\/denizcankizil.tr\/#\/schema\/logo\/image\/","url":"https:\/\/denizcankizil.tr\/wp-content\/uploads\/2024\/10\/siyah-logo-svg.svg","contentUrl":"https:\/\/denizcankizil.tr\/wp-content\/uploads\/2024\/10\/siyah-logo-svg.svg","width":1080,"height":1080,"caption":"Av. Deniz Can K\u0131z\u0131l"},"image":{"@id":"https:\/\/denizcankizil.tr\/#\/schema\/logo\/image\/"}}]}},"_links":{"self":[{"href":"https:\/\/denizcankizil.tr\/en\/wp-json\/wp\/v2\/posts\/21214","targetHints":{"allow":["GET"]}}],"collection":[{"href":"https:\/\/denizcankizil.tr\/en\/wp-json\/wp\/v2\/posts"}],"about":[{"href":"https:\/\/denizcankizil.tr\/en\/wp-json\/wp\/v2\/types\/post"}],"replies":[{"embeddable":true,"href":"https:\/\/denizcankizil.tr\/en\/wp-json\/wp\/v2\/comments?post=21214"}],"version-history":[{"count":0,"href":"https:\/\/denizcankizil.tr\/en\/wp-json\/wp\/v2\/posts\/21214\/revisions"}],"wp:featuredmedia":[{"embeddable":true,"href":"https:\/\/denizcankizil.tr\/en\/wp-json\/wp\/v2\/media\/21215"}],"wp:attachment":[{"href":"https:\/\/denizcankizil.tr\/en\/wp-json\/wp\/v2\/media?parent=21214"}],"wp:term":[{"taxonomy":"category","embeddable":true,"href":"https:\/\/denizcankizil.tr\/en\/wp-json\/wp\/v2\/categories?post=21214"},{"taxonomy":"post_tag","embeddable":true,"href":"https:\/\/denizcankizil.tr\/en\/wp-json\/wp\/v2\/tags?post=21214"}],"curies":[{"name":"wp","href":"https:\/\/api.w.org\/{rel}","templated":true}]}}