{"id":21197,"date":"2024-12-18T09:41:32","date_gmt":"2024-12-18T06:41:32","guid":{"rendered":"https:\/\/denizcankizil.tr\/uncategorized-tr\/bursada-115-ayda-163-araca-milyon-liralik-cakar-ceza\/"},"modified":"2024-12-18T09:41:32","modified_gmt":"2024-12-18T06:41:32","slug":"bursada-115-ayda-163-araca-milyon-liralik-cakar-ceza","status":"publish","type":"post","link":"https:\/\/denizcankizil.tr\/en\/haberler\/gundem\/bursada-115-ayda-163-araca-milyon-liralik-cakar-ceza\/","title":{"rendered":"Bursa&#8217;da 11,5 ayda 163 araca milyon liral\u0131k &#8216;\u00e7akar&#8217; ceza!"},"content":{"rendered":"<p>Bursa&#8217;da mevzuata izin verilmeyen ara\u00e7lara tak\u0131lan \u00e7akar cihazlarla ilgili Emniyet M\u00fcd\u00fcrl\u00fc\u011f\u00fc&#8217;ne ba\u011fl\u0131 sivil ve resmi ekiplerin 11,5 ayl\u0131k s\u00fcre i\u00e7erisinde yapt\u0131\u011f\u0131 denetimlerde toplamda 163 araca toplamda 1 milyon 49 bin 557 TL trafik idari para cezas\u0131 uyguland\u0131.BURSA (\u0130GFA) &#8211; Bursa \u0130l Emniyet M\u00fcd\u00fcrl\u00fc\u011f\u00fc&#8217;ne ba\u011fl\u0131 Trafik Denetleme \u015eube M\u00fcd\u00fcrl\u00fc\u011f\u00fc b\u00fcnyesindeki sivil ve resmi ekipler, 1 Ocak-15 Aral\u0131k 2024 tarihleri aras\u0131nda yap\u0131lan \u00e7akar lamba denetimlere ili\u015fkin il genelinde yaz\u0131lan cezalar\u0131 kamuoyuyla payla\u015ft\u0131.<br \/>\nBursa&#8217;da mevzuata belirtilen \u0131\u015f\u0131kl\u0131\/sesli uyar\u0131i i\u015fareti veren cihazlar\u0131 mevzuatta izin verilmeyen ara\u00e7lara takt\u0131\u011f\u0131 tespit edilen 163 araca, ara\u00e7 ba\u015f\u0131 6 bin 439 lira olmak \u00fczere toplamda 1 milyon 49 bin 557 liral\u0131k trafik idari para cezas\u0131 uyguland\u0131.<br \/>\n???? Trafik Denetleme \u015eube M\u00fcd\u00fcrl\u00fc\u011f\u00fcm\u00fcze ba\u011fl\u0131 sivil ve resmi ekiplerce;1\ufe0f\u20e3 Ocak 2\ufe0f\u20e30\ufe0f\u20e32\ufe0f\u20e34\ufe0f\u20e3 &#8211; 1\ufe0f\u20e35\ufe0f\u20e3 Aral\u0131k 2\ufe0f\u20e30\ufe0f\u20e32\ufe0f\u20e34\ufe0f\u20e3 tarihleri aras\u0131nda yap\u0131lan denetimlerde, mevzuatta belirtilen \u0131\u015f\u0131kl\u0131 ve \/ veya sesli uyar\u0131 i\u015fareti veren cihazlar\u0131 mevzuatta izin verilmeyen ara\u00e7lara takt\u0131\u011f\u0131 ve\u2026 pic.twitter.com\/vJOsLbcG73\u2014 Bursa Emniyet M\u00fcd\u00fcrl\u00fc\u011f\u00fc (@EmniyetBursa) December 17, 2024<br \/>\nYap\u0131lan yasal de\u011fi\u015fiklikle birlikte vatanda\u015flar\u0131 uyaran Bursa \u0130l Emniyet M\u00fcd\u00fcrl\u00fc\u011f\u00fc, \u00e7akar kullanan s\u00fcr\u00fcc\u00fclere 96 bin lira TL trafik idari para cezas\u0131 uygulanaca\u011f\u0131n\u0131, s\u00fcr\u00fcc\u00fc belgelerinin 30 g\u00fcn s\u00fcreyle geri al\u0131naca\u011f\u0131 ve ara\u00e7lar\u0131n 30 g\u00fcn s\u00fcre ile trafikten men edilece\u011fini duyururken, s\u00fcr\u00fcc\u00fc son ihlalin ger\u00e7ekle\u015fti\u011fi tarihten geriye do\u011fru bir y\u0131l i\u00e7inde iki ve daha fazla kez kanunu ihlal etmi\u015f ise s\u00fcr\u00fcc\u00fclere her seferinde 192 bin TL idari para cezas\u0131n\u0131n uygulanaca\u011f\u0131n\u0131, s\u00fcr\u00fcc\u00fc belgelerinin 60 g\u00fcn s\u00fcreyle geri al\u0131naca\u011f\u0131 ve ara\u00e7lar\u0131n ise 60 g\u00fcn s\u00fcre ile trafikten men edilece\u011fini hat\u0131rlatt\u0131.<br \/>\nM\u00fcd\u00fcrl\u00fck ayr\u0131ca, mevzuatta izin verilmeyen ara\u00e7lara tak\u0131lan \u00e7akar cihazlar\u0131na m\u00fclki amir taraf\u0131ndan el konulacak ve m\u00fclki amir taraf\u0131ndan m\u00fclkiyetinin kamuya ge\u00e7irilmesine karar verilece\u011fini belirterek, \u0131\u015f\u0131kl\u0131 yada sesli uyar\u0131 i\u015fareti bulunan cihazlar\u0131 (\u00e7akar lamba) mevzuatta izin verilmeyen ara\u00e7lara takarak kullanan s\u00fcr\u00fcc\u00fc ve ara\u00e7lara y\u00f6nelik denetimlerin aral\u0131ks\u0131z devam edece\u011fini duyurdu.<\/p>\n<p>\u200bBursa&#8217;da mevzuata izin verilmeyen ara\u00e7lara tak\u0131lan \u00e7akar cihazlarla ilgili Emniyet M\u00fcd\u00fcrl\u00fc\u011f\u00fc&#8217;ne ba\u011fl\u0131 sivil ve resmi ekiplerin 11,5 ayl\u0131k s\u00fcre i\u00e7erisinde yapt\u0131\u011f\u0131 denetimlerde toplamda 163 araca toplamda 1 milyon 49 bin 557 TL trafik idari para cezas\u0131 uyguland\u0131.BURSA (\u0130GFA) &#8211; Bursa \u0130l Emniyet M\u00fcd\u00fcrl\u00fc\u011f\u00fc&#8217;ne ba\u011fl\u0131 Trafik Denetleme \u015eube M\u00fcd\u00fcrl\u00fc\u011f\u00fc b\u00fcnyesindeki sivil ve resmi ekipler, 1 Ocak-15 Aral\u0131k 2024 tarihleri aras\u0131nda yap\u0131lan \u00e7akar lamba denetimlere ili\u015fkin il genelinde yaz\u0131lan cezalar\u0131 kamuoyuyla payla\u015ft\u0131.<br \/>\nBursa&#8217;da mevzuata belirtilen \u0131\u015f\u0131kl\u0131\/sesli uyar\u0131i i\u015fareti veren cihazlar\u0131 mevzuatta izin verilmeyen ara\u00e7lara takt\u0131\u011f\u0131 tespit edilen 163 araca, ara\u00e7 ba\u015f\u0131 6 bin 439 lira olmak \u00fczere toplamda 1 milyon 49 bin 557 liral\u0131k trafik idari para cezas\u0131 uyguland\u0131.<br \/>\n???? Trafik Denetleme \u015eube M\u00fcd\u00fcrl\u00fc\u011f\u00fcm\u00fcze ba\u011fl\u0131 sivil ve resmi ekiplerce;1\ufe0f\u20e3 Ocak 2\ufe0f\u20e30\ufe0f\u20e32\ufe0f\u20e34\ufe0f\u20e3 &#8211; 1\ufe0f\u20e35\ufe0f\u20e3 Aral\u0131k 2\ufe0f\u20e30\ufe0f\u20e32\ufe0f\u20e34\ufe0f\u20e3 tarihleri aras\u0131nda yap\u0131lan denetimlerde, mevzuatta belirtilen \u0131\u015f\u0131kl\u0131 ve \/ veya sesli uyar\u0131 i\u015fareti veren cihazlar\u0131 mevzuatta izin verilmeyen ara\u00e7lara takt\u0131\u011f\u0131 ve\u2026 pic.twitter.com\/vJOsLbcG73\u2014 Bursa Emniyet M\u00fcd\u00fcrl\u00fc\u011f\u00fc (@EmniyetBursa) December 17, 2024<br \/>\nYap\u0131lan yasal de\u011fi\u015fiklikle birlikte vatanda\u015flar\u0131 uyaran Bursa \u0130l Emniyet M\u00fcd\u00fcrl\u00fc\u011f\u00fc, \u00e7akar kullanan s\u00fcr\u00fcc\u00fclere 96 bin lira TL trafik idari para cezas\u0131 uygulanaca\u011f\u0131n\u0131, s\u00fcr\u00fcc\u00fc belgelerinin 30 g\u00fcn s\u00fcreyle geri al\u0131naca\u011f\u0131 ve ara\u00e7lar\u0131n 30 g\u00fcn s\u00fcre ile trafikten men edilece\u011fini duyururken, s\u00fcr\u00fcc\u00fc son ihlalin ger\u00e7ekle\u015fti\u011fi tarihten geriye do\u011fru bir y\u0131l i\u00e7inde iki ve daha fazla kez kanunu ihlal etmi\u015f ise s\u00fcr\u00fcc\u00fclere her seferinde 192 bin TL idari para cezas\u0131n\u0131n uygulanaca\u011f\u0131n\u0131, s\u00fcr\u00fcc\u00fc belgelerinin 60 g\u00fcn s\u00fcreyle geri al\u0131naca\u011f\u0131 ve ara\u00e7lar\u0131n ise 60 g\u00fcn s\u00fcre ile trafikten men edilece\u011fini hat\u0131rlatt\u0131.<br \/>\nM\u00fcd\u00fcrl\u00fck ayr\u0131ca, mevzuatta izin verilmeyen ara\u00e7lara tak\u0131lan \u00e7akar cihazlar\u0131na m\u00fclki amir taraf\u0131ndan el konulacak ve m\u00fclki amir taraf\u0131ndan m\u00fclkiyetinin kamuya ge\u00e7irilmesine karar verilece\u011fini belirterek, \u0131\u015f\u0131kl\u0131 yada sesli uyar\u0131 i\u015fareti bulunan cihazlar\u0131 (\u00e7akar lamba) mevzuatta izin verilmeyen ara\u00e7lara takarak kullanan s\u00fcr\u00fcc\u00fc ve ara\u00e7lara y\u00f6nelik denetimlerin aral\u0131ks\u0131z devam edece\u011fini duyurdu.\u00a0<\/p>\n<p>\u200bHaberin Al\u0131nt\u0131land\u0131\u011f\u0131 Kaynak: www.iskenderun.org<\/p>","protected":false},"excerpt":{"rendered":"<p>Bursa&#8217;da mevzuata izin verilmeyen ara\u00e7lara tak\u0131lan \u00e7akar cihazlarla ilgili Emniyet M\u00fcd\u00fcrl\u00fc\u011f\u00fc&#8217;ne ba\u011fl\u0131 sivil ve resmi ekiplerin 11,5 ayl\u0131k s\u00fcre i\u00e7erisinde yapt\u0131\u011f\u0131 denetimlerde toplamda 163 araca toplamda 1 milyon 49 bin 557 TL trafik idari para cezas\u0131 uyguland\u0131.BURSA (\u0130GFA) &#8211; Bursa \u0130l Emniyet M\u00fcd\u00fcrl\u00fc\u011f\u00fc&#8217;ne ba\u011fl\u0131 Trafik Denetleme \u015eube M\u00fcd\u00fcrl\u00fc\u011f\u00fc b\u00fcnyesindeki sivil ve resmi ekipler, 1 Ocak-15 Aral\u0131k 2024 tarihleri aras\u0131nda yap\u0131lan \u00e7akar lamba denetimlere ili\u015fkin il genelinde yaz\u0131lan cezalar\u0131 kamuoyuyla payla\u015ft\u0131. Bursa&#8217;da mevzuata belirtilen \u0131\u015f\u0131kl\u0131\/sesli uyar\u0131i i\u015fareti veren cihazlar\u0131 mevzuatta izin verilmeyen ara\u00e7lara takt\u0131\u011f\u0131 tespit edilen 163 araca, ara\u00e7 ba\u015f\u0131 6 bin 439 lira olmak \u00fczere toplamda 1 milyon 49 bin 557 liral\u0131k trafik idari para cezas\u0131 uyguland\u0131. ???? Trafik Denetleme \u015eube M\u00fcd\u00fcrl\u00fc\u011f\u00fcm\u00fcze ba\u011fl\u0131 sivil ve resmi ekiplerce;1\ufe0f\u20e3 Ocak 2\ufe0f\u20e30\ufe0f\u20e32\ufe0f\u20e34\ufe0f\u20e3 &#8211; 1\ufe0f\u20e35\ufe0f\u20e3 Aral\u0131k 2\ufe0f\u20e30\ufe0f\u20e32\ufe0f\u20e34\ufe0f\u20e3 tarihleri aras\u0131nda yap\u0131lan denetimlerde, mevzuatta belirtilen \u0131\u015f\u0131kl\u0131 ve \/ veya sesli uyar\u0131 i\u015fareti veren cihazlar\u0131 mevzuatta izin verilmeyen ara\u00e7lara takt\u0131\u011f\u0131 ve\u2026 pic.twitter.com\/vJOsLbcG73\u2014 Bursa Emniyet M\u00fcd\u00fcrl\u00fc\u011f\u00fc (@EmniyetBursa) December 17, 2024 Yap\u0131lan yasal de\u011fi\u015fiklikle birlikte vatanda\u015flar\u0131 uyaran Bursa \u0130l Emniyet M\u00fcd\u00fcrl\u00fc\u011f\u00fc, \u00e7akar kullanan s\u00fcr\u00fcc\u00fclere 96 bin lira TL trafik idari para cezas\u0131 uygulanaca\u011f\u0131n\u0131, s\u00fcr\u00fcc\u00fc belgelerinin 30 g\u00fcn s\u00fcreyle geri al\u0131naca\u011f\u0131 ve ara\u00e7lar\u0131n 30 g\u00fcn s\u00fcre ile trafikten men edilece\u011fini duyururken, s\u00fcr\u00fcc\u00fc son ihlalin ger\u00e7ekle\u015fti\u011fi tarihten geriye do\u011fru bir y\u0131l &hellip;<\/p>","protected":false},"author":0,"featured_media":0,"comment_status":"open","ping_status":"open","sticky":false,"template":"","format":"standard","meta":{"_acf_changed":false,"footnotes":""},"categories":[24,535],"tags":[],"class_list":["post-21197","post","type-post","status-publish","format-standard","has-post-thumbnail","hentry","category-gundem","category-uncategorized-tr"],"acf":[],"yoast_head":"<!-- This site is optimized with the Yoast SEO Premium plugin v26.6 (Yoast SEO v27.1.1) - https:\/\/yoast.com\/product\/yoast-seo-premium-wordpress\/ -->\n<title>Bursa&#039;da 11,5 ayda 163 araca milyon liral\u0131k &#039;\u00e7akar&#039; ceza! - Av. Deniz Can K\u0131z\u0131l<\/title>\n<meta name=\"robots\" content=\"index, follow, max-snippet:-1, max-image-preview:large, max-video-preview:-1\" \/>\n<link rel=\"canonical\" href=\"https:\/\/denizcankizil.tr\/en\/haberler\/gundem\/bursada-115-ayda-163-araca-milyon-liralik-cakar-ceza\/\" \/>\n<meta property=\"og:locale\" content=\"en_GB\" \/>\n<meta property=\"og:type\" content=\"article\" \/>\n<meta property=\"og:title\" content=\"Bursa&#039;da 11,5 ayda 163 araca milyon liral\u0131k &#039;\u00e7akar&#039; ceza!\" \/>\n<meta property=\"og:description\" content=\"Bursa&#8217;da mevzuata izin verilmeyen ara\u00e7lara tak\u0131lan \u00e7akar cihazlarla ilgili Emniyet M\u00fcd\u00fcrl\u00fc\u011f\u00fc&#8217;ne ba\u011fl\u0131 sivil ve resmi ekiplerin 11,5 ayl\u0131k s\u00fcre i\u00e7erisinde yapt\u0131\u011f\u0131 denetimlerde toplamda 163 araca toplamda 1 milyon 49 bin 557 TL trafik idari para cezas\u0131 uyguland\u0131.BURSA (\u0130GFA) &#8211; Bursa \u0130l Emniyet M\u00fcd\u00fcrl\u00fc\u011f\u00fc&#8217;ne ba\u011fl\u0131 Trafik Denetleme \u015eube M\u00fcd\u00fcrl\u00fc\u011f\u00fc b\u00fcnyesindeki sivil ve resmi ekipler, 1 Ocak-15 Aral\u0131k 2024 tarihleri aras\u0131nda yap\u0131lan \u00e7akar lamba denetimlere ili\u015fkin il genelinde yaz\u0131lan cezalar\u0131 kamuoyuyla payla\u015ft\u0131. Bursa&#8217;da mevzuata belirtilen \u0131\u015f\u0131kl\u0131\/sesli uyar\u0131i i\u015fareti veren cihazlar\u0131 mevzuatta izin verilmeyen ara\u00e7lara takt\u0131\u011f\u0131 tespit edilen 163 araca, ara\u00e7 ba\u015f\u0131 6 bin 439 lira olmak \u00fczere toplamda 1 milyon 49 bin 557 liral\u0131k trafik idari para cezas\u0131 uyguland\u0131. ???? Trafik Denetleme \u015eube M\u00fcd\u00fcrl\u00fc\u011f\u00fcm\u00fcze ba\u011fl\u0131 sivil ve resmi ekiplerce;1\ufe0f\u20e3 Ocak 2\ufe0f\u20e30\ufe0f\u20e32\ufe0f\u20e34\ufe0f\u20e3 &#8211; 1\ufe0f\u20e35\ufe0f\u20e3 Aral\u0131k 2\ufe0f\u20e30\ufe0f\u20e32\ufe0f\u20e34\ufe0f\u20e3 tarihleri aras\u0131nda yap\u0131lan denetimlerde, mevzuatta belirtilen \u0131\u015f\u0131kl\u0131 ve \/ veya sesli uyar\u0131 i\u015fareti veren cihazlar\u0131 mevzuatta izin verilmeyen ara\u00e7lara takt\u0131\u011f\u0131 ve\u2026 pic.twitter.com\/vJOsLbcG73\u2014 Bursa Emniyet M\u00fcd\u00fcrl\u00fc\u011f\u00fc (@EmniyetBursa) December 17, 2024 Yap\u0131lan yasal de\u011fi\u015fiklikle birlikte vatanda\u015flar\u0131 uyaran Bursa \u0130l Emniyet M\u00fcd\u00fcrl\u00fc\u011f\u00fc, \u00e7akar kullanan s\u00fcr\u00fcc\u00fclere 96 bin lira TL trafik idari para cezas\u0131 uygulanaca\u011f\u0131n\u0131, s\u00fcr\u00fcc\u00fc belgelerinin 30 g\u00fcn s\u00fcreyle geri al\u0131naca\u011f\u0131 ve ara\u00e7lar\u0131n 30 g\u00fcn s\u00fcre ile trafikten men edilece\u011fini duyururken, s\u00fcr\u00fcc\u00fc son ihlalin ger\u00e7ekle\u015fti\u011fi tarihten geriye do\u011fru bir y\u0131l &hellip;\" \/>\n<meta property=\"og:url\" content=\"https:\/\/denizcankizil.tr\/en\/haberler\/gundem\/bursada-115-ayda-163-araca-milyon-liralik-cakar-ceza\/\" \/>\n<meta property=\"og:site_name\" content=\"Av. Deniz Can K\u0131z\u0131l\" \/>\n<meta property=\"article:published_time\" content=\"2024-12-18T06:41:32+00:00\" \/>\n<meta name=\"twitter:card\" content=\"summary_large_image\" \/>\n<meta name=\"twitter:label1\" content=\"Estimated reading time\" \/>\n\t<meta name=\"twitter:data1\" content=\"4 minutes\" \/>\n<script type=\"application\/ld+json\" class=\"yoast-schema-graph\">{\"@context\":\"https:\/\/schema.org\",\"@graph\":[{\"@type\":\"Article\",\"@id\":\"https:\/\/denizcankizil.tr\/en\/haberler\/gundem\/bursada-115-ayda-163-araca-milyon-liralik-cakar-ceza\/#article\",\"isPartOf\":{\"@id\":\"https:\/\/denizcankizil.tr\/en\/haberler\/gundem\/bursada-115-ayda-163-araca-milyon-liralik-cakar-ceza\/\"},\"author\":{\"name\":\"\",\"@id\":\"\"},\"headline\":\"Bursa&#8217;da 11,5 ayda 163 araca milyon liral\u0131k &#8216;\u00e7akar&#8217; ceza!\",\"datePublished\":\"2024-12-18T06:41:32+00:00\",\"mainEntityOfPage\":{\"@id\":\"https:\/\/denizcankizil.tr\/en\/haberler\/gundem\/bursada-115-ayda-163-araca-milyon-liralik-cakar-ceza\/\"},\"wordCount\":763,\"commentCount\":0,\"publisher\":{\"@id\":\"https:\/\/denizcankizil.tr\/de\/#organization\"},\"articleSection\":[\"G\u00fcndem\",\"Uncategorized\"],\"inLanguage\":\"en-GB\",\"potentialAction\":[{\"@type\":\"CommentAction\",\"name\":\"Comment\",\"target\":[\"https:\/\/denizcankizil.tr\/en\/haberler\/gundem\/bursada-115-ayda-163-araca-milyon-liralik-cakar-ceza\/#respond\"]}]},{\"@type\":\"WebPage\",\"@id\":\"https:\/\/denizcankizil.tr\/en\/haberler\/gundem\/bursada-115-ayda-163-araca-milyon-liralik-cakar-ceza\/\",\"url\":\"https:\/\/denizcankizil.tr\/en\/haberler\/gundem\/bursada-115-ayda-163-araca-milyon-liralik-cakar-ceza\/\",\"name\":\"Bursa'da 11,5 ayda 163 araca milyon liral\u0131k '\u00e7akar' ceza! - Av. Deniz Can K\u0131z\u0131l\",\"isPartOf\":{\"@id\":\"https:\/\/denizcankizil.tr\/de\/#website\"},\"datePublished\":\"2024-12-18T06:41:32+00:00\",\"breadcrumb\":{\"@id\":\"https:\/\/denizcankizil.tr\/en\/haberler\/gundem\/bursada-115-ayda-163-araca-milyon-liralik-cakar-ceza\/#breadcrumb\"},\"inLanguage\":\"en-GB\",\"potentialAction\":[{\"@type\":\"ReadAction\",\"target\":[\"https:\/\/denizcankizil.tr\/en\/haberler\/gundem\/bursada-115-ayda-163-araca-milyon-liralik-cakar-ceza\/\"]}]},{\"@type\":\"BreadcrumbList\",\"@id\":\"https:\/\/denizcankizil.tr\/en\/haberler\/gundem\/bursada-115-ayda-163-araca-milyon-liralik-cakar-ceza\/#breadcrumb\",\"itemListElement\":[{\"@type\":\"ListItem\",\"position\":1,\"name\":\"Home\",\"item\":\"https:\/\/denizcankizil.tr\/de\/\"},{\"@type\":\"ListItem\",\"position\":2,\"name\":\"Bursa&#8217;da 11,5 ayda 163 araca milyon liral\u0131k &#8216;\u00e7akar&#8217; ceza!\"}]},{\"@type\":\"WebSite\",\"@id\":\"https:\/\/denizcankizil.tr\/de\/#website\",\"url\":\"https:\/\/denizcankizil.tr\/de\/\",\"name\":\"Av. Deniz Can K\u0131z\u0131l\",\"description\":\"Avukat Deniz Can K\u0131z\u0131l Antalya Barosu\",\"publisher\":{\"@id\":\"https:\/\/denizcankizil.tr\/de\/#organization\"},\"potentialAction\":[{\"@type\":\"SearchAction\",\"target\":{\"@type\":\"EntryPoint\",\"urlTemplate\":\"https:\/\/denizcankizil.tr\/de\/?s={search_term_string}\"},\"query-input\":{\"@type\":\"PropertyValueSpecification\",\"valueRequired\":true,\"valueName\":\"search_term_string\"}}],\"inLanguage\":\"en-GB\"},{\"@type\":\"Organization\",\"@id\":\"https:\/\/denizcankizil.tr\/de\/#organization\",\"name\":\"Av. Deniz Can K\u0131z\u0131l\",\"url\":\"https:\/\/denizcankizil.tr\/de\/\",\"logo\":{\"@type\":\"ImageObject\",\"inLanguage\":\"en-GB\",\"@id\":\"https:\/\/denizcankizil.tr\/de\/#\/schema\/logo\/image\/\",\"url\":\"https:\/\/denizcankizil.tr\/wp-content\/uploads\/2024\/10\/siyah-logo-svg.svg\",\"contentUrl\":\"https:\/\/denizcankizil.tr\/wp-content\/uploads\/2024\/10\/siyah-logo-svg.svg\",\"width\":1080,\"height\":1080,\"caption\":\"Av. Deniz Can K\u0131z\u0131l\"},\"image\":{\"@id\":\"https:\/\/denizcankizil.tr\/de\/#\/schema\/logo\/image\/\"}}]}<\/script>\n<!-- \/ Yoast SEO Premium plugin. -->","yoast_head_json":{"title":"Bursa'da 11,5 ayda 163 araca milyon liral\u0131k '\u00e7akar' ceza! - Av. Deniz Can K\u0131z\u0131l","robots":{"index":"index","follow":"follow","max-snippet":"max-snippet:-1","max-image-preview":"max-image-preview:large","max-video-preview":"max-video-preview:-1"},"canonical":"https:\/\/denizcankizil.tr\/en\/haberler\/gundem\/bursada-115-ayda-163-araca-milyon-liralik-cakar-ceza\/","og_locale":"en_GB","og_type":"article","og_title":"Bursa'da 11,5 ayda 163 araca milyon liral\u0131k '\u00e7akar' ceza!","og_description":"Bursa&#8217;da mevzuata izin verilmeyen ara\u00e7lara tak\u0131lan \u00e7akar cihazlarla ilgili Emniyet M\u00fcd\u00fcrl\u00fc\u011f\u00fc&#8217;ne ba\u011fl\u0131 sivil ve resmi ekiplerin 11,5 ayl\u0131k s\u00fcre i\u00e7erisinde yapt\u0131\u011f\u0131 denetimlerde toplamda 163 araca toplamda 1 milyon 49 bin 557 TL trafik idari para cezas\u0131 uyguland\u0131.BURSA (\u0130GFA) &#8211; Bursa \u0130l Emniyet M\u00fcd\u00fcrl\u00fc\u011f\u00fc&#8217;ne ba\u011fl\u0131 Trafik Denetleme \u015eube M\u00fcd\u00fcrl\u00fc\u011f\u00fc b\u00fcnyesindeki sivil ve resmi ekipler, 1 Ocak-15 Aral\u0131k 2024 tarihleri aras\u0131nda yap\u0131lan \u00e7akar lamba denetimlere ili\u015fkin il genelinde yaz\u0131lan cezalar\u0131 kamuoyuyla payla\u015ft\u0131. Bursa&#8217;da mevzuata belirtilen \u0131\u015f\u0131kl\u0131\/sesli uyar\u0131i i\u015fareti veren cihazlar\u0131 mevzuatta izin verilmeyen ara\u00e7lara takt\u0131\u011f\u0131 tespit edilen 163 araca, ara\u00e7 ba\u015f\u0131 6 bin 439 lira olmak \u00fczere toplamda 1 milyon 49 bin 557 liral\u0131k trafik idari para cezas\u0131 uyguland\u0131. ???? Trafik Denetleme \u015eube M\u00fcd\u00fcrl\u00fc\u011f\u00fcm\u00fcze ba\u011fl\u0131 sivil ve resmi ekiplerce;1\ufe0f\u20e3 Ocak 2\ufe0f\u20e30\ufe0f\u20e32\ufe0f\u20e34\ufe0f\u20e3 &#8211; 1\ufe0f\u20e35\ufe0f\u20e3 Aral\u0131k 2\ufe0f\u20e30\ufe0f\u20e32\ufe0f\u20e34\ufe0f\u20e3 tarihleri aras\u0131nda yap\u0131lan denetimlerde, mevzuatta belirtilen \u0131\u015f\u0131kl\u0131 ve \/ veya sesli uyar\u0131 i\u015fareti veren cihazlar\u0131 mevzuatta izin verilmeyen ara\u00e7lara takt\u0131\u011f\u0131 ve\u2026 pic.twitter.com\/vJOsLbcG73\u2014 Bursa Emniyet M\u00fcd\u00fcrl\u00fc\u011f\u00fc (@EmniyetBursa) December 17, 2024 Yap\u0131lan yasal de\u011fi\u015fiklikle birlikte vatanda\u015flar\u0131 uyaran Bursa \u0130l Emniyet M\u00fcd\u00fcrl\u00fc\u011f\u00fc, \u00e7akar kullanan s\u00fcr\u00fcc\u00fclere 96 bin lira TL trafik idari para cezas\u0131 uygulanaca\u011f\u0131n\u0131, s\u00fcr\u00fcc\u00fc belgelerinin 30 g\u00fcn s\u00fcreyle geri al\u0131naca\u011f\u0131 ve ara\u00e7lar\u0131n 30 g\u00fcn s\u00fcre ile trafikten men edilece\u011fini duyururken, s\u00fcr\u00fcc\u00fc son ihlalin ger\u00e7ekle\u015fti\u011fi tarihten geriye do\u011fru bir y\u0131l &hellip;","og_url":"https:\/\/denizcankizil.tr\/en\/haberler\/gundem\/bursada-115-ayda-163-araca-milyon-liralik-cakar-ceza\/","og_site_name":"Av. Deniz Can K\u0131z\u0131l","article_published_time":"2024-12-18T06:41:32+00:00","twitter_card":"summary_large_image","twitter_misc":{"Estimated reading time":"4 minutes"},"schema":{"@context":"https:\/\/schema.org","@graph":[{"@type":"Article","@id":"https:\/\/denizcankizil.tr\/en\/haberler\/gundem\/bursada-115-ayda-163-araca-milyon-liralik-cakar-ceza\/#article","isPartOf":{"@id":"https:\/\/denizcankizil.tr\/en\/haberler\/gundem\/bursada-115-ayda-163-araca-milyon-liralik-cakar-ceza\/"},"author":{"name":"","@id":""},"headline":"Bursa&#8217;da 11,5 ayda 163 araca milyon liral\u0131k &#8216;\u00e7akar&#8217; ceza!","datePublished":"2024-12-18T06:41:32+00:00","mainEntityOfPage":{"@id":"https:\/\/denizcankizil.tr\/en\/haberler\/gundem\/bursada-115-ayda-163-araca-milyon-liralik-cakar-ceza\/"},"wordCount":763,"commentCount":0,"publisher":{"@id":"https:\/\/denizcankizil.tr\/de\/#organization"},"articleSection":["G\u00fcndem","Uncategorized"],"inLanguage":"en-GB","potentialAction":[{"@type":"CommentAction","name":"Comment","target":["https:\/\/denizcankizil.tr\/en\/haberler\/gundem\/bursada-115-ayda-163-araca-milyon-liralik-cakar-ceza\/#respond"]}]},{"@type":"WebPage","@id":"https:\/\/denizcankizil.tr\/en\/haberler\/gundem\/bursada-115-ayda-163-araca-milyon-liralik-cakar-ceza\/","url":"https:\/\/denizcankizil.tr\/en\/haberler\/gundem\/bursada-115-ayda-163-araca-milyon-liralik-cakar-ceza\/","name":"Bursa'da 11,5 ayda 163 araca milyon liral\u0131k '\u00e7akar' ceza! - Av. Deniz Can K\u0131z\u0131l","isPartOf":{"@id":"https:\/\/denizcankizil.tr\/de\/#website"},"datePublished":"2024-12-18T06:41:32+00:00","breadcrumb":{"@id":"https:\/\/denizcankizil.tr\/en\/haberler\/gundem\/bursada-115-ayda-163-araca-milyon-liralik-cakar-ceza\/#breadcrumb"},"inLanguage":"en-GB","potentialAction":[{"@type":"ReadAction","target":["https:\/\/denizcankizil.tr\/en\/haberler\/gundem\/bursada-115-ayda-163-araca-milyon-liralik-cakar-ceza\/"]}]},{"@type":"BreadcrumbList","@id":"https:\/\/denizcankizil.tr\/en\/haberler\/gundem\/bursada-115-ayda-163-araca-milyon-liralik-cakar-ceza\/#breadcrumb","itemListElement":[{"@type":"ListItem","position":1,"name":"Home","item":"https:\/\/denizcankizil.tr\/de\/"},{"@type":"ListItem","position":2,"name":"Bursa&#8217;da 11,5 ayda 163 araca milyon liral\u0131k &#8216;\u00e7akar&#8217; ceza!"}]},{"@type":"WebSite","@id":"https:\/\/denizcankizil.tr\/de\/#website","url":"https:\/\/denizcankizil.tr\/de\/","name":"Av. Deniz Can K\u0131z\u0131l","description":"Avukat Deniz Can K\u0131z\u0131l Antalya Barosu","publisher":{"@id":"https:\/\/denizcankizil.tr\/de\/#organization"},"potentialAction":[{"@type":"SearchAction","target":{"@type":"EntryPoint","urlTemplate":"https:\/\/denizcankizil.tr\/de\/?s={search_term_string}"},"query-input":{"@type":"PropertyValueSpecification","valueRequired":true,"valueName":"search_term_string"}}],"inLanguage":"en-GB"},{"@type":"Organization","@id":"https:\/\/denizcankizil.tr\/de\/#organization","name":"Av. Deniz Can K\u0131z\u0131l","url":"https:\/\/denizcankizil.tr\/de\/","logo":{"@type":"ImageObject","inLanguage":"en-GB","@id":"https:\/\/denizcankizil.tr\/de\/#\/schema\/logo\/image\/","url":"https:\/\/denizcankizil.tr\/wp-content\/uploads\/2024\/10\/siyah-logo-svg.svg","contentUrl":"https:\/\/denizcankizil.tr\/wp-content\/uploads\/2024\/10\/siyah-logo-svg.svg","width":1080,"height":1080,"caption":"Av. Deniz Can K\u0131z\u0131l"},"image":{"@id":"https:\/\/denizcankizil.tr\/de\/#\/schema\/logo\/image\/"}}]}},"_links":{"self":[{"href":"https:\/\/denizcankizil.tr\/en\/wp-json\/wp\/v2\/posts\/21197","targetHints":{"allow":["GET"]}}],"collection":[{"href":"https:\/\/denizcankizil.tr\/en\/wp-json\/wp\/v2\/posts"}],"about":[{"href":"https:\/\/denizcankizil.tr\/en\/wp-json\/wp\/v2\/types\/post"}],"replies":[{"embeddable":true,"href":"https:\/\/denizcankizil.tr\/en\/wp-json\/wp\/v2\/comments?post=21197"}],"version-history":[{"count":0,"href":"https:\/\/denizcankizil.tr\/en\/wp-json\/wp\/v2\/posts\/21197\/revisions"}],"wp:attachment":[{"href":"https:\/\/denizcankizil.tr\/en\/wp-json\/wp\/v2\/media?parent=21197"}],"wp:term":[{"taxonomy":"category","embeddable":true,"href":"https:\/\/denizcankizil.tr\/en\/wp-json\/wp\/v2\/categories?post=21197"},{"taxonomy":"post_tag","embeddable":true,"href":"https:\/\/denizcankizil.tr\/en\/wp-json\/wp\/v2\/tags?post=21197"}],"curies":[{"name":"wp","href":"https:\/\/api.w.org\/{rel}","templated":true}]}}