{"id":21196,"date":"2024-12-18T09:41:31","date_gmt":"2024-12-18T06:41:31","guid":{"rendered":"https:\/\/denizcankizil.tr\/uncategorized-tr\/meteorolojiden-doguya-uyari-ustune-uyari\/"},"modified":"2024-12-18T09:41:31","modified_gmt":"2024-12-18T06:41:31","slug":"meteorolojiden-doguya-uyari-ustune-uyari","status":"publish","type":"post","link":"https:\/\/denizcankizil.tr\/en\/haberler\/gundem\/meteorolojiden-doguya-uyari-ustune-uyari\/","title":{"rendered":"Meteoroloji&#8217;den Do\u011fu&#8217;ya uyar\u0131 \u00fcst\u00fcne uyar\u0131!"},"content":{"rendered":"<p>Meteoroloji&#8217;den yap\u0131lan son de\u011ferlendirmelere g\u00f6re, T\u00fcrkiye genelinde kuzey, i\u00e7 ve do\u011fu b\u00f6lgelerde par\u00e7al\u0131 ve \u00e7ok bulutlu hava etkili olacak. \u00d6zellikle Do\u011fu Karadeniz k\u0131y\u0131lar\u0131, Bart\u0131n, Sinop, Ordu ve Ardahan \u00e7evrelerinde kuvvetli ya\u011fmur ve sa\u011fanak beklenirken, Rize, Artvin ve Ardahan&#8217;\u0131n i\u00e7 kesimlerinde ise yo\u011fun kar ya\u011f\u0131\u015f\u0131 etkili olacak. Do\u011fu Karadeniz\u2019in i\u00e7 kesimlerinin y\u00fcksekleri ile Do\u011fu Anadolu&#8217;nun dik ve e\u011fimli yama\u00e7lar\u0131na da \u00e7\u0131\u011f tehlikesi uyar\u0131s\u0131 geldi.ANKARA (\u0130GFA) &#8211; Meteoroloji Genel M\u00fcd\u00fcrl\u00fc\u011f\u00fc, 18 Aral\u0131k \u00c7ar\u015famba g\u00fcn\u00fcne ili\u015fkin hava tahmin raporunu yay\u0131mlad\u0131.<br \/>\nBuna g\u00f6re, T\u00fcrkiye&#8217;nin kuzey, i\u00e7 ve do\u011fu kesimlerinin par\u00e7al\u0131 ve \u00e7ok bulutlu, Do\u011fu Karadeniz k\u0131y\u0131lar\u0131 ile Bart\u0131n, Sinop ve Ordu \u00e7evrelerinin ya\u011fmur ve sa\u011fanak ya\u011f\u0131\u015fl\u0131, Do\u011fu Karadeniz&#8217;in i\u00e7 kesimleri ile Ardahan \u00e7evrelerinin karla kar\u0131\u015f\u0131k ya\u011fmur ve kar ya\u011f\u0131\u015fl\u0131, di\u011fer yerlerin az bulutlu ve a\u00e7\u0131k ge\u00e7ece\u011fi tahmin ediliyor.<\/p>\n<p>Ya\u011f\u0131\u015flar\u0131n; Rize ve Artvin k\u0131y\u0131lar\u0131nda kuvvetli ya\u011fmur ve sa\u011fanak, Ardahan ile Rize ve Artvin&#8217;in i\u00e7 ve y\u00fcksek kesimlerinde yo\u011fun kar ya\u011f\u0131\u015f\u0131 \u015feklinde etkili olmas\u0131 bekleniyor. R\u00fczgar\u0131n Do\u011fu Karadeniz k\u0131y\u0131lar\u0131 ile Ardahan \u00e7evrelerinde kuzeybat\u0131, Do\u011fu Karadeniz&#8217;in i\u00e7 kesimlerinde bat\u0131 ve g\u00fcneybat\u0131 y\u00f6nlerden kuvvetli ve k\u0131sa s\u00fcreli f\u0131rt\u0131na(50-70 km\/saat) \u015feklinde esece\u011fi tahmin ediliyor. Bu sabah ve gece saatlerinde \u0130\u00e7 ve do\u011fu kesimlerde buzlanma ve don ile birlikte pus ve yer yer sis bekleniyor. Do\u011fu Karadeniz&#8217;in i\u00e7 kesimlerinin y\u00fcksekleri ile Do\u011fu Anadolu&#8217;nun y\u00fckseklerinin dik ve e\u011fimli yama\u00e7lar\u0131nda \u00e7\u0131\u011f tehlikesi bulunmaktad\u0131r.<br \/>\nR\u00fczgar\u0131n genellikle kuzeyli, i\u00e7 kesimlerde yer yer g\u00fcneybat\u0131 y\u00f6nlerden hafif, ara s\u0131ra orta kuvvette, Do\u011fu Karadeniz k\u0131y\u0131lar\u0131 ile Ardahan \u00e7evrelerinde kuzeybat\u0131, Do\u011fu Karadeniz&#8217;in i\u00e7 kesimlerinde bat\u0131 ve g\u00fcneybat\u0131 y\u00f6nlerden kuvvetli ve k\u0131sa s\u00fcreli f\u0131rt\u0131na(50-70 km\/saat) \u015feklinde esece\u011fi tahmin edilirken, kuvvetli uyarlar\u0131 da pe\u015f pe\u015fe verdi.<\/p>\n<p>\u0130\u015fte Meteoroloji&#8217;den gelen o uyar\u0131lar&#8230;<br \/>\nKUVVETL\u0130 YA\u011eI\u015e UYARISI: Ya\u011f\u0131\u015flar\u0131n; Rize ve Artvin k\u0131y\u0131lar\u0131nda kuvvetli ya\u011fmur ve sa\u011fanak, Rize ve Artvin&#8217;in i\u00e7 ve y\u00fcksek kesimleri ile Ardahan \u00e7evrelerinde yo\u011fun kar ya\u011f\u0131\u015f\u0131 \u015feklinde etkili olmas\u0131 beklendi\u011finden ya\u015fanabilecek olumsuz \u015fartlara kar\u015f\u0131 dikkatli ve tedbirli olunmas\u0131 gerekmektedir.<br \/>\nKUVVETL\u0130 R\u00dcZGAR UYARISI: R\u00fczgar\u0131n Do\u011fu Karadeniz k\u0131y\u0131lar\u0131 ile Ardahan \u00e7evrelerinde kuzeybat\u0131, Do\u011fu Karadeniz&#8217;in i\u00e7 kesimlerinde bat\u0131 ve g\u00fcneybat\u0131 y\u00f6nlerden kuvvetli ve k\u0131sa s\u00fcreli f\u0131rt\u0131na(50-70 km\/saat) \u015feklinde esmesi beklendi\u011finden ya\u015fanabilecek olumsuz \u015fartlara kar\u015f\u0131 dikkatli ve tedbirli olunmas\u0131 gerekmektedir.<br \/>\n\u00c7I\u011e TEHL\u0130KES\u0130 UYARISI: Meteoroloji Genel M\u00fcd\u00fcrl\u00fc\u011f\u00fc\u2019nden yap\u0131lan son de\u011ferlendirmelere g\u00f6re, T\u00fcrkiye genelinde kuzey, i\u00e7 ve do\u011fu b\u00f6lgelerde par\u00e7al\u0131 ve \u00e7ok bulutlu hava etkili olacak. \u00d6zellikle Do\u011fu Karadeniz k\u0131y\u0131lar\u0131, Bart\u0131n, Sinop, Ordu ve Ardahan \u00e7evrelerinde kuvvetli ya\u011fmur ve sa\u011fanak bekleniyor. Rize, Artvin ve Ardahan&#8217;\u0131n i\u00e7 kesimlerinde ise yo\u011fun kar ya\u011f\u0131\u015f\u0131 etkili olacak.<\/p>\n<p>BUZLANMA VE DON OLAYI UYARISI: Bu sabah ve gece saatlerinde \u0130\u00e7 ve do\u011fu kesimlerde buzlanma ve don ile birlikte pus ve yer yer sis olay\u0131 beklendi\u011finden ya\u015fanabilecek olumsuz \u015fartlara kar\u015f\u0131 dikkatli ve tedbirli olunmas\u0131 gerekmektedir.<\/p>\n<p>\u200bMeteoroloji&#8217;den yap\u0131lan son de\u011ferlendirmelere g\u00f6re, T\u00fcrkiye genelinde kuzey, i\u00e7 ve do\u011fu b\u00f6lgelerde par\u00e7al\u0131 ve \u00e7ok bulutlu hava etkili olacak. \u00d6zellikle Do\u011fu Karadeniz k\u0131y\u0131lar\u0131, Bart\u0131n, Sinop, Ordu ve Ardahan \u00e7evrelerinde kuvvetli ya\u011fmur ve sa\u011fanak beklenirken, Rize, Artvin ve Ardahan&#8217;\u0131n i\u00e7 kesimlerinde ise yo\u011fun kar ya\u011f\u0131\u015f\u0131 etkili olacak. Do\u011fu Karadeniz\u2019in i\u00e7 kesimlerinin y\u00fcksekleri ile Do\u011fu Anadolu&#8217;nun dik ve e\u011fimli yama\u00e7lar\u0131na da \u00e7\u0131\u011f tehlikesi uyar\u0131s\u0131 geldi.ANKARA (\u0130GFA) &#8211; Meteoroloji Genel M\u00fcd\u00fcrl\u00fc\u011f\u00fc, 18 Aral\u0131k \u00c7ar\u015famba g\u00fcn\u00fcne ili\u015fkin hava tahmin raporunu yay\u0131mlad\u0131.<br \/>\nBuna g\u00f6re, T\u00fcrkiye&#8217;nin kuzey, i\u00e7 ve do\u011fu kesimlerinin par\u00e7al\u0131 ve \u00e7ok bulutlu, Do\u011fu Karadeniz k\u0131y\u0131lar\u0131 ile Bart\u0131n, Sinop ve Ordu \u00e7evrelerinin ya\u011fmur ve sa\u011fanak ya\u011f\u0131\u015fl\u0131, Do\u011fu Karadeniz&#8217;in i\u00e7 kesimleri ile Ardahan \u00e7evrelerinin karla kar\u0131\u015f\u0131k ya\u011fmur ve kar ya\u011f\u0131\u015fl\u0131, di\u011fer yerlerin az bulutlu ve a\u00e7\u0131k ge\u00e7ece\u011fi tahmin ediliyor.<\/p>\n<p>Ya\u011f\u0131\u015flar\u0131n; Rize ve Artvin k\u0131y\u0131lar\u0131nda kuvvetli ya\u011fmur ve sa\u011fanak, Ardahan ile Rize ve Artvin&#8217;in i\u00e7 ve y\u00fcksek kesimlerinde yo\u011fun kar ya\u011f\u0131\u015f\u0131 \u015feklinde etkili olmas\u0131 bekleniyor. R\u00fczgar\u0131n Do\u011fu Karadeniz k\u0131y\u0131lar\u0131 ile Ardahan \u00e7evrelerinde kuzeybat\u0131, Do\u011fu Karadeniz&#8217;in i\u00e7 kesimlerinde bat\u0131 ve g\u00fcneybat\u0131 y\u00f6nlerden kuvvetli ve k\u0131sa s\u00fcreli f\u0131rt\u0131na(50-70 km\/saat) \u015feklinde esece\u011fi tahmin ediliyor. Bu sabah ve gece saatlerinde \u0130\u00e7 ve do\u011fu kesimlerde buzlanma ve don ile birlikte pus ve yer yer sis bekleniyor. Do\u011fu Karadeniz&#8217;in i\u00e7 kesimlerinin y\u00fcksekleri ile Do\u011fu Anadolu&#8217;nun y\u00fckseklerinin dik ve e\u011fimli yama\u00e7lar\u0131nda \u00e7\u0131\u011f tehlikesi bulunmaktad\u0131r.<br \/>\nR\u00fczgar\u0131n genellikle kuzeyli, i\u00e7 kesimlerde yer yer g\u00fcneybat\u0131 y\u00f6nlerden hafif, ara s\u0131ra orta kuvvette, Do\u011fu Karadeniz k\u0131y\u0131lar\u0131 ile Ardahan \u00e7evrelerinde kuzeybat\u0131, Do\u011fu Karadeniz&#8217;in i\u00e7 kesimlerinde bat\u0131 ve g\u00fcneybat\u0131 y\u00f6nlerden kuvvetli ve k\u0131sa s\u00fcreli f\u0131rt\u0131na(50-70 km\/saat) \u015feklinde esece\u011fi tahmin edilirken, kuvvetli uyarlar\u0131 da pe\u015f pe\u015fe verdi.<\/p>\n<p>\u0130\u015fte Meteoroloji&#8217;den gelen o uyar\u0131lar&#8230;<br \/>\nKUVVETL\u0130 YA\u011eI\u015e UYARISI: Ya\u011f\u0131\u015flar\u0131n; Rize ve Artvin k\u0131y\u0131lar\u0131nda kuvvetli ya\u011fmur ve sa\u011fanak, Rize ve Artvin&#8217;in i\u00e7 ve y\u00fcksek kesimleri ile Ardahan \u00e7evrelerinde yo\u011fun kar ya\u011f\u0131\u015f\u0131 \u015feklinde etkili olmas\u0131 beklendi\u011finden ya\u015fanabilecek olumsuz \u015fartlara kar\u015f\u0131 dikkatli ve tedbirli olunmas\u0131 gerekmektedir.<br \/>\nKUVVETL\u0130 R\u00dcZGAR UYARISI: R\u00fczgar\u0131n Do\u011fu Karadeniz k\u0131y\u0131lar\u0131 ile Ardahan \u00e7evrelerinde kuzeybat\u0131, Do\u011fu Karadeniz&#8217;in i\u00e7 kesimlerinde bat\u0131 ve g\u00fcneybat\u0131 y\u00f6nlerden kuvvetli ve k\u0131sa s\u00fcreli f\u0131rt\u0131na(50-70 km\/saat) \u015feklinde esmesi beklendi\u011finden ya\u015fanabilecek olumsuz \u015fartlara kar\u015f\u0131 dikkatli ve tedbirli olunmas\u0131 gerekmektedir.<br \/>\n\u00c7I\u011e TEHL\u0130KES\u0130 UYARISI: Meteoroloji Genel M\u00fcd\u00fcrl\u00fc\u011f\u00fc\u2019nden yap\u0131lan son de\u011ferlendirmelere g\u00f6re, T\u00fcrkiye genelinde kuzey, i\u00e7 ve do\u011fu b\u00f6lgelerde par\u00e7al\u0131 ve \u00e7ok bulutlu hava etkili olacak. \u00d6zellikle Do\u011fu Karadeniz k\u0131y\u0131lar\u0131, Bart\u0131n, Sinop, Ordu ve Ardahan \u00e7evrelerinde kuvvetli ya\u011fmur ve sa\u011fanak bekleniyor. Rize, Artvin ve Ardahan&#8217;\u0131n i\u00e7 kesimlerinde ise yo\u011fun kar ya\u011f\u0131\u015f\u0131 etkili olacak.<\/p>\n<p>BUZLANMA VE DON OLAYI UYARISI: Bu sabah ve gece saatlerinde \u0130\u00e7 ve do\u011fu kesimlerde buzlanma ve don ile birlikte pus ve yer yer sis olay\u0131 beklendi\u011finden ya\u015fanabilecek olumsuz \u015fartlara kar\u015f\u0131 dikkatli ve tedbirli olunmas\u0131 gerekmektedir.\u00a0<\/p>\n<p>\u200bHaberin Al\u0131nt\u0131land\u0131\u011f\u0131 Kaynak: www.iskenderun.org<\/p>","protected":false},"excerpt":{"rendered":"<p>Meteoroloji&#8217;den yap\u0131lan son de\u011ferlendirmelere g\u00f6re, T\u00fcrkiye genelinde kuzey, i\u00e7 ve do\u011fu b\u00f6lgelerde par\u00e7al\u0131 ve \u00e7ok bulutlu hava etkili olacak. \u00d6zellikle Do\u011fu Karadeniz k\u0131y\u0131lar\u0131, Bart\u0131n, Sinop, Ordu ve Ardahan \u00e7evrelerinde kuvvetli ya\u011fmur ve sa\u011fanak beklenirken, Rize, Artvin ve Ardahan&#8217;\u0131n i\u00e7 kesimlerinde ise yo\u011fun kar ya\u011f\u0131\u015f\u0131 etkili olacak. Do\u011fu Karadeniz\u2019in i\u00e7 kesimlerinin y\u00fcksekleri ile Do\u011fu Anadolu&#8217;nun dik ve e\u011fimli yama\u00e7lar\u0131na da \u00e7\u0131\u011f tehlikesi uyar\u0131s\u0131 geldi.ANKARA (\u0130GFA) &#8211; Meteoroloji Genel M\u00fcd\u00fcrl\u00fc\u011f\u00fc, 18 Aral\u0131k \u00c7ar\u015famba g\u00fcn\u00fcne ili\u015fkin hava tahmin raporunu yay\u0131mlad\u0131. Buna g\u00f6re, T\u00fcrkiye&#8217;nin kuzey, i\u00e7 ve do\u011fu kesimlerinin par\u00e7al\u0131 ve \u00e7ok bulutlu, Do\u011fu Karadeniz k\u0131y\u0131lar\u0131 ile Bart\u0131n, Sinop ve Ordu \u00e7evrelerinin ya\u011fmur ve sa\u011fanak ya\u011f\u0131\u015fl\u0131, Do\u011fu Karadeniz&#8217;in i\u00e7 kesimleri ile Ardahan \u00e7evrelerinin karla kar\u0131\u015f\u0131k ya\u011fmur ve kar ya\u011f\u0131\u015fl\u0131, di\u011fer yerlerin az bulutlu ve a\u00e7\u0131k ge\u00e7ece\u011fi tahmin ediliyor. Ya\u011f\u0131\u015flar\u0131n; Rize ve Artvin k\u0131y\u0131lar\u0131nda kuvvetli ya\u011fmur ve sa\u011fanak, Ardahan ile Rize ve Artvin&#8217;in i\u00e7 ve y\u00fcksek kesimlerinde yo\u011fun kar ya\u011f\u0131\u015f\u0131 \u015feklinde etkili olmas\u0131 bekleniyor. R\u00fczgar\u0131n Do\u011fu Karadeniz k\u0131y\u0131lar\u0131 ile Ardahan \u00e7evrelerinde kuzeybat\u0131, Do\u011fu Karadeniz&#8217;in i\u00e7 kesimlerinde bat\u0131 ve g\u00fcneybat\u0131 y\u00f6nlerden kuvvetli ve k\u0131sa s\u00fcreli f\u0131rt\u0131na(50-70 km\/saat) \u015feklinde esece\u011fi tahmin ediliyor. Bu sabah ve gece saatlerinde \u0130\u00e7 ve do\u011fu kesimlerde buzlanma ve don ile birlikte pus ve yer yer sis bekleniyor. Do\u011fu Karadeniz&#8217;in i\u00e7 kesimlerinin y\u00fcksekleri &hellip;<\/p>","protected":false},"author":0,"featured_media":0,"comment_status":"open","ping_status":"open","sticky":false,"template":"","format":"standard","meta":{"_acf_changed":false,"footnotes":""},"categories":[24,535],"tags":[],"class_list":["post-21196","post","type-post","status-publish","format-standard","has-post-thumbnail","hentry","category-gundem","category-uncategorized-tr"],"acf":[],"yoast_head":"<!-- This site is optimized with the Yoast SEO Premium plugin v26.6 (Yoast SEO v27.1.1) - https:\/\/yoast.com\/product\/yoast-seo-premium-wordpress\/ -->\n<title>Meteoroloji&#039;den Do\u011fu&#039;ya uyar\u0131 \u00fcst\u00fcne uyar\u0131! - Av. Deniz Can K\u0131z\u0131l<\/title>\n<meta name=\"robots\" content=\"index, follow, max-snippet:-1, max-image-preview:large, max-video-preview:-1\" \/>\n<link rel=\"canonical\" href=\"https:\/\/denizcankizil.tr\/en\/haberler\/gundem\/meteorolojiden-doguya-uyari-ustune-uyari\/\" \/>\n<meta property=\"og:locale\" content=\"en_GB\" \/>\n<meta property=\"og:type\" content=\"article\" \/>\n<meta property=\"og:title\" content=\"Meteoroloji&#039;den Do\u011fu&#039;ya uyar\u0131 \u00fcst\u00fcne uyar\u0131!\" \/>\n<meta property=\"og:description\" content=\"Meteoroloji&#8217;den yap\u0131lan son de\u011ferlendirmelere g\u00f6re, T\u00fcrkiye genelinde kuzey, i\u00e7 ve do\u011fu b\u00f6lgelerde par\u00e7al\u0131 ve \u00e7ok bulutlu hava etkili olacak. \u00d6zellikle Do\u011fu Karadeniz k\u0131y\u0131lar\u0131, Bart\u0131n, Sinop, Ordu ve Ardahan \u00e7evrelerinde kuvvetli ya\u011fmur ve sa\u011fanak beklenirken, Rize, Artvin ve Ardahan&#8217;\u0131n i\u00e7 kesimlerinde ise yo\u011fun kar ya\u011f\u0131\u015f\u0131 etkili olacak. Do\u011fu Karadeniz\u2019in i\u00e7 kesimlerinin y\u00fcksekleri ile Do\u011fu Anadolu&#8217;nun dik ve e\u011fimli yama\u00e7lar\u0131na da \u00e7\u0131\u011f tehlikesi uyar\u0131s\u0131 geldi.ANKARA (\u0130GFA) &#8211; Meteoroloji Genel M\u00fcd\u00fcrl\u00fc\u011f\u00fc, 18 Aral\u0131k \u00c7ar\u015famba g\u00fcn\u00fcne ili\u015fkin hava tahmin raporunu yay\u0131mlad\u0131. Buna g\u00f6re, T\u00fcrkiye&#8217;nin kuzey, i\u00e7 ve do\u011fu kesimlerinin par\u00e7al\u0131 ve \u00e7ok bulutlu, Do\u011fu Karadeniz k\u0131y\u0131lar\u0131 ile Bart\u0131n, Sinop ve Ordu \u00e7evrelerinin ya\u011fmur ve sa\u011fanak ya\u011f\u0131\u015fl\u0131, Do\u011fu Karadeniz&#8217;in i\u00e7 kesimleri ile Ardahan \u00e7evrelerinin karla kar\u0131\u015f\u0131k ya\u011fmur ve kar ya\u011f\u0131\u015fl\u0131, di\u011fer yerlerin az bulutlu ve a\u00e7\u0131k ge\u00e7ece\u011fi tahmin ediliyor. Ya\u011f\u0131\u015flar\u0131n; Rize ve Artvin k\u0131y\u0131lar\u0131nda kuvvetli ya\u011fmur ve sa\u011fanak, Ardahan ile Rize ve Artvin&#8217;in i\u00e7 ve y\u00fcksek kesimlerinde yo\u011fun kar ya\u011f\u0131\u015f\u0131 \u015feklinde etkili olmas\u0131 bekleniyor. R\u00fczgar\u0131n Do\u011fu Karadeniz k\u0131y\u0131lar\u0131 ile Ardahan \u00e7evrelerinde kuzeybat\u0131, Do\u011fu Karadeniz&#8217;in i\u00e7 kesimlerinde bat\u0131 ve g\u00fcneybat\u0131 y\u00f6nlerden kuvvetli ve k\u0131sa s\u00fcreli f\u0131rt\u0131na(50-70 km\/saat) \u015feklinde esece\u011fi tahmin ediliyor. Bu sabah ve gece saatlerinde \u0130\u00e7 ve do\u011fu kesimlerde buzlanma ve don ile birlikte pus ve yer yer sis bekleniyor. Do\u011fu Karadeniz&#8217;in i\u00e7 kesimlerinin y\u00fcksekleri &hellip;\" \/>\n<meta property=\"og:url\" content=\"https:\/\/denizcankizil.tr\/en\/haberler\/gundem\/meteorolojiden-doguya-uyari-ustune-uyari\/\" \/>\n<meta property=\"og:site_name\" content=\"Av. Deniz Can K\u0131z\u0131l\" \/>\n<meta property=\"article:published_time\" content=\"2024-12-18T06:41:31+00:00\" \/>\n<meta name=\"twitter:card\" content=\"summary_large_image\" \/>\n<meta name=\"twitter:label1\" content=\"Estimated reading time\" \/>\n\t<meta name=\"twitter:data1\" content=\"6 minutes\" \/>\n<script type=\"application\/ld+json\" class=\"yoast-schema-graph\">{\"@context\":\"https:\/\/schema.org\",\"@graph\":[{\"@type\":\"Article\",\"@id\":\"https:\/\/denizcankizil.tr\/uk\/haberler\/gundem\/meteorolojiden-doguya-uyari-ustune-uyari\/#article\",\"isPartOf\":{\"@id\":\"https:\/\/denizcankizil.tr\/uk\/haberler\/gundem\/meteorolojiden-doguya-uyari-ustune-uyari\/\"},\"author\":{\"name\":\"\",\"@id\":\"\"},\"headline\":\"Meteoroloji&#8217;den Do\u011fu&#8217;ya uyar\u0131 \u00fcst\u00fcne uyar\u0131!\",\"datePublished\":\"2024-12-18T06:41:31+00:00\",\"mainEntityOfPage\":{\"@id\":\"https:\/\/denizcankizil.tr\/uk\/haberler\/gundem\/meteorolojiden-doguya-uyari-ustune-uyari\/\"},\"wordCount\":1185,\"commentCount\":0,\"publisher\":{\"@id\":\"https:\/\/denizcankizil.tr\/#organization\"},\"articleSection\":[\"G\u00fcndem\",\"Uncategorized\"],\"inLanguage\":\"en-GB\",\"potentialAction\":[{\"@type\":\"CommentAction\",\"name\":\"Comment\",\"target\":[\"https:\/\/denizcankizil.tr\/uk\/haberler\/gundem\/meteorolojiden-doguya-uyari-ustune-uyari\/#respond\"]}]},{\"@type\":\"WebPage\",\"@id\":\"https:\/\/denizcankizil.tr\/uk\/haberler\/gundem\/meteorolojiden-doguya-uyari-ustune-uyari\/\",\"url\":\"https:\/\/denizcankizil.tr\/uk\/haberler\/gundem\/meteorolojiden-doguya-uyari-ustune-uyari\/\",\"name\":\"Meteoroloji'den Do\u011fu'ya uyar\u0131 \u00fcst\u00fcne uyar\u0131! - Av. Deniz Can K\u0131z\u0131l\",\"isPartOf\":{\"@id\":\"https:\/\/denizcankizil.tr\/#website\"},\"datePublished\":\"2024-12-18T06:41:31+00:00\",\"breadcrumb\":{\"@id\":\"https:\/\/denizcankizil.tr\/uk\/haberler\/gundem\/meteorolojiden-doguya-uyari-ustune-uyari\/#breadcrumb\"},\"inLanguage\":\"en-GB\",\"potentialAction\":[{\"@type\":\"ReadAction\",\"target\":[\"https:\/\/denizcankizil.tr\/uk\/haberler\/gundem\/meteorolojiden-doguya-uyari-ustune-uyari\/\"]}]},{\"@type\":\"BreadcrumbList\",\"@id\":\"https:\/\/denizcankizil.tr\/uk\/haberler\/gundem\/meteorolojiden-doguya-uyari-ustune-uyari\/#breadcrumb\",\"itemListElement\":[{\"@type\":\"ListItem\",\"position\":1,\"name\":\"Home\",\"item\":\"https:\/\/denizcankizil.tr\/de\/\"},{\"@type\":\"ListItem\",\"position\":2,\"name\":\"Meteoroloji&#8217;den Do\u011fu&#8217;ya uyar\u0131 \u00fcst\u00fcne uyar\u0131!\"}]},{\"@type\":\"WebSite\",\"@id\":\"https:\/\/denizcankizil.tr\/#website\",\"url\":\"https:\/\/denizcankizil.tr\/\",\"name\":\"Av. Deniz Can K\u0131z\u0131l\",\"description\":\"Avukat Deniz Can K\u0131z\u0131l Antalya Barosu\",\"publisher\":{\"@id\":\"https:\/\/denizcankizil.tr\/#organization\"},\"potentialAction\":[{\"@type\":\"SearchAction\",\"target\":{\"@type\":\"EntryPoint\",\"urlTemplate\":\"https:\/\/denizcankizil.tr\/?s={search_term_string}\"},\"query-input\":{\"@type\":\"PropertyValueSpecification\",\"valueRequired\":true,\"valueName\":\"search_term_string\"}}],\"inLanguage\":\"en-GB\"},{\"@type\":\"Organization\",\"@id\":\"https:\/\/denizcankizil.tr\/#organization\",\"name\":\"Av. Deniz Can K\u0131z\u0131l\",\"url\":\"https:\/\/denizcankizil.tr\/\",\"logo\":{\"@type\":\"ImageObject\",\"inLanguage\":\"en-GB\",\"@id\":\"https:\/\/denizcankizil.tr\/#\/schema\/logo\/image\/\",\"url\":\"https:\/\/denizcankizil.tr\/wp-content\/uploads\/2024\/10\/siyah-logo-svg.svg\",\"contentUrl\":\"https:\/\/denizcankizil.tr\/wp-content\/uploads\/2024\/10\/siyah-logo-svg.svg\",\"width\":1080,\"height\":1080,\"caption\":\"Av. Deniz Can K\u0131z\u0131l\"},\"image\":{\"@id\":\"https:\/\/denizcankizil.tr\/#\/schema\/logo\/image\/\"}}]}<\/script>\n<!-- \/ Yoast SEO Premium plugin. -->","yoast_head_json":{"title":"Meteoroloji'den Do\u011fu'ya uyar\u0131 \u00fcst\u00fcne uyar\u0131! - Av. Deniz Can K\u0131z\u0131l","robots":{"index":"index","follow":"follow","max-snippet":"max-snippet:-1","max-image-preview":"max-image-preview:large","max-video-preview":"max-video-preview:-1"},"canonical":"https:\/\/denizcankizil.tr\/en\/haberler\/gundem\/meteorolojiden-doguya-uyari-ustune-uyari\/","og_locale":"en_GB","og_type":"article","og_title":"Meteoroloji'den Do\u011fu'ya uyar\u0131 \u00fcst\u00fcne uyar\u0131!","og_description":"Meteoroloji&#8217;den yap\u0131lan son de\u011ferlendirmelere g\u00f6re, T\u00fcrkiye genelinde kuzey, i\u00e7 ve do\u011fu b\u00f6lgelerde par\u00e7al\u0131 ve \u00e7ok bulutlu hava etkili olacak. \u00d6zellikle Do\u011fu Karadeniz k\u0131y\u0131lar\u0131, Bart\u0131n, Sinop, Ordu ve Ardahan \u00e7evrelerinde kuvvetli ya\u011fmur ve sa\u011fanak beklenirken, Rize, Artvin ve Ardahan&#8217;\u0131n i\u00e7 kesimlerinde ise yo\u011fun kar ya\u011f\u0131\u015f\u0131 etkili olacak. Do\u011fu Karadeniz\u2019in i\u00e7 kesimlerinin y\u00fcksekleri ile Do\u011fu Anadolu&#8217;nun dik ve e\u011fimli yama\u00e7lar\u0131na da \u00e7\u0131\u011f tehlikesi uyar\u0131s\u0131 geldi.ANKARA (\u0130GFA) &#8211; Meteoroloji Genel M\u00fcd\u00fcrl\u00fc\u011f\u00fc, 18 Aral\u0131k \u00c7ar\u015famba g\u00fcn\u00fcne ili\u015fkin hava tahmin raporunu yay\u0131mlad\u0131. Buna g\u00f6re, T\u00fcrkiye&#8217;nin kuzey, i\u00e7 ve do\u011fu kesimlerinin par\u00e7al\u0131 ve \u00e7ok bulutlu, Do\u011fu Karadeniz k\u0131y\u0131lar\u0131 ile Bart\u0131n, Sinop ve Ordu \u00e7evrelerinin ya\u011fmur ve sa\u011fanak ya\u011f\u0131\u015fl\u0131, Do\u011fu Karadeniz&#8217;in i\u00e7 kesimleri ile Ardahan \u00e7evrelerinin karla kar\u0131\u015f\u0131k ya\u011fmur ve kar ya\u011f\u0131\u015fl\u0131, di\u011fer yerlerin az bulutlu ve a\u00e7\u0131k ge\u00e7ece\u011fi tahmin ediliyor. Ya\u011f\u0131\u015flar\u0131n; Rize ve Artvin k\u0131y\u0131lar\u0131nda kuvvetli ya\u011fmur ve sa\u011fanak, Ardahan ile Rize ve Artvin&#8217;in i\u00e7 ve y\u00fcksek kesimlerinde yo\u011fun kar ya\u011f\u0131\u015f\u0131 \u015feklinde etkili olmas\u0131 bekleniyor. R\u00fczgar\u0131n Do\u011fu Karadeniz k\u0131y\u0131lar\u0131 ile Ardahan \u00e7evrelerinde kuzeybat\u0131, Do\u011fu Karadeniz&#8217;in i\u00e7 kesimlerinde bat\u0131 ve g\u00fcneybat\u0131 y\u00f6nlerden kuvvetli ve k\u0131sa s\u00fcreli f\u0131rt\u0131na(50-70 km\/saat) \u015feklinde esece\u011fi tahmin ediliyor. Bu sabah ve gece saatlerinde \u0130\u00e7 ve do\u011fu kesimlerde buzlanma ve don ile birlikte pus ve yer yer sis bekleniyor. Do\u011fu Karadeniz&#8217;in i\u00e7 kesimlerinin y\u00fcksekleri &hellip;","og_url":"https:\/\/denizcankizil.tr\/en\/haberler\/gundem\/meteorolojiden-doguya-uyari-ustune-uyari\/","og_site_name":"Av. Deniz Can K\u0131z\u0131l","article_published_time":"2024-12-18T06:41:31+00:00","twitter_card":"summary_large_image","twitter_misc":{"Estimated reading time":"6 minutes"},"schema":{"@context":"https:\/\/schema.org","@graph":[{"@type":"Article","@id":"https:\/\/denizcankizil.tr\/uk\/haberler\/gundem\/meteorolojiden-doguya-uyari-ustune-uyari\/#article","isPartOf":{"@id":"https:\/\/denizcankizil.tr\/uk\/haberler\/gundem\/meteorolojiden-doguya-uyari-ustune-uyari\/"},"author":{"name":"","@id":""},"headline":"Meteoroloji&#8217;den Do\u011fu&#8217;ya uyar\u0131 \u00fcst\u00fcne uyar\u0131!","datePublished":"2024-12-18T06:41:31+00:00","mainEntityOfPage":{"@id":"https:\/\/denizcankizil.tr\/uk\/haberler\/gundem\/meteorolojiden-doguya-uyari-ustune-uyari\/"},"wordCount":1185,"commentCount":0,"publisher":{"@id":"https:\/\/denizcankizil.tr\/#organization"},"articleSection":["G\u00fcndem","Uncategorized"],"inLanguage":"en-GB","potentialAction":[{"@type":"CommentAction","name":"Comment","target":["https:\/\/denizcankizil.tr\/uk\/haberler\/gundem\/meteorolojiden-doguya-uyari-ustune-uyari\/#respond"]}]},{"@type":"WebPage","@id":"https:\/\/denizcankizil.tr\/uk\/haberler\/gundem\/meteorolojiden-doguya-uyari-ustune-uyari\/","url":"https:\/\/denizcankizil.tr\/uk\/haberler\/gundem\/meteorolojiden-doguya-uyari-ustune-uyari\/","name":"Meteoroloji'den Do\u011fu'ya uyar\u0131 \u00fcst\u00fcne uyar\u0131! - Av. Deniz Can K\u0131z\u0131l","isPartOf":{"@id":"https:\/\/denizcankizil.tr\/#website"},"datePublished":"2024-12-18T06:41:31+00:00","breadcrumb":{"@id":"https:\/\/denizcankizil.tr\/uk\/haberler\/gundem\/meteorolojiden-doguya-uyari-ustune-uyari\/#breadcrumb"},"inLanguage":"en-GB","potentialAction":[{"@type":"ReadAction","target":["https:\/\/denizcankizil.tr\/uk\/haberler\/gundem\/meteorolojiden-doguya-uyari-ustune-uyari\/"]}]},{"@type":"BreadcrumbList","@id":"https:\/\/denizcankizil.tr\/uk\/haberler\/gundem\/meteorolojiden-doguya-uyari-ustune-uyari\/#breadcrumb","itemListElement":[{"@type":"ListItem","position":1,"name":"Home","item":"https:\/\/denizcankizil.tr\/de\/"},{"@type":"ListItem","position":2,"name":"Meteoroloji&#8217;den Do\u011fu&#8217;ya uyar\u0131 \u00fcst\u00fcne uyar\u0131!"}]},{"@type":"WebSite","@id":"https:\/\/denizcankizil.tr\/#website","url":"https:\/\/denizcankizil.tr\/","name":"Av. Deniz Can K\u0131z\u0131l","description":"Avukat Deniz Can K\u0131z\u0131l Antalya Barosu","publisher":{"@id":"https:\/\/denizcankizil.tr\/#organization"},"potentialAction":[{"@type":"SearchAction","target":{"@type":"EntryPoint","urlTemplate":"https:\/\/denizcankizil.tr\/?s={search_term_string}"},"query-input":{"@type":"PropertyValueSpecification","valueRequired":true,"valueName":"search_term_string"}}],"inLanguage":"en-GB"},{"@type":"Organization","@id":"https:\/\/denizcankizil.tr\/#organization","name":"Av. Deniz Can K\u0131z\u0131l","url":"https:\/\/denizcankizil.tr\/","logo":{"@type":"ImageObject","inLanguage":"en-GB","@id":"https:\/\/denizcankizil.tr\/#\/schema\/logo\/image\/","url":"https:\/\/denizcankizil.tr\/wp-content\/uploads\/2024\/10\/siyah-logo-svg.svg","contentUrl":"https:\/\/denizcankizil.tr\/wp-content\/uploads\/2024\/10\/siyah-logo-svg.svg","width":1080,"height":1080,"caption":"Av. Deniz Can K\u0131z\u0131l"},"image":{"@id":"https:\/\/denizcankizil.tr\/#\/schema\/logo\/image\/"}}]}},"_links":{"self":[{"href":"https:\/\/denizcankizil.tr\/en\/wp-json\/wp\/v2\/posts\/21196","targetHints":{"allow":["GET"]}}],"collection":[{"href":"https:\/\/denizcankizil.tr\/en\/wp-json\/wp\/v2\/posts"}],"about":[{"href":"https:\/\/denizcankizil.tr\/en\/wp-json\/wp\/v2\/types\/post"}],"replies":[{"embeddable":true,"href":"https:\/\/denizcankizil.tr\/en\/wp-json\/wp\/v2\/comments?post=21196"}],"version-history":[{"count":0,"href":"https:\/\/denizcankizil.tr\/en\/wp-json\/wp\/v2\/posts\/21196\/revisions"}],"wp:attachment":[{"href":"https:\/\/denizcankizil.tr\/en\/wp-json\/wp\/v2\/media?parent=21196"}],"wp:term":[{"taxonomy":"category","embeddable":true,"href":"https:\/\/denizcankizil.tr\/en\/wp-json\/wp\/v2\/categories?post=21196"},{"taxonomy":"post_tag","embeddable":true,"href":"https:\/\/denizcankizil.tr\/en\/wp-json\/wp\/v2\/tags?post=21196"}],"curies":[{"name":"wp","href":"https:\/\/api.w.org\/{rel}","templated":true}]}}