{"id":21092,"date":"2024-12-17T12:29:00","date_gmt":"2024-12-17T09:29:00","guid":{"rendered":"https:\/\/denizcankizil.tr\/uncategorized-tr\/aymnin-2024-186-esas-2024-179-karar-sayili-karari\/"},"modified":"2024-12-17T12:29:00","modified_gmt":"2024-12-17T09:29:00","slug":"aymnin-2024-186-esas-2024-179-karar-sayili-karari","status":"publish","type":"post","link":"https:\/\/denizcankizil.tr\/en\/hukukihaber\/aymnin-2024-186-esas-2024-179-karar-sayili-karari\/","title":{"rendered":"AYM&#8217;nin 2024\/186 esas &#8211; 2024\/179 karar say\u0131l\u0131 karar\u0131"},"content":{"rendered":"<p>ANAYASA MAHKEMES\u0130 KARARI<\/p>\n<p>\u00a0<\/p>\n<p>Esas Say\u0131s\u0131 : 2024\/186<\/p>\n<p>Karar Say\u0131s\u0131 : 2024\/179<\/p>\n<p>Karar Tarihi : 5\/11\/2024<\/p>\n<p>R.G. Tarih \u2013 Say\u0131 : Tebli\u011f edildi.<\/p>\n<p>\u00a0<\/p>\n<p>\u0130T\u0130RAZ YOLUNA BA\u015eVURAN: \u0130stanbul 2. Asliye Ticaret Mahkemesi<\/p>\n<p>\u0130T\u0130RAZIN KONUSU: 12\/1\/2011 tarihli ve 6100 say\u0131l\u0131 Hukuk Muhakemeleri Kanunu\u2019nun 321. maddesinin (2) numaral\u0131 f\u0131kras\u0131n\u0131n \u00fc\u00e7\u00fcnc\u00fc c\u00fcmlesinin Anayasa\u2019n\u0131n 50. maddesine ayk\u0131r\u0131l\u0131\u011f\u0131 ileri s\u00fcr\u00fclerek iptaline karar verilmesi talebidir.<\/p>\n<p>OLAY: \u0130flasta s\u0131ra cetveline y\u00f6nelik kay\u0131t kabul davas\u0131nda itiraz konusu kural\u0131n Anayasa\u2019ya ayk\u0131r\u0131 oldu\u011fu kan\u0131s\u0131na varan Mahkeme, iptali i\u00e7in ba\u015fvurmu\u015ftur.<\/p>\n<p>I. \u0130PTAL\u0130 \u0130STENEN KANUN H\u00dcKM\u00dc<\/p>\n<p>Kanun\u2019un itiraz konusu kural\u0131n da yer ald\u0131\u011f\u0131 321. maddesi \u015f\u00f6yledir:<\/p>\n<p>\u00a0\u201cH\u00fck\u00fcm <\/p>\n<p>MADDE 321- (1) Tahkikat\u0131n tamamlanmas\u0131ndan sonra, mahkeme taraflar\u0131n son beyanlar\u0131n\u0131 al\u0131r ve yarg\u0131laman\u0131n sona erdi\u011fini bildirerek karar\u0131n\u0131 tefhim eder. Taraflara beyanda bulunabilmeleri i\u00e7in ayr\u0131ca s\u00fcre verilmez. <\/p>\n<p>\u00a0(2) Karar\u0131n tefhimi, mahkemece h\u00fckme ili\u015fkin t\u00fcm hususlar\u0131n gerek\u00e7esi ile birlikte a\u00e7\u0131klanmas\u0131 ile ger\u00e7ekle\u015fir. Ancak zorunlu h\u00e2llerde, h\u00e2kim bu durumun sebebini de tutana\u011fa ge\u00e7irmek suretiyle, sadece h\u00fck\u00fcm \u00f6zetini tutana\u011fa yazd\u0131rarak karar\u0131 tefhim edebilir. Bu durumda gerek\u00e7eli karar\u0131n en ge\u00e7 bir ay i\u00e7inde yaz\u0131larak tebli\u011fe \u00e7\u0131kart\u0131lmas\u0131 gerekir.\u201d<\/p>\n<p>II. \u0130LK \u0130NCELEME<\/p>\n<p>1. Anayasa Mahkemesi \u0130\u00e7t\u00fcz\u00fc\u011f\u00fc h\u00fck\u00fcmleri uyar\u0131nca yap\u0131lan ilk inceleme toplant\u0131s\u0131nda ba\u015fvuru karar\u0131 ve ekleri, Raport\u00f6r Elif \u00c7EL\u0130KDEM\u0130R ANKITCI taraf\u0131ndan haz\u0131rlanan ilk inceleme raporu ve itiraz konusu kanun h\u00fckm\u00fc okunup incelendikten sonra gere\u011fi g\u00f6r\u00fc\u015f\u00fcl\u00fcp d\u00fc\u015f\u00fcn\u00fcld\u00fc:<\/p>\n<p>2. 30\/3\/2011 tarihli ve 6216 say\u0131l\u0131 Anayasa Mahkemesinin Kurulu\u015fu ve Yarg\u0131lama Usulleri Hakk\u0131nda Kanun\u2019un \u201cAnayasaya ayk\u0131r\u0131l\u0131\u011f\u0131n mahkemelerce ileri s\u00fcr\u00fclmesi\u201d ba\u015fl\u0131kl\u0131 40. maddesinde Anayasa Mahkemesine itiraz yoluyla yap\u0131lacak ba\u015fvurularda izlenecek y\u00f6ntem d\u00fczenlenmi\u015ftir. S\u00f6z konusu maddenin (1) numaral\u0131 f\u0131kras\u0131nda bir davaya bakmakta olan mahkemenin bu davada uygulanacak bir kanun veya Cumhurba\u015fkanl\u0131\u011f\u0131 kararnamesinin h\u00fck\u00fcmlerini Anayasa\u2019ya ayk\u0131r\u0131 g\u00f6rmesi h\u00e2linde veya taraflardan birinin ileri s\u00fcrd\u00fc\u011f\u00fc ayk\u0131r\u0131l\u0131k iddias\u0131n\u0131n ciddi oldu\u011fu kan\u0131s\u0131na varmas\u0131 durumunda bu f\u0131krada say\u0131lan belgeleri dizi listesine ba\u011flayarak Anayasa Mahkemesine g\u00f6nderece\u011fi belirtilmi\u015f; an\u0131lan f\u0131kran\u0131n (b) bendinde \u201cBa\u015fvuru karar\u0131na ili\u015fkin tutana\u011f\u0131n onayl\u0131 \u00f6rne\u011fi\u201d Anayasa Mahkemesine g\u00f6nderilecek belgeler aras\u0131nda say\u0131lm\u0131\u015ft\u0131r. Maddenin (4) numaral\u0131 f\u0131kras\u0131nda ise y\u00f6ntemine uygun olmayan itiraz ba\u015fvurular\u0131n\u0131n Anayasa Mahkemesi taraf\u0131ndan esas incelemeye ge\u00e7ilmeksizin gerek\u00e7eleriyle reddedilece\u011fi h\u00fckme ba\u011flanm\u0131\u015ft\u0131r.<\/p>\n<p>3. An\u0131lan \u0130\u00e7t\u00fcz\u00fck\u2019\u00fcn 46. maddesinin (2) numaral\u0131 f\u0131kras\u0131n\u0131n (a) bendinde de \u201cBa\u015fvuru karar\u0131na ili\u015fkin tutana\u011f\u0131n onayl\u0131 \u00f6rne\u011fi\u201d Anayasa Mahkemesine sunulacak belgeler aras\u0131nda say\u0131lm\u0131\u015ft\u0131r.<\/p>\n<p>4. Yine \u0130\u00e7t\u00fcz\u00fck\u2019\u00fcn 49. maddesinin (1) numaral\u0131 f\u0131kras\u0131n\u0131n (b) bendinde Anayasa Mahkemesince yap\u0131lan ilk incelemede ba\u015fvuruda eksikliklerin bulundu\u011funun tespit edilmesi h\u00e2linde itiraz yoluna ili\u015fkin i\u015flerde esas incelemeye ge\u00e7ilmeksizin ba\u015fvurunun reddine karar verilece\u011fi, (2) numaral\u0131 f\u0131kras\u0131nda ise an\u0131lan (b) bendi uyar\u0131nca verilen karar\u0131n itiraz yoluna ba\u015fvuran mahkemenin eksiklikleri tamamlayarak yeniden ba\u015fvurmas\u0131na engel olmad\u0131\u011f\u0131 belirtilmi\u015ftir.<\/p>\n<p>5. Yap\u0131lan incelemede itiraz yoluna ba\u015fvuran Mahkemenin gerek\u00e7eli karar ile itiraz yoluna ba\u015fvurdu\u011fu ancak g\u00f6nderilen belgeler aras\u0131nda ba\u015fvuru karar\u0131na ili\u015fkin olarak d\u00fczenlenen tutana\u011f\u0131n onayl\u0131 \u00f6rne\u011finin bulunmad\u0131\u011f\u0131 anla\u015f\u0131lm\u0131\u015ft\u0131r. Bu itibarla ba\u015fvurunun y\u00f6ntemine uygun olmad\u0131\u011f\u0131 sonucuna ula\u015f\u0131lm\u0131\u015ft\u0131r.<\/p>\n<p>6. A\u00e7\u0131klanan nedenle 6216 say\u0131l\u0131 Kanun\u2019un 40. maddesinin (1) numaral\u0131 f\u0131kras\u0131n\u0131n (b) bendi ile \u0130\u00e7t\u00fcz\u00fck\u2019\u00fcn 46. maddesinin (2) numaral\u0131 f\u0131kras\u0131n\u0131n (a) bendine ayk\u0131r\u0131 oldu\u011fu anla\u015f\u0131lan ba\u015fvurunun 6216 say\u0131l\u0131 Kanun\u2019un 40. maddesinin (4) numaral\u0131 f\u0131kras\u0131 gere\u011fince y\u00f6ntemine uygun olmad\u0131\u011f\u0131ndan reddi gerekir.<\/p>\n<p>III. H\u00dcK\u00dcM<\/p>\n<p>12\/1\/2011 tarihli ve 6100 say\u0131l\u0131 Hukuk Muhakemeleri Kanunu\u2019nun 321. maddesinin (2) numaral\u0131 f\u0131kras\u0131n\u0131n \u00fc\u00e7\u00fcnc\u00fc c\u00fcmlesinin iptaline karar verilmesi talebiyle yap\u0131lan itiraz ba\u015fvurusunun 30\/3\/2011 tarihli ve 6216 say\u0131l\u0131 Anayasa Mahkemesinin Kurulu\u015fu ve Yarg\u0131lama Usulleri Hakk\u0131nda Kanun\u2019un 40. maddesinin (4) numaral\u0131 f\u0131kras\u0131 gere\u011fince y\u00f6ntemine uygun olmad\u0131\u011f\u0131ndan REDD\u0130NE 5\/11\/2024 tarihinde OYB\u0130RL\u0130\u011e\u0130YLE karar verildi.<\/p>\n<p>   Ba\u015fkan<\/p>\n<p>   Kadir \u00d6ZKAYA<\/p>\n<p>   Ba\u015fkanvekili<\/p>\n<p>   Hasan Tahsin G\u00d6KCAN<\/p>\n<p>   Ba\u015fkanvekili<\/p>\n<p>   Basri BA\u011eCI<\/p>\n<p>   \u00dcye<\/p>\n<p>   Engin YILDIRIM<\/p>\n<p>   \u00dcye<\/p>\n<p>   R\u0131dvan G\u00dcLE\u00c7<\/p>\n<p>   \u00dcye<\/p>\n<p>   Recai AKYEL<\/p>\n<p>   \u00dcye<\/p>\n<p>   Yusuf \u015eevki HAKYEMEZ<\/p>\n<p>   \u00dcye<\/p>\n<p>   Y\u0131ld\u0131z SEFER\u0130NO\u011eLU<\/p>\n<p>   \u00dcye<\/p>\n<p>   Selahaddin MENTE\u015e<\/p>\n<p>   \u00dcye<\/p>\n<p>   \u0130rfan F\u0130DAN<\/p>\n<p>   \u00dcye<\/p>\n<p>   Kenan YA\u015eAR<\/p>\n<p>   \u00dcye<\/p>\n<p>   Muhterem \u0130NCE<\/p>\n<p>   \u00dcye<\/p>\n<p>   Y\u0131lmaz AK\u00c7\u0130L<\/p>\n<p>   \u00dcye<\/p>\n<p>   \u00d6mer \u00c7INAR<\/p>\n<p>   \u00dcye<\/p>\n<p>   Metin KIRATLI<\/p>\n<p>\u200bAnayasa Mahkemesi&#8217;nin 5\/11\/2024 tarihli, 2024\/186 esas &#8211; 2024\/179 karar say\u0131l\u0131 karar\u0131\u00a0Hukuki Haber<\/p>\n<p>Haberin Al\u0131nt\u0131land\u0131\u011f\u0131 Kaynak: www.hukukihaber.net<\/p>","protected":false},"excerpt":{"rendered":"<p>ANAYASA MAHKEMES\u0130 KARARI \u00a0 Esas Say\u0131s\u0131 : 2024\/186 Karar Say\u0131s\u0131 : 2024\/179 Karar Tarihi : 5\/11\/2024 R.G. Tarih \u2013 Say\u0131 : Tebli\u011f edildi. \u00a0 \u0130T\u0130RAZ YOLUNA BA\u015eVURAN: \u0130stanbul 2. Asliye Ticaret Mahkemesi \u0130T\u0130RAZIN KONUSU: 12\/1\/2011 tarihli ve 6100 say\u0131l\u0131 Hukuk Muhakemeleri Kanunu\u2019nun 321. maddesinin (2) numaral\u0131 f\u0131kras\u0131n\u0131n \u00fc\u00e7\u00fcnc\u00fc c\u00fcmlesinin Anayasa\u2019n\u0131n 50. maddesine ayk\u0131r\u0131l\u0131\u011f\u0131 ileri s\u00fcr\u00fclerek iptaline karar verilmesi talebidir. OLAY: \u0130flasta s\u0131ra cetveline y\u00f6nelik kay\u0131t kabul davas\u0131nda itiraz konusu kural\u0131n Anayasa\u2019ya ayk\u0131r\u0131 oldu\u011fu kan\u0131s\u0131na varan Mahkeme, iptali i\u00e7in ba\u015fvurmu\u015ftur. I. \u0130PTAL\u0130 \u0130STENEN KANUN H\u00dcKM\u00dc Kanun\u2019un itiraz konusu kural\u0131n da yer ald\u0131\u011f\u0131 321. maddesi \u015f\u00f6yledir: \u00a0\u201cH\u00fck\u00fcm MADDE 321- (1) Tahkikat\u0131n tamamlanmas\u0131ndan sonra, mahkeme taraflar\u0131n son beyanlar\u0131n\u0131 al\u0131r ve yarg\u0131laman\u0131n sona erdi\u011fini bildirerek karar\u0131n\u0131 tefhim eder. Taraflara beyanda bulunabilmeleri i\u00e7in ayr\u0131ca s\u00fcre verilmez. \u00a0(2) Karar\u0131n tefhimi, mahkemece h\u00fckme ili\u015fkin t\u00fcm hususlar\u0131n gerek\u00e7esi ile birlikte a\u00e7\u0131klanmas\u0131 ile ger\u00e7ekle\u015fir. Ancak zorunlu h\u00e2llerde, h\u00e2kim bu durumun sebebini de tutana\u011fa ge\u00e7irmek suretiyle, sadece h\u00fck\u00fcm \u00f6zetini tutana\u011fa yazd\u0131rarak karar\u0131 tefhim edebilir. Bu durumda gerek\u00e7eli karar\u0131n en ge\u00e7 bir ay i\u00e7inde yaz\u0131larak tebli\u011fe \u00e7\u0131kart\u0131lmas\u0131 gerekir.\u201d II. \u0130LK \u0130NCELEME 1. Anayasa Mahkemesi \u0130\u00e7t\u00fcz\u00fc\u011f\u00fc h\u00fck\u00fcmleri uyar\u0131nca yap\u0131lan ilk inceleme toplant\u0131s\u0131nda ba\u015fvuru karar\u0131 ve ekleri, Raport\u00f6r Elif \u00c7EL\u0130KDEM\u0130R ANKITCI taraf\u0131ndan haz\u0131rlanan ilk inceleme raporu ve itiraz konusu kanun h\u00fckm\u00fc okunup incelendikten &hellip;<\/p>","protected":false},"author":0,"featured_media":0,"comment_status":"open","ping_status":"open","sticky":false,"template":"","format":"standard","meta":{"_acf_changed":false,"footnotes":""},"categories":[27,535],"tags":[],"class_list":["post-21092","post","type-post","status-publish","format-standard","has-post-thumbnail","hentry","category-hukukihaber","category-uncategorized-tr"],"acf":[],"yoast_head":"<!-- This site is optimized with the Yoast SEO Premium plugin v26.6 (Yoast SEO v27.1.1) - https:\/\/yoast.com\/product\/yoast-seo-premium-wordpress\/ -->\n<title>AYM&#039;nin 2024\/186 esas - 2024\/179 karar say\u0131l\u0131 karar\u0131 - Av. Deniz Can K\u0131z\u0131l<\/title>\n<meta name=\"robots\" content=\"index, follow, max-snippet:-1, max-image-preview:large, max-video-preview:-1\" \/>\n<link rel=\"canonical\" href=\"https:\/\/denizcankizil.tr\/en\/hukukihaber\/aymnin-2024-186-esas-2024-179-karar-sayili-karari\/\" \/>\n<meta property=\"og:locale\" content=\"en_GB\" \/>\n<meta property=\"og:type\" content=\"article\" \/>\n<meta property=\"og:title\" content=\"AYM&#039;nin 2024\/186 esas - 2024\/179 karar say\u0131l\u0131 karar\u0131\" \/>\n<meta property=\"og:description\" content=\"ANAYASA MAHKEMES\u0130 KARARI \u00a0 Esas Say\u0131s\u0131 : 2024\/186 Karar Say\u0131s\u0131 : 2024\/179 Karar Tarihi : 5\/11\/2024 R.G. Tarih \u2013 Say\u0131 : Tebli\u011f edildi. \u00a0 \u0130T\u0130RAZ YOLUNA BA\u015eVURAN: \u0130stanbul 2. Asliye Ticaret Mahkemesi \u0130T\u0130RAZIN KONUSU: 12\/1\/2011 tarihli ve 6100 say\u0131l\u0131 Hukuk Muhakemeleri Kanunu\u2019nun 321. maddesinin (2) numaral\u0131 f\u0131kras\u0131n\u0131n \u00fc\u00e7\u00fcnc\u00fc c\u00fcmlesinin Anayasa\u2019n\u0131n 50. maddesine ayk\u0131r\u0131l\u0131\u011f\u0131 ileri s\u00fcr\u00fclerek iptaline karar verilmesi talebidir. OLAY: \u0130flasta s\u0131ra cetveline y\u00f6nelik kay\u0131t kabul davas\u0131nda itiraz konusu kural\u0131n Anayasa\u2019ya ayk\u0131r\u0131 oldu\u011fu kan\u0131s\u0131na varan Mahkeme, iptali i\u00e7in ba\u015fvurmu\u015ftur. I. \u0130PTAL\u0130 \u0130STENEN KANUN H\u00dcKM\u00dc Kanun\u2019un itiraz konusu kural\u0131n da yer ald\u0131\u011f\u0131 321. maddesi \u015f\u00f6yledir: \u00a0\u201cH\u00fck\u00fcm MADDE 321- (1) Tahkikat\u0131n tamamlanmas\u0131ndan sonra, mahkeme taraflar\u0131n son beyanlar\u0131n\u0131 al\u0131r ve yarg\u0131laman\u0131n sona erdi\u011fini bildirerek karar\u0131n\u0131 tefhim eder. Taraflara beyanda bulunabilmeleri i\u00e7in ayr\u0131ca s\u00fcre verilmez. \u00a0(2) Karar\u0131n tefhimi, mahkemece h\u00fckme ili\u015fkin t\u00fcm hususlar\u0131n gerek\u00e7esi ile birlikte a\u00e7\u0131klanmas\u0131 ile ger\u00e7ekle\u015fir. Ancak zorunlu h\u00e2llerde, h\u00e2kim bu durumun sebebini de tutana\u011fa ge\u00e7irmek suretiyle, sadece h\u00fck\u00fcm \u00f6zetini tutana\u011fa yazd\u0131rarak karar\u0131 tefhim edebilir. Bu durumda gerek\u00e7eli karar\u0131n en ge\u00e7 bir ay i\u00e7inde yaz\u0131larak tebli\u011fe \u00e7\u0131kart\u0131lmas\u0131 gerekir.\u201d II. \u0130LK \u0130NCELEME 1. Anayasa Mahkemesi \u0130\u00e7t\u00fcz\u00fc\u011f\u00fc h\u00fck\u00fcmleri uyar\u0131nca yap\u0131lan ilk inceleme toplant\u0131s\u0131nda ba\u015fvuru karar\u0131 ve ekleri, Raport\u00f6r Elif \u00c7EL\u0130KDEM\u0130R ANKITCI taraf\u0131ndan haz\u0131rlanan ilk inceleme raporu ve itiraz konusu kanun h\u00fckm\u00fc okunup incelendikten &hellip;\" \/>\n<meta property=\"og:url\" content=\"https:\/\/denizcankizil.tr\/en\/hukukihaber\/aymnin-2024-186-esas-2024-179-karar-sayili-karari\/\" \/>\n<meta property=\"og:site_name\" content=\"Av. Deniz Can K\u0131z\u0131l\" \/>\n<meta property=\"article:published_time\" content=\"2024-12-17T09:29:00+00:00\" \/>\n<meta name=\"twitter:card\" content=\"summary_large_image\" \/>\n<meta name=\"twitter:label1\" content=\"Estimated reading time\" \/>\n\t<meta name=\"twitter:data1\" content=\"4 minutes\" \/>\n<script type=\"application\/ld+json\" class=\"yoast-schema-graph\">{\"@context\":\"https:\/\/schema.org\",\"@graph\":[{\"@type\":\"Article\",\"@id\":\"https:\/\/denizcankizil.tr\/en\/hukukihaber\/aymnin-2024-186-esas-2024-179-karar-sayili-karari\/#article\",\"isPartOf\":{\"@id\":\"https:\/\/denizcankizil.tr\/en\/hukukihaber\/aymnin-2024-186-esas-2024-179-karar-sayili-karari\/\"},\"author\":{\"name\":\"\",\"@id\":\"\"},\"headline\":\"AYM&#8217;nin 2024\/186 esas &#8211; 2024\/179 karar say\u0131l\u0131 karar\u0131\",\"datePublished\":\"2024-12-17T09:29:00+00:00\",\"mainEntityOfPage\":{\"@id\":\"https:\/\/denizcankizil.tr\/en\/hukukihaber\/aymnin-2024-186-esas-2024-179-karar-sayili-karari\/\"},\"wordCount\":823,\"commentCount\":0,\"publisher\":{\"@id\":\"https:\/\/denizcankizil.tr\/#organization\"},\"articleSection\":[\"Hukuki Haberler\",\"Uncategorized\"],\"inLanguage\":\"en-GB\",\"potentialAction\":[{\"@type\":\"CommentAction\",\"name\":\"Comment\",\"target\":[\"https:\/\/denizcankizil.tr\/en\/hukukihaber\/aymnin-2024-186-esas-2024-179-karar-sayili-karari\/#respond\"]}]},{\"@type\":\"WebPage\",\"@id\":\"https:\/\/denizcankizil.tr\/en\/hukukihaber\/aymnin-2024-186-esas-2024-179-karar-sayili-karari\/\",\"url\":\"https:\/\/denizcankizil.tr\/en\/hukukihaber\/aymnin-2024-186-esas-2024-179-karar-sayili-karari\/\",\"name\":\"AYM'nin 2024\/186 esas - 2024\/179 karar say\u0131l\u0131 karar\u0131 - Av. Deniz Can K\u0131z\u0131l\",\"isPartOf\":{\"@id\":\"https:\/\/denizcankizil.tr\/#website\"},\"datePublished\":\"2024-12-17T09:29:00+00:00\",\"breadcrumb\":{\"@id\":\"https:\/\/denizcankizil.tr\/en\/hukukihaber\/aymnin-2024-186-esas-2024-179-karar-sayili-karari\/#breadcrumb\"},\"inLanguage\":\"en-GB\",\"potentialAction\":[{\"@type\":\"ReadAction\",\"target\":[\"https:\/\/denizcankizil.tr\/en\/hukukihaber\/aymnin-2024-186-esas-2024-179-karar-sayili-karari\/\"]}]},{\"@type\":\"BreadcrumbList\",\"@id\":\"https:\/\/denizcankizil.tr\/en\/hukukihaber\/aymnin-2024-186-esas-2024-179-karar-sayili-karari\/#breadcrumb\",\"itemListElement\":[{\"@type\":\"ListItem\",\"position\":1,\"name\":\"Home\",\"item\":\"https:\/\/denizcankizil.tr\/uk\/\"},{\"@type\":\"ListItem\",\"position\":2,\"name\":\"AYM&#8217;nin 2024\/186 esas &#8211; 2024\/179 karar say\u0131l\u0131 karar\u0131\"}]},{\"@type\":\"WebSite\",\"@id\":\"https:\/\/denizcankizil.tr\/#website\",\"url\":\"https:\/\/denizcankizil.tr\/\",\"name\":\"Av. Deniz Can K\u0131z\u0131l\",\"description\":\"Avukat Deniz Can K\u0131z\u0131l Antalya Barosu\",\"publisher\":{\"@id\":\"https:\/\/denizcankizil.tr\/#organization\"},\"potentialAction\":[{\"@type\":\"SearchAction\",\"target\":{\"@type\":\"EntryPoint\",\"urlTemplate\":\"https:\/\/denizcankizil.tr\/?s={search_term_string}\"},\"query-input\":{\"@type\":\"PropertyValueSpecification\",\"valueRequired\":true,\"valueName\":\"search_term_string\"}}],\"inLanguage\":\"en-GB\"},{\"@type\":\"Organization\",\"@id\":\"https:\/\/denizcankizil.tr\/#organization\",\"name\":\"Av. Deniz Can K\u0131z\u0131l\",\"url\":\"https:\/\/denizcankizil.tr\/\",\"logo\":{\"@type\":\"ImageObject\",\"inLanguage\":\"en-GB\",\"@id\":\"https:\/\/denizcankizil.tr\/#\/schema\/logo\/image\/\",\"url\":\"https:\/\/denizcankizil.tr\/wp-content\/uploads\/2024\/10\/siyah-logo-svg.svg\",\"contentUrl\":\"https:\/\/denizcankizil.tr\/wp-content\/uploads\/2024\/10\/siyah-logo-svg.svg\",\"width\":1080,\"height\":1080,\"caption\":\"Av. Deniz Can K\u0131z\u0131l\"},\"image\":{\"@id\":\"https:\/\/denizcankizil.tr\/#\/schema\/logo\/image\/\"}}]}<\/script>\n<!-- \/ Yoast SEO Premium plugin. -->","yoast_head_json":{"title":"AYM'nin 2024\/186 esas - 2024\/179 karar say\u0131l\u0131 karar\u0131 - Av. Deniz Can K\u0131z\u0131l","robots":{"index":"index","follow":"follow","max-snippet":"max-snippet:-1","max-image-preview":"max-image-preview:large","max-video-preview":"max-video-preview:-1"},"canonical":"https:\/\/denizcankizil.tr\/en\/hukukihaber\/aymnin-2024-186-esas-2024-179-karar-sayili-karari\/","og_locale":"en_GB","og_type":"article","og_title":"AYM'nin 2024\/186 esas - 2024\/179 karar say\u0131l\u0131 karar\u0131","og_description":"ANAYASA MAHKEMES\u0130 KARARI \u00a0 Esas Say\u0131s\u0131 : 2024\/186 Karar Say\u0131s\u0131 : 2024\/179 Karar Tarihi : 5\/11\/2024 R.G. Tarih \u2013 Say\u0131 : Tebli\u011f edildi. \u00a0 \u0130T\u0130RAZ YOLUNA BA\u015eVURAN: \u0130stanbul 2. Asliye Ticaret Mahkemesi \u0130T\u0130RAZIN KONUSU: 12\/1\/2011 tarihli ve 6100 say\u0131l\u0131 Hukuk Muhakemeleri Kanunu\u2019nun 321. maddesinin (2) numaral\u0131 f\u0131kras\u0131n\u0131n \u00fc\u00e7\u00fcnc\u00fc c\u00fcmlesinin Anayasa\u2019n\u0131n 50. maddesine ayk\u0131r\u0131l\u0131\u011f\u0131 ileri s\u00fcr\u00fclerek iptaline karar verilmesi talebidir. OLAY: \u0130flasta s\u0131ra cetveline y\u00f6nelik kay\u0131t kabul davas\u0131nda itiraz konusu kural\u0131n Anayasa\u2019ya ayk\u0131r\u0131 oldu\u011fu kan\u0131s\u0131na varan Mahkeme, iptali i\u00e7in ba\u015fvurmu\u015ftur. I. \u0130PTAL\u0130 \u0130STENEN KANUN H\u00dcKM\u00dc Kanun\u2019un itiraz konusu kural\u0131n da yer ald\u0131\u011f\u0131 321. maddesi \u015f\u00f6yledir: \u00a0\u201cH\u00fck\u00fcm MADDE 321- (1) Tahkikat\u0131n tamamlanmas\u0131ndan sonra, mahkeme taraflar\u0131n son beyanlar\u0131n\u0131 al\u0131r ve yarg\u0131laman\u0131n sona erdi\u011fini bildirerek karar\u0131n\u0131 tefhim eder. Taraflara beyanda bulunabilmeleri i\u00e7in ayr\u0131ca s\u00fcre verilmez. \u00a0(2) Karar\u0131n tefhimi, mahkemece h\u00fckme ili\u015fkin t\u00fcm hususlar\u0131n gerek\u00e7esi ile birlikte a\u00e7\u0131klanmas\u0131 ile ger\u00e7ekle\u015fir. Ancak zorunlu h\u00e2llerde, h\u00e2kim bu durumun sebebini de tutana\u011fa ge\u00e7irmek suretiyle, sadece h\u00fck\u00fcm \u00f6zetini tutana\u011fa yazd\u0131rarak karar\u0131 tefhim edebilir. Bu durumda gerek\u00e7eli karar\u0131n en ge\u00e7 bir ay i\u00e7inde yaz\u0131larak tebli\u011fe \u00e7\u0131kart\u0131lmas\u0131 gerekir.\u201d II. \u0130LK \u0130NCELEME 1. Anayasa Mahkemesi \u0130\u00e7t\u00fcz\u00fc\u011f\u00fc h\u00fck\u00fcmleri uyar\u0131nca yap\u0131lan ilk inceleme toplant\u0131s\u0131nda ba\u015fvuru karar\u0131 ve ekleri, Raport\u00f6r Elif \u00c7EL\u0130KDEM\u0130R ANKITCI taraf\u0131ndan haz\u0131rlanan ilk inceleme raporu ve itiraz konusu kanun h\u00fckm\u00fc okunup incelendikten &hellip;","og_url":"https:\/\/denizcankizil.tr\/en\/hukukihaber\/aymnin-2024-186-esas-2024-179-karar-sayili-karari\/","og_site_name":"Av. Deniz Can K\u0131z\u0131l","article_published_time":"2024-12-17T09:29:00+00:00","twitter_card":"summary_large_image","twitter_misc":{"Estimated reading time":"4 minutes"},"schema":{"@context":"https:\/\/schema.org","@graph":[{"@type":"Article","@id":"https:\/\/denizcankizil.tr\/en\/hukukihaber\/aymnin-2024-186-esas-2024-179-karar-sayili-karari\/#article","isPartOf":{"@id":"https:\/\/denizcankizil.tr\/en\/hukukihaber\/aymnin-2024-186-esas-2024-179-karar-sayili-karari\/"},"author":{"name":"","@id":""},"headline":"AYM&#8217;nin 2024\/186 esas &#8211; 2024\/179 karar say\u0131l\u0131 karar\u0131","datePublished":"2024-12-17T09:29:00+00:00","mainEntityOfPage":{"@id":"https:\/\/denizcankizil.tr\/en\/hukukihaber\/aymnin-2024-186-esas-2024-179-karar-sayili-karari\/"},"wordCount":823,"commentCount":0,"publisher":{"@id":"https:\/\/denizcankizil.tr\/#organization"},"articleSection":["Hukuki Haberler","Uncategorized"],"inLanguage":"en-GB","potentialAction":[{"@type":"CommentAction","name":"Comment","target":["https:\/\/denizcankizil.tr\/en\/hukukihaber\/aymnin-2024-186-esas-2024-179-karar-sayili-karari\/#respond"]}]},{"@type":"WebPage","@id":"https:\/\/denizcankizil.tr\/en\/hukukihaber\/aymnin-2024-186-esas-2024-179-karar-sayili-karari\/","url":"https:\/\/denizcankizil.tr\/en\/hukukihaber\/aymnin-2024-186-esas-2024-179-karar-sayili-karari\/","name":"AYM'nin 2024\/186 esas - 2024\/179 karar say\u0131l\u0131 karar\u0131 - Av. Deniz Can K\u0131z\u0131l","isPartOf":{"@id":"https:\/\/denizcankizil.tr\/#website"},"datePublished":"2024-12-17T09:29:00+00:00","breadcrumb":{"@id":"https:\/\/denizcankizil.tr\/en\/hukukihaber\/aymnin-2024-186-esas-2024-179-karar-sayili-karari\/#breadcrumb"},"inLanguage":"en-GB","potentialAction":[{"@type":"ReadAction","target":["https:\/\/denizcankizil.tr\/en\/hukukihaber\/aymnin-2024-186-esas-2024-179-karar-sayili-karari\/"]}]},{"@type":"BreadcrumbList","@id":"https:\/\/denizcankizil.tr\/en\/hukukihaber\/aymnin-2024-186-esas-2024-179-karar-sayili-karari\/#breadcrumb","itemListElement":[{"@type":"ListItem","position":1,"name":"Home","item":"https:\/\/denizcankizil.tr\/uk\/"},{"@type":"ListItem","position":2,"name":"AYM&#8217;nin 2024\/186 esas &#8211; 2024\/179 karar say\u0131l\u0131 karar\u0131"}]},{"@type":"WebSite","@id":"https:\/\/denizcankizil.tr\/#website","url":"https:\/\/denizcankizil.tr\/","name":"Av. Deniz Can K\u0131z\u0131l","description":"Avukat Deniz Can K\u0131z\u0131l Antalya Barosu","publisher":{"@id":"https:\/\/denizcankizil.tr\/#organization"},"potentialAction":[{"@type":"SearchAction","target":{"@type":"EntryPoint","urlTemplate":"https:\/\/denizcankizil.tr\/?s={search_term_string}"},"query-input":{"@type":"PropertyValueSpecification","valueRequired":true,"valueName":"search_term_string"}}],"inLanguage":"en-GB"},{"@type":"Organization","@id":"https:\/\/denizcankizil.tr\/#organization","name":"Av. Deniz Can K\u0131z\u0131l","url":"https:\/\/denizcankizil.tr\/","logo":{"@type":"ImageObject","inLanguage":"en-GB","@id":"https:\/\/denizcankizil.tr\/#\/schema\/logo\/image\/","url":"https:\/\/denizcankizil.tr\/wp-content\/uploads\/2024\/10\/siyah-logo-svg.svg","contentUrl":"https:\/\/denizcankizil.tr\/wp-content\/uploads\/2024\/10\/siyah-logo-svg.svg","width":1080,"height":1080,"caption":"Av. Deniz Can K\u0131z\u0131l"},"image":{"@id":"https:\/\/denizcankizil.tr\/#\/schema\/logo\/image\/"}}]}},"_links":{"self":[{"href":"https:\/\/denizcankizil.tr\/en\/wp-json\/wp\/v2\/posts\/21092","targetHints":{"allow":["GET"]}}],"collection":[{"href":"https:\/\/denizcankizil.tr\/en\/wp-json\/wp\/v2\/posts"}],"about":[{"href":"https:\/\/denizcankizil.tr\/en\/wp-json\/wp\/v2\/types\/post"}],"replies":[{"embeddable":true,"href":"https:\/\/denizcankizil.tr\/en\/wp-json\/wp\/v2\/comments?post=21092"}],"version-history":[{"count":0,"href":"https:\/\/denizcankizil.tr\/en\/wp-json\/wp\/v2\/posts\/21092\/revisions"}],"wp:attachment":[{"href":"https:\/\/denizcankizil.tr\/en\/wp-json\/wp\/v2\/media?parent=21092"}],"wp:term":[{"taxonomy":"category","embeddable":true,"href":"https:\/\/denizcankizil.tr\/en\/wp-json\/wp\/v2\/categories?post=21092"},{"taxonomy":"post_tag","embeddable":true,"href":"https:\/\/denizcankizil.tr\/en\/wp-json\/wp\/v2\/tags?post=21092"}],"curies":[{"name":"wp","href":"https:\/\/api.w.org\/{rel}","templated":true}]}}