{"id":20925,"date":"2024-12-16T11:41:40","date_gmt":"2024-12-16T08:41:40","guid":{"rendered":"https:\/\/denizcankizil.tr\/uncategorized-tr\/insaatin-konteynerinde-olu-bulundu\/"},"modified":"2024-12-16T11:41:40","modified_gmt":"2024-12-16T08:41:40","slug":"insaatin-konteynerinde-olu-bulundu","status":"publish","type":"post","link":"https:\/\/denizcankizil.tr\/en\/haberler\/antalya\/insaatin-konteynerinde-olu-bulundu\/","title":{"rendered":"\u0130n\u015faat\u0131n konteynerinde \u00f6l\u00fc bulundu"},"content":{"rendered":"<p>Olay, d\u00fcn saat 16.00 s\u0131ralar\u0131nda Aksu il\u00e7esine ba\u011fl\u0131 Cihadiye Mahallesi 23088 sokak \u00fczerinde bulunan in\u015faat alan\u0131nda meydana geldi. \u0130n\u015faatta \u00e7al\u0131\u015fan bir i\u015f\u00e7i, alandaki konteynere girdi\u011finde bir ki\u015finin hareketsiz yatt\u0131\u011f\u0131n\u0131 fark etti ve durumu 112 Acil \u00c7a\u011fr\u0131 Merkezi&#8217;ne bildirdi. \u0130hbarla b\u00f6lgeye sevk edilen sa\u011fl\u0131k ekibi, konteynerde hareketsiz yatan ki\u015finin hayat\u0131n\u0131 kaybetti\u011fini belirledi. Olay yeri inceleme ekipleri yapt\u0131klar\u0131 \u00e7al\u0131\u015fmalarda, hayat\u0131n\u0131 kaybeden ki\u015finin, \u0130brahim \u00d6rdek oldu\u011funu belirledi. Ekiplerin \u00e7al\u0131\u015fmas\u0131n\u0131n ard\u0131ndan \u00d6rdek&#8217;in cans\u0131z bedeni, otopsisi yap\u0131lmak \u00fczere Antalya Adli T\u0131p Kurumu Morgu&#8217;na kald\u0131r\u0131ld\u0131. \u0130n\u015faat sahibinin, konteynerde \u00f6l\u00fc bulunan ki\u015fiyi tan\u0131mad\u0131\u011f\u0131n\u0131 s\u00f6yledi\u011fi \u00f6\u011frenildi.<\/p>\n<p>Kaynak: www.kanalv.com.tr Haber Sitesinden Al\u0131nm\u0131\u015ft\u0131r.<\/p>","protected":false},"excerpt":{"rendered":"<p>Olay, d\u00fcn saat 16.00 s\u0131ralar\u0131nda Aksu il\u00e7esine ba\u011fl\u0131 Cihadiye Mahallesi 23088 sokak \u00fczerinde bulunan in\u015faat alan\u0131nda meydana geldi. \u0130n\u015faatta \u00e7al\u0131\u015fan bir i\u015f\u00e7i, alandaki konteynere girdi\u011finde bir ki\u015finin hareketsiz yatt\u0131\u011f\u0131n\u0131 fark etti ve durumu 112 Acil \u00c7a\u011fr\u0131 Merkezi&#8217;ne bildirdi. \u0130hbarla b\u00f6lgeye sevk edilen sa\u011fl\u0131k ekibi, konteynerde hareketsiz yatan ki\u015finin hayat\u0131n\u0131 kaybetti\u011fini belirledi. Olay yeri inceleme ekipleri yapt\u0131klar\u0131 \u00e7al\u0131\u015fmalarda, hayat\u0131n\u0131 kaybeden ki\u015finin, \u0130brahim \u00d6rdek oldu\u011funu belirledi. Ekiplerin \u00e7al\u0131\u015fmas\u0131n\u0131n ard\u0131ndan \u00d6rdek&#8217;in cans\u0131z bedeni, otopsisi yap\u0131lmak \u00fczere Antalya Adli T\u0131p Kurumu Morgu&#8217;na kald\u0131r\u0131ld\u0131. \u0130n\u015faat sahibinin, konteynerde \u00f6l\u00fc bulunan ki\u015fiyi tan\u0131mad\u0131\u011f\u0131n\u0131 s\u00f6yledi\u011fi \u00f6\u011frenildi. Kaynak: www.kanalv.com.tr Haber Sitesinden Al\u0131nm\u0131\u015ft\u0131r.<\/p>","protected":false},"author":0,"featured_media":20926,"comment_status":"open","ping_status":"open","sticky":false,"template":"","format":"standard","meta":{"_acf_changed":false,"footnotes":""},"categories":[26,535],"tags":[],"class_list":["post-20925","post","type-post","status-publish","format-standard","has-post-thumbnail","hentry","category-antalya","category-uncategorized-tr"],"acf":[],"yoast_head":"<!-- This site is optimized with the Yoast SEO Premium plugin v26.6 (Yoast SEO v27.1.1) - https:\/\/yoast.com\/product\/yoast-seo-premium-wordpress\/ -->\n<title>\u0130n\u015faat\u0131n konteynerinde \u00f6l\u00fc bulundu - Av. Deniz Can K\u0131z\u0131l<\/title>\n<meta name=\"robots\" content=\"index, follow, max-snippet:-1, max-image-preview:large, max-video-preview:-1\" \/>\n<link rel=\"canonical\" href=\"https:\/\/denizcankizil.tr\/en\/haberler\/antalya\/insaatin-konteynerinde-olu-bulundu\/\" \/>\n<meta property=\"og:locale\" content=\"en_GB\" \/>\n<meta property=\"og:type\" content=\"article\" \/>\n<meta property=\"og:title\" content=\"\u0130n\u015faat\u0131n konteynerinde \u00f6l\u00fc bulundu\" \/>\n<meta property=\"og:description\" content=\"Olay, d\u00fcn saat 16.00 s\u0131ralar\u0131nda Aksu il\u00e7esine ba\u011fl\u0131 Cihadiye Mahallesi 23088 sokak \u00fczerinde bulunan in\u015faat alan\u0131nda meydana geldi. \u0130n\u015faatta \u00e7al\u0131\u015fan bir i\u015f\u00e7i, alandaki konteynere girdi\u011finde bir ki\u015finin hareketsiz yatt\u0131\u011f\u0131n\u0131 fark etti ve durumu 112 Acil \u00c7a\u011fr\u0131 Merkezi&#8217;ne bildirdi. \u0130hbarla b\u00f6lgeye sevk edilen sa\u011fl\u0131k ekibi, konteynerde hareketsiz yatan ki\u015finin hayat\u0131n\u0131 kaybetti\u011fini belirledi. Olay yeri inceleme ekipleri yapt\u0131klar\u0131 \u00e7al\u0131\u015fmalarda, hayat\u0131n\u0131 kaybeden ki\u015finin, \u0130brahim \u00d6rdek oldu\u011funu belirledi. Ekiplerin \u00e7al\u0131\u015fmas\u0131n\u0131n ard\u0131ndan \u00d6rdek&#8217;in cans\u0131z bedeni, otopsisi yap\u0131lmak \u00fczere Antalya Adli T\u0131p Kurumu Morgu&#8217;na kald\u0131r\u0131ld\u0131. \u0130n\u015faat sahibinin, konteynerde \u00f6l\u00fc bulunan ki\u015fiyi tan\u0131mad\u0131\u011f\u0131n\u0131 s\u00f6yledi\u011fi \u00f6\u011frenildi. Kaynak: www.kanalv.com.tr Haber Sitesinden Al\u0131nm\u0131\u015ft\u0131r.\" \/>\n<meta property=\"og:url\" content=\"https:\/\/denizcankizil.tr\/en\/haberler\/antalya\/insaatin-konteynerinde-olu-bulundu\/\" \/>\n<meta property=\"og:site_name\" content=\"Av. Deniz Can K\u0131z\u0131l\" \/>\n<meta property=\"article:published_time\" content=\"2024-12-16T08:41:40+00:00\" \/>\n<meta property=\"og:image\" content=\"https:\/\/denizcankizil.tr\/wp-content\/uploads\/2024\/12\/3607-01-XosK9l.jpeg\" \/>\n\t<meta property=\"og:image:width\" content=\"1280\" \/>\n\t<meta property=\"og:image:height\" content=\"720\" \/>\n\t<meta property=\"og:image:type\" content=\"image\/jpeg\" \/>\n<meta name=\"twitter:card\" content=\"summary_large_image\" \/>\n<meta name=\"twitter:label1\" content=\"Estimated reading time\" \/>\n\t<meta name=\"twitter:data1\" content=\"1 minute\" \/>\n<script type=\"application\/ld+json\" class=\"yoast-schema-graph\">{\"@context\":\"https:\/\/schema.org\",\"@graph\":[{\"@type\":\"Article\",\"@id\":\"https:\/\/denizcankizil.tr\/en\/haberler\/antalya\/insaatin-konteynerinde-olu-bulundu\/#article\",\"isPartOf\":{\"@id\":\"https:\/\/denizcankizil.tr\/en\/haberler\/antalya\/insaatin-konteynerinde-olu-bulundu\/\"},\"author\":{\"name\":\"\",\"@id\":\"\"},\"headline\":\"\u0130n\u015faat\u0131n konteynerinde \u00f6l\u00fc bulundu\",\"datePublished\":\"2024-12-16T08:41:40+00:00\",\"mainEntityOfPage\":{\"@id\":\"https:\/\/denizcankizil.tr\/en\/haberler\/antalya\/insaatin-konteynerinde-olu-bulundu\/\"},\"wordCount\":145,\"commentCount\":0,\"publisher\":{\"@id\":\"https:\/\/denizcankizil.tr\/de\/#organization\"},\"image\":{\"@id\":\"https:\/\/denizcankizil.tr\/en\/haberler\/antalya\/insaatin-konteynerinde-olu-bulundu\/#primaryimage\"},\"thumbnailUrl\":\"https:\/\/denizcankizil.tr\/wp-content\/uploads\/2024\/12\/3607-01-XosK9l.jpeg\",\"articleSection\":[\"Antalya\",\"Uncategorized\"],\"inLanguage\":\"en-GB\",\"potentialAction\":[{\"@type\":\"CommentAction\",\"name\":\"Comment\",\"target\":[\"https:\/\/denizcankizil.tr\/en\/haberler\/antalya\/insaatin-konteynerinde-olu-bulundu\/#respond\"]}]},{\"@type\":\"WebPage\",\"@id\":\"https:\/\/denizcankizil.tr\/en\/haberler\/antalya\/insaatin-konteynerinde-olu-bulundu\/\",\"url\":\"https:\/\/denizcankizil.tr\/en\/haberler\/antalya\/insaatin-konteynerinde-olu-bulundu\/\",\"name\":\"\u0130n\u015faat\u0131n konteynerinde \u00f6l\u00fc bulundu - Av. Deniz Can K\u0131z\u0131l\",\"isPartOf\":{\"@id\":\"https:\/\/denizcankizil.tr\/de\/#website\"},\"primaryImageOfPage\":{\"@id\":\"https:\/\/denizcankizil.tr\/en\/haberler\/antalya\/insaatin-konteynerinde-olu-bulundu\/#primaryimage\"},\"image\":{\"@id\":\"https:\/\/denizcankizil.tr\/en\/haberler\/antalya\/insaatin-konteynerinde-olu-bulundu\/#primaryimage\"},\"thumbnailUrl\":\"https:\/\/denizcankizil.tr\/wp-content\/uploads\/2024\/12\/3607-01-XosK9l.jpeg\",\"datePublished\":\"2024-12-16T08:41:40+00:00\",\"breadcrumb\":{\"@id\":\"https:\/\/denizcankizil.tr\/en\/haberler\/antalya\/insaatin-konteynerinde-olu-bulundu\/#breadcrumb\"},\"inLanguage\":\"en-GB\",\"potentialAction\":[{\"@type\":\"ReadAction\",\"target\":[\"https:\/\/denizcankizil.tr\/en\/haberler\/antalya\/insaatin-konteynerinde-olu-bulundu\/\"]}]},{\"@type\":\"ImageObject\",\"inLanguage\":\"en-GB\",\"@id\":\"https:\/\/denizcankizil.tr\/en\/haberler\/antalya\/insaatin-konteynerinde-olu-bulundu\/#primaryimage\",\"url\":\"https:\/\/denizcankizil.tr\/wp-content\/uploads\/2024\/12\/3607-01-XosK9l.jpeg\",\"contentUrl\":\"https:\/\/denizcankizil.tr\/wp-content\/uploads\/2024\/12\/3607-01-XosK9l.jpeg\",\"width\":1280,\"height\":720},{\"@type\":\"BreadcrumbList\",\"@id\":\"https:\/\/denizcankizil.tr\/en\/haberler\/antalya\/insaatin-konteynerinde-olu-bulundu\/#breadcrumb\",\"itemListElement\":[{\"@type\":\"ListItem\",\"position\":1,\"name\":\"Home\",\"item\":\"https:\/\/denizcankizil.tr\/de\/\"},{\"@type\":\"ListItem\",\"position\":2,\"name\":\"\u0130n\u015faat\u0131n konteynerinde \u00f6l\u00fc bulundu\"}]},{\"@type\":\"WebSite\",\"@id\":\"https:\/\/denizcankizil.tr\/de\/#website\",\"url\":\"https:\/\/denizcankizil.tr\/de\/\",\"name\":\"Av. Deniz Can K\u0131z\u0131l\",\"description\":\"Avukat Deniz Can K\u0131z\u0131l Antalya Barosu\",\"publisher\":{\"@id\":\"https:\/\/denizcankizil.tr\/de\/#organization\"},\"potentialAction\":[{\"@type\":\"SearchAction\",\"target\":{\"@type\":\"EntryPoint\",\"urlTemplate\":\"https:\/\/denizcankizil.tr\/de\/?s={search_term_string}\"},\"query-input\":{\"@type\":\"PropertyValueSpecification\",\"valueRequired\":true,\"valueName\":\"search_term_string\"}}],\"inLanguage\":\"en-GB\"},{\"@type\":\"Organization\",\"@id\":\"https:\/\/denizcankizil.tr\/de\/#organization\",\"name\":\"Av. Deniz Can K\u0131z\u0131l\",\"url\":\"https:\/\/denizcankizil.tr\/de\/\",\"logo\":{\"@type\":\"ImageObject\",\"inLanguage\":\"en-GB\",\"@id\":\"https:\/\/denizcankizil.tr\/de\/#\/schema\/logo\/image\/\",\"url\":\"https:\/\/denizcankizil.tr\/wp-content\/uploads\/2024\/10\/siyah-logo-svg.svg\",\"contentUrl\":\"https:\/\/denizcankizil.tr\/wp-content\/uploads\/2024\/10\/siyah-logo-svg.svg\",\"width\":1080,\"height\":1080,\"caption\":\"Av. Deniz Can K\u0131z\u0131l\"},\"image\":{\"@id\":\"https:\/\/denizcankizil.tr\/de\/#\/schema\/logo\/image\/\"}}]}<\/script>\n<!-- \/ Yoast SEO Premium plugin. -->","yoast_head_json":{"title":"\u0130n\u015faat\u0131n konteynerinde \u00f6l\u00fc bulundu - Av. Deniz Can K\u0131z\u0131l","robots":{"index":"index","follow":"follow","max-snippet":"max-snippet:-1","max-image-preview":"max-image-preview:large","max-video-preview":"max-video-preview:-1"},"canonical":"https:\/\/denizcankizil.tr\/en\/haberler\/antalya\/insaatin-konteynerinde-olu-bulundu\/","og_locale":"en_GB","og_type":"article","og_title":"\u0130n\u015faat\u0131n konteynerinde \u00f6l\u00fc bulundu","og_description":"Olay, d\u00fcn saat 16.00 s\u0131ralar\u0131nda Aksu il\u00e7esine ba\u011fl\u0131 Cihadiye Mahallesi 23088 sokak \u00fczerinde bulunan in\u015faat alan\u0131nda meydana geldi. \u0130n\u015faatta \u00e7al\u0131\u015fan bir i\u015f\u00e7i, alandaki konteynere girdi\u011finde bir ki\u015finin hareketsiz yatt\u0131\u011f\u0131n\u0131 fark etti ve durumu 112 Acil \u00c7a\u011fr\u0131 Merkezi&#8217;ne bildirdi. \u0130hbarla b\u00f6lgeye sevk edilen sa\u011fl\u0131k ekibi, konteynerde hareketsiz yatan ki\u015finin hayat\u0131n\u0131 kaybetti\u011fini belirledi. Olay yeri inceleme ekipleri yapt\u0131klar\u0131 \u00e7al\u0131\u015fmalarda, hayat\u0131n\u0131 kaybeden ki\u015finin, \u0130brahim \u00d6rdek oldu\u011funu belirledi. Ekiplerin \u00e7al\u0131\u015fmas\u0131n\u0131n ard\u0131ndan \u00d6rdek&#8217;in cans\u0131z bedeni, otopsisi yap\u0131lmak \u00fczere Antalya Adli T\u0131p Kurumu Morgu&#8217;na kald\u0131r\u0131ld\u0131. \u0130n\u015faat sahibinin, konteynerde \u00f6l\u00fc bulunan ki\u015fiyi tan\u0131mad\u0131\u011f\u0131n\u0131 s\u00f6yledi\u011fi \u00f6\u011frenildi. Kaynak: www.kanalv.com.tr Haber Sitesinden Al\u0131nm\u0131\u015ft\u0131r.","og_url":"https:\/\/denizcankizil.tr\/en\/haberler\/antalya\/insaatin-konteynerinde-olu-bulundu\/","og_site_name":"Av. Deniz Can K\u0131z\u0131l","article_published_time":"2024-12-16T08:41:40+00:00","og_image":[{"width":1280,"height":720,"url":"https:\/\/denizcankizil.tr\/wp-content\/uploads\/2024\/12\/3607-01-XosK9l.jpeg","type":"image\/jpeg"}],"twitter_card":"summary_large_image","twitter_misc":{"Estimated reading time":"1 minute"},"schema":{"@context":"https:\/\/schema.org","@graph":[{"@type":"Article","@id":"https:\/\/denizcankizil.tr\/en\/haberler\/antalya\/insaatin-konteynerinde-olu-bulundu\/#article","isPartOf":{"@id":"https:\/\/denizcankizil.tr\/en\/haberler\/antalya\/insaatin-konteynerinde-olu-bulundu\/"},"author":{"name":"","@id":""},"headline":"\u0130n\u015faat\u0131n konteynerinde \u00f6l\u00fc bulundu","datePublished":"2024-12-16T08:41:40+00:00","mainEntityOfPage":{"@id":"https:\/\/denizcankizil.tr\/en\/haberler\/antalya\/insaatin-konteynerinde-olu-bulundu\/"},"wordCount":145,"commentCount":0,"publisher":{"@id":"https:\/\/denizcankizil.tr\/de\/#organization"},"image":{"@id":"https:\/\/denizcankizil.tr\/en\/haberler\/antalya\/insaatin-konteynerinde-olu-bulundu\/#primaryimage"},"thumbnailUrl":"https:\/\/denizcankizil.tr\/wp-content\/uploads\/2024\/12\/3607-01-XosK9l.jpeg","articleSection":["Antalya","Uncategorized"],"inLanguage":"en-GB","potentialAction":[{"@type":"CommentAction","name":"Comment","target":["https:\/\/denizcankizil.tr\/en\/haberler\/antalya\/insaatin-konteynerinde-olu-bulundu\/#respond"]}]},{"@type":"WebPage","@id":"https:\/\/denizcankizil.tr\/en\/haberler\/antalya\/insaatin-konteynerinde-olu-bulundu\/","url":"https:\/\/denizcankizil.tr\/en\/haberler\/antalya\/insaatin-konteynerinde-olu-bulundu\/","name":"\u0130n\u015faat\u0131n konteynerinde \u00f6l\u00fc bulundu - Av. Deniz Can K\u0131z\u0131l","isPartOf":{"@id":"https:\/\/denizcankizil.tr\/de\/#website"},"primaryImageOfPage":{"@id":"https:\/\/denizcankizil.tr\/en\/haberler\/antalya\/insaatin-konteynerinde-olu-bulundu\/#primaryimage"},"image":{"@id":"https:\/\/denizcankizil.tr\/en\/haberler\/antalya\/insaatin-konteynerinde-olu-bulundu\/#primaryimage"},"thumbnailUrl":"https:\/\/denizcankizil.tr\/wp-content\/uploads\/2024\/12\/3607-01-XosK9l.jpeg","datePublished":"2024-12-16T08:41:40+00:00","breadcrumb":{"@id":"https:\/\/denizcankizil.tr\/en\/haberler\/antalya\/insaatin-konteynerinde-olu-bulundu\/#breadcrumb"},"inLanguage":"en-GB","potentialAction":[{"@type":"ReadAction","target":["https:\/\/denizcankizil.tr\/en\/haberler\/antalya\/insaatin-konteynerinde-olu-bulundu\/"]}]},{"@type":"ImageObject","inLanguage":"en-GB","@id":"https:\/\/denizcankizil.tr\/en\/haberler\/antalya\/insaatin-konteynerinde-olu-bulundu\/#primaryimage","url":"https:\/\/denizcankizil.tr\/wp-content\/uploads\/2024\/12\/3607-01-XosK9l.jpeg","contentUrl":"https:\/\/denizcankizil.tr\/wp-content\/uploads\/2024\/12\/3607-01-XosK9l.jpeg","width":1280,"height":720},{"@type":"BreadcrumbList","@id":"https:\/\/denizcankizil.tr\/en\/haberler\/antalya\/insaatin-konteynerinde-olu-bulundu\/#breadcrumb","itemListElement":[{"@type":"ListItem","position":1,"name":"Home","item":"https:\/\/denizcankizil.tr\/de\/"},{"@type":"ListItem","position":2,"name":"\u0130n\u015faat\u0131n konteynerinde \u00f6l\u00fc bulundu"}]},{"@type":"WebSite","@id":"https:\/\/denizcankizil.tr\/de\/#website","url":"https:\/\/denizcankizil.tr\/de\/","name":"Av. Deniz Can K\u0131z\u0131l","description":"Avukat Deniz Can K\u0131z\u0131l Antalya Barosu","publisher":{"@id":"https:\/\/denizcankizil.tr\/de\/#organization"},"potentialAction":[{"@type":"SearchAction","target":{"@type":"EntryPoint","urlTemplate":"https:\/\/denizcankizil.tr\/de\/?s={search_term_string}"},"query-input":{"@type":"PropertyValueSpecification","valueRequired":true,"valueName":"search_term_string"}}],"inLanguage":"en-GB"},{"@type":"Organization","@id":"https:\/\/denizcankizil.tr\/de\/#organization","name":"Av. Deniz Can K\u0131z\u0131l","url":"https:\/\/denizcankizil.tr\/de\/","logo":{"@type":"ImageObject","inLanguage":"en-GB","@id":"https:\/\/denizcankizil.tr\/de\/#\/schema\/logo\/image\/","url":"https:\/\/denizcankizil.tr\/wp-content\/uploads\/2024\/10\/siyah-logo-svg.svg","contentUrl":"https:\/\/denizcankizil.tr\/wp-content\/uploads\/2024\/10\/siyah-logo-svg.svg","width":1080,"height":1080,"caption":"Av. Deniz Can K\u0131z\u0131l"},"image":{"@id":"https:\/\/denizcankizil.tr\/de\/#\/schema\/logo\/image\/"}}]}},"_links":{"self":[{"href":"https:\/\/denizcankizil.tr\/en\/wp-json\/wp\/v2\/posts\/20925","targetHints":{"allow":["GET"]}}],"collection":[{"href":"https:\/\/denizcankizil.tr\/en\/wp-json\/wp\/v2\/posts"}],"about":[{"href":"https:\/\/denizcankizil.tr\/en\/wp-json\/wp\/v2\/types\/post"}],"replies":[{"embeddable":true,"href":"https:\/\/denizcankizil.tr\/en\/wp-json\/wp\/v2\/comments?post=20925"}],"version-history":[{"count":0,"href":"https:\/\/denizcankizil.tr\/en\/wp-json\/wp\/v2\/posts\/20925\/revisions"}],"wp:featuredmedia":[{"embeddable":true,"href":"https:\/\/denizcankizil.tr\/en\/wp-json\/wp\/v2\/media\/20926"}],"wp:attachment":[{"href":"https:\/\/denizcankizil.tr\/en\/wp-json\/wp\/v2\/media?parent=20925"}],"wp:term":[{"taxonomy":"category","embeddable":true,"href":"https:\/\/denizcankizil.tr\/en\/wp-json\/wp\/v2\/categories?post=20925"},{"taxonomy":"post_tag","embeddable":true,"href":"https:\/\/denizcankizil.tr\/en\/wp-json\/wp\/v2\/tags?post=20925"}],"curies":[{"name":"wp","href":"https:\/\/api.w.org\/{rel}","templated":true}]}}