{"id":20790,"date":"2024-12-14T17:42:04","date_gmt":"2024-12-14T14:42:04","guid":{"rendered":"https:\/\/denizcankizil.tr\/uncategorized-tr\/cicekciyi-tek-yumrukla-olduren-saniga-muebbet-hapis-talebi\/"},"modified":"2024-12-14T17:42:04","modified_gmt":"2024-12-14T14:42:04","slug":"cicekciyi-tek-yumrukla-olduren-saniga-muebbet-hapis-talebi","status":"publish","type":"post","link":"https:\/\/denizcankizil.tr\/en\/haberler\/antalya\/cicekciyi-tek-yumrukla-olduren-saniga-muebbet-hapis-talebi\/","title":{"rendered":"\u00c7i\u00e7ek\u00e7iyi tek yumrukla \u00f6ld\u00fcren san\u0131\u011fa m\u00fcebbet hapis talebi"},"content":{"rendered":"<p>Kepez il\u00e7esinde 12 Ekim 2024 tarihinde meydana gelen olayda, E\u015fref Yunus Y\u0131ld\u0131r\u0131c\u0131&#8217;y\u0131 tek yumrukla darp ederek \u00f6ld\u00fcrm\u00fc\u015ft\u00fc. Ya\u015fananlar g\u00fcvenlik kameras\u0131na saniye saniye yans\u0131rken, tutuklu bulunan K\u0131van\u00e7 \u015eens\u00f6z hakk\u0131nda Antalya Cumhuriyet Ba\u015fsavc\u0131l\u0131\u011f\u0131nca haz\u0131rlanan iddianame, Antalya 1. A\u011f\u0131r Ceza Mahkemesince kabul edildi.<br \/>\n\u0130ddianamede, yabanc\u0131 uyruklu e\u015fi ile birlikte sosyal medya \u00fczerinden \u00e7i\u00e7ek sat\u0131\u015f i\u015fiyle u\u011fra\u015fan san\u0131\u011f\u0131n, e\u015finin \u00e7i\u00e7eklerle \u00e7ekilmi\u015f foto\u011fraf\u0131n\u0131, E\u015fref Yunus Y\u0131ld\u0131r\u0131c\u0131&#8217;n\u0131n sosyal medya hesab\u0131nda g\u00f6rd\u00fc\u011f\u00fc ve san\u0131\u011f\u0131n 11 Ekim 2024 tarihinde maktul\u00fc arayarak &#8220;Benim kar\u015f\u0131ma \u00e7\u0131kmay\u0131n, \u00e7\u0131karsan\u0131z anlad\u0131\u011f\u0131n\u0131z dilden kar\u015f\u0131l\u0131k verece\u011fim, ben kimseyi tan\u0131mam, seni sinkaf ederim, boynunu kopar\u0131r\u0131m, buldu\u011fum yerde affetmem\u201d \u015feklinde tehdit etti\u011fi ifade edildi.<\/p>\n<p>&#8220;Sizin faturan\u0131z\u0131 \u00e7ekece\u011fim&#8221;<br \/>\nBunun \u00fczerine E\u015fref Yunus Y\u0131ld\u0131r\u0131c\u0131&#8217;n\u0131n san\u0131\u011fa hesab\u0131 karde\u015finin y\u00f6netti\u011fini s\u00f6yleyip telefonu karde\u015fi Firdevs Y\u0131ld\u0131r\u0131c\u0131&#8217;ya verdi\u011fi ve Firdevs Y\u0131ld\u0131r\u0131c\u0131&#8217;n\u0131n da foto\u011fraflar\u0131 silece\u011fini \u015f\u00fcpheliye s\u00f6yledi\u011fi ancak san\u0131\u011f\u0131n &#8220;Sizin faturan\u0131z\u0131 \u00e7ekece\u011fim, bu zamana kadar ses \u00e7\u0131kartmad\u0131m, \u015fimdi anlad\u0131\u011f\u0131n\u0131z dilden konu\u015faca\u011f\u0131m&#8221; \u015feklinde tehdidini s\u00fcrd\u00fcrd\u00fc\u011f\u00fc belirtildi.<br \/>\n\u0130ddianamenin devam\u0131nda san\u0131\u011f\u0131n olay\u0131n ger\u00e7ekle\u015fti\u011fi yerin sahibi ve maktul\u00fcn day\u0131s\u0131 Ali Okur&#8217;u arayarak E\u015fref Yunus Y\u0131ld\u0131r\u0131c\u0131&#8217;y\u0131 d\u00f6vece\u011fini ve \u00f6ld\u00fcrece\u011fini s\u00f6yledi\u011fi, bir s\u00fcre sonra da Kepez il\u00e7esi Alt\u0131nova Mahallesi&#8217;ndeki Ali Okur&#8217;a \u00e7i\u00e7ek\u00e7i deposunda bulu\u015ftu\u011fu belirtildi.<br \/>\nSan\u0131\u011f\u0131n, Y\u0131ld\u0131r\u0131c\u0131 ile bulu\u015ftu\u011funda hi\u00e7 konu\u015fmayarak bir anda y\u00fcz\u00fcne yumruk att\u0131\u011f\u0131 ve maktul\u00fcn ald\u0131\u011f\u0131 yumruk darbesiyle yere d\u00fc\u015ft\u00fc\u011f\u00fc belirtilen iddianamede, yerde hareketsiz bir bi\u00e7imde kalmas\u0131na ra\u011fmen san\u0131\u011f\u0131n 3 kez tekme att\u0131\u011f\u0131, akabinde \u015fahs\u0131 iki eliyle kald\u0131r\u0131p bir seferde yere vurdu\u011fu ve Kepez Devlet Hastanesine kald\u0131r\u0131lan Y\u0131ld\u0131r\u0131c\u0131&#8217;n\u0131n hayat\u0131n\u0131 kaybetti\u011fi vurguland\u0131.<br \/>\n\u0130ddianamede, san\u0131\u011f\u0131n &#8220;Kasten \u00f6ld\u00fcrme&#8221; su\u00e7undan m\u00fcebbet hapisle cezaland\u0131r\u0131lmas\u0131 talep edildi.<\/p>\n<p>Kaynak: www.kanalv.com.tr Haber Sitesinden Al\u0131nm\u0131\u015ft\u0131r.<\/p>","protected":false},"excerpt":{"rendered":"<p>Kepez il\u00e7esinde 12 Ekim 2024 tarihinde meydana gelen olayda, E\u015fref Yunus Y\u0131ld\u0131r\u0131c\u0131&#8217;y\u0131 tek yumrukla darp ederek \u00f6ld\u00fcrm\u00fc\u015ft\u00fc. Ya\u015fananlar g\u00fcvenlik kameras\u0131na saniye saniye yans\u0131rken, tutuklu bulunan K\u0131van\u00e7 \u015eens\u00f6z hakk\u0131nda Antalya Cumhuriyet Ba\u015fsavc\u0131l\u0131\u011f\u0131nca haz\u0131rlanan iddianame, Antalya 1. A\u011f\u0131r Ceza Mahkemesince kabul edildi. \u0130ddianamede, yabanc\u0131 uyruklu e\u015fi ile birlikte sosyal medya \u00fczerinden \u00e7i\u00e7ek sat\u0131\u015f i\u015fiyle u\u011fra\u015fan san\u0131\u011f\u0131n, e\u015finin \u00e7i\u00e7eklerle \u00e7ekilmi\u015f foto\u011fraf\u0131n\u0131, E\u015fref Yunus Y\u0131ld\u0131r\u0131c\u0131&#8217;n\u0131n sosyal medya hesab\u0131nda g\u00f6rd\u00fc\u011f\u00fc ve san\u0131\u011f\u0131n 11 Ekim 2024 tarihinde maktul\u00fc arayarak &#8220;Benim kar\u015f\u0131ma \u00e7\u0131kmay\u0131n, \u00e7\u0131karsan\u0131z anlad\u0131\u011f\u0131n\u0131z dilden kar\u015f\u0131l\u0131k verece\u011fim, ben kimseyi tan\u0131mam, seni sinkaf ederim, boynunu kopar\u0131r\u0131m, buldu\u011fum yerde affetmem\u201d \u015feklinde tehdit etti\u011fi ifade edildi. &#8220;Sizin faturan\u0131z\u0131 \u00e7ekece\u011fim&#8221; Bunun \u00fczerine E\u015fref Yunus Y\u0131ld\u0131r\u0131c\u0131&#8217;n\u0131n san\u0131\u011fa hesab\u0131 karde\u015finin y\u00f6netti\u011fini s\u00f6yleyip telefonu karde\u015fi Firdevs Y\u0131ld\u0131r\u0131c\u0131&#8217;ya verdi\u011fi ve Firdevs Y\u0131ld\u0131r\u0131c\u0131&#8217;n\u0131n da foto\u011fraflar\u0131 silece\u011fini \u015f\u00fcpheliye s\u00f6yledi\u011fi ancak san\u0131\u011f\u0131n &#8220;Sizin faturan\u0131z\u0131 \u00e7ekece\u011fim, bu zamana kadar ses \u00e7\u0131kartmad\u0131m, \u015fimdi anlad\u0131\u011f\u0131n\u0131z dilden konu\u015faca\u011f\u0131m&#8221; \u015feklinde tehdidini s\u00fcrd\u00fcrd\u00fc\u011f\u00fc belirtildi. \u0130ddianamenin devam\u0131nda san\u0131\u011f\u0131n olay\u0131n ger\u00e7ekle\u015fti\u011fi yerin sahibi ve maktul\u00fcn day\u0131s\u0131 Ali Okur&#8217;u arayarak E\u015fref Yunus Y\u0131ld\u0131r\u0131c\u0131&#8217;y\u0131 d\u00f6vece\u011fini ve \u00f6ld\u00fcrece\u011fini s\u00f6yledi\u011fi, bir s\u00fcre sonra da Kepez il\u00e7esi Alt\u0131nova Mahallesi&#8217;ndeki Ali Okur&#8217;a \u00e7i\u00e7ek\u00e7i deposunda bulu\u015ftu\u011fu belirtildi. San\u0131\u011f\u0131n, Y\u0131ld\u0131r\u0131c\u0131 ile bulu\u015ftu\u011funda hi\u00e7 konu\u015fmayarak bir anda y\u00fcz\u00fcne yumruk att\u0131\u011f\u0131 ve maktul\u00fcn ald\u0131\u011f\u0131 yumruk darbesiyle yere d\u00fc\u015ft\u00fc\u011f\u00fc belirtilen iddianamede, yerde hareketsiz bir bi\u00e7imde kalmas\u0131na &hellip;<\/p>","protected":false},"author":0,"featured_media":20791,"comment_status":"open","ping_status":"open","sticky":false,"template":"","format":"standard","meta":{"_acf_changed":false,"footnotes":""},"categories":[26,535],"tags":[],"class_list":["post-20790","post","type-post","status-publish","format-standard","has-post-thumbnail","hentry","category-antalya","category-uncategorized-tr"],"acf":[],"yoast_head":"<!-- This site is optimized with the Yoast SEO Premium plugin v26.6 (Yoast SEO v27.1.1) - https:\/\/yoast.com\/product\/yoast-seo-premium-wordpress\/ -->\n<title>\u00c7i\u00e7ek\u00e7iyi tek yumrukla \u00f6ld\u00fcren san\u0131\u011fa m\u00fcebbet hapis talebi - Av. Deniz Can K\u0131z\u0131l<\/title>\n<meta name=\"robots\" content=\"index, follow, max-snippet:-1, max-image-preview:large, max-video-preview:-1\" \/>\n<link rel=\"canonical\" href=\"https:\/\/denizcankizil.tr\/en\/haberler\/antalya\/cicekciyi-tek-yumrukla-olduren-saniga-muebbet-hapis-talebi\/\" \/>\n<meta property=\"og:locale\" content=\"en_GB\" \/>\n<meta property=\"og:type\" content=\"article\" \/>\n<meta property=\"og:title\" content=\"\u00c7i\u00e7ek\u00e7iyi tek yumrukla \u00f6ld\u00fcren san\u0131\u011fa m\u00fcebbet hapis talebi\" \/>\n<meta property=\"og:description\" content=\"Kepez il\u00e7esinde 12 Ekim 2024 tarihinde meydana gelen olayda, E\u015fref Yunus Y\u0131ld\u0131r\u0131c\u0131&#8217;y\u0131 tek yumrukla darp ederek \u00f6ld\u00fcrm\u00fc\u015ft\u00fc. Ya\u015fananlar g\u00fcvenlik kameras\u0131na saniye saniye yans\u0131rken, tutuklu bulunan K\u0131van\u00e7 \u015eens\u00f6z hakk\u0131nda Antalya Cumhuriyet Ba\u015fsavc\u0131l\u0131\u011f\u0131nca haz\u0131rlanan iddianame, Antalya 1. A\u011f\u0131r Ceza Mahkemesince kabul edildi. \u0130ddianamede, yabanc\u0131 uyruklu e\u015fi ile birlikte sosyal medya \u00fczerinden \u00e7i\u00e7ek sat\u0131\u015f i\u015fiyle u\u011fra\u015fan san\u0131\u011f\u0131n, e\u015finin \u00e7i\u00e7eklerle \u00e7ekilmi\u015f foto\u011fraf\u0131n\u0131, E\u015fref Yunus Y\u0131ld\u0131r\u0131c\u0131&#8217;n\u0131n sosyal medya hesab\u0131nda g\u00f6rd\u00fc\u011f\u00fc ve san\u0131\u011f\u0131n 11 Ekim 2024 tarihinde maktul\u00fc arayarak &#8220;Benim kar\u015f\u0131ma \u00e7\u0131kmay\u0131n, \u00e7\u0131karsan\u0131z anlad\u0131\u011f\u0131n\u0131z dilden kar\u015f\u0131l\u0131k verece\u011fim, ben kimseyi tan\u0131mam, seni sinkaf ederim, boynunu kopar\u0131r\u0131m, buldu\u011fum yerde affetmem\u201d \u015feklinde tehdit etti\u011fi ifade edildi. &#8220;Sizin faturan\u0131z\u0131 \u00e7ekece\u011fim&#8221; Bunun \u00fczerine E\u015fref Yunus Y\u0131ld\u0131r\u0131c\u0131&#8217;n\u0131n san\u0131\u011fa hesab\u0131 karde\u015finin y\u00f6netti\u011fini s\u00f6yleyip telefonu karde\u015fi Firdevs Y\u0131ld\u0131r\u0131c\u0131&#8217;ya verdi\u011fi ve Firdevs Y\u0131ld\u0131r\u0131c\u0131&#8217;n\u0131n da foto\u011fraflar\u0131 silece\u011fini \u015f\u00fcpheliye s\u00f6yledi\u011fi ancak san\u0131\u011f\u0131n &#8220;Sizin faturan\u0131z\u0131 \u00e7ekece\u011fim, bu zamana kadar ses \u00e7\u0131kartmad\u0131m, \u015fimdi anlad\u0131\u011f\u0131n\u0131z dilden konu\u015faca\u011f\u0131m&#8221; \u015feklinde tehdidini s\u00fcrd\u00fcrd\u00fc\u011f\u00fc belirtildi. \u0130ddianamenin devam\u0131nda san\u0131\u011f\u0131n olay\u0131n ger\u00e7ekle\u015fti\u011fi yerin sahibi ve maktul\u00fcn day\u0131s\u0131 Ali Okur&#8217;u arayarak E\u015fref Yunus Y\u0131ld\u0131r\u0131c\u0131&#8217;y\u0131 d\u00f6vece\u011fini ve \u00f6ld\u00fcrece\u011fini s\u00f6yledi\u011fi, bir s\u00fcre sonra da Kepez il\u00e7esi Alt\u0131nova Mahallesi&#8217;ndeki Ali Okur&#8217;a \u00e7i\u00e7ek\u00e7i deposunda bulu\u015ftu\u011fu belirtildi. San\u0131\u011f\u0131n, Y\u0131ld\u0131r\u0131c\u0131 ile bulu\u015ftu\u011funda hi\u00e7 konu\u015fmayarak bir anda y\u00fcz\u00fcne yumruk att\u0131\u011f\u0131 ve maktul\u00fcn ald\u0131\u011f\u0131 yumruk darbesiyle yere d\u00fc\u015ft\u00fc\u011f\u00fc belirtilen iddianamede, yerde hareketsiz bir bi\u00e7imde kalmas\u0131na &hellip;\" \/>\n<meta property=\"og:url\" content=\"https:\/\/denizcankizil.tr\/en\/haberler\/antalya\/cicekciyi-tek-yumrukla-olduren-saniga-muebbet-hapis-talebi\/\" \/>\n<meta property=\"og:site_name\" content=\"Av. Deniz Can K\u0131z\u0131l\" \/>\n<meta property=\"article:published_time\" content=\"2024-12-14T14:42:04+00:00\" \/>\n<meta property=\"og:image\" content=\"https:\/\/denizcankizil.tr\/wp-content\/uploads\/2024\/12\/3595-01-Yqvr6C.jpeg\" \/>\n\t<meta property=\"og:image:width\" content=\"1280\" \/>\n\t<meta property=\"og:image:height\" content=\"720\" \/>\n\t<meta property=\"og:image:type\" content=\"image\/jpeg\" \/>\n<meta name=\"twitter:card\" content=\"summary_large_image\" \/>\n<meta name=\"twitter:label1\" content=\"Estimated reading time\" \/>\n\t<meta name=\"twitter:data1\" content=\"2 minutes\" \/>\n<script type=\"application\/ld+json\" class=\"yoast-schema-graph\">{\"@context\":\"https:\/\/schema.org\",\"@graph\":[{\"@type\":\"Article\",\"@id\":\"https:\/\/denizcankizil.tr\/en\/haberler\/antalya\/cicekciyi-tek-yumrukla-olduren-saniga-muebbet-hapis-talebi\/#article\",\"isPartOf\":{\"@id\":\"https:\/\/denizcankizil.tr\/en\/haberler\/antalya\/cicekciyi-tek-yumrukla-olduren-saniga-muebbet-hapis-talebi\/\"},\"author\":{\"name\":\"\",\"@id\":\"\"},\"headline\":\"\u00c7i\u00e7ek\u00e7iyi tek yumrukla \u00f6ld\u00fcren san\u0131\u011fa m\u00fcebbet hapis talebi\",\"datePublished\":\"2024-12-14T14:42:04+00:00\",\"mainEntityOfPage\":{\"@id\":\"https:\/\/denizcankizil.tr\/en\/haberler\/antalya\/cicekciyi-tek-yumrukla-olduren-saniga-muebbet-hapis-talebi\/\"},\"wordCount\":404,\"commentCount\":0,\"publisher\":{\"@id\":\"https:\/\/denizcankizil.tr\/#organization\"},\"image\":{\"@id\":\"https:\/\/denizcankizil.tr\/en\/haberler\/antalya\/cicekciyi-tek-yumrukla-olduren-saniga-muebbet-hapis-talebi\/#primaryimage\"},\"thumbnailUrl\":\"https:\/\/denizcankizil.tr\/wp-content\/uploads\/2024\/12\/3595-01-Yqvr6C.jpeg\",\"articleSection\":[\"Antalya\",\"Uncategorized\"],\"inLanguage\":\"en-GB\",\"potentialAction\":[{\"@type\":\"CommentAction\",\"name\":\"Comment\",\"target\":[\"https:\/\/denizcankizil.tr\/en\/haberler\/antalya\/cicekciyi-tek-yumrukla-olduren-saniga-muebbet-hapis-talebi\/#respond\"]}]},{\"@type\":\"WebPage\",\"@id\":\"https:\/\/denizcankizil.tr\/en\/haberler\/antalya\/cicekciyi-tek-yumrukla-olduren-saniga-muebbet-hapis-talebi\/\",\"url\":\"https:\/\/denizcankizil.tr\/en\/haberler\/antalya\/cicekciyi-tek-yumrukla-olduren-saniga-muebbet-hapis-talebi\/\",\"name\":\"\u00c7i\u00e7ek\u00e7iyi tek yumrukla \u00f6ld\u00fcren san\u0131\u011fa m\u00fcebbet hapis talebi - Av. Deniz Can K\u0131z\u0131l\",\"isPartOf\":{\"@id\":\"https:\/\/denizcankizil.tr\/#website\"},\"primaryImageOfPage\":{\"@id\":\"https:\/\/denizcankizil.tr\/en\/haberler\/antalya\/cicekciyi-tek-yumrukla-olduren-saniga-muebbet-hapis-talebi\/#primaryimage\"},\"image\":{\"@id\":\"https:\/\/denizcankizil.tr\/en\/haberler\/antalya\/cicekciyi-tek-yumrukla-olduren-saniga-muebbet-hapis-talebi\/#primaryimage\"},\"thumbnailUrl\":\"https:\/\/denizcankizil.tr\/wp-content\/uploads\/2024\/12\/3595-01-Yqvr6C.jpeg\",\"datePublished\":\"2024-12-14T14:42:04+00:00\",\"breadcrumb\":{\"@id\":\"https:\/\/denizcankizil.tr\/en\/haberler\/antalya\/cicekciyi-tek-yumrukla-olduren-saniga-muebbet-hapis-talebi\/#breadcrumb\"},\"inLanguage\":\"en-GB\",\"potentialAction\":[{\"@type\":\"ReadAction\",\"target\":[\"https:\/\/denizcankizil.tr\/en\/haberler\/antalya\/cicekciyi-tek-yumrukla-olduren-saniga-muebbet-hapis-talebi\/\"]}]},{\"@type\":\"ImageObject\",\"inLanguage\":\"en-GB\",\"@id\":\"https:\/\/denizcankizil.tr\/en\/haberler\/antalya\/cicekciyi-tek-yumrukla-olduren-saniga-muebbet-hapis-talebi\/#primaryimage\",\"url\":\"https:\/\/denizcankizil.tr\/wp-content\/uploads\/2024\/12\/3595-01-Yqvr6C.jpeg\",\"contentUrl\":\"https:\/\/denizcankizil.tr\/wp-content\/uploads\/2024\/12\/3595-01-Yqvr6C.jpeg\",\"width\":1280,\"height\":720},{\"@type\":\"BreadcrumbList\",\"@id\":\"https:\/\/denizcankizil.tr\/en\/haberler\/antalya\/cicekciyi-tek-yumrukla-olduren-saniga-muebbet-hapis-talebi\/#breadcrumb\",\"itemListElement\":[{\"@type\":\"ListItem\",\"position\":1,\"name\":\"Home\",\"item\":\"https:\/\/denizcankizil.tr\/uk\/\"},{\"@type\":\"ListItem\",\"position\":2,\"name\":\"\u00c7i\u00e7ek\u00e7iyi tek yumrukla \u00f6ld\u00fcren san\u0131\u011fa m\u00fcebbet hapis talebi\"}]},{\"@type\":\"WebSite\",\"@id\":\"https:\/\/denizcankizil.tr\/#website\",\"url\":\"https:\/\/denizcankizil.tr\/\",\"name\":\"Av. Deniz Can K\u0131z\u0131l\",\"description\":\"Avukat Deniz Can K\u0131z\u0131l Antalya Barosu\",\"publisher\":{\"@id\":\"https:\/\/denizcankizil.tr\/#organization\"},\"potentialAction\":[{\"@type\":\"SearchAction\",\"target\":{\"@type\":\"EntryPoint\",\"urlTemplate\":\"https:\/\/denizcankizil.tr\/?s={search_term_string}\"},\"query-input\":{\"@type\":\"PropertyValueSpecification\",\"valueRequired\":true,\"valueName\":\"search_term_string\"}}],\"inLanguage\":\"en-GB\"},{\"@type\":\"Organization\",\"@id\":\"https:\/\/denizcankizil.tr\/#organization\",\"name\":\"Av. Deniz Can K\u0131z\u0131l\",\"url\":\"https:\/\/denizcankizil.tr\/\",\"logo\":{\"@type\":\"ImageObject\",\"inLanguage\":\"en-GB\",\"@id\":\"https:\/\/denizcankizil.tr\/#\/schema\/logo\/image\/\",\"url\":\"https:\/\/denizcankizil.tr\/wp-content\/uploads\/2024\/10\/siyah-logo-svg.svg\",\"contentUrl\":\"https:\/\/denizcankizil.tr\/wp-content\/uploads\/2024\/10\/siyah-logo-svg.svg\",\"width\":1080,\"height\":1080,\"caption\":\"Av. Deniz Can K\u0131z\u0131l\"},\"image\":{\"@id\":\"https:\/\/denizcankizil.tr\/#\/schema\/logo\/image\/\"}}]}<\/script>\n<!-- \/ Yoast SEO Premium plugin. -->","yoast_head_json":{"title":"\u00c7i\u00e7ek\u00e7iyi tek yumrukla \u00f6ld\u00fcren san\u0131\u011fa m\u00fcebbet hapis talebi - Av. Deniz Can K\u0131z\u0131l","robots":{"index":"index","follow":"follow","max-snippet":"max-snippet:-1","max-image-preview":"max-image-preview:large","max-video-preview":"max-video-preview:-1"},"canonical":"https:\/\/denizcankizil.tr\/en\/haberler\/antalya\/cicekciyi-tek-yumrukla-olduren-saniga-muebbet-hapis-talebi\/","og_locale":"en_GB","og_type":"article","og_title":"\u00c7i\u00e7ek\u00e7iyi tek yumrukla \u00f6ld\u00fcren san\u0131\u011fa m\u00fcebbet hapis talebi","og_description":"Kepez il\u00e7esinde 12 Ekim 2024 tarihinde meydana gelen olayda, E\u015fref Yunus Y\u0131ld\u0131r\u0131c\u0131&#8217;y\u0131 tek yumrukla darp ederek \u00f6ld\u00fcrm\u00fc\u015ft\u00fc. Ya\u015fananlar g\u00fcvenlik kameras\u0131na saniye saniye yans\u0131rken, tutuklu bulunan K\u0131van\u00e7 \u015eens\u00f6z hakk\u0131nda Antalya Cumhuriyet Ba\u015fsavc\u0131l\u0131\u011f\u0131nca haz\u0131rlanan iddianame, Antalya 1. A\u011f\u0131r Ceza Mahkemesince kabul edildi. \u0130ddianamede, yabanc\u0131 uyruklu e\u015fi ile birlikte sosyal medya \u00fczerinden \u00e7i\u00e7ek sat\u0131\u015f i\u015fiyle u\u011fra\u015fan san\u0131\u011f\u0131n, e\u015finin \u00e7i\u00e7eklerle \u00e7ekilmi\u015f foto\u011fraf\u0131n\u0131, E\u015fref Yunus Y\u0131ld\u0131r\u0131c\u0131&#8217;n\u0131n sosyal medya hesab\u0131nda g\u00f6rd\u00fc\u011f\u00fc ve san\u0131\u011f\u0131n 11 Ekim 2024 tarihinde maktul\u00fc arayarak &#8220;Benim kar\u015f\u0131ma \u00e7\u0131kmay\u0131n, \u00e7\u0131karsan\u0131z anlad\u0131\u011f\u0131n\u0131z dilden kar\u015f\u0131l\u0131k verece\u011fim, ben kimseyi tan\u0131mam, seni sinkaf ederim, boynunu kopar\u0131r\u0131m, buldu\u011fum yerde affetmem\u201d \u015feklinde tehdit etti\u011fi ifade edildi. &#8220;Sizin faturan\u0131z\u0131 \u00e7ekece\u011fim&#8221; Bunun \u00fczerine E\u015fref Yunus Y\u0131ld\u0131r\u0131c\u0131&#8217;n\u0131n san\u0131\u011fa hesab\u0131 karde\u015finin y\u00f6netti\u011fini s\u00f6yleyip telefonu karde\u015fi Firdevs Y\u0131ld\u0131r\u0131c\u0131&#8217;ya verdi\u011fi ve Firdevs Y\u0131ld\u0131r\u0131c\u0131&#8217;n\u0131n da foto\u011fraflar\u0131 silece\u011fini \u015f\u00fcpheliye s\u00f6yledi\u011fi ancak san\u0131\u011f\u0131n &#8220;Sizin faturan\u0131z\u0131 \u00e7ekece\u011fim, bu zamana kadar ses \u00e7\u0131kartmad\u0131m, \u015fimdi anlad\u0131\u011f\u0131n\u0131z dilden konu\u015faca\u011f\u0131m&#8221; \u015feklinde tehdidini s\u00fcrd\u00fcrd\u00fc\u011f\u00fc belirtildi. \u0130ddianamenin devam\u0131nda san\u0131\u011f\u0131n olay\u0131n ger\u00e7ekle\u015fti\u011fi yerin sahibi ve maktul\u00fcn day\u0131s\u0131 Ali Okur&#8217;u arayarak E\u015fref Yunus Y\u0131ld\u0131r\u0131c\u0131&#8217;y\u0131 d\u00f6vece\u011fini ve \u00f6ld\u00fcrece\u011fini s\u00f6yledi\u011fi, bir s\u00fcre sonra da Kepez il\u00e7esi Alt\u0131nova Mahallesi&#8217;ndeki Ali Okur&#8217;a \u00e7i\u00e7ek\u00e7i deposunda bulu\u015ftu\u011fu belirtildi. San\u0131\u011f\u0131n, Y\u0131ld\u0131r\u0131c\u0131 ile bulu\u015ftu\u011funda hi\u00e7 konu\u015fmayarak bir anda y\u00fcz\u00fcne yumruk att\u0131\u011f\u0131 ve maktul\u00fcn ald\u0131\u011f\u0131 yumruk darbesiyle yere d\u00fc\u015ft\u00fc\u011f\u00fc belirtilen iddianamede, yerde hareketsiz bir bi\u00e7imde kalmas\u0131na &hellip;","og_url":"https:\/\/denizcankizil.tr\/en\/haberler\/antalya\/cicekciyi-tek-yumrukla-olduren-saniga-muebbet-hapis-talebi\/","og_site_name":"Av. Deniz Can K\u0131z\u0131l","article_published_time":"2024-12-14T14:42:04+00:00","og_image":[{"width":1280,"height":720,"url":"https:\/\/denizcankizil.tr\/wp-content\/uploads\/2024\/12\/3595-01-Yqvr6C.jpeg","type":"image\/jpeg"}],"twitter_card":"summary_large_image","twitter_misc":{"Estimated reading time":"2 minutes"},"schema":{"@context":"https:\/\/schema.org","@graph":[{"@type":"Article","@id":"https:\/\/denizcankizil.tr\/en\/haberler\/antalya\/cicekciyi-tek-yumrukla-olduren-saniga-muebbet-hapis-talebi\/#article","isPartOf":{"@id":"https:\/\/denizcankizil.tr\/en\/haberler\/antalya\/cicekciyi-tek-yumrukla-olduren-saniga-muebbet-hapis-talebi\/"},"author":{"name":"","@id":""},"headline":"\u00c7i\u00e7ek\u00e7iyi tek yumrukla \u00f6ld\u00fcren san\u0131\u011fa m\u00fcebbet hapis talebi","datePublished":"2024-12-14T14:42:04+00:00","mainEntityOfPage":{"@id":"https:\/\/denizcankizil.tr\/en\/haberler\/antalya\/cicekciyi-tek-yumrukla-olduren-saniga-muebbet-hapis-talebi\/"},"wordCount":404,"commentCount":0,"publisher":{"@id":"https:\/\/denizcankizil.tr\/#organization"},"image":{"@id":"https:\/\/denizcankizil.tr\/en\/haberler\/antalya\/cicekciyi-tek-yumrukla-olduren-saniga-muebbet-hapis-talebi\/#primaryimage"},"thumbnailUrl":"https:\/\/denizcankizil.tr\/wp-content\/uploads\/2024\/12\/3595-01-Yqvr6C.jpeg","articleSection":["Antalya","Uncategorized"],"inLanguage":"en-GB","potentialAction":[{"@type":"CommentAction","name":"Comment","target":["https:\/\/denizcankizil.tr\/en\/haberler\/antalya\/cicekciyi-tek-yumrukla-olduren-saniga-muebbet-hapis-talebi\/#respond"]}]},{"@type":"WebPage","@id":"https:\/\/denizcankizil.tr\/en\/haberler\/antalya\/cicekciyi-tek-yumrukla-olduren-saniga-muebbet-hapis-talebi\/","url":"https:\/\/denizcankizil.tr\/en\/haberler\/antalya\/cicekciyi-tek-yumrukla-olduren-saniga-muebbet-hapis-talebi\/","name":"\u00c7i\u00e7ek\u00e7iyi tek yumrukla \u00f6ld\u00fcren san\u0131\u011fa m\u00fcebbet hapis talebi - Av. Deniz Can K\u0131z\u0131l","isPartOf":{"@id":"https:\/\/denizcankizil.tr\/#website"},"primaryImageOfPage":{"@id":"https:\/\/denizcankizil.tr\/en\/haberler\/antalya\/cicekciyi-tek-yumrukla-olduren-saniga-muebbet-hapis-talebi\/#primaryimage"},"image":{"@id":"https:\/\/denizcankizil.tr\/en\/haberler\/antalya\/cicekciyi-tek-yumrukla-olduren-saniga-muebbet-hapis-talebi\/#primaryimage"},"thumbnailUrl":"https:\/\/denizcankizil.tr\/wp-content\/uploads\/2024\/12\/3595-01-Yqvr6C.jpeg","datePublished":"2024-12-14T14:42:04+00:00","breadcrumb":{"@id":"https:\/\/denizcankizil.tr\/en\/haberler\/antalya\/cicekciyi-tek-yumrukla-olduren-saniga-muebbet-hapis-talebi\/#breadcrumb"},"inLanguage":"en-GB","potentialAction":[{"@type":"ReadAction","target":["https:\/\/denizcankizil.tr\/en\/haberler\/antalya\/cicekciyi-tek-yumrukla-olduren-saniga-muebbet-hapis-talebi\/"]}]},{"@type":"ImageObject","inLanguage":"en-GB","@id":"https:\/\/denizcankizil.tr\/en\/haberler\/antalya\/cicekciyi-tek-yumrukla-olduren-saniga-muebbet-hapis-talebi\/#primaryimage","url":"https:\/\/denizcankizil.tr\/wp-content\/uploads\/2024\/12\/3595-01-Yqvr6C.jpeg","contentUrl":"https:\/\/denizcankizil.tr\/wp-content\/uploads\/2024\/12\/3595-01-Yqvr6C.jpeg","width":1280,"height":720},{"@type":"BreadcrumbList","@id":"https:\/\/denizcankizil.tr\/en\/haberler\/antalya\/cicekciyi-tek-yumrukla-olduren-saniga-muebbet-hapis-talebi\/#breadcrumb","itemListElement":[{"@type":"ListItem","position":1,"name":"Home","item":"https:\/\/denizcankizil.tr\/uk\/"},{"@type":"ListItem","position":2,"name":"\u00c7i\u00e7ek\u00e7iyi tek yumrukla \u00f6ld\u00fcren san\u0131\u011fa m\u00fcebbet hapis talebi"}]},{"@type":"WebSite","@id":"https:\/\/denizcankizil.tr\/#website","url":"https:\/\/denizcankizil.tr\/","name":"Av. Deniz Can K\u0131z\u0131l","description":"Avukat Deniz Can K\u0131z\u0131l Antalya Barosu","publisher":{"@id":"https:\/\/denizcankizil.tr\/#organization"},"potentialAction":[{"@type":"SearchAction","target":{"@type":"EntryPoint","urlTemplate":"https:\/\/denizcankizil.tr\/?s={search_term_string}"},"query-input":{"@type":"PropertyValueSpecification","valueRequired":true,"valueName":"search_term_string"}}],"inLanguage":"en-GB"},{"@type":"Organization","@id":"https:\/\/denizcankizil.tr\/#organization","name":"Av. Deniz Can K\u0131z\u0131l","url":"https:\/\/denizcankizil.tr\/","logo":{"@type":"ImageObject","inLanguage":"en-GB","@id":"https:\/\/denizcankizil.tr\/#\/schema\/logo\/image\/","url":"https:\/\/denizcankizil.tr\/wp-content\/uploads\/2024\/10\/siyah-logo-svg.svg","contentUrl":"https:\/\/denizcankizil.tr\/wp-content\/uploads\/2024\/10\/siyah-logo-svg.svg","width":1080,"height":1080,"caption":"Av. Deniz Can K\u0131z\u0131l"},"image":{"@id":"https:\/\/denizcankizil.tr\/#\/schema\/logo\/image\/"}}]}},"_links":{"self":[{"href":"https:\/\/denizcankizil.tr\/en\/wp-json\/wp\/v2\/posts\/20790","targetHints":{"allow":["GET"]}}],"collection":[{"href":"https:\/\/denizcankizil.tr\/en\/wp-json\/wp\/v2\/posts"}],"about":[{"href":"https:\/\/denizcankizil.tr\/en\/wp-json\/wp\/v2\/types\/post"}],"replies":[{"embeddable":true,"href":"https:\/\/denizcankizil.tr\/en\/wp-json\/wp\/v2\/comments?post=20790"}],"version-history":[{"count":0,"href":"https:\/\/denizcankizil.tr\/en\/wp-json\/wp\/v2\/posts\/20790\/revisions"}],"wp:featuredmedia":[{"embeddable":true,"href":"https:\/\/denizcankizil.tr\/en\/wp-json\/wp\/v2\/media\/20791"}],"wp:attachment":[{"href":"https:\/\/denizcankizil.tr\/en\/wp-json\/wp\/v2\/media?parent=20790"}],"wp:term":[{"taxonomy":"category","embeddable":true,"href":"https:\/\/denizcankizil.tr\/en\/wp-json\/wp\/v2\/categories?post=20790"},{"taxonomy":"post_tag","embeddable":true,"href":"https:\/\/denizcankizil.tr\/en\/wp-json\/wp\/v2\/tags?post=20790"}],"curies":[{"name":"wp","href":"https:\/\/api.w.org\/{rel}","templated":true}]}}