{"id":20728,"date":"2024-12-14T10:41:36","date_gmt":"2024-12-14T07:41:36","guid":{"rendered":"https:\/\/denizcankizil.tr\/uncategorized-tr\/alia-parkin-ilk-tayi-dunyaya-geldi\/"},"modified":"2024-12-14T10:41:36","modified_gmt":"2024-12-14T07:41:36","slug":"alia-parkin-ilk-tayi-dunyaya-geldi","status":"publish","type":"post","link":"https:\/\/denizcankizil.tr\/en\/haberler\/gundem\/alia-parkin-ilk-tayi-dunyaya-geldi\/","title":{"rendered":"Alia Park\u2019\u0131n \u0130lk Tay\u0131 D\u00fcnyaya Geldi"},"content":{"rendered":"<p>Alia\u011fa Belediyesi taraf\u0131ndan projelendirilen \u2018Alia Park Atla Terapi ve Rehabilitasyon Merkezi\u2019nde di\u015fi tay d\u00fcnyaya geldi.<\/p>\n<p>\u200bAlia\u011fa Belediyesi taraf\u0131ndan projelendirilen \u2018Alia Park Atla Terapi ve Rehabilitasyon Merkezi\u2019nde di\u015fi tay d\u00fcnyaya geldi.\u00a0<\/p>\n<p>\u200bHaberin Al\u0131nt\u0131land\u0131\u011f\u0131 Kaynak: www.iskenderun.org<\/p>","protected":false},"excerpt":{"rendered":"<p>Alia\u011fa Belediyesi taraf\u0131ndan projelendirilen \u2018Alia Park Atla Terapi ve Rehabilitasyon Merkezi\u2019nde di\u015fi tay d\u00fcnyaya geldi. \u200bAlia\u011fa Belediyesi taraf\u0131ndan projelendirilen \u2018Alia Park Atla Terapi ve Rehabilitasyon Merkezi\u2019nde di\u015fi tay d\u00fcnyaya geldi.\u00a0 \u200bHaberin Al\u0131nt\u0131land\u0131\u011f\u0131 Kaynak: www.iskenderun.org<\/p>","protected":false},"author":0,"featured_media":0,"comment_status":"open","ping_status":"open","sticky":false,"template":"","format":"standard","meta":{"_acf_changed":false,"footnotes":""},"categories":[24,535],"tags":[],"class_list":["post-20728","post","type-post","status-publish","format-standard","has-post-thumbnail","hentry","category-gundem","category-uncategorized-tr"],"acf":[],"yoast_head":"<!-- This site is optimized with the Yoast SEO Premium plugin v26.6 (Yoast SEO v27.1.1) - https:\/\/yoast.com\/product\/yoast-seo-premium-wordpress\/ -->\n<title>Alia Park\u2019\u0131n \u0130lk Tay\u0131 D\u00fcnyaya Geldi - Av. Deniz Can K\u0131z\u0131l<\/title>\n<meta name=\"robots\" content=\"index, follow, max-snippet:-1, max-image-preview:large, max-video-preview:-1\" \/>\n<link rel=\"canonical\" href=\"https:\/\/denizcankizil.tr\/en\/haberler\/gundem\/alia-parkin-ilk-tayi-dunyaya-geldi\/\" \/>\n<meta property=\"og:locale\" content=\"en_GB\" \/>\n<meta property=\"og:type\" content=\"article\" \/>\n<meta property=\"og:title\" content=\"Alia Park\u2019\u0131n \u0130lk Tay\u0131 D\u00fcnyaya Geldi\" \/>\n<meta property=\"og:description\" content=\"Alia\u011fa Belediyesi taraf\u0131ndan projelendirilen \u2018Alia Park Atla Terapi ve Rehabilitasyon Merkezi\u2019nde di\u015fi tay d\u00fcnyaya geldi. \u200bAlia\u011fa Belediyesi taraf\u0131ndan projelendirilen \u2018Alia Park Atla Terapi ve Rehabilitasyon Merkezi\u2019nde di\u015fi tay d\u00fcnyaya geldi.\u00a0 \u200bHaberin Al\u0131nt\u0131land\u0131\u011f\u0131 Kaynak: www.iskenderun.org\" \/>\n<meta property=\"og:url\" content=\"https:\/\/denizcankizil.tr\/en\/haberler\/gundem\/alia-parkin-ilk-tayi-dunyaya-geldi\/\" \/>\n<meta property=\"og:site_name\" content=\"Av. Deniz Can K\u0131z\u0131l\" \/>\n<meta property=\"article:published_time\" content=\"2024-12-14T07:41:36+00:00\" \/>\n<meta name=\"twitter:card\" content=\"summary_large_image\" \/>\n<script type=\"application\/ld+json\" class=\"yoast-schema-graph\">{\"@context\":\"https:\/\/schema.org\",\"@graph\":[{\"@type\":\"Article\",\"@id\":\"https:\/\/denizcankizil.tr\/en\/haberler\/gundem\/alia-parkin-ilk-tayi-dunyaya-geldi\/#article\",\"isPartOf\":{\"@id\":\"https:\/\/denizcankizil.tr\/en\/haberler\/gundem\/alia-parkin-ilk-tayi-dunyaya-geldi\/\"},\"author\":{\"name\":\"\",\"@id\":\"\"},\"headline\":\"Alia Park\u2019\u0131n \u0130lk Tay\u0131 D\u00fcnyaya Geldi\",\"datePublished\":\"2024-12-14T07:41:36+00:00\",\"mainEntityOfPage\":{\"@id\":\"https:\/\/denizcankizil.tr\/en\/haberler\/gundem\/alia-parkin-ilk-tayi-dunyaya-geldi\/\"},\"wordCount\":56,\"commentCount\":0,\"publisher\":{\"@id\":\"https:\/\/denizcankizil.tr\/de\/#organization\"},\"articleSection\":[\"G\u00fcndem\",\"Uncategorized\"],\"inLanguage\":\"en-GB\",\"potentialAction\":[{\"@type\":\"CommentAction\",\"name\":\"Comment\",\"target\":[\"https:\/\/denizcankizil.tr\/en\/haberler\/gundem\/alia-parkin-ilk-tayi-dunyaya-geldi\/#respond\"]}]},{\"@type\":\"WebPage\",\"@id\":\"https:\/\/denizcankizil.tr\/en\/haberler\/gundem\/alia-parkin-ilk-tayi-dunyaya-geldi\/\",\"url\":\"https:\/\/denizcankizil.tr\/en\/haberler\/gundem\/alia-parkin-ilk-tayi-dunyaya-geldi\/\",\"name\":\"Alia Park\u2019\u0131n \u0130lk Tay\u0131 D\u00fcnyaya Geldi - Av. Deniz Can K\u0131z\u0131l\",\"isPartOf\":{\"@id\":\"https:\/\/denizcankizil.tr\/de\/#website\"},\"datePublished\":\"2024-12-14T07:41:36+00:00\",\"breadcrumb\":{\"@id\":\"https:\/\/denizcankizil.tr\/en\/haberler\/gundem\/alia-parkin-ilk-tayi-dunyaya-geldi\/#breadcrumb\"},\"inLanguage\":\"en-GB\",\"potentialAction\":[{\"@type\":\"ReadAction\",\"target\":[\"https:\/\/denizcankizil.tr\/en\/haberler\/gundem\/alia-parkin-ilk-tayi-dunyaya-geldi\/\"]}]},{\"@type\":\"BreadcrumbList\",\"@id\":\"https:\/\/denizcankizil.tr\/en\/haberler\/gundem\/alia-parkin-ilk-tayi-dunyaya-geldi\/#breadcrumb\",\"itemListElement\":[{\"@type\":\"ListItem\",\"position\":1,\"name\":\"Home\",\"item\":\"https:\/\/denizcankizil.tr\/de\/\"},{\"@type\":\"ListItem\",\"position\":2,\"name\":\"Alia Park\u2019\u0131n \u0130lk Tay\u0131 D\u00fcnyaya Geldi\"}]},{\"@type\":\"WebSite\",\"@id\":\"https:\/\/denizcankizil.tr\/de\/#website\",\"url\":\"https:\/\/denizcankizil.tr\/de\/\",\"name\":\"Av. Deniz Can K\u0131z\u0131l\",\"description\":\"Avukat Deniz Can K\u0131z\u0131l Antalya Barosu\",\"publisher\":{\"@id\":\"https:\/\/denizcankizil.tr\/de\/#organization\"},\"potentialAction\":[{\"@type\":\"SearchAction\",\"target\":{\"@type\":\"EntryPoint\",\"urlTemplate\":\"https:\/\/denizcankizil.tr\/de\/?s={search_term_string}\"},\"query-input\":{\"@type\":\"PropertyValueSpecification\",\"valueRequired\":true,\"valueName\":\"search_term_string\"}}],\"inLanguage\":\"en-GB\"},{\"@type\":\"Organization\",\"@id\":\"https:\/\/denizcankizil.tr\/de\/#organization\",\"name\":\"Av. Deniz Can K\u0131z\u0131l\",\"url\":\"https:\/\/denizcankizil.tr\/de\/\",\"logo\":{\"@type\":\"ImageObject\",\"inLanguage\":\"en-GB\",\"@id\":\"https:\/\/denizcankizil.tr\/de\/#\/schema\/logo\/image\/\",\"url\":\"https:\/\/denizcankizil.tr\/wp-content\/uploads\/2024\/10\/siyah-logo-svg.svg\",\"contentUrl\":\"https:\/\/denizcankizil.tr\/wp-content\/uploads\/2024\/10\/siyah-logo-svg.svg\",\"width\":1080,\"height\":1080,\"caption\":\"Av. Deniz Can K\u0131z\u0131l\"},\"image\":{\"@id\":\"https:\/\/denizcankizil.tr\/de\/#\/schema\/logo\/image\/\"}}]}<\/script>\n<!-- \/ Yoast SEO Premium plugin. -->","yoast_head_json":{"title":"Alia Park\u2019\u0131n \u0130lk Tay\u0131 D\u00fcnyaya Geldi - Av. Deniz Can K\u0131z\u0131l","robots":{"index":"index","follow":"follow","max-snippet":"max-snippet:-1","max-image-preview":"max-image-preview:large","max-video-preview":"max-video-preview:-1"},"canonical":"https:\/\/denizcankizil.tr\/en\/haberler\/gundem\/alia-parkin-ilk-tayi-dunyaya-geldi\/","og_locale":"en_GB","og_type":"article","og_title":"Alia Park\u2019\u0131n \u0130lk Tay\u0131 D\u00fcnyaya Geldi","og_description":"Alia\u011fa Belediyesi taraf\u0131ndan projelendirilen \u2018Alia Park Atla Terapi ve Rehabilitasyon Merkezi\u2019nde di\u015fi tay d\u00fcnyaya geldi. \u200bAlia\u011fa Belediyesi taraf\u0131ndan projelendirilen \u2018Alia Park Atla Terapi ve Rehabilitasyon Merkezi\u2019nde di\u015fi tay d\u00fcnyaya geldi.\u00a0 \u200bHaberin Al\u0131nt\u0131land\u0131\u011f\u0131 Kaynak: www.iskenderun.org","og_url":"https:\/\/denizcankizil.tr\/en\/haberler\/gundem\/alia-parkin-ilk-tayi-dunyaya-geldi\/","og_site_name":"Av. Deniz Can K\u0131z\u0131l","article_published_time":"2024-12-14T07:41:36+00:00","twitter_card":"summary_large_image","schema":{"@context":"https:\/\/schema.org","@graph":[{"@type":"Article","@id":"https:\/\/denizcankizil.tr\/en\/haberler\/gundem\/alia-parkin-ilk-tayi-dunyaya-geldi\/#article","isPartOf":{"@id":"https:\/\/denizcankizil.tr\/en\/haberler\/gundem\/alia-parkin-ilk-tayi-dunyaya-geldi\/"},"author":{"name":"","@id":""},"headline":"Alia Park\u2019\u0131n \u0130lk Tay\u0131 D\u00fcnyaya Geldi","datePublished":"2024-12-14T07:41:36+00:00","mainEntityOfPage":{"@id":"https:\/\/denizcankizil.tr\/en\/haberler\/gundem\/alia-parkin-ilk-tayi-dunyaya-geldi\/"},"wordCount":56,"commentCount":0,"publisher":{"@id":"https:\/\/denizcankizil.tr\/de\/#organization"},"articleSection":["G\u00fcndem","Uncategorized"],"inLanguage":"en-GB","potentialAction":[{"@type":"CommentAction","name":"Comment","target":["https:\/\/denizcankizil.tr\/en\/haberler\/gundem\/alia-parkin-ilk-tayi-dunyaya-geldi\/#respond"]}]},{"@type":"WebPage","@id":"https:\/\/denizcankizil.tr\/en\/haberler\/gundem\/alia-parkin-ilk-tayi-dunyaya-geldi\/","url":"https:\/\/denizcankizil.tr\/en\/haberler\/gundem\/alia-parkin-ilk-tayi-dunyaya-geldi\/","name":"Alia Park\u2019\u0131n \u0130lk Tay\u0131 D\u00fcnyaya Geldi - Av. Deniz Can K\u0131z\u0131l","isPartOf":{"@id":"https:\/\/denizcankizil.tr\/de\/#website"},"datePublished":"2024-12-14T07:41:36+00:00","breadcrumb":{"@id":"https:\/\/denizcankizil.tr\/en\/haberler\/gundem\/alia-parkin-ilk-tayi-dunyaya-geldi\/#breadcrumb"},"inLanguage":"en-GB","potentialAction":[{"@type":"ReadAction","target":["https:\/\/denizcankizil.tr\/en\/haberler\/gundem\/alia-parkin-ilk-tayi-dunyaya-geldi\/"]}]},{"@type":"BreadcrumbList","@id":"https:\/\/denizcankizil.tr\/en\/haberler\/gundem\/alia-parkin-ilk-tayi-dunyaya-geldi\/#breadcrumb","itemListElement":[{"@type":"ListItem","position":1,"name":"Home","item":"https:\/\/denizcankizil.tr\/de\/"},{"@type":"ListItem","position":2,"name":"Alia Park\u2019\u0131n \u0130lk Tay\u0131 D\u00fcnyaya Geldi"}]},{"@type":"WebSite","@id":"https:\/\/denizcankizil.tr\/de\/#website","url":"https:\/\/denizcankizil.tr\/de\/","name":"Av. Deniz Can K\u0131z\u0131l","description":"Avukat Deniz Can K\u0131z\u0131l Antalya Barosu","publisher":{"@id":"https:\/\/denizcankizil.tr\/de\/#organization"},"potentialAction":[{"@type":"SearchAction","target":{"@type":"EntryPoint","urlTemplate":"https:\/\/denizcankizil.tr\/de\/?s={search_term_string}"},"query-input":{"@type":"PropertyValueSpecification","valueRequired":true,"valueName":"search_term_string"}}],"inLanguage":"en-GB"},{"@type":"Organization","@id":"https:\/\/denizcankizil.tr\/de\/#organization","name":"Av. Deniz Can K\u0131z\u0131l","url":"https:\/\/denizcankizil.tr\/de\/","logo":{"@type":"ImageObject","inLanguage":"en-GB","@id":"https:\/\/denizcankizil.tr\/de\/#\/schema\/logo\/image\/","url":"https:\/\/denizcankizil.tr\/wp-content\/uploads\/2024\/10\/siyah-logo-svg.svg","contentUrl":"https:\/\/denizcankizil.tr\/wp-content\/uploads\/2024\/10\/siyah-logo-svg.svg","width":1080,"height":1080,"caption":"Av. Deniz Can K\u0131z\u0131l"},"image":{"@id":"https:\/\/denizcankizil.tr\/de\/#\/schema\/logo\/image\/"}}]}},"_links":{"self":[{"href":"https:\/\/denizcankizil.tr\/en\/wp-json\/wp\/v2\/posts\/20728","targetHints":{"allow":["GET"]}}],"collection":[{"href":"https:\/\/denizcankizil.tr\/en\/wp-json\/wp\/v2\/posts"}],"about":[{"href":"https:\/\/denizcankizil.tr\/en\/wp-json\/wp\/v2\/types\/post"}],"replies":[{"embeddable":true,"href":"https:\/\/denizcankizil.tr\/en\/wp-json\/wp\/v2\/comments?post=20728"}],"version-history":[{"count":0,"href":"https:\/\/denizcankizil.tr\/en\/wp-json\/wp\/v2\/posts\/20728\/revisions"}],"wp:attachment":[{"href":"https:\/\/denizcankizil.tr\/en\/wp-json\/wp\/v2\/media?parent=20728"}],"wp:term":[{"taxonomy":"category","embeddable":true,"href":"https:\/\/denizcankizil.tr\/en\/wp-json\/wp\/v2\/categories?post=20728"},{"taxonomy":"post_tag","embeddable":true,"href":"https:\/\/denizcankizil.tr\/en\/wp-json\/wp\/v2\/tags?post=20728"}],"curies":[{"name":"wp","href":"https:\/\/api.w.org\/{rel}","templated":true}]}}