{"id":20639,"date":"2024-12-13T17:41:54","date_gmt":"2024-12-13T14:41:54","guid":{"rendered":"https:\/\/denizcankizil.tr\/uncategorized-tr\/beyaz-onluklerini-giydiler\/"},"modified":"2024-12-13T17:41:54","modified_gmt":"2024-12-13T14:41:54","slug":"beyaz-onluklerini-giydiler","status":"publish","type":"post","link":"https:\/\/denizcankizil.tr\/en\/haberler\/antalya\/beyaz-onluklerini-giydiler\/","title":{"rendered":"Beyaz \u00f6nl\u00fcklerini giydiler"},"content":{"rendered":"<p>Akdeniz \u00dcniversitesi&#8217;nin Y\u00d6KAK kalite akreditasyonu ve ara\u015ft\u0131rma \u00fcniversitesi olmak i\u00e7in att\u0131\u011f\u0131 ad\u0131mlar hakk\u0131nda bilgiler payla\u015fan Rekt\u00f6r Yard\u0131mc\u0131s\u0131 Prof. Dr. Cengiz Toker, \u201cAkdeniz \u00dcniversitesi; 24 fak\u00fcltesi, 12 y\u00fcksekokulu, yakla\u015f\u0131k 60 binin bazen 70 bine yak\u0131n \u00f6\u011frencinin e\u011fitim \u00f6\u011fretim g\u00f6rd\u00fc\u011f\u00fc, 7 enstit\u00fcn\u00fcn oldu\u011fu b\u00fcy\u00fck bir kurum. Di\u015f Hekimli\u011fi Fak\u00fcltemiz \u00fcniversitemizin \u00f6nemli fak\u00fcltelerinden birinde e\u011fitimin ilk a\u015famas\u0131n\u0131 tamamlad\u0131n\u0131z. Preklinik k\u0131sm\u0131na ge\u00e7erek \u015fimdi mesle\u011finize ad\u0131m atacaks\u0131n\u0131z. Bu anlamda sizi bug\u00fcne getiren ailenizi, yak\u0131nlar\u0131n\u0131z\u0131, akrabalar\u0131n\u0131z\u0131 tebrik ediyorum. Ayn\u0131 zamanda hocalar\u0131m\u0131z\u0131 tebrik ediyorum\u201d dedi.<br \/>\n\u00d6\u011frencilerin d\u00fczenlenen bu t\u00f6renle di\u015f hekimli\u011fine biraz daha yakla\u015ft\u0131klar\u0131n\u0131 ifade eden Di\u015f Hekimli\u011fi Fak\u00fcltesi Dekan\u0131 Prof. Dr. Alper Ku\u015ftarc\u0131, \u201cDi\u015f hekimli\u011fi e\u011fitiminde ilk 3 y\u0131l bizim i\u00e7in \u00e7ok \u00f6nemli \u00e7\u00fcnk\u00fc d\u00f6rd\u00fcnc\u00fc s\u0131n\u0131fa yani hastayla as\u0131l temas\u0131n olaca\u011f\u0131 o g\u00fcne haz\u0131rl\u0131kla ge\u00e7er bizler buna preklinik a\u015famas\u0131 deriz. Hem teorik hem uygulamal\u0131 olarak yo\u011fun bir e\u011fitim al\u0131rlar. Ancak \u00fc\u00e7\u00fcnc\u00fc s\u0131n\u0131f\u0131n ikinci d\u00f6neminden itibaren \u00f6\u011frencilerimiz kliniklere ge\u00e7erler ve kliniklerle tan\u0131\u015fmaya ba\u015flarlar. G\u00f6zetmen \u00f6\u011frenci stat\u00fcs\u00fcyle kliniklere ge\u00e7erler ve burada art\u0131k yava\u015f yava\u015f da hasta tedavilerine ge\u00e7ip basit tedavileri yapmaya ba\u015flay\u0131p o ilk konta\u011f\u0131 hastalar\u0131m\u0131zla kurmaya ba\u015flarlar. \u00c7ok \u00f6nemli bir s\u00fcre\u00e7tir\u201d dedi.<br \/>\nGiyilen beyaz \u00f6nl\u00fcklerin k\u0131yafet veya forma olmad\u0131\u011f\u0131n\u0131 s\u00f6yleyen Ku\u015ftarc\u0131, \u201cBilgiyi, sorumlulu\u011fu, etik de\u011ferlere ba\u011fl\u0131 ve insanlara hizmet misyonunun bir sembol\u00fc olarak nitelendiriyoruz beyaz \u00f6nl\u00fc\u011f\u00fc. Di\u015f hekimli\u011fi mesle\u011fi de sadece bilgi ve beceri temelli olmay\u0131p bunun arkas\u0131nda empati, sab\u0131r ve insan sevgisi, ho\u015fg\u00f6r\u00fcn\u00fcn i\u00e7erisinde oldu\u011fu bir meslek. Biz \u00f6\u011fretim \u00fcyeleri olarak akademik personel olarak \u00f6\u011frencilerimize e\u011fitimleri verirken tedavi yaparken yan\u0131nda mutlaka vicdanl\u0131 ve ho\u015fg\u00f6r\u00fcl\u00fc bir \u015fekilde davranmalar\u0131 gerekti\u011fini \u00f6\u011fretiyoruz. Bu s\u00fcre\u00e7te e\u011fitim \u00f6ncesinde hem de mezuniyet sonras\u0131nda rehberlik etmeye devam ediyoruz\u201d \u015feklinde konu\u015ftu. Ku\u015ftarc\u0131 \u00f6\u011frencilerin e\u011fitiminde eme\u011fi ge\u00e7en \u00f6\u011fretim \u00fcyelerine te\u015fekk\u00fcr ederek konu\u015fmas\u0131n\u0131 tamamlad\u0131. Konu\u015fmalar\u0131n ard\u0131ndan \u00f6\u011fretim \u00fcyeleri, \u00f6\u011frencilere \u00f6nl\u00fcklerini giydirdi.<br \/>\nT\u00f6rene; Akdeniz \u00dcniversitesi Rekt\u00f6r Yard\u0131mc\u0131s\u0131 Prof. Dr. Cengiz Toker, Di\u015f Hekimli\u011fi Fak\u00fcltesi Dekan\u0131 Prof. Dr. Alper Ku\u015ftarc\u0131, Dekan Yard\u0131mc\u0131lar\u0131 Prof. Dr. \u00d6mer K\u0131rmal\u0131, Do\u00e7. Dr. Nezahat Arzu Kayar, \u00f6\u011fretim \u00fcyeleri, \u00f6\u011frenciler ve aileleri kat\u0131ld\u0131.<\/p>\n<p>Kaynak: www.kanalv.com.tr Haber Sitesinden Al\u0131nm\u0131\u015ft\u0131r.<\/p>","protected":false},"excerpt":{"rendered":"<p>Akdeniz \u00dcniversitesi&#8217;nin Y\u00d6KAK kalite akreditasyonu ve ara\u015ft\u0131rma \u00fcniversitesi olmak i\u00e7in att\u0131\u011f\u0131 ad\u0131mlar hakk\u0131nda bilgiler payla\u015fan Rekt\u00f6r Yard\u0131mc\u0131s\u0131 Prof. Dr. Cengiz Toker, \u201cAkdeniz \u00dcniversitesi; 24 fak\u00fcltesi, 12 y\u00fcksekokulu, yakla\u015f\u0131k 60 binin bazen 70 bine yak\u0131n \u00f6\u011frencinin e\u011fitim \u00f6\u011fretim g\u00f6rd\u00fc\u011f\u00fc, 7 enstit\u00fcn\u00fcn oldu\u011fu b\u00fcy\u00fck bir kurum. Di\u015f Hekimli\u011fi Fak\u00fcltemiz \u00fcniversitemizin \u00f6nemli fak\u00fcltelerinden birinde e\u011fitimin ilk a\u015famas\u0131n\u0131 tamamlad\u0131n\u0131z. Preklinik k\u0131sm\u0131na ge\u00e7erek \u015fimdi mesle\u011finize ad\u0131m atacaks\u0131n\u0131z. Bu anlamda sizi bug\u00fcne getiren ailenizi, yak\u0131nlar\u0131n\u0131z\u0131, akrabalar\u0131n\u0131z\u0131 tebrik ediyorum. Ayn\u0131 zamanda hocalar\u0131m\u0131z\u0131 tebrik ediyorum\u201d dedi. \u00d6\u011frencilerin d\u00fczenlenen bu t\u00f6renle di\u015f hekimli\u011fine biraz daha yakla\u015ft\u0131klar\u0131n\u0131 ifade eden Di\u015f Hekimli\u011fi Fak\u00fcltesi Dekan\u0131 Prof. Dr. Alper Ku\u015ftarc\u0131, \u201cDi\u015f hekimli\u011fi e\u011fitiminde ilk 3 y\u0131l bizim i\u00e7in \u00e7ok \u00f6nemli \u00e7\u00fcnk\u00fc d\u00f6rd\u00fcnc\u00fc s\u0131n\u0131fa yani hastayla as\u0131l temas\u0131n olaca\u011f\u0131 o g\u00fcne haz\u0131rl\u0131kla ge\u00e7er bizler buna preklinik a\u015famas\u0131 deriz. Hem teorik hem uygulamal\u0131 olarak yo\u011fun bir e\u011fitim al\u0131rlar. Ancak \u00fc\u00e7\u00fcnc\u00fc s\u0131n\u0131f\u0131n ikinci d\u00f6neminden itibaren \u00f6\u011frencilerimiz kliniklere ge\u00e7erler ve kliniklerle tan\u0131\u015fmaya ba\u015flarlar. G\u00f6zetmen \u00f6\u011frenci stat\u00fcs\u00fcyle kliniklere ge\u00e7erler ve burada art\u0131k yava\u015f yava\u015f da hasta tedavilerine ge\u00e7ip basit tedavileri yapmaya ba\u015flay\u0131p o ilk konta\u011f\u0131 hastalar\u0131m\u0131zla kurmaya ba\u015flarlar. \u00c7ok \u00f6nemli bir s\u00fcre\u00e7tir\u201d dedi. Giyilen beyaz \u00f6nl\u00fcklerin k\u0131yafet veya forma olmad\u0131\u011f\u0131n\u0131 s\u00f6yleyen Ku\u015ftarc\u0131, \u201cBilgiyi, sorumlulu\u011fu, etik de\u011ferlere ba\u011fl\u0131 ve insanlara hizmet misyonunun bir sembol\u00fc olarak nitelendiriyoruz beyaz \u00f6nl\u00fc\u011f\u00fc. Di\u015f &hellip;<\/p>","protected":false},"author":0,"featured_media":20640,"comment_status":"open","ping_status":"open","sticky":false,"template":"","format":"standard","meta":{"_acf_changed":false,"footnotes":""},"categories":[26,535],"tags":[],"class_list":["post-20639","post","type-post","status-publish","format-standard","has-post-thumbnail","hentry","category-antalya","category-uncategorized-tr"],"acf":[],"yoast_head":"<!-- This site is optimized with the Yoast SEO Premium plugin v26.6 (Yoast SEO v27.1.1) - https:\/\/yoast.com\/product\/yoast-seo-premium-wordpress\/ -->\n<title>Beyaz \u00f6nl\u00fcklerini giydiler - Av. Deniz Can K\u0131z\u0131l<\/title>\n<meta name=\"robots\" content=\"index, follow, max-snippet:-1, max-image-preview:large, max-video-preview:-1\" \/>\n<link rel=\"canonical\" href=\"https:\/\/denizcankizil.tr\/en\/haberler\/antalya\/beyaz-onluklerini-giydiler\/\" \/>\n<meta property=\"og:locale\" content=\"en_GB\" \/>\n<meta property=\"og:type\" content=\"article\" \/>\n<meta property=\"og:title\" content=\"Beyaz \u00f6nl\u00fcklerini giydiler\" \/>\n<meta property=\"og:description\" content=\"Akdeniz \u00dcniversitesi&#8217;nin Y\u00d6KAK kalite akreditasyonu ve ara\u015ft\u0131rma \u00fcniversitesi olmak i\u00e7in att\u0131\u011f\u0131 ad\u0131mlar hakk\u0131nda bilgiler payla\u015fan Rekt\u00f6r Yard\u0131mc\u0131s\u0131 Prof. Dr. Cengiz Toker, \u201cAkdeniz \u00dcniversitesi; 24 fak\u00fcltesi, 12 y\u00fcksekokulu, yakla\u015f\u0131k 60 binin bazen 70 bine yak\u0131n \u00f6\u011frencinin e\u011fitim \u00f6\u011fretim g\u00f6rd\u00fc\u011f\u00fc, 7 enstit\u00fcn\u00fcn oldu\u011fu b\u00fcy\u00fck bir kurum. Di\u015f Hekimli\u011fi Fak\u00fcltemiz \u00fcniversitemizin \u00f6nemli fak\u00fcltelerinden birinde e\u011fitimin ilk a\u015famas\u0131n\u0131 tamamlad\u0131n\u0131z. Preklinik k\u0131sm\u0131na ge\u00e7erek \u015fimdi mesle\u011finize ad\u0131m atacaks\u0131n\u0131z. Bu anlamda sizi bug\u00fcne getiren ailenizi, yak\u0131nlar\u0131n\u0131z\u0131, akrabalar\u0131n\u0131z\u0131 tebrik ediyorum. Ayn\u0131 zamanda hocalar\u0131m\u0131z\u0131 tebrik ediyorum\u201d dedi. \u00d6\u011frencilerin d\u00fczenlenen bu t\u00f6renle di\u015f hekimli\u011fine biraz daha yakla\u015ft\u0131klar\u0131n\u0131 ifade eden Di\u015f Hekimli\u011fi Fak\u00fcltesi Dekan\u0131 Prof. Dr. Alper Ku\u015ftarc\u0131, \u201cDi\u015f hekimli\u011fi e\u011fitiminde ilk 3 y\u0131l bizim i\u00e7in \u00e7ok \u00f6nemli \u00e7\u00fcnk\u00fc d\u00f6rd\u00fcnc\u00fc s\u0131n\u0131fa yani hastayla as\u0131l temas\u0131n olaca\u011f\u0131 o g\u00fcne haz\u0131rl\u0131kla ge\u00e7er bizler buna preklinik a\u015famas\u0131 deriz. Hem teorik hem uygulamal\u0131 olarak yo\u011fun bir e\u011fitim al\u0131rlar. Ancak \u00fc\u00e7\u00fcnc\u00fc s\u0131n\u0131f\u0131n ikinci d\u00f6neminden itibaren \u00f6\u011frencilerimiz kliniklere ge\u00e7erler ve kliniklerle tan\u0131\u015fmaya ba\u015flarlar. G\u00f6zetmen \u00f6\u011frenci stat\u00fcs\u00fcyle kliniklere ge\u00e7erler ve burada art\u0131k yava\u015f yava\u015f da hasta tedavilerine ge\u00e7ip basit tedavileri yapmaya ba\u015flay\u0131p o ilk konta\u011f\u0131 hastalar\u0131m\u0131zla kurmaya ba\u015flarlar. \u00c7ok \u00f6nemli bir s\u00fcre\u00e7tir\u201d dedi. Giyilen beyaz \u00f6nl\u00fcklerin k\u0131yafet veya forma olmad\u0131\u011f\u0131n\u0131 s\u00f6yleyen Ku\u015ftarc\u0131, \u201cBilgiyi, sorumlulu\u011fu, etik de\u011ferlere ba\u011fl\u0131 ve insanlara hizmet misyonunun bir sembol\u00fc olarak nitelendiriyoruz beyaz \u00f6nl\u00fc\u011f\u00fc. Di\u015f &hellip;\" \/>\n<meta property=\"og:url\" content=\"https:\/\/denizcankizil.tr\/en\/haberler\/antalya\/beyaz-onluklerini-giydiler\/\" \/>\n<meta property=\"og:site_name\" content=\"Av. Deniz Can K\u0131z\u0131l\" \/>\n<meta property=\"article:published_time\" content=\"2024-12-13T14:41:54+00:00\" \/>\n<meta property=\"og:image\" content=\"https:\/\/denizcankizil.tr\/wp-content\/uploads\/2024\/12\/3583-01-8LDYeg.jpeg\" \/>\n\t<meta property=\"og:image:width\" content=\"1280\" \/>\n\t<meta property=\"og:image:height\" content=\"720\" \/>\n\t<meta property=\"og:image:type\" content=\"image\/jpeg\" \/>\n<meta name=\"twitter:card\" content=\"summary_large_image\" \/>\n<meta name=\"twitter:label1\" content=\"Estimated reading time\" \/>\n\t<meta name=\"twitter:data1\" content=\"2 minutes\" \/>\n<script type=\"application\/ld+json\" class=\"yoast-schema-graph\">{\"@context\":\"https:\/\/schema.org\",\"@graph\":[{\"@type\":\"Article\",\"@id\":\"https:\/\/denizcankizil.tr\/en\/haberler\/antalya\/beyaz-onluklerini-giydiler\/#article\",\"isPartOf\":{\"@id\":\"https:\/\/denizcankizil.tr\/en\/haberler\/antalya\/beyaz-onluklerini-giydiler\/\"},\"author\":{\"name\":\"\",\"@id\":\"\"},\"headline\":\"Beyaz \u00f6nl\u00fcklerini giydiler\",\"datePublished\":\"2024-12-13T14:41:54+00:00\",\"mainEntityOfPage\":{\"@id\":\"https:\/\/denizcankizil.tr\/en\/haberler\/antalya\/beyaz-onluklerini-giydiler\/\"},\"wordCount\":463,\"commentCount\":0,\"publisher\":{\"@id\":\"https:\/\/denizcankizil.tr\/de\/#organization\"},\"image\":{\"@id\":\"https:\/\/denizcankizil.tr\/en\/haberler\/antalya\/beyaz-onluklerini-giydiler\/#primaryimage\"},\"thumbnailUrl\":\"https:\/\/denizcankizil.tr\/wp-content\/uploads\/2024\/12\/3583-01-8LDYeg.jpeg\",\"articleSection\":[\"Antalya\",\"Uncategorized\"],\"inLanguage\":\"en-GB\",\"potentialAction\":[{\"@type\":\"CommentAction\",\"name\":\"Comment\",\"target\":[\"https:\/\/denizcankizil.tr\/en\/haberler\/antalya\/beyaz-onluklerini-giydiler\/#respond\"]}]},{\"@type\":\"WebPage\",\"@id\":\"https:\/\/denizcankizil.tr\/en\/haberler\/antalya\/beyaz-onluklerini-giydiler\/\",\"url\":\"https:\/\/denizcankizil.tr\/en\/haberler\/antalya\/beyaz-onluklerini-giydiler\/\",\"name\":\"Beyaz \u00f6nl\u00fcklerini giydiler - Av. Deniz Can K\u0131z\u0131l\",\"isPartOf\":{\"@id\":\"https:\/\/denizcankizil.tr\/de\/#website\"},\"primaryImageOfPage\":{\"@id\":\"https:\/\/denizcankizil.tr\/en\/haberler\/antalya\/beyaz-onluklerini-giydiler\/#primaryimage\"},\"image\":{\"@id\":\"https:\/\/denizcankizil.tr\/en\/haberler\/antalya\/beyaz-onluklerini-giydiler\/#primaryimage\"},\"thumbnailUrl\":\"https:\/\/denizcankizil.tr\/wp-content\/uploads\/2024\/12\/3583-01-8LDYeg.jpeg\",\"datePublished\":\"2024-12-13T14:41:54+00:00\",\"breadcrumb\":{\"@id\":\"https:\/\/denizcankizil.tr\/en\/haberler\/antalya\/beyaz-onluklerini-giydiler\/#breadcrumb\"},\"inLanguage\":\"en-GB\",\"potentialAction\":[{\"@type\":\"ReadAction\",\"target\":[\"https:\/\/denizcankizil.tr\/en\/haberler\/antalya\/beyaz-onluklerini-giydiler\/\"]}]},{\"@type\":\"ImageObject\",\"inLanguage\":\"en-GB\",\"@id\":\"https:\/\/denizcankizil.tr\/en\/haberler\/antalya\/beyaz-onluklerini-giydiler\/#primaryimage\",\"url\":\"https:\/\/denizcankizil.tr\/wp-content\/uploads\/2024\/12\/3583-01-8LDYeg.jpeg\",\"contentUrl\":\"https:\/\/denizcankizil.tr\/wp-content\/uploads\/2024\/12\/3583-01-8LDYeg.jpeg\",\"width\":1280,\"height\":720},{\"@type\":\"BreadcrumbList\",\"@id\":\"https:\/\/denizcankizil.tr\/en\/haberler\/antalya\/beyaz-onluklerini-giydiler\/#breadcrumb\",\"itemListElement\":[{\"@type\":\"ListItem\",\"position\":1,\"name\":\"Home\",\"item\":\"https:\/\/denizcankizil.tr\/de\/\"},{\"@type\":\"ListItem\",\"position\":2,\"name\":\"Beyaz \u00f6nl\u00fcklerini giydiler\"}]},{\"@type\":\"WebSite\",\"@id\":\"https:\/\/denizcankizil.tr\/de\/#website\",\"url\":\"https:\/\/denizcankizil.tr\/de\/\",\"name\":\"Av. Deniz Can K\u0131z\u0131l\",\"description\":\"Avukat Deniz Can K\u0131z\u0131l Antalya Barosu\",\"publisher\":{\"@id\":\"https:\/\/denizcankizil.tr\/de\/#organization\"},\"potentialAction\":[{\"@type\":\"SearchAction\",\"target\":{\"@type\":\"EntryPoint\",\"urlTemplate\":\"https:\/\/denizcankizil.tr\/de\/?s={search_term_string}\"},\"query-input\":{\"@type\":\"PropertyValueSpecification\",\"valueRequired\":true,\"valueName\":\"search_term_string\"}}],\"inLanguage\":\"en-GB\"},{\"@type\":\"Organization\",\"@id\":\"https:\/\/denizcankizil.tr\/de\/#organization\",\"name\":\"Av. Deniz Can K\u0131z\u0131l\",\"url\":\"https:\/\/denizcankizil.tr\/de\/\",\"logo\":{\"@type\":\"ImageObject\",\"inLanguage\":\"en-GB\",\"@id\":\"https:\/\/denizcankizil.tr\/de\/#\/schema\/logo\/image\/\",\"url\":\"https:\/\/denizcankizil.tr\/wp-content\/uploads\/2024\/10\/siyah-logo-svg.svg\",\"contentUrl\":\"https:\/\/denizcankizil.tr\/wp-content\/uploads\/2024\/10\/siyah-logo-svg.svg\",\"width\":1080,\"height\":1080,\"caption\":\"Av. Deniz Can K\u0131z\u0131l\"},\"image\":{\"@id\":\"https:\/\/denizcankizil.tr\/de\/#\/schema\/logo\/image\/\"}}]}<\/script>\n<!-- \/ Yoast SEO Premium plugin. -->","yoast_head_json":{"title":"Beyaz \u00f6nl\u00fcklerini giydiler - Av. Deniz Can K\u0131z\u0131l","robots":{"index":"index","follow":"follow","max-snippet":"max-snippet:-1","max-image-preview":"max-image-preview:large","max-video-preview":"max-video-preview:-1"},"canonical":"https:\/\/denizcankizil.tr\/en\/haberler\/antalya\/beyaz-onluklerini-giydiler\/","og_locale":"en_GB","og_type":"article","og_title":"Beyaz \u00f6nl\u00fcklerini giydiler","og_description":"Akdeniz \u00dcniversitesi&#8217;nin Y\u00d6KAK kalite akreditasyonu ve ara\u015ft\u0131rma \u00fcniversitesi olmak i\u00e7in att\u0131\u011f\u0131 ad\u0131mlar hakk\u0131nda bilgiler payla\u015fan Rekt\u00f6r Yard\u0131mc\u0131s\u0131 Prof. Dr. Cengiz Toker, \u201cAkdeniz \u00dcniversitesi; 24 fak\u00fcltesi, 12 y\u00fcksekokulu, yakla\u015f\u0131k 60 binin bazen 70 bine yak\u0131n \u00f6\u011frencinin e\u011fitim \u00f6\u011fretim g\u00f6rd\u00fc\u011f\u00fc, 7 enstit\u00fcn\u00fcn oldu\u011fu b\u00fcy\u00fck bir kurum. Di\u015f Hekimli\u011fi Fak\u00fcltemiz \u00fcniversitemizin \u00f6nemli fak\u00fcltelerinden birinde e\u011fitimin ilk a\u015famas\u0131n\u0131 tamamlad\u0131n\u0131z. Preklinik k\u0131sm\u0131na ge\u00e7erek \u015fimdi mesle\u011finize ad\u0131m atacaks\u0131n\u0131z. Bu anlamda sizi bug\u00fcne getiren ailenizi, yak\u0131nlar\u0131n\u0131z\u0131, akrabalar\u0131n\u0131z\u0131 tebrik ediyorum. Ayn\u0131 zamanda hocalar\u0131m\u0131z\u0131 tebrik ediyorum\u201d dedi. \u00d6\u011frencilerin d\u00fczenlenen bu t\u00f6renle di\u015f hekimli\u011fine biraz daha yakla\u015ft\u0131klar\u0131n\u0131 ifade eden Di\u015f Hekimli\u011fi Fak\u00fcltesi Dekan\u0131 Prof. Dr. Alper Ku\u015ftarc\u0131, \u201cDi\u015f hekimli\u011fi e\u011fitiminde ilk 3 y\u0131l bizim i\u00e7in \u00e7ok \u00f6nemli \u00e7\u00fcnk\u00fc d\u00f6rd\u00fcnc\u00fc s\u0131n\u0131fa yani hastayla as\u0131l temas\u0131n olaca\u011f\u0131 o g\u00fcne haz\u0131rl\u0131kla ge\u00e7er bizler buna preklinik a\u015famas\u0131 deriz. Hem teorik hem uygulamal\u0131 olarak yo\u011fun bir e\u011fitim al\u0131rlar. Ancak \u00fc\u00e7\u00fcnc\u00fc s\u0131n\u0131f\u0131n ikinci d\u00f6neminden itibaren \u00f6\u011frencilerimiz kliniklere ge\u00e7erler ve kliniklerle tan\u0131\u015fmaya ba\u015flarlar. G\u00f6zetmen \u00f6\u011frenci stat\u00fcs\u00fcyle kliniklere ge\u00e7erler ve burada art\u0131k yava\u015f yava\u015f da hasta tedavilerine ge\u00e7ip basit tedavileri yapmaya ba\u015flay\u0131p o ilk konta\u011f\u0131 hastalar\u0131m\u0131zla kurmaya ba\u015flarlar. \u00c7ok \u00f6nemli bir s\u00fcre\u00e7tir\u201d dedi. Giyilen beyaz \u00f6nl\u00fcklerin k\u0131yafet veya forma olmad\u0131\u011f\u0131n\u0131 s\u00f6yleyen Ku\u015ftarc\u0131, \u201cBilgiyi, sorumlulu\u011fu, etik de\u011ferlere ba\u011fl\u0131 ve insanlara hizmet misyonunun bir sembol\u00fc olarak nitelendiriyoruz beyaz \u00f6nl\u00fc\u011f\u00fc. Di\u015f &hellip;","og_url":"https:\/\/denizcankizil.tr\/en\/haberler\/antalya\/beyaz-onluklerini-giydiler\/","og_site_name":"Av. Deniz Can K\u0131z\u0131l","article_published_time":"2024-12-13T14:41:54+00:00","og_image":[{"width":1280,"height":720,"url":"https:\/\/denizcankizil.tr\/wp-content\/uploads\/2024\/12\/3583-01-8LDYeg.jpeg","type":"image\/jpeg"}],"twitter_card":"summary_large_image","twitter_misc":{"Estimated reading time":"2 minutes"},"schema":{"@context":"https:\/\/schema.org","@graph":[{"@type":"Article","@id":"https:\/\/denizcankizil.tr\/en\/haberler\/antalya\/beyaz-onluklerini-giydiler\/#article","isPartOf":{"@id":"https:\/\/denizcankizil.tr\/en\/haberler\/antalya\/beyaz-onluklerini-giydiler\/"},"author":{"name":"","@id":""},"headline":"Beyaz \u00f6nl\u00fcklerini giydiler","datePublished":"2024-12-13T14:41:54+00:00","mainEntityOfPage":{"@id":"https:\/\/denizcankizil.tr\/en\/haberler\/antalya\/beyaz-onluklerini-giydiler\/"},"wordCount":463,"commentCount":0,"publisher":{"@id":"https:\/\/denizcankizil.tr\/de\/#organization"},"image":{"@id":"https:\/\/denizcankizil.tr\/en\/haberler\/antalya\/beyaz-onluklerini-giydiler\/#primaryimage"},"thumbnailUrl":"https:\/\/denizcankizil.tr\/wp-content\/uploads\/2024\/12\/3583-01-8LDYeg.jpeg","articleSection":["Antalya","Uncategorized"],"inLanguage":"en-GB","potentialAction":[{"@type":"CommentAction","name":"Comment","target":["https:\/\/denizcankizil.tr\/en\/haberler\/antalya\/beyaz-onluklerini-giydiler\/#respond"]}]},{"@type":"WebPage","@id":"https:\/\/denizcankizil.tr\/en\/haberler\/antalya\/beyaz-onluklerini-giydiler\/","url":"https:\/\/denizcankizil.tr\/en\/haberler\/antalya\/beyaz-onluklerini-giydiler\/","name":"Beyaz \u00f6nl\u00fcklerini giydiler - Av. Deniz Can K\u0131z\u0131l","isPartOf":{"@id":"https:\/\/denizcankizil.tr\/de\/#website"},"primaryImageOfPage":{"@id":"https:\/\/denizcankizil.tr\/en\/haberler\/antalya\/beyaz-onluklerini-giydiler\/#primaryimage"},"image":{"@id":"https:\/\/denizcankizil.tr\/en\/haberler\/antalya\/beyaz-onluklerini-giydiler\/#primaryimage"},"thumbnailUrl":"https:\/\/denizcankizil.tr\/wp-content\/uploads\/2024\/12\/3583-01-8LDYeg.jpeg","datePublished":"2024-12-13T14:41:54+00:00","breadcrumb":{"@id":"https:\/\/denizcankizil.tr\/en\/haberler\/antalya\/beyaz-onluklerini-giydiler\/#breadcrumb"},"inLanguage":"en-GB","potentialAction":[{"@type":"ReadAction","target":["https:\/\/denizcankizil.tr\/en\/haberler\/antalya\/beyaz-onluklerini-giydiler\/"]}]},{"@type":"ImageObject","inLanguage":"en-GB","@id":"https:\/\/denizcankizil.tr\/en\/haberler\/antalya\/beyaz-onluklerini-giydiler\/#primaryimage","url":"https:\/\/denizcankizil.tr\/wp-content\/uploads\/2024\/12\/3583-01-8LDYeg.jpeg","contentUrl":"https:\/\/denizcankizil.tr\/wp-content\/uploads\/2024\/12\/3583-01-8LDYeg.jpeg","width":1280,"height":720},{"@type":"BreadcrumbList","@id":"https:\/\/denizcankizil.tr\/en\/haberler\/antalya\/beyaz-onluklerini-giydiler\/#breadcrumb","itemListElement":[{"@type":"ListItem","position":1,"name":"Home","item":"https:\/\/denizcankizil.tr\/de\/"},{"@type":"ListItem","position":2,"name":"Beyaz \u00f6nl\u00fcklerini giydiler"}]},{"@type":"WebSite","@id":"https:\/\/denizcankizil.tr\/de\/#website","url":"https:\/\/denizcankizil.tr\/de\/","name":"Av. Deniz Can K\u0131z\u0131l","description":"Avukat Deniz Can K\u0131z\u0131l Antalya Barosu","publisher":{"@id":"https:\/\/denizcankizil.tr\/de\/#organization"},"potentialAction":[{"@type":"SearchAction","target":{"@type":"EntryPoint","urlTemplate":"https:\/\/denizcankizil.tr\/de\/?s={search_term_string}"},"query-input":{"@type":"PropertyValueSpecification","valueRequired":true,"valueName":"search_term_string"}}],"inLanguage":"en-GB"},{"@type":"Organization","@id":"https:\/\/denizcankizil.tr\/de\/#organization","name":"Av. Deniz Can K\u0131z\u0131l","url":"https:\/\/denizcankizil.tr\/de\/","logo":{"@type":"ImageObject","inLanguage":"en-GB","@id":"https:\/\/denizcankizil.tr\/de\/#\/schema\/logo\/image\/","url":"https:\/\/denizcankizil.tr\/wp-content\/uploads\/2024\/10\/siyah-logo-svg.svg","contentUrl":"https:\/\/denizcankizil.tr\/wp-content\/uploads\/2024\/10\/siyah-logo-svg.svg","width":1080,"height":1080,"caption":"Av. Deniz Can K\u0131z\u0131l"},"image":{"@id":"https:\/\/denizcankizil.tr\/de\/#\/schema\/logo\/image\/"}}]}},"_links":{"self":[{"href":"https:\/\/denizcankizil.tr\/en\/wp-json\/wp\/v2\/posts\/20639","targetHints":{"allow":["GET"]}}],"collection":[{"href":"https:\/\/denizcankizil.tr\/en\/wp-json\/wp\/v2\/posts"}],"about":[{"href":"https:\/\/denizcankizil.tr\/en\/wp-json\/wp\/v2\/types\/post"}],"replies":[{"embeddable":true,"href":"https:\/\/denizcankizil.tr\/en\/wp-json\/wp\/v2\/comments?post=20639"}],"version-history":[{"count":0,"href":"https:\/\/denizcankizil.tr\/en\/wp-json\/wp\/v2\/posts\/20639\/revisions"}],"wp:featuredmedia":[{"embeddable":true,"href":"https:\/\/denizcankizil.tr\/en\/wp-json\/wp\/v2\/media\/20640"}],"wp:attachment":[{"href":"https:\/\/denizcankizil.tr\/en\/wp-json\/wp\/v2\/media?parent=20639"}],"wp:term":[{"taxonomy":"category","embeddable":true,"href":"https:\/\/denizcankizil.tr\/en\/wp-json\/wp\/v2\/categories?post=20639"},{"taxonomy":"post_tag","embeddable":true,"href":"https:\/\/denizcankizil.tr\/en\/wp-json\/wp\/v2\/tags?post=20639"}],"curies":[{"name":"wp","href":"https:\/\/api.w.org\/{rel}","templated":true}]}}