{"id":20372,"date":"2024-12-12T19:41:30","date_gmt":"2024-12-12T16:41:30","guid":{"rendered":"https:\/\/denizcankizil.tr\/uncategorized-tr\/ispartada-yasanan-helikopter-kazasina-iliskin-msbden-aciklama\/"},"modified":"2024-12-12T19:41:30","modified_gmt":"2024-12-12T16:41:30","slug":"ispartada-yasanan-helikopter-kazasina-iliskin-msbden-aciklama","status":"publish","type":"post","link":"https:\/\/denizcankizil.tr\/en\/haberler\/gundem\/ispartada-yasanan-helikopter-kazasina-iliskin-msbden-aciklama\/","title":{"rendered":"Isparta&#8217;da ya\u015fanan helikopter kazas\u0131na ili\u015fkin MSB&#8217;den a\u00e7\u0131klama"},"content":{"rendered":"<p>Isparta&#8217;da e\u011fitim u\u00e7u\u015fu s\u0131ras\u0131nda meydana gelen helikopter kazas\u0131nda 6 askeri personel \u015fehit oldu. Milli Savunma Bakanl\u0131\u011f\u0131 (MSB), kazan\u0131n u\u00e7u\u015f e\u011fitimi s\u0131ras\u0131nda iki helikopterin temas\u0131 sonucu ya\u015fand\u0131\u011f\u0131n\u0131, helikopterin ya\u015f\u0131 veya bak\u0131m durumu ile ilgisi bulunmad\u0131\u011f\u0131n\u0131 a\u00e7\u0131klad\u0131.<\/p>\n<p>BA\u015eKA HEL\u0130KOPTERLE \u00c7ARPI\u015eTI\u00a0<\/p>\n<p>Kaza, 9 Aral\u0131k g\u00fcn\u00fc Isparta&#8217;n\u0131n Ke\u00e7iborlu il\u00e7esi Isparta-Afyon kara yolunun 34. kilometresinde meydana geldi. Isparta S\u00fcleyman Demirel Havaliman\u0131&#8217;ndan kalk\u0131\u015f yapan Kara Havac\u0131l\u0131k Okulu&#8217;na ait UH-1 tipi askeri helikopter, u\u00e7u\u015f e\u011fitimi s\u0131ras\u0131nda AB-206 tipi bir ba\u015fka helikopterle temas etti. \u00c7arp\u0131\u015fman\u0131n ard\u0131ndan UH-1 tipi helikopter kaza k\u0131r\u0131ma u\u011frayarak d\u00fc\u015ft\u00fc. AB-206 tipi helikopter ise emniyetle yere ini\u015f yapt\u0131. Kazan\u0131n ard\u0131ndan b\u00f6lgeye \u00e7ok say\u0131da itfaiye, sa\u011fl\u0131k ve kurtarma ekibi sevk edildi.<\/p>\n<p>6 ASKER\u0130 PERSONEL \u015eEH\u0130T OLDU\u00a0<\/p>\n<p>D\u00fc\u015fen helikopterde bulunan 52 ya\u015f\u0131ndaki Tu\u011fgeneral \u0130sa Baydilli, 26 ya\u015f\u0131ndaki Astsubay K\u0131demli \u00c7avu\u015f H\u00fcseyin \u0130pek, 24 ya\u015f\u0131ndaki Te\u011fmen Mustafa Atakan Dut, 24 ya\u015f\u0131ndaki Te\u011fmen Tunahan Da\u011fl\u0131, 25 ya\u015f\u0131ndaki Te\u011fmen Ceyhun Kalyoncu ve 24 ya\u015f\u0131ndaki Astsubay \u00c7avu\u015f Taha Nergis \u015fehit oldu. \u015eehitlerin naa\u015flar\u0131 d\u00fczenlenen t\u00f6renle memleketlerine u\u011furland\u0131.<\/p>\n<p>\u015eEH\u0130TLER MEMLEKETLER\u0130NDE TOPRA\u011eA VER\u0130LD\u0130\u00a0<\/p>\n<p>\u015eehitler i\u00e7in S\u00fcleyman Demirel Havaliman\u0131&#8217;nda Isparta \u0130l Jandarma Komutanl\u0131\u011f\u0131&#8217;n\u0131n \u00f6nc\u00fcl\u00fc\u011f\u00fcnde u\u011furlama t\u00f6reni d\u00fczenlendi. T\u00f6rende sayg\u0131 duru\u015funun ard\u0131ndan \u015fehitlerin \u00f6z ge\u00e7mi\u015fleri okundu ve dua edildi. \u015eehitlerin naa\u015flar\u0131 silah arkada\u015flar\u0131n\u0131n omuzlar\u0131nda helikoptere ta\u015f\u0131narak memleketlerine g\u00f6nderildi.<\/p>\n<p>MSB A\u00c7IKLAMADA BULUNDU\u00a0<\/p>\n<p>Isparta&#8217;da 6 askerin \u015fehit oldu\u011fu helikopter kazas\u0131na ili\u015fkin Milli Savunma Bakanl\u0131\u011f\u0131&#8217;ndan a\u00e7\u0131klama geldi. MSB&#8217;den yap\u0131lan a\u00e7\u0131klamada, &#8220;U\u00e7u\u015f e\u011fitimindeki 2 helikopterin birbiri ile temas etmesi sonucu kaza meydana gelmi\u015ftir. Kazan\u0131n helikopterin ya\u015f\u0131yla veya bak\u0131m\u0131yla bir ilgisi bulunmamaktad\u0131r&#8221; ifadelerine yer verildi.\u00a0\u00a0 \u00a0 \u00a0 \u00a0 \u00a0 \u00a0 \u00a0 \u00a0 \u00a0 \u00a0 \u00a0 \u00a0 \u00a0 \u00a0 \u00a0 \u00a0 \u00a0 \u00a0 \u00a0\u00a0<\/p>\n<p>\u200bIsparta&#8217;da 9 Aral\u0131k tarihinde meydana gelen helikopter kazas\u0131nda 6 askeri personel \u015fehit olmu\u015ftu. Kazaya ili\u015fkin Milli Savunma Bakanl\u0131\u011f\u0131, a\u00e7\u0131klama yapt\u0131. \u0130\u015fte detaylar&#8230;\u00a0<\/p>\n<p>\u200bHaberin Al\u0131nt\u0131land\u0131\u011f\u0131 Kaynak: www.antalyakorfez.com<\/p>","protected":false},"excerpt":{"rendered":"<p>Isparta&#8217;da e\u011fitim u\u00e7u\u015fu s\u0131ras\u0131nda meydana gelen helikopter kazas\u0131nda 6 askeri personel \u015fehit oldu. Milli Savunma Bakanl\u0131\u011f\u0131 (MSB), kazan\u0131n u\u00e7u\u015f e\u011fitimi s\u0131ras\u0131nda iki helikopterin temas\u0131 sonucu ya\u015fand\u0131\u011f\u0131n\u0131, helikopterin ya\u015f\u0131 veya bak\u0131m durumu ile ilgisi bulunmad\u0131\u011f\u0131n\u0131 a\u00e7\u0131klad\u0131. BA\u015eKA HEL\u0130KOPTERLE \u00c7ARPI\u015eTI\u00a0 Kaza, 9 Aral\u0131k g\u00fcn\u00fc Isparta&#8217;n\u0131n Ke\u00e7iborlu il\u00e7esi Isparta-Afyon kara yolunun 34. kilometresinde meydana geldi. Isparta S\u00fcleyman Demirel Havaliman\u0131&#8217;ndan kalk\u0131\u015f yapan Kara Havac\u0131l\u0131k Okulu&#8217;na ait UH-1 tipi askeri helikopter, u\u00e7u\u015f e\u011fitimi s\u0131ras\u0131nda AB-206 tipi bir ba\u015fka helikopterle temas etti. \u00c7arp\u0131\u015fman\u0131n ard\u0131ndan UH-1 tipi helikopter kaza k\u0131r\u0131ma u\u011frayarak d\u00fc\u015ft\u00fc. AB-206 tipi helikopter ise emniyetle yere ini\u015f yapt\u0131. Kazan\u0131n ard\u0131ndan b\u00f6lgeye \u00e7ok say\u0131da itfaiye, sa\u011fl\u0131k ve kurtarma ekibi sevk edildi. 6 ASKER\u0130 PERSONEL \u015eEH\u0130T OLDU\u00a0 D\u00fc\u015fen helikopterde bulunan 52 ya\u015f\u0131ndaki Tu\u011fgeneral \u0130sa Baydilli, 26 ya\u015f\u0131ndaki Astsubay K\u0131demli \u00c7avu\u015f H\u00fcseyin \u0130pek, 24 ya\u015f\u0131ndaki Te\u011fmen Mustafa Atakan Dut, 24 ya\u015f\u0131ndaki Te\u011fmen Tunahan Da\u011fl\u0131, 25 ya\u015f\u0131ndaki Te\u011fmen Ceyhun Kalyoncu ve 24 ya\u015f\u0131ndaki Astsubay \u00c7avu\u015f Taha Nergis \u015fehit oldu. \u015eehitlerin naa\u015flar\u0131 d\u00fczenlenen t\u00f6renle memleketlerine u\u011furland\u0131. \u015eEH\u0130TLER MEMLEKETLER\u0130NDE TOPRA\u011eA VER\u0130LD\u0130\u00a0 \u015eehitler i\u00e7in S\u00fcleyman Demirel Havaliman\u0131&#8217;nda Isparta \u0130l Jandarma Komutanl\u0131\u011f\u0131&#8217;n\u0131n \u00f6nc\u00fcl\u00fc\u011f\u00fcnde u\u011furlama t\u00f6reni d\u00fczenlendi. T\u00f6rende sayg\u0131 duru\u015funun ard\u0131ndan \u015fehitlerin \u00f6z ge\u00e7mi\u015fleri okundu ve dua edildi. \u015eehitlerin naa\u015flar\u0131 silah arkada\u015flar\u0131n\u0131n omuzlar\u0131nda helikoptere ta\u015f\u0131narak memleketlerine g\u00f6nderildi. MSB A\u00c7IKLAMADA BULUNDU\u00a0 Isparta&#8217;da 6 askerin \u015fehit &hellip;<\/p>","protected":false},"author":0,"featured_media":0,"comment_status":"open","ping_status":"open","sticky":false,"template":"","format":"standard","meta":{"_acf_changed":false,"footnotes":""},"categories":[24,535],"tags":[],"class_list":["post-20372","post","type-post","status-publish","format-standard","has-post-thumbnail","hentry","category-gundem","category-uncategorized-tr"],"acf":[],"yoast_head":"<!-- This site is optimized with the Yoast SEO Premium plugin v26.6 (Yoast SEO v27.1.1) - https:\/\/yoast.com\/product\/yoast-seo-premium-wordpress\/ -->\n<title>Isparta&#039;da ya\u015fanan helikopter kazas\u0131na ili\u015fkin MSB&#039;den a\u00e7\u0131klama - Av. Deniz Can K\u0131z\u0131l<\/title>\n<meta name=\"robots\" content=\"index, follow, max-snippet:-1, max-image-preview:large, max-video-preview:-1\" \/>\n<link rel=\"canonical\" href=\"https:\/\/denizcankizil.tr\/en\/haberler\/gundem\/ispartada-yasanan-helikopter-kazasina-iliskin-msbden-aciklama\/\" \/>\n<meta property=\"og:locale\" content=\"en_GB\" \/>\n<meta property=\"og:type\" content=\"article\" \/>\n<meta property=\"og:title\" content=\"Isparta&#039;da ya\u015fanan helikopter kazas\u0131na ili\u015fkin MSB&#039;den a\u00e7\u0131klama\" \/>\n<meta property=\"og:description\" content=\"Isparta&#8217;da e\u011fitim u\u00e7u\u015fu s\u0131ras\u0131nda meydana gelen helikopter kazas\u0131nda 6 askeri personel \u015fehit oldu. Milli Savunma Bakanl\u0131\u011f\u0131 (MSB), kazan\u0131n u\u00e7u\u015f e\u011fitimi s\u0131ras\u0131nda iki helikopterin temas\u0131 sonucu ya\u015fand\u0131\u011f\u0131n\u0131, helikopterin ya\u015f\u0131 veya bak\u0131m durumu ile ilgisi bulunmad\u0131\u011f\u0131n\u0131 a\u00e7\u0131klad\u0131. BA\u015eKA HEL\u0130KOPTERLE \u00c7ARPI\u015eTI\u00a0 Kaza, 9 Aral\u0131k g\u00fcn\u00fc Isparta&#8217;n\u0131n Ke\u00e7iborlu il\u00e7esi Isparta-Afyon kara yolunun 34. kilometresinde meydana geldi. Isparta S\u00fcleyman Demirel Havaliman\u0131&#8217;ndan kalk\u0131\u015f yapan Kara Havac\u0131l\u0131k Okulu&#8217;na ait UH-1 tipi askeri helikopter, u\u00e7u\u015f e\u011fitimi s\u0131ras\u0131nda AB-206 tipi bir ba\u015fka helikopterle temas etti. \u00c7arp\u0131\u015fman\u0131n ard\u0131ndan UH-1 tipi helikopter kaza k\u0131r\u0131ma u\u011frayarak d\u00fc\u015ft\u00fc. AB-206 tipi helikopter ise emniyetle yere ini\u015f yapt\u0131. Kazan\u0131n ard\u0131ndan b\u00f6lgeye \u00e7ok say\u0131da itfaiye, sa\u011fl\u0131k ve kurtarma ekibi sevk edildi. 6 ASKER\u0130 PERSONEL \u015eEH\u0130T OLDU\u00a0 D\u00fc\u015fen helikopterde bulunan 52 ya\u015f\u0131ndaki Tu\u011fgeneral \u0130sa Baydilli, 26 ya\u015f\u0131ndaki Astsubay K\u0131demli \u00c7avu\u015f H\u00fcseyin \u0130pek, 24 ya\u015f\u0131ndaki Te\u011fmen Mustafa Atakan Dut, 24 ya\u015f\u0131ndaki Te\u011fmen Tunahan Da\u011fl\u0131, 25 ya\u015f\u0131ndaki Te\u011fmen Ceyhun Kalyoncu ve 24 ya\u015f\u0131ndaki Astsubay \u00c7avu\u015f Taha Nergis \u015fehit oldu. \u015eehitlerin naa\u015flar\u0131 d\u00fczenlenen t\u00f6renle memleketlerine u\u011furland\u0131. \u015eEH\u0130TLER MEMLEKETLER\u0130NDE TOPRA\u011eA VER\u0130LD\u0130\u00a0 \u015eehitler i\u00e7in S\u00fcleyman Demirel Havaliman\u0131&#8217;nda Isparta \u0130l Jandarma Komutanl\u0131\u011f\u0131&#8217;n\u0131n \u00f6nc\u00fcl\u00fc\u011f\u00fcnde u\u011furlama t\u00f6reni d\u00fczenlendi. T\u00f6rende sayg\u0131 duru\u015funun ard\u0131ndan \u015fehitlerin \u00f6z ge\u00e7mi\u015fleri okundu ve dua edildi. \u015eehitlerin naa\u015flar\u0131 silah arkada\u015flar\u0131n\u0131n omuzlar\u0131nda helikoptere ta\u015f\u0131narak memleketlerine g\u00f6nderildi. MSB A\u00c7IKLAMADA BULUNDU\u00a0 Isparta&#8217;da 6 askerin \u015fehit &hellip;\" \/>\n<meta property=\"og:url\" content=\"https:\/\/denizcankizil.tr\/en\/haberler\/gundem\/ispartada-yasanan-helikopter-kazasina-iliskin-msbden-aciklama\/\" \/>\n<meta property=\"og:site_name\" content=\"Av. Deniz Can K\u0131z\u0131l\" \/>\n<meta property=\"article:published_time\" content=\"2024-12-12T16:41:30+00:00\" \/>\n<meta name=\"twitter:card\" content=\"summary_large_image\" \/>\n<meta name=\"twitter:label1\" content=\"Estimated reading time\" \/>\n\t<meta name=\"twitter:data1\" content=\"2 minutes\" \/>\n<script type=\"application\/ld+json\" class=\"yoast-schema-graph\">{\"@context\":\"https:\/\/schema.org\",\"@graph\":[{\"@type\":\"Article\",\"@id\":\"https:\/\/denizcankizil.tr\/ru\/haberler\/gundem\/ispartada-yasanan-helikopter-kazasina-iliskin-msbden-aciklama\/#article\",\"isPartOf\":{\"@id\":\"https:\/\/denizcankizil.tr\/ru\/haberler\/gundem\/ispartada-yasanan-helikopter-kazasina-iliskin-msbden-aciklama\/\"},\"author\":{\"name\":\"\",\"@id\":\"\"},\"headline\":\"Isparta&#8217;da ya\u015fanan helikopter kazas\u0131na ili\u015fkin MSB&#8217;den a\u00e7\u0131klama\",\"datePublished\":\"2024-12-12T16:41:30+00:00\",\"mainEntityOfPage\":{\"@id\":\"https:\/\/denizcankizil.tr\/ru\/haberler\/gundem\/ispartada-yasanan-helikopter-kazasina-iliskin-msbden-aciklama\/\"},\"wordCount\":382,\"commentCount\":0,\"publisher\":{\"@id\":\"https:\/\/denizcankizil.tr\/#organization\"},\"articleSection\":[\"G\u00fcndem\",\"Uncategorized\"],\"inLanguage\":\"en-GB\",\"potentialAction\":[{\"@type\":\"CommentAction\",\"name\":\"Comment\",\"target\":[\"https:\/\/denizcankizil.tr\/ru\/haberler\/gundem\/ispartada-yasanan-helikopter-kazasina-iliskin-msbden-aciklama\/#respond\"]}]},{\"@type\":\"WebPage\",\"@id\":\"https:\/\/denizcankizil.tr\/ru\/haberler\/gundem\/ispartada-yasanan-helikopter-kazasina-iliskin-msbden-aciklama\/\",\"url\":\"https:\/\/denizcankizil.tr\/ru\/haberler\/gundem\/ispartada-yasanan-helikopter-kazasina-iliskin-msbden-aciklama\/\",\"name\":\"Isparta'da ya\u015fanan helikopter kazas\u0131na ili\u015fkin MSB'den a\u00e7\u0131klama - Av. Deniz Can K\u0131z\u0131l\",\"isPartOf\":{\"@id\":\"https:\/\/denizcankizil.tr\/#website\"},\"datePublished\":\"2024-12-12T16:41:30+00:00\",\"breadcrumb\":{\"@id\":\"https:\/\/denizcankizil.tr\/ru\/haberler\/gundem\/ispartada-yasanan-helikopter-kazasina-iliskin-msbden-aciklama\/#breadcrumb\"},\"inLanguage\":\"en-GB\",\"potentialAction\":[{\"@type\":\"ReadAction\",\"target\":[\"https:\/\/denizcankizil.tr\/ru\/haberler\/gundem\/ispartada-yasanan-helikopter-kazasina-iliskin-msbden-aciklama\/\"]}]},{\"@type\":\"BreadcrumbList\",\"@id\":\"https:\/\/denizcankizil.tr\/ru\/haberler\/gundem\/ispartada-yasanan-helikopter-kazasina-iliskin-msbden-aciklama\/#breadcrumb\",\"itemListElement\":[{\"@type\":\"ListItem\",\"position\":1,\"name\":\"Home\",\"item\":\"https:\/\/denizcankizil.tr\/de\/\"},{\"@type\":\"ListItem\",\"position\":2,\"name\":\"Isparta&#8217;da ya\u015fanan helikopter kazas\u0131na ili\u015fkin MSB&#8217;den a\u00e7\u0131klama\"}]},{\"@type\":\"WebSite\",\"@id\":\"https:\/\/denizcankizil.tr\/#website\",\"url\":\"https:\/\/denizcankizil.tr\/\",\"name\":\"Av. Deniz Can K\u0131z\u0131l\",\"description\":\"Avukat Deniz Can K\u0131z\u0131l Antalya Barosu\",\"publisher\":{\"@id\":\"https:\/\/denizcankizil.tr\/#organization\"},\"potentialAction\":[{\"@type\":\"SearchAction\",\"target\":{\"@type\":\"EntryPoint\",\"urlTemplate\":\"https:\/\/denizcankizil.tr\/?s={search_term_string}\"},\"query-input\":{\"@type\":\"PropertyValueSpecification\",\"valueRequired\":true,\"valueName\":\"search_term_string\"}}],\"inLanguage\":\"en-GB\"},{\"@type\":\"Organization\",\"@id\":\"https:\/\/denizcankizil.tr\/#organization\",\"name\":\"Av. Deniz Can K\u0131z\u0131l\",\"url\":\"https:\/\/denizcankizil.tr\/\",\"logo\":{\"@type\":\"ImageObject\",\"inLanguage\":\"en-GB\",\"@id\":\"https:\/\/denizcankizil.tr\/#\/schema\/logo\/image\/\",\"url\":\"https:\/\/denizcankizil.tr\/wp-content\/uploads\/2024\/10\/siyah-logo-svg.svg\",\"contentUrl\":\"https:\/\/denizcankizil.tr\/wp-content\/uploads\/2024\/10\/siyah-logo-svg.svg\",\"width\":1080,\"height\":1080,\"caption\":\"Av. Deniz Can K\u0131z\u0131l\"},\"image\":{\"@id\":\"https:\/\/denizcankizil.tr\/#\/schema\/logo\/image\/\"}}]}<\/script>\n<!-- \/ Yoast SEO Premium plugin. -->","yoast_head_json":{"title":"Isparta'da ya\u015fanan helikopter kazas\u0131na ili\u015fkin MSB'den a\u00e7\u0131klama - Av. Deniz Can K\u0131z\u0131l","robots":{"index":"index","follow":"follow","max-snippet":"max-snippet:-1","max-image-preview":"max-image-preview:large","max-video-preview":"max-video-preview:-1"},"canonical":"https:\/\/denizcankizil.tr\/en\/haberler\/gundem\/ispartada-yasanan-helikopter-kazasina-iliskin-msbden-aciklama\/","og_locale":"en_GB","og_type":"article","og_title":"Isparta'da ya\u015fanan helikopter kazas\u0131na ili\u015fkin MSB'den a\u00e7\u0131klama","og_description":"Isparta&#8217;da e\u011fitim u\u00e7u\u015fu s\u0131ras\u0131nda meydana gelen helikopter kazas\u0131nda 6 askeri personel \u015fehit oldu. Milli Savunma Bakanl\u0131\u011f\u0131 (MSB), kazan\u0131n u\u00e7u\u015f e\u011fitimi s\u0131ras\u0131nda iki helikopterin temas\u0131 sonucu ya\u015fand\u0131\u011f\u0131n\u0131, helikopterin ya\u015f\u0131 veya bak\u0131m durumu ile ilgisi bulunmad\u0131\u011f\u0131n\u0131 a\u00e7\u0131klad\u0131. BA\u015eKA HEL\u0130KOPTERLE \u00c7ARPI\u015eTI\u00a0 Kaza, 9 Aral\u0131k g\u00fcn\u00fc Isparta&#8217;n\u0131n Ke\u00e7iborlu il\u00e7esi Isparta-Afyon kara yolunun 34. kilometresinde meydana geldi. Isparta S\u00fcleyman Demirel Havaliman\u0131&#8217;ndan kalk\u0131\u015f yapan Kara Havac\u0131l\u0131k Okulu&#8217;na ait UH-1 tipi askeri helikopter, u\u00e7u\u015f e\u011fitimi s\u0131ras\u0131nda AB-206 tipi bir ba\u015fka helikopterle temas etti. \u00c7arp\u0131\u015fman\u0131n ard\u0131ndan UH-1 tipi helikopter kaza k\u0131r\u0131ma u\u011frayarak d\u00fc\u015ft\u00fc. AB-206 tipi helikopter ise emniyetle yere ini\u015f yapt\u0131. Kazan\u0131n ard\u0131ndan b\u00f6lgeye \u00e7ok say\u0131da itfaiye, sa\u011fl\u0131k ve kurtarma ekibi sevk edildi. 6 ASKER\u0130 PERSONEL \u015eEH\u0130T OLDU\u00a0 D\u00fc\u015fen helikopterde bulunan 52 ya\u015f\u0131ndaki Tu\u011fgeneral \u0130sa Baydilli, 26 ya\u015f\u0131ndaki Astsubay K\u0131demli \u00c7avu\u015f H\u00fcseyin \u0130pek, 24 ya\u015f\u0131ndaki Te\u011fmen Mustafa Atakan Dut, 24 ya\u015f\u0131ndaki Te\u011fmen Tunahan Da\u011fl\u0131, 25 ya\u015f\u0131ndaki Te\u011fmen Ceyhun Kalyoncu ve 24 ya\u015f\u0131ndaki Astsubay \u00c7avu\u015f Taha Nergis \u015fehit oldu. \u015eehitlerin naa\u015flar\u0131 d\u00fczenlenen t\u00f6renle memleketlerine u\u011furland\u0131. \u015eEH\u0130TLER MEMLEKETLER\u0130NDE TOPRA\u011eA VER\u0130LD\u0130\u00a0 \u015eehitler i\u00e7in S\u00fcleyman Demirel Havaliman\u0131&#8217;nda Isparta \u0130l Jandarma Komutanl\u0131\u011f\u0131&#8217;n\u0131n \u00f6nc\u00fcl\u00fc\u011f\u00fcnde u\u011furlama t\u00f6reni d\u00fczenlendi. T\u00f6rende sayg\u0131 duru\u015funun ard\u0131ndan \u015fehitlerin \u00f6z ge\u00e7mi\u015fleri okundu ve dua edildi. \u015eehitlerin naa\u015flar\u0131 silah arkada\u015flar\u0131n\u0131n omuzlar\u0131nda helikoptere ta\u015f\u0131narak memleketlerine g\u00f6nderildi. MSB A\u00c7IKLAMADA BULUNDU\u00a0 Isparta&#8217;da 6 askerin \u015fehit &hellip;","og_url":"https:\/\/denizcankizil.tr\/en\/haberler\/gundem\/ispartada-yasanan-helikopter-kazasina-iliskin-msbden-aciklama\/","og_site_name":"Av. Deniz Can K\u0131z\u0131l","article_published_time":"2024-12-12T16:41:30+00:00","twitter_card":"summary_large_image","twitter_misc":{"Estimated reading time":"2 minutes"},"schema":{"@context":"https:\/\/schema.org","@graph":[{"@type":"Article","@id":"https:\/\/denizcankizil.tr\/ru\/haberler\/gundem\/ispartada-yasanan-helikopter-kazasina-iliskin-msbden-aciklama\/#article","isPartOf":{"@id":"https:\/\/denizcankizil.tr\/ru\/haberler\/gundem\/ispartada-yasanan-helikopter-kazasina-iliskin-msbden-aciklama\/"},"author":{"name":"","@id":""},"headline":"Isparta&#8217;da ya\u015fanan helikopter kazas\u0131na ili\u015fkin MSB&#8217;den a\u00e7\u0131klama","datePublished":"2024-12-12T16:41:30+00:00","mainEntityOfPage":{"@id":"https:\/\/denizcankizil.tr\/ru\/haberler\/gundem\/ispartada-yasanan-helikopter-kazasina-iliskin-msbden-aciklama\/"},"wordCount":382,"commentCount":0,"publisher":{"@id":"https:\/\/denizcankizil.tr\/#organization"},"articleSection":["G\u00fcndem","Uncategorized"],"inLanguage":"en-GB","potentialAction":[{"@type":"CommentAction","name":"Comment","target":["https:\/\/denizcankizil.tr\/ru\/haberler\/gundem\/ispartada-yasanan-helikopter-kazasina-iliskin-msbden-aciklama\/#respond"]}]},{"@type":"WebPage","@id":"https:\/\/denizcankizil.tr\/ru\/haberler\/gundem\/ispartada-yasanan-helikopter-kazasina-iliskin-msbden-aciklama\/","url":"https:\/\/denizcankizil.tr\/ru\/haberler\/gundem\/ispartada-yasanan-helikopter-kazasina-iliskin-msbden-aciklama\/","name":"Isparta'da ya\u015fanan helikopter kazas\u0131na ili\u015fkin MSB'den a\u00e7\u0131klama - Av. Deniz Can K\u0131z\u0131l","isPartOf":{"@id":"https:\/\/denizcankizil.tr\/#website"},"datePublished":"2024-12-12T16:41:30+00:00","breadcrumb":{"@id":"https:\/\/denizcankizil.tr\/ru\/haberler\/gundem\/ispartada-yasanan-helikopter-kazasina-iliskin-msbden-aciklama\/#breadcrumb"},"inLanguage":"en-GB","potentialAction":[{"@type":"ReadAction","target":["https:\/\/denizcankizil.tr\/ru\/haberler\/gundem\/ispartada-yasanan-helikopter-kazasina-iliskin-msbden-aciklama\/"]}]},{"@type":"BreadcrumbList","@id":"https:\/\/denizcankizil.tr\/ru\/haberler\/gundem\/ispartada-yasanan-helikopter-kazasina-iliskin-msbden-aciklama\/#breadcrumb","itemListElement":[{"@type":"ListItem","position":1,"name":"Home","item":"https:\/\/denizcankizil.tr\/de\/"},{"@type":"ListItem","position":2,"name":"Isparta&#8217;da ya\u015fanan helikopter kazas\u0131na ili\u015fkin MSB&#8217;den a\u00e7\u0131klama"}]},{"@type":"WebSite","@id":"https:\/\/denizcankizil.tr\/#website","url":"https:\/\/denizcankizil.tr\/","name":"Av. Deniz Can K\u0131z\u0131l","description":"Avukat Deniz Can K\u0131z\u0131l Antalya Barosu","publisher":{"@id":"https:\/\/denizcankizil.tr\/#organization"},"potentialAction":[{"@type":"SearchAction","target":{"@type":"EntryPoint","urlTemplate":"https:\/\/denizcankizil.tr\/?s={search_term_string}"},"query-input":{"@type":"PropertyValueSpecification","valueRequired":true,"valueName":"search_term_string"}}],"inLanguage":"en-GB"},{"@type":"Organization","@id":"https:\/\/denizcankizil.tr\/#organization","name":"Av. Deniz Can K\u0131z\u0131l","url":"https:\/\/denizcankizil.tr\/","logo":{"@type":"ImageObject","inLanguage":"en-GB","@id":"https:\/\/denizcankizil.tr\/#\/schema\/logo\/image\/","url":"https:\/\/denizcankizil.tr\/wp-content\/uploads\/2024\/10\/siyah-logo-svg.svg","contentUrl":"https:\/\/denizcankizil.tr\/wp-content\/uploads\/2024\/10\/siyah-logo-svg.svg","width":1080,"height":1080,"caption":"Av. Deniz Can K\u0131z\u0131l"},"image":{"@id":"https:\/\/denizcankizil.tr\/#\/schema\/logo\/image\/"}}]}},"_links":{"self":[{"href":"https:\/\/denizcankizil.tr\/en\/wp-json\/wp\/v2\/posts\/20372","targetHints":{"allow":["GET"]}}],"collection":[{"href":"https:\/\/denizcankizil.tr\/en\/wp-json\/wp\/v2\/posts"}],"about":[{"href":"https:\/\/denizcankizil.tr\/en\/wp-json\/wp\/v2\/types\/post"}],"replies":[{"embeddable":true,"href":"https:\/\/denizcankizil.tr\/en\/wp-json\/wp\/v2\/comments?post=20372"}],"version-history":[{"count":0,"href":"https:\/\/denizcankizil.tr\/en\/wp-json\/wp\/v2\/posts\/20372\/revisions"}],"wp:attachment":[{"href":"https:\/\/denizcankizil.tr\/en\/wp-json\/wp\/v2\/media?parent=20372"}],"wp:term":[{"taxonomy":"category","embeddable":true,"href":"https:\/\/denizcankizil.tr\/en\/wp-json\/wp\/v2\/categories?post=20372"},{"taxonomy":"post_tag","embeddable":true,"href":"https:\/\/denizcankizil.tr\/en\/wp-json\/wp\/v2\/tags?post=20372"}],"curies":[{"name":"wp","href":"https:\/\/api.w.org\/{rel}","templated":true}]}}