{"id":20299,"date":"2024-12-12T08:41:38","date_gmt":"2024-12-12T05:41:38","guid":{"rendered":"https:\/\/denizcankizil.tr\/uncategorized-tr\/muglada-badem-biti-ve-zeytin-zararlilariyla-mucadele\/"},"modified":"2024-12-12T08:41:38","modified_gmt":"2024-12-12T05:41:38","slug":"muglada-badem-biti-ve-zeytin-zararlilariyla-mucadele","status":"publish","type":"post","link":"https:\/\/denizcankizil.tr\/en\/haberler\/gundem\/muglada-badem-biti-ve-zeytin-zararlilariyla-mucadele\/","title":{"rendered":"Mu\u011fla&#8217;da badem biti ve zeytin zararl\u0131lar\u0131yla m\u00fccadele"},"content":{"rendered":"<p>Mu\u011fla B\u00fcy\u00fck\u015fehir Belediyesi, Dat\u00e7a il\u00e7esinde badem a\u011fa\u00e7lar\u0131nda s\u0131k\u00e7a g\u00f6r\u00fclmeye ba\u015flanan badem biti ve zeytin zararlar\u0131yla m\u00fccadele \u00e7al\u0131\u015fmas\u0131 ba\u015flatt\u0131.MU\u011eLA (\u0130GFA) &#8211;\u00a0Dat\u00e7a\u2019n\u0131n \u00f6nemli gelir kaynaklar\u0131ndan birisi olan badem a\u011fa\u00e7lar\u0131nda g\u00f6r\u00fclen badem biti ve zeytin zararl\u0131lar\u0131yla ilgili m\u00fccadele kapsam\u0131nda B\u00fcy\u00fck\u015fehir Belediyesi taraf\u0131ndan \u00fcreticilere e\u011fitim verildi.<br \/>\nMu\u011fla\u2019n\u0131n Dat\u00e7a il\u00e7esinde SS. Dat\u00e7a Ahi Kad\u0131n Giri\u015fimi \u00dcretim ve \u0130\u015fletme Kooperatifi b\u00f6lgedeki badem a\u011fa\u00e7lar\u0131nda g\u00f6r\u00fclen badem biti ve zeytin zararl\u0131lar\u0131yla m\u00fccadele konusunda Mu\u011fla B\u00fcy\u00fck\u015fehir Belediyesi\u2019nden destek istedi. Gelen talep \u00fczerine Mu\u011fla B\u00fcy\u00fck\u015fehir Belediyesi Tar\u0131msal Hizmetler Dairesi Ba\u015fkanl\u0131\u011f\u0131 taraf\u0131ndan \u2018Tarlan\u0131za Geliyoruz\u2019 projesi kapsam\u0131nda Dat\u00e7al\u0131lar\u0131n en \u00f6nemli ge\u00e7im kayna\u011f\u0131 olan bademcili\u011fi ciddi \u015fekilde tehdit eden badem biti hastal\u0131\u011f\u0131yla m\u00fccadele ba\u015flat\u0131ld\u0131.<\/p>\n<p>E\u011fitime 200 \u00dcretici Kat\u0131ld\u0131<br \/>\n\u00a0Dat\u00e7a\u2019n\u0131n Yaz\u0131 Mahallesi\u2019nde d\u00fczenlenen Badem biti ve zeytin zararl\u0131lar\u0131yla toplu m\u00fccadele, al\u0131nmas\u0131 gereken \u00f6nlemlerle ilgili uygulamal\u0131 e\u011fitim d\u00fczenlendi. Uygulamal\u0131 e\u011fitime Dat\u00e7a Belediye Ba\u015fkan\u0131 Ayta\u00e7 Kurt, Belediye Meclis \u00fcyeleri,SS. S\u0131nd\u0131 K\u00f6y\u00fc Tar\u0131msal Kalk\u0131nma Kooperatifi, SS. Yaz\u0131 K\u00f6y\u00fc Tar\u0131msal Kalk\u0131nma Kooperatifi, SS. Dat\u00e7a Ahi Kad\u0131n Giri\u015fimi \u00dcretim ve \u0130\u015fletme Kooperatifi, muhtarlar olmak \u00fczere yakla\u015f\u0131k 200 ki\u015fi kat\u0131ld\u0131.\u00a0<br \/>\nUygulamal\u0131 E\u011fitim Verildi<br \/>\n\u00a0Mu\u011fla B\u00fcy\u00fck\u015fehir Belediyesi\u2019nde ziraat m\u00fchendisi ve mikrobiyolog olarak g\u00f6rev yapan teknik personel \u00fcreticilere teknik konularda bilgi verdi. E\u011fitimde badem biti ile do\u011fal ve alternatif bir m\u00fccadele yolu olarak tesbih a\u011fac\u0131 (Meliaazedarach) meyvelerinin kaynat\u0131lmas\u0131yla yap\u0131lan ila\u00e7ve\u00a0 yayg\u0131n bitkisel kullan\u0131m alan\u0131na sahip olan g\u00fclleci bulamac\u0131n\u0131n yap\u0131mlar\u0131 uygulamal\u0131 olarak \u00fcreticiye g\u00f6sterildi.<br \/>\nMu\u011fla B\u00fcy\u00fck\u015fehir Belediyesi Tar\u0131msal Hizmetler Dairesi Ba\u015fkanl\u0131\u011f\u0131\u2019nda g\u00f6revli Ziraat M\u00fchendisi Turgut Karag\u00f6z \u201cDat\u00e7al\u0131 \u00fcreticilerimize tar\u0131msal \u00fcretim s\u00fcrecinde topraklar\u0131n ve \u00fcr\u00fcnlerin zirai durumlar\u0131yla ilgili teknik bilgiler verdik. Badem biti ve zeytin zararl\u0131lar\u0131yla ilgili uygulamal\u0131 e\u011fitim d\u00fczenledik. \u00dcreticilerimizin talepleri do\u011frultusunda uygulamal\u0131 e\u011fitimlerimize devam edece\u011fiz.\u201d dedi.<br \/>\nDat\u00e7a Belediye Ba\u015fkan\u0131 Ayta\u00e7 Kurt \u201cB\u00fcy\u00fck\u015fehir Belediyemiz \u00dcreticinin Her Zaman Yan\u0131nda\u201d<br \/>\nUygulamal\u0131 e\u011fitime kat\u0131lan Dat\u00e7a Belediye Ba\u015fkan\u0131 Ayta\u00e7 Kurt \u201c Dat\u00e7a Bademi b\u00f6lgemizin en \u00f6nemli gelir kaynaklar\u0131n\u0131n ba\u015f\u0131nda geliyor. Badem Biti a\u011fa\u00e7lara ciddi anlamda zarar veriyor. B\u00fcy\u00fck\u015fehir ve Dat\u00e7a Belediyemiz her zaman \u00fcreticinin yan\u0131nda olmu\u015ftur. Benzer e\u011fitim ve bilgilendirme \u00e7al\u0131\u015fmalar\u0131 devam edecek. Bizlere her konuda b\u00fcy\u00fck destek veren Mu\u011fla B\u00fcy\u00fck\u015fehir Belediyemize ve Ba\u015fkan Aras\u2019a te\u015fekk\u00fcr ederim.\u201d dedi.<br \/>\nBa\u015fkan Aras; \u201cD\u00fcnya Kenti Mu\u011flam\u0131z tar\u0131mda da marka olmaya, \u00fcretmeye devam edecek\u201d<br \/>\nMu\u011fla\u2019n\u0131n 13 il\u00e7esinde \u00fcreten k\u00f6yl\u00fcn\u00fcn yan\u0131nda olmak i\u00e7in \u00e7al\u0131\u015fmalara devam ettiklerini s\u00f6yleyen Mu\u011fla B\u00fcy\u00fck\u015fehir Belediye Ba\u015fkan\u0131 Ahmet Aras geni\u015f \u00fcr\u00fcn yelpazesi ile Mu\u011fla\u2019n\u0131n tar\u0131m kenti olmaya devam edece\u011fini belirtti.<br \/>\nBa\u015fkan Aras; \u201cDat\u00e7a\u2019m\u0131z\u0131n bademi, Milas\u2019\u0131m\u0131z\u0131n zeytini, Kavakl\u0131dere\u2019mizin cevizi, Ula\u2019m\u0131z\u0131n susam\u0131, K\u00f6yce\u011fiz, Ortaca\u2019m\u0131z\u0131n portakal\u0131, Mu\u011flam\u0131z\u0131n bereketli topraklar\u0131nda yeti\u015fen her \u00fcr\u00fcn\u00fc i\u00e7in \u00fcreticilerimizin yan\u0131nda olmaya devam ediyoruz. \u00dcreten k\u00f6yl\u00fcm\u00fcze e\u011fitimlerle, bilimsel analizlerle, fidan, yerel tohum deste\u011fi ve daha bir\u00e7ok alanda destek veriyoruz, vermeye de devam edece\u011fiz. D\u00fcnya Kenti Mu\u011flam\u0131z tar\u0131mda da marka olmaya, \u00fcretmeye devam edecek.\u201d dedi.<\/p>\n<p>\u200bMu\u011fla B\u00fcy\u00fck\u015fehir Belediyesi, Dat\u00e7a il\u00e7esinde badem a\u011fa\u00e7lar\u0131nda s\u0131k\u00e7a g\u00f6r\u00fclmeye ba\u015flanan badem biti ve zeytin zararlar\u0131yla m\u00fccadele \u00e7al\u0131\u015fmas\u0131 ba\u015flatt\u0131.MU\u011eLA (\u0130GFA) &#8211;\u00a0Dat\u00e7a\u2019n\u0131n \u00f6nemli gelir kaynaklar\u0131ndan birisi olan badem a\u011fa\u00e7lar\u0131nda g\u00f6r\u00fclen badem biti ve zeytin zararl\u0131lar\u0131yla ilgili m\u00fccadele kapsam\u0131nda B\u00fcy\u00fck\u015fehir Belediyesi taraf\u0131ndan \u00fcreticilere e\u011fitim verildi.<br \/>\nMu\u011fla\u2019n\u0131n Dat\u00e7a il\u00e7esinde SS. Dat\u00e7a Ahi Kad\u0131n Giri\u015fimi \u00dcretim ve \u0130\u015fletme Kooperatifi b\u00f6lgedeki badem a\u011fa\u00e7lar\u0131nda g\u00f6r\u00fclen badem biti ve zeytin zararl\u0131lar\u0131yla m\u00fccadele konusunda Mu\u011fla B\u00fcy\u00fck\u015fehir Belediyesi\u2019nden destek istedi. Gelen talep \u00fczerine Mu\u011fla B\u00fcy\u00fck\u015fehir Belediyesi Tar\u0131msal Hizmetler Dairesi Ba\u015fkanl\u0131\u011f\u0131 taraf\u0131ndan \u2018Tarlan\u0131za Geliyoruz\u2019 projesi kapsam\u0131nda Dat\u00e7al\u0131lar\u0131n en \u00f6nemli ge\u00e7im kayna\u011f\u0131 olan bademcili\u011fi ciddi \u015fekilde tehdit eden badem biti hastal\u0131\u011f\u0131yla m\u00fccadele ba\u015flat\u0131ld\u0131.<\/p>\n<p>E\u011fitime 200 \u00dcretici Kat\u0131ld\u0131<br \/>\n\u00a0Dat\u00e7a\u2019n\u0131n Yaz\u0131 Mahallesi\u2019nde d\u00fczenlenen Badem biti ve zeytin zararl\u0131lar\u0131yla toplu m\u00fccadele, al\u0131nmas\u0131 gereken \u00f6nlemlerle ilgili uygulamal\u0131 e\u011fitim d\u00fczenlendi. Uygulamal\u0131 e\u011fitime Dat\u00e7a Belediye Ba\u015fkan\u0131 Ayta\u00e7 Kurt, Belediye Meclis \u00fcyeleri,SS. S\u0131nd\u0131 K\u00f6y\u00fc Tar\u0131msal Kalk\u0131nma Kooperatifi, SS. Yaz\u0131 K\u00f6y\u00fc Tar\u0131msal Kalk\u0131nma Kooperatifi, SS. Dat\u00e7a Ahi Kad\u0131n Giri\u015fimi \u00dcretim ve \u0130\u015fletme Kooperatifi, muhtarlar olmak \u00fczere yakla\u015f\u0131k 200 ki\u015fi kat\u0131ld\u0131.\u00a0<br \/>\nUygulamal\u0131 E\u011fitim Verildi<br \/>\n\u00a0Mu\u011fla B\u00fcy\u00fck\u015fehir Belediyesi\u2019nde ziraat m\u00fchendisi ve mikrobiyolog olarak g\u00f6rev yapan teknik personel \u00fcreticilere teknik konularda bilgi verdi. E\u011fitimde badem biti ile do\u011fal ve alternatif bir m\u00fccadele yolu olarak tesbih a\u011fac\u0131 (Meliaazedarach) meyvelerinin kaynat\u0131lmas\u0131yla yap\u0131lan ila\u00e7ve\u00a0 yayg\u0131n bitkisel kullan\u0131m alan\u0131na sahip olan g\u00fclleci bulamac\u0131n\u0131n yap\u0131mlar\u0131 uygulamal\u0131 olarak \u00fcreticiye g\u00f6sterildi.<br \/>\nMu\u011fla B\u00fcy\u00fck\u015fehir Belediyesi Tar\u0131msal Hizmetler Dairesi Ba\u015fkanl\u0131\u011f\u0131\u2019nda g\u00f6revli Ziraat M\u00fchendisi Turgut Karag\u00f6z \u201cDat\u00e7al\u0131 \u00fcreticilerimize tar\u0131msal \u00fcretim s\u00fcrecinde topraklar\u0131n ve \u00fcr\u00fcnlerin zirai durumlar\u0131yla ilgili teknik bilgiler verdik. Badem biti ve zeytin zararl\u0131lar\u0131yla ilgili uygulamal\u0131 e\u011fitim d\u00fczenledik. \u00dcreticilerimizin talepleri do\u011frultusunda uygulamal\u0131 e\u011fitimlerimize devam edece\u011fiz.\u201d dedi.<br \/>\nDat\u00e7a Belediye Ba\u015fkan\u0131 Ayta\u00e7 Kurt \u201cB\u00fcy\u00fck\u015fehir Belediyemiz \u00dcreticinin Her Zaman Yan\u0131nda\u201d<br \/>\nUygulamal\u0131 e\u011fitime kat\u0131lan Dat\u00e7a Belediye Ba\u015fkan\u0131 Ayta\u00e7 Kurt \u201c Dat\u00e7a Bademi b\u00f6lgemizin en \u00f6nemli gelir kaynaklar\u0131n\u0131n ba\u015f\u0131nda geliyor. Badem Biti a\u011fa\u00e7lara ciddi anlamda zarar veriyor. B\u00fcy\u00fck\u015fehir ve Dat\u00e7a Belediyemiz her zaman \u00fcreticinin yan\u0131nda olmu\u015ftur. Benzer e\u011fitim ve bilgilendirme \u00e7al\u0131\u015fmalar\u0131 devam edecek. Bizlere her konuda b\u00fcy\u00fck destek veren Mu\u011fla B\u00fcy\u00fck\u015fehir Belediyemize ve Ba\u015fkan Aras\u2019a te\u015fekk\u00fcr ederim.\u201d dedi.<br \/>\nBa\u015fkan Aras; \u201cD\u00fcnya Kenti Mu\u011flam\u0131z tar\u0131mda da marka olmaya, \u00fcretmeye devam edecek\u201d<br \/>\nMu\u011fla\u2019n\u0131n 13 il\u00e7esinde \u00fcreten k\u00f6yl\u00fcn\u00fcn yan\u0131nda olmak i\u00e7in \u00e7al\u0131\u015fmalara devam ettiklerini s\u00f6yleyen Mu\u011fla B\u00fcy\u00fck\u015fehir Belediye Ba\u015fkan\u0131 Ahmet Aras geni\u015f \u00fcr\u00fcn yelpazesi ile Mu\u011fla\u2019n\u0131n tar\u0131m kenti olmaya devam edece\u011fini belirtti.<br \/>\nBa\u015fkan Aras; \u201cDat\u00e7a\u2019m\u0131z\u0131n bademi, Milas\u2019\u0131m\u0131z\u0131n zeytini, Kavakl\u0131dere\u2019mizin cevizi, Ula\u2019m\u0131z\u0131n susam\u0131, K\u00f6yce\u011fiz, Ortaca\u2019m\u0131z\u0131n portakal\u0131, Mu\u011flam\u0131z\u0131n bereketli topraklar\u0131nda yeti\u015fen her \u00fcr\u00fcn\u00fc i\u00e7in \u00fcreticilerimizin yan\u0131nda olmaya devam ediyoruz. \u00dcreten k\u00f6yl\u00fcm\u00fcze e\u011fitimlerle, bilimsel analizlerle, fidan, yerel tohum deste\u011fi ve daha bir\u00e7ok alanda destek veriyoruz, vermeye de devam edece\u011fiz. D\u00fcnya Kenti Mu\u011flam\u0131z tar\u0131mda da marka olmaya, \u00fcretmeye devam edecek.\u201d dedi.\u00a0<\/p>\n<p>\u200bHaberin Al\u0131nt\u0131land\u0131\u011f\u0131 Kaynak: www.iskenderun.org<\/p>","protected":false},"excerpt":{"rendered":"<p>Mu\u011fla B\u00fcy\u00fck\u015fehir Belediyesi, Dat\u00e7a il\u00e7esinde badem a\u011fa\u00e7lar\u0131nda s\u0131k\u00e7a g\u00f6r\u00fclmeye ba\u015flanan badem biti ve zeytin zararlar\u0131yla m\u00fccadele \u00e7al\u0131\u015fmas\u0131 ba\u015flatt\u0131.MU\u011eLA (\u0130GFA) &#8211;\u00a0Dat\u00e7a\u2019n\u0131n \u00f6nemli gelir kaynaklar\u0131ndan birisi olan badem a\u011fa\u00e7lar\u0131nda g\u00f6r\u00fclen badem biti ve zeytin zararl\u0131lar\u0131yla ilgili m\u00fccadele kapsam\u0131nda B\u00fcy\u00fck\u015fehir Belediyesi taraf\u0131ndan \u00fcreticilere e\u011fitim verildi. Mu\u011fla\u2019n\u0131n Dat\u00e7a il\u00e7esinde SS. Dat\u00e7a Ahi Kad\u0131n Giri\u015fimi \u00dcretim ve \u0130\u015fletme Kooperatifi b\u00f6lgedeki badem a\u011fa\u00e7lar\u0131nda g\u00f6r\u00fclen badem biti ve zeytin zararl\u0131lar\u0131yla m\u00fccadele konusunda Mu\u011fla B\u00fcy\u00fck\u015fehir Belediyesi\u2019nden destek istedi. Gelen talep \u00fczerine Mu\u011fla B\u00fcy\u00fck\u015fehir Belediyesi Tar\u0131msal Hizmetler Dairesi Ba\u015fkanl\u0131\u011f\u0131 taraf\u0131ndan \u2018Tarlan\u0131za Geliyoruz\u2019 projesi kapsam\u0131nda Dat\u00e7al\u0131lar\u0131n en \u00f6nemli ge\u00e7im kayna\u011f\u0131 olan bademcili\u011fi ciddi \u015fekilde tehdit eden badem biti hastal\u0131\u011f\u0131yla m\u00fccadele ba\u015flat\u0131ld\u0131. E\u011fitime 200 \u00dcretici Kat\u0131ld\u0131 \u00a0Dat\u00e7a\u2019n\u0131n Yaz\u0131 Mahallesi\u2019nde d\u00fczenlenen Badem biti ve zeytin zararl\u0131lar\u0131yla toplu m\u00fccadele, al\u0131nmas\u0131 gereken \u00f6nlemlerle ilgili uygulamal\u0131 e\u011fitim d\u00fczenlendi. Uygulamal\u0131 e\u011fitime Dat\u00e7a Belediye Ba\u015fkan\u0131 Ayta\u00e7 Kurt, Belediye Meclis \u00fcyeleri,SS. S\u0131nd\u0131 K\u00f6y\u00fc Tar\u0131msal Kalk\u0131nma Kooperatifi, SS. Yaz\u0131 K\u00f6y\u00fc Tar\u0131msal Kalk\u0131nma Kooperatifi, SS. Dat\u00e7a Ahi Kad\u0131n Giri\u015fimi \u00dcretim ve \u0130\u015fletme Kooperatifi, muhtarlar olmak \u00fczere yakla\u015f\u0131k 200 ki\u015fi kat\u0131ld\u0131.\u00a0 Uygulamal\u0131 E\u011fitim Verildi \u00a0Mu\u011fla B\u00fcy\u00fck\u015fehir Belediyesi\u2019nde ziraat m\u00fchendisi ve mikrobiyolog olarak g\u00f6rev yapan teknik personel \u00fcreticilere teknik konularda bilgi verdi. E\u011fitimde badem biti ile do\u011fal ve alternatif bir m\u00fccadele yolu olarak tesbih a\u011fac\u0131 (Meliaazedarach) meyvelerinin kaynat\u0131lmas\u0131yla yap\u0131lan ila\u00e7ve\u00a0 yayg\u0131n bitkisel &hellip;<\/p>","protected":false},"author":0,"featured_media":0,"comment_status":"open","ping_status":"open","sticky":false,"template":"","format":"standard","meta":{"_acf_changed":false,"footnotes":""},"categories":[24,535],"tags":[],"class_list":["post-20299","post","type-post","status-publish","format-standard","has-post-thumbnail","hentry","category-gundem","category-uncategorized-tr"],"acf":[],"yoast_head":"<!-- This site is optimized with the Yoast SEO Premium plugin v26.6 (Yoast SEO v27.1.1) - https:\/\/yoast.com\/product\/yoast-seo-premium-wordpress\/ -->\n<title>Mu\u011fla&#039;da badem biti ve zeytin zararl\u0131lar\u0131yla m\u00fccadele - Av. Deniz Can K\u0131z\u0131l<\/title>\n<meta name=\"robots\" content=\"index, follow, max-snippet:-1, max-image-preview:large, max-video-preview:-1\" \/>\n<link rel=\"canonical\" href=\"https:\/\/denizcankizil.tr\/en\/haberler\/gundem\/muglada-badem-biti-ve-zeytin-zararlilariyla-mucadele\/\" \/>\n<meta property=\"og:locale\" content=\"en_GB\" \/>\n<meta property=\"og:type\" content=\"article\" \/>\n<meta property=\"og:title\" content=\"Mu\u011fla&#039;da badem biti ve zeytin zararl\u0131lar\u0131yla m\u00fccadele\" \/>\n<meta property=\"og:description\" content=\"Mu\u011fla B\u00fcy\u00fck\u015fehir Belediyesi, Dat\u00e7a il\u00e7esinde badem a\u011fa\u00e7lar\u0131nda s\u0131k\u00e7a g\u00f6r\u00fclmeye ba\u015flanan badem biti ve zeytin zararlar\u0131yla m\u00fccadele \u00e7al\u0131\u015fmas\u0131 ba\u015flatt\u0131.MU\u011eLA (\u0130GFA) &#8211;\u00a0Dat\u00e7a\u2019n\u0131n \u00f6nemli gelir kaynaklar\u0131ndan birisi olan badem a\u011fa\u00e7lar\u0131nda g\u00f6r\u00fclen badem biti ve zeytin zararl\u0131lar\u0131yla ilgili m\u00fccadele kapsam\u0131nda B\u00fcy\u00fck\u015fehir Belediyesi taraf\u0131ndan \u00fcreticilere e\u011fitim verildi. Mu\u011fla\u2019n\u0131n Dat\u00e7a il\u00e7esinde SS. Dat\u00e7a Ahi Kad\u0131n Giri\u015fimi \u00dcretim ve \u0130\u015fletme Kooperatifi b\u00f6lgedeki badem a\u011fa\u00e7lar\u0131nda g\u00f6r\u00fclen badem biti ve zeytin zararl\u0131lar\u0131yla m\u00fccadele konusunda Mu\u011fla B\u00fcy\u00fck\u015fehir Belediyesi\u2019nden destek istedi. Gelen talep \u00fczerine Mu\u011fla B\u00fcy\u00fck\u015fehir Belediyesi Tar\u0131msal Hizmetler Dairesi Ba\u015fkanl\u0131\u011f\u0131 taraf\u0131ndan \u2018Tarlan\u0131za Geliyoruz\u2019 projesi kapsam\u0131nda Dat\u00e7al\u0131lar\u0131n en \u00f6nemli ge\u00e7im kayna\u011f\u0131 olan bademcili\u011fi ciddi \u015fekilde tehdit eden badem biti hastal\u0131\u011f\u0131yla m\u00fccadele ba\u015flat\u0131ld\u0131. E\u011fitime 200 \u00dcretici Kat\u0131ld\u0131 \u00a0Dat\u00e7a\u2019n\u0131n Yaz\u0131 Mahallesi\u2019nde d\u00fczenlenen Badem biti ve zeytin zararl\u0131lar\u0131yla toplu m\u00fccadele, al\u0131nmas\u0131 gereken \u00f6nlemlerle ilgili uygulamal\u0131 e\u011fitim d\u00fczenlendi. Uygulamal\u0131 e\u011fitime Dat\u00e7a Belediye Ba\u015fkan\u0131 Ayta\u00e7 Kurt, Belediye Meclis \u00fcyeleri,SS. S\u0131nd\u0131 K\u00f6y\u00fc Tar\u0131msal Kalk\u0131nma Kooperatifi, SS. Yaz\u0131 K\u00f6y\u00fc Tar\u0131msal Kalk\u0131nma Kooperatifi, SS. Dat\u00e7a Ahi Kad\u0131n Giri\u015fimi \u00dcretim ve \u0130\u015fletme Kooperatifi, muhtarlar olmak \u00fczere yakla\u015f\u0131k 200 ki\u015fi kat\u0131ld\u0131.\u00a0 Uygulamal\u0131 E\u011fitim Verildi \u00a0Mu\u011fla B\u00fcy\u00fck\u015fehir Belediyesi\u2019nde ziraat m\u00fchendisi ve mikrobiyolog olarak g\u00f6rev yapan teknik personel \u00fcreticilere teknik konularda bilgi verdi. E\u011fitimde badem biti ile do\u011fal ve alternatif bir m\u00fccadele yolu olarak tesbih a\u011fac\u0131 (Meliaazedarach) meyvelerinin kaynat\u0131lmas\u0131yla yap\u0131lan ila\u00e7ve\u00a0 yayg\u0131n bitkisel &hellip;\" \/>\n<meta property=\"og:url\" content=\"https:\/\/denizcankizil.tr\/en\/haberler\/gundem\/muglada-badem-biti-ve-zeytin-zararlilariyla-mucadele\/\" \/>\n<meta property=\"og:site_name\" content=\"Av. Deniz Can K\u0131z\u0131l\" \/>\n<meta property=\"article:published_time\" content=\"2024-12-12T05:41:38+00:00\" \/>\n<meta name=\"twitter:card\" content=\"summary_large_image\" \/>\n<meta name=\"twitter:label1\" content=\"Estimated reading time\" \/>\n\t<meta name=\"twitter:data1\" content=\"7 minutes\" \/>\n<script type=\"application\/ld+json\" class=\"yoast-schema-graph\">{\"@context\":\"https:\/\/schema.org\",\"@graph\":[{\"@type\":\"Article\",\"@id\":\"https:\/\/denizcankizil.tr\/en\/haberler\/gundem\/muglada-badem-biti-ve-zeytin-zararlilariyla-mucadele\/#article\",\"isPartOf\":{\"@id\":\"https:\/\/denizcankizil.tr\/en\/haberler\/gundem\/muglada-badem-biti-ve-zeytin-zararlilariyla-mucadele\/\"},\"author\":{\"name\":\"\",\"@id\":\"\"},\"headline\":\"Mu\u011fla&#8217;da badem biti ve zeytin zararl\u0131lar\u0131yla m\u00fccadele\",\"datePublished\":\"2024-12-12T05:41:38+00:00\",\"mainEntityOfPage\":{\"@id\":\"https:\/\/denizcankizil.tr\/en\/haberler\/gundem\/muglada-badem-biti-ve-zeytin-zararlilariyla-mucadele\/\"},\"wordCount\":1356,\"commentCount\":0,\"publisher\":{\"@id\":\"https:\/\/denizcankizil.tr\/de\/#organization\"},\"articleSection\":[\"G\u00fcndem\",\"Uncategorized\"],\"inLanguage\":\"en-GB\",\"potentialAction\":[{\"@type\":\"CommentAction\",\"name\":\"Comment\",\"target\":[\"https:\/\/denizcankizil.tr\/en\/haberler\/gundem\/muglada-badem-biti-ve-zeytin-zararlilariyla-mucadele\/#respond\"]}]},{\"@type\":\"WebPage\",\"@id\":\"https:\/\/denizcankizil.tr\/en\/haberler\/gundem\/muglada-badem-biti-ve-zeytin-zararlilariyla-mucadele\/\",\"url\":\"https:\/\/denizcankizil.tr\/en\/haberler\/gundem\/muglada-badem-biti-ve-zeytin-zararlilariyla-mucadele\/\",\"name\":\"Mu\u011fla'da badem biti ve zeytin zararl\u0131lar\u0131yla m\u00fccadele - Av. Deniz Can K\u0131z\u0131l\",\"isPartOf\":{\"@id\":\"https:\/\/denizcankizil.tr\/de\/#website\"},\"datePublished\":\"2024-12-12T05:41:38+00:00\",\"breadcrumb\":{\"@id\":\"https:\/\/denizcankizil.tr\/en\/haberler\/gundem\/muglada-badem-biti-ve-zeytin-zararlilariyla-mucadele\/#breadcrumb\"},\"inLanguage\":\"en-GB\",\"potentialAction\":[{\"@type\":\"ReadAction\",\"target\":[\"https:\/\/denizcankizil.tr\/en\/haberler\/gundem\/muglada-badem-biti-ve-zeytin-zararlilariyla-mucadele\/\"]}]},{\"@type\":\"BreadcrumbList\",\"@id\":\"https:\/\/denizcankizil.tr\/en\/haberler\/gundem\/muglada-badem-biti-ve-zeytin-zararlilariyla-mucadele\/#breadcrumb\",\"itemListElement\":[{\"@type\":\"ListItem\",\"position\":1,\"name\":\"Home\",\"item\":\"https:\/\/denizcankizil.tr\/de\/\"},{\"@type\":\"ListItem\",\"position\":2,\"name\":\"Mu\u011fla&#8217;da badem biti ve zeytin zararl\u0131lar\u0131yla m\u00fccadele\"}]},{\"@type\":\"WebSite\",\"@id\":\"https:\/\/denizcankizil.tr\/de\/#website\",\"url\":\"https:\/\/denizcankizil.tr\/de\/\",\"name\":\"Av. Deniz Can K\u0131z\u0131l\",\"description\":\"Avukat Deniz Can K\u0131z\u0131l Antalya Barosu\",\"publisher\":{\"@id\":\"https:\/\/denizcankizil.tr\/de\/#organization\"},\"potentialAction\":[{\"@type\":\"SearchAction\",\"target\":{\"@type\":\"EntryPoint\",\"urlTemplate\":\"https:\/\/denizcankizil.tr\/de\/?s={search_term_string}\"},\"query-input\":{\"@type\":\"PropertyValueSpecification\",\"valueRequired\":true,\"valueName\":\"search_term_string\"}}],\"inLanguage\":\"en-GB\"},{\"@type\":\"Organization\",\"@id\":\"https:\/\/denizcankizil.tr\/de\/#organization\",\"name\":\"Av. Deniz Can K\u0131z\u0131l\",\"url\":\"https:\/\/denizcankizil.tr\/de\/\",\"logo\":{\"@type\":\"ImageObject\",\"inLanguage\":\"en-GB\",\"@id\":\"https:\/\/denizcankizil.tr\/de\/#\/schema\/logo\/image\/\",\"url\":\"https:\/\/denizcankizil.tr\/wp-content\/uploads\/2024\/10\/siyah-logo-svg.svg\",\"contentUrl\":\"https:\/\/denizcankizil.tr\/wp-content\/uploads\/2024\/10\/siyah-logo-svg.svg\",\"width\":1080,\"height\":1080,\"caption\":\"Av. Deniz Can K\u0131z\u0131l\"},\"image\":{\"@id\":\"https:\/\/denizcankizil.tr\/de\/#\/schema\/logo\/image\/\"}}]}<\/script>\n<!-- \/ Yoast SEO Premium plugin. -->","yoast_head_json":{"title":"Mu\u011fla'da badem biti ve zeytin zararl\u0131lar\u0131yla m\u00fccadele - Av. Deniz Can K\u0131z\u0131l","robots":{"index":"index","follow":"follow","max-snippet":"max-snippet:-1","max-image-preview":"max-image-preview:large","max-video-preview":"max-video-preview:-1"},"canonical":"https:\/\/denizcankizil.tr\/en\/haberler\/gundem\/muglada-badem-biti-ve-zeytin-zararlilariyla-mucadele\/","og_locale":"en_GB","og_type":"article","og_title":"Mu\u011fla'da badem biti ve zeytin zararl\u0131lar\u0131yla m\u00fccadele","og_description":"Mu\u011fla B\u00fcy\u00fck\u015fehir Belediyesi, Dat\u00e7a il\u00e7esinde badem a\u011fa\u00e7lar\u0131nda s\u0131k\u00e7a g\u00f6r\u00fclmeye ba\u015flanan badem biti ve zeytin zararlar\u0131yla m\u00fccadele \u00e7al\u0131\u015fmas\u0131 ba\u015flatt\u0131.MU\u011eLA (\u0130GFA) &#8211;\u00a0Dat\u00e7a\u2019n\u0131n \u00f6nemli gelir kaynaklar\u0131ndan birisi olan badem a\u011fa\u00e7lar\u0131nda g\u00f6r\u00fclen badem biti ve zeytin zararl\u0131lar\u0131yla ilgili m\u00fccadele kapsam\u0131nda B\u00fcy\u00fck\u015fehir Belediyesi taraf\u0131ndan \u00fcreticilere e\u011fitim verildi. Mu\u011fla\u2019n\u0131n Dat\u00e7a il\u00e7esinde SS. Dat\u00e7a Ahi Kad\u0131n Giri\u015fimi \u00dcretim ve \u0130\u015fletme Kooperatifi b\u00f6lgedeki badem a\u011fa\u00e7lar\u0131nda g\u00f6r\u00fclen badem biti ve zeytin zararl\u0131lar\u0131yla m\u00fccadele konusunda Mu\u011fla B\u00fcy\u00fck\u015fehir Belediyesi\u2019nden destek istedi. Gelen talep \u00fczerine Mu\u011fla B\u00fcy\u00fck\u015fehir Belediyesi Tar\u0131msal Hizmetler Dairesi Ba\u015fkanl\u0131\u011f\u0131 taraf\u0131ndan \u2018Tarlan\u0131za Geliyoruz\u2019 projesi kapsam\u0131nda Dat\u00e7al\u0131lar\u0131n en \u00f6nemli ge\u00e7im kayna\u011f\u0131 olan bademcili\u011fi ciddi \u015fekilde tehdit eden badem biti hastal\u0131\u011f\u0131yla m\u00fccadele ba\u015flat\u0131ld\u0131. E\u011fitime 200 \u00dcretici Kat\u0131ld\u0131 \u00a0Dat\u00e7a\u2019n\u0131n Yaz\u0131 Mahallesi\u2019nde d\u00fczenlenen Badem biti ve zeytin zararl\u0131lar\u0131yla toplu m\u00fccadele, al\u0131nmas\u0131 gereken \u00f6nlemlerle ilgili uygulamal\u0131 e\u011fitim d\u00fczenlendi. Uygulamal\u0131 e\u011fitime Dat\u00e7a Belediye Ba\u015fkan\u0131 Ayta\u00e7 Kurt, Belediye Meclis \u00fcyeleri,SS. S\u0131nd\u0131 K\u00f6y\u00fc Tar\u0131msal Kalk\u0131nma Kooperatifi, SS. Yaz\u0131 K\u00f6y\u00fc Tar\u0131msal Kalk\u0131nma Kooperatifi, SS. Dat\u00e7a Ahi Kad\u0131n Giri\u015fimi \u00dcretim ve \u0130\u015fletme Kooperatifi, muhtarlar olmak \u00fczere yakla\u015f\u0131k 200 ki\u015fi kat\u0131ld\u0131.\u00a0 Uygulamal\u0131 E\u011fitim Verildi \u00a0Mu\u011fla B\u00fcy\u00fck\u015fehir Belediyesi\u2019nde ziraat m\u00fchendisi ve mikrobiyolog olarak g\u00f6rev yapan teknik personel \u00fcreticilere teknik konularda bilgi verdi. E\u011fitimde badem biti ile do\u011fal ve alternatif bir m\u00fccadele yolu olarak tesbih a\u011fac\u0131 (Meliaazedarach) meyvelerinin kaynat\u0131lmas\u0131yla yap\u0131lan ila\u00e7ve\u00a0 yayg\u0131n bitkisel &hellip;","og_url":"https:\/\/denizcankizil.tr\/en\/haberler\/gundem\/muglada-badem-biti-ve-zeytin-zararlilariyla-mucadele\/","og_site_name":"Av. Deniz Can K\u0131z\u0131l","article_published_time":"2024-12-12T05:41:38+00:00","twitter_card":"summary_large_image","twitter_misc":{"Estimated reading time":"7 minutes"},"schema":{"@context":"https:\/\/schema.org","@graph":[{"@type":"Article","@id":"https:\/\/denizcankizil.tr\/en\/haberler\/gundem\/muglada-badem-biti-ve-zeytin-zararlilariyla-mucadele\/#article","isPartOf":{"@id":"https:\/\/denizcankizil.tr\/en\/haberler\/gundem\/muglada-badem-biti-ve-zeytin-zararlilariyla-mucadele\/"},"author":{"name":"","@id":""},"headline":"Mu\u011fla&#8217;da badem biti ve zeytin zararl\u0131lar\u0131yla m\u00fccadele","datePublished":"2024-12-12T05:41:38+00:00","mainEntityOfPage":{"@id":"https:\/\/denizcankizil.tr\/en\/haberler\/gundem\/muglada-badem-biti-ve-zeytin-zararlilariyla-mucadele\/"},"wordCount":1356,"commentCount":0,"publisher":{"@id":"https:\/\/denizcankizil.tr\/de\/#organization"},"articleSection":["G\u00fcndem","Uncategorized"],"inLanguage":"en-GB","potentialAction":[{"@type":"CommentAction","name":"Comment","target":["https:\/\/denizcankizil.tr\/en\/haberler\/gundem\/muglada-badem-biti-ve-zeytin-zararlilariyla-mucadele\/#respond"]}]},{"@type":"WebPage","@id":"https:\/\/denizcankizil.tr\/en\/haberler\/gundem\/muglada-badem-biti-ve-zeytin-zararlilariyla-mucadele\/","url":"https:\/\/denizcankizil.tr\/en\/haberler\/gundem\/muglada-badem-biti-ve-zeytin-zararlilariyla-mucadele\/","name":"Mu\u011fla'da badem biti ve zeytin zararl\u0131lar\u0131yla m\u00fccadele - Av. Deniz Can K\u0131z\u0131l","isPartOf":{"@id":"https:\/\/denizcankizil.tr\/de\/#website"},"datePublished":"2024-12-12T05:41:38+00:00","breadcrumb":{"@id":"https:\/\/denizcankizil.tr\/en\/haberler\/gundem\/muglada-badem-biti-ve-zeytin-zararlilariyla-mucadele\/#breadcrumb"},"inLanguage":"en-GB","potentialAction":[{"@type":"ReadAction","target":["https:\/\/denizcankizil.tr\/en\/haberler\/gundem\/muglada-badem-biti-ve-zeytin-zararlilariyla-mucadele\/"]}]},{"@type":"BreadcrumbList","@id":"https:\/\/denizcankizil.tr\/en\/haberler\/gundem\/muglada-badem-biti-ve-zeytin-zararlilariyla-mucadele\/#breadcrumb","itemListElement":[{"@type":"ListItem","position":1,"name":"Home","item":"https:\/\/denizcankizil.tr\/de\/"},{"@type":"ListItem","position":2,"name":"Mu\u011fla&#8217;da badem biti ve zeytin zararl\u0131lar\u0131yla m\u00fccadele"}]},{"@type":"WebSite","@id":"https:\/\/denizcankizil.tr\/de\/#website","url":"https:\/\/denizcankizil.tr\/de\/","name":"Av. Deniz Can K\u0131z\u0131l","description":"Avukat Deniz Can K\u0131z\u0131l Antalya Barosu","publisher":{"@id":"https:\/\/denizcankizil.tr\/de\/#organization"},"potentialAction":[{"@type":"SearchAction","target":{"@type":"EntryPoint","urlTemplate":"https:\/\/denizcankizil.tr\/de\/?s={search_term_string}"},"query-input":{"@type":"PropertyValueSpecification","valueRequired":true,"valueName":"search_term_string"}}],"inLanguage":"en-GB"},{"@type":"Organization","@id":"https:\/\/denizcankizil.tr\/de\/#organization","name":"Av. Deniz Can K\u0131z\u0131l","url":"https:\/\/denizcankizil.tr\/de\/","logo":{"@type":"ImageObject","inLanguage":"en-GB","@id":"https:\/\/denizcankizil.tr\/de\/#\/schema\/logo\/image\/","url":"https:\/\/denizcankizil.tr\/wp-content\/uploads\/2024\/10\/siyah-logo-svg.svg","contentUrl":"https:\/\/denizcankizil.tr\/wp-content\/uploads\/2024\/10\/siyah-logo-svg.svg","width":1080,"height":1080,"caption":"Av. Deniz Can K\u0131z\u0131l"},"image":{"@id":"https:\/\/denizcankizil.tr\/de\/#\/schema\/logo\/image\/"}}]}},"_links":{"self":[{"href":"https:\/\/denizcankizil.tr\/en\/wp-json\/wp\/v2\/posts\/20299","targetHints":{"allow":["GET"]}}],"collection":[{"href":"https:\/\/denizcankizil.tr\/en\/wp-json\/wp\/v2\/posts"}],"about":[{"href":"https:\/\/denizcankizil.tr\/en\/wp-json\/wp\/v2\/types\/post"}],"replies":[{"embeddable":true,"href":"https:\/\/denizcankizil.tr\/en\/wp-json\/wp\/v2\/comments?post=20299"}],"version-history":[{"count":0,"href":"https:\/\/denizcankizil.tr\/en\/wp-json\/wp\/v2\/posts\/20299\/revisions"}],"wp:attachment":[{"href":"https:\/\/denizcankizil.tr\/en\/wp-json\/wp\/v2\/media?parent=20299"}],"wp:term":[{"taxonomy":"category","embeddable":true,"href":"https:\/\/denizcankizil.tr\/en\/wp-json\/wp\/v2\/categories?post=20299"},{"taxonomy":"post_tag","embeddable":true,"href":"https:\/\/denizcankizil.tr\/en\/wp-json\/wp\/v2\/tags?post=20299"}],"curies":[{"name":"wp","href":"https:\/\/api.w.org\/{rel}","templated":true}]}}