{"id":20100,"date":"2024-12-10T14:41:15","date_gmt":"2024-12-10T11:41:15","guid":{"rendered":"https:\/\/denizcankizil.tr\/uncategorized-tr\/tuttugu-kopek-baligini-denize-birakti\/"},"modified":"2024-12-10T14:41:15","modified_gmt":"2024-12-10T11:41:15","slug":"tuttugu-kopek-baligini-denize-birakti","status":"publish","type":"post","link":"https:\/\/denizcankizil.tr\/en\/haberler\/antalya\/tuttugu-kopek-baligini-denize-birakti\/","title":{"rendered":"Tuttu\u011fu k\u00f6pek bal\u0131\u011f\u0131n\u0131 denize b\u0131rakt\u0131"},"content":{"rendered":"<p>Antalya&#8217;da pofesyonel olta bal\u0131k\u00e7\u0131l\u0131\u011f\u0131 ve dan\u0131\u015fmal\u0131\u011f\u0131 yapan Sava\u015f Dursun, bal\u0131k avlamak i\u00e7in Manavgat il\u00e7esi Manavgat Sahili&#8217;ne geldi. Dursun&#8217;un k\u0131y\u0131dan denize sald\u0131\u011f\u0131 oltas\u0131na 1,5 metreyi ge\u00e7kin yakla\u015f\u0131k 50 kiloluk kum k\u00f6pek bal\u0131\u011f\u0131 tak\u0131ld\u0131. K\u00f6pek bal\u0131\u011f\u0131n\u0131 fark ede Dursun, ona zarar vermemek i\u00e7in suya girip kucaklayarak k\u0131y\u0131ya \u00e7\u0131kard\u0131. Bir s\u00fcre k\u00f6pek bal\u0131\u011f\u0131n\u0131 inceleyen Dursun, ard\u0131ndan bal\u0131\u011f\u0131 y\u00fczge\u00e7lerinin alt\u0131ndan tutarak kucaklad\u0131 ve tekrar denize b\u0131rakt\u0131. Dursun ile k\u00f6pek bal\u0131\u011f\u0131n\u0131n cep telefonu kameras\u0131na yans\u0131yan g\u00f6r\u00fcnt\u00fcleri, ak\u0131llara komedi filmi Recep \u0130vedik&#8217;in k\u00f6pek bal\u0131\u011f\u0131 sahnesini getirdi.<br \/>\nSahildeki k\u00f6pek bal\u0131\u011f\u0131 ile ya\u015fad\u0131\u011f\u0131 o anlar\u0131 da anlatan Dursun, \u015funlar\u0131 s\u00f6yledi:<br \/>\n\u201c\u00c7elik bedenli olta kulland\u0131k yakalamak i\u00e7in, \u00e7\u00fcnk\u00fc inan\u0131lmaz keskin di\u015fleri var. Bal\u0131\u011fa zarar vermemek i\u00e7in suya girerek onu k\u0131y\u0131ya \u00e7\u0131kard\u0131m. \u0130nceledikten sonra dalgalardan dolay\u0131 gidemeyince Recep \u0130vedik gibi kucaklay\u0131p suya sald\u0131m. Biraz korktum a\u00e7\u0131k\u00e7as\u0131 ancak d\u00fcnyan\u0131n farkl\u0131 yerlerinde \u00e7ok daha b\u00fcy\u00fck k\u00f6pek bal\u0131klar\u0131 ile m\u00fccadele ettim. \u00d6zellikle koltuk alt\u0131ndan tutu\u011funuz zaman bal\u0131k etkisiz hale geliyor. Bal\u0131klarla \u00e7ok ha\u015f\u0131r ne\u015fir oldu\u011fum i\u00e7in neresinden tutmam gerekti\u011fini biliyorum. Bilmeyen arkada\u015flara tavsiye etmem, hi\u00e7 muhatap olmas\u0131nlar\u201d,<\/p>\n<p>\u201cK\u00fc\u00e7\u00fck bal\u0131klarla besleniyorlar\u201d<br \/>\nAral\u0131k, ocak aylar\u0131nda ya\u011fmurlardan sonra b\u00fcy\u00fck akarsular\u0131n a\u011fz\u0131ndan sersemlemi\u015f bal\u0131klar\u0131 toplamak i\u00e7in bu t\u00fcrlerin geldi\u011fini belirten Dursun, \u201cGenelde bu aylarda gece avlan\u0131yorlar. Ana men\u00fcs\u00fcnde deniz memelileri olmayan bal\u0131klar. K\u00fc\u00e7\u00fck bal\u0131klarla besleniyorlar. \u0130nsana sald\u0131rma ihtimali d\u00fc\u015f\u00fck bir t\u00fcr. Biz genelde Derinsu da avlan\u0131rken denk geliyoruz. Bazen oltam\u0131zdaki bal\u0131\u011f\u0131n yar\u0131s\u0131n\u0131 \u0131s\u0131rarak bizden vergi al\u0131yor, bazen canl\u0131 yemimize yakalan\u0131yor. Yine sal\u0131yoruz, \u00e7\u00fcnk\u00fc koruma alt\u0131nda\u201d dedi.<\/p>\n<p>Kaynak: www.kanalv.com.tr Haber Sitesinden Al\u0131nm\u0131\u015ft\u0131r.<\/p>","protected":false},"excerpt":{"rendered":"<p>Antalya&#8217;da pofesyonel olta bal\u0131k\u00e7\u0131l\u0131\u011f\u0131 ve dan\u0131\u015fmal\u0131\u011f\u0131 yapan Sava\u015f Dursun, bal\u0131k avlamak i\u00e7in Manavgat il\u00e7esi Manavgat Sahili&#8217;ne geldi. Dursun&#8217;un k\u0131y\u0131dan denize sald\u0131\u011f\u0131 oltas\u0131na 1,5 metreyi ge\u00e7kin yakla\u015f\u0131k 50 kiloluk kum k\u00f6pek bal\u0131\u011f\u0131 tak\u0131ld\u0131. K\u00f6pek bal\u0131\u011f\u0131n\u0131 fark ede Dursun, ona zarar vermemek i\u00e7in suya girip kucaklayarak k\u0131y\u0131ya \u00e7\u0131kard\u0131. Bir s\u00fcre k\u00f6pek bal\u0131\u011f\u0131n\u0131 inceleyen Dursun, ard\u0131ndan bal\u0131\u011f\u0131 y\u00fczge\u00e7lerinin alt\u0131ndan tutarak kucaklad\u0131 ve tekrar denize b\u0131rakt\u0131. Dursun ile k\u00f6pek bal\u0131\u011f\u0131n\u0131n cep telefonu kameras\u0131na yans\u0131yan g\u00f6r\u00fcnt\u00fcleri, ak\u0131llara komedi filmi Recep \u0130vedik&#8217;in k\u00f6pek bal\u0131\u011f\u0131 sahnesini getirdi. Sahildeki k\u00f6pek bal\u0131\u011f\u0131 ile ya\u015fad\u0131\u011f\u0131 o anlar\u0131 da anlatan Dursun, \u015funlar\u0131 s\u00f6yledi: \u201c\u00c7elik bedenli olta kulland\u0131k yakalamak i\u00e7in, \u00e7\u00fcnk\u00fc inan\u0131lmaz keskin di\u015fleri var. Bal\u0131\u011fa zarar vermemek i\u00e7in suya girerek onu k\u0131y\u0131ya \u00e7\u0131kard\u0131m. \u0130nceledikten sonra dalgalardan dolay\u0131 gidemeyince Recep \u0130vedik gibi kucaklay\u0131p suya sald\u0131m. Biraz korktum a\u00e7\u0131k\u00e7as\u0131 ancak d\u00fcnyan\u0131n farkl\u0131 yerlerinde \u00e7ok daha b\u00fcy\u00fck k\u00f6pek bal\u0131klar\u0131 ile m\u00fccadele ettim. \u00d6zellikle koltuk alt\u0131ndan tutu\u011funuz zaman bal\u0131k etkisiz hale geliyor. Bal\u0131klarla \u00e7ok ha\u015f\u0131r ne\u015fir oldu\u011fum i\u00e7in neresinden tutmam gerekti\u011fini biliyorum. Bilmeyen arkada\u015flara tavsiye etmem, hi\u00e7 muhatap olmas\u0131nlar\u201d, \u201cK\u00fc\u00e7\u00fck bal\u0131klarla besleniyorlar\u201d Aral\u0131k, ocak aylar\u0131nda ya\u011fmurlardan sonra b\u00fcy\u00fck akarsular\u0131n a\u011fz\u0131ndan sersemlemi\u015f bal\u0131klar\u0131 toplamak i\u00e7in bu t\u00fcrlerin geldi\u011fini belirten Dursun, \u201cGenelde bu aylarda gece avlan\u0131yorlar. Ana men\u00fcs\u00fcnde deniz memelileri olmayan bal\u0131klar. K\u00fc\u00e7\u00fck bal\u0131klarla besleniyorlar. \u0130nsana sald\u0131rma &hellip;<\/p>","protected":false},"author":0,"featured_media":20101,"comment_status":"open","ping_status":"open","sticky":false,"template":"","format":"standard","meta":{"_acf_changed":false,"footnotes":""},"categories":[26,535],"tags":[],"class_list":["post-20100","post","type-post","status-publish","format-standard","has-post-thumbnail","hentry","category-antalya","category-uncategorized-tr"],"acf":[],"yoast_head":"<!-- This site is optimized with the Yoast SEO Premium plugin v26.6 (Yoast SEO v27.1.1) - https:\/\/yoast.com\/product\/yoast-seo-premium-wordpress\/ -->\n<title>Tuttu\u011fu k\u00f6pek bal\u0131\u011f\u0131n\u0131 denize b\u0131rakt\u0131 - Av. Deniz Can K\u0131z\u0131l<\/title>\n<meta name=\"robots\" content=\"index, follow, max-snippet:-1, max-image-preview:large, max-video-preview:-1\" \/>\n<link rel=\"canonical\" href=\"https:\/\/denizcankizil.tr\/en\/haberler\/antalya\/tuttugu-kopek-baligini-denize-birakti\/\" \/>\n<meta property=\"og:locale\" content=\"en_GB\" \/>\n<meta property=\"og:type\" content=\"article\" \/>\n<meta property=\"og:title\" content=\"Tuttu\u011fu k\u00f6pek bal\u0131\u011f\u0131n\u0131 denize b\u0131rakt\u0131\" \/>\n<meta property=\"og:description\" content=\"Antalya&#8217;da pofesyonel olta bal\u0131k\u00e7\u0131l\u0131\u011f\u0131 ve dan\u0131\u015fmal\u0131\u011f\u0131 yapan Sava\u015f Dursun, bal\u0131k avlamak i\u00e7in Manavgat il\u00e7esi Manavgat Sahili&#8217;ne geldi. Dursun&#8217;un k\u0131y\u0131dan denize sald\u0131\u011f\u0131 oltas\u0131na 1,5 metreyi ge\u00e7kin yakla\u015f\u0131k 50 kiloluk kum k\u00f6pek bal\u0131\u011f\u0131 tak\u0131ld\u0131. K\u00f6pek bal\u0131\u011f\u0131n\u0131 fark ede Dursun, ona zarar vermemek i\u00e7in suya girip kucaklayarak k\u0131y\u0131ya \u00e7\u0131kard\u0131. Bir s\u00fcre k\u00f6pek bal\u0131\u011f\u0131n\u0131 inceleyen Dursun, ard\u0131ndan bal\u0131\u011f\u0131 y\u00fczge\u00e7lerinin alt\u0131ndan tutarak kucaklad\u0131 ve tekrar denize b\u0131rakt\u0131. Dursun ile k\u00f6pek bal\u0131\u011f\u0131n\u0131n cep telefonu kameras\u0131na yans\u0131yan g\u00f6r\u00fcnt\u00fcleri, ak\u0131llara komedi filmi Recep \u0130vedik&#8217;in k\u00f6pek bal\u0131\u011f\u0131 sahnesini getirdi. Sahildeki k\u00f6pek bal\u0131\u011f\u0131 ile ya\u015fad\u0131\u011f\u0131 o anlar\u0131 da anlatan Dursun, \u015funlar\u0131 s\u00f6yledi: \u201c\u00c7elik bedenli olta kulland\u0131k yakalamak i\u00e7in, \u00e7\u00fcnk\u00fc inan\u0131lmaz keskin di\u015fleri var. Bal\u0131\u011fa zarar vermemek i\u00e7in suya girerek onu k\u0131y\u0131ya \u00e7\u0131kard\u0131m. \u0130nceledikten sonra dalgalardan dolay\u0131 gidemeyince Recep \u0130vedik gibi kucaklay\u0131p suya sald\u0131m. Biraz korktum a\u00e7\u0131k\u00e7as\u0131 ancak d\u00fcnyan\u0131n farkl\u0131 yerlerinde \u00e7ok daha b\u00fcy\u00fck k\u00f6pek bal\u0131klar\u0131 ile m\u00fccadele ettim. \u00d6zellikle koltuk alt\u0131ndan tutu\u011funuz zaman bal\u0131k etkisiz hale geliyor. Bal\u0131klarla \u00e7ok ha\u015f\u0131r ne\u015fir oldu\u011fum i\u00e7in neresinden tutmam gerekti\u011fini biliyorum. Bilmeyen arkada\u015flara tavsiye etmem, hi\u00e7 muhatap olmas\u0131nlar\u201d, \u201cK\u00fc\u00e7\u00fck bal\u0131klarla besleniyorlar\u201d Aral\u0131k, ocak aylar\u0131nda ya\u011fmurlardan sonra b\u00fcy\u00fck akarsular\u0131n a\u011fz\u0131ndan sersemlemi\u015f bal\u0131klar\u0131 toplamak i\u00e7in bu t\u00fcrlerin geldi\u011fini belirten Dursun, \u201cGenelde bu aylarda gece avlan\u0131yorlar. Ana men\u00fcs\u00fcnde deniz memelileri olmayan bal\u0131klar. K\u00fc\u00e7\u00fck bal\u0131klarla besleniyorlar. \u0130nsana sald\u0131rma &hellip;\" \/>\n<meta property=\"og:url\" content=\"https:\/\/denizcankizil.tr\/en\/haberler\/antalya\/tuttugu-kopek-baligini-denize-birakti\/\" \/>\n<meta property=\"og:site_name\" content=\"Av. Deniz Can K\u0131z\u0131l\" \/>\n<meta property=\"article:published_time\" content=\"2024-12-10T11:41:15+00:00\" \/>\n<meta property=\"og:image\" content=\"https:\/\/denizcankizil.tr\/wp-content\/uploads\/2024\/12\/3518-01-UPcoKz.jpeg\" \/>\n\t<meta property=\"og:image:width\" content=\"1280\" \/>\n\t<meta property=\"og:image:height\" content=\"720\" \/>\n\t<meta property=\"og:image:type\" content=\"image\/jpeg\" \/>\n<meta name=\"twitter:card\" content=\"summary_large_image\" \/>\n<meta name=\"twitter:label1\" content=\"Estimated reading time\" \/>\n\t<meta name=\"twitter:data1\" content=\"2 minutes\" \/>\n<script type=\"application\/ld+json\" class=\"yoast-schema-graph\">{\"@context\":\"https:\/\/schema.org\",\"@graph\":[{\"@type\":\"Article\",\"@id\":\"https:\/\/denizcankizil.tr\/en\/haberler\/antalya\/tuttugu-kopek-baligini-denize-birakti\/#article\",\"isPartOf\":{\"@id\":\"https:\/\/denizcankizil.tr\/en\/haberler\/antalya\/tuttugu-kopek-baligini-denize-birakti\/\"},\"author\":{\"name\":\"\",\"@id\":\"\"},\"headline\":\"Tuttu\u011fu k\u00f6pek bal\u0131\u011f\u0131n\u0131 denize b\u0131rakt\u0131\",\"datePublished\":\"2024-12-10T11:41:15+00:00\",\"mainEntityOfPage\":{\"@id\":\"https:\/\/denizcankizil.tr\/en\/haberler\/antalya\/tuttugu-kopek-baligini-denize-birakti\/\"},\"wordCount\":354,\"commentCount\":0,\"publisher\":{\"@id\":\"https:\/\/denizcankizil.tr\/#organization\"},\"image\":{\"@id\":\"https:\/\/denizcankizil.tr\/en\/haberler\/antalya\/tuttugu-kopek-baligini-denize-birakti\/#primaryimage\"},\"thumbnailUrl\":\"https:\/\/denizcankizil.tr\/wp-content\/uploads\/2024\/12\/3518-01-UPcoKz.jpeg\",\"articleSection\":[\"Antalya\",\"Uncategorized\"],\"inLanguage\":\"en-GB\",\"potentialAction\":[{\"@type\":\"CommentAction\",\"name\":\"Comment\",\"target\":[\"https:\/\/denizcankizil.tr\/en\/haberler\/antalya\/tuttugu-kopek-baligini-denize-birakti\/#respond\"]}]},{\"@type\":\"WebPage\",\"@id\":\"https:\/\/denizcankizil.tr\/en\/haberler\/antalya\/tuttugu-kopek-baligini-denize-birakti\/\",\"url\":\"https:\/\/denizcankizil.tr\/en\/haberler\/antalya\/tuttugu-kopek-baligini-denize-birakti\/\",\"name\":\"Tuttu\u011fu k\u00f6pek bal\u0131\u011f\u0131n\u0131 denize b\u0131rakt\u0131 - Av. Deniz Can K\u0131z\u0131l\",\"isPartOf\":{\"@id\":\"https:\/\/denizcankizil.tr\/#website\"},\"primaryImageOfPage\":{\"@id\":\"https:\/\/denizcankizil.tr\/en\/haberler\/antalya\/tuttugu-kopek-baligini-denize-birakti\/#primaryimage\"},\"image\":{\"@id\":\"https:\/\/denizcankizil.tr\/en\/haberler\/antalya\/tuttugu-kopek-baligini-denize-birakti\/#primaryimage\"},\"thumbnailUrl\":\"https:\/\/denizcankizil.tr\/wp-content\/uploads\/2024\/12\/3518-01-UPcoKz.jpeg\",\"datePublished\":\"2024-12-10T11:41:15+00:00\",\"breadcrumb\":{\"@id\":\"https:\/\/denizcankizil.tr\/en\/haberler\/antalya\/tuttugu-kopek-baligini-denize-birakti\/#breadcrumb\"},\"inLanguage\":\"en-GB\",\"potentialAction\":[{\"@type\":\"ReadAction\",\"target\":[\"https:\/\/denizcankizil.tr\/en\/haberler\/antalya\/tuttugu-kopek-baligini-denize-birakti\/\"]}]},{\"@type\":\"ImageObject\",\"inLanguage\":\"en-GB\",\"@id\":\"https:\/\/denizcankizil.tr\/en\/haberler\/antalya\/tuttugu-kopek-baligini-denize-birakti\/#primaryimage\",\"url\":\"https:\/\/denizcankizil.tr\/wp-content\/uploads\/2024\/12\/3518-01-UPcoKz.jpeg\",\"contentUrl\":\"https:\/\/denizcankizil.tr\/wp-content\/uploads\/2024\/12\/3518-01-UPcoKz.jpeg\",\"width\":1280,\"height\":720},{\"@type\":\"BreadcrumbList\",\"@id\":\"https:\/\/denizcankizil.tr\/en\/haberler\/antalya\/tuttugu-kopek-baligini-denize-birakti\/#breadcrumb\",\"itemListElement\":[{\"@type\":\"ListItem\",\"position\":1,\"name\":\"Home\",\"item\":\"https:\/\/denizcankizil.tr\/de\/\"},{\"@type\":\"ListItem\",\"position\":2,\"name\":\"Tuttu\u011fu k\u00f6pek bal\u0131\u011f\u0131n\u0131 denize b\u0131rakt\u0131\"}]},{\"@type\":\"WebSite\",\"@id\":\"https:\/\/denizcankizil.tr\/#website\",\"url\":\"https:\/\/denizcankizil.tr\/\",\"name\":\"Av. Deniz Can K\u0131z\u0131l\",\"description\":\"Avukat Deniz Can K\u0131z\u0131l Antalya Barosu\",\"publisher\":{\"@id\":\"https:\/\/denizcankizil.tr\/#organization\"},\"potentialAction\":[{\"@type\":\"SearchAction\",\"target\":{\"@type\":\"EntryPoint\",\"urlTemplate\":\"https:\/\/denizcankizil.tr\/?s={search_term_string}\"},\"query-input\":{\"@type\":\"PropertyValueSpecification\",\"valueRequired\":true,\"valueName\":\"search_term_string\"}}],\"inLanguage\":\"en-GB\"},{\"@type\":\"Organization\",\"@id\":\"https:\/\/denizcankizil.tr\/#organization\",\"name\":\"Av. Deniz Can K\u0131z\u0131l\",\"url\":\"https:\/\/denizcankizil.tr\/\",\"logo\":{\"@type\":\"ImageObject\",\"inLanguage\":\"en-GB\",\"@id\":\"https:\/\/denizcankizil.tr\/#\/schema\/logo\/image\/\",\"url\":\"https:\/\/denizcankizil.tr\/wp-content\/uploads\/2024\/10\/siyah-logo-svg.svg\",\"contentUrl\":\"https:\/\/denizcankizil.tr\/wp-content\/uploads\/2024\/10\/siyah-logo-svg.svg\",\"width\":1080,\"height\":1080,\"caption\":\"Av. Deniz Can K\u0131z\u0131l\"},\"image\":{\"@id\":\"https:\/\/denizcankizil.tr\/#\/schema\/logo\/image\/\"}}]}<\/script>\n<!-- \/ Yoast SEO Premium plugin. -->","yoast_head_json":{"title":"Tuttu\u011fu k\u00f6pek bal\u0131\u011f\u0131n\u0131 denize b\u0131rakt\u0131 - Av. Deniz Can K\u0131z\u0131l","robots":{"index":"index","follow":"follow","max-snippet":"max-snippet:-1","max-image-preview":"max-image-preview:large","max-video-preview":"max-video-preview:-1"},"canonical":"https:\/\/denizcankizil.tr\/en\/haberler\/antalya\/tuttugu-kopek-baligini-denize-birakti\/","og_locale":"en_GB","og_type":"article","og_title":"Tuttu\u011fu k\u00f6pek bal\u0131\u011f\u0131n\u0131 denize b\u0131rakt\u0131","og_description":"Antalya&#8217;da pofesyonel olta bal\u0131k\u00e7\u0131l\u0131\u011f\u0131 ve dan\u0131\u015fmal\u0131\u011f\u0131 yapan Sava\u015f Dursun, bal\u0131k avlamak i\u00e7in Manavgat il\u00e7esi Manavgat Sahili&#8217;ne geldi. Dursun&#8217;un k\u0131y\u0131dan denize sald\u0131\u011f\u0131 oltas\u0131na 1,5 metreyi ge\u00e7kin yakla\u015f\u0131k 50 kiloluk kum k\u00f6pek bal\u0131\u011f\u0131 tak\u0131ld\u0131. K\u00f6pek bal\u0131\u011f\u0131n\u0131 fark ede Dursun, ona zarar vermemek i\u00e7in suya girip kucaklayarak k\u0131y\u0131ya \u00e7\u0131kard\u0131. Bir s\u00fcre k\u00f6pek bal\u0131\u011f\u0131n\u0131 inceleyen Dursun, ard\u0131ndan bal\u0131\u011f\u0131 y\u00fczge\u00e7lerinin alt\u0131ndan tutarak kucaklad\u0131 ve tekrar denize b\u0131rakt\u0131. Dursun ile k\u00f6pek bal\u0131\u011f\u0131n\u0131n cep telefonu kameras\u0131na yans\u0131yan g\u00f6r\u00fcnt\u00fcleri, ak\u0131llara komedi filmi Recep \u0130vedik&#8217;in k\u00f6pek bal\u0131\u011f\u0131 sahnesini getirdi. Sahildeki k\u00f6pek bal\u0131\u011f\u0131 ile ya\u015fad\u0131\u011f\u0131 o anlar\u0131 da anlatan Dursun, \u015funlar\u0131 s\u00f6yledi: \u201c\u00c7elik bedenli olta kulland\u0131k yakalamak i\u00e7in, \u00e7\u00fcnk\u00fc inan\u0131lmaz keskin di\u015fleri var. Bal\u0131\u011fa zarar vermemek i\u00e7in suya girerek onu k\u0131y\u0131ya \u00e7\u0131kard\u0131m. \u0130nceledikten sonra dalgalardan dolay\u0131 gidemeyince Recep \u0130vedik gibi kucaklay\u0131p suya sald\u0131m. Biraz korktum a\u00e7\u0131k\u00e7as\u0131 ancak d\u00fcnyan\u0131n farkl\u0131 yerlerinde \u00e7ok daha b\u00fcy\u00fck k\u00f6pek bal\u0131klar\u0131 ile m\u00fccadele ettim. \u00d6zellikle koltuk alt\u0131ndan tutu\u011funuz zaman bal\u0131k etkisiz hale geliyor. Bal\u0131klarla \u00e7ok ha\u015f\u0131r ne\u015fir oldu\u011fum i\u00e7in neresinden tutmam gerekti\u011fini biliyorum. Bilmeyen arkada\u015flara tavsiye etmem, hi\u00e7 muhatap olmas\u0131nlar\u201d, \u201cK\u00fc\u00e7\u00fck bal\u0131klarla besleniyorlar\u201d Aral\u0131k, ocak aylar\u0131nda ya\u011fmurlardan sonra b\u00fcy\u00fck akarsular\u0131n a\u011fz\u0131ndan sersemlemi\u015f bal\u0131klar\u0131 toplamak i\u00e7in bu t\u00fcrlerin geldi\u011fini belirten Dursun, \u201cGenelde bu aylarda gece avlan\u0131yorlar. Ana men\u00fcs\u00fcnde deniz memelileri olmayan bal\u0131klar. K\u00fc\u00e7\u00fck bal\u0131klarla besleniyorlar. \u0130nsana sald\u0131rma &hellip;","og_url":"https:\/\/denizcankizil.tr\/en\/haberler\/antalya\/tuttugu-kopek-baligini-denize-birakti\/","og_site_name":"Av. Deniz Can K\u0131z\u0131l","article_published_time":"2024-12-10T11:41:15+00:00","og_image":[{"width":1280,"height":720,"url":"https:\/\/denizcankizil.tr\/wp-content\/uploads\/2024\/12\/3518-01-UPcoKz.jpeg","type":"image\/jpeg"}],"twitter_card":"summary_large_image","twitter_misc":{"Estimated reading time":"2 minutes"},"schema":{"@context":"https:\/\/schema.org","@graph":[{"@type":"Article","@id":"https:\/\/denizcankizil.tr\/en\/haberler\/antalya\/tuttugu-kopek-baligini-denize-birakti\/#article","isPartOf":{"@id":"https:\/\/denizcankizil.tr\/en\/haberler\/antalya\/tuttugu-kopek-baligini-denize-birakti\/"},"author":{"name":"","@id":""},"headline":"Tuttu\u011fu k\u00f6pek bal\u0131\u011f\u0131n\u0131 denize b\u0131rakt\u0131","datePublished":"2024-12-10T11:41:15+00:00","mainEntityOfPage":{"@id":"https:\/\/denizcankizil.tr\/en\/haberler\/antalya\/tuttugu-kopek-baligini-denize-birakti\/"},"wordCount":354,"commentCount":0,"publisher":{"@id":"https:\/\/denizcankizil.tr\/#organization"},"image":{"@id":"https:\/\/denizcankizil.tr\/en\/haberler\/antalya\/tuttugu-kopek-baligini-denize-birakti\/#primaryimage"},"thumbnailUrl":"https:\/\/denizcankizil.tr\/wp-content\/uploads\/2024\/12\/3518-01-UPcoKz.jpeg","articleSection":["Antalya","Uncategorized"],"inLanguage":"en-GB","potentialAction":[{"@type":"CommentAction","name":"Comment","target":["https:\/\/denizcankizil.tr\/en\/haberler\/antalya\/tuttugu-kopek-baligini-denize-birakti\/#respond"]}]},{"@type":"WebPage","@id":"https:\/\/denizcankizil.tr\/en\/haberler\/antalya\/tuttugu-kopek-baligini-denize-birakti\/","url":"https:\/\/denizcankizil.tr\/en\/haberler\/antalya\/tuttugu-kopek-baligini-denize-birakti\/","name":"Tuttu\u011fu k\u00f6pek bal\u0131\u011f\u0131n\u0131 denize b\u0131rakt\u0131 - Av. Deniz Can K\u0131z\u0131l","isPartOf":{"@id":"https:\/\/denizcankizil.tr\/#website"},"primaryImageOfPage":{"@id":"https:\/\/denizcankizil.tr\/en\/haberler\/antalya\/tuttugu-kopek-baligini-denize-birakti\/#primaryimage"},"image":{"@id":"https:\/\/denizcankizil.tr\/en\/haberler\/antalya\/tuttugu-kopek-baligini-denize-birakti\/#primaryimage"},"thumbnailUrl":"https:\/\/denizcankizil.tr\/wp-content\/uploads\/2024\/12\/3518-01-UPcoKz.jpeg","datePublished":"2024-12-10T11:41:15+00:00","breadcrumb":{"@id":"https:\/\/denizcankizil.tr\/en\/haberler\/antalya\/tuttugu-kopek-baligini-denize-birakti\/#breadcrumb"},"inLanguage":"en-GB","potentialAction":[{"@type":"ReadAction","target":["https:\/\/denizcankizil.tr\/en\/haberler\/antalya\/tuttugu-kopek-baligini-denize-birakti\/"]}]},{"@type":"ImageObject","inLanguage":"en-GB","@id":"https:\/\/denizcankizil.tr\/en\/haberler\/antalya\/tuttugu-kopek-baligini-denize-birakti\/#primaryimage","url":"https:\/\/denizcankizil.tr\/wp-content\/uploads\/2024\/12\/3518-01-UPcoKz.jpeg","contentUrl":"https:\/\/denizcankizil.tr\/wp-content\/uploads\/2024\/12\/3518-01-UPcoKz.jpeg","width":1280,"height":720},{"@type":"BreadcrumbList","@id":"https:\/\/denizcankizil.tr\/en\/haberler\/antalya\/tuttugu-kopek-baligini-denize-birakti\/#breadcrumb","itemListElement":[{"@type":"ListItem","position":1,"name":"Home","item":"https:\/\/denizcankizil.tr\/de\/"},{"@type":"ListItem","position":2,"name":"Tuttu\u011fu k\u00f6pek bal\u0131\u011f\u0131n\u0131 denize b\u0131rakt\u0131"}]},{"@type":"WebSite","@id":"https:\/\/denizcankizil.tr\/#website","url":"https:\/\/denizcankizil.tr\/","name":"Av. Deniz Can K\u0131z\u0131l","description":"Avukat Deniz Can K\u0131z\u0131l Antalya Barosu","publisher":{"@id":"https:\/\/denizcankizil.tr\/#organization"},"potentialAction":[{"@type":"SearchAction","target":{"@type":"EntryPoint","urlTemplate":"https:\/\/denizcankizil.tr\/?s={search_term_string}"},"query-input":{"@type":"PropertyValueSpecification","valueRequired":true,"valueName":"search_term_string"}}],"inLanguage":"en-GB"},{"@type":"Organization","@id":"https:\/\/denizcankizil.tr\/#organization","name":"Av. Deniz Can K\u0131z\u0131l","url":"https:\/\/denizcankizil.tr\/","logo":{"@type":"ImageObject","inLanguage":"en-GB","@id":"https:\/\/denizcankizil.tr\/#\/schema\/logo\/image\/","url":"https:\/\/denizcankizil.tr\/wp-content\/uploads\/2024\/10\/siyah-logo-svg.svg","contentUrl":"https:\/\/denizcankizil.tr\/wp-content\/uploads\/2024\/10\/siyah-logo-svg.svg","width":1080,"height":1080,"caption":"Av. Deniz Can K\u0131z\u0131l"},"image":{"@id":"https:\/\/denizcankizil.tr\/#\/schema\/logo\/image\/"}}]}},"_links":{"self":[{"href":"https:\/\/denizcankizil.tr\/en\/wp-json\/wp\/v2\/posts\/20100","targetHints":{"allow":["GET"]}}],"collection":[{"href":"https:\/\/denizcankizil.tr\/en\/wp-json\/wp\/v2\/posts"}],"about":[{"href":"https:\/\/denizcankizil.tr\/en\/wp-json\/wp\/v2\/types\/post"}],"replies":[{"embeddable":true,"href":"https:\/\/denizcankizil.tr\/en\/wp-json\/wp\/v2\/comments?post=20100"}],"version-history":[{"count":0,"href":"https:\/\/denizcankizil.tr\/en\/wp-json\/wp\/v2\/posts\/20100\/revisions"}],"wp:featuredmedia":[{"embeddable":true,"href":"https:\/\/denizcankizil.tr\/en\/wp-json\/wp\/v2\/media\/20101"}],"wp:attachment":[{"href":"https:\/\/denizcankizil.tr\/en\/wp-json\/wp\/v2\/media?parent=20100"}],"wp:term":[{"taxonomy":"category","embeddable":true,"href":"https:\/\/denizcankizil.tr\/en\/wp-json\/wp\/v2\/categories?post=20100"},{"taxonomy":"post_tag","embeddable":true,"href":"https:\/\/denizcankizil.tr\/en\/wp-json\/wp\/v2\/tags?post=20100"}],"curies":[{"name":"wp","href":"https:\/\/api.w.org\/{rel}","templated":true}]}}