{"id":19628,"date":"2024-12-07T10:41:30","date_gmt":"2024-12-07T07:41:30","guid":{"rendered":"https:\/\/denizcankizil.tr\/uncategorized-tr\/rektor-ozkan-o-dergiye-destek-verdi\/"},"modified":"2024-12-07T10:41:30","modified_gmt":"2024-12-07T07:41:30","slug":"rektor-ozkan-o-dergiye-destek-verdi","status":"publish","type":"post","link":"https:\/\/denizcankizil.tr\/en\/haberler\/gundem\/rektor-ozkan-o-dergiye-destek-verdi\/","title":{"rendered":"Rekt\u00f6r \u00d6zkan, o dergiye destek verdi"},"content":{"rendered":"<p>Akdeniz \u00dcniversitesi Co\u011frafi \u0130\u015faretler Uygulama ve Ara\u015ft\u0131rma Merkezi (AciMER) i\u015f birli\u011fiyle d\u00fczenlenen Gourmand Awards yar\u0131\u015fmas\u0131nda &#8216;D\u00fcnyan\u0131n En \u0130yi 2. Dergisi&#8217; se\u00e7ilen Y\u00dcciDER-G\u0130&#8217;nin 4&#8217;\u00fcnc\u00fc say\u0131 lansman\u0131, Akdeniz \u00dcniversitesi \u0130ktisadi ve \u0130dari Bilimler Fak\u00fcltesi Prof. Dr. Yavuz Tekelio\u011flu Konferans Salonu&#8217;nda yap\u0131ld\u0131. Akdeniz \u00dcniversitesi Rekt\u00f6r\u00fc Prof. Dr. \u00d6zlenen \u00d6zkan, Y\u00dcciTA Ba\u015fkan\u0131 Prof. Dr. Yavuz Tekelio\u011flu, Y\u00dcciTA \u00fcyeleri ve okuyucular\u0131n kat\u0131ld\u0131\u011f\u0131 lansmanda, &#8216;Gelecek Co\u011frafi \u0130\u015faretlerle Gelecek&#8217; temas\u0131yla yay\u0131mlanan derginin yeni say\u0131s\u0131 tan\u0131t\u0131m\u0131n\u0131n yan\u0131 s\u0131ra Antalya&#8217;n\u0131n co\u011frafi i\u015faretli \u00fcr\u00fcnlerinin tad\u0131m stantlar\u0131 yer ald\u0131.<\/p>\n<p>ANTALYA&#8217;NIN CO\u011eRAF\u0130 \u0130\u015eARETL\u0130 \u00dcR\u00dcNLER\u0130<\/p>\n<p>Antalya&#8217;n\u0131n co\u011frafi i\u015faret tescili alm\u0131\u015f \u00fcr\u00fcnleri Finike portakal\u0131, Antalya piyaz\u0131, Alanya yenid\u00fcnyas\u0131, Antalya kabak tatl\u0131s\u0131, Alanya muzu, Antalya pa\u00e7a \u00e7orbas\u0131 \u00fcr\u00fcnleri tad\u0131m stantlar\u0131n\u0131n yer ald\u0131\u011f\u0131 lansmanda kat\u0131l\u0131mc\u0131lar co\u011frafi i\u015faretli \u00fcr\u00fcnler hakk\u0131nda detayl\u0131 bilgi ald\u0131. D\u00f6rd\u00fcnc\u00fc say\u0131n\u0131n 572 sayfa 13 ana ba\u015fl\u0131kta 32 yazar\u0131n dergiye katk\u0131 belirtilirken Y\u00dcciTA Ba\u015fkan\u0131 Prof. Dr. Yavuz Tekelio\u011flu, \u201cUnutmay\u0131n gelecek co\u011frafi i\u015faretli \u00fcr\u00fcnlerle gelecek&#8221; s\u00f6zlerine yer verdi.<\/p>\n<p>&#8216;CO\u011eRAF\u0130 \u00dcR\u00dcNLER\u0130N DESTEKLENMES\u0130 GEREK\u0130YOR&#8217;<\/p>\n<p>Co\u011frafi \u00fcr\u00fcnlerin desteklenmesi gerekti\u011finin alt\u0131n\u0131 \u00e7izen Y\u00dcciTA Ba\u015fkan\u0131 Prof. Dr. Yavuz Tekelio\u011flu, \u201cCo\u011frafi i\u015faretler potansiyeli bak\u0131m\u0131ndan d\u00fcnyada ba\u015fka bir \u00fclke yok. Co\u011frafi i\u015faretli \u00fcr\u00fcnlerin desteklenmesi gerekiyor. Gaziantep co\u011frafi i\u015faretler konusunda birinci s\u0131rada yer al\u0131yor. \u0130stanbul ise son s\u0131rada yer al\u0131yor. Oysa \u0130stanbul&#8217;da bir saray mutfa\u011f\u0131 var. Co\u011frafi i\u015faretlerin y\u00fcr\u00fcyebilmesi i\u00e7in y\u00f6neticilere \u00e7ok \u00f6nemli roller d\u00fc\u015f\u00fcyor&#8221; dedi. Bu deste\u011fi \u00e7ok fazla bulamad\u0131klar\u0131n\u0131 dile getiren Ba\u015fkan Tekelio\u011flu, \u201cBu bir miras ama son. Bundan sonra yapabilece\u011fimiz bir \u015fey yok, bu say\u0131 ile veda ediyoruz&#8221; ifadesine yer verdi.<\/p>\n<p>REKT\u00d6R \u00d6ZKAN&#8217;DAN 5&#8217;\u0130NC\u0130 SAYI \u0130\u00c7\u0130N DESTEK<\/p>\n<p>Lansman kapsam\u0131nda konu\u015fma yapan Akdeniz \u00dcniversitesi Rekt\u00f6r\u00fc Prof. Dr. \u00d6zlenen \u00d6zkan, \u201cBen bu derginin b\u00fcy\u00fck bir emek oldu\u011funu biliyorum. Eme\u011fin ne oldu\u011funu o kadar iyi bilen bir insan\u0131m. Bir \u015feyi ne kadar tutkuyla yaparsan\u0131z ona hayat\u0131n\u0131z\u0131 vermeniz gerekiyor. O tutkunun \u00e7ok g\u00fc\u00e7l\u00fc olmas\u0131 i\u00e7in fedak\u00e2rl\u0131k yapman\u0131z laz\u0131m; \u00e7ocu\u011funuzdan, torununuzdan, hayat\u0131n\u0131zdan&#8230; O y\u00fczden sizlere burada s\u00f6z veriyorum, seneye bu zamanlar derginin 5&#8217;inci say\u0131s\u0131 i\u00e7in tekrar bir araya gelece\u011fiz. Derginin \u00e7\u0131kmaya devam etmesi i\u00e7in gerekli deste\u011fi verece\u011fim&#8221; a\u00e7\u0131klamas\u0131nda bulundu.<\/p>\n<p>\u200bAntalya&#8217;da Y\u00f6resel \u00dcr\u00fcnler ve Co\u011frafi \u0130\u015faretler T\u00fcrkiye Ara\u015ft\u0131rma A\u011f\u0131 (Y\u00dcciTA) taraf\u0131ndan yay\u0131mlanan ve Gourmand Awards&#8217;da &#8216;D\u00fcnyan\u0131n En \u0130yi 2. Dergisi&#8217; se\u00e7ilen Y\u00dcciDER-G\u0130&#8217;nin 4&#8217;\u00fcnc\u00fc say\u0131 lansman\u0131 yap\u0131ld\u0131. Y\u00dcciTA Ba\u015fkan\u0131 Prof. Dr. Yavuz Tekelio\u011flu&#8217;nun son say\u0131 oldu\u011funu belirtmesi \u00fczerine, Akdeniz \u00dcniversitesi Rekt\u00f6r\u00fc Prof. Dr. \u00d6zlenen \u00d6zkan, derginin devam etmesi i\u00e7in destek verece\u011fini a\u00e7\u0131klad\u0131.\u00a0<\/p>\n<p>\u200bHaberin Al\u0131nt\u0131land\u0131\u011f\u0131 Kaynak: www.antalyakorfez.com<\/p>","protected":false},"excerpt":{"rendered":"<p>Akdeniz \u00dcniversitesi Co\u011frafi \u0130\u015faretler Uygulama ve Ara\u015ft\u0131rma Merkezi (AciMER) i\u015f birli\u011fiyle d\u00fczenlenen Gourmand Awards yar\u0131\u015fmas\u0131nda &#8216;D\u00fcnyan\u0131n En \u0130yi 2. Dergisi&#8217; se\u00e7ilen Y\u00dcciDER-G\u0130&#8217;nin 4&#8217;\u00fcnc\u00fc say\u0131 lansman\u0131, Akdeniz \u00dcniversitesi \u0130ktisadi ve \u0130dari Bilimler Fak\u00fcltesi Prof. Dr. Yavuz Tekelio\u011flu Konferans Salonu&#8217;nda yap\u0131ld\u0131. Akdeniz \u00dcniversitesi Rekt\u00f6r\u00fc Prof. Dr. \u00d6zlenen \u00d6zkan, Y\u00dcciTA Ba\u015fkan\u0131 Prof. Dr. Yavuz Tekelio\u011flu, Y\u00dcciTA \u00fcyeleri ve okuyucular\u0131n kat\u0131ld\u0131\u011f\u0131 lansmanda, &#8216;Gelecek Co\u011frafi \u0130\u015faretlerle Gelecek&#8217; temas\u0131yla yay\u0131mlanan derginin yeni say\u0131s\u0131 tan\u0131t\u0131m\u0131n\u0131n yan\u0131 s\u0131ra Antalya&#8217;n\u0131n co\u011frafi i\u015faretli \u00fcr\u00fcnlerinin tad\u0131m stantlar\u0131 yer ald\u0131. ANTALYA&#8217;NIN CO\u011eRAF\u0130 \u0130\u015eARETL\u0130 \u00dcR\u00dcNLER\u0130 Antalya&#8217;n\u0131n co\u011frafi i\u015faret tescili alm\u0131\u015f \u00fcr\u00fcnleri Finike portakal\u0131, Antalya piyaz\u0131, Alanya yenid\u00fcnyas\u0131, Antalya kabak tatl\u0131s\u0131, Alanya muzu, Antalya pa\u00e7a \u00e7orbas\u0131 \u00fcr\u00fcnleri tad\u0131m stantlar\u0131n\u0131n yer ald\u0131\u011f\u0131 lansmanda kat\u0131l\u0131mc\u0131lar co\u011frafi i\u015faretli \u00fcr\u00fcnler hakk\u0131nda detayl\u0131 bilgi ald\u0131. D\u00f6rd\u00fcnc\u00fc say\u0131n\u0131n 572 sayfa 13 ana ba\u015fl\u0131kta 32 yazar\u0131n dergiye katk\u0131 belirtilirken Y\u00dcciTA Ba\u015fkan\u0131 Prof. Dr. Yavuz Tekelio\u011flu, \u201cUnutmay\u0131n gelecek co\u011frafi i\u015faretli \u00fcr\u00fcnlerle gelecek&#8221; s\u00f6zlerine yer verdi. &#8216;CO\u011eRAF\u0130 \u00dcR\u00dcNLER\u0130N DESTEKLENMES\u0130 GEREK\u0130YOR&#8217; Co\u011frafi \u00fcr\u00fcnlerin desteklenmesi gerekti\u011finin alt\u0131n\u0131 \u00e7izen Y\u00dcciTA Ba\u015fkan\u0131 Prof. Dr. Yavuz Tekelio\u011flu, \u201cCo\u011frafi i\u015faretler potansiyeli bak\u0131m\u0131ndan d\u00fcnyada ba\u015fka bir \u00fclke yok. Co\u011frafi i\u015faretli \u00fcr\u00fcnlerin desteklenmesi gerekiyor. Gaziantep co\u011frafi i\u015faretler konusunda birinci s\u0131rada yer al\u0131yor. \u0130stanbul ise son s\u0131rada yer al\u0131yor. Oysa \u0130stanbul&#8217;da bir saray mutfa\u011f\u0131 var. Co\u011frafi i\u015faretlerin y\u00fcr\u00fcyebilmesi i\u00e7in y\u00f6neticilere \u00e7ok \u00f6nemli &hellip;<\/p>","protected":false},"author":0,"featured_media":0,"comment_status":"open","ping_status":"open","sticky":false,"template":"","format":"standard","meta":{"_acf_changed":false,"footnotes":""},"categories":[24,535],"tags":[],"class_list":["post-19628","post","type-post","status-publish","format-standard","has-post-thumbnail","hentry","category-gundem","category-uncategorized-tr"],"acf":[],"yoast_head":"<!-- This site is optimized with the Yoast SEO Premium plugin v26.6 (Yoast SEO v27.1.1) - https:\/\/yoast.com\/product\/yoast-seo-premium-wordpress\/ -->\n<title>Rekt\u00f6r \u00d6zkan, o dergiye destek verdi - Av. Deniz Can K\u0131z\u0131l<\/title>\n<meta name=\"robots\" content=\"index, follow, max-snippet:-1, max-image-preview:large, max-video-preview:-1\" \/>\n<link rel=\"canonical\" href=\"https:\/\/denizcankizil.tr\/en\/haberler\/gundem\/rektor-ozkan-o-dergiye-destek-verdi\/\" \/>\n<meta property=\"og:locale\" content=\"en_GB\" \/>\n<meta property=\"og:type\" content=\"article\" \/>\n<meta property=\"og:title\" content=\"Rekt\u00f6r \u00d6zkan, o dergiye destek verdi\" \/>\n<meta property=\"og:description\" content=\"Akdeniz \u00dcniversitesi Co\u011frafi \u0130\u015faretler Uygulama ve Ara\u015ft\u0131rma Merkezi (AciMER) i\u015f birli\u011fiyle d\u00fczenlenen Gourmand Awards yar\u0131\u015fmas\u0131nda &#8216;D\u00fcnyan\u0131n En \u0130yi 2. Dergisi&#8217; se\u00e7ilen Y\u00dcciDER-G\u0130&#8217;nin 4&#8217;\u00fcnc\u00fc say\u0131 lansman\u0131, Akdeniz \u00dcniversitesi \u0130ktisadi ve \u0130dari Bilimler Fak\u00fcltesi Prof. Dr. Yavuz Tekelio\u011flu Konferans Salonu&#8217;nda yap\u0131ld\u0131. Akdeniz \u00dcniversitesi Rekt\u00f6r\u00fc Prof. Dr. \u00d6zlenen \u00d6zkan, Y\u00dcciTA Ba\u015fkan\u0131 Prof. Dr. Yavuz Tekelio\u011flu, Y\u00dcciTA \u00fcyeleri ve okuyucular\u0131n kat\u0131ld\u0131\u011f\u0131 lansmanda, &#8216;Gelecek Co\u011frafi \u0130\u015faretlerle Gelecek&#8217; temas\u0131yla yay\u0131mlanan derginin yeni say\u0131s\u0131 tan\u0131t\u0131m\u0131n\u0131n yan\u0131 s\u0131ra Antalya&#8217;n\u0131n co\u011frafi i\u015faretli \u00fcr\u00fcnlerinin tad\u0131m stantlar\u0131 yer ald\u0131. ANTALYA&#8217;NIN CO\u011eRAF\u0130 \u0130\u015eARETL\u0130 \u00dcR\u00dcNLER\u0130 Antalya&#8217;n\u0131n co\u011frafi i\u015faret tescili alm\u0131\u015f \u00fcr\u00fcnleri Finike portakal\u0131, Antalya piyaz\u0131, Alanya yenid\u00fcnyas\u0131, Antalya kabak tatl\u0131s\u0131, Alanya muzu, Antalya pa\u00e7a \u00e7orbas\u0131 \u00fcr\u00fcnleri tad\u0131m stantlar\u0131n\u0131n yer ald\u0131\u011f\u0131 lansmanda kat\u0131l\u0131mc\u0131lar co\u011frafi i\u015faretli \u00fcr\u00fcnler hakk\u0131nda detayl\u0131 bilgi ald\u0131. D\u00f6rd\u00fcnc\u00fc say\u0131n\u0131n 572 sayfa 13 ana ba\u015fl\u0131kta 32 yazar\u0131n dergiye katk\u0131 belirtilirken Y\u00dcciTA Ba\u015fkan\u0131 Prof. Dr. Yavuz Tekelio\u011flu, \u201cUnutmay\u0131n gelecek co\u011frafi i\u015faretli \u00fcr\u00fcnlerle gelecek&#8221; s\u00f6zlerine yer verdi. &#8216;CO\u011eRAF\u0130 \u00dcR\u00dcNLER\u0130N DESTEKLENMES\u0130 GEREK\u0130YOR&#8217; Co\u011frafi \u00fcr\u00fcnlerin desteklenmesi gerekti\u011finin alt\u0131n\u0131 \u00e7izen Y\u00dcciTA Ba\u015fkan\u0131 Prof. Dr. Yavuz Tekelio\u011flu, \u201cCo\u011frafi i\u015faretler potansiyeli bak\u0131m\u0131ndan d\u00fcnyada ba\u015fka bir \u00fclke yok. Co\u011frafi i\u015faretli \u00fcr\u00fcnlerin desteklenmesi gerekiyor. Gaziantep co\u011frafi i\u015faretler konusunda birinci s\u0131rada yer al\u0131yor. \u0130stanbul ise son s\u0131rada yer al\u0131yor. Oysa \u0130stanbul&#8217;da bir saray mutfa\u011f\u0131 var. Co\u011frafi i\u015faretlerin y\u00fcr\u00fcyebilmesi i\u00e7in y\u00f6neticilere \u00e7ok \u00f6nemli &hellip;\" \/>\n<meta property=\"og:url\" content=\"https:\/\/denizcankizil.tr\/en\/haberler\/gundem\/rektor-ozkan-o-dergiye-destek-verdi\/\" \/>\n<meta property=\"og:site_name\" content=\"Av. Deniz Can K\u0131z\u0131l\" \/>\n<meta property=\"article:published_time\" content=\"2024-12-07T07:41:30+00:00\" \/>\n<meta name=\"twitter:card\" content=\"summary_large_image\" \/>\n<meta name=\"twitter:label1\" content=\"Estimated reading time\" \/>\n\t<meta name=\"twitter:data1\" content=\"3 minutes\" \/>\n<script type=\"application\/ld+json\" class=\"yoast-schema-graph\">{\"@context\":\"https:\/\/schema.org\",\"@graph\":[{\"@type\":\"Article\",\"@id\":\"https:\/\/denizcankizil.tr\/ru\/haberler\/gundem\/rektor-ozkan-o-dergiye-destek-verdi\/#article\",\"isPartOf\":{\"@id\":\"https:\/\/denizcankizil.tr\/ru\/haberler\/gundem\/rektor-ozkan-o-dergiye-destek-verdi\/\"},\"author\":{\"name\":\"\",\"@id\":\"\"},\"headline\":\"Rekt\u00f6r \u00d6zkan, o dergiye destek verdi\",\"datePublished\":\"2024-12-07T07:41:30+00:00\",\"mainEntityOfPage\":{\"@id\":\"https:\/\/denizcankizil.tr\/ru\/haberler\/gundem\/rektor-ozkan-o-dergiye-destek-verdi\/\"},\"wordCount\":549,\"commentCount\":0,\"publisher\":{\"@id\":\"https:\/\/denizcankizil.tr\/de\/#organization\"},\"articleSection\":[\"G\u00fcndem\",\"Uncategorized\"],\"inLanguage\":\"en-GB\",\"potentialAction\":[{\"@type\":\"CommentAction\",\"name\":\"Comment\",\"target\":[\"https:\/\/denizcankizil.tr\/ru\/haberler\/gundem\/rektor-ozkan-o-dergiye-destek-verdi\/#respond\"]}]},{\"@type\":\"WebPage\",\"@id\":\"https:\/\/denizcankizil.tr\/ru\/haberler\/gundem\/rektor-ozkan-o-dergiye-destek-verdi\/\",\"url\":\"https:\/\/denizcankizil.tr\/ru\/haberler\/gundem\/rektor-ozkan-o-dergiye-destek-verdi\/\",\"name\":\"Rekt\u00f6r \u00d6zkan, o dergiye destek verdi - Av. Deniz Can K\u0131z\u0131l\",\"isPartOf\":{\"@id\":\"https:\/\/denizcankizil.tr\/de\/#website\"},\"datePublished\":\"2024-12-07T07:41:30+00:00\",\"breadcrumb\":{\"@id\":\"https:\/\/denizcankizil.tr\/ru\/haberler\/gundem\/rektor-ozkan-o-dergiye-destek-verdi\/#breadcrumb\"},\"inLanguage\":\"en-GB\",\"potentialAction\":[{\"@type\":\"ReadAction\",\"target\":[\"https:\/\/denizcankizil.tr\/ru\/haberler\/gundem\/rektor-ozkan-o-dergiye-destek-verdi\/\"]}]},{\"@type\":\"BreadcrumbList\",\"@id\":\"https:\/\/denizcankizil.tr\/ru\/haberler\/gundem\/rektor-ozkan-o-dergiye-destek-verdi\/#breadcrumb\",\"itemListElement\":[{\"@type\":\"ListItem\",\"position\":1,\"name\":\"Home\",\"item\":\"https:\/\/denizcankizil.tr\/de\/\"},{\"@type\":\"ListItem\",\"position\":2,\"name\":\"Rekt\u00f6r \u00d6zkan, o dergiye destek verdi\"}]},{\"@type\":\"WebSite\",\"@id\":\"https:\/\/denizcankizil.tr\/de\/#website\",\"url\":\"https:\/\/denizcankizil.tr\/de\/\",\"name\":\"Av. Deniz Can K\u0131z\u0131l\",\"description\":\"Avukat Deniz Can K\u0131z\u0131l Antalya Barosu\",\"publisher\":{\"@id\":\"https:\/\/denizcankizil.tr\/de\/#organization\"},\"potentialAction\":[{\"@type\":\"SearchAction\",\"target\":{\"@type\":\"EntryPoint\",\"urlTemplate\":\"https:\/\/denizcankizil.tr\/de\/?s={search_term_string}\"},\"query-input\":{\"@type\":\"PropertyValueSpecification\",\"valueRequired\":true,\"valueName\":\"search_term_string\"}}],\"inLanguage\":\"en-GB\"},{\"@type\":\"Organization\",\"@id\":\"https:\/\/denizcankizil.tr\/de\/#organization\",\"name\":\"Av. Deniz Can K\u0131z\u0131l\",\"url\":\"https:\/\/denizcankizil.tr\/de\/\",\"logo\":{\"@type\":\"ImageObject\",\"inLanguage\":\"en-GB\",\"@id\":\"https:\/\/denizcankizil.tr\/de\/#\/schema\/logo\/image\/\",\"url\":\"https:\/\/denizcankizil.tr\/wp-content\/uploads\/2024\/10\/siyah-logo-svg.svg\",\"contentUrl\":\"https:\/\/denizcankizil.tr\/wp-content\/uploads\/2024\/10\/siyah-logo-svg.svg\",\"width\":1080,\"height\":1080,\"caption\":\"Av. Deniz Can K\u0131z\u0131l\"},\"image\":{\"@id\":\"https:\/\/denizcankizil.tr\/de\/#\/schema\/logo\/image\/\"}}]}<\/script>\n<!-- \/ Yoast SEO Premium plugin. -->","yoast_head_json":{"title":"Rekt\u00f6r \u00d6zkan, o dergiye destek verdi - Av. Deniz Can K\u0131z\u0131l","robots":{"index":"index","follow":"follow","max-snippet":"max-snippet:-1","max-image-preview":"max-image-preview:large","max-video-preview":"max-video-preview:-1"},"canonical":"https:\/\/denizcankizil.tr\/en\/haberler\/gundem\/rektor-ozkan-o-dergiye-destek-verdi\/","og_locale":"en_GB","og_type":"article","og_title":"Rekt\u00f6r \u00d6zkan, o dergiye destek verdi","og_description":"Akdeniz \u00dcniversitesi Co\u011frafi \u0130\u015faretler Uygulama ve Ara\u015ft\u0131rma Merkezi (AciMER) i\u015f birli\u011fiyle d\u00fczenlenen Gourmand Awards yar\u0131\u015fmas\u0131nda &#8216;D\u00fcnyan\u0131n En \u0130yi 2. Dergisi&#8217; se\u00e7ilen Y\u00dcciDER-G\u0130&#8217;nin 4&#8217;\u00fcnc\u00fc say\u0131 lansman\u0131, Akdeniz \u00dcniversitesi \u0130ktisadi ve \u0130dari Bilimler Fak\u00fcltesi Prof. Dr. Yavuz Tekelio\u011flu Konferans Salonu&#8217;nda yap\u0131ld\u0131. Akdeniz \u00dcniversitesi Rekt\u00f6r\u00fc Prof. Dr. \u00d6zlenen \u00d6zkan, Y\u00dcciTA Ba\u015fkan\u0131 Prof. Dr. Yavuz Tekelio\u011flu, Y\u00dcciTA \u00fcyeleri ve okuyucular\u0131n kat\u0131ld\u0131\u011f\u0131 lansmanda, &#8216;Gelecek Co\u011frafi \u0130\u015faretlerle Gelecek&#8217; temas\u0131yla yay\u0131mlanan derginin yeni say\u0131s\u0131 tan\u0131t\u0131m\u0131n\u0131n yan\u0131 s\u0131ra Antalya&#8217;n\u0131n co\u011frafi i\u015faretli \u00fcr\u00fcnlerinin tad\u0131m stantlar\u0131 yer ald\u0131. ANTALYA&#8217;NIN CO\u011eRAF\u0130 \u0130\u015eARETL\u0130 \u00dcR\u00dcNLER\u0130 Antalya&#8217;n\u0131n co\u011frafi i\u015faret tescili alm\u0131\u015f \u00fcr\u00fcnleri Finike portakal\u0131, Antalya piyaz\u0131, Alanya yenid\u00fcnyas\u0131, Antalya kabak tatl\u0131s\u0131, Alanya muzu, Antalya pa\u00e7a \u00e7orbas\u0131 \u00fcr\u00fcnleri tad\u0131m stantlar\u0131n\u0131n yer ald\u0131\u011f\u0131 lansmanda kat\u0131l\u0131mc\u0131lar co\u011frafi i\u015faretli \u00fcr\u00fcnler hakk\u0131nda detayl\u0131 bilgi ald\u0131. D\u00f6rd\u00fcnc\u00fc say\u0131n\u0131n 572 sayfa 13 ana ba\u015fl\u0131kta 32 yazar\u0131n dergiye katk\u0131 belirtilirken Y\u00dcciTA Ba\u015fkan\u0131 Prof. Dr. Yavuz Tekelio\u011flu, \u201cUnutmay\u0131n gelecek co\u011frafi i\u015faretli \u00fcr\u00fcnlerle gelecek&#8221; s\u00f6zlerine yer verdi. &#8216;CO\u011eRAF\u0130 \u00dcR\u00dcNLER\u0130N DESTEKLENMES\u0130 GEREK\u0130YOR&#8217; Co\u011frafi \u00fcr\u00fcnlerin desteklenmesi gerekti\u011finin alt\u0131n\u0131 \u00e7izen Y\u00dcciTA Ba\u015fkan\u0131 Prof. Dr. Yavuz Tekelio\u011flu, \u201cCo\u011frafi i\u015faretler potansiyeli bak\u0131m\u0131ndan d\u00fcnyada ba\u015fka bir \u00fclke yok. Co\u011frafi i\u015faretli \u00fcr\u00fcnlerin desteklenmesi gerekiyor. Gaziantep co\u011frafi i\u015faretler konusunda birinci s\u0131rada yer al\u0131yor. \u0130stanbul ise son s\u0131rada yer al\u0131yor. Oysa \u0130stanbul&#8217;da bir saray mutfa\u011f\u0131 var. Co\u011frafi i\u015faretlerin y\u00fcr\u00fcyebilmesi i\u00e7in y\u00f6neticilere \u00e7ok \u00f6nemli &hellip;","og_url":"https:\/\/denizcankizil.tr\/en\/haberler\/gundem\/rektor-ozkan-o-dergiye-destek-verdi\/","og_site_name":"Av. Deniz Can K\u0131z\u0131l","article_published_time":"2024-12-07T07:41:30+00:00","twitter_card":"summary_large_image","twitter_misc":{"Estimated reading time":"3 minutes"},"schema":{"@context":"https:\/\/schema.org","@graph":[{"@type":"Article","@id":"https:\/\/denizcankizil.tr\/ru\/haberler\/gundem\/rektor-ozkan-o-dergiye-destek-verdi\/#article","isPartOf":{"@id":"https:\/\/denizcankizil.tr\/ru\/haberler\/gundem\/rektor-ozkan-o-dergiye-destek-verdi\/"},"author":{"name":"","@id":""},"headline":"Rekt\u00f6r \u00d6zkan, o dergiye destek verdi","datePublished":"2024-12-07T07:41:30+00:00","mainEntityOfPage":{"@id":"https:\/\/denizcankizil.tr\/ru\/haberler\/gundem\/rektor-ozkan-o-dergiye-destek-verdi\/"},"wordCount":549,"commentCount":0,"publisher":{"@id":"https:\/\/denizcankizil.tr\/de\/#organization"},"articleSection":["G\u00fcndem","Uncategorized"],"inLanguage":"en-GB","potentialAction":[{"@type":"CommentAction","name":"Comment","target":["https:\/\/denizcankizil.tr\/ru\/haberler\/gundem\/rektor-ozkan-o-dergiye-destek-verdi\/#respond"]}]},{"@type":"WebPage","@id":"https:\/\/denizcankizil.tr\/ru\/haberler\/gundem\/rektor-ozkan-o-dergiye-destek-verdi\/","url":"https:\/\/denizcankizil.tr\/ru\/haberler\/gundem\/rektor-ozkan-o-dergiye-destek-verdi\/","name":"Rekt\u00f6r \u00d6zkan, o dergiye destek verdi - Av. Deniz Can K\u0131z\u0131l","isPartOf":{"@id":"https:\/\/denizcankizil.tr\/de\/#website"},"datePublished":"2024-12-07T07:41:30+00:00","breadcrumb":{"@id":"https:\/\/denizcankizil.tr\/ru\/haberler\/gundem\/rektor-ozkan-o-dergiye-destek-verdi\/#breadcrumb"},"inLanguage":"en-GB","potentialAction":[{"@type":"ReadAction","target":["https:\/\/denizcankizil.tr\/ru\/haberler\/gundem\/rektor-ozkan-o-dergiye-destek-verdi\/"]}]},{"@type":"BreadcrumbList","@id":"https:\/\/denizcankizil.tr\/ru\/haberler\/gundem\/rektor-ozkan-o-dergiye-destek-verdi\/#breadcrumb","itemListElement":[{"@type":"ListItem","position":1,"name":"Home","item":"https:\/\/denizcankizil.tr\/de\/"},{"@type":"ListItem","position":2,"name":"Rekt\u00f6r \u00d6zkan, o dergiye destek verdi"}]},{"@type":"WebSite","@id":"https:\/\/denizcankizil.tr\/de\/#website","url":"https:\/\/denizcankizil.tr\/de\/","name":"Av. Deniz Can K\u0131z\u0131l","description":"Avukat Deniz Can K\u0131z\u0131l Antalya Barosu","publisher":{"@id":"https:\/\/denizcankizil.tr\/de\/#organization"},"potentialAction":[{"@type":"SearchAction","target":{"@type":"EntryPoint","urlTemplate":"https:\/\/denizcankizil.tr\/de\/?s={search_term_string}"},"query-input":{"@type":"PropertyValueSpecification","valueRequired":true,"valueName":"search_term_string"}}],"inLanguage":"en-GB"},{"@type":"Organization","@id":"https:\/\/denizcankizil.tr\/de\/#organization","name":"Av. Deniz Can K\u0131z\u0131l","url":"https:\/\/denizcankizil.tr\/de\/","logo":{"@type":"ImageObject","inLanguage":"en-GB","@id":"https:\/\/denizcankizil.tr\/de\/#\/schema\/logo\/image\/","url":"https:\/\/denizcankizil.tr\/wp-content\/uploads\/2024\/10\/siyah-logo-svg.svg","contentUrl":"https:\/\/denizcankizil.tr\/wp-content\/uploads\/2024\/10\/siyah-logo-svg.svg","width":1080,"height":1080,"caption":"Av. Deniz Can K\u0131z\u0131l"},"image":{"@id":"https:\/\/denizcankizil.tr\/de\/#\/schema\/logo\/image\/"}}]}},"_links":{"self":[{"href":"https:\/\/denizcankizil.tr\/en\/wp-json\/wp\/v2\/posts\/19628","targetHints":{"allow":["GET"]}}],"collection":[{"href":"https:\/\/denizcankizil.tr\/en\/wp-json\/wp\/v2\/posts"}],"about":[{"href":"https:\/\/denizcankizil.tr\/en\/wp-json\/wp\/v2\/types\/post"}],"replies":[{"embeddable":true,"href":"https:\/\/denizcankizil.tr\/en\/wp-json\/wp\/v2\/comments?post=19628"}],"version-history":[{"count":0,"href":"https:\/\/denizcankizil.tr\/en\/wp-json\/wp\/v2\/posts\/19628\/revisions"}],"wp:attachment":[{"href":"https:\/\/denizcankizil.tr\/en\/wp-json\/wp\/v2\/media?parent=19628"}],"wp:term":[{"taxonomy":"category","embeddable":true,"href":"https:\/\/denizcankizil.tr\/en\/wp-json\/wp\/v2\/categories?post=19628"},{"taxonomy":"post_tag","embeddable":true,"href":"https:\/\/denizcankizil.tr\/en\/wp-json\/wp\/v2\/tags?post=19628"}],"curies":[{"name":"wp","href":"https:\/\/api.w.org\/{rel}","templated":true}]}}