{"id":19537,"date":"2024-12-06T16:41:57","date_gmt":"2024-12-06T13:41:57","guid":{"rendered":"https:\/\/denizcankizil.tr\/uncategorized-tr\/bereket-sofrasi-mevlana-camiinde-kuruldu\/"},"modified":"2024-12-06T16:41:57","modified_gmt":"2024-12-06T13:41:57","slug":"bereket-sofrasi-mevlana-camiinde-kuruldu","status":"publish","type":"post","link":"https:\/\/denizcankizil.tr\/en\/haberler\/gundem\/bereket-sofrasi-mevlana-camiinde-kuruldu\/","title":{"rendered":"Bereket Sofras\u0131 Mevlana Camiinde Kuruldu"},"content":{"rendered":"<p>Bereket Sofras\u0131 bulu\u015fmalar\u0131 kapsam\u0131nda Mevlana Camisinde Osmaniye Mahallesi sakinleriyle bir araya gelen Belediye Ba\u015fkan\u0131 Alper Taban, altyap\u0131 \u00e7al\u0131\u015fmalar\u0131na ili\u015fkin bilgiler verdi.<\/p>\n<p>\u200bBereket Sofras\u0131 bulu\u015fmalar\u0131 kapsam\u0131nda Mevlana Camisinde Osmaniye Mahallesi sakinleriyle bir araya gelen Belediye Ba\u015fkan\u0131 Alper Taban, altyap\u0131 \u00e7al\u0131\u015fmalar\u0131na ili\u015fkin bilgiler verdi.\u00a0<\/p>\n<p>\u200bHaberin Al\u0131nt\u0131land\u0131\u011f\u0131 Kaynak: www.iskenderun.org<\/p>","protected":false},"excerpt":{"rendered":"<p>Bereket Sofras\u0131 bulu\u015fmalar\u0131 kapsam\u0131nda Mevlana Camisinde Osmaniye Mahallesi sakinleriyle bir araya gelen Belediye Ba\u015fkan\u0131 Alper Taban, altyap\u0131 \u00e7al\u0131\u015fmalar\u0131na ili\u015fkin bilgiler verdi. \u200bBereket Sofras\u0131 bulu\u015fmalar\u0131 kapsam\u0131nda Mevlana Camisinde Osmaniye Mahallesi sakinleriyle bir araya gelen Belediye Ba\u015fkan\u0131 Alper Taban, altyap\u0131 \u00e7al\u0131\u015fmalar\u0131na ili\u015fkin bilgiler verdi.\u00a0 \u200bHaberin Al\u0131nt\u0131land\u0131\u011f\u0131 Kaynak: www.iskenderun.org<\/p>","protected":false},"author":0,"featured_media":0,"comment_status":"open","ping_status":"open","sticky":false,"template":"","format":"standard","meta":{"_acf_changed":false,"footnotes":""},"categories":[24,535],"tags":[],"class_list":["post-19537","post","type-post","status-publish","format-standard","has-post-thumbnail","hentry","category-gundem","category-uncategorized-tr"],"acf":[],"yoast_head":"<!-- This site is optimized with the Yoast SEO Premium plugin v26.6 (Yoast SEO v27.1.1) - https:\/\/yoast.com\/product\/yoast-seo-premium-wordpress\/ -->\n<title>Bereket Sofras\u0131 Mevlana Camiinde Kuruldu - Av. Deniz Can K\u0131z\u0131l<\/title>\n<meta name=\"robots\" content=\"index, follow, max-snippet:-1, max-image-preview:large, max-video-preview:-1\" \/>\n<link rel=\"canonical\" href=\"https:\/\/denizcankizil.tr\/en\/haberler\/gundem\/bereket-sofrasi-mevlana-camiinde-kuruldu\/\" \/>\n<meta property=\"og:locale\" content=\"en_GB\" \/>\n<meta property=\"og:type\" content=\"article\" \/>\n<meta property=\"og:title\" content=\"Bereket Sofras\u0131 Mevlana Camiinde Kuruldu\" \/>\n<meta property=\"og:description\" content=\"Bereket Sofras\u0131 bulu\u015fmalar\u0131 kapsam\u0131nda Mevlana Camisinde Osmaniye Mahallesi sakinleriyle bir araya gelen Belediye Ba\u015fkan\u0131 Alper Taban, altyap\u0131 \u00e7al\u0131\u015fmalar\u0131na ili\u015fkin bilgiler verdi. \u200bBereket Sofras\u0131 bulu\u015fmalar\u0131 kapsam\u0131nda Mevlana Camisinde Osmaniye Mahallesi sakinleriyle bir araya gelen Belediye Ba\u015fkan\u0131 Alper Taban, altyap\u0131 \u00e7al\u0131\u015fmalar\u0131na ili\u015fkin bilgiler verdi.\u00a0 \u200bHaberin Al\u0131nt\u0131land\u0131\u011f\u0131 Kaynak: www.iskenderun.org\" \/>\n<meta property=\"og:url\" content=\"https:\/\/denizcankizil.tr\/en\/haberler\/gundem\/bereket-sofrasi-mevlana-camiinde-kuruldu\/\" \/>\n<meta property=\"og:site_name\" content=\"Av. Deniz Can K\u0131z\u0131l\" \/>\n<meta property=\"article:published_time\" content=\"2024-12-06T13:41:57+00:00\" \/>\n<meta name=\"twitter:card\" content=\"summary_large_image\" \/>\n<script type=\"application\/ld+json\" class=\"yoast-schema-graph\">{\"@context\":\"https:\/\/schema.org\",\"@graph\":[{\"@type\":\"Article\",\"@id\":\"https:\/\/denizcankizil.tr\/en\/haberler\/gundem\/bereket-sofrasi-mevlana-camiinde-kuruldu\/#article\",\"isPartOf\":{\"@id\":\"https:\/\/denizcankizil.tr\/en\/haberler\/gundem\/bereket-sofrasi-mevlana-camiinde-kuruldu\/\"},\"author\":{\"name\":\"\",\"@id\":\"\"},\"headline\":\"Bereket Sofras\u0131 Mevlana Camiinde Kuruldu\",\"datePublished\":\"2024-12-06T13:41:57+00:00\",\"mainEntityOfPage\":{\"@id\":\"https:\/\/denizcankizil.tr\/en\/haberler\/gundem\/bereket-sofrasi-mevlana-camiinde-kuruldu\/\"},\"wordCount\":67,\"commentCount\":0,\"publisher\":{\"@id\":\"https:\/\/denizcankizil.tr\/de\/#organization\"},\"articleSection\":[\"G\u00fcndem\",\"Uncategorized\"],\"inLanguage\":\"en-GB\",\"potentialAction\":[{\"@type\":\"CommentAction\",\"name\":\"Comment\",\"target\":[\"https:\/\/denizcankizil.tr\/en\/haberler\/gundem\/bereket-sofrasi-mevlana-camiinde-kuruldu\/#respond\"]}]},{\"@type\":\"WebPage\",\"@id\":\"https:\/\/denizcankizil.tr\/en\/haberler\/gundem\/bereket-sofrasi-mevlana-camiinde-kuruldu\/\",\"url\":\"https:\/\/denizcankizil.tr\/en\/haberler\/gundem\/bereket-sofrasi-mevlana-camiinde-kuruldu\/\",\"name\":\"Bereket Sofras\u0131 Mevlana Camiinde Kuruldu - Av. Deniz Can K\u0131z\u0131l\",\"isPartOf\":{\"@id\":\"https:\/\/denizcankizil.tr\/de\/#website\"},\"datePublished\":\"2024-12-06T13:41:57+00:00\",\"breadcrumb\":{\"@id\":\"https:\/\/denizcankizil.tr\/en\/haberler\/gundem\/bereket-sofrasi-mevlana-camiinde-kuruldu\/#breadcrumb\"},\"inLanguage\":\"en-GB\",\"potentialAction\":[{\"@type\":\"ReadAction\",\"target\":[\"https:\/\/denizcankizil.tr\/en\/haberler\/gundem\/bereket-sofrasi-mevlana-camiinde-kuruldu\/\"]}]},{\"@type\":\"BreadcrumbList\",\"@id\":\"https:\/\/denizcankizil.tr\/en\/haberler\/gundem\/bereket-sofrasi-mevlana-camiinde-kuruldu\/#breadcrumb\",\"itemListElement\":[{\"@type\":\"ListItem\",\"position\":1,\"name\":\"Home\",\"item\":\"https:\/\/denizcankizil.tr\/de\/\"},{\"@type\":\"ListItem\",\"position\":2,\"name\":\"Bereket Sofras\u0131 Mevlana Camiinde Kuruldu\"}]},{\"@type\":\"WebSite\",\"@id\":\"https:\/\/denizcankizil.tr\/de\/#website\",\"url\":\"https:\/\/denizcankizil.tr\/de\/\",\"name\":\"Av. Deniz Can K\u0131z\u0131l\",\"description\":\"Avukat Deniz Can K\u0131z\u0131l Antalya Barosu\",\"publisher\":{\"@id\":\"https:\/\/denizcankizil.tr\/de\/#organization\"},\"potentialAction\":[{\"@type\":\"SearchAction\",\"target\":{\"@type\":\"EntryPoint\",\"urlTemplate\":\"https:\/\/denizcankizil.tr\/de\/?s={search_term_string}\"},\"query-input\":{\"@type\":\"PropertyValueSpecification\",\"valueRequired\":true,\"valueName\":\"search_term_string\"}}],\"inLanguage\":\"en-GB\"},{\"@type\":\"Organization\",\"@id\":\"https:\/\/denizcankizil.tr\/de\/#organization\",\"name\":\"Av. Deniz Can K\u0131z\u0131l\",\"url\":\"https:\/\/denizcankizil.tr\/de\/\",\"logo\":{\"@type\":\"ImageObject\",\"inLanguage\":\"en-GB\",\"@id\":\"https:\/\/denizcankizil.tr\/de\/#\/schema\/logo\/image\/\",\"url\":\"https:\/\/denizcankizil.tr\/wp-content\/uploads\/2024\/10\/siyah-logo-svg.svg\",\"contentUrl\":\"https:\/\/denizcankizil.tr\/wp-content\/uploads\/2024\/10\/siyah-logo-svg.svg\",\"width\":1080,\"height\":1080,\"caption\":\"Av. Deniz Can K\u0131z\u0131l\"},\"image\":{\"@id\":\"https:\/\/denizcankizil.tr\/de\/#\/schema\/logo\/image\/\"}}]}<\/script>\n<!-- \/ Yoast SEO Premium plugin. -->","yoast_head_json":{"title":"Bereket Sofras\u0131 Mevlana Camiinde Kuruldu - Av. Deniz Can K\u0131z\u0131l","robots":{"index":"index","follow":"follow","max-snippet":"max-snippet:-1","max-image-preview":"max-image-preview:large","max-video-preview":"max-video-preview:-1"},"canonical":"https:\/\/denizcankizil.tr\/en\/haberler\/gundem\/bereket-sofrasi-mevlana-camiinde-kuruldu\/","og_locale":"en_GB","og_type":"article","og_title":"Bereket Sofras\u0131 Mevlana Camiinde Kuruldu","og_description":"Bereket Sofras\u0131 bulu\u015fmalar\u0131 kapsam\u0131nda Mevlana Camisinde Osmaniye Mahallesi sakinleriyle bir araya gelen Belediye Ba\u015fkan\u0131 Alper Taban, altyap\u0131 \u00e7al\u0131\u015fmalar\u0131na ili\u015fkin bilgiler verdi. \u200bBereket Sofras\u0131 bulu\u015fmalar\u0131 kapsam\u0131nda Mevlana Camisinde Osmaniye Mahallesi sakinleriyle bir araya gelen Belediye Ba\u015fkan\u0131 Alper Taban, altyap\u0131 \u00e7al\u0131\u015fmalar\u0131na ili\u015fkin bilgiler verdi.\u00a0 \u200bHaberin Al\u0131nt\u0131land\u0131\u011f\u0131 Kaynak: www.iskenderun.org","og_url":"https:\/\/denizcankizil.tr\/en\/haberler\/gundem\/bereket-sofrasi-mevlana-camiinde-kuruldu\/","og_site_name":"Av. Deniz Can K\u0131z\u0131l","article_published_time":"2024-12-06T13:41:57+00:00","twitter_card":"summary_large_image","schema":{"@context":"https:\/\/schema.org","@graph":[{"@type":"Article","@id":"https:\/\/denizcankizil.tr\/en\/haberler\/gundem\/bereket-sofrasi-mevlana-camiinde-kuruldu\/#article","isPartOf":{"@id":"https:\/\/denizcankizil.tr\/en\/haberler\/gundem\/bereket-sofrasi-mevlana-camiinde-kuruldu\/"},"author":{"name":"","@id":""},"headline":"Bereket Sofras\u0131 Mevlana Camiinde Kuruldu","datePublished":"2024-12-06T13:41:57+00:00","mainEntityOfPage":{"@id":"https:\/\/denizcankizil.tr\/en\/haberler\/gundem\/bereket-sofrasi-mevlana-camiinde-kuruldu\/"},"wordCount":67,"commentCount":0,"publisher":{"@id":"https:\/\/denizcankizil.tr\/de\/#organization"},"articleSection":["G\u00fcndem","Uncategorized"],"inLanguage":"en-GB","potentialAction":[{"@type":"CommentAction","name":"Comment","target":["https:\/\/denizcankizil.tr\/en\/haberler\/gundem\/bereket-sofrasi-mevlana-camiinde-kuruldu\/#respond"]}]},{"@type":"WebPage","@id":"https:\/\/denizcankizil.tr\/en\/haberler\/gundem\/bereket-sofrasi-mevlana-camiinde-kuruldu\/","url":"https:\/\/denizcankizil.tr\/en\/haberler\/gundem\/bereket-sofrasi-mevlana-camiinde-kuruldu\/","name":"Bereket Sofras\u0131 Mevlana Camiinde Kuruldu - Av. Deniz Can K\u0131z\u0131l","isPartOf":{"@id":"https:\/\/denizcankizil.tr\/de\/#website"},"datePublished":"2024-12-06T13:41:57+00:00","breadcrumb":{"@id":"https:\/\/denizcankizil.tr\/en\/haberler\/gundem\/bereket-sofrasi-mevlana-camiinde-kuruldu\/#breadcrumb"},"inLanguage":"en-GB","potentialAction":[{"@type":"ReadAction","target":["https:\/\/denizcankizil.tr\/en\/haberler\/gundem\/bereket-sofrasi-mevlana-camiinde-kuruldu\/"]}]},{"@type":"BreadcrumbList","@id":"https:\/\/denizcankizil.tr\/en\/haberler\/gundem\/bereket-sofrasi-mevlana-camiinde-kuruldu\/#breadcrumb","itemListElement":[{"@type":"ListItem","position":1,"name":"Home","item":"https:\/\/denizcankizil.tr\/de\/"},{"@type":"ListItem","position":2,"name":"Bereket Sofras\u0131 Mevlana Camiinde Kuruldu"}]},{"@type":"WebSite","@id":"https:\/\/denizcankizil.tr\/de\/#website","url":"https:\/\/denizcankizil.tr\/de\/","name":"Av. Deniz Can K\u0131z\u0131l","description":"Avukat Deniz Can K\u0131z\u0131l Antalya Barosu","publisher":{"@id":"https:\/\/denizcankizil.tr\/de\/#organization"},"potentialAction":[{"@type":"SearchAction","target":{"@type":"EntryPoint","urlTemplate":"https:\/\/denizcankizil.tr\/de\/?s={search_term_string}"},"query-input":{"@type":"PropertyValueSpecification","valueRequired":true,"valueName":"search_term_string"}}],"inLanguage":"en-GB"},{"@type":"Organization","@id":"https:\/\/denizcankizil.tr\/de\/#organization","name":"Av. Deniz Can K\u0131z\u0131l","url":"https:\/\/denizcankizil.tr\/de\/","logo":{"@type":"ImageObject","inLanguage":"en-GB","@id":"https:\/\/denizcankizil.tr\/de\/#\/schema\/logo\/image\/","url":"https:\/\/denizcankizil.tr\/wp-content\/uploads\/2024\/10\/siyah-logo-svg.svg","contentUrl":"https:\/\/denizcankizil.tr\/wp-content\/uploads\/2024\/10\/siyah-logo-svg.svg","width":1080,"height":1080,"caption":"Av. Deniz Can K\u0131z\u0131l"},"image":{"@id":"https:\/\/denizcankizil.tr\/de\/#\/schema\/logo\/image\/"}}]}},"_links":{"self":[{"href":"https:\/\/denizcankizil.tr\/en\/wp-json\/wp\/v2\/posts\/19537","targetHints":{"allow":["GET"]}}],"collection":[{"href":"https:\/\/denizcankizil.tr\/en\/wp-json\/wp\/v2\/posts"}],"about":[{"href":"https:\/\/denizcankizil.tr\/en\/wp-json\/wp\/v2\/types\/post"}],"replies":[{"embeddable":true,"href":"https:\/\/denizcankizil.tr\/en\/wp-json\/wp\/v2\/comments?post=19537"}],"version-history":[{"count":0,"href":"https:\/\/denizcankizil.tr\/en\/wp-json\/wp\/v2\/posts\/19537\/revisions"}],"wp:attachment":[{"href":"https:\/\/denizcankizil.tr\/en\/wp-json\/wp\/v2\/media?parent=19537"}],"wp:term":[{"taxonomy":"category","embeddable":true,"href":"https:\/\/denizcankizil.tr\/en\/wp-json\/wp\/v2\/categories?post=19537"},{"taxonomy":"post_tag","embeddable":true,"href":"https:\/\/denizcankizil.tr\/en\/wp-json\/wp\/v2\/tags?post=19537"}],"curies":[{"name":"wp","href":"https:\/\/api.w.org\/{rel}","templated":true}]}}