{"id":19283,"date":"2024-12-05T12:41:38","date_gmt":"2024-12-05T09:41:38","guid":{"rendered":"https:\/\/denizcankizil.tr\/uncategorized-tr\/kepezde-cocuklar-futbol-sahasina-kavustu\/"},"modified":"2024-12-05T12:41:38","modified_gmt":"2024-12-05T09:41:38","slug":"kepezde-cocuklar-futbol-sahasina-kavustu","status":"publish","type":"post","link":"https:\/\/denizcankizil.tr\/en\/haberler\/antalya\/kepezde-cocuklar-futbol-sahasina-kavustu\/","title":{"rendered":"Kepez&#8217;de \u00e7ocuklar futbol sahas\u0131na kavu\u015ftu"},"content":{"rendered":"<p>Kepez Belediyesi, il\u00e7enin k\u0131rsal\u0131nda yer alan Ba\u015fk\u00f6y Mahallesi\u2019nde yapt\u0131\u011f\u0131 ye\u015fil alan d\u00fczenlemesiyle \u00e7ocuklar\u0131 futbol sahas\u0131na, b\u00fcy\u00fckleri ise piknik alan\u0131na kavu\u015fturdu. Ba\u015fk\u00f6y Mahallesi\u2019nin \u00e7ocuklar\u0131, se\u00e7im d\u00f6neminde mahallelerine gelen Ba\u015fkan Mesut Kocag\u00f6z\u2019den \u00e7im futbol sahas\u0131 istemi\u015fti. Ba\u015fkan Kocag\u00f6z\u2019\u00fcn s\u00f6z\u00fcn\u00fc verdi\u011fi \u00e7im futbol sahas\u0131 b\u00f6lgeye kazand\u0131r\u0131ld\u0131. \u00c7ocuklara, i\u00e7erisinde du\u015f alabilecekleri soyunma odas\u0131n\u0131n da bulundu\u011fu saha yap\u0131ld\u0131.<\/p>\n<p>\u00c7ocuklara saha, b\u00fcy\u00fcklere piknik alan\u0131<br \/>\nFutbol sahas\u0131, mahallede \u2018K\u00f6r Kuyu\u2019 olarak bilinen mevkide 4 bin 165 metrekare alan\u0131n \u00fczerine in\u015fa edildi. \u00c7im futbol sahas\u0131, 800 m2 alanda olu\u015fturuldu. Arazinin di\u011fer b\u00f6l\u00fcm\u00fc ise piknik alan\u0131 olarak d\u00fczenlendi. \u0130ki tane su sarn\u0131c\u0131n\u0131n bulundu\u011fu alana, benjamin ve zeytin a\u011fa\u00e7lar\u0131 fidan\u0131 dikildi. Su sarn\u0131\u00e7lar\u0131n\u0131n \u00e7evre d\u00fczenlemesi ve bak\u0131m\u0131 da yap\u0131ld\u0131. Ye\u015fil alana, piknik masalar\u0131, kamelyalar ile banklar yerle\u015ftirildi. Etraf\u0131 tel \u00f6rg\u00fc ile \u00e7evrilen 20&#215;40 metre ebatlar\u0131nda futbol sahas\u0131n\u0131n toprak tesviye \u00e7al\u0131\u015fmas\u0131 tamamland\u0131. Alana \u00e7im tohumu at\u0131lmas\u0131yla futbol sahas\u0131n\u0131n yap\u0131m\u0131 tamamlanm\u0131\u015f olacak.<\/p>\n<p>Erenk\u00f6y\u2019e de \u00e7im saha<br \/>\nPark ve Bah\u00e7eler M\u00fcd\u00fcrl\u00fc\u011f\u00fc yetkilileri, futbol sahas\u0131n\u0131n bu y\u0131l\u0131n i\u00e7erisinde \u00e7ocuklar\u0131n hizmetine sunulaca\u011f\u0131n\u0131 bildirdi. Futbol sahas\u0131n\u0131n, i\u00e7erisinde du\u015f ve tuvaletlerin oldu\u011fu soyunma odas\u0131 da bulunuyor. Kepez Belediyesi, Erenk\u00f6y Mahallesi\u2019ndeki toprak sahay\u0131 da \u00e7im futbol sahas\u0131na d\u00f6n\u00fc\u015ft\u00fcr\u00fcyor.<\/p>\n<p>Kaynak: www.kanalv.com.tr Haber Sitesinden Al\u0131nm\u0131\u015ft\u0131r.<\/p>","protected":false},"excerpt":{"rendered":"<p>Kepez Belediyesi, il\u00e7enin k\u0131rsal\u0131nda yer alan Ba\u015fk\u00f6y Mahallesi\u2019nde yapt\u0131\u011f\u0131 ye\u015fil alan d\u00fczenlemesiyle \u00e7ocuklar\u0131 futbol sahas\u0131na, b\u00fcy\u00fckleri ise piknik alan\u0131na kavu\u015fturdu. Ba\u015fk\u00f6y Mahallesi\u2019nin \u00e7ocuklar\u0131, se\u00e7im d\u00f6neminde mahallelerine gelen Ba\u015fkan Mesut Kocag\u00f6z\u2019den \u00e7im futbol sahas\u0131 istemi\u015fti. Ba\u015fkan Kocag\u00f6z\u2019\u00fcn s\u00f6z\u00fcn\u00fc verdi\u011fi \u00e7im futbol sahas\u0131 b\u00f6lgeye kazand\u0131r\u0131ld\u0131. \u00c7ocuklara, i\u00e7erisinde du\u015f alabilecekleri soyunma odas\u0131n\u0131n da bulundu\u011fu saha yap\u0131ld\u0131. \u00c7ocuklara saha, b\u00fcy\u00fcklere piknik alan\u0131 Futbol sahas\u0131, mahallede \u2018K\u00f6r Kuyu\u2019 olarak bilinen mevkide 4 bin 165 metrekare alan\u0131n \u00fczerine in\u015fa edildi. \u00c7im futbol sahas\u0131, 800 m2 alanda olu\u015fturuldu. Arazinin di\u011fer b\u00f6l\u00fcm\u00fc ise piknik alan\u0131 olarak d\u00fczenlendi. \u0130ki tane su sarn\u0131c\u0131n\u0131n bulundu\u011fu alana, benjamin ve zeytin a\u011fa\u00e7lar\u0131 fidan\u0131 dikildi. Su sarn\u0131\u00e7lar\u0131n\u0131n \u00e7evre d\u00fczenlemesi ve bak\u0131m\u0131 da yap\u0131ld\u0131. Ye\u015fil alana, piknik masalar\u0131, kamelyalar ile banklar yerle\u015ftirildi. Etraf\u0131 tel \u00f6rg\u00fc ile \u00e7evrilen 20&#215;40 metre ebatlar\u0131nda futbol sahas\u0131n\u0131n toprak tesviye \u00e7al\u0131\u015fmas\u0131 tamamland\u0131. Alana \u00e7im tohumu at\u0131lmas\u0131yla futbol sahas\u0131n\u0131n yap\u0131m\u0131 tamamlanm\u0131\u015f olacak. Erenk\u00f6y\u2019e de \u00e7im saha Park ve Bah\u00e7eler M\u00fcd\u00fcrl\u00fc\u011f\u00fc yetkilileri, futbol sahas\u0131n\u0131n bu y\u0131l\u0131n i\u00e7erisinde \u00e7ocuklar\u0131n hizmetine sunulaca\u011f\u0131n\u0131 bildirdi. Futbol sahas\u0131n\u0131n, i\u00e7erisinde du\u015f ve tuvaletlerin oldu\u011fu soyunma odas\u0131 da bulunuyor. Kepez Belediyesi, Erenk\u00f6y Mahallesi\u2019ndeki toprak sahay\u0131 da \u00e7im futbol sahas\u0131na d\u00f6n\u00fc\u015ft\u00fcr\u00fcyor. Kaynak: www.kanalv.com.tr Haber Sitesinden Al\u0131nm\u0131\u015ft\u0131r.<\/p>","protected":false},"author":0,"featured_media":19284,"comment_status":"open","ping_status":"open","sticky":false,"template":"","format":"standard","meta":{"_acf_changed":false,"footnotes":""},"categories":[26,535],"tags":[],"class_list":["post-19283","post","type-post","status-publish","format-standard","has-post-thumbnail","hentry","category-antalya","category-uncategorized-tr"],"acf":[],"yoast_head":"<!-- This site is optimized with the Yoast SEO Premium plugin v26.6 (Yoast SEO v27.1.1) - https:\/\/yoast.com\/product\/yoast-seo-premium-wordpress\/ -->\n<title>Kepez&#039;de \u00e7ocuklar futbol sahas\u0131na kavu\u015ftu - Av. Deniz Can K\u0131z\u0131l<\/title>\n<meta name=\"robots\" content=\"index, follow, max-snippet:-1, max-image-preview:large, max-video-preview:-1\" \/>\n<link rel=\"canonical\" href=\"http:\/\/denizcankizil.tr\/en\/haberler\/antalya\/kepezde-cocuklar-futbol-sahasina-kavustu\/\" \/>\n<meta property=\"og:locale\" content=\"en_GB\" \/>\n<meta property=\"og:type\" content=\"article\" \/>\n<meta property=\"og:title\" content=\"Kepez&#039;de \u00e7ocuklar futbol sahas\u0131na kavu\u015ftu\" \/>\n<meta property=\"og:description\" content=\"Kepez Belediyesi, il\u00e7enin k\u0131rsal\u0131nda yer alan Ba\u015fk\u00f6y Mahallesi\u2019nde yapt\u0131\u011f\u0131 ye\u015fil alan d\u00fczenlemesiyle \u00e7ocuklar\u0131 futbol sahas\u0131na, b\u00fcy\u00fckleri ise piknik alan\u0131na kavu\u015fturdu. Ba\u015fk\u00f6y Mahallesi\u2019nin \u00e7ocuklar\u0131, se\u00e7im d\u00f6neminde mahallelerine gelen Ba\u015fkan Mesut Kocag\u00f6z\u2019den \u00e7im futbol sahas\u0131 istemi\u015fti. Ba\u015fkan Kocag\u00f6z\u2019\u00fcn s\u00f6z\u00fcn\u00fc verdi\u011fi \u00e7im futbol sahas\u0131 b\u00f6lgeye kazand\u0131r\u0131ld\u0131. \u00c7ocuklara, i\u00e7erisinde du\u015f alabilecekleri soyunma odas\u0131n\u0131n da bulundu\u011fu saha yap\u0131ld\u0131. \u00c7ocuklara saha, b\u00fcy\u00fcklere piknik alan\u0131 Futbol sahas\u0131, mahallede \u2018K\u00f6r Kuyu\u2019 olarak bilinen mevkide 4 bin 165 metrekare alan\u0131n \u00fczerine in\u015fa edildi. \u00c7im futbol sahas\u0131, 800 m2 alanda olu\u015fturuldu. Arazinin di\u011fer b\u00f6l\u00fcm\u00fc ise piknik alan\u0131 olarak d\u00fczenlendi. \u0130ki tane su sarn\u0131c\u0131n\u0131n bulundu\u011fu alana, benjamin ve zeytin a\u011fa\u00e7lar\u0131 fidan\u0131 dikildi. Su sarn\u0131\u00e7lar\u0131n\u0131n \u00e7evre d\u00fczenlemesi ve bak\u0131m\u0131 da yap\u0131ld\u0131. Ye\u015fil alana, piknik masalar\u0131, kamelyalar ile banklar yerle\u015ftirildi. Etraf\u0131 tel \u00f6rg\u00fc ile \u00e7evrilen 20&#215;40 metre ebatlar\u0131nda futbol sahas\u0131n\u0131n toprak tesviye \u00e7al\u0131\u015fmas\u0131 tamamland\u0131. Alana \u00e7im tohumu at\u0131lmas\u0131yla futbol sahas\u0131n\u0131n yap\u0131m\u0131 tamamlanm\u0131\u015f olacak. Erenk\u00f6y\u2019e de \u00e7im saha Park ve Bah\u00e7eler M\u00fcd\u00fcrl\u00fc\u011f\u00fc yetkilileri, futbol sahas\u0131n\u0131n bu y\u0131l\u0131n i\u00e7erisinde \u00e7ocuklar\u0131n hizmetine sunulaca\u011f\u0131n\u0131 bildirdi. Futbol sahas\u0131n\u0131n, i\u00e7erisinde du\u015f ve tuvaletlerin oldu\u011fu soyunma odas\u0131 da bulunuyor. Kepez Belediyesi, Erenk\u00f6y Mahallesi\u2019ndeki toprak sahay\u0131 da \u00e7im futbol sahas\u0131na d\u00f6n\u00fc\u015ft\u00fcr\u00fcyor. Kaynak: www.kanalv.com.tr Haber Sitesinden Al\u0131nm\u0131\u015ft\u0131r.\" \/>\n<meta property=\"og:url\" content=\"http:\/\/denizcankizil.tr\/en\/haberler\/antalya\/kepezde-cocuklar-futbol-sahasina-kavustu\/\" \/>\n<meta property=\"og:site_name\" content=\"Av. Deniz Can K\u0131z\u0131l\" \/>\n<meta property=\"article:published_time\" content=\"2024-12-05T09:41:38+00:00\" \/>\n<meta property=\"og:image\" content=\"http:\/\/denizcankizil.tr\/wp-content\/uploads\/2024\/12\/3442-01-JBt21V.jpeg\" \/>\n\t<meta property=\"og:image:width\" content=\"1280\" \/>\n\t<meta property=\"og:image:height\" content=\"720\" \/>\n\t<meta property=\"og:image:type\" content=\"image\/jpeg\" \/>\n<meta name=\"twitter:card\" content=\"summary_large_image\" \/>\n<meta name=\"twitter:label1\" content=\"Estimated reading time\" \/>\n\t<meta name=\"twitter:data1\" content=\"1 minute\" \/>\n<script type=\"application\/ld+json\" class=\"yoast-schema-graph\">{\"@context\":\"https:\/\/schema.org\",\"@graph\":[{\"@type\":\"Article\",\"@id\":\"http:\/\/denizcankizil.tr\/de\/haberler\/antalya\/kepezde-cocuklar-futbol-sahasina-kavustu\/#article\",\"isPartOf\":{\"@id\":\"http:\/\/denizcankizil.tr\/de\/haberler\/antalya\/kepezde-cocuklar-futbol-sahasina-kavustu\/\"},\"author\":{\"name\":\"\",\"@id\":\"\"},\"headline\":\"Kepez&#8217;de \u00e7ocuklar futbol sahas\u0131na kavu\u015ftu\",\"datePublished\":\"2024-12-05T09:41:38+00:00\",\"mainEntityOfPage\":{\"@id\":\"http:\/\/denizcankizil.tr\/de\/haberler\/antalya\/kepezde-cocuklar-futbol-sahasina-kavustu\/\"},\"wordCount\":288,\"commentCount\":0,\"publisher\":{\"@id\":\"https:\/\/denizcankizil.tr\/de\/#organization\"},\"image\":{\"@id\":\"http:\/\/denizcankizil.tr\/de\/haberler\/antalya\/kepezde-cocuklar-futbol-sahasina-kavustu\/#primaryimage\"},\"thumbnailUrl\":\"https:\/\/denizcankizil.tr\/wp-content\/uploads\/2024\/12\/3442-01-JBt21V.jpeg\",\"articleSection\":[\"Antalya\",\"Uncategorized\"],\"inLanguage\":\"en-GB\",\"potentialAction\":[{\"@type\":\"CommentAction\",\"name\":\"Comment\",\"target\":[\"http:\/\/denizcankizil.tr\/de\/haberler\/antalya\/kepezde-cocuklar-futbol-sahasina-kavustu\/#respond\"]}]},{\"@type\":\"WebPage\",\"@id\":\"http:\/\/denizcankizil.tr\/de\/haberler\/antalya\/kepezde-cocuklar-futbol-sahasina-kavustu\/\",\"url\":\"http:\/\/denizcankizil.tr\/de\/haberler\/antalya\/kepezde-cocuklar-futbol-sahasina-kavustu\/\",\"name\":\"Kepez'de \u00e7ocuklar futbol sahas\u0131na kavu\u015ftu - Av. Deniz Can K\u0131z\u0131l\",\"isPartOf\":{\"@id\":\"https:\/\/denizcankizil.tr\/de\/#website\"},\"primaryImageOfPage\":{\"@id\":\"http:\/\/denizcankizil.tr\/de\/haberler\/antalya\/kepezde-cocuklar-futbol-sahasina-kavustu\/#primaryimage\"},\"image\":{\"@id\":\"http:\/\/denizcankizil.tr\/de\/haberler\/antalya\/kepezde-cocuklar-futbol-sahasina-kavustu\/#primaryimage\"},\"thumbnailUrl\":\"https:\/\/denizcankizil.tr\/wp-content\/uploads\/2024\/12\/3442-01-JBt21V.jpeg\",\"datePublished\":\"2024-12-05T09:41:38+00:00\",\"breadcrumb\":{\"@id\":\"http:\/\/denizcankizil.tr\/de\/haberler\/antalya\/kepezde-cocuklar-futbol-sahasina-kavustu\/#breadcrumb\"},\"inLanguage\":\"en-GB\",\"potentialAction\":[{\"@type\":\"ReadAction\",\"target\":[\"http:\/\/denizcankizil.tr\/de\/haberler\/antalya\/kepezde-cocuklar-futbol-sahasina-kavustu\/\"]}]},{\"@type\":\"ImageObject\",\"inLanguage\":\"en-GB\",\"@id\":\"http:\/\/denizcankizil.tr\/de\/haberler\/antalya\/kepezde-cocuklar-futbol-sahasina-kavustu\/#primaryimage\",\"url\":\"https:\/\/denizcankizil.tr\/wp-content\/uploads\/2024\/12\/3442-01-JBt21V.jpeg\",\"contentUrl\":\"https:\/\/denizcankizil.tr\/wp-content\/uploads\/2024\/12\/3442-01-JBt21V.jpeg\",\"width\":1280,\"height\":720},{\"@type\":\"BreadcrumbList\",\"@id\":\"http:\/\/denizcankizil.tr\/de\/haberler\/antalya\/kepezde-cocuklar-futbol-sahasina-kavustu\/#breadcrumb\",\"itemListElement\":[{\"@type\":\"ListItem\",\"position\":1,\"name\":\"Home\",\"item\":\"https:\/\/denizcankizil.tr\/de\/\"},{\"@type\":\"ListItem\",\"position\":2,\"name\":\"Kepez&#8217;de \u00e7ocuklar futbol sahas\u0131na kavu\u015ftu\"}]},{\"@type\":\"WebSite\",\"@id\":\"https:\/\/denizcankizil.tr\/de\/#website\",\"url\":\"https:\/\/denizcankizil.tr\/de\/\",\"name\":\"Av. Deniz Can K\u0131z\u0131l\",\"description\":\"Avukat Deniz Can K\u0131z\u0131l Antalya Barosu\",\"publisher\":{\"@id\":\"https:\/\/denizcankizil.tr\/de\/#organization\"},\"potentialAction\":[{\"@type\":\"SearchAction\",\"target\":{\"@type\":\"EntryPoint\",\"urlTemplate\":\"https:\/\/denizcankizil.tr\/de\/?s={search_term_string}\"},\"query-input\":{\"@type\":\"PropertyValueSpecification\",\"valueRequired\":true,\"valueName\":\"search_term_string\"}}],\"inLanguage\":\"en-GB\"},{\"@type\":\"Organization\",\"@id\":\"https:\/\/denizcankizil.tr\/de\/#organization\",\"name\":\"Av. Deniz Can K\u0131z\u0131l\",\"url\":\"https:\/\/denizcankizil.tr\/de\/\",\"logo\":{\"@type\":\"ImageObject\",\"inLanguage\":\"en-GB\",\"@id\":\"https:\/\/denizcankizil.tr\/de\/#\/schema\/logo\/image\/\",\"url\":\"https:\/\/denizcankizil.tr\/wp-content\/uploads\/2024\/10\/siyah-logo-svg.svg\",\"contentUrl\":\"https:\/\/denizcankizil.tr\/wp-content\/uploads\/2024\/10\/siyah-logo-svg.svg\",\"width\":1080,\"height\":1080,\"caption\":\"Av. Deniz Can K\u0131z\u0131l\"},\"image\":{\"@id\":\"https:\/\/denizcankizil.tr\/de\/#\/schema\/logo\/image\/\"}}]}<\/script>\n<!-- \/ Yoast SEO Premium plugin. -->","yoast_head_json":{"title":"Kepez'de \u00e7ocuklar futbol sahas\u0131na kavu\u015ftu - Av. Deniz Can K\u0131z\u0131l","robots":{"index":"index","follow":"follow","max-snippet":"max-snippet:-1","max-image-preview":"max-image-preview:large","max-video-preview":"max-video-preview:-1"},"canonical":"http:\/\/denizcankizil.tr\/en\/haberler\/antalya\/kepezde-cocuklar-futbol-sahasina-kavustu\/","og_locale":"en_GB","og_type":"article","og_title":"Kepez'de \u00e7ocuklar futbol sahas\u0131na kavu\u015ftu","og_description":"Kepez Belediyesi, il\u00e7enin k\u0131rsal\u0131nda yer alan Ba\u015fk\u00f6y Mahallesi\u2019nde yapt\u0131\u011f\u0131 ye\u015fil alan d\u00fczenlemesiyle \u00e7ocuklar\u0131 futbol sahas\u0131na, b\u00fcy\u00fckleri ise piknik alan\u0131na kavu\u015fturdu. Ba\u015fk\u00f6y Mahallesi\u2019nin \u00e7ocuklar\u0131, se\u00e7im d\u00f6neminde mahallelerine gelen Ba\u015fkan Mesut Kocag\u00f6z\u2019den \u00e7im futbol sahas\u0131 istemi\u015fti. Ba\u015fkan Kocag\u00f6z\u2019\u00fcn s\u00f6z\u00fcn\u00fc verdi\u011fi \u00e7im futbol sahas\u0131 b\u00f6lgeye kazand\u0131r\u0131ld\u0131. \u00c7ocuklara, i\u00e7erisinde du\u015f alabilecekleri soyunma odas\u0131n\u0131n da bulundu\u011fu saha yap\u0131ld\u0131. \u00c7ocuklara saha, b\u00fcy\u00fcklere piknik alan\u0131 Futbol sahas\u0131, mahallede \u2018K\u00f6r Kuyu\u2019 olarak bilinen mevkide 4 bin 165 metrekare alan\u0131n \u00fczerine in\u015fa edildi. \u00c7im futbol sahas\u0131, 800 m2 alanda olu\u015fturuldu. Arazinin di\u011fer b\u00f6l\u00fcm\u00fc ise piknik alan\u0131 olarak d\u00fczenlendi. \u0130ki tane su sarn\u0131c\u0131n\u0131n bulundu\u011fu alana, benjamin ve zeytin a\u011fa\u00e7lar\u0131 fidan\u0131 dikildi. Su sarn\u0131\u00e7lar\u0131n\u0131n \u00e7evre d\u00fczenlemesi ve bak\u0131m\u0131 da yap\u0131ld\u0131. Ye\u015fil alana, piknik masalar\u0131, kamelyalar ile banklar yerle\u015ftirildi. Etraf\u0131 tel \u00f6rg\u00fc ile \u00e7evrilen 20&#215;40 metre ebatlar\u0131nda futbol sahas\u0131n\u0131n toprak tesviye \u00e7al\u0131\u015fmas\u0131 tamamland\u0131. Alana \u00e7im tohumu at\u0131lmas\u0131yla futbol sahas\u0131n\u0131n yap\u0131m\u0131 tamamlanm\u0131\u015f olacak. Erenk\u00f6y\u2019e de \u00e7im saha Park ve Bah\u00e7eler M\u00fcd\u00fcrl\u00fc\u011f\u00fc yetkilileri, futbol sahas\u0131n\u0131n bu y\u0131l\u0131n i\u00e7erisinde \u00e7ocuklar\u0131n hizmetine sunulaca\u011f\u0131n\u0131 bildirdi. Futbol sahas\u0131n\u0131n, i\u00e7erisinde du\u015f ve tuvaletlerin oldu\u011fu soyunma odas\u0131 da bulunuyor. Kepez Belediyesi, Erenk\u00f6y Mahallesi\u2019ndeki toprak sahay\u0131 da \u00e7im futbol sahas\u0131na d\u00f6n\u00fc\u015ft\u00fcr\u00fcyor. Kaynak: www.kanalv.com.tr Haber Sitesinden Al\u0131nm\u0131\u015ft\u0131r.","og_url":"http:\/\/denizcankizil.tr\/en\/haberler\/antalya\/kepezde-cocuklar-futbol-sahasina-kavustu\/","og_site_name":"Av. Deniz Can K\u0131z\u0131l","article_published_time":"2024-12-05T09:41:38+00:00","og_image":[{"width":1280,"height":720,"url":"http:\/\/denizcankizil.tr\/wp-content\/uploads\/2024\/12\/3442-01-JBt21V.jpeg","type":"image\/jpeg"}],"twitter_card":"summary_large_image","twitter_misc":{"Estimated reading time":"1 minute"},"schema":{"@context":"https:\/\/schema.org","@graph":[{"@type":"Article","@id":"http:\/\/denizcankizil.tr\/de\/haberler\/antalya\/kepezde-cocuklar-futbol-sahasina-kavustu\/#article","isPartOf":{"@id":"http:\/\/denizcankizil.tr\/de\/haberler\/antalya\/kepezde-cocuklar-futbol-sahasina-kavustu\/"},"author":{"name":"","@id":""},"headline":"Kepez&#8217;de \u00e7ocuklar futbol sahas\u0131na kavu\u015ftu","datePublished":"2024-12-05T09:41:38+00:00","mainEntityOfPage":{"@id":"http:\/\/denizcankizil.tr\/de\/haberler\/antalya\/kepezde-cocuklar-futbol-sahasina-kavustu\/"},"wordCount":288,"commentCount":0,"publisher":{"@id":"https:\/\/denizcankizil.tr\/de\/#organization"},"image":{"@id":"http:\/\/denizcankizil.tr\/de\/haberler\/antalya\/kepezde-cocuklar-futbol-sahasina-kavustu\/#primaryimage"},"thumbnailUrl":"https:\/\/denizcankizil.tr\/wp-content\/uploads\/2024\/12\/3442-01-JBt21V.jpeg","articleSection":["Antalya","Uncategorized"],"inLanguage":"en-GB","potentialAction":[{"@type":"CommentAction","name":"Comment","target":["http:\/\/denizcankizil.tr\/de\/haberler\/antalya\/kepezde-cocuklar-futbol-sahasina-kavustu\/#respond"]}]},{"@type":"WebPage","@id":"http:\/\/denizcankizil.tr\/de\/haberler\/antalya\/kepezde-cocuklar-futbol-sahasina-kavustu\/","url":"http:\/\/denizcankizil.tr\/de\/haberler\/antalya\/kepezde-cocuklar-futbol-sahasina-kavustu\/","name":"Kepez'de \u00e7ocuklar futbol sahas\u0131na kavu\u015ftu - Av. Deniz Can K\u0131z\u0131l","isPartOf":{"@id":"https:\/\/denizcankizil.tr\/de\/#website"},"primaryImageOfPage":{"@id":"http:\/\/denizcankizil.tr\/de\/haberler\/antalya\/kepezde-cocuklar-futbol-sahasina-kavustu\/#primaryimage"},"image":{"@id":"http:\/\/denizcankizil.tr\/de\/haberler\/antalya\/kepezde-cocuklar-futbol-sahasina-kavustu\/#primaryimage"},"thumbnailUrl":"https:\/\/denizcankizil.tr\/wp-content\/uploads\/2024\/12\/3442-01-JBt21V.jpeg","datePublished":"2024-12-05T09:41:38+00:00","breadcrumb":{"@id":"http:\/\/denizcankizil.tr\/de\/haberler\/antalya\/kepezde-cocuklar-futbol-sahasina-kavustu\/#breadcrumb"},"inLanguage":"en-GB","potentialAction":[{"@type":"ReadAction","target":["http:\/\/denizcankizil.tr\/de\/haberler\/antalya\/kepezde-cocuklar-futbol-sahasina-kavustu\/"]}]},{"@type":"ImageObject","inLanguage":"en-GB","@id":"http:\/\/denizcankizil.tr\/de\/haberler\/antalya\/kepezde-cocuklar-futbol-sahasina-kavustu\/#primaryimage","url":"https:\/\/denizcankizil.tr\/wp-content\/uploads\/2024\/12\/3442-01-JBt21V.jpeg","contentUrl":"https:\/\/denizcankizil.tr\/wp-content\/uploads\/2024\/12\/3442-01-JBt21V.jpeg","width":1280,"height":720},{"@type":"BreadcrumbList","@id":"http:\/\/denizcankizil.tr\/de\/haberler\/antalya\/kepezde-cocuklar-futbol-sahasina-kavustu\/#breadcrumb","itemListElement":[{"@type":"ListItem","position":1,"name":"Home","item":"https:\/\/denizcankizil.tr\/de\/"},{"@type":"ListItem","position":2,"name":"Kepez&#8217;de \u00e7ocuklar futbol sahas\u0131na kavu\u015ftu"}]},{"@type":"WebSite","@id":"https:\/\/denizcankizil.tr\/de\/#website","url":"https:\/\/denizcankizil.tr\/de\/","name":"Av. Deniz Can K\u0131z\u0131l","description":"Avukat Deniz Can K\u0131z\u0131l Antalya Barosu","publisher":{"@id":"https:\/\/denizcankizil.tr\/de\/#organization"},"potentialAction":[{"@type":"SearchAction","target":{"@type":"EntryPoint","urlTemplate":"https:\/\/denizcankizil.tr\/de\/?s={search_term_string}"},"query-input":{"@type":"PropertyValueSpecification","valueRequired":true,"valueName":"search_term_string"}}],"inLanguage":"en-GB"},{"@type":"Organization","@id":"https:\/\/denizcankizil.tr\/de\/#organization","name":"Av. Deniz Can K\u0131z\u0131l","url":"https:\/\/denizcankizil.tr\/de\/","logo":{"@type":"ImageObject","inLanguage":"en-GB","@id":"https:\/\/denizcankizil.tr\/de\/#\/schema\/logo\/image\/","url":"https:\/\/denizcankizil.tr\/wp-content\/uploads\/2024\/10\/siyah-logo-svg.svg","contentUrl":"https:\/\/denizcankizil.tr\/wp-content\/uploads\/2024\/10\/siyah-logo-svg.svg","width":1080,"height":1080,"caption":"Av. Deniz Can K\u0131z\u0131l"},"image":{"@id":"https:\/\/denizcankizil.tr\/de\/#\/schema\/logo\/image\/"}}]}},"_links":{"self":[{"href":"https:\/\/denizcankizil.tr\/en\/wp-json\/wp\/v2\/posts\/19283","targetHints":{"allow":["GET"]}}],"collection":[{"href":"https:\/\/denizcankizil.tr\/en\/wp-json\/wp\/v2\/posts"}],"about":[{"href":"https:\/\/denizcankizil.tr\/en\/wp-json\/wp\/v2\/types\/post"}],"replies":[{"embeddable":true,"href":"https:\/\/denizcankizil.tr\/en\/wp-json\/wp\/v2\/comments?post=19283"}],"version-history":[{"count":0,"href":"https:\/\/denizcankizil.tr\/en\/wp-json\/wp\/v2\/posts\/19283\/revisions"}],"wp:featuredmedia":[{"embeddable":true,"href":"https:\/\/denizcankizil.tr\/en\/wp-json\/wp\/v2\/media\/19284"}],"wp:attachment":[{"href":"https:\/\/denizcankizil.tr\/en\/wp-json\/wp\/v2\/media?parent=19283"}],"wp:term":[{"taxonomy":"category","embeddable":true,"href":"https:\/\/denizcankizil.tr\/en\/wp-json\/wp\/v2\/categories?post=19283"},{"taxonomy":"post_tag","embeddable":true,"href":"https:\/\/denizcankizil.tr\/en\/wp-json\/wp\/v2\/tags?post=19283"}],"curies":[{"name":"wp","href":"https:\/\/api.w.org\/{rel}","templated":true}]}}