{"id":19278,"date":"2024-12-05T11:41:47","date_gmt":"2024-12-05T08:41:47","guid":{"rendered":"https:\/\/denizcankizil.tr\/uncategorized-tr\/alanyada-bozkurt-gerilimi-artiyor\/"},"modified":"2024-12-05T11:41:47","modified_gmt":"2024-12-05T08:41:47","slug":"alanyada-bozkurt-gerilimi-artiyor","status":"publish","type":"post","link":"https:\/\/denizcankizil.tr\/en\/haberler\/gundem\/alanyada-bozkurt-gerilimi-artiyor\/","title":{"rendered":"Alanya\u2019da Bozkurt gerilimi art\u0131yor!"},"content":{"rendered":"<p>Antalya\u2019n\u0131n Alanya il\u00e7esinin giri\u015fine Cumhuriyet\u2019in 100\u2019\u00fcnc\u00fc y\u0131l\u0131 an\u0131s\u0131na \u00f6nceki belediye ba\u015fkan\u0131 MHP&#8217;li Adem Murat Y\u00fccel taraf\u0131ndan yerle\u015ftirilen ve Gazi Mustafa Kemal Atat\u00fcrk\u2019\u00fcn 1936\u2019da Kahramanmara\u015f Kalesi\u2019ne yapt\u0131rd\u0131\u011f\u0131 \u2018Bayrak Tutan Bozkurt Heykeli\u2019nin CHP\u2019li Alanya Belediye Ba\u015fkan\u0131 Osman Tar\u0131k \u00d6z\u00e7elik taraf\u0131ndan kald\u0131r\u0131lmas\u0131 MHP&#8217;de tepkiyle kar\u015f\u0131land\u0131. MHP Antalya \u0130l Ba\u015fkan\u0131 Onur Temel\u2019in ard\u0131ndan bir tepki de MHP Antalya Milletvekili Abdurrahman Ba\u015fkan\u2019dan geldi.\u00a0<\/p>\n<p>MHP\u2019L\u0130 BA\u015eKAN\u2019DAN SERT TEPK\u0130!<\/p>\n<p>Milletvekili Ba\u015fkan,\u00a0 \u201cCHP\u2019li Belediye Ba\u015fkan\u0131\u2019n\u0131n bu d\u00fc\u015fmanca tutumu, Alanya\u2019n\u0131n milli ve manevi de\u011ferlerine sald\u0131r\u0131n\u0131n \u00f6tesine ge\u00e7ip, T\u00fcrk milletinin tamam\u0131na meydan okuma anlam\u0131 ta\u015f\u0131maktad\u0131r. Alanya gibi k\u00f6kl\u00fc bir T\u00fcrk yurduna b\u00f6yle bir ihanetin kabul g\u00f6rmesi asla m\u00fcmk\u00fcn de\u011fildir. Antalya ve Alanya de\u011ferlerine d\u00fc\u015fmanl\u0131k edenlere gereken cevab\u0131 her zaman vermi\u015ftir. Bundan sonra da verecektir\u201d dedi.\u00a0<\/p>\n<p>KUTSAL DE\u011eERLERE SALDIRI<\/p>\n<p>Sadece bozkurt heykelinin de\u011fil MHP Genel Ba\u015fkan\u0131 Devlet Bah\u00e7eli\u2019nin ad\u0131n\u0131n verildi\u011fi park\u0131n da ad\u0131n\u0131n de\u011fi\u015ftirilmesine dikkat \u00e7eken Ba\u015fkan, \u201cBozkurt, T\u00fcrk milletinin \u00f6zg\u00fcrl\u00fck, ba\u011f\u0131ms\u0131zl\u0131k ve direni\u015f ruhunun sembol\u00fcd\u00fcr. Bu sembole d\u00fc\u015fmanl\u0131k edenler, asl\u0131nda T\u00fcrk milletinin binlerce y\u0131ll\u0131k \u015fanl\u0131 tarihine ve bu milletin birlik ve beraberlik m\u00fccadelesine d\u00fc\u015fmanl\u0131k ekmektedir. Ayn\u0131 \u015fekilde, Devlet Bah\u00e7eli ad\u0131, sadece Milliyet\u00e7i Hareket Partisi\u2019nin de\u011fil, T\u00fcrk milletinin bekas\u0131 i\u00e7in verilen onurlu bir ad\u0131d\u0131r. Bu isimlere ve de\u011ferlere sald\u0131rmak, T\u00fcrk milletine olan nefretin somut bir g\u00f6stergesidir\u201d \u015feklinde konu\u015ftu.\u00a0<\/p>\n<p>T\u00dcRK M\u0130LLET\u0130NE MEYDAN OKUMA<\/p>\n<p>Al\u0131nan bu karar\u0131 Alanya halk\u0131na kar\u015f\u0131 bir meydan okuma olarak yorumlayan Ba\u015fkan, \u201cCHP\u2019li Belediye Ba\u015fkan\u0131\u2019n\u0131n bu d\u00fc\u015fmanca tutumu, Alanya\u2019n\u0131n milli ve manevi de\u011ferlerine sald\u0131r\u0131n\u0131n \u00f6tesine ge\u00e7ip, T\u00fcrk milletinin tamam\u0131na meydan okuma anlam\u0131 ta\u015f\u0131maktad\u0131r. Alanya gibi k\u00f6kl\u00fc bir T\u00fcrk yurduna b\u00f6yle bir ihanetin kabul g\u00f6rmesi asla m\u00fcmk\u00fcn de\u011fildir. Antalya ve Alanya de\u011ferlerine d\u00fc\u015fmanl\u0131k edenlere gereken cevab\u0131 her zaman vermi\u015ftir. Bundan sonra da verecektir. Bu durumda mevcut belediye ba\u015fkan\u0131n\u0131n Antalya halk\u0131n\u0131 tan\u0131mamas\u0131ndan kaynaklanmaktad\u0131r. Burada a\u00e7\u0131k\u00e7a ifade ediyoruz; T\u00fcrk milletinin de\u011ferlerine sald\u0131ran, T\u00fcrk d\u00fc\u015fmanl\u0131\u011f\u0131 yapan hi\u00e7 kimse bu millete hizmet etme \u015ferefine lay\u0131k de\u011fildir. Bu utan\u00e7 verici giri\u015fimlerin derhal durdurulmal\u0131, belediye ba\u015fkan\u0131 t\u00fcm Antalyal\u0131 ve Alanyal\u0131 hem\u015ferilerimden \u00f6z\u00fcr dilemelidir. T\u00fcrk milletinin kutsal sembollerine ve tarihine d\u00fc\u015fmanl\u0131k edenlerle m\u00fccadelemiz, kararl\u0131l\u0131kla ve tavizsiz \u015fekilde s\u00fcrecektir\u201d ifadelerini kulland\u0131.\u00a0<\/p>\n<p>B\u0130R ANLAM VEREMED\u0130K<\/p>\n<p>MHP Antalya \u0130l Ba\u015fkan\u0131 Onur Temel ise konuya ili\u015fkin yapt\u0131\u011f\u0131 a\u00e7\u0131klamada, \u201cT\u00fcrkiye Cumhuriyeti Devleti\u2019nin kurucusu Gazi Mustafa Kemal Atat\u00fcrk de bu \u015fuur ve bilin\u00e7 alt\u0131nda Anadolu\u2019da o d\u00f6nemin tek ba\u011f\u0131ms\u0131z T\u00fcrk devletinin milli sembol\u00fc olarak bozkurtu belirtmi\u015ftir ve bunu bir\u00e7ok kamu kurumunda sembol haline getirmi\u015f, paralar\u0131m\u0131zda basm\u0131\u015f, pullar\u0131m\u0131zda kulland\u0131rtm\u0131\u015ft\u0131r. 1936 y\u0131l\u0131nda da Kahramanmara\u015f Kalesi\u2019nde T\u00fcrk bayra\u011f\u0131na muhaf\u0131z olarak genel ba\u011f\u0131ms\u0131zl\u0131\u011f\u0131m\u0131z\u0131n sembol\u00fc olan bayra\u011f\u0131m\u0131z\u0131n, muhaf\u0131z\u0131 olarak bozkurtu i\u015faret etmi\u015f ve o bayrak tutan bozkurt heykelini emir ve talimatlar\u0131 ile in\u015fa ettirmi\u015ftir. 2 d\u00f6nem Alanya\u2019da belediye ba\u015fkanl\u0131\u011f\u0131m\u0131z\u0131 yapan Say\u0131n Adem Murat Y\u00fccel beyefendi de cumhuriyetimizin y\u00fcz\u00fcnc\u00fc y\u0131l d\u00f6n\u00fcm\u00fcnde Alanya\u2019m\u0131z\u0131n giri\u015findeki bir tepede Gazi Mustafa Kemal Atat\u00fcrk\u2019\u00fcn sil\u00fcetini koydurtmu\u015f, devam eden ikinci tepede de bayrak tutan bozkurt heykelini in\u015fa ettirmi\u015ftir. Ald\u0131\u011f\u0131m\u0131z haber neticesinde cumartesiyi pazar gecesine ba\u011flayan saatlerde ne rahats\u0131zl\u0131\u011f\u0131n\u0131 oldu\u011funu anlayamad\u0131\u011f\u0131m\u0131z belediye ba\u015fkan\u0131 olan zat, bozkurt heykelini oldu\u011fu yerden kald\u0131rtm\u0131\u015ft\u0131r. Alanya\u2019m\u0131z\u0131n bu kadar kentsel sorunu varken, hizmet bekleyen vatanda\u015flar\u0131m\u0131z varken, T\u00fcrk milletinin sembol\u00fc olan, ba\u011f\u0131ms\u0131zl\u0131\u011f\u0131m\u0131z\u0131n sembol\u00fc olan bozkurttan ne rahats\u0131zl\u0131k duydu\u011funa bizler bir anlam veremedik\u201d denildi.\u00a0<\/p>\n<p>\u200bAntalya\u2019n\u0131n Alanya il\u00e7esinin giri\u015fine \u00f6nceki d\u00f6nem belediye ba\u015fkan\u0131 MHP&#8217;li Adem Murat Y\u00fccel taraf\u0131ndan yerle\u015ftirilen Bayrak Tutan Bozkurt Heykeli\u2019nin CHP\u2019li Alanya Belediyesi taraf\u0131ndan kald\u0131r\u0131lmas\u0131 MHP&#8217;de tepkilere neden oldu. MHP Antalya Milletvekili Abdurrahman Ba\u015fkan, \u201cT\u00fcrk d\u00fc\u015fmanl\u0131\u011f\u0131 yapan hi\u00e7 kimse bu millete hizmet etme \u015ferefine lay\u0131k de\u011fildir\u201d dedi\u00a0<\/p>\n<p>\u200bHaberin Al\u0131nt\u0131land\u0131\u011f\u0131 Kaynak: www.antalyakorfez.com<\/p>","protected":false},"excerpt":{"rendered":"<p>Antalya\u2019n\u0131n Alanya il\u00e7esinin giri\u015fine Cumhuriyet\u2019in 100\u2019\u00fcnc\u00fc y\u0131l\u0131 an\u0131s\u0131na \u00f6nceki belediye ba\u015fkan\u0131 MHP&#8217;li Adem Murat Y\u00fccel taraf\u0131ndan yerle\u015ftirilen ve Gazi Mustafa Kemal Atat\u00fcrk\u2019\u00fcn 1936\u2019da Kahramanmara\u015f Kalesi\u2019ne yapt\u0131rd\u0131\u011f\u0131 \u2018Bayrak Tutan Bozkurt Heykeli\u2019nin CHP\u2019li Alanya Belediye Ba\u015fkan\u0131 Osman Tar\u0131k \u00d6z\u00e7elik taraf\u0131ndan kald\u0131r\u0131lmas\u0131 MHP&#8217;de tepkiyle kar\u015f\u0131land\u0131. MHP Antalya \u0130l Ba\u015fkan\u0131 Onur Temel\u2019in ard\u0131ndan bir tepki de MHP Antalya Milletvekili Abdurrahman Ba\u015fkan\u2019dan geldi.\u00a0 MHP\u2019L\u0130 BA\u015eKAN\u2019DAN SERT TEPK\u0130! Milletvekili Ba\u015fkan,\u00a0 \u201cCHP\u2019li Belediye Ba\u015fkan\u0131\u2019n\u0131n bu d\u00fc\u015fmanca tutumu, Alanya\u2019n\u0131n milli ve manevi de\u011ferlerine sald\u0131r\u0131n\u0131n \u00f6tesine ge\u00e7ip, T\u00fcrk milletinin tamam\u0131na meydan okuma anlam\u0131 ta\u015f\u0131maktad\u0131r. Alanya gibi k\u00f6kl\u00fc bir T\u00fcrk yurduna b\u00f6yle bir ihanetin kabul g\u00f6rmesi asla m\u00fcmk\u00fcn de\u011fildir. Antalya ve Alanya de\u011ferlerine d\u00fc\u015fmanl\u0131k edenlere gereken cevab\u0131 her zaman vermi\u015ftir. Bundan sonra da verecektir\u201d dedi.\u00a0 KUTSAL DE\u011eERLERE SALDIRI Sadece bozkurt heykelinin de\u011fil MHP Genel Ba\u015fkan\u0131 Devlet Bah\u00e7eli\u2019nin ad\u0131n\u0131n verildi\u011fi park\u0131n da ad\u0131n\u0131n de\u011fi\u015ftirilmesine dikkat \u00e7eken Ba\u015fkan, \u201cBozkurt, T\u00fcrk milletinin \u00f6zg\u00fcrl\u00fck, ba\u011f\u0131ms\u0131zl\u0131k ve direni\u015f ruhunun sembol\u00fcd\u00fcr. Bu sembole d\u00fc\u015fmanl\u0131k edenler, asl\u0131nda T\u00fcrk milletinin binlerce y\u0131ll\u0131k \u015fanl\u0131 tarihine ve bu milletin birlik ve beraberlik m\u00fccadelesine d\u00fc\u015fmanl\u0131k ekmektedir. Ayn\u0131 \u015fekilde, Devlet Bah\u00e7eli ad\u0131, sadece Milliyet\u00e7i Hareket Partisi\u2019nin de\u011fil, T\u00fcrk milletinin bekas\u0131 i\u00e7in verilen onurlu bir ad\u0131d\u0131r. Bu isimlere ve de\u011ferlere sald\u0131rmak, T\u00fcrk milletine olan nefretin somut bir g\u00f6stergesidir\u201d \u015feklinde konu\u015ftu.\u00a0 T\u00dcRK M\u0130LLET\u0130NE MEYDAN &hellip;<\/p>","protected":false},"author":0,"featured_media":0,"comment_status":"open","ping_status":"open","sticky":false,"template":"","format":"standard","meta":{"_acf_changed":false,"footnotes":""},"categories":[24,535],"tags":[],"class_list":["post-19278","post","type-post","status-publish","format-standard","has-post-thumbnail","hentry","category-gundem","category-uncategorized-tr"],"acf":[],"yoast_head":"<!-- This site is optimized with the Yoast SEO Premium plugin v26.6 (Yoast SEO v27.1.1) - https:\/\/yoast.com\/product\/yoast-seo-premium-wordpress\/ -->\n<title>Alanya\u2019da Bozkurt gerilimi art\u0131yor! - Av. Deniz Can K\u0131z\u0131l<\/title>\n<meta name=\"robots\" content=\"index, follow, max-snippet:-1, max-image-preview:large, max-video-preview:-1\" \/>\n<link rel=\"canonical\" href=\"https:\/\/denizcankizil.tr\/en\/haberler\/gundem\/alanyada-bozkurt-gerilimi-artiyor\/\" \/>\n<meta property=\"og:locale\" content=\"en_GB\" \/>\n<meta property=\"og:type\" content=\"article\" \/>\n<meta property=\"og:title\" content=\"Alanya\u2019da Bozkurt gerilimi art\u0131yor!\" \/>\n<meta property=\"og:description\" content=\"Antalya\u2019n\u0131n Alanya il\u00e7esinin giri\u015fine Cumhuriyet\u2019in 100\u2019\u00fcnc\u00fc y\u0131l\u0131 an\u0131s\u0131na \u00f6nceki belediye ba\u015fkan\u0131 MHP&#8217;li Adem Murat Y\u00fccel taraf\u0131ndan yerle\u015ftirilen ve Gazi Mustafa Kemal Atat\u00fcrk\u2019\u00fcn 1936\u2019da Kahramanmara\u015f Kalesi\u2019ne yapt\u0131rd\u0131\u011f\u0131 \u2018Bayrak Tutan Bozkurt Heykeli\u2019nin CHP\u2019li Alanya Belediye Ba\u015fkan\u0131 Osman Tar\u0131k \u00d6z\u00e7elik taraf\u0131ndan kald\u0131r\u0131lmas\u0131 MHP&#8217;de tepkiyle kar\u015f\u0131land\u0131. MHP Antalya \u0130l Ba\u015fkan\u0131 Onur Temel\u2019in ard\u0131ndan bir tepki de MHP Antalya Milletvekili Abdurrahman Ba\u015fkan\u2019dan geldi.\u00a0 MHP\u2019L\u0130 BA\u015eKAN\u2019DAN SERT TEPK\u0130! Milletvekili Ba\u015fkan,\u00a0 \u201cCHP\u2019li Belediye Ba\u015fkan\u0131\u2019n\u0131n bu d\u00fc\u015fmanca tutumu, Alanya\u2019n\u0131n milli ve manevi de\u011ferlerine sald\u0131r\u0131n\u0131n \u00f6tesine ge\u00e7ip, T\u00fcrk milletinin tamam\u0131na meydan okuma anlam\u0131 ta\u015f\u0131maktad\u0131r. Alanya gibi k\u00f6kl\u00fc bir T\u00fcrk yurduna b\u00f6yle bir ihanetin kabul g\u00f6rmesi asla m\u00fcmk\u00fcn de\u011fildir. Antalya ve Alanya de\u011ferlerine d\u00fc\u015fmanl\u0131k edenlere gereken cevab\u0131 her zaman vermi\u015ftir. Bundan sonra da verecektir\u201d dedi.\u00a0 KUTSAL DE\u011eERLERE SALDIRI Sadece bozkurt heykelinin de\u011fil MHP Genel Ba\u015fkan\u0131 Devlet Bah\u00e7eli\u2019nin ad\u0131n\u0131n verildi\u011fi park\u0131n da ad\u0131n\u0131n de\u011fi\u015ftirilmesine dikkat \u00e7eken Ba\u015fkan, \u201cBozkurt, T\u00fcrk milletinin \u00f6zg\u00fcrl\u00fck, ba\u011f\u0131ms\u0131zl\u0131k ve direni\u015f ruhunun sembol\u00fcd\u00fcr. Bu sembole d\u00fc\u015fmanl\u0131k edenler, asl\u0131nda T\u00fcrk milletinin binlerce y\u0131ll\u0131k \u015fanl\u0131 tarihine ve bu milletin birlik ve beraberlik m\u00fccadelesine d\u00fc\u015fmanl\u0131k ekmektedir. Ayn\u0131 \u015fekilde, Devlet Bah\u00e7eli ad\u0131, sadece Milliyet\u00e7i Hareket Partisi\u2019nin de\u011fil, T\u00fcrk milletinin bekas\u0131 i\u00e7in verilen onurlu bir ad\u0131d\u0131r. Bu isimlere ve de\u011ferlere sald\u0131rmak, T\u00fcrk milletine olan nefretin somut bir g\u00f6stergesidir\u201d \u015feklinde konu\u015ftu.\u00a0 T\u00dcRK M\u0130LLET\u0130NE MEYDAN &hellip;\" \/>\n<meta property=\"og:url\" content=\"https:\/\/denizcankizil.tr\/en\/haberler\/gundem\/alanyada-bozkurt-gerilimi-artiyor\/\" \/>\n<meta property=\"og:site_name\" content=\"Av. Deniz Can K\u0131z\u0131l\" \/>\n<meta property=\"article:published_time\" content=\"2024-12-05T08:41:47+00:00\" \/>\n<meta name=\"twitter:card\" content=\"summary_large_image\" \/>\n<meta name=\"twitter:label1\" content=\"Estimated reading time\" \/>\n\t<meta name=\"twitter:data1\" content=\"4 minutes\" \/>\n<script type=\"application\/ld+json\" class=\"yoast-schema-graph\">{\"@context\":\"https:\/\/schema.org\",\"@graph\":[{\"@type\":\"Article\",\"@id\":\"https:\/\/denizcankizil.tr\/en\/haberler\/gundem\/alanyada-bozkurt-gerilimi-artiyor\/#article\",\"isPartOf\":{\"@id\":\"https:\/\/denizcankizil.tr\/en\/haberler\/gundem\/alanyada-bozkurt-gerilimi-artiyor\/\"},\"author\":{\"name\":\"\",\"@id\":\"\"},\"headline\":\"Alanya\u2019da Bozkurt gerilimi art\u0131yor!\",\"datePublished\":\"2024-12-05T08:41:47+00:00\",\"mainEntityOfPage\":{\"@id\":\"https:\/\/denizcankizil.tr\/en\/haberler\/gundem\/alanyada-bozkurt-gerilimi-artiyor\/\"},\"wordCount\":827,\"commentCount\":0,\"publisher\":{\"@id\":\"https:\/\/denizcankizil.tr\/de\/#organization\"},\"articleSection\":[\"G\u00fcndem\",\"Uncategorized\"],\"inLanguage\":\"en-GB\",\"potentialAction\":[{\"@type\":\"CommentAction\",\"name\":\"Comment\",\"target\":[\"https:\/\/denizcankizil.tr\/en\/haberler\/gundem\/alanyada-bozkurt-gerilimi-artiyor\/#respond\"]}]},{\"@type\":\"WebPage\",\"@id\":\"https:\/\/denizcankizil.tr\/en\/haberler\/gundem\/alanyada-bozkurt-gerilimi-artiyor\/\",\"url\":\"https:\/\/denizcankizil.tr\/en\/haberler\/gundem\/alanyada-bozkurt-gerilimi-artiyor\/\",\"name\":\"Alanya\u2019da Bozkurt gerilimi art\u0131yor! - Av. Deniz Can K\u0131z\u0131l\",\"isPartOf\":{\"@id\":\"https:\/\/denizcankizil.tr\/de\/#website\"},\"datePublished\":\"2024-12-05T08:41:47+00:00\",\"breadcrumb\":{\"@id\":\"https:\/\/denizcankizil.tr\/en\/haberler\/gundem\/alanyada-bozkurt-gerilimi-artiyor\/#breadcrumb\"},\"inLanguage\":\"en-GB\",\"potentialAction\":[{\"@type\":\"ReadAction\",\"target\":[\"https:\/\/denizcankizil.tr\/en\/haberler\/gundem\/alanyada-bozkurt-gerilimi-artiyor\/\"]}]},{\"@type\":\"BreadcrumbList\",\"@id\":\"https:\/\/denizcankizil.tr\/en\/haberler\/gundem\/alanyada-bozkurt-gerilimi-artiyor\/#breadcrumb\",\"itemListElement\":[{\"@type\":\"ListItem\",\"position\":1,\"name\":\"Home\",\"item\":\"https:\/\/denizcankizil.tr\/de\/\"},{\"@type\":\"ListItem\",\"position\":2,\"name\":\"Alanya\u2019da Bozkurt gerilimi art\u0131yor!\"}]},{\"@type\":\"WebSite\",\"@id\":\"https:\/\/denizcankizil.tr\/de\/#website\",\"url\":\"https:\/\/denizcankizil.tr\/de\/\",\"name\":\"Av. Deniz Can K\u0131z\u0131l\",\"description\":\"Avukat Deniz Can K\u0131z\u0131l Antalya Barosu\",\"publisher\":{\"@id\":\"https:\/\/denizcankizil.tr\/de\/#organization\"},\"potentialAction\":[{\"@type\":\"SearchAction\",\"target\":{\"@type\":\"EntryPoint\",\"urlTemplate\":\"https:\/\/denizcankizil.tr\/de\/?s={search_term_string}\"},\"query-input\":{\"@type\":\"PropertyValueSpecification\",\"valueRequired\":true,\"valueName\":\"search_term_string\"}}],\"inLanguage\":\"en-GB\"},{\"@type\":\"Organization\",\"@id\":\"https:\/\/denizcankizil.tr\/de\/#organization\",\"name\":\"Av. Deniz Can K\u0131z\u0131l\",\"url\":\"https:\/\/denizcankizil.tr\/de\/\",\"logo\":{\"@type\":\"ImageObject\",\"inLanguage\":\"en-GB\",\"@id\":\"https:\/\/denizcankizil.tr\/de\/#\/schema\/logo\/image\/\",\"url\":\"https:\/\/denizcankizil.tr\/wp-content\/uploads\/2024\/10\/siyah-logo-svg.svg\",\"contentUrl\":\"https:\/\/denizcankizil.tr\/wp-content\/uploads\/2024\/10\/siyah-logo-svg.svg\",\"width\":1080,\"height\":1080,\"caption\":\"Av. Deniz Can K\u0131z\u0131l\"},\"image\":{\"@id\":\"https:\/\/denizcankizil.tr\/de\/#\/schema\/logo\/image\/\"}}]}<\/script>\n<!-- \/ Yoast SEO Premium plugin. -->","yoast_head_json":{"title":"Alanya\u2019da Bozkurt gerilimi art\u0131yor! - Av. Deniz Can K\u0131z\u0131l","robots":{"index":"index","follow":"follow","max-snippet":"max-snippet:-1","max-image-preview":"max-image-preview:large","max-video-preview":"max-video-preview:-1"},"canonical":"https:\/\/denizcankizil.tr\/en\/haberler\/gundem\/alanyada-bozkurt-gerilimi-artiyor\/","og_locale":"en_GB","og_type":"article","og_title":"Alanya\u2019da Bozkurt gerilimi art\u0131yor!","og_description":"Antalya\u2019n\u0131n Alanya il\u00e7esinin giri\u015fine Cumhuriyet\u2019in 100\u2019\u00fcnc\u00fc y\u0131l\u0131 an\u0131s\u0131na \u00f6nceki belediye ba\u015fkan\u0131 MHP&#8217;li Adem Murat Y\u00fccel taraf\u0131ndan yerle\u015ftirilen ve Gazi Mustafa Kemal Atat\u00fcrk\u2019\u00fcn 1936\u2019da Kahramanmara\u015f Kalesi\u2019ne yapt\u0131rd\u0131\u011f\u0131 \u2018Bayrak Tutan Bozkurt Heykeli\u2019nin CHP\u2019li Alanya Belediye Ba\u015fkan\u0131 Osman Tar\u0131k \u00d6z\u00e7elik taraf\u0131ndan kald\u0131r\u0131lmas\u0131 MHP&#8217;de tepkiyle kar\u015f\u0131land\u0131. MHP Antalya \u0130l Ba\u015fkan\u0131 Onur Temel\u2019in ard\u0131ndan bir tepki de MHP Antalya Milletvekili Abdurrahman Ba\u015fkan\u2019dan geldi.\u00a0 MHP\u2019L\u0130 BA\u015eKAN\u2019DAN SERT TEPK\u0130! Milletvekili Ba\u015fkan,\u00a0 \u201cCHP\u2019li Belediye Ba\u015fkan\u0131\u2019n\u0131n bu d\u00fc\u015fmanca tutumu, Alanya\u2019n\u0131n milli ve manevi de\u011ferlerine sald\u0131r\u0131n\u0131n \u00f6tesine ge\u00e7ip, T\u00fcrk milletinin tamam\u0131na meydan okuma anlam\u0131 ta\u015f\u0131maktad\u0131r. Alanya gibi k\u00f6kl\u00fc bir T\u00fcrk yurduna b\u00f6yle bir ihanetin kabul g\u00f6rmesi asla m\u00fcmk\u00fcn de\u011fildir. Antalya ve Alanya de\u011ferlerine d\u00fc\u015fmanl\u0131k edenlere gereken cevab\u0131 her zaman vermi\u015ftir. Bundan sonra da verecektir\u201d dedi.\u00a0 KUTSAL DE\u011eERLERE SALDIRI Sadece bozkurt heykelinin de\u011fil MHP Genel Ba\u015fkan\u0131 Devlet Bah\u00e7eli\u2019nin ad\u0131n\u0131n verildi\u011fi park\u0131n da ad\u0131n\u0131n de\u011fi\u015ftirilmesine dikkat \u00e7eken Ba\u015fkan, \u201cBozkurt, T\u00fcrk milletinin \u00f6zg\u00fcrl\u00fck, ba\u011f\u0131ms\u0131zl\u0131k ve direni\u015f ruhunun sembol\u00fcd\u00fcr. Bu sembole d\u00fc\u015fmanl\u0131k edenler, asl\u0131nda T\u00fcrk milletinin binlerce y\u0131ll\u0131k \u015fanl\u0131 tarihine ve bu milletin birlik ve beraberlik m\u00fccadelesine d\u00fc\u015fmanl\u0131k ekmektedir. Ayn\u0131 \u015fekilde, Devlet Bah\u00e7eli ad\u0131, sadece Milliyet\u00e7i Hareket Partisi\u2019nin de\u011fil, T\u00fcrk milletinin bekas\u0131 i\u00e7in verilen onurlu bir ad\u0131d\u0131r. Bu isimlere ve de\u011ferlere sald\u0131rmak, T\u00fcrk milletine olan nefretin somut bir g\u00f6stergesidir\u201d \u015feklinde konu\u015ftu.\u00a0 T\u00dcRK M\u0130LLET\u0130NE MEYDAN &hellip;","og_url":"https:\/\/denizcankizil.tr\/en\/haberler\/gundem\/alanyada-bozkurt-gerilimi-artiyor\/","og_site_name":"Av. Deniz Can K\u0131z\u0131l","article_published_time":"2024-12-05T08:41:47+00:00","twitter_card":"summary_large_image","twitter_misc":{"Estimated reading time":"4 minutes"},"schema":{"@context":"https:\/\/schema.org","@graph":[{"@type":"Article","@id":"https:\/\/denizcankizil.tr\/en\/haberler\/gundem\/alanyada-bozkurt-gerilimi-artiyor\/#article","isPartOf":{"@id":"https:\/\/denizcankizil.tr\/en\/haberler\/gundem\/alanyada-bozkurt-gerilimi-artiyor\/"},"author":{"name":"","@id":""},"headline":"Alanya\u2019da Bozkurt gerilimi art\u0131yor!","datePublished":"2024-12-05T08:41:47+00:00","mainEntityOfPage":{"@id":"https:\/\/denizcankizil.tr\/en\/haberler\/gundem\/alanyada-bozkurt-gerilimi-artiyor\/"},"wordCount":827,"commentCount":0,"publisher":{"@id":"https:\/\/denizcankizil.tr\/de\/#organization"},"articleSection":["G\u00fcndem","Uncategorized"],"inLanguage":"en-GB","potentialAction":[{"@type":"CommentAction","name":"Comment","target":["https:\/\/denizcankizil.tr\/en\/haberler\/gundem\/alanyada-bozkurt-gerilimi-artiyor\/#respond"]}]},{"@type":"WebPage","@id":"https:\/\/denizcankizil.tr\/en\/haberler\/gundem\/alanyada-bozkurt-gerilimi-artiyor\/","url":"https:\/\/denizcankizil.tr\/en\/haberler\/gundem\/alanyada-bozkurt-gerilimi-artiyor\/","name":"Alanya\u2019da Bozkurt gerilimi art\u0131yor! - Av. Deniz Can K\u0131z\u0131l","isPartOf":{"@id":"https:\/\/denizcankizil.tr\/de\/#website"},"datePublished":"2024-12-05T08:41:47+00:00","breadcrumb":{"@id":"https:\/\/denizcankizil.tr\/en\/haberler\/gundem\/alanyada-bozkurt-gerilimi-artiyor\/#breadcrumb"},"inLanguage":"en-GB","potentialAction":[{"@type":"ReadAction","target":["https:\/\/denizcankizil.tr\/en\/haberler\/gundem\/alanyada-bozkurt-gerilimi-artiyor\/"]}]},{"@type":"BreadcrumbList","@id":"https:\/\/denizcankizil.tr\/en\/haberler\/gundem\/alanyada-bozkurt-gerilimi-artiyor\/#breadcrumb","itemListElement":[{"@type":"ListItem","position":1,"name":"Home","item":"https:\/\/denizcankizil.tr\/de\/"},{"@type":"ListItem","position":2,"name":"Alanya\u2019da Bozkurt gerilimi art\u0131yor!"}]},{"@type":"WebSite","@id":"https:\/\/denizcankizil.tr\/de\/#website","url":"https:\/\/denizcankizil.tr\/de\/","name":"Av. Deniz Can K\u0131z\u0131l","description":"Avukat Deniz Can K\u0131z\u0131l Antalya Barosu","publisher":{"@id":"https:\/\/denizcankizil.tr\/de\/#organization"},"potentialAction":[{"@type":"SearchAction","target":{"@type":"EntryPoint","urlTemplate":"https:\/\/denizcankizil.tr\/de\/?s={search_term_string}"},"query-input":{"@type":"PropertyValueSpecification","valueRequired":true,"valueName":"search_term_string"}}],"inLanguage":"en-GB"},{"@type":"Organization","@id":"https:\/\/denizcankizil.tr\/de\/#organization","name":"Av. Deniz Can K\u0131z\u0131l","url":"https:\/\/denizcankizil.tr\/de\/","logo":{"@type":"ImageObject","inLanguage":"en-GB","@id":"https:\/\/denizcankizil.tr\/de\/#\/schema\/logo\/image\/","url":"https:\/\/denizcankizil.tr\/wp-content\/uploads\/2024\/10\/siyah-logo-svg.svg","contentUrl":"https:\/\/denizcankizil.tr\/wp-content\/uploads\/2024\/10\/siyah-logo-svg.svg","width":1080,"height":1080,"caption":"Av. Deniz Can K\u0131z\u0131l"},"image":{"@id":"https:\/\/denizcankizil.tr\/de\/#\/schema\/logo\/image\/"}}]}},"_links":{"self":[{"href":"https:\/\/denizcankizil.tr\/en\/wp-json\/wp\/v2\/posts\/19278","targetHints":{"allow":["GET"]}}],"collection":[{"href":"https:\/\/denizcankizil.tr\/en\/wp-json\/wp\/v2\/posts"}],"about":[{"href":"https:\/\/denizcankizil.tr\/en\/wp-json\/wp\/v2\/types\/post"}],"replies":[{"embeddable":true,"href":"https:\/\/denizcankizil.tr\/en\/wp-json\/wp\/v2\/comments?post=19278"}],"version-history":[{"count":0,"href":"https:\/\/denizcankizil.tr\/en\/wp-json\/wp\/v2\/posts\/19278\/revisions"}],"wp:attachment":[{"href":"https:\/\/denizcankizil.tr\/en\/wp-json\/wp\/v2\/media?parent=19278"}],"wp:term":[{"taxonomy":"category","embeddable":true,"href":"https:\/\/denizcankizil.tr\/en\/wp-json\/wp\/v2\/categories?post=19278"},{"taxonomy":"post_tag","embeddable":true,"href":"https:\/\/denizcankizil.tr\/en\/wp-json\/wp\/v2\/tags?post=19278"}],"curies":[{"name":"wp","href":"https:\/\/api.w.org\/{rel}","templated":true}]}}