{"id":19086,"date":"2024-12-04T11:41:15","date_gmt":"2024-12-04T08:41:15","guid":{"rendered":"https:\/\/denizcankizil.tr\/uncategorized-tr\/30-yildir-denizin-copunu-topluyor\/"},"modified":"2024-12-04T11:41:15","modified_gmt":"2024-12-04T08:41:15","slug":"30-yildir-denizin-copunu-topluyor","status":"publish","type":"post","link":"https:\/\/denizcankizil.tr\/en\/haberler\/antalya\/30-yildir-denizin-copunu-topluyor\/","title":{"rendered":"30 y\u0131ld\u0131r denizin \u00e7\u00f6p\u00fcn\u00fc topluyor"},"content":{"rendered":"<p>Demre&#8217;nin d\u00fcnyaca \u00fcnl\u00fc tarihi ve turistik merkezi Kekova b\u00f6lgesinde Kalek\u00f6y, G\u00f6kkaya Koyu, Korsan Ma\u011faras\u0131, Akvaryum Koyu, Simena Antik Bat\u0131k\u015fehir, Tersane, \u00dc\u00e7a\u011f\u0131z, Hamidiye, Salyangoz, Bur\u00e7 ve Buza\u011f\u0131l\u0131k koyu gibi \u00e7ok say\u0131da koy ve sahiline \u00f6zellikle yaz aylar\u0131nda hem yurt i\u00e7i hem yurt d\u0131\u015f\u0131ndan on binlerce turist geliyor. Demre ve Ka\u015f il\u00e7elerinden tekne turlar\u0131yla bu koylar\u0131 gezen ve denize girenlerin ard\u0131nda b\u0131rakt\u0131\u011f\u0131 \u00e7\u00f6pleri ise 30 y\u0131ld\u0131r Cevdet Eren topluyor. &#8216;Kader-2&#8217; isimli pancar motoru tak\u0131l\u0131 k\u00fc\u00e7\u00fck teknesiyle her sabah g\u00fcn do\u011fmadan koylar\u0131 tek tek dola\u015f\u0131p \u00e7\u00f6pleri temizleyen Eren, belediyeden 2 y\u0131l \u00f6nce emekli olduktan sonra da \u00e7\u00f6pleri toplamaya devam ediyor.<\/p>\n<p>30 YILDIR KEKOVA&#8217;YI TEM\u0130ZLEYEN ADAM<\/p>\n<p>Kekova Adas\u0131, Bat\u0131k\u015fehir, Tersane ve Akvaryum gibi \u00e7evre koylar\u0131n temizli\u011fini yapt\u0131\u011f\u0131n\u0131, turistlerin b\u0131rakt\u0131\u011f\u0131 \u00e7\u00f6pleri toplad\u0131\u011f\u0131n\u0131 belirten Cevdet Eren, &#8220;Tekne kendimin, tekne i\u00e7in \u00fccret alm\u0131yorum, sadece ayl\u0131k al\u0131yorum. Kalek\u00f6y&#8217;\u00fcn \u00e7\u00f6plerini her g\u00fcn al\u0131yorum, koylar\u0131 aral\u0131kl\u0131 g\u00fcnlerde topluyorum. 30 y\u0131ld\u0131r bu i\u015fi yap\u0131yorum. Yaz g\u00fcnleri \u00e7ok \u00e7\u00f6p \u00e7\u0131k\u0131yor, k\u0131\u015f d\u00f6nemi az oluyor. Her g\u00fcn saat 04.00&#8217;te burada oluyorum, Kalek\u00f6y&#8217;deki herkes \u00e7\u00f6p\u00fcn\u00fc getiriyor. Koylarda denize b\u0131rak\u0131lm\u0131\u015f ve sahile vuran \u00e7\u00f6pleri topluyorum&#8221; dedi.<\/p>\n<p>YAZIN G\u00dcNDE 3 B\u0130N K\u0130LO \u00c7\u00d6P \u00c7IKIYOR<\/p>\n<p>Demre Belediyesi Temizlik \u0130\u015fleri M\u00fcd\u00fcr\u00fc H\u00fcseyin Kart\u0131n, Cevdet Eren&#8217;in her sabah 04.00 gibi Kalek\u00f6y&#8217;de ya\u015fad\u0131\u011f\u0131 evinden \u00e7\u0131k\u0131p restoranlar, i\u015fletmeler ve k\u00f6y sakinlerinin limana b\u0131rakt\u0131\u011f\u0131 evsel at\u0131klar\u0131 teknesine y\u00fckledi\u011fini, yakla\u015f\u0131k 15 dakikal\u0131k deniz yolculu\u011fu ile \u00dc\u00e7a\u011f\u0131z Mahallesi iskelesinde belediyenin \u00e7\u00f6p toplama alan\u0131na b\u0131rakt\u0131\u011f\u0131n\u0131 s\u00f6yledi. \u0130l\u00e7e merkezinden gelen \u00e7\u00f6p toplama arac\u0131yla da 05.30-06.00 aras\u0131nda transferin sa\u011fland\u0131\u011f\u0131n\u0131 kaydeden Kart\u0131n, &#8220;Ayr\u0131ca Kekova Adas\u0131 ve \u00e7evresinde bulunan Akvaryum, Tersane, Bat\u0131k\u015fehir, Hamidiye, Bur\u00e7, G\u00f6kkaya, Buza\u011f\u0131l\u0131k, Salyangoz gibi tur tekneleri ve yatlar\u0131n kulland\u0131\u011f\u0131 koylarda ve adac\u0131klarda b\u0131rak\u0131lan \u00e7\u00f6pleri de topluyor. K\u0131\u015f aylar\u0131nda haftada iki, yaz d\u00f6neminde d\u00f6rt g\u00fcn topluyor. Bu i\u015flem yakla\u015f\u0131k 30 y\u0131ld\u0131r devam ediyor. Yaz d\u00f6neminde g\u00fcnl\u00fck 3 bin kilogram, k\u0131\u015f d\u00f6neminde ise 1000 kilogram \u00e7\u00f6p toplan\u0131yor. Bu \u00e7\u00f6pleri limana getirmek i\u00e7in bazen g\u00fcnl\u00fck 3-4 sefer yap\u0131yor&#8221; diye konu\u015ftu.<\/p>\n<p>G\u00dcNE\u015e DO\u011eMADAN KOYLAR TEM\u0130ZLEN\u0130YOR<\/p>\n<p>Co\u011frafi olarak Demre&#8217;nin biraz da\u011f\u0131n\u0131k oldu\u011funu ve zor \u015fartlarda hizmet ettiklerini belirten Belediye Ba\u015fkan\u0131 Fahri Duran, &#8220;\u00d6zellikle yar\u0131madalar ve adalarda olan b\u00f6l\u00fcmlere kabul etmek gerekir ki hizmet etmek biraz zor. Do\u011fa incisi Kekova Adas\u0131 ve halk\u0131n \u00e7ok sevdi\u011fi G\u00f6kkaya, Tersane koyuna y\u00fczde 60&#8217;\u0131 Ka\u015f taraf\u0131ndan, y\u00fczde 40&#8217;\u0131 Demre ve \u00dc\u00e7a\u011f\u0131z&#8217;dan gelen ziyaret\u00e7ilere hizmet etmek kolay de\u011fil. Biz bir pancar motorlu tekne ve kendi belediye \u00e7al\u0131\u015fan\u0131m\u0131zla her g\u00fcn bu koylar\u0131 gezdiriyoruz. \u00c7al\u0131\u015fan arkada\u015f her sabah g\u00fcne\u015f do\u011fmadan b\u00fct\u00fcn koylara gidiyor. B\u00fct\u00fcn koylardaki \u00e7\u00f6pleri, pislikleri temizliyoruz ve gelen misafirlerimize g\u00fczel bir Kekova, g\u00fczel bir G\u00f6kkaya, g\u00fczel bir \u00dc\u00e7a\u011f\u0131z, g\u00fczel bir Kalek\u00f6y b\u0131rakmak i\u00e7in elimizden geleni yap\u0131yoruz&#8221; dedi.<\/p>\n<p>\u00c7\u00d6PLER\u0130N\u0130 BIRAKIP G\u0130DENLERE SESLEND\u0130<\/p>\n<p>G\u00fcnl\u00fck neredeyse 1 tekne dolusu \u00e7\u00f6p topland\u0131\u011f\u0131na i\u015faret eden Duran, &#8220;Baz\u0131 g\u00fcnlerde tekne tamamen doluyor. Misafirlerimize serzeni\u015fte bulunmak istiyorum. Duyarl\u0131 olmalar\u0131 gerekiyor. Asl\u0131nda onlar\u0131n daha kolay \u015fartlarda \u00e7\u00f6plerini imha etme durumlar\u0131 varken, geldikleri teknelerle ya da deniz ara\u00e7lar\u0131yla geri g\u00f6t\u00fcrme imkanlar\u0131 varken g\u00f6revi bize b\u0131rak\u0131yorlar. Tabii biz zor \u015fartlarda topluyoruz. Bazen iki ki\u015fi, bazen bir ki\u015fi gidiyor. Ve zorland\u0131klar\u0131 anlar oluyor. \u0130ki g\u00fcne \u00e7\u0131kt\u0131\u011f\u0131 vakit o pancar motor tamamen doluyor&#8221; diye konu\u015ftu<\/p>\n<p>Kaynak: www.kanalv.com.tr Haber Sitesinden Al\u0131nm\u0131\u015ft\u0131r.<\/p>","protected":false},"excerpt":{"rendered":"<p>Demre&#8217;nin d\u00fcnyaca \u00fcnl\u00fc tarihi ve turistik merkezi Kekova b\u00f6lgesinde Kalek\u00f6y, G\u00f6kkaya Koyu, Korsan Ma\u011faras\u0131, Akvaryum Koyu, Simena Antik Bat\u0131k\u015fehir, Tersane, \u00dc\u00e7a\u011f\u0131z, Hamidiye, Salyangoz, Bur\u00e7 ve Buza\u011f\u0131l\u0131k koyu gibi \u00e7ok say\u0131da koy ve sahiline \u00f6zellikle yaz aylar\u0131nda hem yurt i\u00e7i hem yurt d\u0131\u015f\u0131ndan on binlerce turist geliyor. Demre ve Ka\u015f il\u00e7elerinden tekne turlar\u0131yla bu koylar\u0131 gezen ve denize girenlerin ard\u0131nda b\u0131rakt\u0131\u011f\u0131 \u00e7\u00f6pleri ise 30 y\u0131ld\u0131r Cevdet Eren topluyor. &#8216;Kader-2&#8217; isimli pancar motoru tak\u0131l\u0131 k\u00fc\u00e7\u00fck teknesiyle her sabah g\u00fcn do\u011fmadan koylar\u0131 tek tek dola\u015f\u0131p \u00e7\u00f6pleri temizleyen Eren, belediyeden 2 y\u0131l \u00f6nce emekli olduktan sonra da \u00e7\u00f6pleri toplamaya devam ediyor. 30 YILDIR KEKOVA&#8217;YI TEM\u0130ZLEYEN ADAM Kekova Adas\u0131, Bat\u0131k\u015fehir, Tersane ve Akvaryum gibi \u00e7evre koylar\u0131n temizli\u011fini yapt\u0131\u011f\u0131n\u0131, turistlerin b\u0131rakt\u0131\u011f\u0131 \u00e7\u00f6pleri toplad\u0131\u011f\u0131n\u0131 belirten Cevdet Eren, &#8220;Tekne kendimin, tekne i\u00e7in \u00fccret alm\u0131yorum, sadece ayl\u0131k al\u0131yorum. Kalek\u00f6y&#8217;\u00fcn \u00e7\u00f6plerini her g\u00fcn al\u0131yorum, koylar\u0131 aral\u0131kl\u0131 g\u00fcnlerde topluyorum. 30 y\u0131ld\u0131r bu i\u015fi yap\u0131yorum. Yaz g\u00fcnleri \u00e7ok \u00e7\u00f6p \u00e7\u0131k\u0131yor, k\u0131\u015f d\u00f6nemi az oluyor. Her g\u00fcn saat 04.00&#8217;te burada oluyorum, Kalek\u00f6y&#8217;deki herkes \u00e7\u00f6p\u00fcn\u00fc getiriyor. Koylarda denize b\u0131rak\u0131lm\u0131\u015f ve sahile vuran \u00e7\u00f6pleri topluyorum&#8221; dedi. YAZIN G\u00dcNDE 3 B\u0130N K\u0130LO \u00c7\u00d6P \u00c7IKIYOR Demre Belediyesi Temizlik \u0130\u015fleri M\u00fcd\u00fcr\u00fc H\u00fcseyin Kart\u0131n, Cevdet Eren&#8217;in her sabah 04.00 gibi Kalek\u00f6y&#8217;de ya\u015fad\u0131\u011f\u0131 evinden \u00e7\u0131k\u0131p restoranlar, i\u015fletmeler ve k\u00f6y sakinlerinin &hellip;<\/p>","protected":false},"author":0,"featured_media":19087,"comment_status":"open","ping_status":"open","sticky":false,"template":"","format":"standard","meta":{"_acf_changed":false,"footnotes":""},"categories":[26,535],"tags":[],"class_list":["post-19086","post","type-post","status-publish","format-standard","has-post-thumbnail","hentry","category-antalya","category-uncategorized-tr"],"acf":[],"yoast_head":"<!-- This site is optimized with the Yoast SEO Premium plugin v26.6 (Yoast SEO v27.1.1) - https:\/\/yoast.com\/product\/yoast-seo-premium-wordpress\/ -->\n<title>30 y\u0131ld\u0131r denizin \u00e7\u00f6p\u00fcn\u00fc topluyor - Av. Deniz Can K\u0131z\u0131l<\/title>\n<meta name=\"robots\" content=\"index, follow, max-snippet:-1, max-image-preview:large, max-video-preview:-1\" \/>\n<link rel=\"canonical\" href=\"https:\/\/denizcankizil.tr\/en\/haberler\/antalya\/30-yildir-denizin-copunu-topluyor\/\" \/>\n<meta property=\"og:locale\" content=\"en_GB\" \/>\n<meta property=\"og:type\" content=\"article\" \/>\n<meta property=\"og:title\" content=\"30 y\u0131ld\u0131r denizin \u00e7\u00f6p\u00fcn\u00fc topluyor\" \/>\n<meta property=\"og:description\" content=\"Demre&#8217;nin d\u00fcnyaca \u00fcnl\u00fc tarihi ve turistik merkezi Kekova b\u00f6lgesinde Kalek\u00f6y, G\u00f6kkaya Koyu, Korsan Ma\u011faras\u0131, Akvaryum Koyu, Simena Antik Bat\u0131k\u015fehir, Tersane, \u00dc\u00e7a\u011f\u0131z, Hamidiye, Salyangoz, Bur\u00e7 ve Buza\u011f\u0131l\u0131k koyu gibi \u00e7ok say\u0131da koy ve sahiline \u00f6zellikle yaz aylar\u0131nda hem yurt i\u00e7i hem yurt d\u0131\u015f\u0131ndan on binlerce turist geliyor. Demre ve Ka\u015f il\u00e7elerinden tekne turlar\u0131yla bu koylar\u0131 gezen ve denize girenlerin ard\u0131nda b\u0131rakt\u0131\u011f\u0131 \u00e7\u00f6pleri ise 30 y\u0131ld\u0131r Cevdet Eren topluyor. &#8216;Kader-2&#8217; isimli pancar motoru tak\u0131l\u0131 k\u00fc\u00e7\u00fck teknesiyle her sabah g\u00fcn do\u011fmadan koylar\u0131 tek tek dola\u015f\u0131p \u00e7\u00f6pleri temizleyen Eren, belediyeden 2 y\u0131l \u00f6nce emekli olduktan sonra da \u00e7\u00f6pleri toplamaya devam ediyor. 30 YILDIR KEKOVA&#8217;YI TEM\u0130ZLEYEN ADAM Kekova Adas\u0131, Bat\u0131k\u015fehir, Tersane ve Akvaryum gibi \u00e7evre koylar\u0131n temizli\u011fini yapt\u0131\u011f\u0131n\u0131, turistlerin b\u0131rakt\u0131\u011f\u0131 \u00e7\u00f6pleri toplad\u0131\u011f\u0131n\u0131 belirten Cevdet Eren, &#8220;Tekne kendimin, tekne i\u00e7in \u00fccret alm\u0131yorum, sadece ayl\u0131k al\u0131yorum. Kalek\u00f6y&#8217;\u00fcn \u00e7\u00f6plerini her g\u00fcn al\u0131yorum, koylar\u0131 aral\u0131kl\u0131 g\u00fcnlerde topluyorum. 30 y\u0131ld\u0131r bu i\u015fi yap\u0131yorum. Yaz g\u00fcnleri \u00e7ok \u00e7\u00f6p \u00e7\u0131k\u0131yor, k\u0131\u015f d\u00f6nemi az oluyor. Her g\u00fcn saat 04.00&#8217;te burada oluyorum, Kalek\u00f6y&#8217;deki herkes \u00e7\u00f6p\u00fcn\u00fc getiriyor. Koylarda denize b\u0131rak\u0131lm\u0131\u015f ve sahile vuran \u00e7\u00f6pleri topluyorum&#8221; dedi. YAZIN G\u00dcNDE 3 B\u0130N K\u0130LO \u00c7\u00d6P \u00c7IKIYOR Demre Belediyesi Temizlik \u0130\u015fleri M\u00fcd\u00fcr\u00fc H\u00fcseyin Kart\u0131n, Cevdet Eren&#8217;in her sabah 04.00 gibi Kalek\u00f6y&#8217;de ya\u015fad\u0131\u011f\u0131 evinden \u00e7\u0131k\u0131p restoranlar, i\u015fletmeler ve k\u00f6y sakinlerinin &hellip;\" \/>\n<meta property=\"og:url\" content=\"https:\/\/denizcankizil.tr\/en\/haberler\/antalya\/30-yildir-denizin-copunu-topluyor\/\" \/>\n<meta property=\"og:site_name\" content=\"Av. Deniz Can K\u0131z\u0131l\" \/>\n<meta property=\"article:published_time\" content=\"2024-12-04T08:41:15+00:00\" \/>\n<meta property=\"og:image\" content=\"https:\/\/denizcankizil.tr\/wp-content\/uploads\/2024\/12\/3412-01-YOJFNO.jpeg\" \/>\n\t<meta property=\"og:image:width\" content=\"1280\" \/>\n\t<meta property=\"og:image:height\" content=\"720\" \/>\n\t<meta property=\"og:image:type\" content=\"image\/jpeg\" \/>\n<meta name=\"twitter:card\" content=\"summary_large_image\" \/>\n<meta name=\"twitter:label1\" content=\"Estimated reading time\" \/>\n\t<meta name=\"twitter:data1\" content=\"3 minutes\" \/>\n<script type=\"application\/ld+json\" class=\"yoast-schema-graph\">{\"@context\":\"https:\/\/schema.org\",\"@graph\":[{\"@type\":\"Article\",\"@id\":\"https:\/\/denizcankizil.tr\/ru\/haberler\/antalya\/30-yildir-denizin-copunu-topluyor\/#article\",\"isPartOf\":{\"@id\":\"https:\/\/denizcankizil.tr\/ru\/haberler\/antalya\/30-yildir-denizin-copunu-topluyor\/\"},\"author\":{\"name\":\"\",\"@id\":\"\"},\"headline\":\"30 y\u0131ld\u0131r denizin \u00e7\u00f6p\u00fcn\u00fc topluyor\",\"datePublished\":\"2024-12-04T08:41:15+00:00\",\"mainEntityOfPage\":{\"@id\":\"https:\/\/denizcankizil.tr\/ru\/haberler\/antalya\/30-yildir-denizin-copunu-topluyor\/\"},\"wordCount\":678,\"commentCount\":0,\"publisher\":{\"@id\":\"https:\/\/denizcankizil.tr\/#organization\"},\"image\":{\"@id\":\"https:\/\/denizcankizil.tr\/ru\/haberler\/antalya\/30-yildir-denizin-copunu-topluyor\/#primaryimage\"},\"thumbnailUrl\":\"https:\/\/denizcankizil.tr\/wp-content\/uploads\/2024\/12\/3412-01-YOJFNO.jpeg\",\"articleSection\":[\"Antalya\",\"Uncategorized\"],\"inLanguage\":\"en-GB\",\"potentialAction\":[{\"@type\":\"CommentAction\",\"name\":\"Comment\",\"target\":[\"https:\/\/denizcankizil.tr\/ru\/haberler\/antalya\/30-yildir-denizin-copunu-topluyor\/#respond\"]}]},{\"@type\":\"WebPage\",\"@id\":\"https:\/\/denizcankizil.tr\/ru\/haberler\/antalya\/30-yildir-denizin-copunu-topluyor\/\",\"url\":\"https:\/\/denizcankizil.tr\/ru\/haberler\/antalya\/30-yildir-denizin-copunu-topluyor\/\",\"name\":\"30 y\u0131ld\u0131r denizin \u00e7\u00f6p\u00fcn\u00fc topluyor - Av. Deniz Can K\u0131z\u0131l\",\"isPartOf\":{\"@id\":\"https:\/\/denizcankizil.tr\/#website\"},\"primaryImageOfPage\":{\"@id\":\"https:\/\/denizcankizil.tr\/ru\/haberler\/antalya\/30-yildir-denizin-copunu-topluyor\/#primaryimage\"},\"image\":{\"@id\":\"https:\/\/denizcankizil.tr\/ru\/haberler\/antalya\/30-yildir-denizin-copunu-topluyor\/#primaryimage\"},\"thumbnailUrl\":\"https:\/\/denizcankizil.tr\/wp-content\/uploads\/2024\/12\/3412-01-YOJFNO.jpeg\",\"datePublished\":\"2024-12-04T08:41:15+00:00\",\"breadcrumb\":{\"@id\":\"https:\/\/denizcankizil.tr\/ru\/haberler\/antalya\/30-yildir-denizin-copunu-topluyor\/#breadcrumb\"},\"inLanguage\":\"en-GB\",\"potentialAction\":[{\"@type\":\"ReadAction\",\"target\":[\"https:\/\/denizcankizil.tr\/ru\/haberler\/antalya\/30-yildir-denizin-copunu-topluyor\/\"]}]},{\"@type\":\"ImageObject\",\"inLanguage\":\"en-GB\",\"@id\":\"https:\/\/denizcankizil.tr\/ru\/haberler\/antalya\/30-yildir-denizin-copunu-topluyor\/#primaryimage\",\"url\":\"https:\/\/denizcankizil.tr\/wp-content\/uploads\/2024\/12\/3412-01-YOJFNO.jpeg\",\"contentUrl\":\"https:\/\/denizcankizil.tr\/wp-content\/uploads\/2024\/12\/3412-01-YOJFNO.jpeg\",\"width\":1280,\"height\":720},{\"@type\":\"BreadcrumbList\",\"@id\":\"https:\/\/denizcankizil.tr\/ru\/haberler\/antalya\/30-yildir-denizin-copunu-topluyor\/#breadcrumb\",\"itemListElement\":[{\"@type\":\"ListItem\",\"position\":1,\"name\":\"Home\",\"item\":\"https:\/\/denizcankizil.tr\/uk\/\"},{\"@type\":\"ListItem\",\"position\":2,\"name\":\"30 y\u0131ld\u0131r denizin \u00e7\u00f6p\u00fcn\u00fc topluyor\"}]},{\"@type\":\"WebSite\",\"@id\":\"https:\/\/denizcankizil.tr\/#website\",\"url\":\"https:\/\/denizcankizil.tr\/\",\"name\":\"Av. Deniz Can K\u0131z\u0131l\",\"description\":\"Avukat Deniz Can K\u0131z\u0131l Antalya Barosu\",\"publisher\":{\"@id\":\"https:\/\/denizcankizil.tr\/#organization\"},\"potentialAction\":[{\"@type\":\"SearchAction\",\"target\":{\"@type\":\"EntryPoint\",\"urlTemplate\":\"https:\/\/denizcankizil.tr\/?s={search_term_string}\"},\"query-input\":{\"@type\":\"PropertyValueSpecification\",\"valueRequired\":true,\"valueName\":\"search_term_string\"}}],\"inLanguage\":\"en-GB\"},{\"@type\":\"Organization\",\"@id\":\"https:\/\/denizcankizil.tr\/#organization\",\"name\":\"Av. Deniz Can K\u0131z\u0131l\",\"url\":\"https:\/\/denizcankizil.tr\/\",\"logo\":{\"@type\":\"ImageObject\",\"inLanguage\":\"en-GB\",\"@id\":\"https:\/\/denizcankizil.tr\/#\/schema\/logo\/image\/\",\"url\":\"https:\/\/denizcankizil.tr\/wp-content\/uploads\/2024\/10\/siyah-logo-svg.svg\",\"contentUrl\":\"https:\/\/denizcankizil.tr\/wp-content\/uploads\/2024\/10\/siyah-logo-svg.svg\",\"width\":1080,\"height\":1080,\"caption\":\"Av. Deniz Can K\u0131z\u0131l\"},\"image\":{\"@id\":\"https:\/\/denizcankizil.tr\/#\/schema\/logo\/image\/\"}}]}<\/script>\n<!-- \/ Yoast SEO Premium plugin. -->","yoast_head_json":{"title":"30 y\u0131ld\u0131r denizin \u00e7\u00f6p\u00fcn\u00fc topluyor - Av. Deniz Can K\u0131z\u0131l","robots":{"index":"index","follow":"follow","max-snippet":"max-snippet:-1","max-image-preview":"max-image-preview:large","max-video-preview":"max-video-preview:-1"},"canonical":"https:\/\/denizcankizil.tr\/en\/haberler\/antalya\/30-yildir-denizin-copunu-topluyor\/","og_locale":"en_GB","og_type":"article","og_title":"30 y\u0131ld\u0131r denizin \u00e7\u00f6p\u00fcn\u00fc topluyor","og_description":"Demre&#8217;nin d\u00fcnyaca \u00fcnl\u00fc tarihi ve turistik merkezi Kekova b\u00f6lgesinde Kalek\u00f6y, G\u00f6kkaya Koyu, Korsan Ma\u011faras\u0131, Akvaryum Koyu, Simena Antik Bat\u0131k\u015fehir, Tersane, \u00dc\u00e7a\u011f\u0131z, Hamidiye, Salyangoz, Bur\u00e7 ve Buza\u011f\u0131l\u0131k koyu gibi \u00e7ok say\u0131da koy ve sahiline \u00f6zellikle yaz aylar\u0131nda hem yurt i\u00e7i hem yurt d\u0131\u015f\u0131ndan on binlerce turist geliyor. Demre ve Ka\u015f il\u00e7elerinden tekne turlar\u0131yla bu koylar\u0131 gezen ve denize girenlerin ard\u0131nda b\u0131rakt\u0131\u011f\u0131 \u00e7\u00f6pleri ise 30 y\u0131ld\u0131r Cevdet Eren topluyor. &#8216;Kader-2&#8217; isimli pancar motoru tak\u0131l\u0131 k\u00fc\u00e7\u00fck teknesiyle her sabah g\u00fcn do\u011fmadan koylar\u0131 tek tek dola\u015f\u0131p \u00e7\u00f6pleri temizleyen Eren, belediyeden 2 y\u0131l \u00f6nce emekli olduktan sonra da \u00e7\u00f6pleri toplamaya devam ediyor. 30 YILDIR KEKOVA&#8217;YI TEM\u0130ZLEYEN ADAM Kekova Adas\u0131, Bat\u0131k\u015fehir, Tersane ve Akvaryum gibi \u00e7evre koylar\u0131n temizli\u011fini yapt\u0131\u011f\u0131n\u0131, turistlerin b\u0131rakt\u0131\u011f\u0131 \u00e7\u00f6pleri toplad\u0131\u011f\u0131n\u0131 belirten Cevdet Eren, &#8220;Tekne kendimin, tekne i\u00e7in \u00fccret alm\u0131yorum, sadece ayl\u0131k al\u0131yorum. Kalek\u00f6y&#8217;\u00fcn \u00e7\u00f6plerini her g\u00fcn al\u0131yorum, koylar\u0131 aral\u0131kl\u0131 g\u00fcnlerde topluyorum. 30 y\u0131ld\u0131r bu i\u015fi yap\u0131yorum. Yaz g\u00fcnleri \u00e7ok \u00e7\u00f6p \u00e7\u0131k\u0131yor, k\u0131\u015f d\u00f6nemi az oluyor. Her g\u00fcn saat 04.00&#8217;te burada oluyorum, Kalek\u00f6y&#8217;deki herkes \u00e7\u00f6p\u00fcn\u00fc getiriyor. Koylarda denize b\u0131rak\u0131lm\u0131\u015f ve sahile vuran \u00e7\u00f6pleri topluyorum&#8221; dedi. YAZIN G\u00dcNDE 3 B\u0130N K\u0130LO \u00c7\u00d6P \u00c7IKIYOR Demre Belediyesi Temizlik \u0130\u015fleri M\u00fcd\u00fcr\u00fc H\u00fcseyin Kart\u0131n, Cevdet Eren&#8217;in her sabah 04.00 gibi Kalek\u00f6y&#8217;de ya\u015fad\u0131\u011f\u0131 evinden \u00e7\u0131k\u0131p restoranlar, i\u015fletmeler ve k\u00f6y sakinlerinin &hellip;","og_url":"https:\/\/denizcankizil.tr\/en\/haberler\/antalya\/30-yildir-denizin-copunu-topluyor\/","og_site_name":"Av. Deniz Can K\u0131z\u0131l","article_published_time":"2024-12-04T08:41:15+00:00","og_image":[{"width":1280,"height":720,"url":"https:\/\/denizcankizil.tr\/wp-content\/uploads\/2024\/12\/3412-01-YOJFNO.jpeg","type":"image\/jpeg"}],"twitter_card":"summary_large_image","twitter_misc":{"Estimated reading time":"3 minutes"},"schema":{"@context":"https:\/\/schema.org","@graph":[{"@type":"Article","@id":"https:\/\/denizcankizil.tr\/ru\/haberler\/antalya\/30-yildir-denizin-copunu-topluyor\/#article","isPartOf":{"@id":"https:\/\/denizcankizil.tr\/ru\/haberler\/antalya\/30-yildir-denizin-copunu-topluyor\/"},"author":{"name":"","@id":""},"headline":"30 y\u0131ld\u0131r denizin \u00e7\u00f6p\u00fcn\u00fc topluyor","datePublished":"2024-12-04T08:41:15+00:00","mainEntityOfPage":{"@id":"https:\/\/denizcankizil.tr\/ru\/haberler\/antalya\/30-yildir-denizin-copunu-topluyor\/"},"wordCount":678,"commentCount":0,"publisher":{"@id":"https:\/\/denizcankizil.tr\/#organization"},"image":{"@id":"https:\/\/denizcankizil.tr\/ru\/haberler\/antalya\/30-yildir-denizin-copunu-topluyor\/#primaryimage"},"thumbnailUrl":"https:\/\/denizcankizil.tr\/wp-content\/uploads\/2024\/12\/3412-01-YOJFNO.jpeg","articleSection":["Antalya","Uncategorized"],"inLanguage":"en-GB","potentialAction":[{"@type":"CommentAction","name":"Comment","target":["https:\/\/denizcankizil.tr\/ru\/haberler\/antalya\/30-yildir-denizin-copunu-topluyor\/#respond"]}]},{"@type":"WebPage","@id":"https:\/\/denizcankizil.tr\/ru\/haberler\/antalya\/30-yildir-denizin-copunu-topluyor\/","url":"https:\/\/denizcankizil.tr\/ru\/haberler\/antalya\/30-yildir-denizin-copunu-topluyor\/","name":"30 y\u0131ld\u0131r denizin \u00e7\u00f6p\u00fcn\u00fc topluyor - Av. Deniz Can K\u0131z\u0131l","isPartOf":{"@id":"https:\/\/denizcankizil.tr\/#website"},"primaryImageOfPage":{"@id":"https:\/\/denizcankizil.tr\/ru\/haberler\/antalya\/30-yildir-denizin-copunu-topluyor\/#primaryimage"},"image":{"@id":"https:\/\/denizcankizil.tr\/ru\/haberler\/antalya\/30-yildir-denizin-copunu-topluyor\/#primaryimage"},"thumbnailUrl":"https:\/\/denizcankizil.tr\/wp-content\/uploads\/2024\/12\/3412-01-YOJFNO.jpeg","datePublished":"2024-12-04T08:41:15+00:00","breadcrumb":{"@id":"https:\/\/denizcankizil.tr\/ru\/haberler\/antalya\/30-yildir-denizin-copunu-topluyor\/#breadcrumb"},"inLanguage":"en-GB","potentialAction":[{"@type":"ReadAction","target":["https:\/\/denizcankizil.tr\/ru\/haberler\/antalya\/30-yildir-denizin-copunu-topluyor\/"]}]},{"@type":"ImageObject","inLanguage":"en-GB","@id":"https:\/\/denizcankizil.tr\/ru\/haberler\/antalya\/30-yildir-denizin-copunu-topluyor\/#primaryimage","url":"https:\/\/denizcankizil.tr\/wp-content\/uploads\/2024\/12\/3412-01-YOJFNO.jpeg","contentUrl":"https:\/\/denizcankizil.tr\/wp-content\/uploads\/2024\/12\/3412-01-YOJFNO.jpeg","width":1280,"height":720},{"@type":"BreadcrumbList","@id":"https:\/\/denizcankizil.tr\/ru\/haberler\/antalya\/30-yildir-denizin-copunu-topluyor\/#breadcrumb","itemListElement":[{"@type":"ListItem","position":1,"name":"Home","item":"https:\/\/denizcankizil.tr\/uk\/"},{"@type":"ListItem","position":2,"name":"30 y\u0131ld\u0131r denizin \u00e7\u00f6p\u00fcn\u00fc topluyor"}]},{"@type":"WebSite","@id":"https:\/\/denizcankizil.tr\/#website","url":"https:\/\/denizcankizil.tr\/","name":"Av. Deniz Can K\u0131z\u0131l","description":"Avukat Deniz Can K\u0131z\u0131l Antalya Barosu","publisher":{"@id":"https:\/\/denizcankizil.tr\/#organization"},"potentialAction":[{"@type":"SearchAction","target":{"@type":"EntryPoint","urlTemplate":"https:\/\/denizcankizil.tr\/?s={search_term_string}"},"query-input":{"@type":"PropertyValueSpecification","valueRequired":true,"valueName":"search_term_string"}}],"inLanguage":"en-GB"},{"@type":"Organization","@id":"https:\/\/denizcankizil.tr\/#organization","name":"Av. Deniz Can K\u0131z\u0131l","url":"https:\/\/denizcankizil.tr\/","logo":{"@type":"ImageObject","inLanguage":"en-GB","@id":"https:\/\/denizcankizil.tr\/#\/schema\/logo\/image\/","url":"https:\/\/denizcankizil.tr\/wp-content\/uploads\/2024\/10\/siyah-logo-svg.svg","contentUrl":"https:\/\/denizcankizil.tr\/wp-content\/uploads\/2024\/10\/siyah-logo-svg.svg","width":1080,"height":1080,"caption":"Av. Deniz Can K\u0131z\u0131l"},"image":{"@id":"https:\/\/denizcankizil.tr\/#\/schema\/logo\/image\/"}}]}},"_links":{"self":[{"href":"https:\/\/denizcankizil.tr\/en\/wp-json\/wp\/v2\/posts\/19086","targetHints":{"allow":["GET"]}}],"collection":[{"href":"https:\/\/denizcankizil.tr\/en\/wp-json\/wp\/v2\/posts"}],"about":[{"href":"https:\/\/denizcankizil.tr\/en\/wp-json\/wp\/v2\/types\/post"}],"replies":[{"embeddable":true,"href":"https:\/\/denizcankizil.tr\/en\/wp-json\/wp\/v2\/comments?post=19086"}],"version-history":[{"count":0,"href":"https:\/\/denizcankizil.tr\/en\/wp-json\/wp\/v2\/posts\/19086\/revisions"}],"wp:featuredmedia":[{"embeddable":true,"href":"https:\/\/denizcankizil.tr\/en\/wp-json\/wp\/v2\/media\/19087"}],"wp:attachment":[{"href":"https:\/\/denizcankizil.tr\/en\/wp-json\/wp\/v2\/media?parent=19086"}],"wp:term":[{"taxonomy":"category","embeddable":true,"href":"https:\/\/denizcankizil.tr\/en\/wp-json\/wp\/v2\/categories?post=19086"},{"taxonomy":"post_tag","embeddable":true,"href":"https:\/\/denizcankizil.tr\/en\/wp-json\/wp\/v2\/tags?post=19086"}],"curies":[{"name":"wp","href":"https:\/\/api.w.org\/{rel}","templated":true}]}}