{"id":19067,"date":"2024-12-04T09:41:29","date_gmt":"2024-12-04T06:41:29","guid":{"rendered":"https:\/\/denizcankizil.tr\/uncategorized-tr\/inthar-vakalari-artti-uzmanlar-uyardi\/"},"modified":"2024-12-04T09:41:29","modified_gmt":"2024-12-04T06:41:29","slug":"inthar-vakalari-artti-uzmanlar-uyardi","status":"publish","type":"post","link":"https:\/\/denizcankizil.tr\/en\/haberler\/gundem\/inthar-vakalari-artti-uzmanlar-uyardi\/","title":{"rendered":"\u0130nt*har vakalar\u0131 artt\u0131, uzmanlar uyard\u0131!"},"content":{"rendered":"<p>T\u00fcrkiye Psikiyatri Derne\u011fi Merkez Y\u00f6netim Kurulu, son g\u00fcnlerde medyada \u00e7ok say\u0131da int*har haberine rastland\u0131\u011f\u0131na dikkat \u00e7ekerek, \u201c\u0130nt*har haberlerinin verili\u015f \u015fekilleri toplum ruh sa\u011fl\u0131\u011f\u0131 a\u00e7\u0131s\u0131ndan son derece hassas olup bu haberlerin olas\u0131 olumsuz etkileri g\u00f6zetilerek ve \u00f6zenle haz\u0131rlanmas\u0131 gerekir\u201d uyar\u0131s\u0131nda bulundu.\u00a0<\/p>\n<p>TOPLUMUN RUH SA\u011eLI\u011eI A\u00c7ISINDAN SON DERECE HASSAS KONU\u00a0<\/p>\n<p>T\u00fcrkiye Psikiyatri Derne\u011fi Merkez Y\u00f6netim Kurulu, medyada artan say\u0131da int*harlar ile ilgili haberlere rastland\u0131\u011f\u0131na dikkat \u00e7ekerek bir bas\u0131n a\u00e7\u0131klamas\u0131nda bulundu. \u0130nt*har giri\u015fimlerinin bir\u00e7ok \u00fclkede oldu\u011fu gibi T\u00fcrkiye\u2019de de \u00f6nemli bir sorun oldu\u011funu ifade eden uzmanlar, int*harlar\u0131n nedenlerini anlamak ve \u00e7\u00f6z\u00fcm yollar\u0131n\u0131 ara\u015ft\u0131rman\u0131n ba\u015fta ilgili kamu kurumlar\u0131 olmak \u00fczere t\u00fcm toplum kesimlerinin sorumlulu\u011funda oldu\u011fu ifade edildi. Di\u011fer taraftan int*har haberlerinin verili\u015f \u015fekillerinin toplum ruh sa\u011fl\u0131\u011f\u0131 a\u00e7\u0131s\u0131ndan son derece hassas oldu\u011funa dikkat \u00e7eken T\u00fcrkiye Psikiyatri Derne\u011fi Merkez Y\u00f6netim Kurulu, \u201cHaberlerin olas\u0131 olumsuz etkileri g\u00f6zetilerek ve \u00f6zenle haz\u0131rlanmas\u0131 gerekmektedir. Maalesef son zamanlarda uygun olmayan ve sak\u0131ncal\u0131 oldu\u011fu g\u00f6zlenen haber i\u00e7eriklerinin medya organlar\u0131nda artmakta oldu\u011fu dikkat \u00e7ekiyor\u201d ifadelerine yer verdi.\u00a0<\/p>\n<p>ZARARLAR OLU\u015eTURAB\u0130L\u0130R<\/p>\n<p>\u0130nt*har haberlerinin kaybedilen ki\u015finin yak\u0131nlar\u0131, meslekta\u015flar\u0131, kendisine zarar verme d\u00fc\u015f\u00fcncesi olan insanlar ve genel olarak toplumun tamam\u0131 \u00fczerinde yaratabilece\u011fi etkiler a\u00e7\u0131s\u0131ndan di\u011fer haberlerden farkl\u0131 bir yere ve \u00f6neme sahip oldu\u011funu belirten uzmanlar, \u201cBu nedenle bu t\u00fcr haberlerin verili\u015f \u015feklinde uyulmas\u0131 gereken insani, etik ve psikiyatrik ilkeler s\u00f6z konusudur. Bir haberin i\u00e7eri\u011finin olu\u015fumunda ve sunumunda -ula\u015ft\u0131\u011f\u0131 ya da ula\u015faca\u011f\u0131 ki\u015fileri bilgilendirmenin \u00f6tesinde- ne kadar okunaca\u011f\u0131 ve ne kadar ilgi \u00e7ekece\u011fi gibi habere olan ilgiyi art\u0131rmaya y\u00f6nelik giri\u015fimler int*har ve benzeri (\u015fiddet i\u00e7eren su\u00e7 davran\u0131\u015flar\u0131) olaylar\u0131n verilmesinde etkileri giderilemeyecek zararlar olu\u015fturabilir. Bu a\u00e7\u0131dan haber i\u00e7eri\u011fi ve habere ilgili art\u0131rmaya y\u00f6nelik planlamalar\u0131n int*har gibi \u00f6zel alanlarda belirli s\u0131n\u0131rlara \u00e7ekilmesi ve ki\u015filerin ve toplumun genel yarar\u0131n\u0131n g\u00f6zetilmesi gerekir\u201d dedi.\u00a0<\/p>\n<p>\u0130NT\u0130HAR \u00d6NLENEB\u0130L\u0130R<\/p>\n<p>Antalya K\u00f6rfez Gazetesi muhabiri Ertu\u011frul G\u00fcn&#8217;\u00fcn haberine g\u00f6re T\u00fcrkiye Psikiyatri Derne\u011fi Merkez Y\u00f6netim Kurulu, \u201cBu t\u00fcr istisnai durumlarda bile int*har\u0131n y\u00f6ntemine ili\u015fkin \u00f6zendirici ve \u00f6\u011fretici ayr\u0131nt\u0131lara yer verilmemeli, int*hara ili\u015fkin foto\u011fraf ve g\u00f6rsel malzeme ile int*har mesaj\u0131 kullan\u0131lmamal\u0131d\u0131r. \u0130nt*har \u00f6nlenebilir ve konu\u015fulmas\u0131 gereken \u00f6nemli bir halk sa\u011fl\u0131\u011f\u0131 sorunudur. Bununla birlikte int*har ile ilgili nelerin ele al\u0131nmas\u0131 ve nas\u0131l bir i\u00e7erik ile haber verilmesi gerekti\u011fi hususunda t\u00fcm bas\u0131n mensuplar\u0131m\u0131z\u0131 dikkatli olmaya, int*har eylemlerini \u00f6zendirici i\u00e7eriklerden ka\u00e7\u0131nmaya davet ediyoruz. Bu konuda ihtiya\u00e7 duyulan her t\u00fcrl\u00fc bilgilendirme i\u00e7in T\u00fcrkiye Psikiyatri Derne\u011fi olarak katk\u0131 sunmaya, bas\u0131n mensuplar\u0131m\u0131z ve kurulu\u015flar\u0131 ile \u00e7al\u0131\u015fmaya haz\u0131r oldu\u011fumuzu yineliyoruz\u201d a\u00e7\u0131klamas\u0131nda bulundu.\u00a0<br \/>\n\u00a0<\/p>\n<p>\u200bSon g\u00fcnlerde \u00e7ok say\u0131da int*har haberlerine rastland\u0131\u011f\u0131na dikkat \u00e7eken T\u00fcrkiye Psikiyatri Derne\u011fi Merkez Y\u00f6netim Kurulu, &#8220;Maalesef son zamanlarda uygun olmayan ve sak\u0131ncal\u0131 oldu\u011fu g\u00f6zlenen haber i\u00e7eriklerinin medya organlar\u0131nda artmakta oldu\u011fu dikkat \u00e7ekiyor&#8221; a\u00e7\u0131klamas\u0131nda bulundu.\u00a0<\/p>\n<p>\u200bHaberin Al\u0131nt\u0131land\u0131\u011f\u0131 Kaynak: www.antalyakorfez.com<\/p>","protected":false},"excerpt":{"rendered":"<p>T\u00fcrkiye Psikiyatri Derne\u011fi Merkez Y\u00f6netim Kurulu, son g\u00fcnlerde medyada \u00e7ok say\u0131da int*har haberine rastland\u0131\u011f\u0131na dikkat \u00e7ekerek, \u201c\u0130nt*har haberlerinin verili\u015f \u015fekilleri toplum ruh sa\u011fl\u0131\u011f\u0131 a\u00e7\u0131s\u0131ndan son derece hassas olup bu haberlerin olas\u0131 olumsuz etkileri g\u00f6zetilerek ve \u00f6zenle haz\u0131rlanmas\u0131 gerekir\u201d uyar\u0131s\u0131nda bulundu.\u00a0 TOPLUMUN RUH SA\u011eLI\u011eI A\u00c7ISINDAN SON DERECE HASSAS KONU\u00a0 T\u00fcrkiye Psikiyatri Derne\u011fi Merkez Y\u00f6netim Kurulu, medyada artan say\u0131da int*harlar ile ilgili haberlere rastland\u0131\u011f\u0131na dikkat \u00e7ekerek bir bas\u0131n a\u00e7\u0131klamas\u0131nda bulundu. \u0130nt*har giri\u015fimlerinin bir\u00e7ok \u00fclkede oldu\u011fu gibi T\u00fcrkiye\u2019de de \u00f6nemli bir sorun oldu\u011funu ifade eden uzmanlar, int*harlar\u0131n nedenlerini anlamak ve \u00e7\u00f6z\u00fcm yollar\u0131n\u0131 ara\u015ft\u0131rman\u0131n ba\u015fta ilgili kamu kurumlar\u0131 olmak \u00fczere t\u00fcm toplum kesimlerinin sorumlulu\u011funda oldu\u011fu ifade edildi. Di\u011fer taraftan int*har haberlerinin verili\u015f \u015fekillerinin toplum ruh sa\u011fl\u0131\u011f\u0131 a\u00e7\u0131s\u0131ndan son derece hassas oldu\u011funa dikkat \u00e7eken T\u00fcrkiye Psikiyatri Derne\u011fi Merkez Y\u00f6netim Kurulu, \u201cHaberlerin olas\u0131 olumsuz etkileri g\u00f6zetilerek ve \u00f6zenle haz\u0131rlanmas\u0131 gerekmektedir. Maalesef son zamanlarda uygun olmayan ve sak\u0131ncal\u0131 oldu\u011fu g\u00f6zlenen haber i\u00e7eriklerinin medya organlar\u0131nda artmakta oldu\u011fu dikkat \u00e7ekiyor\u201d ifadelerine yer verdi.\u00a0 ZARARLAR OLU\u015eTURAB\u0130L\u0130R \u0130nt*har haberlerinin kaybedilen ki\u015finin yak\u0131nlar\u0131, meslekta\u015flar\u0131, kendisine zarar verme d\u00fc\u015f\u00fcncesi olan insanlar ve genel olarak toplumun tamam\u0131 \u00fczerinde yaratabilece\u011fi etkiler a\u00e7\u0131s\u0131ndan di\u011fer haberlerden farkl\u0131 bir yere ve \u00f6neme sahip oldu\u011funu belirten uzmanlar, \u201cBu nedenle bu t\u00fcr haberlerin verili\u015f \u015feklinde uyulmas\u0131 gereken insani, etik ve &hellip;<\/p>","protected":false},"author":0,"featured_media":0,"comment_status":"open","ping_status":"open","sticky":false,"template":"","format":"standard","meta":{"_acf_changed":false,"footnotes":""},"categories":[24,535],"tags":[],"class_list":["post-19067","post","type-post","status-publish","format-standard","has-post-thumbnail","hentry","category-gundem","category-uncategorized-tr"],"acf":[],"yoast_head":"<!-- This site is optimized with the Yoast SEO Premium plugin v26.6 (Yoast SEO v27.1.1) - https:\/\/yoast.com\/product\/yoast-seo-premium-wordpress\/ -->\n<title>\u0130nt*har vakalar\u0131 artt\u0131, uzmanlar uyard\u0131! - Av. Deniz Can K\u0131z\u0131l<\/title>\n<meta name=\"robots\" content=\"index, follow, max-snippet:-1, max-image-preview:large, max-video-preview:-1\" \/>\n<link rel=\"canonical\" href=\"https:\/\/denizcankizil.tr\/en\/haberler\/gundem\/inthar-vakalari-artti-uzmanlar-uyardi\/\" \/>\n<meta property=\"og:locale\" content=\"en_GB\" \/>\n<meta property=\"og:type\" content=\"article\" \/>\n<meta property=\"og:title\" content=\"\u0130nt*har vakalar\u0131 artt\u0131, uzmanlar uyard\u0131!\" \/>\n<meta property=\"og:description\" content=\"T\u00fcrkiye Psikiyatri Derne\u011fi Merkez Y\u00f6netim Kurulu, son g\u00fcnlerde medyada \u00e7ok say\u0131da int*har haberine rastland\u0131\u011f\u0131na dikkat \u00e7ekerek, \u201c\u0130nt*har haberlerinin verili\u015f \u015fekilleri toplum ruh sa\u011fl\u0131\u011f\u0131 a\u00e7\u0131s\u0131ndan son derece hassas olup bu haberlerin olas\u0131 olumsuz etkileri g\u00f6zetilerek ve \u00f6zenle haz\u0131rlanmas\u0131 gerekir\u201d uyar\u0131s\u0131nda bulundu.\u00a0 TOPLUMUN RUH SA\u011eLI\u011eI A\u00c7ISINDAN SON DERECE HASSAS KONU\u00a0 T\u00fcrkiye Psikiyatri Derne\u011fi Merkez Y\u00f6netim Kurulu, medyada artan say\u0131da int*harlar ile ilgili haberlere rastland\u0131\u011f\u0131na dikkat \u00e7ekerek bir bas\u0131n a\u00e7\u0131klamas\u0131nda bulundu. \u0130nt*har giri\u015fimlerinin bir\u00e7ok \u00fclkede oldu\u011fu gibi T\u00fcrkiye\u2019de de \u00f6nemli bir sorun oldu\u011funu ifade eden uzmanlar, int*harlar\u0131n nedenlerini anlamak ve \u00e7\u00f6z\u00fcm yollar\u0131n\u0131 ara\u015ft\u0131rman\u0131n ba\u015fta ilgili kamu kurumlar\u0131 olmak \u00fczere t\u00fcm toplum kesimlerinin sorumlulu\u011funda oldu\u011fu ifade edildi. Di\u011fer taraftan int*har haberlerinin verili\u015f \u015fekillerinin toplum ruh sa\u011fl\u0131\u011f\u0131 a\u00e7\u0131s\u0131ndan son derece hassas oldu\u011funa dikkat \u00e7eken T\u00fcrkiye Psikiyatri Derne\u011fi Merkez Y\u00f6netim Kurulu, \u201cHaberlerin olas\u0131 olumsuz etkileri g\u00f6zetilerek ve \u00f6zenle haz\u0131rlanmas\u0131 gerekmektedir. Maalesef son zamanlarda uygun olmayan ve sak\u0131ncal\u0131 oldu\u011fu g\u00f6zlenen haber i\u00e7eriklerinin medya organlar\u0131nda artmakta oldu\u011fu dikkat \u00e7ekiyor\u201d ifadelerine yer verdi.\u00a0 ZARARLAR OLU\u015eTURAB\u0130L\u0130R \u0130nt*har haberlerinin kaybedilen ki\u015finin yak\u0131nlar\u0131, meslekta\u015flar\u0131, kendisine zarar verme d\u00fc\u015f\u00fcncesi olan insanlar ve genel olarak toplumun tamam\u0131 \u00fczerinde yaratabilece\u011fi etkiler a\u00e7\u0131s\u0131ndan di\u011fer haberlerden farkl\u0131 bir yere ve \u00f6neme sahip oldu\u011funu belirten uzmanlar, \u201cBu nedenle bu t\u00fcr haberlerin verili\u015f \u015feklinde uyulmas\u0131 gereken insani, etik ve &hellip;\" \/>\n<meta property=\"og:url\" content=\"https:\/\/denizcankizil.tr\/en\/haberler\/gundem\/inthar-vakalari-artti-uzmanlar-uyardi\/\" \/>\n<meta property=\"og:site_name\" content=\"Av. Deniz Can K\u0131z\u0131l\" \/>\n<meta property=\"article:published_time\" content=\"2024-12-04T06:41:29+00:00\" \/>\n<meta name=\"twitter:card\" content=\"summary_large_image\" \/>\n<meta name=\"twitter:label1\" content=\"Estimated reading time\" \/>\n\t<meta name=\"twitter:data1\" content=\"3 minutes\" \/>\n<script type=\"application\/ld+json\" class=\"yoast-schema-graph\">{\"@context\":\"https:\/\/schema.org\",\"@graph\":[{\"@type\":\"Article\",\"@id\":\"https:\/\/denizcankizil.tr\/ru\/haberler\/gundem\/inthar-vakalari-artti-uzmanlar-uyardi\/#article\",\"isPartOf\":{\"@id\":\"https:\/\/denizcankizil.tr\/ru\/haberler\/gundem\/inthar-vakalari-artti-uzmanlar-uyardi\/\"},\"author\":{\"name\":\"\",\"@id\":\"\"},\"headline\":\"\u0130nt*har vakalar\u0131 artt\u0131, uzmanlar uyard\u0131!\",\"datePublished\":\"2024-12-04T06:41:29+00:00\",\"mainEntityOfPage\":{\"@id\":\"https:\/\/denizcankizil.tr\/ru\/haberler\/gundem\/inthar-vakalari-artti-uzmanlar-uyardi\/\"},\"wordCount\":597,\"commentCount\":0,\"publisher\":{\"@id\":\"https:\/\/denizcankizil.tr\/de\/#organization\"},\"articleSection\":[\"G\u00fcndem\",\"Uncategorized\"],\"inLanguage\":\"en-GB\",\"potentialAction\":[{\"@type\":\"CommentAction\",\"name\":\"Comment\",\"target\":[\"https:\/\/denizcankizil.tr\/ru\/haberler\/gundem\/inthar-vakalari-artti-uzmanlar-uyardi\/#respond\"]}]},{\"@type\":\"WebPage\",\"@id\":\"https:\/\/denizcankizil.tr\/ru\/haberler\/gundem\/inthar-vakalari-artti-uzmanlar-uyardi\/\",\"url\":\"https:\/\/denizcankizil.tr\/ru\/haberler\/gundem\/inthar-vakalari-artti-uzmanlar-uyardi\/\",\"name\":\"\u0130nt*har vakalar\u0131 artt\u0131, uzmanlar uyard\u0131! - Av. Deniz Can K\u0131z\u0131l\",\"isPartOf\":{\"@id\":\"https:\/\/denizcankizil.tr\/de\/#website\"},\"datePublished\":\"2024-12-04T06:41:29+00:00\",\"breadcrumb\":{\"@id\":\"https:\/\/denizcankizil.tr\/ru\/haberler\/gundem\/inthar-vakalari-artti-uzmanlar-uyardi\/#breadcrumb\"},\"inLanguage\":\"en-GB\",\"potentialAction\":[{\"@type\":\"ReadAction\",\"target\":[\"https:\/\/denizcankizil.tr\/ru\/haberler\/gundem\/inthar-vakalari-artti-uzmanlar-uyardi\/\"]}]},{\"@type\":\"BreadcrumbList\",\"@id\":\"https:\/\/denizcankizil.tr\/ru\/haberler\/gundem\/inthar-vakalari-artti-uzmanlar-uyardi\/#breadcrumb\",\"itemListElement\":[{\"@type\":\"ListItem\",\"position\":1,\"name\":\"Home\",\"item\":\"https:\/\/denizcankizil.tr\/de\/\"},{\"@type\":\"ListItem\",\"position\":2,\"name\":\"\u0130nt*har vakalar\u0131 artt\u0131, uzmanlar uyard\u0131!\"}]},{\"@type\":\"WebSite\",\"@id\":\"https:\/\/denizcankizil.tr\/de\/#website\",\"url\":\"https:\/\/denizcankizil.tr\/de\/\",\"name\":\"Av. Deniz Can K\u0131z\u0131l\",\"description\":\"Avukat Deniz Can K\u0131z\u0131l Antalya Barosu\",\"publisher\":{\"@id\":\"https:\/\/denizcankizil.tr\/de\/#organization\"},\"potentialAction\":[{\"@type\":\"SearchAction\",\"target\":{\"@type\":\"EntryPoint\",\"urlTemplate\":\"https:\/\/denizcankizil.tr\/de\/?s={search_term_string}\"},\"query-input\":{\"@type\":\"PropertyValueSpecification\",\"valueRequired\":true,\"valueName\":\"search_term_string\"}}],\"inLanguage\":\"en-GB\"},{\"@type\":\"Organization\",\"@id\":\"https:\/\/denizcankizil.tr\/de\/#organization\",\"name\":\"Av. Deniz Can K\u0131z\u0131l\",\"url\":\"https:\/\/denizcankizil.tr\/de\/\",\"logo\":{\"@type\":\"ImageObject\",\"inLanguage\":\"en-GB\",\"@id\":\"https:\/\/denizcankizil.tr\/de\/#\/schema\/logo\/image\/\",\"url\":\"https:\/\/denizcankizil.tr\/wp-content\/uploads\/2024\/10\/siyah-logo-svg.svg\",\"contentUrl\":\"https:\/\/denizcankizil.tr\/wp-content\/uploads\/2024\/10\/siyah-logo-svg.svg\",\"width\":1080,\"height\":1080,\"caption\":\"Av. Deniz Can K\u0131z\u0131l\"},\"image\":{\"@id\":\"https:\/\/denizcankizil.tr\/de\/#\/schema\/logo\/image\/\"}}]}<\/script>\n<!-- \/ Yoast SEO Premium plugin. -->","yoast_head_json":{"title":"\u0130nt*har vakalar\u0131 artt\u0131, uzmanlar uyard\u0131! - Av. Deniz Can K\u0131z\u0131l","robots":{"index":"index","follow":"follow","max-snippet":"max-snippet:-1","max-image-preview":"max-image-preview:large","max-video-preview":"max-video-preview:-1"},"canonical":"https:\/\/denizcankizil.tr\/en\/haberler\/gundem\/inthar-vakalari-artti-uzmanlar-uyardi\/","og_locale":"en_GB","og_type":"article","og_title":"\u0130nt*har vakalar\u0131 artt\u0131, uzmanlar uyard\u0131!","og_description":"T\u00fcrkiye Psikiyatri Derne\u011fi Merkez Y\u00f6netim Kurulu, son g\u00fcnlerde medyada \u00e7ok say\u0131da int*har haberine rastland\u0131\u011f\u0131na dikkat \u00e7ekerek, \u201c\u0130nt*har haberlerinin verili\u015f \u015fekilleri toplum ruh sa\u011fl\u0131\u011f\u0131 a\u00e7\u0131s\u0131ndan son derece hassas olup bu haberlerin olas\u0131 olumsuz etkileri g\u00f6zetilerek ve \u00f6zenle haz\u0131rlanmas\u0131 gerekir\u201d uyar\u0131s\u0131nda bulundu.\u00a0 TOPLUMUN RUH SA\u011eLI\u011eI A\u00c7ISINDAN SON DERECE HASSAS KONU\u00a0 T\u00fcrkiye Psikiyatri Derne\u011fi Merkez Y\u00f6netim Kurulu, medyada artan say\u0131da int*harlar ile ilgili haberlere rastland\u0131\u011f\u0131na dikkat \u00e7ekerek bir bas\u0131n a\u00e7\u0131klamas\u0131nda bulundu. \u0130nt*har giri\u015fimlerinin bir\u00e7ok \u00fclkede oldu\u011fu gibi T\u00fcrkiye\u2019de de \u00f6nemli bir sorun oldu\u011funu ifade eden uzmanlar, int*harlar\u0131n nedenlerini anlamak ve \u00e7\u00f6z\u00fcm yollar\u0131n\u0131 ara\u015ft\u0131rman\u0131n ba\u015fta ilgili kamu kurumlar\u0131 olmak \u00fczere t\u00fcm toplum kesimlerinin sorumlulu\u011funda oldu\u011fu ifade edildi. Di\u011fer taraftan int*har haberlerinin verili\u015f \u015fekillerinin toplum ruh sa\u011fl\u0131\u011f\u0131 a\u00e7\u0131s\u0131ndan son derece hassas oldu\u011funa dikkat \u00e7eken T\u00fcrkiye Psikiyatri Derne\u011fi Merkez Y\u00f6netim Kurulu, \u201cHaberlerin olas\u0131 olumsuz etkileri g\u00f6zetilerek ve \u00f6zenle haz\u0131rlanmas\u0131 gerekmektedir. Maalesef son zamanlarda uygun olmayan ve sak\u0131ncal\u0131 oldu\u011fu g\u00f6zlenen haber i\u00e7eriklerinin medya organlar\u0131nda artmakta oldu\u011fu dikkat \u00e7ekiyor\u201d ifadelerine yer verdi.\u00a0 ZARARLAR OLU\u015eTURAB\u0130L\u0130R \u0130nt*har haberlerinin kaybedilen ki\u015finin yak\u0131nlar\u0131, meslekta\u015flar\u0131, kendisine zarar verme d\u00fc\u015f\u00fcncesi olan insanlar ve genel olarak toplumun tamam\u0131 \u00fczerinde yaratabilece\u011fi etkiler a\u00e7\u0131s\u0131ndan di\u011fer haberlerden farkl\u0131 bir yere ve \u00f6neme sahip oldu\u011funu belirten uzmanlar, \u201cBu nedenle bu t\u00fcr haberlerin verili\u015f \u015feklinde uyulmas\u0131 gereken insani, etik ve &hellip;","og_url":"https:\/\/denizcankizil.tr\/en\/haberler\/gundem\/inthar-vakalari-artti-uzmanlar-uyardi\/","og_site_name":"Av. Deniz Can K\u0131z\u0131l","article_published_time":"2024-12-04T06:41:29+00:00","twitter_card":"summary_large_image","twitter_misc":{"Estimated reading time":"3 minutes"},"schema":{"@context":"https:\/\/schema.org","@graph":[{"@type":"Article","@id":"https:\/\/denizcankizil.tr\/ru\/haberler\/gundem\/inthar-vakalari-artti-uzmanlar-uyardi\/#article","isPartOf":{"@id":"https:\/\/denizcankizil.tr\/ru\/haberler\/gundem\/inthar-vakalari-artti-uzmanlar-uyardi\/"},"author":{"name":"","@id":""},"headline":"\u0130nt*har vakalar\u0131 artt\u0131, uzmanlar uyard\u0131!","datePublished":"2024-12-04T06:41:29+00:00","mainEntityOfPage":{"@id":"https:\/\/denizcankizil.tr\/ru\/haberler\/gundem\/inthar-vakalari-artti-uzmanlar-uyardi\/"},"wordCount":597,"commentCount":0,"publisher":{"@id":"https:\/\/denizcankizil.tr\/de\/#organization"},"articleSection":["G\u00fcndem","Uncategorized"],"inLanguage":"en-GB","potentialAction":[{"@type":"CommentAction","name":"Comment","target":["https:\/\/denizcankizil.tr\/ru\/haberler\/gundem\/inthar-vakalari-artti-uzmanlar-uyardi\/#respond"]}]},{"@type":"WebPage","@id":"https:\/\/denizcankizil.tr\/ru\/haberler\/gundem\/inthar-vakalari-artti-uzmanlar-uyardi\/","url":"https:\/\/denizcankizil.tr\/ru\/haberler\/gundem\/inthar-vakalari-artti-uzmanlar-uyardi\/","name":"\u0130nt*har vakalar\u0131 artt\u0131, uzmanlar uyard\u0131! - Av. Deniz Can K\u0131z\u0131l","isPartOf":{"@id":"https:\/\/denizcankizil.tr\/de\/#website"},"datePublished":"2024-12-04T06:41:29+00:00","breadcrumb":{"@id":"https:\/\/denizcankizil.tr\/ru\/haberler\/gundem\/inthar-vakalari-artti-uzmanlar-uyardi\/#breadcrumb"},"inLanguage":"en-GB","potentialAction":[{"@type":"ReadAction","target":["https:\/\/denizcankizil.tr\/ru\/haberler\/gundem\/inthar-vakalari-artti-uzmanlar-uyardi\/"]}]},{"@type":"BreadcrumbList","@id":"https:\/\/denizcankizil.tr\/ru\/haberler\/gundem\/inthar-vakalari-artti-uzmanlar-uyardi\/#breadcrumb","itemListElement":[{"@type":"ListItem","position":1,"name":"Home","item":"https:\/\/denizcankizil.tr\/de\/"},{"@type":"ListItem","position":2,"name":"\u0130nt*har vakalar\u0131 artt\u0131, uzmanlar uyard\u0131!"}]},{"@type":"WebSite","@id":"https:\/\/denizcankizil.tr\/de\/#website","url":"https:\/\/denizcankizil.tr\/de\/","name":"Av. Deniz Can K\u0131z\u0131l","description":"Avukat Deniz Can K\u0131z\u0131l Antalya Barosu","publisher":{"@id":"https:\/\/denizcankizil.tr\/de\/#organization"},"potentialAction":[{"@type":"SearchAction","target":{"@type":"EntryPoint","urlTemplate":"https:\/\/denizcankizil.tr\/de\/?s={search_term_string}"},"query-input":{"@type":"PropertyValueSpecification","valueRequired":true,"valueName":"search_term_string"}}],"inLanguage":"en-GB"},{"@type":"Organization","@id":"https:\/\/denizcankizil.tr\/de\/#organization","name":"Av. Deniz Can K\u0131z\u0131l","url":"https:\/\/denizcankizil.tr\/de\/","logo":{"@type":"ImageObject","inLanguage":"en-GB","@id":"https:\/\/denizcankizil.tr\/de\/#\/schema\/logo\/image\/","url":"https:\/\/denizcankizil.tr\/wp-content\/uploads\/2024\/10\/siyah-logo-svg.svg","contentUrl":"https:\/\/denizcankizil.tr\/wp-content\/uploads\/2024\/10\/siyah-logo-svg.svg","width":1080,"height":1080,"caption":"Av. Deniz Can K\u0131z\u0131l"},"image":{"@id":"https:\/\/denizcankizil.tr\/de\/#\/schema\/logo\/image\/"}}]}},"_links":{"self":[{"href":"https:\/\/denizcankizil.tr\/en\/wp-json\/wp\/v2\/posts\/19067","targetHints":{"allow":["GET"]}}],"collection":[{"href":"https:\/\/denizcankizil.tr\/en\/wp-json\/wp\/v2\/posts"}],"about":[{"href":"https:\/\/denizcankizil.tr\/en\/wp-json\/wp\/v2\/types\/post"}],"replies":[{"embeddable":true,"href":"https:\/\/denizcankizil.tr\/en\/wp-json\/wp\/v2\/comments?post=19067"}],"version-history":[{"count":0,"href":"https:\/\/denizcankizil.tr\/en\/wp-json\/wp\/v2\/posts\/19067\/revisions"}],"wp:attachment":[{"href":"https:\/\/denizcankizil.tr\/en\/wp-json\/wp\/v2\/media?parent=19067"}],"wp:term":[{"taxonomy":"category","embeddable":true,"href":"https:\/\/denizcankizil.tr\/en\/wp-json\/wp\/v2\/categories?post=19067"},{"taxonomy":"post_tag","embeddable":true,"href":"https:\/\/denizcankizil.tr\/en\/wp-json\/wp\/v2\/tags?post=19067"}],"curies":[{"name":"wp","href":"https:\/\/api.w.org\/{rel}","templated":true}]}}