{"id":18969,"date":"2024-12-03T18:41:50","date_gmt":"2024-12-03T15:41:50","guid":{"rendered":"https:\/\/denizcankizil.tr\/uncategorized-tr\/arsuzda-ulucinar-rehabilitasyonundan-etkinlik\/"},"modified":"2024-12-03T18:41:50","modified_gmt":"2024-12-03T15:41:50","slug":"arsuzda-ulucinar-rehabilitasyonundan-etkinlik","status":"publish","type":"post","link":"https:\/\/denizcankizil.tr\/en\/haberler\/gundem\/arsuzda-ulucinar-rehabilitasyonundan-etkinlik\/","title":{"rendered":"Arsuz\u2019da Ulu\u00e7\u0131nar Rehabilitasyonundan Etkinlik"},"content":{"rendered":"<p>Fark\u0131ndal\u0131k \u0130\u00e7in El Ele<\/p>\n<p>Etkinlik, Ulu\u00e7\u0131nar Rehabilitasyon Merkezi\u2019nin Kurucu M\u00fcd\u00fcr\u00fc Uzman Fizyoterapist Nezih G\u00f6kp\u0131nar ve ortaklar\u0131 Murat \u00c7e\u00e7en ile Nazl\u0131 G\u00fcl \u00c7ankaya\u2019n\u0131n liderli\u011finde d\u00fczenlendi. Arsuz Kaymakam\u0131 Hasan G\u00f6kp\u0131nar, Hatay B\u00fcy\u00fck\u015fehir Belediye Ba\u015fkan\u0131 Mehmet \u00d6nt\u00fcrk ve Arsuz Belediye Ba\u015fkan\u0131 Sami \u00dcst\u00fcn\u2019\u00fcn destek verdi\u011fi organizasyona, \u00f6zel bireyler, aileleri, STK temsilcileri ve \u00e7ok say\u0131da davetli kat\u0131ld\u0131.<\/p>\n<p>Tatl\u0131 ve pasta ikramlar\u0131yla renklendirilen etkinlik, tiyatro sanat\u00e7\u0131s\u0131 Murat Elmas\u2019\u0131n sunumu, animasyon g\u00f6sterileri ve m\u00fczisyen Murat A\u015fkar\u2019\u0131n gitar performans\u0131yla unutulmaz anlara sahne oldu.<\/p>\n<p>\u201cAsla Yaln\u0131z De\u011filsiniz\u201d<\/p>\n<p>Etkinlikte konu\u015fan Ulu\u00e7\u0131nar Rehabilitasyon Merkezi Kurucu M\u00fcd\u00fcr\u00fc Nezih G\u00f6kp\u0131nar, engelli bireylerin toplumla kayna\u015fmas\u0131 ve \u00f6zg\u00fcven kazanmas\u0131 i\u00e7in b\u00fcy\u00fck bir \u00f6zveriyle \u00e7al\u0131\u015ft\u0131klar\u0131n\u0131 ifade etti. G\u00f6kp\u0131nar, \u201cEngelli bireylerin topluma entegre olarak \u00f6zg\u00fcvenli ve sosyal hayatta yer edinen bireyler olmas\u0131n\u0131 hedefliyoruz. Sa\u011fl\u0131k ve e\u011fitim s\u00fcre\u00e7lerinde ailelerimiz ve uzman kadromuzla b\u00fcy\u00fck ba\u015far\u0131lar elde ediyoruz\u201d dedi.<\/p>\n<p>Kaymakam G\u00f6kp\u0131nar\u2019dan Destek Mesaj\u0131<\/p>\n<p>Arsuz Kaymakam\u0131 Hasan G\u00f6kp\u0131nar ise \u00f6zel bireylerin hayatlar\u0131n\u0131 kolayla\u015ft\u0131ran projelere devam edeceklerini belirterek, \u201cT\u00fcrkiye Cumhuriyeti Devleti, engelli bireylerin ihtiya\u00e7lar\u0131n\u0131 kar\u015f\u0131lamak i\u00e7in t\u00fcm imkanlar\u0131n\u0131 seferber etmektedir. Rehabilitasyon merkezleri bu alanda \u00e7ok \u00f6nemli bir g\u00f6rev \u00fcstlenmektedir\u201d diyerek organizasyonu d\u00fczenleyen ekibe te\u015fekk\u00fcr etti.<\/p>\n<p>Performanslar Gurur Kayna\u011f\u0131 Oldu<\/p>\n<p>Etkinlik boyunca sahne alan \u00f6zel bireyler, ald\u0131klar\u0131 e\u011fitimlerin etkisiyle kazand\u0131klar\u0131 \u00f6zg\u00fcven ve becerilerini sergiledi. Ailelerin g\u00f6zlerindeki mutluluk ve gurur, etkinli\u011fin en anlaml\u0131 anlar\u0131n\u0131 olu\u015fturdu.<\/p>\n<p>Ulu\u00e7\u0131nar Rehabilitasyon Merkezi\u2019nin fark\u0131ndal\u0131k etkinli\u011fi, \u00f6zel bireylerin sosyalle\u015ferek hayata tutunmalar\u0131na katk\u0131 sa\u011flad\u0131 ve t\u00fcm kat\u0131l\u0131mc\u0131lara unutulmaz bir deneyim sundu.<\/p>\n<p>\u200b3 Aral\u0131k D\u00fcnya Engelliler G\u00fcn\u00fc kapsam\u0131nda Arsuz\u2019un Madenli Mahallesi\u2019nde faaliyet g\u00f6steren Ulu\u00e7\u0131nar Rehabilitasyon Merkezi, anlaml\u0131 bir fark\u0131ndal\u0131k etkinli\u011fine ev sahipli\u011fi yapt\u0131. \u201cSevgi varsa, engel yoktur\u201d temas\u0131yla ger\u00e7ekle\u015ftirilen etkinlikte, \u00f6zel bireyler becerilerini sergileyerek topluma \u00f6nemli mesajlar verdi.\u00a0<\/p>\n<p>\u200bHaberin Al\u0131nt\u0131land\u0131\u011f\u0131 Kaynak: www.iskenderun.org<\/p>","protected":false},"excerpt":{"rendered":"<p>Fark\u0131ndal\u0131k \u0130\u00e7in El Ele Etkinlik, Ulu\u00e7\u0131nar Rehabilitasyon Merkezi\u2019nin Kurucu M\u00fcd\u00fcr\u00fc Uzman Fizyoterapist Nezih G\u00f6kp\u0131nar ve ortaklar\u0131 Murat \u00c7e\u00e7en ile Nazl\u0131 G\u00fcl \u00c7ankaya\u2019n\u0131n liderli\u011finde d\u00fczenlendi. Arsuz Kaymakam\u0131 Hasan G\u00f6kp\u0131nar, Hatay B\u00fcy\u00fck\u015fehir Belediye Ba\u015fkan\u0131 Mehmet \u00d6nt\u00fcrk ve Arsuz Belediye Ba\u015fkan\u0131 Sami \u00dcst\u00fcn\u2019\u00fcn destek verdi\u011fi organizasyona, \u00f6zel bireyler, aileleri, STK temsilcileri ve \u00e7ok say\u0131da davetli kat\u0131ld\u0131. Tatl\u0131 ve pasta ikramlar\u0131yla renklendirilen etkinlik, tiyatro sanat\u00e7\u0131s\u0131 Murat Elmas\u2019\u0131n sunumu, animasyon g\u00f6sterileri ve m\u00fczisyen Murat A\u015fkar\u2019\u0131n gitar performans\u0131yla unutulmaz anlara sahne oldu. \u201cAsla Yaln\u0131z De\u011filsiniz\u201d Etkinlikte konu\u015fan Ulu\u00e7\u0131nar Rehabilitasyon Merkezi Kurucu M\u00fcd\u00fcr\u00fc Nezih G\u00f6kp\u0131nar, engelli bireylerin toplumla kayna\u015fmas\u0131 ve \u00f6zg\u00fcven kazanmas\u0131 i\u00e7in b\u00fcy\u00fck bir \u00f6zveriyle \u00e7al\u0131\u015ft\u0131klar\u0131n\u0131 ifade etti. G\u00f6kp\u0131nar, \u201cEngelli bireylerin topluma entegre olarak \u00f6zg\u00fcvenli ve sosyal hayatta yer edinen bireyler olmas\u0131n\u0131 hedefliyoruz. Sa\u011fl\u0131k ve e\u011fitim s\u00fcre\u00e7lerinde ailelerimiz ve uzman kadromuzla b\u00fcy\u00fck ba\u015far\u0131lar elde ediyoruz\u201d dedi. Kaymakam G\u00f6kp\u0131nar\u2019dan Destek Mesaj\u0131 Arsuz Kaymakam\u0131 Hasan G\u00f6kp\u0131nar ise \u00f6zel bireylerin hayatlar\u0131n\u0131 kolayla\u015ft\u0131ran projelere devam edeceklerini belirterek, \u201cT\u00fcrkiye Cumhuriyeti Devleti, engelli bireylerin ihtiya\u00e7lar\u0131n\u0131 kar\u015f\u0131lamak i\u00e7in t\u00fcm imkanlar\u0131n\u0131 seferber etmektedir. Rehabilitasyon merkezleri bu alanda \u00e7ok \u00f6nemli bir g\u00f6rev \u00fcstlenmektedir\u201d diyerek organizasyonu d\u00fczenleyen ekibe te\u015fekk\u00fcr etti. Performanslar Gurur Kayna\u011f\u0131 Oldu Etkinlik boyunca sahne alan \u00f6zel bireyler, ald\u0131klar\u0131 e\u011fitimlerin etkisiyle kazand\u0131klar\u0131 \u00f6zg\u00fcven ve becerilerini sergiledi. Ailelerin g\u00f6zlerindeki mutluluk ve gurur, etkinli\u011fin en anlaml\u0131 &hellip;<\/p>","protected":false},"author":0,"featured_media":0,"comment_status":"open","ping_status":"open","sticky":false,"template":"","format":"standard","meta":{"_acf_changed":false,"footnotes":""},"categories":[24,535],"tags":[],"class_list":["post-18969","post","type-post","status-publish","format-standard","has-post-thumbnail","hentry","category-gundem","category-uncategorized-tr"],"acf":[],"yoast_head":"<!-- This site is optimized with the Yoast SEO Premium plugin v26.6 (Yoast SEO v27.1.1) - https:\/\/yoast.com\/product\/yoast-seo-premium-wordpress\/ -->\n<title>Arsuz\u2019da Ulu\u00e7\u0131nar Rehabilitasyonundan Etkinlik - Av. Deniz Can K\u0131z\u0131l<\/title>\n<meta name=\"robots\" content=\"index, follow, max-snippet:-1, max-image-preview:large, max-video-preview:-1\" \/>\n<link rel=\"canonical\" href=\"http:\/\/denizcankizil.tr\/en\/haberler\/gundem\/arsuzda-ulucinar-rehabilitasyonundan-etkinlik\/\" \/>\n<meta property=\"og:locale\" content=\"en_GB\" \/>\n<meta property=\"og:type\" content=\"article\" \/>\n<meta property=\"og:title\" content=\"Arsuz\u2019da Ulu\u00e7\u0131nar Rehabilitasyonundan Etkinlik\" \/>\n<meta property=\"og:description\" content=\"Fark\u0131ndal\u0131k \u0130\u00e7in El Ele Etkinlik, Ulu\u00e7\u0131nar Rehabilitasyon Merkezi\u2019nin Kurucu M\u00fcd\u00fcr\u00fc Uzman Fizyoterapist Nezih G\u00f6kp\u0131nar ve ortaklar\u0131 Murat \u00c7e\u00e7en ile Nazl\u0131 G\u00fcl \u00c7ankaya\u2019n\u0131n liderli\u011finde d\u00fczenlendi. Arsuz Kaymakam\u0131 Hasan G\u00f6kp\u0131nar, Hatay B\u00fcy\u00fck\u015fehir Belediye Ba\u015fkan\u0131 Mehmet \u00d6nt\u00fcrk ve Arsuz Belediye Ba\u015fkan\u0131 Sami \u00dcst\u00fcn\u2019\u00fcn destek verdi\u011fi organizasyona, \u00f6zel bireyler, aileleri, STK temsilcileri ve \u00e7ok say\u0131da davetli kat\u0131ld\u0131. Tatl\u0131 ve pasta ikramlar\u0131yla renklendirilen etkinlik, tiyatro sanat\u00e7\u0131s\u0131 Murat Elmas\u2019\u0131n sunumu, animasyon g\u00f6sterileri ve m\u00fczisyen Murat A\u015fkar\u2019\u0131n gitar performans\u0131yla unutulmaz anlara sahne oldu. \u201cAsla Yaln\u0131z De\u011filsiniz\u201d Etkinlikte konu\u015fan Ulu\u00e7\u0131nar Rehabilitasyon Merkezi Kurucu M\u00fcd\u00fcr\u00fc Nezih G\u00f6kp\u0131nar, engelli bireylerin toplumla kayna\u015fmas\u0131 ve \u00f6zg\u00fcven kazanmas\u0131 i\u00e7in b\u00fcy\u00fck bir \u00f6zveriyle \u00e7al\u0131\u015ft\u0131klar\u0131n\u0131 ifade etti. G\u00f6kp\u0131nar, \u201cEngelli bireylerin topluma entegre olarak \u00f6zg\u00fcvenli ve sosyal hayatta yer edinen bireyler olmas\u0131n\u0131 hedefliyoruz. Sa\u011fl\u0131k ve e\u011fitim s\u00fcre\u00e7lerinde ailelerimiz ve uzman kadromuzla b\u00fcy\u00fck ba\u015far\u0131lar elde ediyoruz\u201d dedi. Kaymakam G\u00f6kp\u0131nar\u2019dan Destek Mesaj\u0131 Arsuz Kaymakam\u0131 Hasan G\u00f6kp\u0131nar ise \u00f6zel bireylerin hayatlar\u0131n\u0131 kolayla\u015ft\u0131ran projelere devam edeceklerini belirterek, \u201cT\u00fcrkiye Cumhuriyeti Devleti, engelli bireylerin ihtiya\u00e7lar\u0131n\u0131 kar\u015f\u0131lamak i\u00e7in t\u00fcm imkanlar\u0131n\u0131 seferber etmektedir. Rehabilitasyon merkezleri bu alanda \u00e7ok \u00f6nemli bir g\u00f6rev \u00fcstlenmektedir\u201d diyerek organizasyonu d\u00fczenleyen ekibe te\u015fekk\u00fcr etti. Performanslar Gurur Kayna\u011f\u0131 Oldu Etkinlik boyunca sahne alan \u00f6zel bireyler, ald\u0131klar\u0131 e\u011fitimlerin etkisiyle kazand\u0131klar\u0131 \u00f6zg\u00fcven ve becerilerini sergiledi. Ailelerin g\u00f6zlerindeki mutluluk ve gurur, etkinli\u011fin en anlaml\u0131 &hellip;\" \/>\n<meta property=\"og:url\" content=\"http:\/\/denizcankizil.tr\/en\/haberler\/gundem\/arsuzda-ulucinar-rehabilitasyonundan-etkinlik\/\" \/>\n<meta property=\"og:site_name\" content=\"Av. Deniz Can K\u0131z\u0131l\" \/>\n<meta property=\"article:published_time\" content=\"2024-12-03T15:41:50+00:00\" \/>\n<meta name=\"twitter:card\" content=\"summary_large_image\" \/>\n<meta name=\"twitter:label1\" content=\"Estimated reading time\" \/>\n\t<meta name=\"twitter:data1\" content=\"2 minutes\" \/>\n<script type=\"application\/ld+json\" class=\"yoast-schema-graph\">{\"@context\":\"https:\/\/schema.org\",\"@graph\":[{\"@type\":\"Article\",\"@id\":\"http:\/\/denizcankizil.tr\/ru\/haberler\/gundem\/arsuzda-ulucinar-rehabilitasyonundan-etkinlik\/#article\",\"isPartOf\":{\"@id\":\"http:\/\/denizcankizil.tr\/ru\/haberler\/gundem\/arsuzda-ulucinar-rehabilitasyonundan-etkinlik\/\"},\"author\":{\"name\":\"\",\"@id\":\"\"},\"headline\":\"Arsuz\u2019da Ulu\u00e7\u0131nar Rehabilitasyonundan Etkinlik\",\"datePublished\":\"2024-12-03T15:41:50+00:00\",\"mainEntityOfPage\":{\"@id\":\"http:\/\/denizcankizil.tr\/ru\/haberler\/gundem\/arsuzda-ulucinar-rehabilitasyonundan-etkinlik\/\"},\"wordCount\":388,\"commentCount\":0,\"publisher\":{\"@id\":\"https:\/\/denizcankizil.tr\/de\/#organization\"},\"articleSection\":[\"G\u00fcndem\",\"Uncategorized\"],\"inLanguage\":\"en-GB\",\"potentialAction\":[{\"@type\":\"CommentAction\",\"name\":\"Comment\",\"target\":[\"http:\/\/denizcankizil.tr\/ru\/haberler\/gundem\/arsuzda-ulucinar-rehabilitasyonundan-etkinlik\/#respond\"]}]},{\"@type\":\"WebPage\",\"@id\":\"http:\/\/denizcankizil.tr\/ru\/haberler\/gundem\/arsuzda-ulucinar-rehabilitasyonundan-etkinlik\/\",\"url\":\"http:\/\/denizcankizil.tr\/ru\/haberler\/gundem\/arsuzda-ulucinar-rehabilitasyonundan-etkinlik\/\",\"name\":\"Arsuz\u2019da Ulu\u00e7\u0131nar Rehabilitasyonundan Etkinlik - Av. Deniz Can K\u0131z\u0131l\",\"isPartOf\":{\"@id\":\"https:\/\/denizcankizil.tr\/de\/#website\"},\"datePublished\":\"2024-12-03T15:41:50+00:00\",\"breadcrumb\":{\"@id\":\"http:\/\/denizcankizil.tr\/ru\/haberler\/gundem\/arsuzda-ulucinar-rehabilitasyonundan-etkinlik\/#breadcrumb\"},\"inLanguage\":\"en-GB\",\"potentialAction\":[{\"@type\":\"ReadAction\",\"target\":[\"http:\/\/denizcankizil.tr\/ru\/haberler\/gundem\/arsuzda-ulucinar-rehabilitasyonundan-etkinlik\/\"]}]},{\"@type\":\"BreadcrumbList\",\"@id\":\"http:\/\/denizcankizil.tr\/ru\/haberler\/gundem\/arsuzda-ulucinar-rehabilitasyonundan-etkinlik\/#breadcrumb\",\"itemListElement\":[{\"@type\":\"ListItem\",\"position\":1,\"name\":\"Home\",\"item\":\"https:\/\/denizcankizil.tr\/de\/\"},{\"@type\":\"ListItem\",\"position\":2,\"name\":\"Arsuz\u2019da Ulu\u00e7\u0131nar Rehabilitasyonundan Etkinlik\"}]},{\"@type\":\"WebSite\",\"@id\":\"https:\/\/denizcankizil.tr\/de\/#website\",\"url\":\"https:\/\/denizcankizil.tr\/de\/\",\"name\":\"Av. Deniz Can K\u0131z\u0131l\",\"description\":\"Avukat Deniz Can K\u0131z\u0131l Antalya Barosu\",\"publisher\":{\"@id\":\"https:\/\/denizcankizil.tr\/de\/#organization\"},\"potentialAction\":[{\"@type\":\"SearchAction\",\"target\":{\"@type\":\"EntryPoint\",\"urlTemplate\":\"https:\/\/denizcankizil.tr\/de\/?s={search_term_string}\"},\"query-input\":{\"@type\":\"PropertyValueSpecification\",\"valueRequired\":true,\"valueName\":\"search_term_string\"}}],\"inLanguage\":\"en-GB\"},{\"@type\":\"Organization\",\"@id\":\"https:\/\/denizcankizil.tr\/de\/#organization\",\"name\":\"Av. Deniz Can K\u0131z\u0131l\",\"url\":\"https:\/\/denizcankizil.tr\/de\/\",\"logo\":{\"@type\":\"ImageObject\",\"inLanguage\":\"en-GB\",\"@id\":\"https:\/\/denizcankizil.tr\/de\/#\/schema\/logo\/image\/\",\"url\":\"https:\/\/denizcankizil.tr\/wp-content\/uploads\/2024\/10\/siyah-logo-svg.svg\",\"contentUrl\":\"https:\/\/denizcankizil.tr\/wp-content\/uploads\/2024\/10\/siyah-logo-svg.svg\",\"width\":1080,\"height\":1080,\"caption\":\"Av. Deniz Can K\u0131z\u0131l\"},\"image\":{\"@id\":\"https:\/\/denizcankizil.tr\/de\/#\/schema\/logo\/image\/\"}}]}<\/script>\n<!-- \/ Yoast SEO Premium plugin. -->","yoast_head_json":{"title":"Arsuz\u2019da Ulu\u00e7\u0131nar Rehabilitasyonundan Etkinlik - Av. Deniz Can K\u0131z\u0131l","robots":{"index":"index","follow":"follow","max-snippet":"max-snippet:-1","max-image-preview":"max-image-preview:large","max-video-preview":"max-video-preview:-1"},"canonical":"http:\/\/denizcankizil.tr\/en\/haberler\/gundem\/arsuzda-ulucinar-rehabilitasyonundan-etkinlik\/","og_locale":"en_GB","og_type":"article","og_title":"Arsuz\u2019da Ulu\u00e7\u0131nar Rehabilitasyonundan Etkinlik","og_description":"Fark\u0131ndal\u0131k \u0130\u00e7in El Ele Etkinlik, Ulu\u00e7\u0131nar Rehabilitasyon Merkezi\u2019nin Kurucu M\u00fcd\u00fcr\u00fc Uzman Fizyoterapist Nezih G\u00f6kp\u0131nar ve ortaklar\u0131 Murat \u00c7e\u00e7en ile Nazl\u0131 G\u00fcl \u00c7ankaya\u2019n\u0131n liderli\u011finde d\u00fczenlendi. Arsuz Kaymakam\u0131 Hasan G\u00f6kp\u0131nar, Hatay B\u00fcy\u00fck\u015fehir Belediye Ba\u015fkan\u0131 Mehmet \u00d6nt\u00fcrk ve Arsuz Belediye Ba\u015fkan\u0131 Sami \u00dcst\u00fcn\u2019\u00fcn destek verdi\u011fi organizasyona, \u00f6zel bireyler, aileleri, STK temsilcileri ve \u00e7ok say\u0131da davetli kat\u0131ld\u0131. Tatl\u0131 ve pasta ikramlar\u0131yla renklendirilen etkinlik, tiyatro sanat\u00e7\u0131s\u0131 Murat Elmas\u2019\u0131n sunumu, animasyon g\u00f6sterileri ve m\u00fczisyen Murat A\u015fkar\u2019\u0131n gitar performans\u0131yla unutulmaz anlara sahne oldu. \u201cAsla Yaln\u0131z De\u011filsiniz\u201d Etkinlikte konu\u015fan Ulu\u00e7\u0131nar Rehabilitasyon Merkezi Kurucu M\u00fcd\u00fcr\u00fc Nezih G\u00f6kp\u0131nar, engelli bireylerin toplumla kayna\u015fmas\u0131 ve \u00f6zg\u00fcven kazanmas\u0131 i\u00e7in b\u00fcy\u00fck bir \u00f6zveriyle \u00e7al\u0131\u015ft\u0131klar\u0131n\u0131 ifade etti. G\u00f6kp\u0131nar, \u201cEngelli bireylerin topluma entegre olarak \u00f6zg\u00fcvenli ve sosyal hayatta yer edinen bireyler olmas\u0131n\u0131 hedefliyoruz. Sa\u011fl\u0131k ve e\u011fitim s\u00fcre\u00e7lerinde ailelerimiz ve uzman kadromuzla b\u00fcy\u00fck ba\u015far\u0131lar elde ediyoruz\u201d dedi. Kaymakam G\u00f6kp\u0131nar\u2019dan Destek Mesaj\u0131 Arsuz Kaymakam\u0131 Hasan G\u00f6kp\u0131nar ise \u00f6zel bireylerin hayatlar\u0131n\u0131 kolayla\u015ft\u0131ran projelere devam edeceklerini belirterek, \u201cT\u00fcrkiye Cumhuriyeti Devleti, engelli bireylerin ihtiya\u00e7lar\u0131n\u0131 kar\u015f\u0131lamak i\u00e7in t\u00fcm imkanlar\u0131n\u0131 seferber etmektedir. Rehabilitasyon merkezleri bu alanda \u00e7ok \u00f6nemli bir g\u00f6rev \u00fcstlenmektedir\u201d diyerek organizasyonu d\u00fczenleyen ekibe te\u015fekk\u00fcr etti. Performanslar Gurur Kayna\u011f\u0131 Oldu Etkinlik boyunca sahne alan \u00f6zel bireyler, ald\u0131klar\u0131 e\u011fitimlerin etkisiyle kazand\u0131klar\u0131 \u00f6zg\u00fcven ve becerilerini sergiledi. Ailelerin g\u00f6zlerindeki mutluluk ve gurur, etkinli\u011fin en anlaml\u0131 &hellip;","og_url":"http:\/\/denizcankizil.tr\/en\/haberler\/gundem\/arsuzda-ulucinar-rehabilitasyonundan-etkinlik\/","og_site_name":"Av. Deniz Can K\u0131z\u0131l","article_published_time":"2024-12-03T15:41:50+00:00","twitter_card":"summary_large_image","twitter_misc":{"Estimated reading time":"2 minutes"},"schema":{"@context":"https:\/\/schema.org","@graph":[{"@type":"Article","@id":"http:\/\/denizcankizil.tr\/ru\/haberler\/gundem\/arsuzda-ulucinar-rehabilitasyonundan-etkinlik\/#article","isPartOf":{"@id":"http:\/\/denizcankizil.tr\/ru\/haberler\/gundem\/arsuzda-ulucinar-rehabilitasyonundan-etkinlik\/"},"author":{"name":"","@id":""},"headline":"Arsuz\u2019da Ulu\u00e7\u0131nar Rehabilitasyonundan Etkinlik","datePublished":"2024-12-03T15:41:50+00:00","mainEntityOfPage":{"@id":"http:\/\/denizcankizil.tr\/ru\/haberler\/gundem\/arsuzda-ulucinar-rehabilitasyonundan-etkinlik\/"},"wordCount":388,"commentCount":0,"publisher":{"@id":"https:\/\/denizcankizil.tr\/de\/#organization"},"articleSection":["G\u00fcndem","Uncategorized"],"inLanguage":"en-GB","potentialAction":[{"@type":"CommentAction","name":"Comment","target":["http:\/\/denizcankizil.tr\/ru\/haberler\/gundem\/arsuzda-ulucinar-rehabilitasyonundan-etkinlik\/#respond"]}]},{"@type":"WebPage","@id":"http:\/\/denizcankizil.tr\/ru\/haberler\/gundem\/arsuzda-ulucinar-rehabilitasyonundan-etkinlik\/","url":"http:\/\/denizcankizil.tr\/ru\/haberler\/gundem\/arsuzda-ulucinar-rehabilitasyonundan-etkinlik\/","name":"Arsuz\u2019da Ulu\u00e7\u0131nar Rehabilitasyonundan Etkinlik - Av. Deniz Can K\u0131z\u0131l","isPartOf":{"@id":"https:\/\/denizcankizil.tr\/de\/#website"},"datePublished":"2024-12-03T15:41:50+00:00","breadcrumb":{"@id":"http:\/\/denizcankizil.tr\/ru\/haberler\/gundem\/arsuzda-ulucinar-rehabilitasyonundan-etkinlik\/#breadcrumb"},"inLanguage":"en-GB","potentialAction":[{"@type":"ReadAction","target":["http:\/\/denizcankizil.tr\/ru\/haberler\/gundem\/arsuzda-ulucinar-rehabilitasyonundan-etkinlik\/"]}]},{"@type":"BreadcrumbList","@id":"http:\/\/denizcankizil.tr\/ru\/haberler\/gundem\/arsuzda-ulucinar-rehabilitasyonundan-etkinlik\/#breadcrumb","itemListElement":[{"@type":"ListItem","position":1,"name":"Home","item":"https:\/\/denizcankizil.tr\/de\/"},{"@type":"ListItem","position":2,"name":"Arsuz\u2019da Ulu\u00e7\u0131nar Rehabilitasyonundan Etkinlik"}]},{"@type":"WebSite","@id":"https:\/\/denizcankizil.tr\/de\/#website","url":"https:\/\/denizcankizil.tr\/de\/","name":"Av. Deniz Can K\u0131z\u0131l","description":"Avukat Deniz Can K\u0131z\u0131l Antalya Barosu","publisher":{"@id":"https:\/\/denizcankizil.tr\/de\/#organization"},"potentialAction":[{"@type":"SearchAction","target":{"@type":"EntryPoint","urlTemplate":"https:\/\/denizcankizil.tr\/de\/?s={search_term_string}"},"query-input":{"@type":"PropertyValueSpecification","valueRequired":true,"valueName":"search_term_string"}}],"inLanguage":"en-GB"},{"@type":"Organization","@id":"https:\/\/denizcankizil.tr\/de\/#organization","name":"Av. Deniz Can K\u0131z\u0131l","url":"https:\/\/denizcankizil.tr\/de\/","logo":{"@type":"ImageObject","inLanguage":"en-GB","@id":"https:\/\/denizcankizil.tr\/de\/#\/schema\/logo\/image\/","url":"https:\/\/denizcankizil.tr\/wp-content\/uploads\/2024\/10\/siyah-logo-svg.svg","contentUrl":"https:\/\/denizcankizil.tr\/wp-content\/uploads\/2024\/10\/siyah-logo-svg.svg","width":1080,"height":1080,"caption":"Av. Deniz Can K\u0131z\u0131l"},"image":{"@id":"https:\/\/denizcankizil.tr\/de\/#\/schema\/logo\/image\/"}}]}},"_links":{"self":[{"href":"https:\/\/denizcankizil.tr\/en\/wp-json\/wp\/v2\/posts\/18969","targetHints":{"allow":["GET"]}}],"collection":[{"href":"https:\/\/denizcankizil.tr\/en\/wp-json\/wp\/v2\/posts"}],"about":[{"href":"https:\/\/denizcankizil.tr\/en\/wp-json\/wp\/v2\/types\/post"}],"replies":[{"embeddable":true,"href":"https:\/\/denizcankizil.tr\/en\/wp-json\/wp\/v2\/comments?post=18969"}],"version-history":[{"count":0,"href":"https:\/\/denizcankizil.tr\/en\/wp-json\/wp\/v2\/posts\/18969\/revisions"}],"wp:attachment":[{"href":"https:\/\/denizcankizil.tr\/en\/wp-json\/wp\/v2\/media?parent=18969"}],"wp:term":[{"taxonomy":"category","embeddable":true,"href":"https:\/\/denizcankizil.tr\/en\/wp-json\/wp\/v2\/categories?post=18969"},{"taxonomy":"post_tag","embeddable":true,"href":"https:\/\/denizcankizil.tr\/en\/wp-json\/wp\/v2\/tags?post=18969"}],"curies":[{"name":"wp","href":"https:\/\/api.w.org\/{rel}","templated":true}]}}