{"id":18707,"date":"2024-12-02T11:41:29","date_gmt":"2024-12-02T08:41:29","guid":{"rendered":"https:\/\/denizcankizil.tr\/uncategorized-tr\/yanginda-mustakil-ev-kule-dondu\/"},"modified":"2024-12-02T11:41:29","modified_gmt":"2024-12-02T08:41:29","slug":"yanginda-mustakil-ev-kule-dondu","status":"publish","type":"post","link":"https:\/\/denizcankizil.tr\/en\/haberler\/antalya\/yanginda-mustakil-ev-kule-dondu\/","title":{"rendered":"Yang\u0131nda m\u00fcstakil ev k\u00fcle d\u00f6nd\u00fc"},"content":{"rendered":"<p>Yang\u0131n, d\u00fcn ak\u015fam saat 20.00 s\u0131ralar\u0131nda Demirta\u015f Mahallesi Cumhuriyet Caddesi \u00fczerindeki tek katl\u0131 m\u00fcstakil evde \u00e7\u0131kt\u0131. Edinilen bilgilere g\u00f6re, hen\u00fcz bilinmeyen nedenden \u00f6t\u00fcr\u00fc \u00e7\u0131kan yang\u0131nda alevler k\u0131sa s\u00fcrede evin tamam\u0131na yay\u0131ld\u0131. i\u00e7eride oldu\u011fu belirtilen Ayfer A. isimli engelli k\u0131z kom\u015fular\u0131n yard\u0131m\u0131yla d\u0131\u015far\u0131 \u00e7\u0131kar\u0131ld\u0131. Vatanda\u015flar\u0131n ihbar\u0131 \u00fczerine olay yerine \u00e7ok say\u0131da itfaiye ve jandarma ekipleri sevk edildi. Ekipler yang\u0131na k\u0131sa s\u00fcrede m\u00fcdahalede bulundu.<br \/>\nYang\u0131n\u0131n trafo dire\u011finden \u00e7\u0131kt\u0131\u011f\u0131n\u0131 ileri s\u00fcren Ayfer A.&#8217;n\u0131n babas\u0131, &#8221;Defalarca s\u00f6yledim ge\u00e7en y\u0131l da direk ate\u015f ald\u0131, de\u011fi\u015ftirin evde sakat \u00e7ocuk var dedim. As\u0131l evim yukar\u0131da ama \u00e7ocuk o eve al\u0131\u015famad\u0131\u011f\u0131 i\u00e7in burada kal\u0131yor. Ev ate\u015f al\u0131nca haberleri olmu\u015f \u00e7ocu\u011fu kurtarm\u0131\u015flar ama ev yanm\u0131\u015f. D\u00fc\u011f\u00fcne gittik, damat ve k\u0131z\u0131m vard\u0131 evde&#8221; dedi.<br \/>\n\u00c7\u0131kan yang\u0131nda evin tamam\u0131 kullan\u0131lamaz hale gelirken, Ayfer A.&#8217;n\u0131n durumunun iyi oldu\u011fu \u00f6\u011frenildi.<br \/>\nEkipler, yang\u0131n\u0131n \u00e7\u0131k\u0131\u015f nedeniyle ilgili inceleme ba\u015flatt\u0131.<\/p>\n<p>Kaynak: www.kanalv.com.tr Haber Sitesinden Al\u0131nm\u0131\u015ft\u0131r.<\/p>","protected":false},"excerpt":{"rendered":"<p>Yang\u0131n, d\u00fcn ak\u015fam saat 20.00 s\u0131ralar\u0131nda Demirta\u015f Mahallesi Cumhuriyet Caddesi \u00fczerindeki tek katl\u0131 m\u00fcstakil evde \u00e7\u0131kt\u0131. Edinilen bilgilere g\u00f6re, hen\u00fcz bilinmeyen nedenden \u00f6t\u00fcr\u00fc \u00e7\u0131kan yang\u0131nda alevler k\u0131sa s\u00fcrede evin tamam\u0131na yay\u0131ld\u0131. i\u00e7eride oldu\u011fu belirtilen Ayfer A. isimli engelli k\u0131z kom\u015fular\u0131n yard\u0131m\u0131yla d\u0131\u015far\u0131 \u00e7\u0131kar\u0131ld\u0131. Vatanda\u015flar\u0131n ihbar\u0131 \u00fczerine olay yerine \u00e7ok say\u0131da itfaiye ve jandarma ekipleri sevk edildi. Ekipler yang\u0131na k\u0131sa s\u00fcrede m\u00fcdahalede bulundu. Yang\u0131n\u0131n trafo dire\u011finden \u00e7\u0131kt\u0131\u011f\u0131n\u0131 ileri s\u00fcren Ayfer A.&#8217;n\u0131n babas\u0131, &#8221;Defalarca s\u00f6yledim ge\u00e7en y\u0131l da direk ate\u015f ald\u0131, de\u011fi\u015ftirin evde sakat \u00e7ocuk var dedim. As\u0131l evim yukar\u0131da ama \u00e7ocuk o eve al\u0131\u015famad\u0131\u011f\u0131 i\u00e7in burada kal\u0131yor. Ev ate\u015f al\u0131nca haberleri olmu\u015f \u00e7ocu\u011fu kurtarm\u0131\u015flar ama ev yanm\u0131\u015f. D\u00fc\u011f\u00fcne gittik, damat ve k\u0131z\u0131m vard\u0131 evde&#8221; dedi. \u00c7\u0131kan yang\u0131nda evin tamam\u0131 kullan\u0131lamaz hale gelirken, Ayfer A.&#8217;n\u0131n durumunun iyi oldu\u011fu \u00f6\u011frenildi. Ekipler, yang\u0131n\u0131n \u00e7\u0131k\u0131\u015f nedeniyle ilgili inceleme ba\u015flatt\u0131. Kaynak: www.kanalv.com.tr Haber Sitesinden Al\u0131nm\u0131\u015ft\u0131r.<\/p>","protected":false},"author":0,"featured_media":18708,"comment_status":"open","ping_status":"open","sticky":false,"template":"","format":"standard","meta":{"_acf_changed":false,"footnotes":""},"categories":[26,535],"tags":[],"class_list":["post-18707","post","type-post","status-publish","format-standard","has-post-thumbnail","hentry","category-antalya","category-uncategorized-tr"],"acf":[],"yoast_head":"<!-- This site is optimized with the Yoast SEO Premium plugin v26.6 (Yoast SEO v27.1.1) - https:\/\/yoast.com\/product\/yoast-seo-premium-wordpress\/ -->\n<title>Yang\u0131nda m\u00fcstakil ev k\u00fcle d\u00f6nd\u00fc - Av. Deniz Can K\u0131z\u0131l<\/title>\n<meta name=\"robots\" content=\"index, follow, max-snippet:-1, max-image-preview:large, max-video-preview:-1\" \/>\n<link rel=\"canonical\" href=\"https:\/\/denizcankizil.tr\/en\/haberler\/antalya\/yanginda-mustakil-ev-kule-dondu\/\" \/>\n<meta property=\"og:locale\" content=\"en_GB\" \/>\n<meta property=\"og:type\" content=\"article\" \/>\n<meta property=\"og:title\" content=\"Yang\u0131nda m\u00fcstakil ev k\u00fcle d\u00f6nd\u00fc\" \/>\n<meta property=\"og:description\" content=\"Yang\u0131n, d\u00fcn ak\u015fam saat 20.00 s\u0131ralar\u0131nda Demirta\u015f Mahallesi Cumhuriyet Caddesi \u00fczerindeki tek katl\u0131 m\u00fcstakil evde \u00e7\u0131kt\u0131. Edinilen bilgilere g\u00f6re, hen\u00fcz bilinmeyen nedenden \u00f6t\u00fcr\u00fc \u00e7\u0131kan yang\u0131nda alevler k\u0131sa s\u00fcrede evin tamam\u0131na yay\u0131ld\u0131. i\u00e7eride oldu\u011fu belirtilen Ayfer A. isimli engelli k\u0131z kom\u015fular\u0131n yard\u0131m\u0131yla d\u0131\u015far\u0131 \u00e7\u0131kar\u0131ld\u0131. Vatanda\u015flar\u0131n ihbar\u0131 \u00fczerine olay yerine \u00e7ok say\u0131da itfaiye ve jandarma ekipleri sevk edildi. Ekipler yang\u0131na k\u0131sa s\u00fcrede m\u00fcdahalede bulundu. Yang\u0131n\u0131n trafo dire\u011finden \u00e7\u0131kt\u0131\u011f\u0131n\u0131 ileri s\u00fcren Ayfer A.&#8217;n\u0131n babas\u0131, &#8221;Defalarca s\u00f6yledim ge\u00e7en y\u0131l da direk ate\u015f ald\u0131, de\u011fi\u015ftirin evde sakat \u00e7ocuk var dedim. As\u0131l evim yukar\u0131da ama \u00e7ocuk o eve al\u0131\u015famad\u0131\u011f\u0131 i\u00e7in burada kal\u0131yor. Ev ate\u015f al\u0131nca haberleri olmu\u015f \u00e7ocu\u011fu kurtarm\u0131\u015flar ama ev yanm\u0131\u015f. D\u00fc\u011f\u00fcne gittik, damat ve k\u0131z\u0131m vard\u0131 evde&#8221; dedi. \u00c7\u0131kan yang\u0131nda evin tamam\u0131 kullan\u0131lamaz hale gelirken, Ayfer A.&#8217;n\u0131n durumunun iyi oldu\u011fu \u00f6\u011frenildi. Ekipler, yang\u0131n\u0131n \u00e7\u0131k\u0131\u015f nedeniyle ilgili inceleme ba\u015flatt\u0131. Kaynak: www.kanalv.com.tr Haber Sitesinden Al\u0131nm\u0131\u015ft\u0131r.\" \/>\n<meta property=\"og:url\" content=\"https:\/\/denizcankizil.tr\/en\/haberler\/antalya\/yanginda-mustakil-ev-kule-dondu\/\" \/>\n<meta property=\"og:site_name\" content=\"Av. Deniz Can K\u0131z\u0131l\" \/>\n<meta property=\"article:published_time\" content=\"2024-12-02T08:41:29+00:00\" \/>\n<meta property=\"og:image\" content=\"https:\/\/denizcankizil.tr\/wp-content\/uploads\/2024\/12\/3371-01-2E8kf2.jpeg\" \/>\n\t<meta property=\"og:image:width\" content=\"1280\" \/>\n\t<meta property=\"og:image:height\" content=\"720\" \/>\n\t<meta property=\"og:image:type\" content=\"image\/jpeg\" \/>\n<meta name=\"twitter:card\" content=\"summary_large_image\" \/>\n<meta name=\"twitter:label1\" content=\"Estimated reading time\" \/>\n\t<meta name=\"twitter:data1\" content=\"1 minute\" \/>\n<script type=\"application\/ld+json\" class=\"yoast-schema-graph\">{\"@context\":\"https:\/\/schema.org\",\"@graph\":[{\"@type\":\"Article\",\"@id\":\"https:\/\/denizcankizil.tr\/en\/haberler\/antalya\/yanginda-mustakil-ev-kule-dondu\/#article\",\"isPartOf\":{\"@id\":\"https:\/\/denizcankizil.tr\/en\/haberler\/antalya\/yanginda-mustakil-ev-kule-dondu\/\"},\"author\":{\"name\":\"\",\"@id\":\"\"},\"headline\":\"Yang\u0131nda m\u00fcstakil ev k\u00fcle d\u00f6nd\u00fc\",\"datePublished\":\"2024-12-02T08:41:29+00:00\",\"mainEntityOfPage\":{\"@id\":\"https:\/\/denizcankizil.tr\/en\/haberler\/antalya\/yanginda-mustakil-ev-kule-dondu\/\"},\"wordCount\":214,\"commentCount\":0,\"publisher\":{\"@id\":\"https:\/\/denizcankizil.tr\/#organization\"},\"image\":{\"@id\":\"https:\/\/denizcankizil.tr\/en\/haberler\/antalya\/yanginda-mustakil-ev-kule-dondu\/#primaryimage\"},\"thumbnailUrl\":\"https:\/\/denizcankizil.tr\/wp-content\/uploads\/2024\/12\/3371-01-2E8kf2.jpeg\",\"articleSection\":[\"Antalya\",\"Uncategorized\"],\"inLanguage\":\"en-GB\",\"potentialAction\":[{\"@type\":\"CommentAction\",\"name\":\"Comment\",\"target\":[\"https:\/\/denizcankizil.tr\/en\/haberler\/antalya\/yanginda-mustakil-ev-kule-dondu\/#respond\"]}]},{\"@type\":\"WebPage\",\"@id\":\"https:\/\/denizcankizil.tr\/en\/haberler\/antalya\/yanginda-mustakil-ev-kule-dondu\/\",\"url\":\"https:\/\/denizcankizil.tr\/en\/haberler\/antalya\/yanginda-mustakil-ev-kule-dondu\/\",\"name\":\"Yang\u0131nda m\u00fcstakil ev k\u00fcle d\u00f6nd\u00fc - Av. Deniz Can K\u0131z\u0131l\",\"isPartOf\":{\"@id\":\"https:\/\/denizcankizil.tr\/#website\"},\"primaryImageOfPage\":{\"@id\":\"https:\/\/denizcankizil.tr\/en\/haberler\/antalya\/yanginda-mustakil-ev-kule-dondu\/#primaryimage\"},\"image\":{\"@id\":\"https:\/\/denizcankizil.tr\/en\/haberler\/antalya\/yanginda-mustakil-ev-kule-dondu\/#primaryimage\"},\"thumbnailUrl\":\"https:\/\/denizcankizil.tr\/wp-content\/uploads\/2024\/12\/3371-01-2E8kf2.jpeg\",\"datePublished\":\"2024-12-02T08:41:29+00:00\",\"breadcrumb\":{\"@id\":\"https:\/\/denizcankizil.tr\/en\/haberler\/antalya\/yanginda-mustakil-ev-kule-dondu\/#breadcrumb\"},\"inLanguage\":\"en-GB\",\"potentialAction\":[{\"@type\":\"ReadAction\",\"target\":[\"https:\/\/denizcankizil.tr\/en\/haberler\/antalya\/yanginda-mustakil-ev-kule-dondu\/\"]}]},{\"@type\":\"ImageObject\",\"inLanguage\":\"en-GB\",\"@id\":\"https:\/\/denizcankizil.tr\/en\/haberler\/antalya\/yanginda-mustakil-ev-kule-dondu\/#primaryimage\",\"url\":\"https:\/\/denizcankizil.tr\/wp-content\/uploads\/2024\/12\/3371-01-2E8kf2.jpeg\",\"contentUrl\":\"https:\/\/denizcankizil.tr\/wp-content\/uploads\/2024\/12\/3371-01-2E8kf2.jpeg\",\"width\":1280,\"height\":720},{\"@type\":\"BreadcrumbList\",\"@id\":\"https:\/\/denizcankizil.tr\/en\/haberler\/antalya\/yanginda-mustakil-ev-kule-dondu\/#breadcrumb\",\"itemListElement\":[{\"@type\":\"ListItem\",\"position\":1,\"name\":\"Home\",\"item\":\"https:\/\/denizcankizil.tr\/uk\/\"},{\"@type\":\"ListItem\",\"position\":2,\"name\":\"Yang\u0131nda m\u00fcstakil ev k\u00fcle d\u00f6nd\u00fc\"}]},{\"@type\":\"WebSite\",\"@id\":\"https:\/\/denizcankizil.tr\/#website\",\"url\":\"https:\/\/denizcankizil.tr\/\",\"name\":\"Av. Deniz Can K\u0131z\u0131l\",\"description\":\"Avukat Deniz Can K\u0131z\u0131l Antalya Barosu\",\"publisher\":{\"@id\":\"https:\/\/denizcankizil.tr\/#organization\"},\"potentialAction\":[{\"@type\":\"SearchAction\",\"target\":{\"@type\":\"EntryPoint\",\"urlTemplate\":\"https:\/\/denizcankizil.tr\/?s={search_term_string}\"},\"query-input\":{\"@type\":\"PropertyValueSpecification\",\"valueRequired\":true,\"valueName\":\"search_term_string\"}}],\"inLanguage\":\"en-GB\"},{\"@type\":\"Organization\",\"@id\":\"https:\/\/denizcankizil.tr\/#organization\",\"name\":\"Av. Deniz Can K\u0131z\u0131l\",\"url\":\"https:\/\/denizcankizil.tr\/\",\"logo\":{\"@type\":\"ImageObject\",\"inLanguage\":\"en-GB\",\"@id\":\"https:\/\/denizcankizil.tr\/#\/schema\/logo\/image\/\",\"url\":\"https:\/\/denizcankizil.tr\/wp-content\/uploads\/2024\/10\/siyah-logo-svg.svg\",\"contentUrl\":\"https:\/\/denizcankizil.tr\/wp-content\/uploads\/2024\/10\/siyah-logo-svg.svg\",\"width\":1080,\"height\":1080,\"caption\":\"Av. Deniz Can K\u0131z\u0131l\"},\"image\":{\"@id\":\"https:\/\/denizcankizil.tr\/#\/schema\/logo\/image\/\"}}]}<\/script>\n<!-- \/ Yoast SEO Premium plugin. -->","yoast_head_json":{"title":"Yang\u0131nda m\u00fcstakil ev k\u00fcle d\u00f6nd\u00fc - Av. Deniz Can K\u0131z\u0131l","robots":{"index":"index","follow":"follow","max-snippet":"max-snippet:-1","max-image-preview":"max-image-preview:large","max-video-preview":"max-video-preview:-1"},"canonical":"https:\/\/denizcankizil.tr\/en\/haberler\/antalya\/yanginda-mustakil-ev-kule-dondu\/","og_locale":"en_GB","og_type":"article","og_title":"Yang\u0131nda m\u00fcstakil ev k\u00fcle d\u00f6nd\u00fc","og_description":"Yang\u0131n, d\u00fcn ak\u015fam saat 20.00 s\u0131ralar\u0131nda Demirta\u015f Mahallesi Cumhuriyet Caddesi \u00fczerindeki tek katl\u0131 m\u00fcstakil evde \u00e7\u0131kt\u0131. Edinilen bilgilere g\u00f6re, hen\u00fcz bilinmeyen nedenden \u00f6t\u00fcr\u00fc \u00e7\u0131kan yang\u0131nda alevler k\u0131sa s\u00fcrede evin tamam\u0131na yay\u0131ld\u0131. i\u00e7eride oldu\u011fu belirtilen Ayfer A. isimli engelli k\u0131z kom\u015fular\u0131n yard\u0131m\u0131yla d\u0131\u015far\u0131 \u00e7\u0131kar\u0131ld\u0131. Vatanda\u015flar\u0131n ihbar\u0131 \u00fczerine olay yerine \u00e7ok say\u0131da itfaiye ve jandarma ekipleri sevk edildi. Ekipler yang\u0131na k\u0131sa s\u00fcrede m\u00fcdahalede bulundu. Yang\u0131n\u0131n trafo dire\u011finden \u00e7\u0131kt\u0131\u011f\u0131n\u0131 ileri s\u00fcren Ayfer A.&#8217;n\u0131n babas\u0131, &#8221;Defalarca s\u00f6yledim ge\u00e7en y\u0131l da direk ate\u015f ald\u0131, de\u011fi\u015ftirin evde sakat \u00e7ocuk var dedim. As\u0131l evim yukar\u0131da ama \u00e7ocuk o eve al\u0131\u015famad\u0131\u011f\u0131 i\u00e7in burada kal\u0131yor. Ev ate\u015f al\u0131nca haberleri olmu\u015f \u00e7ocu\u011fu kurtarm\u0131\u015flar ama ev yanm\u0131\u015f. D\u00fc\u011f\u00fcne gittik, damat ve k\u0131z\u0131m vard\u0131 evde&#8221; dedi. \u00c7\u0131kan yang\u0131nda evin tamam\u0131 kullan\u0131lamaz hale gelirken, Ayfer A.&#8217;n\u0131n durumunun iyi oldu\u011fu \u00f6\u011frenildi. Ekipler, yang\u0131n\u0131n \u00e7\u0131k\u0131\u015f nedeniyle ilgili inceleme ba\u015flatt\u0131. Kaynak: www.kanalv.com.tr Haber Sitesinden Al\u0131nm\u0131\u015ft\u0131r.","og_url":"https:\/\/denizcankizil.tr\/en\/haberler\/antalya\/yanginda-mustakil-ev-kule-dondu\/","og_site_name":"Av. Deniz Can K\u0131z\u0131l","article_published_time":"2024-12-02T08:41:29+00:00","og_image":[{"width":1280,"height":720,"url":"https:\/\/denizcankizil.tr\/wp-content\/uploads\/2024\/12\/3371-01-2E8kf2.jpeg","type":"image\/jpeg"}],"twitter_card":"summary_large_image","twitter_misc":{"Estimated reading time":"1 minute"},"schema":{"@context":"https:\/\/schema.org","@graph":[{"@type":"Article","@id":"https:\/\/denizcankizil.tr\/en\/haberler\/antalya\/yanginda-mustakil-ev-kule-dondu\/#article","isPartOf":{"@id":"https:\/\/denizcankizil.tr\/en\/haberler\/antalya\/yanginda-mustakil-ev-kule-dondu\/"},"author":{"name":"","@id":""},"headline":"Yang\u0131nda m\u00fcstakil ev k\u00fcle d\u00f6nd\u00fc","datePublished":"2024-12-02T08:41:29+00:00","mainEntityOfPage":{"@id":"https:\/\/denizcankizil.tr\/en\/haberler\/antalya\/yanginda-mustakil-ev-kule-dondu\/"},"wordCount":214,"commentCount":0,"publisher":{"@id":"https:\/\/denizcankizil.tr\/#organization"},"image":{"@id":"https:\/\/denizcankizil.tr\/en\/haberler\/antalya\/yanginda-mustakil-ev-kule-dondu\/#primaryimage"},"thumbnailUrl":"https:\/\/denizcankizil.tr\/wp-content\/uploads\/2024\/12\/3371-01-2E8kf2.jpeg","articleSection":["Antalya","Uncategorized"],"inLanguage":"en-GB","potentialAction":[{"@type":"CommentAction","name":"Comment","target":["https:\/\/denizcankizil.tr\/en\/haberler\/antalya\/yanginda-mustakil-ev-kule-dondu\/#respond"]}]},{"@type":"WebPage","@id":"https:\/\/denizcankizil.tr\/en\/haberler\/antalya\/yanginda-mustakil-ev-kule-dondu\/","url":"https:\/\/denizcankizil.tr\/en\/haberler\/antalya\/yanginda-mustakil-ev-kule-dondu\/","name":"Yang\u0131nda m\u00fcstakil ev k\u00fcle d\u00f6nd\u00fc - Av. Deniz Can K\u0131z\u0131l","isPartOf":{"@id":"https:\/\/denizcankizil.tr\/#website"},"primaryImageOfPage":{"@id":"https:\/\/denizcankizil.tr\/en\/haberler\/antalya\/yanginda-mustakil-ev-kule-dondu\/#primaryimage"},"image":{"@id":"https:\/\/denizcankizil.tr\/en\/haberler\/antalya\/yanginda-mustakil-ev-kule-dondu\/#primaryimage"},"thumbnailUrl":"https:\/\/denizcankizil.tr\/wp-content\/uploads\/2024\/12\/3371-01-2E8kf2.jpeg","datePublished":"2024-12-02T08:41:29+00:00","breadcrumb":{"@id":"https:\/\/denizcankizil.tr\/en\/haberler\/antalya\/yanginda-mustakil-ev-kule-dondu\/#breadcrumb"},"inLanguage":"en-GB","potentialAction":[{"@type":"ReadAction","target":["https:\/\/denizcankizil.tr\/en\/haberler\/antalya\/yanginda-mustakil-ev-kule-dondu\/"]}]},{"@type":"ImageObject","inLanguage":"en-GB","@id":"https:\/\/denizcankizil.tr\/en\/haberler\/antalya\/yanginda-mustakil-ev-kule-dondu\/#primaryimage","url":"https:\/\/denizcankizil.tr\/wp-content\/uploads\/2024\/12\/3371-01-2E8kf2.jpeg","contentUrl":"https:\/\/denizcankizil.tr\/wp-content\/uploads\/2024\/12\/3371-01-2E8kf2.jpeg","width":1280,"height":720},{"@type":"BreadcrumbList","@id":"https:\/\/denizcankizil.tr\/en\/haberler\/antalya\/yanginda-mustakil-ev-kule-dondu\/#breadcrumb","itemListElement":[{"@type":"ListItem","position":1,"name":"Home","item":"https:\/\/denizcankizil.tr\/uk\/"},{"@type":"ListItem","position":2,"name":"Yang\u0131nda m\u00fcstakil ev k\u00fcle d\u00f6nd\u00fc"}]},{"@type":"WebSite","@id":"https:\/\/denizcankizil.tr\/#website","url":"https:\/\/denizcankizil.tr\/","name":"Av. Deniz Can K\u0131z\u0131l","description":"Avukat Deniz Can K\u0131z\u0131l Antalya Barosu","publisher":{"@id":"https:\/\/denizcankizil.tr\/#organization"},"potentialAction":[{"@type":"SearchAction","target":{"@type":"EntryPoint","urlTemplate":"https:\/\/denizcankizil.tr\/?s={search_term_string}"},"query-input":{"@type":"PropertyValueSpecification","valueRequired":true,"valueName":"search_term_string"}}],"inLanguage":"en-GB"},{"@type":"Organization","@id":"https:\/\/denizcankizil.tr\/#organization","name":"Av. Deniz Can K\u0131z\u0131l","url":"https:\/\/denizcankizil.tr\/","logo":{"@type":"ImageObject","inLanguage":"en-GB","@id":"https:\/\/denizcankizil.tr\/#\/schema\/logo\/image\/","url":"https:\/\/denizcankizil.tr\/wp-content\/uploads\/2024\/10\/siyah-logo-svg.svg","contentUrl":"https:\/\/denizcankizil.tr\/wp-content\/uploads\/2024\/10\/siyah-logo-svg.svg","width":1080,"height":1080,"caption":"Av. Deniz Can K\u0131z\u0131l"},"image":{"@id":"https:\/\/denizcankizil.tr\/#\/schema\/logo\/image\/"}}]}},"_links":{"self":[{"href":"https:\/\/denizcankizil.tr\/en\/wp-json\/wp\/v2\/posts\/18707","targetHints":{"allow":["GET"]}}],"collection":[{"href":"https:\/\/denizcankizil.tr\/en\/wp-json\/wp\/v2\/posts"}],"about":[{"href":"https:\/\/denizcankizil.tr\/en\/wp-json\/wp\/v2\/types\/post"}],"replies":[{"embeddable":true,"href":"https:\/\/denizcankizil.tr\/en\/wp-json\/wp\/v2\/comments?post=18707"}],"version-history":[{"count":0,"href":"https:\/\/denizcankizil.tr\/en\/wp-json\/wp\/v2\/posts\/18707\/revisions"}],"wp:featuredmedia":[{"embeddable":true,"href":"https:\/\/denizcankizil.tr\/en\/wp-json\/wp\/v2\/media\/18708"}],"wp:attachment":[{"href":"https:\/\/denizcankizil.tr\/en\/wp-json\/wp\/v2\/media?parent=18707"}],"wp:term":[{"taxonomy":"category","embeddable":true,"href":"https:\/\/denizcankizil.tr\/en\/wp-json\/wp\/v2\/categories?post=18707"},{"taxonomy":"post_tag","embeddable":true,"href":"https:\/\/denizcankizil.tr\/en\/wp-json\/wp\/v2\/tags?post=18707"}],"curies":[{"name":"wp","href":"https:\/\/api.w.org\/{rel}","templated":true}]}}