{"id":18610,"date":"2024-12-01T16:41:59","date_gmt":"2024-12-01T13:41:59","guid":{"rendered":"https:\/\/denizcankizil.tr\/uncategorized-tr\/buyuksehir-belediyesporlu-fatma-azra-balkan-sampiyonu-oldu\/"},"modified":"2024-12-01T16:41:59","modified_gmt":"2024-12-01T13:41:59","slug":"buyuksehir-belediyesporlu-fatma-azra-balkan-sampiyonu-oldu","status":"publish","type":"post","link":"https:\/\/denizcankizil.tr\/en\/haberler\/gundem\/buyuksehir-belediyesporlu-fatma-azra-balkan-sampiyonu-oldu\/","title":{"rendered":"B\u00fcy\u00fck\u015fehir Belediyesporlu Fatma Azra Balkan \u015eampiyonu Oldu"},"content":{"rendered":"<p>Konya B\u00fcy\u00fck\u015fehir Belediyesporlu Fatma Azra Kurt, Romanya\u2019da d\u00fczenlenen 24. Balkan Tekvando \u015eampiyonas\u0131\u2019nda milli tak\u0131m formas\u0131 alt\u0131nda \u00fclkemizin ve \u015fehrimizin gururu oldu. Y\u0131ld\u0131zlar kategorisinde 33 kiloda m\u00fccadele eden gen\u00e7 sporcu alt\u0131n madalya kazanarak Balkan \u015eampiyonu oldu.<\/p>\n<p>\u200bKonya B\u00fcy\u00fck\u015fehir Belediyesporlu Fatma Azra Kurt, Romanya\u2019da d\u00fczenlenen 24. Balkan Tekvando \u015eampiyonas\u0131\u2019nda milli tak\u0131m formas\u0131 alt\u0131nda \u00fclkemizin ve \u015fehrimizin gururu oldu. Y\u0131ld\u0131zlar kategorisinde 33 kiloda m\u00fccadele eden gen\u00e7 sporcu alt\u0131n madalya kazanarak Balkan \u015eampiyonu oldu.\u00a0<\/p>\n<p>\u200bHaberin Al\u0131nt\u0131land\u0131\u011f\u0131 Kaynak: www.iskenderun.org<\/p>","protected":false},"excerpt":{"rendered":"<p>Konya B\u00fcy\u00fck\u015fehir Belediyesporlu Fatma Azra Kurt, Romanya\u2019da d\u00fczenlenen 24. Balkan Tekvando \u015eampiyonas\u0131\u2019nda milli tak\u0131m formas\u0131 alt\u0131nda \u00fclkemizin ve \u015fehrimizin gururu oldu. Y\u0131ld\u0131zlar kategorisinde 33 kiloda m\u00fccadele eden gen\u00e7 sporcu alt\u0131n madalya kazanarak Balkan \u015eampiyonu oldu. \u200bKonya B\u00fcy\u00fck\u015fehir Belediyesporlu Fatma Azra Kurt, Romanya\u2019da d\u00fczenlenen 24. Balkan Tekvando \u015eampiyonas\u0131\u2019nda milli tak\u0131m formas\u0131 alt\u0131nda \u00fclkemizin ve \u015fehrimizin gururu oldu. Y\u0131ld\u0131zlar kategorisinde 33 kiloda m\u00fccadele eden gen\u00e7 sporcu alt\u0131n madalya kazanarak Balkan \u015eampiyonu oldu.\u00a0 \u200bHaberin Al\u0131nt\u0131land\u0131\u011f\u0131 Kaynak: www.iskenderun.org<\/p>","protected":false},"author":0,"featured_media":0,"comment_status":"open","ping_status":"open","sticky":false,"template":"","format":"standard","meta":{"_acf_changed":false,"footnotes":""},"categories":[24,535],"tags":[],"class_list":["post-18610","post","type-post","status-publish","format-standard","has-post-thumbnail","hentry","category-gundem","category-uncategorized-tr"],"acf":[],"yoast_head":"<!-- This site is optimized with the Yoast SEO Premium plugin v26.6 (Yoast SEO v27.1.1) - https:\/\/yoast.com\/product\/yoast-seo-premium-wordpress\/ -->\n<title>B\u00fcy\u00fck\u015fehir Belediyesporlu Fatma Azra Balkan \u015eampiyonu Oldu - Av. Deniz Can K\u0131z\u0131l<\/title>\n<meta name=\"robots\" content=\"index, follow, max-snippet:-1, max-image-preview:large, max-video-preview:-1\" \/>\n<link rel=\"canonical\" href=\"https:\/\/denizcankizil.tr\/en\/haberler\/gundem\/buyuksehir-belediyesporlu-fatma-azra-balkan-sampiyonu-oldu\/\" \/>\n<meta property=\"og:locale\" content=\"en_GB\" \/>\n<meta property=\"og:type\" content=\"article\" \/>\n<meta property=\"og:title\" content=\"B\u00fcy\u00fck\u015fehir Belediyesporlu Fatma Azra Balkan \u015eampiyonu Oldu\" \/>\n<meta property=\"og:description\" content=\"Konya B\u00fcy\u00fck\u015fehir Belediyesporlu Fatma Azra Kurt, Romanya\u2019da d\u00fczenlenen 24. Balkan Tekvando \u015eampiyonas\u0131\u2019nda milli tak\u0131m formas\u0131 alt\u0131nda \u00fclkemizin ve \u015fehrimizin gururu oldu. Y\u0131ld\u0131zlar kategorisinde 33 kiloda m\u00fccadele eden gen\u00e7 sporcu alt\u0131n madalya kazanarak Balkan \u015eampiyonu oldu. \u200bKonya B\u00fcy\u00fck\u015fehir Belediyesporlu Fatma Azra Kurt, Romanya\u2019da d\u00fczenlenen 24. Balkan Tekvando \u015eampiyonas\u0131\u2019nda milli tak\u0131m formas\u0131 alt\u0131nda \u00fclkemizin ve \u015fehrimizin gururu oldu. Y\u0131ld\u0131zlar kategorisinde 33 kiloda m\u00fccadele eden gen\u00e7 sporcu alt\u0131n madalya kazanarak Balkan \u015eampiyonu oldu.\u00a0 \u200bHaberin Al\u0131nt\u0131land\u0131\u011f\u0131 Kaynak: www.iskenderun.org\" \/>\n<meta property=\"og:url\" content=\"https:\/\/denizcankizil.tr\/en\/haberler\/gundem\/buyuksehir-belediyesporlu-fatma-azra-balkan-sampiyonu-oldu\/\" \/>\n<meta property=\"og:site_name\" content=\"Av. Deniz Can K\u0131z\u0131l\" \/>\n<meta property=\"article:published_time\" content=\"2024-12-01T13:41:59+00:00\" \/>\n<meta name=\"twitter:card\" content=\"summary_large_image\" \/>\n<script type=\"application\/ld+json\" class=\"yoast-schema-graph\">{\"@context\":\"https:\/\/schema.org\",\"@graph\":[{\"@type\":\"Article\",\"@id\":\"https:\/\/denizcankizil.tr\/en\/haberler\/gundem\/buyuksehir-belediyesporlu-fatma-azra-balkan-sampiyonu-oldu\/#article\",\"isPartOf\":{\"@id\":\"https:\/\/denizcankizil.tr\/en\/haberler\/gundem\/buyuksehir-belediyesporlu-fatma-azra-balkan-sampiyonu-oldu\/\"},\"author\":{\"name\":\"\",\"@id\":\"\"},\"headline\":\"B\u00fcy\u00fck\u015fehir Belediyesporlu Fatma Azra Balkan \u015eampiyonu Oldu\",\"datePublished\":\"2024-12-01T13:41:59+00:00\",\"mainEntityOfPage\":{\"@id\":\"https:\/\/denizcankizil.tr\/en\/haberler\/gundem\/buyuksehir-belediyesporlu-fatma-azra-balkan-sampiyonu-oldu\/\"},\"wordCount\":108,\"commentCount\":0,\"publisher\":{\"@id\":\"https:\/\/denizcankizil.tr\/#organization\"},\"articleSection\":[\"G\u00fcndem\",\"Uncategorized\"],\"inLanguage\":\"en-GB\",\"potentialAction\":[{\"@type\":\"CommentAction\",\"name\":\"Comment\",\"target\":[\"https:\/\/denizcankizil.tr\/en\/haberler\/gundem\/buyuksehir-belediyesporlu-fatma-azra-balkan-sampiyonu-oldu\/#respond\"]}]},{\"@type\":\"WebPage\",\"@id\":\"https:\/\/denizcankizil.tr\/en\/haberler\/gundem\/buyuksehir-belediyesporlu-fatma-azra-balkan-sampiyonu-oldu\/\",\"url\":\"https:\/\/denizcankizil.tr\/en\/haberler\/gundem\/buyuksehir-belediyesporlu-fatma-azra-balkan-sampiyonu-oldu\/\",\"name\":\"B\u00fcy\u00fck\u015fehir Belediyesporlu Fatma Azra Balkan \u015eampiyonu Oldu - Av. Deniz Can K\u0131z\u0131l\",\"isPartOf\":{\"@id\":\"https:\/\/denizcankizil.tr\/#website\"},\"datePublished\":\"2024-12-01T13:41:59+00:00\",\"breadcrumb\":{\"@id\":\"https:\/\/denizcankizil.tr\/en\/haberler\/gundem\/buyuksehir-belediyesporlu-fatma-azra-balkan-sampiyonu-oldu\/#breadcrumb\"},\"inLanguage\":\"en-GB\",\"potentialAction\":[{\"@type\":\"ReadAction\",\"target\":[\"https:\/\/denizcankizil.tr\/en\/haberler\/gundem\/buyuksehir-belediyesporlu-fatma-azra-balkan-sampiyonu-oldu\/\"]}]},{\"@type\":\"BreadcrumbList\",\"@id\":\"https:\/\/denizcankizil.tr\/en\/haberler\/gundem\/buyuksehir-belediyesporlu-fatma-azra-balkan-sampiyonu-oldu\/#breadcrumb\",\"itemListElement\":[{\"@type\":\"ListItem\",\"position\":1,\"name\":\"Home\",\"item\":\"https:\/\/denizcankizil.tr\/de\/\"},{\"@type\":\"ListItem\",\"position\":2,\"name\":\"B\u00fcy\u00fck\u015fehir Belediyesporlu Fatma Azra Balkan \u015eampiyonu Oldu\"}]},{\"@type\":\"WebSite\",\"@id\":\"https:\/\/denizcankizil.tr\/#website\",\"url\":\"https:\/\/denizcankizil.tr\/\",\"name\":\"Av. Deniz Can K\u0131z\u0131l\",\"description\":\"Avukat Deniz Can K\u0131z\u0131l Antalya Barosu\",\"publisher\":{\"@id\":\"https:\/\/denizcankizil.tr\/#organization\"},\"potentialAction\":[{\"@type\":\"SearchAction\",\"target\":{\"@type\":\"EntryPoint\",\"urlTemplate\":\"https:\/\/denizcankizil.tr\/?s={search_term_string}\"},\"query-input\":{\"@type\":\"PropertyValueSpecification\",\"valueRequired\":true,\"valueName\":\"search_term_string\"}}],\"inLanguage\":\"en-GB\"},{\"@type\":\"Organization\",\"@id\":\"https:\/\/denizcankizil.tr\/#organization\",\"name\":\"Av. Deniz Can K\u0131z\u0131l\",\"url\":\"https:\/\/denizcankizil.tr\/\",\"logo\":{\"@type\":\"ImageObject\",\"inLanguage\":\"en-GB\",\"@id\":\"https:\/\/denizcankizil.tr\/#\/schema\/logo\/image\/\",\"url\":\"https:\/\/denizcankizil.tr\/wp-content\/uploads\/2024\/10\/siyah-logo-svg.svg\",\"contentUrl\":\"https:\/\/denizcankizil.tr\/wp-content\/uploads\/2024\/10\/siyah-logo-svg.svg\",\"width\":1080,\"height\":1080,\"caption\":\"Av. Deniz Can K\u0131z\u0131l\"},\"image\":{\"@id\":\"https:\/\/denizcankizil.tr\/#\/schema\/logo\/image\/\"}}]}<\/script>\n<!-- \/ Yoast SEO Premium plugin. -->","yoast_head_json":{"title":"B\u00fcy\u00fck\u015fehir Belediyesporlu Fatma Azra Balkan \u015eampiyonu Oldu - Av. Deniz Can K\u0131z\u0131l","robots":{"index":"index","follow":"follow","max-snippet":"max-snippet:-1","max-image-preview":"max-image-preview:large","max-video-preview":"max-video-preview:-1"},"canonical":"https:\/\/denizcankizil.tr\/en\/haberler\/gundem\/buyuksehir-belediyesporlu-fatma-azra-balkan-sampiyonu-oldu\/","og_locale":"en_GB","og_type":"article","og_title":"B\u00fcy\u00fck\u015fehir Belediyesporlu Fatma Azra Balkan \u015eampiyonu Oldu","og_description":"Konya B\u00fcy\u00fck\u015fehir Belediyesporlu Fatma Azra Kurt, Romanya\u2019da d\u00fczenlenen 24. Balkan Tekvando \u015eampiyonas\u0131\u2019nda milli tak\u0131m formas\u0131 alt\u0131nda \u00fclkemizin ve \u015fehrimizin gururu oldu. Y\u0131ld\u0131zlar kategorisinde 33 kiloda m\u00fccadele eden gen\u00e7 sporcu alt\u0131n madalya kazanarak Balkan \u015eampiyonu oldu. \u200bKonya B\u00fcy\u00fck\u015fehir Belediyesporlu Fatma Azra Kurt, Romanya\u2019da d\u00fczenlenen 24. Balkan Tekvando \u015eampiyonas\u0131\u2019nda milli tak\u0131m formas\u0131 alt\u0131nda \u00fclkemizin ve \u015fehrimizin gururu oldu. Y\u0131ld\u0131zlar kategorisinde 33 kiloda m\u00fccadele eden gen\u00e7 sporcu alt\u0131n madalya kazanarak Balkan \u015eampiyonu oldu.\u00a0 \u200bHaberin Al\u0131nt\u0131land\u0131\u011f\u0131 Kaynak: www.iskenderun.org","og_url":"https:\/\/denizcankizil.tr\/en\/haberler\/gundem\/buyuksehir-belediyesporlu-fatma-azra-balkan-sampiyonu-oldu\/","og_site_name":"Av. Deniz Can K\u0131z\u0131l","article_published_time":"2024-12-01T13:41:59+00:00","twitter_card":"summary_large_image","schema":{"@context":"https:\/\/schema.org","@graph":[{"@type":"Article","@id":"https:\/\/denizcankizil.tr\/en\/haberler\/gundem\/buyuksehir-belediyesporlu-fatma-azra-balkan-sampiyonu-oldu\/#article","isPartOf":{"@id":"https:\/\/denizcankizil.tr\/en\/haberler\/gundem\/buyuksehir-belediyesporlu-fatma-azra-balkan-sampiyonu-oldu\/"},"author":{"name":"","@id":""},"headline":"B\u00fcy\u00fck\u015fehir Belediyesporlu Fatma Azra Balkan \u015eampiyonu Oldu","datePublished":"2024-12-01T13:41:59+00:00","mainEntityOfPage":{"@id":"https:\/\/denizcankizil.tr\/en\/haberler\/gundem\/buyuksehir-belediyesporlu-fatma-azra-balkan-sampiyonu-oldu\/"},"wordCount":108,"commentCount":0,"publisher":{"@id":"https:\/\/denizcankizil.tr\/#organization"},"articleSection":["G\u00fcndem","Uncategorized"],"inLanguage":"en-GB","potentialAction":[{"@type":"CommentAction","name":"Comment","target":["https:\/\/denizcankizil.tr\/en\/haberler\/gundem\/buyuksehir-belediyesporlu-fatma-azra-balkan-sampiyonu-oldu\/#respond"]}]},{"@type":"WebPage","@id":"https:\/\/denizcankizil.tr\/en\/haberler\/gundem\/buyuksehir-belediyesporlu-fatma-azra-balkan-sampiyonu-oldu\/","url":"https:\/\/denizcankizil.tr\/en\/haberler\/gundem\/buyuksehir-belediyesporlu-fatma-azra-balkan-sampiyonu-oldu\/","name":"B\u00fcy\u00fck\u015fehir Belediyesporlu Fatma Azra Balkan \u015eampiyonu Oldu - Av. Deniz Can K\u0131z\u0131l","isPartOf":{"@id":"https:\/\/denizcankizil.tr\/#website"},"datePublished":"2024-12-01T13:41:59+00:00","breadcrumb":{"@id":"https:\/\/denizcankizil.tr\/en\/haberler\/gundem\/buyuksehir-belediyesporlu-fatma-azra-balkan-sampiyonu-oldu\/#breadcrumb"},"inLanguage":"en-GB","potentialAction":[{"@type":"ReadAction","target":["https:\/\/denizcankizil.tr\/en\/haberler\/gundem\/buyuksehir-belediyesporlu-fatma-azra-balkan-sampiyonu-oldu\/"]}]},{"@type":"BreadcrumbList","@id":"https:\/\/denizcankizil.tr\/en\/haberler\/gundem\/buyuksehir-belediyesporlu-fatma-azra-balkan-sampiyonu-oldu\/#breadcrumb","itemListElement":[{"@type":"ListItem","position":1,"name":"Home","item":"https:\/\/denizcankizil.tr\/de\/"},{"@type":"ListItem","position":2,"name":"B\u00fcy\u00fck\u015fehir Belediyesporlu Fatma Azra Balkan \u015eampiyonu Oldu"}]},{"@type":"WebSite","@id":"https:\/\/denizcankizil.tr\/#website","url":"https:\/\/denizcankizil.tr\/","name":"Av. Deniz Can K\u0131z\u0131l","description":"Avukat Deniz Can K\u0131z\u0131l Antalya Barosu","publisher":{"@id":"https:\/\/denizcankizil.tr\/#organization"},"potentialAction":[{"@type":"SearchAction","target":{"@type":"EntryPoint","urlTemplate":"https:\/\/denizcankizil.tr\/?s={search_term_string}"},"query-input":{"@type":"PropertyValueSpecification","valueRequired":true,"valueName":"search_term_string"}}],"inLanguage":"en-GB"},{"@type":"Organization","@id":"https:\/\/denizcankizil.tr\/#organization","name":"Av. Deniz Can K\u0131z\u0131l","url":"https:\/\/denizcankizil.tr\/","logo":{"@type":"ImageObject","inLanguage":"en-GB","@id":"https:\/\/denizcankizil.tr\/#\/schema\/logo\/image\/","url":"https:\/\/denizcankizil.tr\/wp-content\/uploads\/2024\/10\/siyah-logo-svg.svg","contentUrl":"https:\/\/denizcankizil.tr\/wp-content\/uploads\/2024\/10\/siyah-logo-svg.svg","width":1080,"height":1080,"caption":"Av. Deniz Can K\u0131z\u0131l"},"image":{"@id":"https:\/\/denizcankizil.tr\/#\/schema\/logo\/image\/"}}]}},"_links":{"self":[{"href":"https:\/\/denizcankizil.tr\/en\/wp-json\/wp\/v2\/posts\/18610","targetHints":{"allow":["GET"]}}],"collection":[{"href":"https:\/\/denizcankizil.tr\/en\/wp-json\/wp\/v2\/posts"}],"about":[{"href":"https:\/\/denizcankizil.tr\/en\/wp-json\/wp\/v2\/types\/post"}],"replies":[{"embeddable":true,"href":"https:\/\/denizcankizil.tr\/en\/wp-json\/wp\/v2\/comments?post=18610"}],"version-history":[{"count":0,"href":"https:\/\/denizcankizil.tr\/en\/wp-json\/wp\/v2\/posts\/18610\/revisions"}],"wp:attachment":[{"href":"https:\/\/denizcankizil.tr\/en\/wp-json\/wp\/v2\/media?parent=18610"}],"wp:term":[{"taxonomy":"category","embeddable":true,"href":"https:\/\/denizcankizil.tr\/en\/wp-json\/wp\/v2\/categories?post=18610"},{"taxonomy":"post_tag","embeddable":true,"href":"https:\/\/denizcankizil.tr\/en\/wp-json\/wp\/v2\/tags?post=18610"}],"curies":[{"name":"wp","href":"https:\/\/api.w.org\/{rel}","templated":true}]}}