{"id":18324,"date":"2024-11-29T17:41:28","date_gmt":"2024-11-29T14:41:28","guid":{"rendered":"https:\/\/denizcankizil.tr\/uncategorized-tr\/antalya-barosunda-cagri-bu-hukuksuz-islemden-bir-an-once-geri-donulmeli\/"},"modified":"2024-11-29T17:41:28","modified_gmt":"2024-11-29T14:41:28","slug":"antalya-barosunda-cagri-bu-hukuksuz-islemden-bir-an-once-geri-donulmeli","status":"publish","type":"post","link":"https:\/\/denizcankizil.tr\/en\/haberler\/gundem\/antalya-barosunda-cagri-bu-hukuksuz-islemden-bir-an-once-geri-donulmeli\/","title":{"rendered":"Antalya Barosu\u2019nda \u00e7a\u011fr\u0131: Bu hukuksuz i\u015flemden bir an \u00f6nce geri d\u00f6n\u00fclmeli"},"content":{"rendered":"<p>Ge\u00e7ti\u011fimiz aylarda Kara Harp Okulu mezuniyet t\u00f6reni sonras\u0131nda k\u0131l\u0131\u00e7 \u00e7atan ve &#8220;Mustafa Kemal&#8217;in askerleriyiz&#8221; slogan\u0131 atan te\u011fmenlerden ihra\u00e7 talebiyle haklar\u0131nda soru\u015fturma ba\u015flat\u0131lm\u0131\u015ft\u0131. \u00dclkenin ana g\u00fcndem maddesinden biri olan te\u011fmenlere bir destek de Antalya Cumhuriyet Savc\u0131s\u0131 Mehmet \u00c7a\u011flayan\u2019dan geldi.\u00a0<\/p>\n<p>\u00c7A\u011eLAYAN\u2019IN YEN\u0130 G\u00d6REV YER\u0130 FETH\u0130YE OLDU\u00a0<\/p>\n<p>\u00c7a\u011flayan, sosyal medya \u00fczerinden \u201cT\u00fcm askerler Atat\u00fcrk&#8217;\u00fcn askeridir! Yemin t\u00f6reninde bunu hayk\u0131ran te\u011fmenlerimiz ne kanuna ayk\u0131r\u0131 davranm\u0131\u015f ne de disiplinsizlik yapm\u0131\u015flard\u0131r. Uyarma cezas\u0131n\u0131n dahi kabul\u00fc m\u00fcmk\u00fcn de\u011fildi. Ceza verilmesi i\u00e7i bask\u0131 uygulanan kurul \u00fcyeleri varsa, bunu payla\u015farak istifa etmelidir\u201d diyerek yay\u0131nlad\u0131\u011f\u0131 mesaj\u0131 nedeniyle a\u00e7\u0131\u011fa al\u0131nd\u0131. A\u00e7\u0131\u011fa al\u0131nan\u0131n savc\u0131n\u0131n yeni yeri ise Antalya&#8217;dan daha alt bir b\u00f6lge olan Fethiye&#8217;ye oldu.\u00a0<\/p>\n<p>ANTALYA BAROSU SAVCI \u00c7A\u011eLAYAN\u2019A DESTEK OLDU\u00a0<\/p>\n<p>Ya\u015fan bu geli\u015fimlerin ard\u0131ndan Antalya Barosu Savc\u0131 \u00c7a\u011flayan\u2019a desteklerini a\u00e7\u0131klad\u0131. Anayasan\u0131n 26&#8217;nc\u0131 maddesinde koruma alt\u0131na al\u0131nan ifade ve d\u00fc\u015f\u00fcnce \u00f6zg\u00fcrl\u00fc\u011f\u00fcne vurgu yapan Antalya Barosu, \u201dKara Harp Okulu&#8217;ndaki mezuniyet t\u00f6reninde &#8220;Mustafa Kemal&#8217;in askerleriyiz.&#8221; diyen te\u011fmenlerin ihra\u00e7 talebiyle Y\u00fcksek Disiplin Kuruluna sevk edilmeleri sonras\u0131nda sosyal medyada &#8220;T\u00fcm askerler Atat\u00fcrk&#8217;\u00fcn askeridir! Yemin t\u00f6reninde bunu hayk\u0131ran te\u011fmenlerimiz ne kanuna ayk\u0131r\u0131 davranm\u0131\u015f ne de disiplinsizlik yapm\u0131\u015flard\u0131r. Uyarma cezas\u0131n\u0131n dahi kabul\u00fc m\u00fcmk\u00fcn de\u011fildi. Ceza verilmesi i\u00e7in bask\u0131 uygulanan kurul \u00fcyeleri varsa, bunu payla\u015farak istifa etmelidir.&#8221; yazan Antalya Adliyesi&#8217;nde g\u00f6revli Cumhuriyet Savc\u0131s\u0131 Mehmet \u00c7a\u011flayan, Hakimler ve Savc\u0131lar Kurulu taraf\u0131ndan a\u00e7\u0131\u011fa al\u0131nm\u0131\u015ft\u0131r. Cumhuriyet Savc\u0131s\u0131n\u0131n kamuoyunu ve esasen do\u011frudan alan\u0131n\u0131 ilgilendiren bir konuda, kendi takip etti\u011fi soru\u015fturma dosyalar\u0131 ve di\u011fer adli i\u015flemler d\u0131\u015f\u0131nda, hukuk\u00e7u kimli\u011fiyle ifade h\u00fcrriyetini kullanamad\u0131\u011f\u0131 bir politik iklim, yurtta\u015flar a\u00e7\u0131s\u0131ndan da b\u00fcy\u00fck bir tehlikeye i\u015faret etmekte. Anayasan\u0131n 26&#8217;nc\u0131 maddesinde koruma alt\u0131na al\u0131nan ifade ve d\u00fc\u015f\u00fcnce \u00f6zg\u00fcrl\u00fc\u011f\u00fcne y\u00f6nelik tahamm\u00fcls\u00fczl\u00fc\u011f\u00fcn ne boyutlara geldi\u011fini g\u00f6stermekte ve ayn\u0131 zamanda yarg\u0131 ba\u011f\u0131ms\u0131zl\u0131\u011f\u0131 ad\u0131na da son derece kayg\u0131 uyand\u0131rmaktad\u0131r\u201d a\u00e7\u0131klamas\u0131nda bulundu.\u00a0<\/p>\n<p>BU KARARDAN GER\u0130 D\u00d6N\u00dcLMEL\u0130\u00a0<\/p>\n<p>Al\u0131nan bu karardan bir an \u00f6nce geri d\u00f6n\u00fclmesi gerekti\u011finin alt\u0131n\u0131 \u00e7izen Antalya Barosu, \u201cBir Cumhuriyet Savc\u0131s\u0131&#8217;n\u0131n Cumhuriyetin kurucu de\u011ferlerini bar\u0131nd\u0131ran bir c\u00fcmle sarf etmesi ve hukuka ayk\u0131r\u0131 bir soru\u015fturmayla ilgili g\u00f6r\u00fc\u015flerini beyan etmesi nedeniyle a\u00e7\u0131\u011fa al\u0131nmas\u0131 tarihsel, toplumsal ve hukuki a\u00e7\u0131dan a\u00e7\u0131klanmas\u0131 m\u00fcmk\u00fcn olmayan bir tabloya sebebiyet vermektedir. \u00d6zellikle T\u00fcrkiye Cumhuriyeti&#8217;nin kurulu\u015f s\u00fcrecinde Cumhuriyet Savc\u0131lar\u0131n\u0131n sorumluluklar\u0131 ve yine kendilerine \u201cCumhuriyet\u201d savc\u0131s\u0131 s\u0131fat\u0131 verilmesinin nedenleri g\u00f6z \u00f6n\u00fcne al\u0131nd\u0131\u011f\u0131nda bu yapt\u0131r\u0131m\u0131n Cumhuriyet de\u011ferlerine tam bir yabanc\u0131la\u015fman\u0131n d\u0131\u015fa vurumu oldu\u011fu a\u00e7\u0131kt\u0131r. Bu sebeple bir Cumhuriyet Kurumu Antalya Barosu olarak Atat\u00fcrk&#8217;\u00fcn ilke ve devrimlerine daima ba\u011fl\u0131 kalaca\u011f\u0131m\u0131z\u0131n alt\u0131n\u0131 \u00e7izmekle birlikte Cumhuriyet Savc\u0131s\u0131n\u0131n a\u00e7\u0131\u011fa al\u0131nd\u0131\u011f\u0131 bu hukuksuz i\u015flemden bir an \u00f6nce geri d\u00f6n\u00fclmesi \u00e7a\u011fr\u0131s\u0131nda bulunuyoruz\u201d ifadelerine yer verdi.\u00a0<\/p>\n<p>\u00a0<\/p>\n<p>\u200bAntalya Barosu, Antalya Savc\u0131s\u0131 Mehmet \u00c7a\u011flayan\u2019\u0131n ge\u00e7ti\u011fimiz g\u00fcnlerde yapt\u0131\u011f\u0131 payla\u015f\u0131m nedeniyle a\u00e7\u0131\u011fa al\u0131nmas\u0131na tepki g\u00f6sterdi. Baro&#8217;nun mesaj\u0131nda, \u201cAntalya Barosu olarak Atat\u00fcrk&#8217;\u00fcn ilke ve devrimlerine daima ba\u011fl\u0131 kalaca\u011f\u0131m\u0131z\u0131n alt\u0131n\u0131 \u00e7izmekle birlikte Cumhuriyet Savc\u0131s\u0131n\u0131n a\u00e7\u0131\u011fa al\u0131nd\u0131\u011f\u0131 bu hukuksuz i\u015flemden bir an \u00f6nce geri d\u00f6n\u00fclmesi \u00e7a\u011fr\u0131s\u0131nda bulunuyoruz\u201d denildi\u00a0<\/p>\n<p>\u200bHaberin Al\u0131nt\u0131land\u0131\u011f\u0131 Kaynak: www.antalyakorfez.com<\/p>","protected":false},"excerpt":{"rendered":"<p>Ge\u00e7ti\u011fimiz aylarda Kara Harp Okulu mezuniyet t\u00f6reni sonras\u0131nda k\u0131l\u0131\u00e7 \u00e7atan ve &#8220;Mustafa Kemal&#8217;in askerleriyiz&#8221; slogan\u0131 atan te\u011fmenlerden ihra\u00e7 talebiyle haklar\u0131nda soru\u015fturma ba\u015flat\u0131lm\u0131\u015ft\u0131. \u00dclkenin ana g\u00fcndem maddesinden biri olan te\u011fmenlere bir destek de Antalya Cumhuriyet Savc\u0131s\u0131 Mehmet \u00c7a\u011flayan\u2019dan geldi.\u00a0 \u00c7A\u011eLAYAN\u2019IN YEN\u0130 G\u00d6REV YER\u0130 FETH\u0130YE OLDU\u00a0 \u00c7a\u011flayan, sosyal medya \u00fczerinden \u201cT\u00fcm askerler Atat\u00fcrk&#8217;\u00fcn askeridir! Yemin t\u00f6reninde bunu hayk\u0131ran te\u011fmenlerimiz ne kanuna ayk\u0131r\u0131 davranm\u0131\u015f ne de disiplinsizlik yapm\u0131\u015flard\u0131r. Uyarma cezas\u0131n\u0131n dahi kabul\u00fc m\u00fcmk\u00fcn de\u011fildi. Ceza verilmesi i\u00e7i bask\u0131 uygulanan kurul \u00fcyeleri varsa, bunu payla\u015farak istifa etmelidir\u201d diyerek yay\u0131nlad\u0131\u011f\u0131 mesaj\u0131 nedeniyle a\u00e7\u0131\u011fa al\u0131nd\u0131. A\u00e7\u0131\u011fa al\u0131nan\u0131n savc\u0131n\u0131n yeni yeri ise Antalya&#8217;dan daha alt bir b\u00f6lge olan Fethiye&#8217;ye oldu.\u00a0 ANTALYA BAROSU SAVCI \u00c7A\u011eLAYAN\u2019A DESTEK OLDU\u00a0 Ya\u015fan bu geli\u015fimlerin ard\u0131ndan Antalya Barosu Savc\u0131 \u00c7a\u011flayan\u2019a desteklerini a\u00e7\u0131klad\u0131. Anayasan\u0131n 26&#8217;nc\u0131 maddesinde koruma alt\u0131na al\u0131nan ifade ve d\u00fc\u015f\u00fcnce \u00f6zg\u00fcrl\u00fc\u011f\u00fcne vurgu yapan Antalya Barosu, \u201dKara Harp Okulu&#8217;ndaki mezuniyet t\u00f6reninde &#8220;Mustafa Kemal&#8217;in askerleriyiz.&#8221; diyen te\u011fmenlerin ihra\u00e7 talebiyle Y\u00fcksek Disiplin Kuruluna sevk edilmeleri sonras\u0131nda sosyal medyada &#8220;T\u00fcm askerler Atat\u00fcrk&#8217;\u00fcn askeridir! Yemin t\u00f6reninde bunu hayk\u0131ran te\u011fmenlerimiz ne kanuna ayk\u0131r\u0131 davranm\u0131\u015f ne de disiplinsizlik yapm\u0131\u015flard\u0131r. Uyarma cezas\u0131n\u0131n dahi kabul\u00fc m\u00fcmk\u00fcn de\u011fildi. Ceza verilmesi i\u00e7in bask\u0131 uygulanan kurul \u00fcyeleri varsa, bunu payla\u015farak istifa etmelidir.&#8221; yazan Antalya Adliyesi&#8217;nde g\u00f6revli Cumhuriyet Savc\u0131s\u0131 Mehmet \u00c7a\u011flayan, Hakimler ve Savc\u0131lar Kurulu &hellip;<\/p>","protected":false},"author":0,"featured_media":0,"comment_status":"open","ping_status":"open","sticky":false,"template":"","format":"standard","meta":{"_acf_changed":false,"footnotes":""},"categories":[24,535],"tags":[],"class_list":["post-18324","post","type-post","status-publish","format-standard","has-post-thumbnail","hentry","category-gundem","category-uncategorized-tr"],"acf":[],"yoast_head":"<!-- This site is optimized with the Yoast SEO Premium plugin v26.6 (Yoast SEO v27.1.1) - https:\/\/yoast.com\/product\/yoast-seo-premium-wordpress\/ -->\n<title>Antalya Barosu\u2019nda \u00e7a\u011fr\u0131: Bu hukuksuz i\u015flemden bir an \u00f6nce geri d\u00f6n\u00fclmeli - Av. Deniz Can K\u0131z\u0131l<\/title>\n<meta name=\"robots\" content=\"index, follow, max-snippet:-1, max-image-preview:large, max-video-preview:-1\" \/>\n<link rel=\"canonical\" href=\"https:\/\/denizcankizil.tr\/en\/haberler\/gundem\/antalya-barosunda-cagri-bu-hukuksuz-islemden-bir-an-once-geri-donulmeli\/\" \/>\n<meta property=\"og:locale\" content=\"en_GB\" \/>\n<meta property=\"og:type\" content=\"article\" \/>\n<meta property=\"og:title\" content=\"Antalya Barosu\u2019nda \u00e7a\u011fr\u0131: Bu hukuksuz i\u015flemden bir an \u00f6nce geri d\u00f6n\u00fclmeli\" \/>\n<meta property=\"og:description\" content=\"Ge\u00e7ti\u011fimiz aylarda Kara Harp Okulu mezuniyet t\u00f6reni sonras\u0131nda k\u0131l\u0131\u00e7 \u00e7atan ve &#8220;Mustafa Kemal&#8217;in askerleriyiz&#8221; slogan\u0131 atan te\u011fmenlerden ihra\u00e7 talebiyle haklar\u0131nda soru\u015fturma ba\u015flat\u0131lm\u0131\u015ft\u0131. \u00dclkenin ana g\u00fcndem maddesinden biri olan te\u011fmenlere bir destek de Antalya Cumhuriyet Savc\u0131s\u0131 Mehmet \u00c7a\u011flayan\u2019dan geldi.\u00a0 \u00c7A\u011eLAYAN\u2019IN YEN\u0130 G\u00d6REV YER\u0130 FETH\u0130YE OLDU\u00a0 \u00c7a\u011flayan, sosyal medya \u00fczerinden \u201cT\u00fcm askerler Atat\u00fcrk&#8217;\u00fcn askeridir! Yemin t\u00f6reninde bunu hayk\u0131ran te\u011fmenlerimiz ne kanuna ayk\u0131r\u0131 davranm\u0131\u015f ne de disiplinsizlik yapm\u0131\u015flard\u0131r. Uyarma cezas\u0131n\u0131n dahi kabul\u00fc m\u00fcmk\u00fcn de\u011fildi. Ceza verilmesi i\u00e7i bask\u0131 uygulanan kurul \u00fcyeleri varsa, bunu payla\u015farak istifa etmelidir\u201d diyerek yay\u0131nlad\u0131\u011f\u0131 mesaj\u0131 nedeniyle a\u00e7\u0131\u011fa al\u0131nd\u0131. A\u00e7\u0131\u011fa al\u0131nan\u0131n savc\u0131n\u0131n yeni yeri ise Antalya&#8217;dan daha alt bir b\u00f6lge olan Fethiye&#8217;ye oldu.\u00a0 ANTALYA BAROSU SAVCI \u00c7A\u011eLAYAN\u2019A DESTEK OLDU\u00a0 Ya\u015fan bu geli\u015fimlerin ard\u0131ndan Antalya Barosu Savc\u0131 \u00c7a\u011flayan\u2019a desteklerini a\u00e7\u0131klad\u0131. Anayasan\u0131n 26&#8217;nc\u0131 maddesinde koruma alt\u0131na al\u0131nan ifade ve d\u00fc\u015f\u00fcnce \u00f6zg\u00fcrl\u00fc\u011f\u00fcne vurgu yapan Antalya Barosu, \u201dKara Harp Okulu&#8217;ndaki mezuniyet t\u00f6reninde &#8220;Mustafa Kemal&#8217;in askerleriyiz.&#8221; diyen te\u011fmenlerin ihra\u00e7 talebiyle Y\u00fcksek Disiplin Kuruluna sevk edilmeleri sonras\u0131nda sosyal medyada &#8220;T\u00fcm askerler Atat\u00fcrk&#8217;\u00fcn askeridir! Yemin t\u00f6reninde bunu hayk\u0131ran te\u011fmenlerimiz ne kanuna ayk\u0131r\u0131 davranm\u0131\u015f ne de disiplinsizlik yapm\u0131\u015flard\u0131r. Uyarma cezas\u0131n\u0131n dahi kabul\u00fc m\u00fcmk\u00fcn de\u011fildi. Ceza verilmesi i\u00e7in bask\u0131 uygulanan kurul \u00fcyeleri varsa, bunu payla\u015farak istifa etmelidir.&#8221; yazan Antalya Adliyesi&#8217;nde g\u00f6revli Cumhuriyet Savc\u0131s\u0131 Mehmet \u00c7a\u011flayan, Hakimler ve Savc\u0131lar Kurulu &hellip;\" \/>\n<meta property=\"og:url\" content=\"https:\/\/denizcankizil.tr\/en\/haberler\/gundem\/antalya-barosunda-cagri-bu-hukuksuz-islemden-bir-an-once-geri-donulmeli\/\" \/>\n<meta property=\"og:site_name\" content=\"Av. Deniz Can K\u0131z\u0131l\" \/>\n<meta property=\"article:published_time\" content=\"2024-11-29T14:41:28+00:00\" \/>\n<meta name=\"twitter:card\" content=\"summary_large_image\" \/>\n<meta name=\"twitter:label1\" content=\"Estimated reading time\" \/>\n\t<meta name=\"twitter:data1\" content=\"3 minutes\" \/>\n<script type=\"application\/ld+json\" class=\"yoast-schema-graph\">{\"@context\":\"https:\/\/schema.org\",\"@graph\":[{\"@type\":\"Article\",\"@id\":\"https:\/\/denizcankizil.tr\/en\/haberler\/gundem\/antalya-barosunda-cagri-bu-hukuksuz-islemden-bir-an-once-geri-donulmeli\/#article\",\"isPartOf\":{\"@id\":\"https:\/\/denizcankizil.tr\/en\/haberler\/gundem\/antalya-barosunda-cagri-bu-hukuksuz-islemden-bir-an-once-geri-donulmeli\/\"},\"author\":{\"name\":\"\",\"@id\":\"\"},\"headline\":\"Antalya Barosu\u2019nda \u00e7a\u011fr\u0131: Bu hukuksuz i\u015flemden bir an \u00f6nce geri d\u00f6n\u00fclmeli\",\"datePublished\":\"2024-11-29T14:41:28+00:00\",\"mainEntityOfPage\":{\"@id\":\"https:\/\/denizcankizil.tr\/en\/haberler\/gundem\/antalya-barosunda-cagri-bu-hukuksuz-islemden-bir-an-once-geri-donulmeli\/\"},\"wordCount\":683,\"commentCount\":0,\"publisher\":{\"@id\":\"https:\/\/denizcankizil.tr\/#organization\"},\"articleSection\":[\"G\u00fcndem\",\"Uncategorized\"],\"inLanguage\":\"en-GB\",\"potentialAction\":[{\"@type\":\"CommentAction\",\"name\":\"Comment\",\"target\":[\"https:\/\/denizcankizil.tr\/en\/haberler\/gundem\/antalya-barosunda-cagri-bu-hukuksuz-islemden-bir-an-once-geri-donulmeli\/#respond\"]}]},{\"@type\":\"WebPage\",\"@id\":\"https:\/\/denizcankizil.tr\/en\/haberler\/gundem\/antalya-barosunda-cagri-bu-hukuksuz-islemden-bir-an-once-geri-donulmeli\/\",\"url\":\"https:\/\/denizcankizil.tr\/en\/haberler\/gundem\/antalya-barosunda-cagri-bu-hukuksuz-islemden-bir-an-once-geri-donulmeli\/\",\"name\":\"Antalya Barosu\u2019nda \u00e7a\u011fr\u0131: Bu hukuksuz i\u015flemden bir an \u00f6nce geri d\u00f6n\u00fclmeli - Av. Deniz Can K\u0131z\u0131l\",\"isPartOf\":{\"@id\":\"https:\/\/denizcankizil.tr\/#website\"},\"datePublished\":\"2024-11-29T14:41:28+00:00\",\"breadcrumb\":{\"@id\":\"https:\/\/denizcankizil.tr\/en\/haberler\/gundem\/antalya-barosunda-cagri-bu-hukuksuz-islemden-bir-an-once-geri-donulmeli\/#breadcrumb\"},\"inLanguage\":\"en-GB\",\"potentialAction\":[{\"@type\":\"ReadAction\",\"target\":[\"https:\/\/denizcankizil.tr\/en\/haberler\/gundem\/antalya-barosunda-cagri-bu-hukuksuz-islemden-bir-an-once-geri-donulmeli\/\"]}]},{\"@type\":\"BreadcrumbList\",\"@id\":\"https:\/\/denizcankizil.tr\/en\/haberler\/gundem\/antalya-barosunda-cagri-bu-hukuksuz-islemden-bir-an-once-geri-donulmeli\/#breadcrumb\",\"itemListElement\":[{\"@type\":\"ListItem\",\"position\":1,\"name\":\"Home\",\"item\":\"https:\/\/denizcankizil.tr\/de\/\"},{\"@type\":\"ListItem\",\"position\":2,\"name\":\"Antalya Barosu\u2019nda \u00e7a\u011fr\u0131: Bu hukuksuz i\u015flemden bir an \u00f6nce geri d\u00f6n\u00fclmeli\"}]},{\"@type\":\"WebSite\",\"@id\":\"https:\/\/denizcankizil.tr\/#website\",\"url\":\"https:\/\/denizcankizil.tr\/\",\"name\":\"Av. Deniz Can K\u0131z\u0131l\",\"description\":\"Avukat Deniz Can K\u0131z\u0131l Antalya Barosu\",\"publisher\":{\"@id\":\"https:\/\/denizcankizil.tr\/#organization\"},\"potentialAction\":[{\"@type\":\"SearchAction\",\"target\":{\"@type\":\"EntryPoint\",\"urlTemplate\":\"https:\/\/denizcankizil.tr\/?s={search_term_string}\"},\"query-input\":{\"@type\":\"PropertyValueSpecification\",\"valueRequired\":true,\"valueName\":\"search_term_string\"}}],\"inLanguage\":\"en-GB\"},{\"@type\":\"Organization\",\"@id\":\"https:\/\/denizcankizil.tr\/#organization\",\"name\":\"Av. Deniz Can K\u0131z\u0131l\",\"url\":\"https:\/\/denizcankizil.tr\/\",\"logo\":{\"@type\":\"ImageObject\",\"inLanguage\":\"en-GB\",\"@id\":\"https:\/\/denizcankizil.tr\/#\/schema\/logo\/image\/\",\"url\":\"https:\/\/denizcankizil.tr\/wp-content\/uploads\/2024\/10\/siyah-logo-svg.svg\",\"contentUrl\":\"https:\/\/denizcankizil.tr\/wp-content\/uploads\/2024\/10\/siyah-logo-svg.svg\",\"width\":1080,\"height\":1080,\"caption\":\"Av. Deniz Can K\u0131z\u0131l\"},\"image\":{\"@id\":\"https:\/\/denizcankizil.tr\/#\/schema\/logo\/image\/\"}}]}<\/script>\n<!-- \/ Yoast SEO Premium plugin. -->","yoast_head_json":{"title":"Antalya Barosu\u2019nda \u00e7a\u011fr\u0131: Bu hukuksuz i\u015flemden bir an \u00f6nce geri d\u00f6n\u00fclmeli - Av. Deniz Can K\u0131z\u0131l","robots":{"index":"index","follow":"follow","max-snippet":"max-snippet:-1","max-image-preview":"max-image-preview:large","max-video-preview":"max-video-preview:-1"},"canonical":"https:\/\/denizcankizil.tr\/en\/haberler\/gundem\/antalya-barosunda-cagri-bu-hukuksuz-islemden-bir-an-once-geri-donulmeli\/","og_locale":"en_GB","og_type":"article","og_title":"Antalya Barosu\u2019nda \u00e7a\u011fr\u0131: Bu hukuksuz i\u015flemden bir an \u00f6nce geri d\u00f6n\u00fclmeli","og_description":"Ge\u00e7ti\u011fimiz aylarda Kara Harp Okulu mezuniyet t\u00f6reni sonras\u0131nda k\u0131l\u0131\u00e7 \u00e7atan ve &#8220;Mustafa Kemal&#8217;in askerleriyiz&#8221; slogan\u0131 atan te\u011fmenlerden ihra\u00e7 talebiyle haklar\u0131nda soru\u015fturma ba\u015flat\u0131lm\u0131\u015ft\u0131. \u00dclkenin ana g\u00fcndem maddesinden biri olan te\u011fmenlere bir destek de Antalya Cumhuriyet Savc\u0131s\u0131 Mehmet \u00c7a\u011flayan\u2019dan geldi.\u00a0 \u00c7A\u011eLAYAN\u2019IN YEN\u0130 G\u00d6REV YER\u0130 FETH\u0130YE OLDU\u00a0 \u00c7a\u011flayan, sosyal medya \u00fczerinden \u201cT\u00fcm askerler Atat\u00fcrk&#8217;\u00fcn askeridir! Yemin t\u00f6reninde bunu hayk\u0131ran te\u011fmenlerimiz ne kanuna ayk\u0131r\u0131 davranm\u0131\u015f ne de disiplinsizlik yapm\u0131\u015flard\u0131r. Uyarma cezas\u0131n\u0131n dahi kabul\u00fc m\u00fcmk\u00fcn de\u011fildi. Ceza verilmesi i\u00e7i bask\u0131 uygulanan kurul \u00fcyeleri varsa, bunu payla\u015farak istifa etmelidir\u201d diyerek yay\u0131nlad\u0131\u011f\u0131 mesaj\u0131 nedeniyle a\u00e7\u0131\u011fa al\u0131nd\u0131. A\u00e7\u0131\u011fa al\u0131nan\u0131n savc\u0131n\u0131n yeni yeri ise Antalya&#8217;dan daha alt bir b\u00f6lge olan Fethiye&#8217;ye oldu.\u00a0 ANTALYA BAROSU SAVCI \u00c7A\u011eLAYAN\u2019A DESTEK OLDU\u00a0 Ya\u015fan bu geli\u015fimlerin ard\u0131ndan Antalya Barosu Savc\u0131 \u00c7a\u011flayan\u2019a desteklerini a\u00e7\u0131klad\u0131. Anayasan\u0131n 26&#8217;nc\u0131 maddesinde koruma alt\u0131na al\u0131nan ifade ve d\u00fc\u015f\u00fcnce \u00f6zg\u00fcrl\u00fc\u011f\u00fcne vurgu yapan Antalya Barosu, \u201dKara Harp Okulu&#8217;ndaki mezuniyet t\u00f6reninde &#8220;Mustafa Kemal&#8217;in askerleriyiz.&#8221; diyen te\u011fmenlerin ihra\u00e7 talebiyle Y\u00fcksek Disiplin Kuruluna sevk edilmeleri sonras\u0131nda sosyal medyada &#8220;T\u00fcm askerler Atat\u00fcrk&#8217;\u00fcn askeridir! Yemin t\u00f6reninde bunu hayk\u0131ran te\u011fmenlerimiz ne kanuna ayk\u0131r\u0131 davranm\u0131\u015f ne de disiplinsizlik yapm\u0131\u015flard\u0131r. Uyarma cezas\u0131n\u0131n dahi kabul\u00fc m\u00fcmk\u00fcn de\u011fildi. Ceza verilmesi i\u00e7in bask\u0131 uygulanan kurul \u00fcyeleri varsa, bunu payla\u015farak istifa etmelidir.&#8221; yazan Antalya Adliyesi&#8217;nde g\u00f6revli Cumhuriyet Savc\u0131s\u0131 Mehmet \u00c7a\u011flayan, Hakimler ve Savc\u0131lar Kurulu &hellip;","og_url":"https:\/\/denizcankizil.tr\/en\/haberler\/gundem\/antalya-barosunda-cagri-bu-hukuksuz-islemden-bir-an-once-geri-donulmeli\/","og_site_name":"Av. Deniz Can K\u0131z\u0131l","article_published_time":"2024-11-29T14:41:28+00:00","twitter_card":"summary_large_image","twitter_misc":{"Estimated reading time":"3 minutes"},"schema":{"@context":"https:\/\/schema.org","@graph":[{"@type":"Article","@id":"https:\/\/denizcankizil.tr\/en\/haberler\/gundem\/antalya-barosunda-cagri-bu-hukuksuz-islemden-bir-an-once-geri-donulmeli\/#article","isPartOf":{"@id":"https:\/\/denizcankizil.tr\/en\/haberler\/gundem\/antalya-barosunda-cagri-bu-hukuksuz-islemden-bir-an-once-geri-donulmeli\/"},"author":{"name":"","@id":""},"headline":"Antalya Barosu\u2019nda \u00e7a\u011fr\u0131: Bu hukuksuz i\u015flemden bir an \u00f6nce geri d\u00f6n\u00fclmeli","datePublished":"2024-11-29T14:41:28+00:00","mainEntityOfPage":{"@id":"https:\/\/denizcankizil.tr\/en\/haberler\/gundem\/antalya-barosunda-cagri-bu-hukuksuz-islemden-bir-an-once-geri-donulmeli\/"},"wordCount":683,"commentCount":0,"publisher":{"@id":"https:\/\/denizcankizil.tr\/#organization"},"articleSection":["G\u00fcndem","Uncategorized"],"inLanguage":"en-GB","potentialAction":[{"@type":"CommentAction","name":"Comment","target":["https:\/\/denizcankizil.tr\/en\/haberler\/gundem\/antalya-barosunda-cagri-bu-hukuksuz-islemden-bir-an-once-geri-donulmeli\/#respond"]}]},{"@type":"WebPage","@id":"https:\/\/denizcankizil.tr\/en\/haberler\/gundem\/antalya-barosunda-cagri-bu-hukuksuz-islemden-bir-an-once-geri-donulmeli\/","url":"https:\/\/denizcankizil.tr\/en\/haberler\/gundem\/antalya-barosunda-cagri-bu-hukuksuz-islemden-bir-an-once-geri-donulmeli\/","name":"Antalya Barosu\u2019nda \u00e7a\u011fr\u0131: Bu hukuksuz i\u015flemden bir an \u00f6nce geri d\u00f6n\u00fclmeli - Av. Deniz Can K\u0131z\u0131l","isPartOf":{"@id":"https:\/\/denizcankizil.tr\/#website"},"datePublished":"2024-11-29T14:41:28+00:00","breadcrumb":{"@id":"https:\/\/denizcankizil.tr\/en\/haberler\/gundem\/antalya-barosunda-cagri-bu-hukuksuz-islemden-bir-an-once-geri-donulmeli\/#breadcrumb"},"inLanguage":"en-GB","potentialAction":[{"@type":"ReadAction","target":["https:\/\/denizcankizil.tr\/en\/haberler\/gundem\/antalya-barosunda-cagri-bu-hukuksuz-islemden-bir-an-once-geri-donulmeli\/"]}]},{"@type":"BreadcrumbList","@id":"https:\/\/denizcankizil.tr\/en\/haberler\/gundem\/antalya-barosunda-cagri-bu-hukuksuz-islemden-bir-an-once-geri-donulmeli\/#breadcrumb","itemListElement":[{"@type":"ListItem","position":1,"name":"Home","item":"https:\/\/denizcankizil.tr\/de\/"},{"@type":"ListItem","position":2,"name":"Antalya Barosu\u2019nda \u00e7a\u011fr\u0131: Bu hukuksuz i\u015flemden bir an \u00f6nce geri d\u00f6n\u00fclmeli"}]},{"@type":"WebSite","@id":"https:\/\/denizcankizil.tr\/#website","url":"https:\/\/denizcankizil.tr\/","name":"Av. Deniz Can K\u0131z\u0131l","description":"Avukat Deniz Can K\u0131z\u0131l Antalya Barosu","publisher":{"@id":"https:\/\/denizcankizil.tr\/#organization"},"potentialAction":[{"@type":"SearchAction","target":{"@type":"EntryPoint","urlTemplate":"https:\/\/denizcankizil.tr\/?s={search_term_string}"},"query-input":{"@type":"PropertyValueSpecification","valueRequired":true,"valueName":"search_term_string"}}],"inLanguage":"en-GB"},{"@type":"Organization","@id":"https:\/\/denizcankizil.tr\/#organization","name":"Av. Deniz Can K\u0131z\u0131l","url":"https:\/\/denizcankizil.tr\/","logo":{"@type":"ImageObject","inLanguage":"en-GB","@id":"https:\/\/denizcankizil.tr\/#\/schema\/logo\/image\/","url":"https:\/\/denizcankizil.tr\/wp-content\/uploads\/2024\/10\/siyah-logo-svg.svg","contentUrl":"https:\/\/denizcankizil.tr\/wp-content\/uploads\/2024\/10\/siyah-logo-svg.svg","width":1080,"height":1080,"caption":"Av. Deniz Can K\u0131z\u0131l"},"image":{"@id":"https:\/\/denizcankizil.tr\/#\/schema\/logo\/image\/"}}]}},"_links":{"self":[{"href":"https:\/\/denizcankizil.tr\/en\/wp-json\/wp\/v2\/posts\/18324","targetHints":{"allow":["GET"]}}],"collection":[{"href":"https:\/\/denizcankizil.tr\/en\/wp-json\/wp\/v2\/posts"}],"about":[{"href":"https:\/\/denizcankizil.tr\/en\/wp-json\/wp\/v2\/types\/post"}],"replies":[{"embeddable":true,"href":"https:\/\/denizcankizil.tr\/en\/wp-json\/wp\/v2\/comments?post=18324"}],"version-history":[{"count":0,"href":"https:\/\/denizcankizil.tr\/en\/wp-json\/wp\/v2\/posts\/18324\/revisions"}],"wp:attachment":[{"href":"https:\/\/denizcankizil.tr\/en\/wp-json\/wp\/v2\/media?parent=18324"}],"wp:term":[{"taxonomy":"category","embeddable":true,"href":"https:\/\/denizcankizil.tr\/en\/wp-json\/wp\/v2\/categories?post=18324"},{"taxonomy":"post_tag","embeddable":true,"href":"https:\/\/denizcankizil.tr\/en\/wp-json\/wp\/v2\/tags?post=18324"}],"curies":[{"name":"wp","href":"https:\/\/api.w.org\/{rel}","templated":true}]}}