{"id":18160,"date":"2024-11-28T17:42:06","date_gmt":"2024-11-28T14:42:06","guid":{"rendered":"https:\/\/denizcankizil.tr\/uncategorized-tr\/bursanin-deprem-risk-azaltma-plani-masaya-yatirildi\/"},"modified":"2024-11-28T17:42:06","modified_gmt":"2024-11-28T14:42:06","slug":"bursanin-deprem-risk-azaltma-plani-masaya-yatirildi","status":"publish","type":"post","link":"https:\/\/denizcankizil.tr\/en\/haberler\/gundem\/bursanin-deprem-risk-azaltma-plani-masaya-yatirildi\/","title":{"rendered":"Bursa\u2019n\u0131n deprem risk azaltma plan\u0131 masaya yat\u0131r\u0131ld\u0131"},"content":{"rendered":"<p>Bursa \u0130l Afet Risk Azaltma Plan\u0131 kapsam\u0131nda Deprem Masas\u0131nda yer alan eylemlerin de\u011ferlendirildi\u011fi toplant\u0131, Bursa B\u00fcy\u00fck\u015fehir Belediyesi\u2019nin ev sahipli\u011finde yap\u0131ld\u0131.BURSA (\u0130GFA) &#8211; B\u00fcy\u00fck\u015fehir Belediyesi\u2019nin ev sahipli\u011finde, Bursa\u2019da afet an\u0131 ve sonras\u0131nda olu\u015fabilecek risklerin do\u011furaca\u011f\u0131 sonu\u00e7lar\u0131n en aza indirilmesi amac\u0131yla Deprem Masas\u0131\u2019nda yer alan eylemlerin de\u011ferlendirme toplant\u0131s\u0131 ger\u00e7ekle\u015ftirildi.<br \/>\nBursa \u0130l Afet Risk Azaltma Plan\u0131 (\u0130RAP) kapsam\u0131ndaki toplant\u0131ya, Vali Yard\u0131mc\u0131s\u0131 Salih Altun, Bursa B\u00fcy\u00fck\u015fehir Belediyesi Genel Sekreteri Do\u00e7. Dr. Erg\u00fcl Halis\u00e7elik, Gemlik Belediye Ba\u015fkan\u0131 \u015e\u00fckr\u00fc Deviren, AFAD \u0130l M\u00fcd\u00fcr Mehmet Buldan, ilgili kamu kurum ve kurulu\u015flar\u0131n temsilcileri kat\u0131ld\u0131.<br \/>\nBursa\u2019n\u0131n depremselli\u011fi ve \u0130RAP b\u00fcnyesinde yap\u0131lm\u0131\u015f haz\u0131rl\u0131k \u00e7al\u0131\u015fmalar\u0131n\u0131n aktar\u0131ld\u0131\u011f\u0131 toplant\u0131da, kentin sosyo-demografik ve ekonomik yap\u0131s\u0131, ula\u015f\u0131m ve altyap\u0131 durumu, yerle\u015fim yap\u0131s\u0131 ve afetsellik konular\u0131na de\u011finildi. Bursa\u2019n\u0131n mevcut depremsellik durumunun analiz sonu\u00e7lar\u0131n\u0131n da payla\u015f\u0131ld\u0131\u011f\u0131 toplant\u0131da, \u0130RAP b\u00fcnyesinde bulunan deprem eylemleri ile ilgili bug\u00fcne kadar yap\u0131lan \u00e7al\u0131\u015fmalar aktar\u0131larak plan s\u00fcreci de\u011ferlendirildi.<\/p>\n<p>\u200bBursa \u0130l Afet Risk Azaltma Plan\u0131 kapsam\u0131nda Deprem Masas\u0131nda yer alan eylemlerin de\u011ferlendirildi\u011fi toplant\u0131, Bursa B\u00fcy\u00fck\u015fehir Belediyesi\u2019nin ev sahipli\u011finde yap\u0131ld\u0131\u00a0<\/p>\n<p>\u200bHaberin Al\u0131nt\u0131land\u0131\u011f\u0131 Kaynak: www.iskenderun.org<\/p>","protected":false},"excerpt":{"rendered":"<p>Bursa \u0130l Afet Risk Azaltma Plan\u0131 kapsam\u0131nda Deprem Masas\u0131nda yer alan eylemlerin de\u011ferlendirildi\u011fi toplant\u0131, Bursa B\u00fcy\u00fck\u015fehir Belediyesi\u2019nin ev sahipli\u011finde yap\u0131ld\u0131.BURSA (\u0130GFA) &#8211; B\u00fcy\u00fck\u015fehir Belediyesi\u2019nin ev sahipli\u011finde, Bursa\u2019da afet an\u0131 ve sonras\u0131nda olu\u015fabilecek risklerin do\u011furaca\u011f\u0131 sonu\u00e7lar\u0131n en aza indirilmesi amac\u0131yla Deprem Masas\u0131\u2019nda yer alan eylemlerin de\u011ferlendirme toplant\u0131s\u0131 ger\u00e7ekle\u015ftirildi. Bursa \u0130l Afet Risk Azaltma Plan\u0131 (\u0130RAP) kapsam\u0131ndaki toplant\u0131ya, Vali Yard\u0131mc\u0131s\u0131 Salih Altun, Bursa B\u00fcy\u00fck\u015fehir Belediyesi Genel Sekreteri Do\u00e7. Dr. Erg\u00fcl Halis\u00e7elik, Gemlik Belediye Ba\u015fkan\u0131 \u015e\u00fckr\u00fc Deviren, AFAD \u0130l M\u00fcd\u00fcr Mehmet Buldan, ilgili kamu kurum ve kurulu\u015flar\u0131n temsilcileri kat\u0131ld\u0131. Bursa\u2019n\u0131n depremselli\u011fi ve \u0130RAP b\u00fcnyesinde yap\u0131lm\u0131\u015f haz\u0131rl\u0131k \u00e7al\u0131\u015fmalar\u0131n\u0131n aktar\u0131ld\u0131\u011f\u0131 toplant\u0131da, kentin sosyo-demografik ve ekonomik yap\u0131s\u0131, ula\u015f\u0131m ve altyap\u0131 durumu, yerle\u015fim yap\u0131s\u0131 ve afetsellik konular\u0131na de\u011finildi. Bursa\u2019n\u0131n mevcut depremsellik durumunun analiz sonu\u00e7lar\u0131n\u0131n da payla\u015f\u0131ld\u0131\u011f\u0131 toplant\u0131da, \u0130RAP b\u00fcnyesinde bulunan deprem eylemleri ile ilgili bug\u00fcne kadar yap\u0131lan \u00e7al\u0131\u015fmalar aktar\u0131larak plan s\u00fcreci de\u011ferlendirildi. \u200bBursa \u0130l Afet Risk Azaltma Plan\u0131 kapsam\u0131nda Deprem Masas\u0131nda yer alan eylemlerin de\u011ferlendirildi\u011fi toplant\u0131, Bursa B\u00fcy\u00fck\u015fehir Belediyesi\u2019nin ev sahipli\u011finde yap\u0131ld\u0131\u00a0 \u200bHaberin Al\u0131nt\u0131land\u0131\u011f\u0131 Kaynak: www.iskenderun.org<\/p>","protected":false},"author":0,"featured_media":0,"comment_status":"open","ping_status":"open","sticky":false,"template":"","format":"standard","meta":{"_acf_changed":false,"footnotes":""},"categories":[24,535],"tags":[],"class_list":["post-18160","post","type-post","status-publish","format-standard","has-post-thumbnail","hentry","category-gundem","category-uncategorized-tr"],"acf":[],"yoast_head":"<!-- This site is optimized with the Yoast SEO Premium plugin v26.6 (Yoast SEO v27.1.1) - https:\/\/yoast.com\/product\/yoast-seo-premium-wordpress\/ -->\n<title>Bursa\u2019n\u0131n deprem risk azaltma plan\u0131 masaya yat\u0131r\u0131ld\u0131 - Av. Deniz Can K\u0131z\u0131l<\/title>\n<meta name=\"robots\" content=\"index, follow, max-snippet:-1, max-image-preview:large, max-video-preview:-1\" \/>\n<link rel=\"canonical\" href=\"https:\/\/denizcankizil.tr\/en\/haberler\/gundem\/bursanin-deprem-risk-azaltma-plani-masaya-yatirildi\/\" \/>\n<meta property=\"og:locale\" content=\"en_GB\" \/>\n<meta property=\"og:type\" content=\"article\" \/>\n<meta property=\"og:title\" content=\"Bursa\u2019n\u0131n deprem risk azaltma plan\u0131 masaya yat\u0131r\u0131ld\u0131\" \/>\n<meta property=\"og:description\" content=\"Bursa \u0130l Afet Risk Azaltma Plan\u0131 kapsam\u0131nda Deprem Masas\u0131nda yer alan eylemlerin de\u011ferlendirildi\u011fi toplant\u0131, Bursa B\u00fcy\u00fck\u015fehir Belediyesi\u2019nin ev sahipli\u011finde yap\u0131ld\u0131.BURSA (\u0130GFA) &#8211; B\u00fcy\u00fck\u015fehir Belediyesi\u2019nin ev sahipli\u011finde, Bursa\u2019da afet an\u0131 ve sonras\u0131nda olu\u015fabilecek risklerin do\u011furaca\u011f\u0131 sonu\u00e7lar\u0131n en aza indirilmesi amac\u0131yla Deprem Masas\u0131\u2019nda yer alan eylemlerin de\u011ferlendirme toplant\u0131s\u0131 ger\u00e7ekle\u015ftirildi. Bursa \u0130l Afet Risk Azaltma Plan\u0131 (\u0130RAP) kapsam\u0131ndaki toplant\u0131ya, Vali Yard\u0131mc\u0131s\u0131 Salih Altun, Bursa B\u00fcy\u00fck\u015fehir Belediyesi Genel Sekreteri Do\u00e7. Dr. Erg\u00fcl Halis\u00e7elik, Gemlik Belediye Ba\u015fkan\u0131 \u015e\u00fckr\u00fc Deviren, AFAD \u0130l M\u00fcd\u00fcr Mehmet Buldan, ilgili kamu kurum ve kurulu\u015flar\u0131n temsilcileri kat\u0131ld\u0131. Bursa\u2019n\u0131n depremselli\u011fi ve \u0130RAP b\u00fcnyesinde yap\u0131lm\u0131\u015f haz\u0131rl\u0131k \u00e7al\u0131\u015fmalar\u0131n\u0131n aktar\u0131ld\u0131\u011f\u0131 toplant\u0131da, kentin sosyo-demografik ve ekonomik yap\u0131s\u0131, ula\u015f\u0131m ve altyap\u0131 durumu, yerle\u015fim yap\u0131s\u0131 ve afetsellik konular\u0131na de\u011finildi. Bursa\u2019n\u0131n mevcut depremsellik durumunun analiz sonu\u00e7lar\u0131n\u0131n da payla\u015f\u0131ld\u0131\u011f\u0131 toplant\u0131da, \u0130RAP b\u00fcnyesinde bulunan deprem eylemleri ile ilgili bug\u00fcne kadar yap\u0131lan \u00e7al\u0131\u015fmalar aktar\u0131larak plan s\u00fcreci de\u011ferlendirildi. \u200bBursa \u0130l Afet Risk Azaltma Plan\u0131 kapsam\u0131nda Deprem Masas\u0131nda yer alan eylemlerin de\u011ferlendirildi\u011fi toplant\u0131, Bursa B\u00fcy\u00fck\u015fehir Belediyesi\u2019nin ev sahipli\u011finde yap\u0131ld\u0131\u00a0 \u200bHaberin Al\u0131nt\u0131land\u0131\u011f\u0131 Kaynak: www.iskenderun.org\" \/>\n<meta property=\"og:url\" content=\"https:\/\/denizcankizil.tr\/en\/haberler\/gundem\/bursanin-deprem-risk-azaltma-plani-masaya-yatirildi\/\" \/>\n<meta property=\"og:site_name\" content=\"Av. Deniz Can K\u0131z\u0131l\" \/>\n<meta property=\"article:published_time\" content=\"2024-11-28T14:42:06+00:00\" \/>\n<meta name=\"twitter:card\" content=\"summary_large_image\" \/>\n<meta name=\"twitter:label1\" content=\"Estimated reading time\" \/>\n\t<meta name=\"twitter:data1\" content=\"1 minute\" \/>\n<script type=\"application\/ld+json\" class=\"yoast-schema-graph\">{\"@context\":\"https:\/\/schema.org\",\"@graph\":[{\"@type\":\"Article\",\"@id\":\"https:\/\/denizcankizil.tr\/en\/haberler\/gundem\/bursanin-deprem-risk-azaltma-plani-masaya-yatirildi\/#article\",\"isPartOf\":{\"@id\":\"https:\/\/denizcankizil.tr\/en\/haberler\/gundem\/bursanin-deprem-risk-azaltma-plani-masaya-yatirildi\/\"},\"author\":{\"name\":\"\",\"@id\":\"\"},\"headline\":\"Bursa\u2019n\u0131n deprem risk azaltma plan\u0131 masaya yat\u0131r\u0131ld\u0131\",\"datePublished\":\"2024-11-28T14:42:06+00:00\",\"mainEntityOfPage\":{\"@id\":\"https:\/\/denizcankizil.tr\/en\/haberler\/gundem\/bursanin-deprem-risk-azaltma-plani-masaya-yatirildi\/\"},\"wordCount\":259,\"commentCount\":0,\"publisher\":{\"@id\":\"https:\/\/denizcankizil.tr\/de\/#organization\"},\"articleSection\":[\"G\u00fcndem\",\"Uncategorized\"],\"inLanguage\":\"en-GB\",\"potentialAction\":[{\"@type\":\"CommentAction\",\"name\":\"Comment\",\"target\":[\"https:\/\/denizcankizil.tr\/en\/haberler\/gundem\/bursanin-deprem-risk-azaltma-plani-masaya-yatirildi\/#respond\"]}]},{\"@type\":\"WebPage\",\"@id\":\"https:\/\/denizcankizil.tr\/en\/haberler\/gundem\/bursanin-deprem-risk-azaltma-plani-masaya-yatirildi\/\",\"url\":\"https:\/\/denizcankizil.tr\/en\/haberler\/gundem\/bursanin-deprem-risk-azaltma-plani-masaya-yatirildi\/\",\"name\":\"Bursa\u2019n\u0131n deprem risk azaltma plan\u0131 masaya yat\u0131r\u0131ld\u0131 - Av. Deniz Can K\u0131z\u0131l\",\"isPartOf\":{\"@id\":\"https:\/\/denizcankizil.tr\/de\/#website\"},\"datePublished\":\"2024-11-28T14:42:06+00:00\",\"breadcrumb\":{\"@id\":\"https:\/\/denizcankizil.tr\/en\/haberler\/gundem\/bursanin-deprem-risk-azaltma-plani-masaya-yatirildi\/#breadcrumb\"},\"inLanguage\":\"en-GB\",\"potentialAction\":[{\"@type\":\"ReadAction\",\"target\":[\"https:\/\/denizcankizil.tr\/en\/haberler\/gundem\/bursanin-deprem-risk-azaltma-plani-masaya-yatirildi\/\"]}]},{\"@type\":\"BreadcrumbList\",\"@id\":\"https:\/\/denizcankizil.tr\/en\/haberler\/gundem\/bursanin-deprem-risk-azaltma-plani-masaya-yatirildi\/#breadcrumb\",\"itemListElement\":[{\"@type\":\"ListItem\",\"position\":1,\"name\":\"Home\",\"item\":\"https:\/\/denizcankizil.tr\/de\/\"},{\"@type\":\"ListItem\",\"position\":2,\"name\":\"Bursa\u2019n\u0131n deprem risk azaltma plan\u0131 masaya yat\u0131r\u0131ld\u0131\"}]},{\"@type\":\"WebSite\",\"@id\":\"https:\/\/denizcankizil.tr\/de\/#website\",\"url\":\"https:\/\/denizcankizil.tr\/de\/\",\"name\":\"Av. Deniz Can K\u0131z\u0131l\",\"description\":\"Avukat Deniz Can K\u0131z\u0131l Antalya Barosu\",\"publisher\":{\"@id\":\"https:\/\/denizcankizil.tr\/de\/#organization\"},\"potentialAction\":[{\"@type\":\"SearchAction\",\"target\":{\"@type\":\"EntryPoint\",\"urlTemplate\":\"https:\/\/denizcankizil.tr\/de\/?s={search_term_string}\"},\"query-input\":{\"@type\":\"PropertyValueSpecification\",\"valueRequired\":true,\"valueName\":\"search_term_string\"}}],\"inLanguage\":\"en-GB\"},{\"@type\":\"Organization\",\"@id\":\"https:\/\/denizcankizil.tr\/de\/#organization\",\"name\":\"Av. Deniz Can K\u0131z\u0131l\",\"url\":\"https:\/\/denizcankizil.tr\/de\/\",\"logo\":{\"@type\":\"ImageObject\",\"inLanguage\":\"en-GB\",\"@id\":\"https:\/\/denizcankizil.tr\/de\/#\/schema\/logo\/image\/\",\"url\":\"https:\/\/denizcankizil.tr\/wp-content\/uploads\/2024\/10\/siyah-logo-svg.svg\",\"contentUrl\":\"https:\/\/denizcankizil.tr\/wp-content\/uploads\/2024\/10\/siyah-logo-svg.svg\",\"width\":1080,\"height\":1080,\"caption\":\"Av. Deniz Can K\u0131z\u0131l\"},\"image\":{\"@id\":\"https:\/\/denizcankizil.tr\/de\/#\/schema\/logo\/image\/\"}}]}<\/script>\n<!-- \/ Yoast SEO Premium plugin. -->","yoast_head_json":{"title":"Bursa\u2019n\u0131n deprem risk azaltma plan\u0131 masaya yat\u0131r\u0131ld\u0131 - Av. Deniz Can K\u0131z\u0131l","robots":{"index":"index","follow":"follow","max-snippet":"max-snippet:-1","max-image-preview":"max-image-preview:large","max-video-preview":"max-video-preview:-1"},"canonical":"https:\/\/denizcankizil.tr\/en\/haberler\/gundem\/bursanin-deprem-risk-azaltma-plani-masaya-yatirildi\/","og_locale":"en_GB","og_type":"article","og_title":"Bursa\u2019n\u0131n deprem risk azaltma plan\u0131 masaya yat\u0131r\u0131ld\u0131","og_description":"Bursa \u0130l Afet Risk Azaltma Plan\u0131 kapsam\u0131nda Deprem Masas\u0131nda yer alan eylemlerin de\u011ferlendirildi\u011fi toplant\u0131, Bursa B\u00fcy\u00fck\u015fehir Belediyesi\u2019nin ev sahipli\u011finde yap\u0131ld\u0131.BURSA (\u0130GFA) &#8211; B\u00fcy\u00fck\u015fehir Belediyesi\u2019nin ev sahipli\u011finde, Bursa\u2019da afet an\u0131 ve sonras\u0131nda olu\u015fabilecek risklerin do\u011furaca\u011f\u0131 sonu\u00e7lar\u0131n en aza indirilmesi amac\u0131yla Deprem Masas\u0131\u2019nda yer alan eylemlerin de\u011ferlendirme toplant\u0131s\u0131 ger\u00e7ekle\u015ftirildi. Bursa \u0130l Afet Risk Azaltma Plan\u0131 (\u0130RAP) kapsam\u0131ndaki toplant\u0131ya, Vali Yard\u0131mc\u0131s\u0131 Salih Altun, Bursa B\u00fcy\u00fck\u015fehir Belediyesi Genel Sekreteri Do\u00e7. Dr. Erg\u00fcl Halis\u00e7elik, Gemlik Belediye Ba\u015fkan\u0131 \u015e\u00fckr\u00fc Deviren, AFAD \u0130l M\u00fcd\u00fcr Mehmet Buldan, ilgili kamu kurum ve kurulu\u015flar\u0131n temsilcileri kat\u0131ld\u0131. Bursa\u2019n\u0131n depremselli\u011fi ve \u0130RAP b\u00fcnyesinde yap\u0131lm\u0131\u015f haz\u0131rl\u0131k \u00e7al\u0131\u015fmalar\u0131n\u0131n aktar\u0131ld\u0131\u011f\u0131 toplant\u0131da, kentin sosyo-demografik ve ekonomik yap\u0131s\u0131, ula\u015f\u0131m ve altyap\u0131 durumu, yerle\u015fim yap\u0131s\u0131 ve afetsellik konular\u0131na de\u011finildi. Bursa\u2019n\u0131n mevcut depremsellik durumunun analiz sonu\u00e7lar\u0131n\u0131n da payla\u015f\u0131ld\u0131\u011f\u0131 toplant\u0131da, \u0130RAP b\u00fcnyesinde bulunan deprem eylemleri ile ilgili bug\u00fcne kadar yap\u0131lan \u00e7al\u0131\u015fmalar aktar\u0131larak plan s\u00fcreci de\u011ferlendirildi. \u200bBursa \u0130l Afet Risk Azaltma Plan\u0131 kapsam\u0131nda Deprem Masas\u0131nda yer alan eylemlerin de\u011ferlendirildi\u011fi toplant\u0131, Bursa B\u00fcy\u00fck\u015fehir Belediyesi\u2019nin ev sahipli\u011finde yap\u0131ld\u0131\u00a0 \u200bHaberin Al\u0131nt\u0131land\u0131\u011f\u0131 Kaynak: www.iskenderun.org","og_url":"https:\/\/denizcankizil.tr\/en\/haberler\/gundem\/bursanin-deprem-risk-azaltma-plani-masaya-yatirildi\/","og_site_name":"Av. Deniz Can K\u0131z\u0131l","article_published_time":"2024-11-28T14:42:06+00:00","twitter_card":"summary_large_image","twitter_misc":{"Estimated reading time":"1 minute"},"schema":{"@context":"https:\/\/schema.org","@graph":[{"@type":"Article","@id":"https:\/\/denizcankizil.tr\/en\/haberler\/gundem\/bursanin-deprem-risk-azaltma-plani-masaya-yatirildi\/#article","isPartOf":{"@id":"https:\/\/denizcankizil.tr\/en\/haberler\/gundem\/bursanin-deprem-risk-azaltma-plani-masaya-yatirildi\/"},"author":{"name":"","@id":""},"headline":"Bursa\u2019n\u0131n deprem risk azaltma plan\u0131 masaya yat\u0131r\u0131ld\u0131","datePublished":"2024-11-28T14:42:06+00:00","mainEntityOfPage":{"@id":"https:\/\/denizcankizil.tr\/en\/haberler\/gundem\/bursanin-deprem-risk-azaltma-plani-masaya-yatirildi\/"},"wordCount":259,"commentCount":0,"publisher":{"@id":"https:\/\/denizcankizil.tr\/de\/#organization"},"articleSection":["G\u00fcndem","Uncategorized"],"inLanguage":"en-GB","potentialAction":[{"@type":"CommentAction","name":"Comment","target":["https:\/\/denizcankizil.tr\/en\/haberler\/gundem\/bursanin-deprem-risk-azaltma-plani-masaya-yatirildi\/#respond"]}]},{"@type":"WebPage","@id":"https:\/\/denizcankizil.tr\/en\/haberler\/gundem\/bursanin-deprem-risk-azaltma-plani-masaya-yatirildi\/","url":"https:\/\/denizcankizil.tr\/en\/haberler\/gundem\/bursanin-deprem-risk-azaltma-plani-masaya-yatirildi\/","name":"Bursa\u2019n\u0131n deprem risk azaltma plan\u0131 masaya yat\u0131r\u0131ld\u0131 - Av. Deniz Can K\u0131z\u0131l","isPartOf":{"@id":"https:\/\/denizcankizil.tr\/de\/#website"},"datePublished":"2024-11-28T14:42:06+00:00","breadcrumb":{"@id":"https:\/\/denizcankizil.tr\/en\/haberler\/gundem\/bursanin-deprem-risk-azaltma-plani-masaya-yatirildi\/#breadcrumb"},"inLanguage":"en-GB","potentialAction":[{"@type":"ReadAction","target":["https:\/\/denizcankizil.tr\/en\/haberler\/gundem\/bursanin-deprem-risk-azaltma-plani-masaya-yatirildi\/"]}]},{"@type":"BreadcrumbList","@id":"https:\/\/denizcankizil.tr\/en\/haberler\/gundem\/bursanin-deprem-risk-azaltma-plani-masaya-yatirildi\/#breadcrumb","itemListElement":[{"@type":"ListItem","position":1,"name":"Home","item":"https:\/\/denizcankizil.tr\/de\/"},{"@type":"ListItem","position":2,"name":"Bursa\u2019n\u0131n deprem risk azaltma plan\u0131 masaya yat\u0131r\u0131ld\u0131"}]},{"@type":"WebSite","@id":"https:\/\/denizcankizil.tr\/de\/#website","url":"https:\/\/denizcankizil.tr\/de\/","name":"Av. Deniz Can K\u0131z\u0131l","description":"Avukat Deniz Can K\u0131z\u0131l Antalya Barosu","publisher":{"@id":"https:\/\/denizcankizil.tr\/de\/#organization"},"potentialAction":[{"@type":"SearchAction","target":{"@type":"EntryPoint","urlTemplate":"https:\/\/denizcankizil.tr\/de\/?s={search_term_string}"},"query-input":{"@type":"PropertyValueSpecification","valueRequired":true,"valueName":"search_term_string"}}],"inLanguage":"en-GB"},{"@type":"Organization","@id":"https:\/\/denizcankizil.tr\/de\/#organization","name":"Av. Deniz Can K\u0131z\u0131l","url":"https:\/\/denizcankizil.tr\/de\/","logo":{"@type":"ImageObject","inLanguage":"en-GB","@id":"https:\/\/denizcankizil.tr\/de\/#\/schema\/logo\/image\/","url":"https:\/\/denizcankizil.tr\/wp-content\/uploads\/2024\/10\/siyah-logo-svg.svg","contentUrl":"https:\/\/denizcankizil.tr\/wp-content\/uploads\/2024\/10\/siyah-logo-svg.svg","width":1080,"height":1080,"caption":"Av. Deniz Can K\u0131z\u0131l"},"image":{"@id":"https:\/\/denizcankizil.tr\/de\/#\/schema\/logo\/image\/"}}]}},"_links":{"self":[{"href":"https:\/\/denizcankizil.tr\/en\/wp-json\/wp\/v2\/posts\/18160","targetHints":{"allow":["GET"]}}],"collection":[{"href":"https:\/\/denizcankizil.tr\/en\/wp-json\/wp\/v2\/posts"}],"about":[{"href":"https:\/\/denizcankizil.tr\/en\/wp-json\/wp\/v2\/types\/post"}],"replies":[{"embeddable":true,"href":"https:\/\/denizcankizil.tr\/en\/wp-json\/wp\/v2\/comments?post=18160"}],"version-history":[{"count":0,"href":"https:\/\/denizcankizil.tr\/en\/wp-json\/wp\/v2\/posts\/18160\/revisions"}],"wp:attachment":[{"href":"https:\/\/denizcankizil.tr\/en\/wp-json\/wp\/v2\/media?parent=18160"}],"wp:term":[{"taxonomy":"category","embeddable":true,"href":"https:\/\/denizcankizil.tr\/en\/wp-json\/wp\/v2\/categories?post=18160"},{"taxonomy":"post_tag","embeddable":true,"href":"https:\/\/denizcankizil.tr\/en\/wp-json\/wp\/v2\/tags?post=18160"}],"curies":[{"name":"wp","href":"https:\/\/api.w.org\/{rel}","templated":true}]}}