{"id":18151,"date":"2024-11-28T17:41:56","date_gmt":"2024-11-28T14:41:56","guid":{"rendered":"https:\/\/denizcankizil.tr\/uncategorized-tr\/sur-yapi-magdurlarinin-sabri-kalmadi\/"},"modified":"2024-11-28T17:41:56","modified_gmt":"2024-11-28T14:41:56","slug":"sur-yapi-magdurlarinin-sabri-kalmadi","status":"publish","type":"post","link":"https:\/\/denizcankizil.tr\/en\/haberler\/gundem\/sur-yapi-magdurlarinin-sabri-kalmadi\/","title":{"rendered":"Sur Yap\u0131 ma\u011fdurlar\u0131n\u0131n sabr\u0131 kalmad\u0131"},"content":{"rendered":"<p>Antalya\u2019n\u0131n Kepez il\u00e7esine ba\u011fl\u0131 Santral ve Kepez Mahallesi\u2019nde 2016 y\u0131l\u0131nda ba\u015flanan ve 30 ay i\u00e7inde teslim edilece\u011fi s\u00f6ylenen kentsel d\u00f6n\u00fc\u015f projesi aradan 8 y\u0131l ge\u00e7mesine ra\u011fmen tamamlanamad\u0131. Evlerini teslim alamayan hak sahipleri ise sesleri duyurmak i\u00e7in zaman zaman yapt\u0131klar\u0131 eylemlerine devam ediyorlar.\u00a0<\/p>\n<p>AVUKATLAR \u0130LE G\u00d6R\u00dc\u015eMELER BA\u015eLADI\u00a0<\/p>\n<p>Son olarak Sur Yap\u0131 sat\u0131\u015f ofisi \u00f6n\u00fcnde toplanan grup \u201cSur Yap\u0131 Ma\u011fdurlar\u0131\u201d pankart\u0131n\u0131 a\u00e7arak seslerini duyurmaya \u00e7al\u0131\u015ft\u0131. Ma\u011fdurlar ad\u0131na a\u00e7\u0131klamada bulunan bir vatanda\u015f ise, \u201cSur yap\u0131 \u0130stanbul merkezden g\u00f6r\u00fc\u015fmek i\u00e7in gelen Hukuk departman\u0131ndan iki hukuk\u00e7u ile g\u00f6r\u00fc\u015fme yapt\u0131k. Sur yap\u0131 ma\u011fdurlar\u0131n\u0131 temsilen evlerini alamayan arkada\u015flardan ve her parselden bir temsilci olmak \u00fczere avukat\u0131m\u0131z ile birlikte g\u00f6r\u00fc\u015fmeye oturduk\u201d dedi.\u00a0<\/p>\n<p>G\u00d6R\u00dc\u015eMEN\u0130N ANA KONULARI\u00a0<\/p>\n<p>G\u00f6r\u00fc\u015fme konular\u0131n\u0131n ise 4 ayd\u0131r yatmayan kiralar ve kalan evlerin ne zaman teslim edece\u011fi oldu\u011funu belirten ma\u011fdurlar, \u201cG\u00f6r\u00fc\u015fme konular\u0131; 4 ayd\u0131r yatmayan kiralar, kalan evlerin ne zaman teslim edilece\u011fi, sat\u0131\u015f sonras\u0131 hizmetlerinin d\u00fczenlenmesi, muhataplar\u0131n insani ili\u015fkilerinin d\u00fczeltilmesi, site y\u00f6netimlerinin \u015feffaf davranmas\u0131, ayl\u0131k ve y\u0131ll\u0131k bilan\u00e7olar\u0131n oturanlara a\u00e7\u0131klanmas\u0131, uygun yerlerde ilan edilmesi, sosyal donat\u0131 alanlar\u0131n\u0131n yap\u0131lmas\u0131 ve benzeri konularda \u015fikayet\u00e7i oldu\u011funuz konular\u0131 aktard\u0131k. Dinlediler, ilgili birimlere ileteceklerini \u00e7\u00f6z\u00fcm i\u00e7in \u00e7al\u0131\u015fma yapacaklar\u0131n\u0131 ve diyalo\u011fun devam etmesini istediler\u201d a\u00e7\u0131klamas\u0131nda bulunuldu.\u00a0<\/p>\n<p>BU S\u00dcRE\u00c7 B\u00d6YLE DEVAM EDECEK<\/p>\n<p>Ya\u015fan bu s\u00fcrecin bu \u015fekilde devam edece\u011fini a\u00e7\u0131klayan ma\u011fdurlar, \u201cBiz de kiralar hafta sonuna kadar yatmasa Cumartesi g\u00fcn\u00fc eyleme devam edece\u011fimizi s\u00f6yledik. Bitmeyen dairelerin \u00f6n tesliminin ABB yap\u0131ld\u0131\u011f\u0131n\u0131 Ocak-\u015fubat ay\u0131 gibi t\u00fcm dairelerin teslim edilece\u011fini s\u00f6ylediler. K\u0131saca s\u00fcre\u00e7 b\u00f6yle devam edecek\u201d ifadelerini kulland\u0131.\u00a0<\/p>\n<p>\u00a0<\/p>\n<p>\u200bAntalya\u2019n\u0131n Kepez il\u00e7esindeki Kepez ve Santral Mahallesi\u2019nde 2016\u2019da yap\u0131m\u0131na ba\u015flanan ama aradan 8 y\u0131l ge\u00e7mesine ra\u011fmen evlerini teslim alamayan ma\u011fdurlar, Sur Yap\u0131 sat\u0131\u015f ofisi \u00f6n\u00fcnde topland\u0131. Burada a\u00e7\u0131klamalarda bulunan ma\u011fdurlar, \u201cBitmeyen dairelerin \u00f6n tesliminin yap\u0131ld\u0131\u011f\u0131n\u0131 ocak-\u015fubat ay\u0131 gibi t\u00fcm dairelerin teslim edilece\u011fini s\u00f6ylediler. K\u0131saca s\u00fcre\u00e7 b\u00f6yle devam edecek\u201d dedi\u00a0<\/p>\n<p>\u200bHaberin Al\u0131nt\u0131land\u0131\u011f\u0131 Kaynak: www.antalyakorfez.com<\/p>","protected":false},"excerpt":{"rendered":"<p>Antalya\u2019n\u0131n Kepez il\u00e7esine ba\u011fl\u0131 Santral ve Kepez Mahallesi\u2019nde 2016 y\u0131l\u0131nda ba\u015flanan ve 30 ay i\u00e7inde teslim edilece\u011fi s\u00f6ylenen kentsel d\u00f6n\u00fc\u015f projesi aradan 8 y\u0131l ge\u00e7mesine ra\u011fmen tamamlanamad\u0131. Evlerini teslim alamayan hak sahipleri ise sesleri duyurmak i\u00e7in zaman zaman yapt\u0131klar\u0131 eylemlerine devam ediyorlar.\u00a0 AVUKATLAR \u0130LE G\u00d6R\u00dc\u015eMELER BA\u015eLADI\u00a0 Son olarak Sur Yap\u0131 sat\u0131\u015f ofisi \u00f6n\u00fcnde toplanan grup \u201cSur Yap\u0131 Ma\u011fdurlar\u0131\u201d pankart\u0131n\u0131 a\u00e7arak seslerini duyurmaya \u00e7al\u0131\u015ft\u0131. Ma\u011fdurlar ad\u0131na a\u00e7\u0131klamada bulunan bir vatanda\u015f ise, \u201cSur yap\u0131 \u0130stanbul merkezden g\u00f6r\u00fc\u015fmek i\u00e7in gelen Hukuk departman\u0131ndan iki hukuk\u00e7u ile g\u00f6r\u00fc\u015fme yapt\u0131k. Sur yap\u0131 ma\u011fdurlar\u0131n\u0131 temsilen evlerini alamayan arkada\u015flardan ve her parselden bir temsilci olmak \u00fczere avukat\u0131m\u0131z ile birlikte g\u00f6r\u00fc\u015fmeye oturduk\u201d dedi.\u00a0 G\u00d6R\u00dc\u015eMEN\u0130N ANA KONULARI\u00a0 G\u00f6r\u00fc\u015fme konular\u0131n\u0131n ise 4 ayd\u0131r yatmayan kiralar ve kalan evlerin ne zaman teslim edece\u011fi oldu\u011funu belirten ma\u011fdurlar, \u201cG\u00f6r\u00fc\u015fme konular\u0131; 4 ayd\u0131r yatmayan kiralar, kalan evlerin ne zaman teslim edilece\u011fi, sat\u0131\u015f sonras\u0131 hizmetlerinin d\u00fczenlenmesi, muhataplar\u0131n insani ili\u015fkilerinin d\u00fczeltilmesi, site y\u00f6netimlerinin \u015feffaf davranmas\u0131, ayl\u0131k ve y\u0131ll\u0131k bilan\u00e7olar\u0131n oturanlara a\u00e7\u0131klanmas\u0131, uygun yerlerde ilan edilmesi, sosyal donat\u0131 alanlar\u0131n\u0131n yap\u0131lmas\u0131 ve benzeri konularda \u015fikayet\u00e7i oldu\u011funuz konular\u0131 aktard\u0131k. Dinlediler, ilgili birimlere ileteceklerini \u00e7\u00f6z\u00fcm i\u00e7in \u00e7al\u0131\u015fma yapacaklar\u0131n\u0131 ve diyalo\u011fun devam etmesini istediler\u201d a\u00e7\u0131klamas\u0131nda bulunuldu.\u00a0 BU S\u00dcRE\u00c7 B\u00d6YLE DEVAM EDECEK Ya\u015fan bu s\u00fcrecin bu \u015fekilde devam edece\u011fini a\u00e7\u0131klayan ma\u011fdurlar, \u201cBiz de &hellip;<\/p>","protected":false},"author":0,"featured_media":0,"comment_status":"open","ping_status":"open","sticky":false,"template":"","format":"standard","meta":{"_acf_changed":false,"footnotes":""},"categories":[24,535],"tags":[],"class_list":["post-18151","post","type-post","status-publish","format-standard","has-post-thumbnail","hentry","category-gundem","category-uncategorized-tr"],"acf":[],"yoast_head":"<!-- This site is optimized with the Yoast SEO Premium plugin v26.6 (Yoast SEO v27.1.1) - https:\/\/yoast.com\/product\/yoast-seo-premium-wordpress\/ -->\n<title>Sur Yap\u0131 ma\u011fdurlar\u0131n\u0131n sabr\u0131 kalmad\u0131 - Av. Deniz Can K\u0131z\u0131l<\/title>\n<meta name=\"robots\" content=\"index, follow, max-snippet:-1, max-image-preview:large, max-video-preview:-1\" \/>\n<link rel=\"canonical\" href=\"https:\/\/denizcankizil.tr\/en\/haberler\/gundem\/sur-yapi-magdurlarinin-sabri-kalmadi\/\" \/>\n<meta property=\"og:locale\" content=\"en_GB\" \/>\n<meta property=\"og:type\" content=\"article\" \/>\n<meta property=\"og:title\" content=\"Sur Yap\u0131 ma\u011fdurlar\u0131n\u0131n sabr\u0131 kalmad\u0131\" \/>\n<meta property=\"og:description\" content=\"Antalya\u2019n\u0131n Kepez il\u00e7esine ba\u011fl\u0131 Santral ve Kepez Mahallesi\u2019nde 2016 y\u0131l\u0131nda ba\u015flanan ve 30 ay i\u00e7inde teslim edilece\u011fi s\u00f6ylenen kentsel d\u00f6n\u00fc\u015f projesi aradan 8 y\u0131l ge\u00e7mesine ra\u011fmen tamamlanamad\u0131. Evlerini teslim alamayan hak sahipleri ise sesleri duyurmak i\u00e7in zaman zaman yapt\u0131klar\u0131 eylemlerine devam ediyorlar.\u00a0 AVUKATLAR \u0130LE G\u00d6R\u00dc\u015eMELER BA\u015eLADI\u00a0 Son olarak Sur Yap\u0131 sat\u0131\u015f ofisi \u00f6n\u00fcnde toplanan grup \u201cSur Yap\u0131 Ma\u011fdurlar\u0131\u201d pankart\u0131n\u0131 a\u00e7arak seslerini duyurmaya \u00e7al\u0131\u015ft\u0131. Ma\u011fdurlar ad\u0131na a\u00e7\u0131klamada bulunan bir vatanda\u015f ise, \u201cSur yap\u0131 \u0130stanbul merkezden g\u00f6r\u00fc\u015fmek i\u00e7in gelen Hukuk departman\u0131ndan iki hukuk\u00e7u ile g\u00f6r\u00fc\u015fme yapt\u0131k. Sur yap\u0131 ma\u011fdurlar\u0131n\u0131 temsilen evlerini alamayan arkada\u015flardan ve her parselden bir temsilci olmak \u00fczere avukat\u0131m\u0131z ile birlikte g\u00f6r\u00fc\u015fmeye oturduk\u201d dedi.\u00a0 G\u00d6R\u00dc\u015eMEN\u0130N ANA KONULARI\u00a0 G\u00f6r\u00fc\u015fme konular\u0131n\u0131n ise 4 ayd\u0131r yatmayan kiralar ve kalan evlerin ne zaman teslim edece\u011fi oldu\u011funu belirten ma\u011fdurlar, \u201cG\u00f6r\u00fc\u015fme konular\u0131; 4 ayd\u0131r yatmayan kiralar, kalan evlerin ne zaman teslim edilece\u011fi, sat\u0131\u015f sonras\u0131 hizmetlerinin d\u00fczenlenmesi, muhataplar\u0131n insani ili\u015fkilerinin d\u00fczeltilmesi, site y\u00f6netimlerinin \u015feffaf davranmas\u0131, ayl\u0131k ve y\u0131ll\u0131k bilan\u00e7olar\u0131n oturanlara a\u00e7\u0131klanmas\u0131, uygun yerlerde ilan edilmesi, sosyal donat\u0131 alanlar\u0131n\u0131n yap\u0131lmas\u0131 ve benzeri konularda \u015fikayet\u00e7i oldu\u011funuz konular\u0131 aktard\u0131k. Dinlediler, ilgili birimlere ileteceklerini \u00e7\u00f6z\u00fcm i\u00e7in \u00e7al\u0131\u015fma yapacaklar\u0131n\u0131 ve diyalo\u011fun devam etmesini istediler\u201d a\u00e7\u0131klamas\u0131nda bulunuldu.\u00a0 BU S\u00dcRE\u00c7 B\u00d6YLE DEVAM EDECEK Ya\u015fan bu s\u00fcrecin bu \u015fekilde devam edece\u011fini a\u00e7\u0131klayan ma\u011fdurlar, \u201cBiz de &hellip;\" \/>\n<meta property=\"og:url\" content=\"https:\/\/denizcankizil.tr\/en\/haberler\/gundem\/sur-yapi-magdurlarinin-sabri-kalmadi\/\" \/>\n<meta property=\"og:site_name\" content=\"Av. Deniz Can K\u0131z\u0131l\" \/>\n<meta property=\"article:published_time\" content=\"2024-11-28T14:41:56+00:00\" \/>\n<meta name=\"twitter:card\" content=\"summary_large_image\" \/>\n<meta name=\"twitter:label1\" content=\"Estimated reading time\" \/>\n\t<meta name=\"twitter:data1\" content=\"2 minutes\" \/>\n<script type=\"application\/ld+json\" class=\"yoast-schema-graph\">{\"@context\":\"https:\/\/schema.org\",\"@graph\":[{\"@type\":\"Article\",\"@id\":\"https:\/\/denizcankizil.tr\/en\/haberler\/gundem\/sur-yapi-magdurlarinin-sabri-kalmadi\/#article\",\"isPartOf\":{\"@id\":\"https:\/\/denizcankizil.tr\/en\/haberler\/gundem\/sur-yapi-magdurlarinin-sabri-kalmadi\/\"},\"author\":{\"name\":\"\",\"@id\":\"\"},\"headline\":\"Sur Yap\u0131 ma\u011fdurlar\u0131n\u0131n sabr\u0131 kalmad\u0131\",\"datePublished\":\"2024-11-28T14:41:56+00:00\",\"mainEntityOfPage\":{\"@id\":\"https:\/\/denizcankizil.tr\/en\/haberler\/gundem\/sur-yapi-magdurlarinin-sabri-kalmadi\/\"},\"wordCount\":415,\"commentCount\":0,\"publisher\":{\"@id\":\"https:\/\/denizcankizil.tr\/#organization\"},\"articleSection\":[\"G\u00fcndem\",\"Uncategorized\"],\"inLanguage\":\"en-GB\",\"potentialAction\":[{\"@type\":\"CommentAction\",\"name\":\"Comment\",\"target\":[\"https:\/\/denizcankizil.tr\/en\/haberler\/gundem\/sur-yapi-magdurlarinin-sabri-kalmadi\/#respond\"]}]},{\"@type\":\"WebPage\",\"@id\":\"https:\/\/denizcankizil.tr\/en\/haberler\/gundem\/sur-yapi-magdurlarinin-sabri-kalmadi\/\",\"url\":\"https:\/\/denizcankizil.tr\/en\/haberler\/gundem\/sur-yapi-magdurlarinin-sabri-kalmadi\/\",\"name\":\"Sur Yap\u0131 ma\u011fdurlar\u0131n\u0131n sabr\u0131 kalmad\u0131 - Av. Deniz Can K\u0131z\u0131l\",\"isPartOf\":{\"@id\":\"https:\/\/denizcankizil.tr\/#website\"},\"datePublished\":\"2024-11-28T14:41:56+00:00\",\"breadcrumb\":{\"@id\":\"https:\/\/denizcankizil.tr\/en\/haberler\/gundem\/sur-yapi-magdurlarinin-sabri-kalmadi\/#breadcrumb\"},\"inLanguage\":\"en-GB\",\"potentialAction\":[{\"@type\":\"ReadAction\",\"target\":[\"https:\/\/denizcankizil.tr\/en\/haberler\/gundem\/sur-yapi-magdurlarinin-sabri-kalmadi\/\"]}]},{\"@type\":\"BreadcrumbList\",\"@id\":\"https:\/\/denizcankizil.tr\/en\/haberler\/gundem\/sur-yapi-magdurlarinin-sabri-kalmadi\/#breadcrumb\",\"itemListElement\":[{\"@type\":\"ListItem\",\"position\":1,\"name\":\"Home\",\"item\":\"https:\/\/denizcankizil.tr\/de\/\"},{\"@type\":\"ListItem\",\"position\":2,\"name\":\"Sur Yap\u0131 ma\u011fdurlar\u0131n\u0131n sabr\u0131 kalmad\u0131\"}]},{\"@type\":\"WebSite\",\"@id\":\"https:\/\/denizcankizil.tr\/#website\",\"url\":\"https:\/\/denizcankizil.tr\/\",\"name\":\"Av. Deniz Can K\u0131z\u0131l\",\"description\":\"Avukat Deniz Can K\u0131z\u0131l Antalya Barosu\",\"publisher\":{\"@id\":\"https:\/\/denizcankizil.tr\/#organization\"},\"potentialAction\":[{\"@type\":\"SearchAction\",\"target\":{\"@type\":\"EntryPoint\",\"urlTemplate\":\"https:\/\/denizcankizil.tr\/?s={search_term_string}\"},\"query-input\":{\"@type\":\"PropertyValueSpecification\",\"valueRequired\":true,\"valueName\":\"search_term_string\"}}],\"inLanguage\":\"en-GB\"},{\"@type\":\"Organization\",\"@id\":\"https:\/\/denizcankizil.tr\/#organization\",\"name\":\"Av. Deniz Can K\u0131z\u0131l\",\"url\":\"https:\/\/denizcankizil.tr\/\",\"logo\":{\"@type\":\"ImageObject\",\"inLanguage\":\"en-GB\",\"@id\":\"https:\/\/denizcankizil.tr\/#\/schema\/logo\/image\/\",\"url\":\"https:\/\/denizcankizil.tr\/wp-content\/uploads\/2024\/10\/siyah-logo-svg.svg\",\"contentUrl\":\"https:\/\/denizcankizil.tr\/wp-content\/uploads\/2024\/10\/siyah-logo-svg.svg\",\"width\":1080,\"height\":1080,\"caption\":\"Av. Deniz Can K\u0131z\u0131l\"},\"image\":{\"@id\":\"https:\/\/denizcankizil.tr\/#\/schema\/logo\/image\/\"}}]}<\/script>\n<!-- \/ Yoast SEO Premium plugin. -->","yoast_head_json":{"title":"Sur Yap\u0131 ma\u011fdurlar\u0131n\u0131n sabr\u0131 kalmad\u0131 - Av. Deniz Can K\u0131z\u0131l","robots":{"index":"index","follow":"follow","max-snippet":"max-snippet:-1","max-image-preview":"max-image-preview:large","max-video-preview":"max-video-preview:-1"},"canonical":"https:\/\/denizcankizil.tr\/en\/haberler\/gundem\/sur-yapi-magdurlarinin-sabri-kalmadi\/","og_locale":"en_GB","og_type":"article","og_title":"Sur Yap\u0131 ma\u011fdurlar\u0131n\u0131n sabr\u0131 kalmad\u0131","og_description":"Antalya\u2019n\u0131n Kepez il\u00e7esine ba\u011fl\u0131 Santral ve Kepez Mahallesi\u2019nde 2016 y\u0131l\u0131nda ba\u015flanan ve 30 ay i\u00e7inde teslim edilece\u011fi s\u00f6ylenen kentsel d\u00f6n\u00fc\u015f projesi aradan 8 y\u0131l ge\u00e7mesine ra\u011fmen tamamlanamad\u0131. Evlerini teslim alamayan hak sahipleri ise sesleri duyurmak i\u00e7in zaman zaman yapt\u0131klar\u0131 eylemlerine devam ediyorlar.\u00a0 AVUKATLAR \u0130LE G\u00d6R\u00dc\u015eMELER BA\u015eLADI\u00a0 Son olarak Sur Yap\u0131 sat\u0131\u015f ofisi \u00f6n\u00fcnde toplanan grup \u201cSur Yap\u0131 Ma\u011fdurlar\u0131\u201d pankart\u0131n\u0131 a\u00e7arak seslerini duyurmaya \u00e7al\u0131\u015ft\u0131. Ma\u011fdurlar ad\u0131na a\u00e7\u0131klamada bulunan bir vatanda\u015f ise, \u201cSur yap\u0131 \u0130stanbul merkezden g\u00f6r\u00fc\u015fmek i\u00e7in gelen Hukuk departman\u0131ndan iki hukuk\u00e7u ile g\u00f6r\u00fc\u015fme yapt\u0131k. Sur yap\u0131 ma\u011fdurlar\u0131n\u0131 temsilen evlerini alamayan arkada\u015flardan ve her parselden bir temsilci olmak \u00fczere avukat\u0131m\u0131z ile birlikte g\u00f6r\u00fc\u015fmeye oturduk\u201d dedi.\u00a0 G\u00d6R\u00dc\u015eMEN\u0130N ANA KONULARI\u00a0 G\u00f6r\u00fc\u015fme konular\u0131n\u0131n ise 4 ayd\u0131r yatmayan kiralar ve kalan evlerin ne zaman teslim edece\u011fi oldu\u011funu belirten ma\u011fdurlar, \u201cG\u00f6r\u00fc\u015fme konular\u0131; 4 ayd\u0131r yatmayan kiralar, kalan evlerin ne zaman teslim edilece\u011fi, sat\u0131\u015f sonras\u0131 hizmetlerinin d\u00fczenlenmesi, muhataplar\u0131n insani ili\u015fkilerinin d\u00fczeltilmesi, site y\u00f6netimlerinin \u015feffaf davranmas\u0131, ayl\u0131k ve y\u0131ll\u0131k bilan\u00e7olar\u0131n oturanlara a\u00e7\u0131klanmas\u0131, uygun yerlerde ilan edilmesi, sosyal donat\u0131 alanlar\u0131n\u0131n yap\u0131lmas\u0131 ve benzeri konularda \u015fikayet\u00e7i oldu\u011funuz konular\u0131 aktard\u0131k. Dinlediler, ilgili birimlere ileteceklerini \u00e7\u00f6z\u00fcm i\u00e7in \u00e7al\u0131\u015fma yapacaklar\u0131n\u0131 ve diyalo\u011fun devam etmesini istediler\u201d a\u00e7\u0131klamas\u0131nda bulunuldu.\u00a0 BU S\u00dcRE\u00c7 B\u00d6YLE DEVAM EDECEK Ya\u015fan bu s\u00fcrecin bu \u015fekilde devam edece\u011fini a\u00e7\u0131klayan ma\u011fdurlar, \u201cBiz de &hellip;","og_url":"https:\/\/denizcankizil.tr\/en\/haberler\/gundem\/sur-yapi-magdurlarinin-sabri-kalmadi\/","og_site_name":"Av. Deniz Can K\u0131z\u0131l","article_published_time":"2024-11-28T14:41:56+00:00","twitter_card":"summary_large_image","twitter_misc":{"Estimated reading time":"2 minutes"},"schema":{"@context":"https:\/\/schema.org","@graph":[{"@type":"Article","@id":"https:\/\/denizcankizil.tr\/en\/haberler\/gundem\/sur-yapi-magdurlarinin-sabri-kalmadi\/#article","isPartOf":{"@id":"https:\/\/denizcankizil.tr\/en\/haberler\/gundem\/sur-yapi-magdurlarinin-sabri-kalmadi\/"},"author":{"name":"","@id":""},"headline":"Sur Yap\u0131 ma\u011fdurlar\u0131n\u0131n sabr\u0131 kalmad\u0131","datePublished":"2024-11-28T14:41:56+00:00","mainEntityOfPage":{"@id":"https:\/\/denizcankizil.tr\/en\/haberler\/gundem\/sur-yapi-magdurlarinin-sabri-kalmadi\/"},"wordCount":415,"commentCount":0,"publisher":{"@id":"https:\/\/denizcankizil.tr\/#organization"},"articleSection":["G\u00fcndem","Uncategorized"],"inLanguage":"en-GB","potentialAction":[{"@type":"CommentAction","name":"Comment","target":["https:\/\/denizcankizil.tr\/en\/haberler\/gundem\/sur-yapi-magdurlarinin-sabri-kalmadi\/#respond"]}]},{"@type":"WebPage","@id":"https:\/\/denizcankizil.tr\/en\/haberler\/gundem\/sur-yapi-magdurlarinin-sabri-kalmadi\/","url":"https:\/\/denizcankizil.tr\/en\/haberler\/gundem\/sur-yapi-magdurlarinin-sabri-kalmadi\/","name":"Sur Yap\u0131 ma\u011fdurlar\u0131n\u0131n sabr\u0131 kalmad\u0131 - Av. Deniz Can K\u0131z\u0131l","isPartOf":{"@id":"https:\/\/denizcankizil.tr\/#website"},"datePublished":"2024-11-28T14:41:56+00:00","breadcrumb":{"@id":"https:\/\/denizcankizil.tr\/en\/haberler\/gundem\/sur-yapi-magdurlarinin-sabri-kalmadi\/#breadcrumb"},"inLanguage":"en-GB","potentialAction":[{"@type":"ReadAction","target":["https:\/\/denizcankizil.tr\/en\/haberler\/gundem\/sur-yapi-magdurlarinin-sabri-kalmadi\/"]}]},{"@type":"BreadcrumbList","@id":"https:\/\/denizcankizil.tr\/en\/haberler\/gundem\/sur-yapi-magdurlarinin-sabri-kalmadi\/#breadcrumb","itemListElement":[{"@type":"ListItem","position":1,"name":"Home","item":"https:\/\/denizcankizil.tr\/de\/"},{"@type":"ListItem","position":2,"name":"Sur Yap\u0131 ma\u011fdurlar\u0131n\u0131n sabr\u0131 kalmad\u0131"}]},{"@type":"WebSite","@id":"https:\/\/denizcankizil.tr\/#website","url":"https:\/\/denizcankizil.tr\/","name":"Av. Deniz Can K\u0131z\u0131l","description":"Avukat Deniz Can K\u0131z\u0131l Antalya Barosu","publisher":{"@id":"https:\/\/denizcankizil.tr\/#organization"},"potentialAction":[{"@type":"SearchAction","target":{"@type":"EntryPoint","urlTemplate":"https:\/\/denizcankizil.tr\/?s={search_term_string}"},"query-input":{"@type":"PropertyValueSpecification","valueRequired":true,"valueName":"search_term_string"}}],"inLanguage":"en-GB"},{"@type":"Organization","@id":"https:\/\/denizcankizil.tr\/#organization","name":"Av. Deniz Can K\u0131z\u0131l","url":"https:\/\/denizcankizil.tr\/","logo":{"@type":"ImageObject","inLanguage":"en-GB","@id":"https:\/\/denizcankizil.tr\/#\/schema\/logo\/image\/","url":"https:\/\/denizcankizil.tr\/wp-content\/uploads\/2024\/10\/siyah-logo-svg.svg","contentUrl":"https:\/\/denizcankizil.tr\/wp-content\/uploads\/2024\/10\/siyah-logo-svg.svg","width":1080,"height":1080,"caption":"Av. Deniz Can K\u0131z\u0131l"},"image":{"@id":"https:\/\/denizcankizil.tr\/#\/schema\/logo\/image\/"}}]}},"_links":{"self":[{"href":"https:\/\/denizcankizil.tr\/en\/wp-json\/wp\/v2\/posts\/18151","targetHints":{"allow":["GET"]}}],"collection":[{"href":"https:\/\/denizcankizil.tr\/en\/wp-json\/wp\/v2\/posts"}],"about":[{"href":"https:\/\/denizcankizil.tr\/en\/wp-json\/wp\/v2\/types\/post"}],"replies":[{"embeddable":true,"href":"https:\/\/denizcankizil.tr\/en\/wp-json\/wp\/v2\/comments?post=18151"}],"version-history":[{"count":0,"href":"https:\/\/denizcankizil.tr\/en\/wp-json\/wp\/v2\/posts\/18151\/revisions"}],"wp:attachment":[{"href":"https:\/\/denizcankizil.tr\/en\/wp-json\/wp\/v2\/media?parent=18151"}],"wp:term":[{"taxonomy":"category","embeddable":true,"href":"https:\/\/denizcankizil.tr\/en\/wp-json\/wp\/v2\/categories?post=18151"},{"taxonomy":"post_tag","embeddable":true,"href":"https:\/\/denizcankizil.tr\/en\/wp-json\/wp\/v2\/tags?post=18151"}],"curies":[{"name":"wp","href":"https:\/\/api.w.org\/{rel}","templated":true}]}}