{"id":17982,"date":"2024-11-27T17:41:50","date_gmt":"2024-11-27T14:41:50","guid":{"rendered":"https:\/\/denizcankizil.tr\/uncategorized-tr\/bursada-son-4-gunde-50-yazar-inegollulerle-bulusacak\/"},"modified":"2024-11-27T17:41:50","modified_gmt":"2024-11-27T14:41:50","slug":"bursada-son-4-gunde-50-yazar-inegollulerle-bulusacak","status":"publish","type":"post","link":"https:\/\/denizcankizil.tr\/en\/haberler\/gundem\/bursada-son-4-gunde-50-yazar-inegollulerle-bulusacak\/","title":{"rendered":"Bursa&#8217;da son 4 g\u00fcnde 50 yazar \u0130neg\u00f6ll\u00fclerle bulu\u015facak"},"content":{"rendered":"<p>Bursa&#8217;da \u0130neg\u00f6l Belediyesi\u2019nin bu y\u0131l 8\u2019incisini d\u00fczenledi\u011fi Kitap G\u00fcnleri Fuar\u0131 her g\u00fcn binlerce ziyaret\u00e7iyi a\u011f\u0131rlamaya devam ediyor. Ayn\u0131 zamanda her g\u00fcn farkl\u0131 yazarlar da fuar kapsam\u0131nda kitapseverlerle bir araya geliyor. 1 Aral\u0131k Pazar g\u00fcn\u00fc sona erecek fuar\u0131n son 4 g\u00fcn\u00fcnde 50 yazar imza ve s\u00f6yle\u015filerde sevenleriyle bulu\u015facak.BURSA (\u0130GFA) &#8211;\u00a0\u0130neg\u00f6l Belediyesi\u2019nin bu y\u0131l 8\u2019incisini d\u00fczenledi\u011fi Kitap G\u00fcnleri Fuar\u0131 t\u00fcm co\u015fkusuyla devam ediyor. 7\u2019den 77\u2019ye her ya\u015ftan kitapseverin ak\u0131n etti\u011fi fuar her g\u00fcn binlerce ziyaret\u00e7iyi a\u011f\u0131rl\u0131yor. Hafta i\u00e7i 09.00-19.00 saatleri aras\u0131nda a\u00e7\u0131k olan fuar Cumartesi ve Pazar g\u00fcnleri ise 10.00-20.00 aras\u0131nda ziyarete a\u00e7\u0131k olacak. Organizasyon kapsam\u0131nda farkl\u0131 yazarlar da sevenleriyle bulu\u015fmaya devam ediyor. S\u00f6yle\u015fi ve imza g\u00fcnlerinde \u0130neg\u00f6ll\u00fcler sevdikleri yazarlarla bir araya gelme imkan\u0131 buluyor.<br \/>\nSON 4 G\u00dcN 50 G\u00dc\u00c7L\u00dc KALEM SEVENLER\u0130YLE BULU\u015eACAK<br \/>\n9 g\u00fcnl\u00fck fuar s\u00fcresince toplam 105 yazar\u0131n misafir edildi\u011fi \u0130neg\u00f6l Kitap G\u00fcnleri, son 4 g\u00fcn olduk\u00e7a hareketli ge\u00e7ecek. \u00d6zellikle Cumartesi ve Pazar g\u00fcnleri birbirinden de\u011ferli yazarlar\u0131n kat\u0131laca\u011f\u0131 \u0130neg\u00f6l Belediyesi Kitap Fuar\u0131, son 4 g\u00fcn aralar\u0131nda yerel yazarlar\u0131n da bulundu\u011fu 50 g\u00fc\u00e7l\u00fc kaleme ev sahipli\u011fi yapacak.<br \/>\n\u0130neg\u00f6l Belediyesi 8. Kitap G\u00fcnleri Fuar\u0131nda; Per\u015fembe, Cuma, Cumartesi ve Pazar g\u00fcn\u00fc imza g\u00fcn\u00fc ve s\u00f6yle\u015fi i\u00e7in bulunacak yazarlar \u015f\u00f6yle:<br \/>\n28 Kas\u0131m Per\u015fembe; P\u0131nar Ya\u015far, Gizem \u015eerifo\u011fullar\u0131, Orhan \u00d6zer, Tuncel Alt\u0131nk\u00f6pr\u00fc, Mustafa Tenker.<br \/>\n29 Kas\u0131m Cuma; Ercan Bayrak\u00e7\u0131, Sinan K\u0131l\u0131\u00e7, Berre Nur Yavuz, Ahmet \u00dcnver, Selimcan Erba\u015f, H\u00fcseyin Baykan, Bestami Yazgan, Said \u015ea\u015fmaz.<br \/>\n30 Kas\u0131m Cumartesi; L\u00fctfi \u015eim\u015fek, Prof. Dr. Mustafa \u00c7etinaslan, Serdar Sevin\u00e7, Serta\u00e7 Abi, Bayram Meral, Ramazan Yetgin, Fulya \u00d6zt\u00fcrk, \u00d6znur Karata\u015f \u015ean, Enise \u015eenol, Sibel Ayd\u0131n, Mehmet Y\u0131lmaz, Meryem Kula Piri\u00e7dane, M\u00fcnteha \u00c7eb, Hasan Erdem, Abdullah Kara, Hilal Kara, Deniz Ergen Alter, Handenur Kutulan, Zeynep \u00dcnzile Avc\u0131, Sevda T\u00fcrk\u00fcsev.<br \/>\n01 Aral\u0131k Pazar; Dr. Filiz Orhan, Sabit Uzunel, Atilla G\u00fcney, Beren Kaya, Altay Cem MER\u0130\u00c7, Saniye Bencik Kangal, Nurullah Gen\u00e7, Dilek Cesur, Z\u00fcmr\u00fct Tanr\u0131\u00f6ver, Elif Ketenci, Meltem Korkmaz Pekdemir, Sinem \u00d6zt\u00fcrk, Halid Emre Aslan, \u0130pek Sar\u0131ca \u00c7i\u011fdemci, \u015eule Gizem B\u00fcy\u00fckboy, Semih Diri, Yusuf Samet \u00c7ak\u0131r, \u00d6zg\u00fcl Bing\u00fcl Ayhan, Cihat D\u00fcndar, H\u00fcseyin Durgut.<\/p>\n<p>\u200bBursa&#8217;da \u0130neg\u00f6l Belediyesi\u2019nin bu y\u0131l 8\u2019incisini d\u00fczenledi\u011fi Kitap G\u00fcnleri Fuar\u0131 her g\u00fcn binlerce ziyaret\u00e7iyi a\u011f\u0131rlamaya devam ediyor  Ayn\u0131 zamanda her g\u00fcn farkl\u0131 yazarlar da fuar kapsam\u0131nda kitapseverlerle bir araya geliyor  1 Aral\u0131k Pazar g\u00fcn\u00fc sona erecek fuar\u0131n son 4 g\u00fcn\u00fcnde 50 yazar imza ve s\u00f6yle\u015filerde sevenleriyle bulu\u015facak\u00a0<\/p>\n<p>\u200bHaberin Al\u0131nt\u0131land\u0131\u011f\u0131 Kaynak: www.iskenderun.org<\/p>","protected":false},"excerpt":{"rendered":"<p>Bursa&#8217;da \u0130neg\u00f6l Belediyesi\u2019nin bu y\u0131l 8\u2019incisini d\u00fczenledi\u011fi Kitap G\u00fcnleri Fuar\u0131 her g\u00fcn binlerce ziyaret\u00e7iyi a\u011f\u0131rlamaya devam ediyor. Ayn\u0131 zamanda her g\u00fcn farkl\u0131 yazarlar da fuar kapsam\u0131nda kitapseverlerle bir araya geliyor. 1 Aral\u0131k Pazar g\u00fcn\u00fc sona erecek fuar\u0131n son 4 g\u00fcn\u00fcnde 50 yazar imza ve s\u00f6yle\u015filerde sevenleriyle bulu\u015facak.BURSA (\u0130GFA) &#8211;\u00a0\u0130neg\u00f6l Belediyesi\u2019nin bu y\u0131l 8\u2019incisini d\u00fczenledi\u011fi Kitap G\u00fcnleri Fuar\u0131 t\u00fcm co\u015fkusuyla devam ediyor. 7\u2019den 77\u2019ye her ya\u015ftan kitapseverin ak\u0131n etti\u011fi fuar her g\u00fcn binlerce ziyaret\u00e7iyi a\u011f\u0131rl\u0131yor. Hafta i\u00e7i 09.00-19.00 saatleri aras\u0131nda a\u00e7\u0131k olan fuar Cumartesi ve Pazar g\u00fcnleri ise 10.00-20.00 aras\u0131nda ziyarete a\u00e7\u0131k olacak. Organizasyon kapsam\u0131nda farkl\u0131 yazarlar da sevenleriyle bulu\u015fmaya devam ediyor. S\u00f6yle\u015fi ve imza g\u00fcnlerinde \u0130neg\u00f6ll\u00fcler sevdikleri yazarlarla bir araya gelme imkan\u0131 buluyor. SON 4 G\u00dcN 50 G\u00dc\u00c7L\u00dc KALEM SEVENLER\u0130YLE BULU\u015eACAK 9 g\u00fcnl\u00fck fuar s\u00fcresince toplam 105 yazar\u0131n misafir edildi\u011fi \u0130neg\u00f6l Kitap G\u00fcnleri, son 4 g\u00fcn olduk\u00e7a hareketli ge\u00e7ecek. \u00d6zellikle Cumartesi ve Pazar g\u00fcnleri birbirinden de\u011ferli yazarlar\u0131n kat\u0131laca\u011f\u0131 \u0130neg\u00f6l Belediyesi Kitap Fuar\u0131, son 4 g\u00fcn aralar\u0131nda yerel yazarlar\u0131n da bulundu\u011fu 50 g\u00fc\u00e7l\u00fc kaleme ev sahipli\u011fi yapacak. \u0130neg\u00f6l Belediyesi 8. Kitap G\u00fcnleri Fuar\u0131nda; Per\u015fembe, Cuma, Cumartesi ve Pazar g\u00fcn\u00fc imza g\u00fcn\u00fc ve s\u00f6yle\u015fi i\u00e7in bulunacak yazarlar \u015f\u00f6yle: 28 Kas\u0131m Per\u015fembe; P\u0131nar Ya\u015far, Gizem \u015eerifo\u011fullar\u0131, Orhan \u00d6zer, Tuncel Alt\u0131nk\u00f6pr\u00fc, Mustafa Tenker. 29 &hellip;<\/p>","protected":false},"author":0,"featured_media":0,"comment_status":"open","ping_status":"open","sticky":false,"template":"","format":"standard","meta":{"_acf_changed":false,"footnotes":""},"categories":[24,535],"tags":[],"class_list":["post-17982","post","type-post","status-publish","format-standard","has-post-thumbnail","hentry","category-gundem","category-uncategorized-tr"],"acf":[],"yoast_head":"<!-- This site is optimized with the Yoast SEO Premium plugin v26.6 (Yoast SEO v27.1.1) - https:\/\/yoast.com\/product\/yoast-seo-premium-wordpress\/ -->\n<title>Bursa&#039;da son 4 g\u00fcnde 50 yazar \u0130neg\u00f6ll\u00fclerle bulu\u015facak - Av. Deniz Can K\u0131z\u0131l<\/title>\n<meta name=\"robots\" content=\"index, follow, max-snippet:-1, max-image-preview:large, max-video-preview:-1\" \/>\n<link rel=\"canonical\" href=\"https:\/\/denizcankizil.tr\/en\/haberler\/gundem\/bursada-son-4-gunde-50-yazar-inegollulerle-bulusacak\/\" \/>\n<meta property=\"og:locale\" content=\"en_GB\" \/>\n<meta property=\"og:type\" content=\"article\" \/>\n<meta property=\"og:title\" content=\"Bursa&#039;da son 4 g\u00fcnde 50 yazar \u0130neg\u00f6ll\u00fclerle bulu\u015facak\" \/>\n<meta property=\"og:description\" content=\"Bursa&#8217;da \u0130neg\u00f6l Belediyesi\u2019nin bu y\u0131l 8\u2019incisini d\u00fczenledi\u011fi Kitap G\u00fcnleri Fuar\u0131 her g\u00fcn binlerce ziyaret\u00e7iyi a\u011f\u0131rlamaya devam ediyor. Ayn\u0131 zamanda her g\u00fcn farkl\u0131 yazarlar da fuar kapsam\u0131nda kitapseverlerle bir araya geliyor. 1 Aral\u0131k Pazar g\u00fcn\u00fc sona erecek fuar\u0131n son 4 g\u00fcn\u00fcnde 50 yazar imza ve s\u00f6yle\u015filerde sevenleriyle bulu\u015facak.BURSA (\u0130GFA) &#8211;\u00a0\u0130neg\u00f6l Belediyesi\u2019nin bu y\u0131l 8\u2019incisini d\u00fczenledi\u011fi Kitap G\u00fcnleri Fuar\u0131 t\u00fcm co\u015fkusuyla devam ediyor. 7\u2019den 77\u2019ye her ya\u015ftan kitapseverin ak\u0131n etti\u011fi fuar her g\u00fcn binlerce ziyaret\u00e7iyi a\u011f\u0131rl\u0131yor. Hafta i\u00e7i 09.00-19.00 saatleri aras\u0131nda a\u00e7\u0131k olan fuar Cumartesi ve Pazar g\u00fcnleri ise 10.00-20.00 aras\u0131nda ziyarete a\u00e7\u0131k olacak. Organizasyon kapsam\u0131nda farkl\u0131 yazarlar da sevenleriyle bulu\u015fmaya devam ediyor. S\u00f6yle\u015fi ve imza g\u00fcnlerinde \u0130neg\u00f6ll\u00fcler sevdikleri yazarlarla bir araya gelme imkan\u0131 buluyor. SON 4 G\u00dcN 50 G\u00dc\u00c7L\u00dc KALEM SEVENLER\u0130YLE BULU\u015eACAK 9 g\u00fcnl\u00fck fuar s\u00fcresince toplam 105 yazar\u0131n misafir edildi\u011fi \u0130neg\u00f6l Kitap G\u00fcnleri, son 4 g\u00fcn olduk\u00e7a hareketli ge\u00e7ecek. \u00d6zellikle Cumartesi ve Pazar g\u00fcnleri birbirinden de\u011ferli yazarlar\u0131n kat\u0131laca\u011f\u0131 \u0130neg\u00f6l Belediyesi Kitap Fuar\u0131, son 4 g\u00fcn aralar\u0131nda yerel yazarlar\u0131n da bulundu\u011fu 50 g\u00fc\u00e7l\u00fc kaleme ev sahipli\u011fi yapacak. \u0130neg\u00f6l Belediyesi 8. Kitap G\u00fcnleri Fuar\u0131nda; Per\u015fembe, Cuma, Cumartesi ve Pazar g\u00fcn\u00fc imza g\u00fcn\u00fc ve s\u00f6yle\u015fi i\u00e7in bulunacak yazarlar \u015f\u00f6yle: 28 Kas\u0131m Per\u015fembe; P\u0131nar Ya\u015far, Gizem \u015eerifo\u011fullar\u0131, Orhan \u00d6zer, Tuncel Alt\u0131nk\u00f6pr\u00fc, Mustafa Tenker. 29 &hellip;\" \/>\n<meta property=\"og:url\" content=\"https:\/\/denizcankizil.tr\/en\/haberler\/gundem\/bursada-son-4-gunde-50-yazar-inegollulerle-bulusacak\/\" \/>\n<meta property=\"og:site_name\" content=\"Av. Deniz Can K\u0131z\u0131l\" \/>\n<meta property=\"article:published_time\" content=\"2024-11-27T14:41:50+00:00\" \/>\n<meta name=\"twitter:card\" content=\"summary_large_image\" \/>\n<meta name=\"twitter:label1\" content=\"Estimated reading time\" \/>\n\t<meta name=\"twitter:data1\" content=\"2 minutes\" \/>\n<script type=\"application\/ld+json\" class=\"yoast-schema-graph\">{\"@context\":\"https:\/\/schema.org\",\"@graph\":[{\"@type\":\"Article\",\"@id\":\"https:\/\/denizcankizil.tr\/en\/haberler\/gundem\/bursada-son-4-gunde-50-yazar-inegollulerle-bulusacak\/#article\",\"isPartOf\":{\"@id\":\"https:\/\/denizcankizil.tr\/en\/haberler\/gundem\/bursada-son-4-gunde-50-yazar-inegollulerle-bulusacak\/\"},\"author\":{\"name\":\"\",\"@id\":\"\"},\"headline\":\"Bursa&#8217;da son 4 g\u00fcnde 50 yazar \u0130neg\u00f6ll\u00fclerle bulu\u015facak\",\"datePublished\":\"2024-11-27T14:41:50+00:00\",\"mainEntityOfPage\":{\"@id\":\"https:\/\/denizcankizil.tr\/en\/haberler\/gundem\/bursada-son-4-gunde-50-yazar-inegollulerle-bulusacak\/\"},\"wordCount\":508,\"commentCount\":0,\"publisher\":{\"@id\":\"https:\/\/denizcankizil.tr\/de\/#organization\"},\"articleSection\":[\"G\u00fcndem\",\"Uncategorized\"],\"inLanguage\":\"en-GB\",\"potentialAction\":[{\"@type\":\"CommentAction\",\"name\":\"Comment\",\"target\":[\"https:\/\/denizcankizil.tr\/en\/haberler\/gundem\/bursada-son-4-gunde-50-yazar-inegollulerle-bulusacak\/#respond\"]}]},{\"@type\":\"WebPage\",\"@id\":\"https:\/\/denizcankizil.tr\/en\/haberler\/gundem\/bursada-son-4-gunde-50-yazar-inegollulerle-bulusacak\/\",\"url\":\"https:\/\/denizcankizil.tr\/en\/haberler\/gundem\/bursada-son-4-gunde-50-yazar-inegollulerle-bulusacak\/\",\"name\":\"Bursa'da son 4 g\u00fcnde 50 yazar \u0130neg\u00f6ll\u00fclerle bulu\u015facak - Av. Deniz Can K\u0131z\u0131l\",\"isPartOf\":{\"@id\":\"https:\/\/denizcankizil.tr\/de\/#website\"},\"datePublished\":\"2024-11-27T14:41:50+00:00\",\"breadcrumb\":{\"@id\":\"https:\/\/denizcankizil.tr\/en\/haberler\/gundem\/bursada-son-4-gunde-50-yazar-inegollulerle-bulusacak\/#breadcrumb\"},\"inLanguage\":\"en-GB\",\"potentialAction\":[{\"@type\":\"ReadAction\",\"target\":[\"https:\/\/denizcankizil.tr\/en\/haberler\/gundem\/bursada-son-4-gunde-50-yazar-inegollulerle-bulusacak\/\"]}]},{\"@type\":\"BreadcrumbList\",\"@id\":\"https:\/\/denizcankizil.tr\/en\/haberler\/gundem\/bursada-son-4-gunde-50-yazar-inegollulerle-bulusacak\/#breadcrumb\",\"itemListElement\":[{\"@type\":\"ListItem\",\"position\":1,\"name\":\"Home\",\"item\":\"https:\/\/denizcankizil.tr\/de\/\"},{\"@type\":\"ListItem\",\"position\":2,\"name\":\"Bursa&#8217;da son 4 g\u00fcnde 50 yazar \u0130neg\u00f6ll\u00fclerle bulu\u015facak\"}]},{\"@type\":\"WebSite\",\"@id\":\"https:\/\/denizcankizil.tr\/de\/#website\",\"url\":\"https:\/\/denizcankizil.tr\/de\/\",\"name\":\"Av. Deniz Can K\u0131z\u0131l\",\"description\":\"Avukat Deniz Can K\u0131z\u0131l Antalya Barosu\",\"publisher\":{\"@id\":\"https:\/\/denizcankizil.tr\/de\/#organization\"},\"potentialAction\":[{\"@type\":\"SearchAction\",\"target\":{\"@type\":\"EntryPoint\",\"urlTemplate\":\"https:\/\/denizcankizil.tr\/de\/?s={search_term_string}\"},\"query-input\":{\"@type\":\"PropertyValueSpecification\",\"valueRequired\":true,\"valueName\":\"search_term_string\"}}],\"inLanguage\":\"en-GB\"},{\"@type\":\"Organization\",\"@id\":\"https:\/\/denizcankizil.tr\/de\/#organization\",\"name\":\"Av. Deniz Can K\u0131z\u0131l\",\"url\":\"https:\/\/denizcankizil.tr\/de\/\",\"logo\":{\"@type\":\"ImageObject\",\"inLanguage\":\"en-GB\",\"@id\":\"https:\/\/denizcankizil.tr\/de\/#\/schema\/logo\/image\/\",\"url\":\"https:\/\/denizcankizil.tr\/wp-content\/uploads\/2024\/10\/siyah-logo-svg.svg\",\"contentUrl\":\"https:\/\/denizcankizil.tr\/wp-content\/uploads\/2024\/10\/siyah-logo-svg.svg\",\"width\":1080,\"height\":1080,\"caption\":\"Av. Deniz Can K\u0131z\u0131l\"},\"image\":{\"@id\":\"https:\/\/denizcankizil.tr\/de\/#\/schema\/logo\/image\/\"}}]}<\/script>\n<!-- \/ Yoast SEO Premium plugin. -->","yoast_head_json":{"title":"Bursa'da son 4 g\u00fcnde 50 yazar \u0130neg\u00f6ll\u00fclerle bulu\u015facak - Av. Deniz Can K\u0131z\u0131l","robots":{"index":"index","follow":"follow","max-snippet":"max-snippet:-1","max-image-preview":"max-image-preview:large","max-video-preview":"max-video-preview:-1"},"canonical":"https:\/\/denizcankizil.tr\/en\/haberler\/gundem\/bursada-son-4-gunde-50-yazar-inegollulerle-bulusacak\/","og_locale":"en_GB","og_type":"article","og_title":"Bursa'da son 4 g\u00fcnde 50 yazar \u0130neg\u00f6ll\u00fclerle bulu\u015facak","og_description":"Bursa&#8217;da \u0130neg\u00f6l Belediyesi\u2019nin bu y\u0131l 8\u2019incisini d\u00fczenledi\u011fi Kitap G\u00fcnleri Fuar\u0131 her g\u00fcn binlerce ziyaret\u00e7iyi a\u011f\u0131rlamaya devam ediyor. Ayn\u0131 zamanda her g\u00fcn farkl\u0131 yazarlar da fuar kapsam\u0131nda kitapseverlerle bir araya geliyor. 1 Aral\u0131k Pazar g\u00fcn\u00fc sona erecek fuar\u0131n son 4 g\u00fcn\u00fcnde 50 yazar imza ve s\u00f6yle\u015filerde sevenleriyle bulu\u015facak.BURSA (\u0130GFA) &#8211;\u00a0\u0130neg\u00f6l Belediyesi\u2019nin bu y\u0131l 8\u2019incisini d\u00fczenledi\u011fi Kitap G\u00fcnleri Fuar\u0131 t\u00fcm co\u015fkusuyla devam ediyor. 7\u2019den 77\u2019ye her ya\u015ftan kitapseverin ak\u0131n etti\u011fi fuar her g\u00fcn binlerce ziyaret\u00e7iyi a\u011f\u0131rl\u0131yor. Hafta i\u00e7i 09.00-19.00 saatleri aras\u0131nda a\u00e7\u0131k olan fuar Cumartesi ve Pazar g\u00fcnleri ise 10.00-20.00 aras\u0131nda ziyarete a\u00e7\u0131k olacak. Organizasyon kapsam\u0131nda farkl\u0131 yazarlar da sevenleriyle bulu\u015fmaya devam ediyor. S\u00f6yle\u015fi ve imza g\u00fcnlerinde \u0130neg\u00f6ll\u00fcler sevdikleri yazarlarla bir araya gelme imkan\u0131 buluyor. SON 4 G\u00dcN 50 G\u00dc\u00c7L\u00dc KALEM SEVENLER\u0130YLE BULU\u015eACAK 9 g\u00fcnl\u00fck fuar s\u00fcresince toplam 105 yazar\u0131n misafir edildi\u011fi \u0130neg\u00f6l Kitap G\u00fcnleri, son 4 g\u00fcn olduk\u00e7a hareketli ge\u00e7ecek. \u00d6zellikle Cumartesi ve Pazar g\u00fcnleri birbirinden de\u011ferli yazarlar\u0131n kat\u0131laca\u011f\u0131 \u0130neg\u00f6l Belediyesi Kitap Fuar\u0131, son 4 g\u00fcn aralar\u0131nda yerel yazarlar\u0131n da bulundu\u011fu 50 g\u00fc\u00e7l\u00fc kaleme ev sahipli\u011fi yapacak. \u0130neg\u00f6l Belediyesi 8. Kitap G\u00fcnleri Fuar\u0131nda; Per\u015fembe, Cuma, Cumartesi ve Pazar g\u00fcn\u00fc imza g\u00fcn\u00fc ve s\u00f6yle\u015fi i\u00e7in bulunacak yazarlar \u015f\u00f6yle: 28 Kas\u0131m Per\u015fembe; P\u0131nar Ya\u015far, Gizem \u015eerifo\u011fullar\u0131, Orhan \u00d6zer, Tuncel Alt\u0131nk\u00f6pr\u00fc, Mustafa Tenker. 29 &hellip;","og_url":"https:\/\/denizcankizil.tr\/en\/haberler\/gundem\/bursada-son-4-gunde-50-yazar-inegollulerle-bulusacak\/","og_site_name":"Av. Deniz Can K\u0131z\u0131l","article_published_time":"2024-11-27T14:41:50+00:00","twitter_card":"summary_large_image","twitter_misc":{"Estimated reading time":"2 minutes"},"schema":{"@context":"https:\/\/schema.org","@graph":[{"@type":"Article","@id":"https:\/\/denizcankizil.tr\/en\/haberler\/gundem\/bursada-son-4-gunde-50-yazar-inegollulerle-bulusacak\/#article","isPartOf":{"@id":"https:\/\/denizcankizil.tr\/en\/haberler\/gundem\/bursada-son-4-gunde-50-yazar-inegollulerle-bulusacak\/"},"author":{"name":"","@id":""},"headline":"Bursa&#8217;da son 4 g\u00fcnde 50 yazar \u0130neg\u00f6ll\u00fclerle bulu\u015facak","datePublished":"2024-11-27T14:41:50+00:00","mainEntityOfPage":{"@id":"https:\/\/denizcankizil.tr\/en\/haberler\/gundem\/bursada-son-4-gunde-50-yazar-inegollulerle-bulusacak\/"},"wordCount":508,"commentCount":0,"publisher":{"@id":"https:\/\/denizcankizil.tr\/de\/#organization"},"articleSection":["G\u00fcndem","Uncategorized"],"inLanguage":"en-GB","potentialAction":[{"@type":"CommentAction","name":"Comment","target":["https:\/\/denizcankizil.tr\/en\/haberler\/gundem\/bursada-son-4-gunde-50-yazar-inegollulerle-bulusacak\/#respond"]}]},{"@type":"WebPage","@id":"https:\/\/denizcankizil.tr\/en\/haberler\/gundem\/bursada-son-4-gunde-50-yazar-inegollulerle-bulusacak\/","url":"https:\/\/denizcankizil.tr\/en\/haberler\/gundem\/bursada-son-4-gunde-50-yazar-inegollulerle-bulusacak\/","name":"Bursa'da son 4 g\u00fcnde 50 yazar \u0130neg\u00f6ll\u00fclerle bulu\u015facak - Av. Deniz Can K\u0131z\u0131l","isPartOf":{"@id":"https:\/\/denizcankizil.tr\/de\/#website"},"datePublished":"2024-11-27T14:41:50+00:00","breadcrumb":{"@id":"https:\/\/denizcankizil.tr\/en\/haberler\/gundem\/bursada-son-4-gunde-50-yazar-inegollulerle-bulusacak\/#breadcrumb"},"inLanguage":"en-GB","potentialAction":[{"@type":"ReadAction","target":["https:\/\/denizcankizil.tr\/en\/haberler\/gundem\/bursada-son-4-gunde-50-yazar-inegollulerle-bulusacak\/"]}]},{"@type":"BreadcrumbList","@id":"https:\/\/denizcankizil.tr\/en\/haberler\/gundem\/bursada-son-4-gunde-50-yazar-inegollulerle-bulusacak\/#breadcrumb","itemListElement":[{"@type":"ListItem","position":1,"name":"Home","item":"https:\/\/denizcankizil.tr\/de\/"},{"@type":"ListItem","position":2,"name":"Bursa&#8217;da son 4 g\u00fcnde 50 yazar \u0130neg\u00f6ll\u00fclerle bulu\u015facak"}]},{"@type":"WebSite","@id":"https:\/\/denizcankizil.tr\/de\/#website","url":"https:\/\/denizcankizil.tr\/de\/","name":"Av. Deniz Can K\u0131z\u0131l","description":"Avukat Deniz Can K\u0131z\u0131l Antalya Barosu","publisher":{"@id":"https:\/\/denizcankizil.tr\/de\/#organization"},"potentialAction":[{"@type":"SearchAction","target":{"@type":"EntryPoint","urlTemplate":"https:\/\/denizcankizil.tr\/de\/?s={search_term_string}"},"query-input":{"@type":"PropertyValueSpecification","valueRequired":true,"valueName":"search_term_string"}}],"inLanguage":"en-GB"},{"@type":"Organization","@id":"https:\/\/denizcankizil.tr\/de\/#organization","name":"Av. Deniz Can K\u0131z\u0131l","url":"https:\/\/denizcankizil.tr\/de\/","logo":{"@type":"ImageObject","inLanguage":"en-GB","@id":"https:\/\/denizcankizil.tr\/de\/#\/schema\/logo\/image\/","url":"https:\/\/denizcankizil.tr\/wp-content\/uploads\/2024\/10\/siyah-logo-svg.svg","contentUrl":"https:\/\/denizcankizil.tr\/wp-content\/uploads\/2024\/10\/siyah-logo-svg.svg","width":1080,"height":1080,"caption":"Av. Deniz Can K\u0131z\u0131l"},"image":{"@id":"https:\/\/denizcankizil.tr\/de\/#\/schema\/logo\/image\/"}}]}},"_links":{"self":[{"href":"https:\/\/denizcankizil.tr\/en\/wp-json\/wp\/v2\/posts\/17982","targetHints":{"allow":["GET"]}}],"collection":[{"href":"https:\/\/denizcankizil.tr\/en\/wp-json\/wp\/v2\/posts"}],"about":[{"href":"https:\/\/denizcankizil.tr\/en\/wp-json\/wp\/v2\/types\/post"}],"replies":[{"embeddable":true,"href":"https:\/\/denizcankizil.tr\/en\/wp-json\/wp\/v2\/comments?post=17982"}],"version-history":[{"count":0,"href":"https:\/\/denizcankizil.tr\/en\/wp-json\/wp\/v2\/posts\/17982\/revisions"}],"wp:attachment":[{"href":"https:\/\/denizcankizil.tr\/en\/wp-json\/wp\/v2\/media?parent=17982"}],"wp:term":[{"taxonomy":"category","embeddable":true,"href":"https:\/\/denizcankizil.tr\/en\/wp-json\/wp\/v2\/categories?post=17982"},{"taxonomy":"post_tag","embeddable":true,"href":"https:\/\/denizcankizil.tr\/en\/wp-json\/wp\/v2\/tags?post=17982"}],"curies":[{"name":"wp","href":"https:\/\/api.w.org\/{rel}","templated":true}]}}