{"id":1783,"date":"2024-08-07T08:08:00","date_gmt":"2024-08-07T08:08:00","guid":{"rendered":"https:\/\/denizcankizil.tr\/uncategorized\/can-atalaydan-meclise-basvuru-ozluk-haklarimi-iade-edin\/"},"modified":"2024-08-07T08:08:00","modified_gmt":"2024-08-07T08:08:00","slug":"can-atalaydan-meclise-basvuru-ozluk-haklarimi-iade-edin","status":"publish","type":"post","link":"https:\/\/denizcankizil.tr\/en\/hukukihaber\/can-atalaydan-meclise-basvuru-ozluk-haklarimi-iade-edin\/","title":{"rendered":"Can Atalay\u2019dan Meclis\u2019e ba\u015fvuru: &#8216;\u00d6zl\u00fck haklar\u0131m\u0131 iade edin&#8217;"},"content":{"rendered":"<p>Atalay, Marmara (Silivri) Cezaevi\u2019nden TBMM Ba\u015fkan\u0131 Numan Kurtulmu\u015f\u2019a faksla g\u00f6nderdi\u011fi dilek\u00e7ede, AYM\u2019nin Resmi Gazete\u2019de yay\u0131mlanan gerek\u00e7eli karar\u0131n\u0131 an\u0131msatt\u0131.<\/p>\n<p>\u2018YOK H\u00dcKM\u00dcNDE\u2019<\/p>\n<p>Vekilli\u011finin d\u00fc\u015f\u00fcr\u00fclmeye \u00e7al\u0131\u015f\u0131lmas\u0131n\u0131n \u201cyok h\u00fckm\u00fcnde oldu\u011funu\u201d belirten Atalay, dilek\u00e7esinde, \u201cAYM\u2019nin s\u00f6z\u00fc edilen son karar\u0131nda, hakk\u0131mda \u2018Kesinle\u015fmi\u015f bir mahkumiyet karar\u0131n\u0131n varl\u0131\u011f\u0131n\u0131 s\u00fcrd\u00fcrd\u00fc\u011f\u00fcn\u00fcn kabul\u00fc de m\u00fcmk\u00fcn de\u011fildir\u2019 saptamas\u0131n\u0131 \u00f6nemle dikkatinize sunmak isterim. TBMM\u2019nin itibar\u0131n\u0131n ve hukukunun daha fazla zarar g\u00f6rmemesi i\u00e7in gerekli t\u00fcm tedbirlerin al\u0131nmas\u0131n\u0131, Anayasa Mahkemesi\u2019nin a\u00e7\u0131k kararlar\u0131 do\u011frultusunda \u00f6ncelikle \u00f6zl\u00fck haklar\u0131m\u0131n iadesi ve tesisi i\u00e7in gerekli t\u00fcm i\u015flemlerin ger\u00e7ekle\u015ftirilmesini Anayasa\u2019n\u0131n 2, 138, 153, 158\u2019inci maddeleri uyar\u0131nca talep ederim\u201d talebinde bulundu.\u00a0<\/p>\n<p>&gt;&gt;\u00a0Milletvekilli\u011finin D\u00fc\u015f\u00fcr\u00fclmesine \u0130li\u015fkin \u0130\u015flemin \u0130ptali Talebi Hakk\u0131nda Karar Verilmesine Yer Olmad\u0131\u011f\u0131<\/p>\n<p>\u200bGezi davas\u0131ndan tutuklu iken T\u00fcrkiye \u0130\u015f\u00e7i Partisi\u2019nden (T\u0130P) Hatay Milletvekili se\u00e7ilen avukat Can Atalay, Anayasa Mahkemesi\u2019nin (AYM) karar\u0131 \u00fczerine \u00f6zl\u00fck haklar\u0131n\u0131n iade edilmesi talebiyle Meclis Ba\u015fkanl\u0131\u011f\u0131\u2019na ba\u015fvurdu.\u00a0Hukuki Haber<\/p>","protected":false},"excerpt":{"rendered":"<p>Atalay, Marmara (Silivri) Cezaevi\u2019nden TBMM Ba\u015fkan\u0131 Numan Kurtulmu\u015f\u2019a faksla g\u00f6nderdi\u011fi dilek\u00e7ede, AYM\u2019nin Resmi Gazete\u2019de yay\u0131mlanan gerek\u00e7eli karar\u0131n\u0131 an\u0131msatt\u0131. \u2018YOK H\u00dcKM\u00dcNDE\u2019 Vekilli\u011finin d\u00fc\u015f\u00fcr\u00fclmeye \u00e7al\u0131\u015f\u0131lmas\u0131n\u0131n \u201cyok h\u00fckm\u00fcnde oldu\u011funu\u201d belirten Atalay, dilek\u00e7esinde, \u201cAYM\u2019nin s\u00f6z\u00fc edilen son karar\u0131nda, hakk\u0131mda \u2018Kesinle\u015fmi\u015f bir mahkumiyet karar\u0131n\u0131n varl\u0131\u011f\u0131n\u0131 s\u00fcrd\u00fcrd\u00fc\u011f\u00fcn\u00fcn kabul\u00fc de m\u00fcmk\u00fcn de\u011fildir\u2019 saptamas\u0131n\u0131 \u00f6nemle dikkatinize sunmak isterim. TBMM\u2019nin itibar\u0131n\u0131n ve hukukunun daha fazla zarar g\u00f6rmemesi i\u00e7in gerekli t\u00fcm tedbirlerin al\u0131nmas\u0131n\u0131, Anayasa Mahkemesi\u2019nin a\u00e7\u0131k kararlar\u0131 do\u011frultusunda \u00f6ncelikle \u00f6zl\u00fck haklar\u0131m\u0131n iadesi ve tesisi i\u00e7in gerekli t\u00fcm i\u015flemlerin ger\u00e7ekle\u015ftirilmesini Anayasa\u2019n\u0131n 2, 138, 153, 158\u2019inci maddeleri uyar\u0131nca talep ederim\u201d talebinde bulundu.\u00a0 &gt;&gt;\u00a0Milletvekilli\u011finin D\u00fc\u015f\u00fcr\u00fclmesine \u0130li\u015fkin \u0130\u015flemin \u0130ptali Talebi Hakk\u0131nda Karar Verilmesine Yer Olmad\u0131\u011f\u0131 \u200bGezi davas\u0131ndan tutuklu iken T\u00fcrkiye \u0130\u015f\u00e7i Partisi\u2019nden (T\u0130P) Hatay Milletvekili se\u00e7ilen avukat Can Atalay, Anayasa Mahkemesi\u2019nin (AYM) karar\u0131 \u00fczerine \u00f6zl\u00fck haklar\u0131n\u0131n iade edilmesi talebiyle Meclis Ba\u015fkanl\u0131\u011f\u0131\u2019na ba\u015fvurdu.\u00a0Hukuki Haber<\/p>","protected":false},"author":3,"featured_media":0,"comment_status":"open","ping_status":"open","sticky":false,"template":"","format":"standard","meta":{"_acf_changed":false,"footnotes":""},"categories":[27],"tags":[],"class_list":["post-1783","post","type-post","status-publish","format-standard","has-post-thumbnail","hentry","category-hukukihaber"],"acf":[],"yoast_head":"<!-- This site is optimized with the Yoast SEO Premium plugin v26.6 (Yoast SEO v27.1.1) - https:\/\/yoast.com\/product\/yoast-seo-premium-wordpress\/ -->\n<title>Can Atalay\u2019dan Meclis\u2019e ba\u015fvuru: &#039;\u00d6zl\u00fck haklar\u0131m\u0131 iade edin&#039; - Av. Deniz Can K\u0131z\u0131l<\/title>\n<meta name=\"robots\" content=\"index, follow, max-snippet:-1, max-image-preview:large, max-video-preview:-1\" \/>\n<link rel=\"canonical\" href=\"https:\/\/denizcankizil.tr\/en\/hukukihaber\/can-atalaydan-meclise-basvuru-ozluk-haklarimi-iade-edin\/\" \/>\n<meta property=\"og:locale\" content=\"en_GB\" \/>\n<meta property=\"og:type\" content=\"article\" \/>\n<meta property=\"og:title\" content=\"Can Atalay\u2019dan Meclis\u2019e ba\u015fvuru: &#039;\u00d6zl\u00fck haklar\u0131m\u0131 iade edin&#039;\" \/>\n<meta property=\"og:description\" content=\"Atalay, Marmara (Silivri) Cezaevi\u2019nden TBMM Ba\u015fkan\u0131 Numan Kurtulmu\u015f\u2019a faksla g\u00f6nderdi\u011fi dilek\u00e7ede, AYM\u2019nin Resmi Gazete\u2019de yay\u0131mlanan gerek\u00e7eli karar\u0131n\u0131 an\u0131msatt\u0131. \u2018YOK H\u00dcKM\u00dcNDE\u2019 Vekilli\u011finin d\u00fc\u015f\u00fcr\u00fclmeye \u00e7al\u0131\u015f\u0131lmas\u0131n\u0131n \u201cyok h\u00fckm\u00fcnde oldu\u011funu\u201d belirten Atalay, dilek\u00e7esinde, \u201cAYM\u2019nin s\u00f6z\u00fc edilen son karar\u0131nda, hakk\u0131mda \u2018Kesinle\u015fmi\u015f bir mahkumiyet karar\u0131n\u0131n varl\u0131\u011f\u0131n\u0131 s\u00fcrd\u00fcrd\u00fc\u011f\u00fcn\u00fcn kabul\u00fc de m\u00fcmk\u00fcn de\u011fildir\u2019 saptamas\u0131n\u0131 \u00f6nemle dikkatinize sunmak isterim. TBMM\u2019nin itibar\u0131n\u0131n ve hukukunun daha fazla zarar g\u00f6rmemesi i\u00e7in gerekli t\u00fcm tedbirlerin al\u0131nmas\u0131n\u0131, Anayasa Mahkemesi\u2019nin a\u00e7\u0131k kararlar\u0131 do\u011frultusunda \u00f6ncelikle \u00f6zl\u00fck haklar\u0131m\u0131n iadesi ve tesisi i\u00e7in gerekli t\u00fcm i\u015flemlerin ger\u00e7ekle\u015ftirilmesini Anayasa\u2019n\u0131n 2, 138, 153, 158\u2019inci maddeleri uyar\u0131nca talep ederim\u201d talebinde bulundu.\u00a0 &gt;&gt;\u00a0Milletvekilli\u011finin D\u00fc\u015f\u00fcr\u00fclmesine \u0130li\u015fkin \u0130\u015flemin \u0130ptali Talebi Hakk\u0131nda Karar Verilmesine Yer Olmad\u0131\u011f\u0131 \u200bGezi davas\u0131ndan tutuklu iken T\u00fcrkiye \u0130\u015f\u00e7i Partisi\u2019nden (T\u0130P) Hatay Milletvekili se\u00e7ilen avukat Can Atalay, Anayasa Mahkemesi\u2019nin (AYM) karar\u0131 \u00fczerine \u00f6zl\u00fck haklar\u0131n\u0131n iade edilmesi talebiyle Meclis Ba\u015fkanl\u0131\u011f\u0131\u2019na ba\u015fvurdu.\u00a0Hukuki Haber\" \/>\n<meta property=\"og:url\" content=\"https:\/\/denizcankizil.tr\/en\/hukukihaber\/can-atalaydan-meclise-basvuru-ozluk-haklarimi-iade-edin\/\" \/>\n<meta property=\"og:site_name\" content=\"Av. Deniz Can K\u0131z\u0131l\" \/>\n<meta property=\"article:published_time\" content=\"2024-08-07T08:08:00+00:00\" \/>\n<meta name=\"author\" content=\"Hukuki Haber.net\" \/>\n<meta name=\"twitter:card\" content=\"summary_large_image\" \/>\n<meta name=\"twitter:label1\" content=\"Written by\" \/>\n\t<meta name=\"twitter:data1\" content=\"Hukuki Haber.net\" \/>\n\t<meta name=\"twitter:label2\" content=\"Estimated reading time\" \/>\n\t<meta name=\"twitter:data2\" content=\"1 minute\" \/>\n<script type=\"application\/ld+json\" class=\"yoast-schema-graph\">{\"@context\":\"https:\/\/schema.org\",\"@graph\":[{\"@type\":\"Article\",\"@id\":\"https:\/\/denizcankizil.tr\/ru\/hukukihaber\/can-atalaydan-meclise-basvuru-ozluk-haklarimi-iade-edin\/#article\",\"isPartOf\":{\"@id\":\"https:\/\/denizcankizil.tr\/ru\/hukukihaber\/can-atalaydan-meclise-basvuru-ozluk-haklarimi-iade-edin\/\"},\"author\":{\"name\":\"Hukuki Haber.net\",\"@id\":\"https:\/\/denizcankizil.tr\/de\/#\/schema\/person\/001a271de994a0aa3f90eea084424822\"},\"headline\":\"Can Atalay\u2019dan Meclis\u2019e ba\u015fvuru: &#8216;\u00d6zl\u00fck haklar\u0131m\u0131 iade edin&#8217;\",\"datePublished\":\"2024-08-07T08:08:00+00:00\",\"mainEntityOfPage\":{\"@id\":\"https:\/\/denizcankizil.tr\/ru\/hukukihaber\/can-atalaydan-meclise-basvuru-ozluk-haklarimi-iade-edin\/\"},\"wordCount\":221,\"commentCount\":0,\"publisher\":{\"@id\":\"https:\/\/denizcankizil.tr\/de\/#organization\"},\"articleSection\":[\"Hukuki Haberler\"],\"inLanguage\":\"en-GB\",\"potentialAction\":[{\"@type\":\"CommentAction\",\"name\":\"Comment\",\"target\":[\"https:\/\/denizcankizil.tr\/ru\/hukukihaber\/can-atalaydan-meclise-basvuru-ozluk-haklarimi-iade-edin\/#respond\"]}]},{\"@type\":\"WebPage\",\"@id\":\"https:\/\/denizcankizil.tr\/ru\/hukukihaber\/can-atalaydan-meclise-basvuru-ozluk-haklarimi-iade-edin\/\",\"url\":\"https:\/\/denizcankizil.tr\/ru\/hukukihaber\/can-atalaydan-meclise-basvuru-ozluk-haklarimi-iade-edin\/\",\"name\":\"Can Atalay\u2019dan Meclis\u2019e ba\u015fvuru: '\u00d6zl\u00fck haklar\u0131m\u0131 iade edin' - Av. Deniz Can K\u0131z\u0131l\",\"isPartOf\":{\"@id\":\"https:\/\/denizcankizil.tr\/de\/#website\"},\"datePublished\":\"2024-08-07T08:08:00+00:00\",\"breadcrumb\":{\"@id\":\"https:\/\/denizcankizil.tr\/ru\/hukukihaber\/can-atalaydan-meclise-basvuru-ozluk-haklarimi-iade-edin\/#breadcrumb\"},\"inLanguage\":\"en-GB\",\"potentialAction\":[{\"@type\":\"ReadAction\",\"target\":[\"https:\/\/denizcankizil.tr\/ru\/hukukihaber\/can-atalaydan-meclise-basvuru-ozluk-haklarimi-iade-edin\/\"]}]},{\"@type\":\"BreadcrumbList\",\"@id\":\"https:\/\/denizcankizil.tr\/ru\/hukukihaber\/can-atalaydan-meclise-basvuru-ozluk-haklarimi-iade-edin\/#breadcrumb\",\"itemListElement\":[{\"@type\":\"ListItem\",\"position\":1,\"name\":\"Home\",\"item\":\"https:\/\/denizcankizil.tr\/de\/\"},{\"@type\":\"ListItem\",\"position\":2,\"name\":\"Can Atalay\u2019dan Meclis\u2019e ba\u015fvuru: &#8216;\u00d6zl\u00fck haklar\u0131m\u0131 iade edin&#8217;\"}]},{\"@type\":\"WebSite\",\"@id\":\"https:\/\/denizcankizil.tr\/de\/#website\",\"url\":\"https:\/\/denizcankizil.tr\/de\/\",\"name\":\"Av. Deniz Can K\u0131z\u0131l\",\"description\":\"Avukat Deniz Can K\u0131z\u0131l Antalya Barosu\",\"publisher\":{\"@id\":\"https:\/\/denizcankizil.tr\/de\/#organization\"},\"potentialAction\":[{\"@type\":\"SearchAction\",\"target\":{\"@type\":\"EntryPoint\",\"urlTemplate\":\"https:\/\/denizcankizil.tr\/de\/?s={search_term_string}\"},\"query-input\":{\"@type\":\"PropertyValueSpecification\",\"valueRequired\":true,\"valueName\":\"search_term_string\"}}],\"inLanguage\":\"en-GB\"},{\"@type\":\"Organization\",\"@id\":\"https:\/\/denizcankizil.tr\/de\/#organization\",\"name\":\"Av. Deniz Can K\u0131z\u0131l\",\"url\":\"https:\/\/denizcankizil.tr\/de\/\",\"logo\":{\"@type\":\"ImageObject\",\"inLanguage\":\"en-GB\",\"@id\":\"https:\/\/denizcankizil.tr\/de\/#\/schema\/logo\/image\/\",\"url\":\"https:\/\/denizcankizil.tr\/wp-content\/uploads\/2024\/10\/siyah-logo-svg.svg\",\"contentUrl\":\"https:\/\/denizcankizil.tr\/wp-content\/uploads\/2024\/10\/siyah-logo-svg.svg\",\"width\":1080,\"height\":1080,\"caption\":\"Av. Deniz Can K\u0131z\u0131l\"},\"image\":{\"@id\":\"https:\/\/denizcankizil.tr\/de\/#\/schema\/logo\/image\/\"}},{\"@type\":\"Person\",\"@id\":\"https:\/\/denizcankizil.tr\/de\/#\/schema\/person\/001a271de994a0aa3f90eea084424822\",\"name\":\"Hukuki Haber.net\",\"image\":{\"@type\":\"ImageObject\",\"inLanguage\":\"en-GB\",\"@id\":\"https:\/\/denizcankizil.tr\/de\/#\/schema\/person\/image\/\",\"url\":\"https:\/\/secure.gravatar.com\/avatar\/57d8a49151495586611a149d29fc42865b951dc053a84709a3172ccb5abf3118?s=96&d=mm&r=g\",\"contentUrl\":\"https:\/\/secure.gravatar.com\/avatar\/57d8a49151495586611a149d29fc42865b951dc053a84709a3172ccb5abf3118?s=96&d=mm&r=g\",\"caption\":\"Hukuki Haber.net\"},\"sameAs\":[\"http:\/\/www.hukukihaber.net\"],\"url\":\"https:\/\/www.hukukihaber.net\/can-atalaydan-meclise-basvuru-ozluk-haklarimi-iade-edin\"}]}<\/script>\n<!-- \/ Yoast SEO Premium plugin. -->","yoast_head_json":{"title":"Can Atalay\u2019dan Meclis\u2019e ba\u015fvuru: '\u00d6zl\u00fck haklar\u0131m\u0131 iade edin' - Av. Deniz Can K\u0131z\u0131l","robots":{"index":"index","follow":"follow","max-snippet":"max-snippet:-1","max-image-preview":"max-image-preview:large","max-video-preview":"max-video-preview:-1"},"canonical":"https:\/\/denizcankizil.tr\/en\/hukukihaber\/can-atalaydan-meclise-basvuru-ozluk-haklarimi-iade-edin\/","og_locale":"en_GB","og_type":"article","og_title":"Can Atalay\u2019dan Meclis\u2019e ba\u015fvuru: '\u00d6zl\u00fck haklar\u0131m\u0131 iade edin'","og_description":"Atalay, Marmara (Silivri) Cezaevi\u2019nden TBMM Ba\u015fkan\u0131 Numan Kurtulmu\u015f\u2019a faksla g\u00f6nderdi\u011fi dilek\u00e7ede, AYM\u2019nin Resmi Gazete\u2019de yay\u0131mlanan gerek\u00e7eli karar\u0131n\u0131 an\u0131msatt\u0131. \u2018YOK H\u00dcKM\u00dcNDE\u2019 Vekilli\u011finin d\u00fc\u015f\u00fcr\u00fclmeye \u00e7al\u0131\u015f\u0131lmas\u0131n\u0131n \u201cyok h\u00fckm\u00fcnde oldu\u011funu\u201d belirten Atalay, dilek\u00e7esinde, \u201cAYM\u2019nin s\u00f6z\u00fc edilen son karar\u0131nda, hakk\u0131mda \u2018Kesinle\u015fmi\u015f bir mahkumiyet karar\u0131n\u0131n varl\u0131\u011f\u0131n\u0131 s\u00fcrd\u00fcrd\u00fc\u011f\u00fcn\u00fcn kabul\u00fc de m\u00fcmk\u00fcn de\u011fildir\u2019 saptamas\u0131n\u0131 \u00f6nemle dikkatinize sunmak isterim. TBMM\u2019nin itibar\u0131n\u0131n ve hukukunun daha fazla zarar g\u00f6rmemesi i\u00e7in gerekli t\u00fcm tedbirlerin al\u0131nmas\u0131n\u0131, Anayasa Mahkemesi\u2019nin a\u00e7\u0131k kararlar\u0131 do\u011frultusunda \u00f6ncelikle \u00f6zl\u00fck haklar\u0131m\u0131n iadesi ve tesisi i\u00e7in gerekli t\u00fcm i\u015flemlerin ger\u00e7ekle\u015ftirilmesini Anayasa\u2019n\u0131n 2, 138, 153, 158\u2019inci maddeleri uyar\u0131nca talep ederim\u201d talebinde bulundu.\u00a0 &gt;&gt;\u00a0Milletvekilli\u011finin D\u00fc\u015f\u00fcr\u00fclmesine \u0130li\u015fkin \u0130\u015flemin \u0130ptali Talebi Hakk\u0131nda Karar Verilmesine Yer Olmad\u0131\u011f\u0131 \u200bGezi davas\u0131ndan tutuklu iken T\u00fcrkiye \u0130\u015f\u00e7i Partisi\u2019nden (T\u0130P) Hatay Milletvekili se\u00e7ilen avukat Can Atalay, Anayasa Mahkemesi\u2019nin (AYM) karar\u0131 \u00fczerine \u00f6zl\u00fck haklar\u0131n\u0131n iade edilmesi talebiyle Meclis Ba\u015fkanl\u0131\u011f\u0131\u2019na ba\u015fvurdu.\u00a0Hukuki Haber","og_url":"https:\/\/denizcankizil.tr\/en\/hukukihaber\/can-atalaydan-meclise-basvuru-ozluk-haklarimi-iade-edin\/","og_site_name":"Av. Deniz Can K\u0131z\u0131l","article_published_time":"2024-08-07T08:08:00+00:00","author":"Hukuki Haber.net","twitter_card":"summary_large_image","twitter_misc":{"Written by":"Hukuki Haber.net","Estimated reading time":"1 minute"},"schema":{"@context":"https:\/\/schema.org","@graph":[{"@type":"Article","@id":"https:\/\/denizcankizil.tr\/ru\/hukukihaber\/can-atalaydan-meclise-basvuru-ozluk-haklarimi-iade-edin\/#article","isPartOf":{"@id":"https:\/\/denizcankizil.tr\/ru\/hukukihaber\/can-atalaydan-meclise-basvuru-ozluk-haklarimi-iade-edin\/"},"author":{"name":"Hukuki Haber.net","@id":"https:\/\/denizcankizil.tr\/de\/#\/schema\/person\/001a271de994a0aa3f90eea084424822"},"headline":"Can Atalay\u2019dan Meclis\u2019e ba\u015fvuru: &#8216;\u00d6zl\u00fck haklar\u0131m\u0131 iade edin&#8217;","datePublished":"2024-08-07T08:08:00+00:00","mainEntityOfPage":{"@id":"https:\/\/denizcankizil.tr\/ru\/hukukihaber\/can-atalaydan-meclise-basvuru-ozluk-haklarimi-iade-edin\/"},"wordCount":221,"commentCount":0,"publisher":{"@id":"https:\/\/denizcankizil.tr\/de\/#organization"},"articleSection":["Hukuki Haberler"],"inLanguage":"en-GB","potentialAction":[{"@type":"CommentAction","name":"Comment","target":["https:\/\/denizcankizil.tr\/ru\/hukukihaber\/can-atalaydan-meclise-basvuru-ozluk-haklarimi-iade-edin\/#respond"]}]},{"@type":"WebPage","@id":"https:\/\/denizcankizil.tr\/ru\/hukukihaber\/can-atalaydan-meclise-basvuru-ozluk-haklarimi-iade-edin\/","url":"https:\/\/denizcankizil.tr\/ru\/hukukihaber\/can-atalaydan-meclise-basvuru-ozluk-haklarimi-iade-edin\/","name":"Can Atalay\u2019dan Meclis\u2019e ba\u015fvuru: '\u00d6zl\u00fck haklar\u0131m\u0131 iade edin' - Av. Deniz Can K\u0131z\u0131l","isPartOf":{"@id":"https:\/\/denizcankizil.tr\/de\/#website"},"datePublished":"2024-08-07T08:08:00+00:00","breadcrumb":{"@id":"https:\/\/denizcankizil.tr\/ru\/hukukihaber\/can-atalaydan-meclise-basvuru-ozluk-haklarimi-iade-edin\/#breadcrumb"},"inLanguage":"en-GB","potentialAction":[{"@type":"ReadAction","target":["https:\/\/denizcankizil.tr\/ru\/hukukihaber\/can-atalaydan-meclise-basvuru-ozluk-haklarimi-iade-edin\/"]}]},{"@type":"BreadcrumbList","@id":"https:\/\/denizcankizil.tr\/ru\/hukukihaber\/can-atalaydan-meclise-basvuru-ozluk-haklarimi-iade-edin\/#breadcrumb","itemListElement":[{"@type":"ListItem","position":1,"name":"Home","item":"https:\/\/denizcankizil.tr\/de\/"},{"@type":"ListItem","position":2,"name":"Can Atalay\u2019dan Meclis\u2019e ba\u015fvuru: &#8216;\u00d6zl\u00fck haklar\u0131m\u0131 iade edin&#8217;"}]},{"@type":"WebSite","@id":"https:\/\/denizcankizil.tr\/de\/#website","url":"https:\/\/denizcankizil.tr\/de\/","name":"Av. Deniz Can K\u0131z\u0131l","description":"Avukat Deniz Can K\u0131z\u0131l Antalya Barosu","publisher":{"@id":"https:\/\/denizcankizil.tr\/de\/#organization"},"potentialAction":[{"@type":"SearchAction","target":{"@type":"EntryPoint","urlTemplate":"https:\/\/denizcankizil.tr\/de\/?s={search_term_string}"},"query-input":{"@type":"PropertyValueSpecification","valueRequired":true,"valueName":"search_term_string"}}],"inLanguage":"en-GB"},{"@type":"Organization","@id":"https:\/\/denizcankizil.tr\/de\/#organization","name":"Av. Deniz Can K\u0131z\u0131l","url":"https:\/\/denizcankizil.tr\/de\/","logo":{"@type":"ImageObject","inLanguage":"en-GB","@id":"https:\/\/denizcankizil.tr\/de\/#\/schema\/logo\/image\/","url":"https:\/\/denizcankizil.tr\/wp-content\/uploads\/2024\/10\/siyah-logo-svg.svg","contentUrl":"https:\/\/denizcankizil.tr\/wp-content\/uploads\/2024\/10\/siyah-logo-svg.svg","width":1080,"height":1080,"caption":"Av. Deniz Can K\u0131z\u0131l"},"image":{"@id":"https:\/\/denizcankizil.tr\/de\/#\/schema\/logo\/image\/"}},{"@type":"Person","@id":"https:\/\/denizcankizil.tr\/de\/#\/schema\/person\/001a271de994a0aa3f90eea084424822","name":"Hukuki Haber.net","image":{"@type":"ImageObject","inLanguage":"en-GB","@id":"https:\/\/denizcankizil.tr\/de\/#\/schema\/person\/image\/","url":"https:\/\/secure.gravatar.com\/avatar\/57d8a49151495586611a149d29fc42865b951dc053a84709a3172ccb5abf3118?s=96&d=mm&r=g","contentUrl":"https:\/\/secure.gravatar.com\/avatar\/57d8a49151495586611a149d29fc42865b951dc053a84709a3172ccb5abf3118?s=96&d=mm&r=g","caption":"Hukuki Haber.net"},"sameAs":["http:\/\/www.hukukihaber.net"],"url":"https:\/\/www.hukukihaber.net\/can-atalaydan-meclise-basvuru-ozluk-haklarimi-iade-edin"}]}},"_links":{"self":[{"href":"https:\/\/denizcankizil.tr\/en\/wp-json\/wp\/v2\/posts\/1783","targetHints":{"allow":["GET"]}}],"collection":[{"href":"https:\/\/denizcankizil.tr\/en\/wp-json\/wp\/v2\/posts"}],"about":[{"href":"https:\/\/denizcankizil.tr\/en\/wp-json\/wp\/v2\/types\/post"}],"author":[{"embeddable":true,"href":"https:\/\/denizcankizil.tr\/en\/wp-json\/wp\/v2\/users\/3"}],"replies":[{"embeddable":true,"href":"https:\/\/denizcankizil.tr\/en\/wp-json\/wp\/v2\/comments?post=1783"}],"version-history":[{"count":0,"href":"https:\/\/denizcankizil.tr\/en\/wp-json\/wp\/v2\/posts\/1783\/revisions"}],"wp:attachment":[{"href":"https:\/\/denizcankizil.tr\/en\/wp-json\/wp\/v2\/media?parent=1783"}],"wp:term":[{"taxonomy":"category","embeddable":true,"href":"https:\/\/denizcankizil.tr\/en\/wp-json\/wp\/v2\/categories?post=1783"},{"taxonomy":"post_tag","embeddable":true,"href":"https:\/\/denizcankizil.tr\/en\/wp-json\/wp\/v2\/tags?post=1783"}],"curies":[{"name":"wp","href":"https:\/\/api.w.org\/{rel}","templated":true}]}}