{"id":1782,"date":"2024-08-19T12:28:00","date_gmt":"2024-08-19T12:28:00","guid":{"rendered":"https:\/\/denizcankizil.tr\/uncategorized\/dilan-polat-hakkinda-tahliye-karari\/"},"modified":"2024-08-19T12:28:00","modified_gmt":"2024-08-19T12:28:00","slug":"dilan-polat-hakkinda-tahliye-karari","status":"publish","type":"post","link":"https:\/\/denizcankizil.tr\/en\/hukukihaber\/dilan-polat-hakkinda-tahliye-karari\/","title":{"rendered":"Dilan Polat hakk\u0131nda tahliye karar\u0131"},"content":{"rendered":"<p>Anadolu 2. Asliye Ceza Mahkemesi, aralar\u0131nda Dilan Polat ile e\u015fi Engin Polat&#8217;\u0131n da oldu\u011fu 5&#8217;i tutuklu san\u0131k hakk\u0131nda 9 A\u011fustos&#8217;ta yapt\u0131\u011f\u0131 ayl\u0131k tutukluk incelemesinde t\u00fcm san\u0131klar\u0131n tutukluluk halinin devam\u0131na karar verdi.<\/p>\n<p>Bunun \u00fczerine Dilan Polat&#8217;\u0131n avukat\u0131 Sevin\u00e7 Horoz, Anadolu 8. A\u011f\u0131r Ceza Mahkemesine tutuklulu\u011fa itiraz dilek\u00e7esi sundu.<\/p>\n<p>Talebi de\u011ferlendiren mahkeme, san\u0131k Polat&#8217;\u0131n \u00fczerine at\u0131l\u0131 su\u00e7lar\u0131n vas\u0131f ve mahiyeti, at\u0131l\u0131 su\u00e7lar i\u00e7in kanunda \u00f6ng\u00f6r\u00fclen hapis cezas\u0131n\u0131n alt ve \u00fcst s\u0131n\u0131rlar\u0131, dosya kapsam\u0131ndaki mevcut deliller ve al\u0131nan ifadelerle MASAK taraf\u0131ndan haz\u0131rlanan rapor i\u00e7eri\u011fi kar\u015f\u0131s\u0131nda, at\u0131l\u0131 su\u00e7lar\u0131n vasf\u0131n\u0131n san\u0131k lehine de\u011fi\u015fmesi ihtimali bulundu\u011funu belirtti.<\/p>\n<p>Tutukluluktan elde edilecek faydan\u0131n bu a\u015famada adli kontrol h\u00fck\u00fcmleri ile de sa\u011flanabilecek olmas\u0131n\u0131 dikkate alan mahkeme, Polat&#8217;\u0131n tahliyesini kararla\u015ft\u0131rd\u0131.<\/p>\n<p>Mahkeme, Polat hakk\u0131nda &#8220;yurt d\u0131\u015f\u0131na \u00e7\u0131k\u0131\u015f yasa\u011f\u0131&#8221; \u015feklinde adli kontrol tedbiri uygulanmas\u0131na karar verdi.<\/p>\n<p>CEZAEV\u0130NDEN \u00c7IKTI<\/p>\n<p>Mahkemenin karar\u0131 Polat&#8217;\u0131n tutuklu bulundu\u011fu Marmara Kapal\u0131 Ceza \u0130nfaz Kurumu&#8217;na g\u00f6nderildi.<\/p>\n<p>Polat, i\u015flemlerin ard\u0131ndan cezaevinden \u00e7\u0131kt\u0131.<\/p>\n<p>NE OLMU\u015eTU? <\/p>\n<p>\u0130stanbul merkezli 6 ilde 1 Kas\u0131m 2023 ve devam\u0131nda d\u00fczenlenen operasyonlarda, Dilan Polat ve e\u015fi Engin Polat&#8217;\u0131n da aralar\u0131nda bulundu\u011fu 24 \u015f\u00fcpheli g\u00f6zalt\u0131na al\u0131nm\u0131\u015ft\u0131.<\/p>\n<p>Soru\u015fturma kapsam\u0131nda daha \u00f6nce \u015firketlerinde yap\u0131lan aramalarda dijital materyal ve defterlere el konulan Polat \u00e7iftinin de yer ald\u0131\u011f\u0131 \u015f\u00fcphelilerle ilgili Mali Su\u00e7lar\u0131 Ara\u015ft\u0131rma Kurulunca (MASAK) \u00f6n inceleme raporu haz\u0131rlanm\u0131\u015f, raporda tasfiye halindeki 3 firmadan aile bireylerine ait \u015firketlere s\u00f6zde ticaret kar\u015f\u0131l\u0131\u011f\u0131nda sahte fatura kesilmesi y\u00f6ntemiyle 200 milyon lira para giri\u015fi oldu\u011fu belirlenmi\u015fti.<\/p>\n<p>Paran\u0131n yine aile bireylerine ait \u015firketler aras\u0131nda transfer edildi\u011fi, son a\u015famada ise Engin Polat&#8217;\u0131n sahibi oldu\u011fu Milda Gayrimenkul isimli firmada toplanarak gayrimenkul ve \u00e7ok say\u0131da ara\u00e7 al\u0131nd\u0131\u011f\u0131n\u0131n tespitinin ard\u0131ndan \u0130stanbul Mali Su\u00e7larla M\u00fccadele \u015eube M\u00fcd\u00fcrl\u00fc\u011f\u00fc ekipleri, \u015f\u00fcphelilerin kimliklerini belirlemi\u015f, \u0130stanbul merkezli Ankara, Yalova, Ordu, K\u0131rklareli ve Manisa&#8217;da 43 adrese e\u015f zamanl\u0131 operasyon d\u00fczenlemi\u015fti.<\/p>\n<p>Soru\u015fturma kapsam\u0131nda \u00e7al\u0131\u015fmalar\u0131n\u0131 s\u00fcrd\u00fcren ekipler, Dilan ve Engin Polat&#8217;a ait bir medikal \u015firketin Ankara&#8217;da ba\u015fka bir firmaya isim hakk\u0131n\u0131 verdi\u011fini, bu firman\u0131n hesab\u0131ndaki 1 milyon 800 bin liran\u0131n da ortaklar\u0131n ki\u015fisel hesaplar\u0131na aktar\u0131lmaya \u00e7al\u0131\u015f\u0131ld\u0131\u011f\u0131n\u0131 tespit etmi\u015fti.<\/p>\n<p>Dilan Polat, Engin Polat ve S\u0131la Do\u011fu&#8217;nun da aralar\u0131nda bulundu\u011fu \u015f\u00fcphelilerden 16&#8217;s\u0131 tutuklanm\u0131\u015ft\u0131. Hakimlik, 27 \u015firkete kayyum atanmas\u0131na h\u00fckmetmi\u015fti.<\/p>\n<p>Sulh Ceza Hakimli\u011fi, 14 Haziran&#8217;daki ayl\u0131k tutukluluk incelemesinde, Dilan Polat&#8217;\u0131n karde\u015fleri Can ve Sinem S\u0131la Do\u011fu ile Can Polat, G\u00f6kay Bekar, Halit Polat, Harun Abak, Metin Y\u0131lmaz, Mustafa \u00d6zalp, Nilg\u00fcn Y\u0131lmaz, U\u011furcan Ayy\u0131ld\u0131z ve Zekai Tepe&#8217;nin adli kontrol h\u00fck\u00fcmleri uygulanarak tahliye edilmesine h\u00fckmetmi\u015f, di\u011fer 5 \u015f\u00fcphelinin tutukluluk halinin devam\u0131na karar vermi\u015fti.<\/p>\n<p>\u0130DD\u0130ANAME <\/p>\n<p>Soru\u015fturman\u0131n tamamlanmas\u0131yla Anadolu Cumhuriyet Ba\u015fsavc\u0131l\u0131\u011f\u0131nca haz\u0131rlanan iddianamede, yasa d\u0131\u015f\u0131 yollardan edinilen paralar\u0131n &#8220;so\u011fuk c\u00fczdan y\u00f6ntemi&#8221; ile sisteme sokulmadan transfer edilerek aklamaya tabi tutuldu\u011fu aktar\u0131larak, \u00f6rg\u00fct\u00fcn s\u00f6z konusu faaliyetler s\u0131ras\u0131nda, k\u0131sa s\u00fcrede ula\u015ft\u0131klar\u0131 \u015f\u00f6hret ve tan\u0131n\u0131rl\u0131k sayesinde bir k\u0131s\u0131m ger\u00e7ek ticari faaliyetlerde de bulundu\u011fu, bu sayede aklama su\u00e7lar\u0131n\u0131n en belirgin y\u00f6n\u00fc olan takip ve kontrol\u00fcn zorla\u015ft\u0131r\u0131lmas\u0131n\u0131 sa\u011flamaya \u00e7al\u0131\u015ft\u0131klar\u0131 de\u011ferlendirmesi yap\u0131l\u0131yor.<\/p>\n<p>Delillerle sabit olan yasa d\u0131\u015f\u0131 bahisten gelen paran\u0131n perdelenmeye \u00e7al\u0131\u015f\u0131ld\u0131\u011f\u0131, zenginle\u015fmenin ger\u00e7ek bir ticaretten kaynakland\u0131\u011f\u0131 imaj\u0131n\u0131n olu\u015fturulmas\u0131 i\u00e7in birden \u00e7ok \u015firketin kuruldu\u011fu anlat\u0131lan iddianamede, bu \u015firketlerin faaliyetleri s\u0131ras\u0131nda ger\u00e7ekte olmayan i\u015f ve i\u015flemlere ili\u015fkin sahte faturalar\u0131n d\u00fczenlenip kullan\u0131ld\u0131\u011f\u0131 ve kanunen tutulmas\u0131 gereken defterler d\u0131\u015f\u0131nda harici gizli kay\u0131tlar\u0131n tutuldu\u011fu belirtiliyor.<\/p>\n<p>\u0130ddianamede, soru\u015fturma kapsam\u0131na al\u0131nan 31 \u015firketin ve bu \u015firketlerin sahip oldu\u011fu ta\u015f\u0131nmaz, ara\u00e7 ve benzeri t\u00fcm mal varl\u0131\u011f\u0131n\u0131n m\u00fcsadere edilip m\u00fclkiyetin kamuya ge\u00e7irilmesi de talep ediliyor.<\/p>\n<p>Dilan ve Engin Polat&#8217;\u0131n &#8220;su\u00e7 i\u015flemek amac\u0131yla \u00f6rg\u00fct kurma, y\u00f6netme&#8221;, &#8220;su\u00e7tan kaynaklanan mal varl\u0131\u011f\u0131 de\u011ferlerini aklama&#8221; ve &#8220;Futbol ve Di\u011fer Spor M\u00fcsabakalar\u0131nda Bahis ve \u015eans Oyunlar\u0131 D\u00fczenlenmesi Hakk\u0131nda Kanun&#8217;a muhalefet&#8221; su\u00e7lar\u0131ndan toplam 20&#8217;\u015fer y\u0131ldan 40&#8217;ar y\u0131la kadar hapisle cezaland\u0131r\u0131lmalar\u0131 istenen iddianamede, di\u011fer \u015f\u00fcphelilerin de farkl\u0131 su\u00e7lardan de\u011fi\u015fen oranlarda hapisle cezaland\u0131r\u0131lmalar\u0131 \u00f6ng\u00f6r\u00fcl\u00fcyor.<\/p>\n<p>Ba\u015fsavc\u0131l\u0131k taraf\u0131ndan onaylanan iddianame, g\u00f6nderildi\u011fi Anadolu 2. Asliye Ceza Mahkemesince, yarg\u0131lamay\u0131 yapma konusunda yetkili mahkemenin A\u011f\u0131r Ceza Mahkemesi oldu\u011fu belirtilerek iade edilmi\u015fti.<\/p>\n<p>\u0130stanbul Anadolu Cumhuriyet Ba\u015fsavc\u0131l\u0131\u011f\u0131n\u0131n &#8220;g\u00f6revli mahkemenin temel cezaya g\u00f6re belirlenebilir oldu\u011fu, art\u0131r\u0131m maddesinin mahkemenin g\u00f6revini belirlemede esas olmad\u0131\u011f\u0131&#8221; vurgulanarak yap\u0131lan itiraz Anadolu 2. Asliye Ceza Mahkemesince kabul edilmi\u015fti.<\/p>\n<p>Kaynak: H\u00fcrriyet<\/p>\n<p>\u200b&#8221;Su\u00e7 gelirlerinin aklanmas\u0131&#8221; su\u00e7una y\u00f6nelik dava kapsam\u0131nda tutuklu bulunan Dilan Polat hakk\u0131nda tahliye karar\u0131 verildi. Polat&#8217;\u0131n tutuksuz yarg\u0131lanaca\u011f\u0131 bildirildi. Marmara Ceza \u0130nfaz Kurumu&#8217;nda bulunan Polat, karar sonras\u0131 cezaevinden \u00e7\u0131kt\u0131.\u00a0Hukuki Haber<\/p>","protected":false},"excerpt":{"rendered":"<p>Anadolu 2. Asliye Ceza Mahkemesi, aralar\u0131nda Dilan Polat ile e\u015fi Engin Polat&#8217;\u0131n da oldu\u011fu 5&#8217;i tutuklu san\u0131k hakk\u0131nda 9 A\u011fustos&#8217;ta yapt\u0131\u011f\u0131 ayl\u0131k tutukluk incelemesinde t\u00fcm san\u0131klar\u0131n tutukluluk halinin devam\u0131na karar verdi. Bunun \u00fczerine Dilan Polat&#8217;\u0131n avukat\u0131 Sevin\u00e7 Horoz, Anadolu 8. A\u011f\u0131r Ceza Mahkemesine tutuklulu\u011fa itiraz dilek\u00e7esi sundu. Talebi de\u011ferlendiren mahkeme, san\u0131k Polat&#8217;\u0131n \u00fczerine at\u0131l\u0131 su\u00e7lar\u0131n vas\u0131f ve mahiyeti, at\u0131l\u0131 su\u00e7lar i\u00e7in kanunda \u00f6ng\u00f6r\u00fclen hapis cezas\u0131n\u0131n alt ve \u00fcst s\u0131n\u0131rlar\u0131, dosya kapsam\u0131ndaki mevcut deliller ve al\u0131nan ifadelerle MASAK taraf\u0131ndan haz\u0131rlanan rapor i\u00e7eri\u011fi kar\u015f\u0131s\u0131nda, at\u0131l\u0131 su\u00e7lar\u0131n vasf\u0131n\u0131n san\u0131k lehine de\u011fi\u015fmesi ihtimali bulundu\u011funu belirtti. Tutukluluktan elde edilecek faydan\u0131n bu a\u015famada adli kontrol h\u00fck\u00fcmleri ile de sa\u011flanabilecek olmas\u0131n\u0131 dikkate alan mahkeme, Polat&#8217;\u0131n tahliyesini kararla\u015ft\u0131rd\u0131. Mahkeme, Polat hakk\u0131nda &#8220;yurt d\u0131\u015f\u0131na \u00e7\u0131k\u0131\u015f yasa\u011f\u0131&#8221; \u015feklinde adli kontrol tedbiri uygulanmas\u0131na karar verdi. CEZAEV\u0130NDEN \u00c7IKTI Mahkemenin karar\u0131 Polat&#8217;\u0131n tutuklu bulundu\u011fu Marmara Kapal\u0131 Ceza \u0130nfaz Kurumu&#8217;na g\u00f6nderildi. Polat, i\u015flemlerin ard\u0131ndan cezaevinden \u00e7\u0131kt\u0131. NE OLMU\u015eTU? \u0130stanbul merkezli 6 ilde 1 Kas\u0131m 2023 ve devam\u0131nda d\u00fczenlenen operasyonlarda, Dilan Polat ve e\u015fi Engin Polat&#8217;\u0131n da aralar\u0131nda bulundu\u011fu 24 \u015f\u00fcpheli g\u00f6zalt\u0131na al\u0131nm\u0131\u015ft\u0131. Soru\u015fturma kapsam\u0131nda daha \u00f6nce \u015firketlerinde yap\u0131lan aramalarda dijital materyal ve defterlere el konulan Polat \u00e7iftinin de yer ald\u0131\u011f\u0131 \u015f\u00fcphelilerle ilgili Mali Su\u00e7lar\u0131 Ara\u015ft\u0131rma Kurulunca (MASAK) \u00f6n inceleme raporu haz\u0131rlanm\u0131\u015f, raporda tasfiye halindeki &hellip;<\/p>","protected":false},"author":3,"featured_media":0,"comment_status":"open","ping_status":"open","sticky":false,"template":"","format":"standard","meta":{"_acf_changed":false,"footnotes":""},"categories":[27],"tags":[],"class_list":["post-1782","post","type-post","status-publish","format-standard","has-post-thumbnail","hentry","category-hukukihaber"],"acf":[],"yoast_head":"<!-- This site is optimized with the Yoast SEO Premium plugin v26.6 (Yoast SEO v27.1.1) - https:\/\/yoast.com\/product\/yoast-seo-premium-wordpress\/ -->\n<title>Dilan Polat hakk\u0131nda tahliye karar\u0131 - Av. Deniz Can K\u0131z\u0131l<\/title>\n<meta name=\"robots\" content=\"index, follow, max-snippet:-1, max-image-preview:large, max-video-preview:-1\" \/>\n<link rel=\"canonical\" href=\"https:\/\/denizcankizil.tr\/en\/hukukihaber\/dilan-polat-hakkinda-tahliye-karari\/\" \/>\n<meta property=\"og:locale\" content=\"en_GB\" \/>\n<meta property=\"og:type\" content=\"article\" \/>\n<meta property=\"og:title\" content=\"Dilan Polat hakk\u0131nda tahliye karar\u0131\" \/>\n<meta property=\"og:description\" content=\"Anadolu 2. Asliye Ceza Mahkemesi, aralar\u0131nda Dilan Polat ile e\u015fi Engin Polat&#8217;\u0131n da oldu\u011fu 5&#8217;i tutuklu san\u0131k hakk\u0131nda 9 A\u011fustos&#8217;ta yapt\u0131\u011f\u0131 ayl\u0131k tutukluk incelemesinde t\u00fcm san\u0131klar\u0131n tutukluluk halinin devam\u0131na karar verdi. Bunun \u00fczerine Dilan Polat&#8217;\u0131n avukat\u0131 Sevin\u00e7 Horoz, Anadolu 8. A\u011f\u0131r Ceza Mahkemesine tutuklulu\u011fa itiraz dilek\u00e7esi sundu. Talebi de\u011ferlendiren mahkeme, san\u0131k Polat&#8217;\u0131n \u00fczerine at\u0131l\u0131 su\u00e7lar\u0131n vas\u0131f ve mahiyeti, at\u0131l\u0131 su\u00e7lar i\u00e7in kanunda \u00f6ng\u00f6r\u00fclen hapis cezas\u0131n\u0131n alt ve \u00fcst s\u0131n\u0131rlar\u0131, dosya kapsam\u0131ndaki mevcut deliller ve al\u0131nan ifadelerle MASAK taraf\u0131ndan haz\u0131rlanan rapor i\u00e7eri\u011fi kar\u015f\u0131s\u0131nda, at\u0131l\u0131 su\u00e7lar\u0131n vasf\u0131n\u0131n san\u0131k lehine de\u011fi\u015fmesi ihtimali bulundu\u011funu belirtti. Tutukluluktan elde edilecek faydan\u0131n bu a\u015famada adli kontrol h\u00fck\u00fcmleri ile de sa\u011flanabilecek olmas\u0131n\u0131 dikkate alan mahkeme, Polat&#8217;\u0131n tahliyesini kararla\u015ft\u0131rd\u0131. Mahkeme, Polat hakk\u0131nda &#8220;yurt d\u0131\u015f\u0131na \u00e7\u0131k\u0131\u015f yasa\u011f\u0131&#8221; \u015feklinde adli kontrol tedbiri uygulanmas\u0131na karar verdi. CEZAEV\u0130NDEN \u00c7IKTI Mahkemenin karar\u0131 Polat&#8217;\u0131n tutuklu bulundu\u011fu Marmara Kapal\u0131 Ceza \u0130nfaz Kurumu&#8217;na g\u00f6nderildi. Polat, i\u015flemlerin ard\u0131ndan cezaevinden \u00e7\u0131kt\u0131. NE OLMU\u015eTU? \u0130stanbul merkezli 6 ilde 1 Kas\u0131m 2023 ve devam\u0131nda d\u00fczenlenen operasyonlarda, Dilan Polat ve e\u015fi Engin Polat&#8217;\u0131n da aralar\u0131nda bulundu\u011fu 24 \u015f\u00fcpheli g\u00f6zalt\u0131na al\u0131nm\u0131\u015ft\u0131. Soru\u015fturma kapsam\u0131nda daha \u00f6nce \u015firketlerinde yap\u0131lan aramalarda dijital materyal ve defterlere el konulan Polat \u00e7iftinin de yer ald\u0131\u011f\u0131 \u015f\u00fcphelilerle ilgili Mali Su\u00e7lar\u0131 Ara\u015ft\u0131rma Kurulunca (MASAK) \u00f6n inceleme raporu haz\u0131rlanm\u0131\u015f, raporda tasfiye halindeki &hellip;\" \/>\n<meta property=\"og:url\" content=\"https:\/\/denizcankizil.tr\/en\/hukukihaber\/dilan-polat-hakkinda-tahliye-karari\/\" \/>\n<meta property=\"og:site_name\" content=\"Av. Deniz Can K\u0131z\u0131l\" \/>\n<meta property=\"article:published_time\" content=\"2024-08-19T12:28:00+00:00\" \/>\n<meta name=\"author\" content=\"Hukuki Haber.net\" \/>\n<meta name=\"twitter:card\" content=\"summary_large_image\" \/>\n<meta name=\"twitter:label1\" content=\"Written by\" \/>\n\t<meta name=\"twitter:data1\" content=\"Hukuki Haber.net\" \/>\n\t<meta name=\"twitter:label2\" content=\"Estimated reading time\" \/>\n\t<meta name=\"twitter:data2\" content=\"5 minutes\" \/>\n<script type=\"application\/ld+json\" class=\"yoast-schema-graph\">{\"@context\":\"https:\/\/schema.org\",\"@graph\":[{\"@type\":\"Article\",\"@id\":\"https:\/\/denizcankizil.tr\/en\/hukukihaber\/dilan-polat-hakkinda-tahliye-karari\/#article\",\"isPartOf\":{\"@id\":\"https:\/\/denizcankizil.tr\/en\/hukukihaber\/dilan-polat-hakkinda-tahliye-karari\/\"},\"author\":{\"name\":\"Hukuki Haber.net\",\"@id\":\"https:\/\/denizcankizil.tr\/#\/schema\/person\/001a271de994a0aa3f90eea084424822\"},\"headline\":\"Dilan Polat hakk\u0131nda tahliye karar\u0131\",\"datePublished\":\"2024-08-19T12:28:00+00:00\",\"mainEntityOfPage\":{\"@id\":\"https:\/\/denizcankizil.tr\/en\/hukukihaber\/dilan-polat-hakkinda-tahliye-karari\/\"},\"wordCount\":937,\"commentCount\":0,\"publisher\":{\"@id\":\"https:\/\/denizcankizil.tr\/#organization\"},\"articleSection\":[\"Hukuki Haberler\"],\"inLanguage\":\"en-GB\",\"potentialAction\":[{\"@type\":\"CommentAction\",\"name\":\"Comment\",\"target\":[\"https:\/\/denizcankizil.tr\/en\/hukukihaber\/dilan-polat-hakkinda-tahliye-karari\/#respond\"]}]},{\"@type\":\"WebPage\",\"@id\":\"https:\/\/denizcankizil.tr\/en\/hukukihaber\/dilan-polat-hakkinda-tahliye-karari\/\",\"url\":\"https:\/\/denizcankizil.tr\/en\/hukukihaber\/dilan-polat-hakkinda-tahliye-karari\/\",\"name\":\"Dilan Polat hakk\u0131nda tahliye karar\u0131 - Av. Deniz Can K\u0131z\u0131l\",\"isPartOf\":{\"@id\":\"https:\/\/denizcankizil.tr\/#website\"},\"datePublished\":\"2024-08-19T12:28:00+00:00\",\"breadcrumb\":{\"@id\":\"https:\/\/denizcankizil.tr\/en\/hukukihaber\/dilan-polat-hakkinda-tahliye-karari\/#breadcrumb\"},\"inLanguage\":\"en-GB\",\"potentialAction\":[{\"@type\":\"ReadAction\",\"target\":[\"https:\/\/denizcankizil.tr\/en\/hukukihaber\/dilan-polat-hakkinda-tahliye-karari\/\"]}]},{\"@type\":\"BreadcrumbList\",\"@id\":\"https:\/\/denizcankizil.tr\/en\/hukukihaber\/dilan-polat-hakkinda-tahliye-karari\/#breadcrumb\",\"itemListElement\":[{\"@type\":\"ListItem\",\"position\":1,\"name\":\"Home\",\"item\":\"https:\/\/denizcankizil.tr\/de\/\"},{\"@type\":\"ListItem\",\"position\":2,\"name\":\"Dilan Polat hakk\u0131nda tahliye karar\u0131\"}]},{\"@type\":\"WebSite\",\"@id\":\"https:\/\/denizcankizil.tr\/#website\",\"url\":\"https:\/\/denizcankizil.tr\/\",\"name\":\"Av. Deniz Can K\u0131z\u0131l\",\"description\":\"Avukat Deniz Can K\u0131z\u0131l Antalya Barosu\",\"publisher\":{\"@id\":\"https:\/\/denizcankizil.tr\/#organization\"},\"potentialAction\":[{\"@type\":\"SearchAction\",\"target\":{\"@type\":\"EntryPoint\",\"urlTemplate\":\"https:\/\/denizcankizil.tr\/?s={search_term_string}\"},\"query-input\":{\"@type\":\"PropertyValueSpecification\",\"valueRequired\":true,\"valueName\":\"search_term_string\"}}],\"inLanguage\":\"en-GB\"},{\"@type\":\"Organization\",\"@id\":\"https:\/\/denizcankizil.tr\/#organization\",\"name\":\"Av. Deniz Can K\u0131z\u0131l\",\"url\":\"https:\/\/denizcankizil.tr\/\",\"logo\":{\"@type\":\"ImageObject\",\"inLanguage\":\"en-GB\",\"@id\":\"https:\/\/denizcankizil.tr\/#\/schema\/logo\/image\/\",\"url\":\"https:\/\/denizcankizil.tr\/wp-content\/uploads\/2024\/10\/siyah-logo-svg.svg\",\"contentUrl\":\"https:\/\/denizcankizil.tr\/wp-content\/uploads\/2024\/10\/siyah-logo-svg.svg\",\"width\":1080,\"height\":1080,\"caption\":\"Av. Deniz Can K\u0131z\u0131l\"},\"image\":{\"@id\":\"https:\/\/denizcankizil.tr\/#\/schema\/logo\/image\/\"}},{\"@type\":\"Person\",\"@id\":\"https:\/\/denizcankizil.tr\/#\/schema\/person\/001a271de994a0aa3f90eea084424822\",\"name\":\"Hukuki Haber.net\",\"image\":{\"@type\":\"ImageObject\",\"inLanguage\":\"en-GB\",\"@id\":\"https:\/\/denizcankizil.tr\/#\/schema\/person\/image\/\",\"url\":\"https:\/\/secure.gravatar.com\/avatar\/57d8a49151495586611a149d29fc42865b951dc053a84709a3172ccb5abf3118?s=96&d=mm&r=g\",\"contentUrl\":\"https:\/\/secure.gravatar.com\/avatar\/57d8a49151495586611a149d29fc42865b951dc053a84709a3172ccb5abf3118?s=96&d=mm&r=g\",\"caption\":\"Hukuki Haber.net\"},\"sameAs\":[\"http:\/\/www.hukukihaber.net\"],\"url\":\"https:\/\/www.hukukihaber.net\/dilan-polat-hakkinda-tahliye-karari\"}]}<\/script>\n<!-- \/ Yoast SEO Premium plugin. -->","yoast_head_json":{"title":"Dilan Polat hakk\u0131nda tahliye karar\u0131 - Av. Deniz Can K\u0131z\u0131l","robots":{"index":"index","follow":"follow","max-snippet":"max-snippet:-1","max-image-preview":"max-image-preview:large","max-video-preview":"max-video-preview:-1"},"canonical":"https:\/\/denizcankizil.tr\/en\/hukukihaber\/dilan-polat-hakkinda-tahliye-karari\/","og_locale":"en_GB","og_type":"article","og_title":"Dilan Polat hakk\u0131nda tahliye karar\u0131","og_description":"Anadolu 2. Asliye Ceza Mahkemesi, aralar\u0131nda Dilan Polat ile e\u015fi Engin Polat&#8217;\u0131n da oldu\u011fu 5&#8217;i tutuklu san\u0131k hakk\u0131nda 9 A\u011fustos&#8217;ta yapt\u0131\u011f\u0131 ayl\u0131k tutukluk incelemesinde t\u00fcm san\u0131klar\u0131n tutukluluk halinin devam\u0131na karar verdi. Bunun \u00fczerine Dilan Polat&#8217;\u0131n avukat\u0131 Sevin\u00e7 Horoz, Anadolu 8. A\u011f\u0131r Ceza Mahkemesine tutuklulu\u011fa itiraz dilek\u00e7esi sundu. Talebi de\u011ferlendiren mahkeme, san\u0131k Polat&#8217;\u0131n \u00fczerine at\u0131l\u0131 su\u00e7lar\u0131n vas\u0131f ve mahiyeti, at\u0131l\u0131 su\u00e7lar i\u00e7in kanunda \u00f6ng\u00f6r\u00fclen hapis cezas\u0131n\u0131n alt ve \u00fcst s\u0131n\u0131rlar\u0131, dosya kapsam\u0131ndaki mevcut deliller ve al\u0131nan ifadelerle MASAK taraf\u0131ndan haz\u0131rlanan rapor i\u00e7eri\u011fi kar\u015f\u0131s\u0131nda, at\u0131l\u0131 su\u00e7lar\u0131n vasf\u0131n\u0131n san\u0131k lehine de\u011fi\u015fmesi ihtimali bulundu\u011funu belirtti. Tutukluluktan elde edilecek faydan\u0131n bu a\u015famada adli kontrol h\u00fck\u00fcmleri ile de sa\u011flanabilecek olmas\u0131n\u0131 dikkate alan mahkeme, Polat&#8217;\u0131n tahliyesini kararla\u015ft\u0131rd\u0131. Mahkeme, Polat hakk\u0131nda &#8220;yurt d\u0131\u015f\u0131na \u00e7\u0131k\u0131\u015f yasa\u011f\u0131&#8221; \u015feklinde adli kontrol tedbiri uygulanmas\u0131na karar verdi. CEZAEV\u0130NDEN \u00c7IKTI Mahkemenin karar\u0131 Polat&#8217;\u0131n tutuklu bulundu\u011fu Marmara Kapal\u0131 Ceza \u0130nfaz Kurumu&#8217;na g\u00f6nderildi. Polat, i\u015flemlerin ard\u0131ndan cezaevinden \u00e7\u0131kt\u0131. NE OLMU\u015eTU? \u0130stanbul merkezli 6 ilde 1 Kas\u0131m 2023 ve devam\u0131nda d\u00fczenlenen operasyonlarda, Dilan Polat ve e\u015fi Engin Polat&#8217;\u0131n da aralar\u0131nda bulundu\u011fu 24 \u015f\u00fcpheli g\u00f6zalt\u0131na al\u0131nm\u0131\u015ft\u0131. Soru\u015fturma kapsam\u0131nda daha \u00f6nce \u015firketlerinde yap\u0131lan aramalarda dijital materyal ve defterlere el konulan Polat \u00e7iftinin de yer ald\u0131\u011f\u0131 \u015f\u00fcphelilerle ilgili Mali Su\u00e7lar\u0131 Ara\u015ft\u0131rma Kurulunca (MASAK) \u00f6n inceleme raporu haz\u0131rlanm\u0131\u015f, raporda tasfiye halindeki &hellip;","og_url":"https:\/\/denizcankizil.tr\/en\/hukukihaber\/dilan-polat-hakkinda-tahliye-karari\/","og_site_name":"Av. Deniz Can K\u0131z\u0131l","article_published_time":"2024-08-19T12:28:00+00:00","author":"Hukuki Haber.net","twitter_card":"summary_large_image","twitter_misc":{"Written by":"Hukuki Haber.net","Estimated reading time":"5 minutes"},"schema":{"@context":"https:\/\/schema.org","@graph":[{"@type":"Article","@id":"https:\/\/denizcankizil.tr\/en\/hukukihaber\/dilan-polat-hakkinda-tahliye-karari\/#article","isPartOf":{"@id":"https:\/\/denizcankizil.tr\/en\/hukukihaber\/dilan-polat-hakkinda-tahliye-karari\/"},"author":{"name":"Hukuki Haber.net","@id":"https:\/\/denizcankizil.tr\/#\/schema\/person\/001a271de994a0aa3f90eea084424822"},"headline":"Dilan Polat hakk\u0131nda tahliye karar\u0131","datePublished":"2024-08-19T12:28:00+00:00","mainEntityOfPage":{"@id":"https:\/\/denizcankizil.tr\/en\/hukukihaber\/dilan-polat-hakkinda-tahliye-karari\/"},"wordCount":937,"commentCount":0,"publisher":{"@id":"https:\/\/denizcankizil.tr\/#organization"},"articleSection":["Hukuki Haberler"],"inLanguage":"en-GB","potentialAction":[{"@type":"CommentAction","name":"Comment","target":["https:\/\/denizcankizil.tr\/en\/hukukihaber\/dilan-polat-hakkinda-tahliye-karari\/#respond"]}]},{"@type":"WebPage","@id":"https:\/\/denizcankizil.tr\/en\/hukukihaber\/dilan-polat-hakkinda-tahliye-karari\/","url":"https:\/\/denizcankizil.tr\/en\/hukukihaber\/dilan-polat-hakkinda-tahliye-karari\/","name":"Dilan Polat hakk\u0131nda tahliye karar\u0131 - Av. Deniz Can K\u0131z\u0131l","isPartOf":{"@id":"https:\/\/denizcankizil.tr\/#website"},"datePublished":"2024-08-19T12:28:00+00:00","breadcrumb":{"@id":"https:\/\/denizcankizil.tr\/en\/hukukihaber\/dilan-polat-hakkinda-tahliye-karari\/#breadcrumb"},"inLanguage":"en-GB","potentialAction":[{"@type":"ReadAction","target":["https:\/\/denizcankizil.tr\/en\/hukukihaber\/dilan-polat-hakkinda-tahliye-karari\/"]}]},{"@type":"BreadcrumbList","@id":"https:\/\/denizcankizil.tr\/en\/hukukihaber\/dilan-polat-hakkinda-tahliye-karari\/#breadcrumb","itemListElement":[{"@type":"ListItem","position":1,"name":"Home","item":"https:\/\/denizcankizil.tr\/de\/"},{"@type":"ListItem","position":2,"name":"Dilan Polat hakk\u0131nda tahliye karar\u0131"}]},{"@type":"WebSite","@id":"https:\/\/denizcankizil.tr\/#website","url":"https:\/\/denizcankizil.tr\/","name":"Av. Deniz Can K\u0131z\u0131l","description":"Avukat Deniz Can K\u0131z\u0131l Antalya Barosu","publisher":{"@id":"https:\/\/denizcankizil.tr\/#organization"},"potentialAction":[{"@type":"SearchAction","target":{"@type":"EntryPoint","urlTemplate":"https:\/\/denizcankizil.tr\/?s={search_term_string}"},"query-input":{"@type":"PropertyValueSpecification","valueRequired":true,"valueName":"search_term_string"}}],"inLanguage":"en-GB"},{"@type":"Organization","@id":"https:\/\/denizcankizil.tr\/#organization","name":"Av. Deniz Can K\u0131z\u0131l","url":"https:\/\/denizcankizil.tr\/","logo":{"@type":"ImageObject","inLanguage":"en-GB","@id":"https:\/\/denizcankizil.tr\/#\/schema\/logo\/image\/","url":"https:\/\/denizcankizil.tr\/wp-content\/uploads\/2024\/10\/siyah-logo-svg.svg","contentUrl":"https:\/\/denizcankizil.tr\/wp-content\/uploads\/2024\/10\/siyah-logo-svg.svg","width":1080,"height":1080,"caption":"Av. Deniz Can K\u0131z\u0131l"},"image":{"@id":"https:\/\/denizcankizil.tr\/#\/schema\/logo\/image\/"}},{"@type":"Person","@id":"https:\/\/denizcankizil.tr\/#\/schema\/person\/001a271de994a0aa3f90eea084424822","name":"Hukuki Haber.net","image":{"@type":"ImageObject","inLanguage":"en-GB","@id":"https:\/\/denizcankizil.tr\/#\/schema\/person\/image\/","url":"https:\/\/secure.gravatar.com\/avatar\/57d8a49151495586611a149d29fc42865b951dc053a84709a3172ccb5abf3118?s=96&d=mm&r=g","contentUrl":"https:\/\/secure.gravatar.com\/avatar\/57d8a49151495586611a149d29fc42865b951dc053a84709a3172ccb5abf3118?s=96&d=mm&r=g","caption":"Hukuki Haber.net"},"sameAs":["http:\/\/www.hukukihaber.net"],"url":"https:\/\/www.hukukihaber.net\/dilan-polat-hakkinda-tahliye-karari"}]}},"_links":{"self":[{"href":"https:\/\/denizcankizil.tr\/en\/wp-json\/wp\/v2\/posts\/1782","targetHints":{"allow":["GET"]}}],"collection":[{"href":"https:\/\/denizcankizil.tr\/en\/wp-json\/wp\/v2\/posts"}],"about":[{"href":"https:\/\/denizcankizil.tr\/en\/wp-json\/wp\/v2\/types\/post"}],"author":[{"embeddable":true,"href":"https:\/\/denizcankizil.tr\/en\/wp-json\/wp\/v2\/users\/3"}],"replies":[{"embeddable":true,"href":"https:\/\/denizcankizil.tr\/en\/wp-json\/wp\/v2\/comments?post=1782"}],"version-history":[{"count":0,"href":"https:\/\/denizcankizil.tr\/en\/wp-json\/wp\/v2\/posts\/1782\/revisions"}],"wp:attachment":[{"href":"https:\/\/denizcankizil.tr\/en\/wp-json\/wp\/v2\/media?parent=1782"}],"wp:term":[{"taxonomy":"category","embeddable":true,"href":"https:\/\/denizcankizil.tr\/en\/wp-json\/wp\/v2\/categories?post=1782"},{"taxonomy":"post_tag","embeddable":true,"href":"https:\/\/denizcankizil.tr\/en\/wp-json\/wp\/v2\/tags?post=1782"}],"curies":[{"name":"wp","href":"https:\/\/api.w.org\/{rel}","templated":true}]}}