{"id":17785,"date":"2024-11-26T16:41:21","date_gmt":"2024-11-26T13:41:21","guid":{"rendered":"https:\/\/denizcankizil.tr\/uncategorized-tr\/konyaaltinda-tersine-dunya-etkinligi\/"},"modified":"2024-11-26T16:41:21","modified_gmt":"2024-11-26T13:41:21","slug":"konyaaltinda-tersine-dunya-etkinligi","status":"publish","type":"post","link":"https:\/\/denizcankizil.tr\/en\/haberler\/antalya\/konyaaltinda-tersine-dunya-etkinligi\/","title":{"rendered":"Konyaalt\u0131\u2019nda &#8216;Tersine d\u00fcnya&#8217; etkinli\u011fi"},"content":{"rendered":"<p>Konyaalt\u0131 Belediyesi, toplumsal e\u015fitlik anlay\u0131\u015f\u0131 ve sanat\u0131n d\u00f6n\u00fc\u015ft\u00fcr\u00fcc\u00fc g\u00fcc\u00fcyle \u015fiddete kar\u015f\u0131 fark\u0131ndal\u0131k sa\u011flamaya devam ediyor. 25 Kas\u0131m Kad\u0131na Y\u00f6nelik \u015eiddetle M\u00fccadele G\u00fcn\u00fc \u00e7er\u00e7evesinde \u00e7e\u015fitli etkinliklerle fark\u0131ndal\u0131k sa\u011flayan Konyaalt\u0131 Belediyesi, G\u00fczel Sanatlar Akademisi resim kursu kat\u0131l\u0131mc\u0131lar\u0131 ile birlikte \u2018\u2019Tersine D\u00fcnya\u2019\u2019 isimli bir etkinlik ger\u00e7ekle\u015ftirdi.<br \/>\nFark\u0131ndal\u0131k etkinli\u011finde, \u201c\u0130nsan ili\u015fkilerinde sevgi dili hakim olsayd\u0131 nas\u0131l bir ileti\u015fim kurard\u0131k?\u201d, \u201c\u015eiddet d\u00f6ng\u00fcs\u00fc k\u0131r\u0131ld\u0131\u011f\u0131nda bu, ili\u015fkilerimize, sanat\u0131m\u0131za ve ya\u015fam\u0131m\u0131za nas\u0131l yans\u0131r?\u201d gibi konular ele al\u0131nd\u0131. Etkinli\u011fe kat\u0131lan Konyaalt\u0131 Belediye Ba\u015fkan\u0131 Cem Kotan, \u015fiddete kar\u015f\u0131 duru\u015funu \u201cKad\u0131nlar vard\u0131r\u201d yaz\u0131l\u0131 mesaj\u0131yla ifade etti.<\/p>\n<p>\u201c\u015eiddetin \u00f6nlenmesi \u00f6ncelikli hedefimiz\u201d<br \/>\nKonyaalt\u0131 Belediyesi olarak her zaman kad\u0131nlar\u0131n yan\u0131nda olduklar\u0131n\u0131 vurgulayan Ba\u015fkan Kotan, \u201cA\u00e7t\u0131\u011f\u0131m\u0131z et\u00fct merkezleri ve d\u00fczenledi\u011fimiz kurslarla kad\u0131nlara destek olmay\u0131, onlar\u0131n hayat\u0131na dokunmay\u0131 \u00f6ncelikli hedeflerimizden biri olarak g\u00f6r\u00fcyoruz. Kad\u0131nlar\u0131n bu alanlarda pozitif ayr\u0131mc\u0131l\u0131\u011f\u0131 birebir hissettiklerini biliyoruz ve g\u00fcn\u00fcm\u00fcz \u015fartlar\u0131nda bu ayr\u0131mc\u0131l\u0131\u011f\u0131 yapman\u0131n ne kadar gerekli oldu\u011funun fark\u0131nday\u0131z\u201d \u015feklinde konu\u015ftu.<\/p>\n<p>\u201cFark\u0131ndal\u0131k her g\u00fcn ya\u015fat\u0131lmal\u0131\u201d<br \/>\nBa\u015fkan Kotan s\u00f6zlerini \u015f\u00f6yle s\u00fcrd\u00fcrd\u00fc, \u201cKad\u0131na y\u00f6nelik \u015fiddetin olmad\u0131\u011f\u0131 bir d\u00fcnya hayal ediyoruz ve bu hayali hep birlikte ger\u00e7ekle\u015ftirece\u011fimize inan\u0131yoruz. Bu \u00f6zel g\u00fcnlerde kad\u0131na y\u00f6nelik \u015fiddete kar\u015f\u0131 duru\u015fumuzu bir kez daha g\u00fc\u00e7l\u00fc bir \u015fekilde hat\u0131rlat\u0131yor, bu fark\u0131ndal\u0131\u011f\u0131 her g\u00fcn ya\u015fatmam\u0131z gerekti\u011fini vurguluyoruz. Konyaalt\u0131, her konuda oldu\u011fu gibi kad\u0131na y\u00f6nelik \u015fiddetle m\u00fccadelede de dayan\u0131\u015fma ve birlik \u00f6rne\u011fi sergilemektedir. Hep birlikte e\u015fit, sevgi dolu bir gelece\u011fe do\u011fru ilerleyece\u011fiz\u201d<\/p>\n<p>Etkinlikler devam edecek<br \/>\n28 Kas\u0131m\u2019da Kad\u0131n\u0131n \u0130nsan Haklar\u0131 Derne\u011fi (K\u0130HEP) 2023 kat\u0131l\u0131mc\u0131lar\u0131yla devam edecek olan at\u00f6lyeler 2 Aral\u0131k\u2019ta KONSEM Seramik ve Resim kursu \u00fcyelerinin kat\u0131l\u0131mlar\u0131yla tamamlanacak. At\u00f6lyelerde \u00e7\u0131kan sanatlar eserleri, 5 Aral\u0131k Kad\u0131n Haklar\u0131 G\u00fcn\u00fc\u2019nde Konyaalt\u0131 Belediyesi Fuaye Alan\u0131\u2019nda d\u00fczenlenecek olan sergide sanatseverlerle bulu\u015facak.<\/p>\n<p>Kaynak: www.kanalv.com.tr Haber Sitesinden Al\u0131nm\u0131\u015ft\u0131r.<\/p>","protected":false},"excerpt":{"rendered":"<p>Konyaalt\u0131 Belediyesi, toplumsal e\u015fitlik anlay\u0131\u015f\u0131 ve sanat\u0131n d\u00f6n\u00fc\u015ft\u00fcr\u00fcc\u00fc g\u00fcc\u00fcyle \u015fiddete kar\u015f\u0131 fark\u0131ndal\u0131k sa\u011flamaya devam ediyor. 25 Kas\u0131m Kad\u0131na Y\u00f6nelik \u015eiddetle M\u00fccadele G\u00fcn\u00fc \u00e7er\u00e7evesinde \u00e7e\u015fitli etkinliklerle fark\u0131ndal\u0131k sa\u011flayan Konyaalt\u0131 Belediyesi, G\u00fczel Sanatlar Akademisi resim kursu kat\u0131l\u0131mc\u0131lar\u0131 ile birlikte \u2018\u2019Tersine D\u00fcnya\u2019\u2019 isimli bir etkinlik ger\u00e7ekle\u015ftirdi. Fark\u0131ndal\u0131k etkinli\u011finde, \u201c\u0130nsan ili\u015fkilerinde sevgi dili hakim olsayd\u0131 nas\u0131l bir ileti\u015fim kurard\u0131k?\u201d, \u201c\u015eiddet d\u00f6ng\u00fcs\u00fc k\u0131r\u0131ld\u0131\u011f\u0131nda bu, ili\u015fkilerimize, sanat\u0131m\u0131za ve ya\u015fam\u0131m\u0131za nas\u0131l yans\u0131r?\u201d gibi konular ele al\u0131nd\u0131. Etkinli\u011fe kat\u0131lan Konyaalt\u0131 Belediye Ba\u015fkan\u0131 Cem Kotan, \u015fiddete kar\u015f\u0131 duru\u015funu \u201cKad\u0131nlar vard\u0131r\u201d yaz\u0131l\u0131 mesaj\u0131yla ifade etti. \u201c\u015eiddetin \u00f6nlenmesi \u00f6ncelikli hedefimiz\u201d Konyaalt\u0131 Belediyesi olarak her zaman kad\u0131nlar\u0131n yan\u0131nda olduklar\u0131n\u0131 vurgulayan Ba\u015fkan Kotan, \u201cA\u00e7t\u0131\u011f\u0131m\u0131z et\u00fct merkezleri ve d\u00fczenledi\u011fimiz kurslarla kad\u0131nlara destek olmay\u0131, onlar\u0131n hayat\u0131na dokunmay\u0131 \u00f6ncelikli hedeflerimizden biri olarak g\u00f6r\u00fcyoruz. Kad\u0131nlar\u0131n bu alanlarda pozitif ayr\u0131mc\u0131l\u0131\u011f\u0131 birebir hissettiklerini biliyoruz ve g\u00fcn\u00fcm\u00fcz \u015fartlar\u0131nda bu ayr\u0131mc\u0131l\u0131\u011f\u0131 yapman\u0131n ne kadar gerekli oldu\u011funun fark\u0131nday\u0131z\u201d \u015feklinde konu\u015ftu. \u201cFark\u0131ndal\u0131k her g\u00fcn ya\u015fat\u0131lmal\u0131\u201d Ba\u015fkan Kotan s\u00f6zlerini \u015f\u00f6yle s\u00fcrd\u00fcrd\u00fc, \u201cKad\u0131na y\u00f6nelik \u015fiddetin olmad\u0131\u011f\u0131 bir d\u00fcnya hayal ediyoruz ve bu hayali hep birlikte ger\u00e7ekle\u015ftirece\u011fimize inan\u0131yoruz. Bu \u00f6zel g\u00fcnlerde kad\u0131na y\u00f6nelik \u015fiddete kar\u015f\u0131 duru\u015fumuzu bir kez daha g\u00fc\u00e7l\u00fc bir \u015fekilde hat\u0131rlat\u0131yor, bu fark\u0131ndal\u0131\u011f\u0131 her g\u00fcn ya\u015fatmam\u0131z gerekti\u011fini vurguluyoruz. Konyaalt\u0131, her konuda oldu\u011fu gibi kad\u0131na y\u00f6nelik \u015fiddetle m\u00fccadelede de dayan\u0131\u015fma ve birlik \u00f6rne\u011fi sergilemektedir. Hep &hellip;<\/p>","protected":false},"author":0,"featured_media":17786,"comment_status":"open","ping_status":"open","sticky":false,"template":"","format":"standard","meta":{"_acf_changed":false,"footnotes":""},"categories":[26,535],"tags":[],"class_list":["post-17785","post","type-post","status-publish","format-standard","has-post-thumbnail","hentry","category-antalya","category-uncategorized-tr"],"acf":[],"yoast_head":"<!-- This site is optimized with the Yoast SEO Premium plugin v26.6 (Yoast SEO v27.1.1) - https:\/\/yoast.com\/product\/yoast-seo-premium-wordpress\/ -->\n<title>Konyaalt\u0131\u2019nda &#039;Tersine d\u00fcnya&#039; etkinli\u011fi - Av. Deniz Can K\u0131z\u0131l<\/title>\n<meta name=\"robots\" content=\"index, follow, max-snippet:-1, max-image-preview:large, max-video-preview:-1\" \/>\n<link rel=\"canonical\" href=\"https:\/\/denizcankizil.tr\/en\/haberler\/antalya\/konyaaltinda-tersine-dunya-etkinligi\/\" \/>\n<meta property=\"og:locale\" content=\"en_GB\" \/>\n<meta property=\"og:type\" content=\"article\" \/>\n<meta property=\"og:title\" content=\"Konyaalt\u0131\u2019nda &#039;Tersine d\u00fcnya&#039; etkinli\u011fi\" \/>\n<meta property=\"og:description\" content=\"Konyaalt\u0131 Belediyesi, toplumsal e\u015fitlik anlay\u0131\u015f\u0131 ve sanat\u0131n d\u00f6n\u00fc\u015ft\u00fcr\u00fcc\u00fc g\u00fcc\u00fcyle \u015fiddete kar\u015f\u0131 fark\u0131ndal\u0131k sa\u011flamaya devam ediyor. 25 Kas\u0131m Kad\u0131na Y\u00f6nelik \u015eiddetle M\u00fccadele G\u00fcn\u00fc \u00e7er\u00e7evesinde \u00e7e\u015fitli etkinliklerle fark\u0131ndal\u0131k sa\u011flayan Konyaalt\u0131 Belediyesi, G\u00fczel Sanatlar Akademisi resim kursu kat\u0131l\u0131mc\u0131lar\u0131 ile birlikte \u2018\u2019Tersine D\u00fcnya\u2019\u2019 isimli bir etkinlik ger\u00e7ekle\u015ftirdi. Fark\u0131ndal\u0131k etkinli\u011finde, \u201c\u0130nsan ili\u015fkilerinde sevgi dili hakim olsayd\u0131 nas\u0131l bir ileti\u015fim kurard\u0131k?\u201d, \u201c\u015eiddet d\u00f6ng\u00fcs\u00fc k\u0131r\u0131ld\u0131\u011f\u0131nda bu, ili\u015fkilerimize, sanat\u0131m\u0131za ve ya\u015fam\u0131m\u0131za nas\u0131l yans\u0131r?\u201d gibi konular ele al\u0131nd\u0131. Etkinli\u011fe kat\u0131lan Konyaalt\u0131 Belediye Ba\u015fkan\u0131 Cem Kotan, \u015fiddete kar\u015f\u0131 duru\u015funu \u201cKad\u0131nlar vard\u0131r\u201d yaz\u0131l\u0131 mesaj\u0131yla ifade etti. \u201c\u015eiddetin \u00f6nlenmesi \u00f6ncelikli hedefimiz\u201d Konyaalt\u0131 Belediyesi olarak her zaman kad\u0131nlar\u0131n yan\u0131nda olduklar\u0131n\u0131 vurgulayan Ba\u015fkan Kotan, \u201cA\u00e7t\u0131\u011f\u0131m\u0131z et\u00fct merkezleri ve d\u00fczenledi\u011fimiz kurslarla kad\u0131nlara destek olmay\u0131, onlar\u0131n hayat\u0131na dokunmay\u0131 \u00f6ncelikli hedeflerimizden biri olarak g\u00f6r\u00fcyoruz. Kad\u0131nlar\u0131n bu alanlarda pozitif ayr\u0131mc\u0131l\u0131\u011f\u0131 birebir hissettiklerini biliyoruz ve g\u00fcn\u00fcm\u00fcz \u015fartlar\u0131nda bu ayr\u0131mc\u0131l\u0131\u011f\u0131 yapman\u0131n ne kadar gerekli oldu\u011funun fark\u0131nday\u0131z\u201d \u015feklinde konu\u015ftu. \u201cFark\u0131ndal\u0131k her g\u00fcn ya\u015fat\u0131lmal\u0131\u201d Ba\u015fkan Kotan s\u00f6zlerini \u015f\u00f6yle s\u00fcrd\u00fcrd\u00fc, \u201cKad\u0131na y\u00f6nelik \u015fiddetin olmad\u0131\u011f\u0131 bir d\u00fcnya hayal ediyoruz ve bu hayali hep birlikte ger\u00e7ekle\u015ftirece\u011fimize inan\u0131yoruz. Bu \u00f6zel g\u00fcnlerde kad\u0131na y\u00f6nelik \u015fiddete kar\u015f\u0131 duru\u015fumuzu bir kez daha g\u00fc\u00e7l\u00fc bir \u015fekilde hat\u0131rlat\u0131yor, bu fark\u0131ndal\u0131\u011f\u0131 her g\u00fcn ya\u015fatmam\u0131z gerekti\u011fini vurguluyoruz. Konyaalt\u0131, her konuda oldu\u011fu gibi kad\u0131na y\u00f6nelik \u015fiddetle m\u00fccadelede de dayan\u0131\u015fma ve birlik \u00f6rne\u011fi sergilemektedir. Hep &hellip;\" \/>\n<meta property=\"og:url\" content=\"https:\/\/denizcankizil.tr\/en\/haberler\/antalya\/konyaaltinda-tersine-dunya-etkinligi\/\" \/>\n<meta property=\"og:site_name\" content=\"Av. Deniz Can K\u0131z\u0131l\" \/>\n<meta property=\"article:published_time\" content=\"2024-11-26T13:41:21+00:00\" \/>\n<meta property=\"og:image\" content=\"https:\/\/denizcankizil.tr\/wp-content\/uploads\/2024\/11\/3290-01-LSlfwv.jpeg\" \/>\n\t<meta property=\"og:image:width\" content=\"1280\" \/>\n\t<meta property=\"og:image:height\" content=\"720\" \/>\n\t<meta property=\"og:image:type\" content=\"image\/jpeg\" \/>\n<meta name=\"twitter:card\" content=\"summary_large_image\" \/>\n<meta name=\"twitter:label1\" content=\"Estimated reading time\" \/>\n\t<meta name=\"twitter:data1\" content=\"2 minutes\" \/>\n<script type=\"application\/ld+json\" class=\"yoast-schema-graph\">{\"@context\":\"https:\/\/schema.org\",\"@graph\":[{\"@type\":\"Article\",\"@id\":\"https:\/\/denizcankizil.tr\/en\/haberler\/antalya\/konyaaltinda-tersine-dunya-etkinligi\/#article\",\"isPartOf\":{\"@id\":\"https:\/\/denizcankizil.tr\/en\/haberler\/antalya\/konyaaltinda-tersine-dunya-etkinligi\/\"},\"author\":{\"name\":\"\",\"@id\":\"\"},\"headline\":\"Konyaalt\u0131\u2019nda &#8216;Tersine d\u00fcnya&#8217; etkinli\u011fi\",\"datePublished\":\"2024-11-26T13:41:21+00:00\",\"mainEntityOfPage\":{\"@id\":\"https:\/\/denizcankizil.tr\/en\/haberler\/antalya\/konyaaltinda-tersine-dunya-etkinligi\/\"},\"wordCount\":415,\"commentCount\":0,\"publisher\":{\"@id\":\"https:\/\/denizcankizil.tr\/#organization\"},\"image\":{\"@id\":\"https:\/\/denizcankizil.tr\/en\/haberler\/antalya\/konyaaltinda-tersine-dunya-etkinligi\/#primaryimage\"},\"thumbnailUrl\":\"https:\/\/denizcankizil.tr\/wp-content\/uploads\/2024\/11\/3290-01-LSlfwv.jpeg\",\"articleSection\":[\"Antalya\",\"Uncategorized\"],\"inLanguage\":\"en-GB\",\"potentialAction\":[{\"@type\":\"CommentAction\",\"name\":\"Comment\",\"target\":[\"https:\/\/denizcankizil.tr\/en\/haberler\/antalya\/konyaaltinda-tersine-dunya-etkinligi\/#respond\"]}]},{\"@type\":\"WebPage\",\"@id\":\"https:\/\/denizcankizil.tr\/en\/haberler\/antalya\/konyaaltinda-tersine-dunya-etkinligi\/\",\"url\":\"https:\/\/denizcankizil.tr\/en\/haberler\/antalya\/konyaaltinda-tersine-dunya-etkinligi\/\",\"name\":\"Konyaalt\u0131\u2019nda 'Tersine d\u00fcnya' etkinli\u011fi - Av. Deniz Can K\u0131z\u0131l\",\"isPartOf\":{\"@id\":\"https:\/\/denizcankizil.tr\/#website\"},\"primaryImageOfPage\":{\"@id\":\"https:\/\/denizcankizil.tr\/en\/haberler\/antalya\/konyaaltinda-tersine-dunya-etkinligi\/#primaryimage\"},\"image\":{\"@id\":\"https:\/\/denizcankizil.tr\/en\/haberler\/antalya\/konyaaltinda-tersine-dunya-etkinligi\/#primaryimage\"},\"thumbnailUrl\":\"https:\/\/denizcankizil.tr\/wp-content\/uploads\/2024\/11\/3290-01-LSlfwv.jpeg\",\"datePublished\":\"2024-11-26T13:41:21+00:00\",\"breadcrumb\":{\"@id\":\"https:\/\/denizcankizil.tr\/en\/haberler\/antalya\/konyaaltinda-tersine-dunya-etkinligi\/#breadcrumb\"},\"inLanguage\":\"en-GB\",\"potentialAction\":[{\"@type\":\"ReadAction\",\"target\":[\"https:\/\/denizcankizil.tr\/en\/haberler\/antalya\/konyaaltinda-tersine-dunya-etkinligi\/\"]}]},{\"@type\":\"ImageObject\",\"inLanguage\":\"en-GB\",\"@id\":\"https:\/\/denizcankizil.tr\/en\/haberler\/antalya\/konyaaltinda-tersine-dunya-etkinligi\/#primaryimage\",\"url\":\"https:\/\/denizcankizil.tr\/wp-content\/uploads\/2024\/11\/3290-01-LSlfwv.jpeg\",\"contentUrl\":\"https:\/\/denizcankizil.tr\/wp-content\/uploads\/2024\/11\/3290-01-LSlfwv.jpeg\",\"width\":1280,\"height\":720},{\"@type\":\"BreadcrumbList\",\"@id\":\"https:\/\/denizcankizil.tr\/en\/haberler\/antalya\/konyaaltinda-tersine-dunya-etkinligi\/#breadcrumb\",\"itemListElement\":[{\"@type\":\"ListItem\",\"position\":1,\"name\":\"Home\",\"item\":\"https:\/\/denizcankizil.tr\/uk\/\"},{\"@type\":\"ListItem\",\"position\":2,\"name\":\"Konyaalt\u0131\u2019nda &#8216;Tersine d\u00fcnya&#8217; etkinli\u011fi\"}]},{\"@type\":\"WebSite\",\"@id\":\"https:\/\/denizcankizil.tr\/#website\",\"url\":\"https:\/\/denizcankizil.tr\/\",\"name\":\"Av. Deniz Can K\u0131z\u0131l\",\"description\":\"Avukat Deniz Can K\u0131z\u0131l Antalya Barosu\",\"publisher\":{\"@id\":\"https:\/\/denizcankizil.tr\/#organization\"},\"potentialAction\":[{\"@type\":\"SearchAction\",\"target\":{\"@type\":\"EntryPoint\",\"urlTemplate\":\"https:\/\/denizcankizil.tr\/?s={search_term_string}\"},\"query-input\":{\"@type\":\"PropertyValueSpecification\",\"valueRequired\":true,\"valueName\":\"search_term_string\"}}],\"inLanguage\":\"en-GB\"},{\"@type\":\"Organization\",\"@id\":\"https:\/\/denizcankizil.tr\/#organization\",\"name\":\"Av. Deniz Can K\u0131z\u0131l\",\"url\":\"https:\/\/denizcankizil.tr\/\",\"logo\":{\"@type\":\"ImageObject\",\"inLanguage\":\"en-GB\",\"@id\":\"https:\/\/denizcankizil.tr\/#\/schema\/logo\/image\/\",\"url\":\"https:\/\/denizcankizil.tr\/wp-content\/uploads\/2024\/10\/siyah-logo-svg.svg\",\"contentUrl\":\"https:\/\/denizcankizil.tr\/wp-content\/uploads\/2024\/10\/siyah-logo-svg.svg\",\"width\":1080,\"height\":1080,\"caption\":\"Av. Deniz Can K\u0131z\u0131l\"},\"image\":{\"@id\":\"https:\/\/denizcankizil.tr\/#\/schema\/logo\/image\/\"}}]}<\/script>\n<!-- \/ Yoast SEO Premium plugin. -->","yoast_head_json":{"title":"Konyaalt\u0131\u2019nda 'Tersine d\u00fcnya' etkinli\u011fi - Av. Deniz Can K\u0131z\u0131l","robots":{"index":"index","follow":"follow","max-snippet":"max-snippet:-1","max-image-preview":"max-image-preview:large","max-video-preview":"max-video-preview:-1"},"canonical":"https:\/\/denizcankizil.tr\/en\/haberler\/antalya\/konyaaltinda-tersine-dunya-etkinligi\/","og_locale":"en_GB","og_type":"article","og_title":"Konyaalt\u0131\u2019nda 'Tersine d\u00fcnya' etkinli\u011fi","og_description":"Konyaalt\u0131 Belediyesi, toplumsal e\u015fitlik anlay\u0131\u015f\u0131 ve sanat\u0131n d\u00f6n\u00fc\u015ft\u00fcr\u00fcc\u00fc g\u00fcc\u00fcyle \u015fiddete kar\u015f\u0131 fark\u0131ndal\u0131k sa\u011flamaya devam ediyor. 25 Kas\u0131m Kad\u0131na Y\u00f6nelik \u015eiddetle M\u00fccadele G\u00fcn\u00fc \u00e7er\u00e7evesinde \u00e7e\u015fitli etkinliklerle fark\u0131ndal\u0131k sa\u011flayan Konyaalt\u0131 Belediyesi, G\u00fczel Sanatlar Akademisi resim kursu kat\u0131l\u0131mc\u0131lar\u0131 ile birlikte \u2018\u2019Tersine D\u00fcnya\u2019\u2019 isimli bir etkinlik ger\u00e7ekle\u015ftirdi. Fark\u0131ndal\u0131k etkinli\u011finde, \u201c\u0130nsan ili\u015fkilerinde sevgi dili hakim olsayd\u0131 nas\u0131l bir ileti\u015fim kurard\u0131k?\u201d, \u201c\u015eiddet d\u00f6ng\u00fcs\u00fc k\u0131r\u0131ld\u0131\u011f\u0131nda bu, ili\u015fkilerimize, sanat\u0131m\u0131za ve ya\u015fam\u0131m\u0131za nas\u0131l yans\u0131r?\u201d gibi konular ele al\u0131nd\u0131. Etkinli\u011fe kat\u0131lan Konyaalt\u0131 Belediye Ba\u015fkan\u0131 Cem Kotan, \u015fiddete kar\u015f\u0131 duru\u015funu \u201cKad\u0131nlar vard\u0131r\u201d yaz\u0131l\u0131 mesaj\u0131yla ifade etti. \u201c\u015eiddetin \u00f6nlenmesi \u00f6ncelikli hedefimiz\u201d Konyaalt\u0131 Belediyesi olarak her zaman kad\u0131nlar\u0131n yan\u0131nda olduklar\u0131n\u0131 vurgulayan Ba\u015fkan Kotan, \u201cA\u00e7t\u0131\u011f\u0131m\u0131z et\u00fct merkezleri ve d\u00fczenledi\u011fimiz kurslarla kad\u0131nlara destek olmay\u0131, onlar\u0131n hayat\u0131na dokunmay\u0131 \u00f6ncelikli hedeflerimizden biri olarak g\u00f6r\u00fcyoruz. Kad\u0131nlar\u0131n bu alanlarda pozitif ayr\u0131mc\u0131l\u0131\u011f\u0131 birebir hissettiklerini biliyoruz ve g\u00fcn\u00fcm\u00fcz \u015fartlar\u0131nda bu ayr\u0131mc\u0131l\u0131\u011f\u0131 yapman\u0131n ne kadar gerekli oldu\u011funun fark\u0131nday\u0131z\u201d \u015feklinde konu\u015ftu. \u201cFark\u0131ndal\u0131k her g\u00fcn ya\u015fat\u0131lmal\u0131\u201d Ba\u015fkan Kotan s\u00f6zlerini \u015f\u00f6yle s\u00fcrd\u00fcrd\u00fc, \u201cKad\u0131na y\u00f6nelik \u015fiddetin olmad\u0131\u011f\u0131 bir d\u00fcnya hayal ediyoruz ve bu hayali hep birlikte ger\u00e7ekle\u015ftirece\u011fimize inan\u0131yoruz. Bu \u00f6zel g\u00fcnlerde kad\u0131na y\u00f6nelik \u015fiddete kar\u015f\u0131 duru\u015fumuzu bir kez daha g\u00fc\u00e7l\u00fc bir \u015fekilde hat\u0131rlat\u0131yor, bu fark\u0131ndal\u0131\u011f\u0131 her g\u00fcn ya\u015fatmam\u0131z gerekti\u011fini vurguluyoruz. Konyaalt\u0131, her konuda oldu\u011fu gibi kad\u0131na y\u00f6nelik \u015fiddetle m\u00fccadelede de dayan\u0131\u015fma ve birlik \u00f6rne\u011fi sergilemektedir. Hep &hellip;","og_url":"https:\/\/denizcankizil.tr\/en\/haberler\/antalya\/konyaaltinda-tersine-dunya-etkinligi\/","og_site_name":"Av. Deniz Can K\u0131z\u0131l","article_published_time":"2024-11-26T13:41:21+00:00","og_image":[{"width":1280,"height":720,"url":"https:\/\/denizcankizil.tr\/wp-content\/uploads\/2024\/11\/3290-01-LSlfwv.jpeg","type":"image\/jpeg"}],"twitter_card":"summary_large_image","twitter_misc":{"Estimated reading time":"2 minutes"},"schema":{"@context":"https:\/\/schema.org","@graph":[{"@type":"Article","@id":"https:\/\/denizcankizil.tr\/en\/haberler\/antalya\/konyaaltinda-tersine-dunya-etkinligi\/#article","isPartOf":{"@id":"https:\/\/denizcankizil.tr\/en\/haberler\/antalya\/konyaaltinda-tersine-dunya-etkinligi\/"},"author":{"name":"","@id":""},"headline":"Konyaalt\u0131\u2019nda &#8216;Tersine d\u00fcnya&#8217; etkinli\u011fi","datePublished":"2024-11-26T13:41:21+00:00","mainEntityOfPage":{"@id":"https:\/\/denizcankizil.tr\/en\/haberler\/antalya\/konyaaltinda-tersine-dunya-etkinligi\/"},"wordCount":415,"commentCount":0,"publisher":{"@id":"https:\/\/denizcankizil.tr\/#organization"},"image":{"@id":"https:\/\/denizcankizil.tr\/en\/haberler\/antalya\/konyaaltinda-tersine-dunya-etkinligi\/#primaryimage"},"thumbnailUrl":"https:\/\/denizcankizil.tr\/wp-content\/uploads\/2024\/11\/3290-01-LSlfwv.jpeg","articleSection":["Antalya","Uncategorized"],"inLanguage":"en-GB","potentialAction":[{"@type":"CommentAction","name":"Comment","target":["https:\/\/denizcankizil.tr\/en\/haberler\/antalya\/konyaaltinda-tersine-dunya-etkinligi\/#respond"]}]},{"@type":"WebPage","@id":"https:\/\/denizcankizil.tr\/en\/haberler\/antalya\/konyaaltinda-tersine-dunya-etkinligi\/","url":"https:\/\/denizcankizil.tr\/en\/haberler\/antalya\/konyaaltinda-tersine-dunya-etkinligi\/","name":"Konyaalt\u0131\u2019nda 'Tersine d\u00fcnya' etkinli\u011fi - Av. Deniz Can K\u0131z\u0131l","isPartOf":{"@id":"https:\/\/denizcankizil.tr\/#website"},"primaryImageOfPage":{"@id":"https:\/\/denizcankizil.tr\/en\/haberler\/antalya\/konyaaltinda-tersine-dunya-etkinligi\/#primaryimage"},"image":{"@id":"https:\/\/denizcankizil.tr\/en\/haberler\/antalya\/konyaaltinda-tersine-dunya-etkinligi\/#primaryimage"},"thumbnailUrl":"https:\/\/denizcankizil.tr\/wp-content\/uploads\/2024\/11\/3290-01-LSlfwv.jpeg","datePublished":"2024-11-26T13:41:21+00:00","breadcrumb":{"@id":"https:\/\/denizcankizil.tr\/en\/haberler\/antalya\/konyaaltinda-tersine-dunya-etkinligi\/#breadcrumb"},"inLanguage":"en-GB","potentialAction":[{"@type":"ReadAction","target":["https:\/\/denizcankizil.tr\/en\/haberler\/antalya\/konyaaltinda-tersine-dunya-etkinligi\/"]}]},{"@type":"ImageObject","inLanguage":"en-GB","@id":"https:\/\/denizcankizil.tr\/en\/haberler\/antalya\/konyaaltinda-tersine-dunya-etkinligi\/#primaryimage","url":"https:\/\/denizcankizil.tr\/wp-content\/uploads\/2024\/11\/3290-01-LSlfwv.jpeg","contentUrl":"https:\/\/denizcankizil.tr\/wp-content\/uploads\/2024\/11\/3290-01-LSlfwv.jpeg","width":1280,"height":720},{"@type":"BreadcrumbList","@id":"https:\/\/denizcankizil.tr\/en\/haberler\/antalya\/konyaaltinda-tersine-dunya-etkinligi\/#breadcrumb","itemListElement":[{"@type":"ListItem","position":1,"name":"Home","item":"https:\/\/denizcankizil.tr\/uk\/"},{"@type":"ListItem","position":2,"name":"Konyaalt\u0131\u2019nda &#8216;Tersine d\u00fcnya&#8217; etkinli\u011fi"}]},{"@type":"WebSite","@id":"https:\/\/denizcankizil.tr\/#website","url":"https:\/\/denizcankizil.tr\/","name":"Av. Deniz Can K\u0131z\u0131l","description":"Avukat Deniz Can K\u0131z\u0131l Antalya Barosu","publisher":{"@id":"https:\/\/denizcankizil.tr\/#organization"},"potentialAction":[{"@type":"SearchAction","target":{"@type":"EntryPoint","urlTemplate":"https:\/\/denizcankizil.tr\/?s={search_term_string}"},"query-input":{"@type":"PropertyValueSpecification","valueRequired":true,"valueName":"search_term_string"}}],"inLanguage":"en-GB"},{"@type":"Organization","@id":"https:\/\/denizcankizil.tr\/#organization","name":"Av. Deniz Can K\u0131z\u0131l","url":"https:\/\/denizcankizil.tr\/","logo":{"@type":"ImageObject","inLanguage":"en-GB","@id":"https:\/\/denizcankizil.tr\/#\/schema\/logo\/image\/","url":"https:\/\/denizcankizil.tr\/wp-content\/uploads\/2024\/10\/siyah-logo-svg.svg","contentUrl":"https:\/\/denizcankizil.tr\/wp-content\/uploads\/2024\/10\/siyah-logo-svg.svg","width":1080,"height":1080,"caption":"Av. Deniz Can K\u0131z\u0131l"},"image":{"@id":"https:\/\/denizcankizil.tr\/#\/schema\/logo\/image\/"}}]}},"_links":{"self":[{"href":"https:\/\/denizcankizil.tr\/en\/wp-json\/wp\/v2\/posts\/17785","targetHints":{"allow":["GET"]}}],"collection":[{"href":"https:\/\/denizcankizil.tr\/en\/wp-json\/wp\/v2\/posts"}],"about":[{"href":"https:\/\/denizcankizil.tr\/en\/wp-json\/wp\/v2\/types\/post"}],"replies":[{"embeddable":true,"href":"https:\/\/denizcankizil.tr\/en\/wp-json\/wp\/v2\/comments?post=17785"}],"version-history":[{"count":0,"href":"https:\/\/denizcankizil.tr\/en\/wp-json\/wp\/v2\/posts\/17785\/revisions"}],"wp:featuredmedia":[{"embeddable":true,"href":"https:\/\/denizcankizil.tr\/en\/wp-json\/wp\/v2\/media\/17786"}],"wp:attachment":[{"href":"https:\/\/denizcankizil.tr\/en\/wp-json\/wp\/v2\/media?parent=17785"}],"wp:term":[{"taxonomy":"category","embeddable":true,"href":"https:\/\/denizcankizil.tr\/en\/wp-json\/wp\/v2\/categories?post=17785"},{"taxonomy":"post_tag","embeddable":true,"href":"https:\/\/denizcankizil.tr\/en\/wp-json\/wp\/v2\/tags?post=17785"}],"curies":[{"name":"wp","href":"https:\/\/api.w.org\/{rel}","templated":true}]}}