{"id":17370,"date":"2024-11-24T12:41:15","date_gmt":"2024-11-24T09:41:15","guid":{"rendered":"https:\/\/denizcankizil.tr\/uncategorized-tr\/mersinde-kar-sagisi-ulasimi-felc-etti-mut-sertavul-gecidi-ulasima-kapandi\/"},"modified":"2024-11-24T12:41:15","modified_gmt":"2024-11-24T09:41:15","slug":"mersinde-kar-sagisi-ulasimi-felc-etti-mut-sertavul-gecidi-ulasima-kapandi","status":"publish","type":"post","link":"https:\/\/denizcankizil.tr\/en\/haberler\/gundem\/mersinde-kar-sagisi-ulasimi-felc-etti-mut-sertavul-gecidi-ulasima-kapandi\/","title":{"rendered":"Mersin&#8217;de kar sa\u011f\u0131\u015f\u0131 ula\u015f\u0131m\u0131 fel\u00e7 etti! Mut Sertavul ge\u00e7idi ula\u015f\u0131ma kapand\u0131"},"content":{"rendered":"<p>Mersin&#8217;in Mut il\u00e7esinden \u0130\u00e7 Anadolu B\u00f6lgesi\u2019ni Akdeniz B\u00f6lgesi\u2019ne ba\u011flayan Sertavul Ge\u00e7idi yo\u011fun kar, tipi ve sis nedeniyle ula\u015f\u0131ma kapand\u0131.<\/p>\n<p>KAR YA\u011eI\u015eI, S\u0130S VE T\u0130P\u0130 ULA\u015eIMI KAPATTI\u00a0<\/p>\n<p>Meteorolojinin uyard\u0131\u011f\u0131 kar ve f\u0131rt\u0131na Mersin Mut il\u00e7esi ile Karaman aras\u0131nda Sertavul b\u00f6lgesinde etkili oldu\u011fu bildirildi. Kar ya\u011f\u0131\u015f\u0131, sis ve tipi nedeniyle Sertavul ge\u00e7idinde ula\u015f\u0131m sa\u011flanamad\u0131\u011f\u0131 \u00f6\u011frenildi. Karayollar\u0131 ve Mersin B\u00fcy\u00fck\u015fehir Belediyesi Mut \u015eube M\u00fcd\u00fcrl\u00fc\u011f\u00fc ekiplerinin b\u00f6lgede \u00e7al\u0131\u015fma yapt\u0131\u011f\u0131 aktar\u0131ld\u0131.<\/p>\n<p>B\u00d6LGEDE ARA\u00c7LAR DURDURULDU\u00a0<\/p>\n<p>Kar, tipi ve sis nedeniyle Karaman&#8217;dan Mut istikametine giden ara\u00e7lar\u0131n Sertavul ge\u00e7idinde, Mut&#8217;tan Karaman istikametinde olan ara\u00e7lar\u0131n ise Mut il\u00e7esine ba\u011fl\u0131 Yap\u0131nt\u0131 Mahallesi Zeytin alan\u0131 mevkiinde durdurularak gidi\u015flerine izin verilmedi\u011fi belirtildi.\u00a0\u00a0 \u00a0 \u00a0 \u00a0 \u00a0 \u00a0 \u00a0 \u00a0 \u00a0 \u00a0 \u00a0 \u00a0 \u00a0 \u00a0 \u00a0 \u00a0 \u00a0<\/p>\n<p>\u200bMeteorolojinin uyar\u0131da bulundu\u011fu Mersin&#8217;in Mut il\u00e7esinde kar ya\u011f\u0131\u015f\u0131 ula\u015f\u0131m\u0131 fel\u00e7 etti. Akdeniz B\u00f6lgesi\u2019ne ba\u011flant\u0131y\u0131 sa\u011flayan Sertavul Ge\u00e7idi kar ya\u011f\u0131\u015f\u0131 nedeniyle trafi\u011fe kapat\u0131ld\u0131.\u00a0<\/p>\n<p>\u200bHaberin Al\u0131nt\u0131land\u0131\u011f\u0131 Kaynak: www.antalyakorfez.com<\/p>","protected":false},"excerpt":{"rendered":"<p>Mersin&#8217;in Mut il\u00e7esinden \u0130\u00e7 Anadolu B\u00f6lgesi\u2019ni Akdeniz B\u00f6lgesi\u2019ne ba\u011flayan Sertavul Ge\u00e7idi yo\u011fun kar, tipi ve sis nedeniyle ula\u015f\u0131ma kapand\u0131. KAR YA\u011eI\u015eI, S\u0130S VE T\u0130P\u0130 ULA\u015eIMI KAPATTI\u00a0 Meteorolojinin uyard\u0131\u011f\u0131 kar ve f\u0131rt\u0131na Mersin Mut il\u00e7esi ile Karaman aras\u0131nda Sertavul b\u00f6lgesinde etkili oldu\u011fu bildirildi. Kar ya\u011f\u0131\u015f\u0131, sis ve tipi nedeniyle Sertavul ge\u00e7idinde ula\u015f\u0131m sa\u011flanamad\u0131\u011f\u0131 \u00f6\u011frenildi. Karayollar\u0131 ve Mersin B\u00fcy\u00fck\u015fehir Belediyesi Mut \u015eube M\u00fcd\u00fcrl\u00fc\u011f\u00fc ekiplerinin b\u00f6lgede \u00e7al\u0131\u015fma yapt\u0131\u011f\u0131 aktar\u0131ld\u0131. B\u00d6LGEDE ARA\u00c7LAR DURDURULDU\u00a0 Kar, tipi ve sis nedeniyle Karaman&#8217;dan Mut istikametine giden ara\u00e7lar\u0131n Sertavul ge\u00e7idinde, Mut&#8217;tan Karaman istikametinde olan ara\u00e7lar\u0131n ise Mut il\u00e7esine ba\u011fl\u0131 Yap\u0131nt\u0131 Mahallesi Zeytin alan\u0131 mevkiinde durdurularak gidi\u015flerine izin verilmedi\u011fi belirtildi.\u00a0\u00a0 \u00a0 \u00a0 \u00a0 \u00a0 \u00a0 \u00a0 \u00a0 \u00a0 \u00a0 \u00a0 \u00a0 \u00a0 \u00a0 \u00a0 \u00a0 \u00a0 \u200bMeteorolojinin uyar\u0131da bulundu\u011fu Mersin&#8217;in Mut il\u00e7esinde kar ya\u011f\u0131\u015f\u0131 ula\u015f\u0131m\u0131 fel\u00e7 etti. Akdeniz B\u00f6lgesi\u2019ne ba\u011flant\u0131y\u0131 sa\u011flayan Sertavul Ge\u00e7idi kar ya\u011f\u0131\u015f\u0131 nedeniyle trafi\u011fe kapat\u0131ld\u0131.\u00a0 \u200bHaberin Al\u0131nt\u0131land\u0131\u011f\u0131 Kaynak: www.antalyakorfez.com<\/p>","protected":false},"author":0,"featured_media":0,"comment_status":"open","ping_status":"open","sticky":false,"template":"","format":"standard","meta":{"_acf_changed":false,"footnotes":""},"categories":[24,535],"tags":[],"class_list":["post-17370","post","type-post","status-publish","format-standard","has-post-thumbnail","hentry","category-gundem","category-uncategorized-tr"],"acf":[],"yoast_head":"<!-- This site is optimized with the Yoast SEO Premium plugin v26.6 (Yoast SEO v27.1.1) - https:\/\/yoast.com\/product\/yoast-seo-premium-wordpress\/ -->\n<title>Mersin&#039;de kar sa\u011f\u0131\u015f\u0131 ula\u015f\u0131m\u0131 fel\u00e7 etti! Mut Sertavul ge\u00e7idi ula\u015f\u0131ma kapand\u0131 - Av. Deniz Can K\u0131z\u0131l<\/title>\n<meta name=\"robots\" content=\"index, follow, max-snippet:-1, max-image-preview:large, max-video-preview:-1\" \/>\n<link rel=\"canonical\" href=\"https:\/\/denizcankizil.tr\/en\/haberler\/gundem\/mersinde-kar-sagisi-ulasimi-felc-etti-mut-sertavul-gecidi-ulasima-kapandi\/\" \/>\n<meta property=\"og:locale\" content=\"en_GB\" \/>\n<meta property=\"og:type\" content=\"article\" \/>\n<meta property=\"og:title\" content=\"Mersin&#039;de kar sa\u011f\u0131\u015f\u0131 ula\u015f\u0131m\u0131 fel\u00e7 etti! Mut Sertavul ge\u00e7idi ula\u015f\u0131ma kapand\u0131\" \/>\n<meta property=\"og:description\" content=\"Mersin&#8217;in Mut il\u00e7esinden \u0130\u00e7 Anadolu B\u00f6lgesi\u2019ni Akdeniz B\u00f6lgesi\u2019ne ba\u011flayan Sertavul Ge\u00e7idi yo\u011fun kar, tipi ve sis nedeniyle ula\u015f\u0131ma kapand\u0131. KAR YA\u011eI\u015eI, S\u0130S VE T\u0130P\u0130 ULA\u015eIMI KAPATTI\u00a0 Meteorolojinin uyard\u0131\u011f\u0131 kar ve f\u0131rt\u0131na Mersin Mut il\u00e7esi ile Karaman aras\u0131nda Sertavul b\u00f6lgesinde etkili oldu\u011fu bildirildi. Kar ya\u011f\u0131\u015f\u0131, sis ve tipi nedeniyle Sertavul ge\u00e7idinde ula\u015f\u0131m sa\u011flanamad\u0131\u011f\u0131 \u00f6\u011frenildi. Karayollar\u0131 ve Mersin B\u00fcy\u00fck\u015fehir Belediyesi Mut \u015eube M\u00fcd\u00fcrl\u00fc\u011f\u00fc ekiplerinin b\u00f6lgede \u00e7al\u0131\u015fma yapt\u0131\u011f\u0131 aktar\u0131ld\u0131. B\u00d6LGEDE ARA\u00c7LAR DURDURULDU\u00a0 Kar, tipi ve sis nedeniyle Karaman&#8217;dan Mut istikametine giden ara\u00e7lar\u0131n Sertavul ge\u00e7idinde, Mut&#8217;tan Karaman istikametinde olan ara\u00e7lar\u0131n ise Mut il\u00e7esine ba\u011fl\u0131 Yap\u0131nt\u0131 Mahallesi Zeytin alan\u0131 mevkiinde durdurularak gidi\u015flerine izin verilmedi\u011fi belirtildi.\u00a0\u00a0 \u00a0 \u00a0 \u00a0 \u00a0 \u00a0 \u00a0 \u00a0 \u00a0 \u00a0 \u00a0 \u00a0 \u00a0 \u00a0 \u00a0 \u00a0 \u00a0 \u200bMeteorolojinin uyar\u0131da bulundu\u011fu Mersin&#8217;in Mut il\u00e7esinde kar ya\u011f\u0131\u015f\u0131 ula\u015f\u0131m\u0131 fel\u00e7 etti. Akdeniz B\u00f6lgesi\u2019ne ba\u011flant\u0131y\u0131 sa\u011flayan Sertavul Ge\u00e7idi kar ya\u011f\u0131\u015f\u0131 nedeniyle trafi\u011fe kapat\u0131ld\u0131.\u00a0 \u200bHaberin Al\u0131nt\u0131land\u0131\u011f\u0131 Kaynak: www.antalyakorfez.com\" \/>\n<meta property=\"og:url\" content=\"https:\/\/denizcankizil.tr\/en\/haberler\/gundem\/mersinde-kar-sagisi-ulasimi-felc-etti-mut-sertavul-gecidi-ulasima-kapandi\/\" \/>\n<meta property=\"og:site_name\" content=\"Av. Deniz Can K\u0131z\u0131l\" \/>\n<meta property=\"article:published_time\" content=\"2024-11-24T09:41:15+00:00\" \/>\n<meta name=\"twitter:card\" content=\"summary_large_image\" \/>\n<meta name=\"twitter:label1\" content=\"Estimated reading time\" \/>\n\t<meta name=\"twitter:data1\" content=\"1 minute\" \/>\n<script type=\"application\/ld+json\" class=\"yoast-schema-graph\">{\"@context\":\"https:\/\/schema.org\",\"@graph\":[{\"@type\":\"Article\",\"@id\":\"https:\/\/denizcankizil.tr\/en\/haberler\/gundem\/mersinde-kar-sagisi-ulasimi-felc-etti-mut-sertavul-gecidi-ulasima-kapandi\/#article\",\"isPartOf\":{\"@id\":\"https:\/\/denizcankizil.tr\/en\/haberler\/gundem\/mersinde-kar-sagisi-ulasimi-felc-etti-mut-sertavul-gecidi-ulasima-kapandi\/\"},\"author\":{\"name\":\"\",\"@id\":\"\"},\"headline\":\"Mersin&#8217;de kar sa\u011f\u0131\u015f\u0131 ula\u015f\u0131m\u0131 fel\u00e7 etti! Mut Sertavul ge\u00e7idi ula\u015f\u0131ma kapand\u0131\",\"datePublished\":\"2024-11-24T09:41:15+00:00\",\"mainEntityOfPage\":{\"@id\":\"https:\/\/denizcankizil.tr\/en\/haberler\/gundem\/mersinde-kar-sagisi-ulasimi-felc-etti-mut-sertavul-gecidi-ulasima-kapandi\/\"},\"wordCount\":203,\"commentCount\":0,\"publisher\":{\"@id\":\"https:\/\/denizcankizil.tr\/de\/#organization\"},\"articleSection\":[\"G\u00fcndem\",\"Uncategorized\"],\"inLanguage\":\"en-GB\",\"potentialAction\":[{\"@type\":\"CommentAction\",\"name\":\"Comment\",\"target\":[\"https:\/\/denizcankizil.tr\/en\/haberler\/gundem\/mersinde-kar-sagisi-ulasimi-felc-etti-mut-sertavul-gecidi-ulasima-kapandi\/#respond\"]}]},{\"@type\":\"WebPage\",\"@id\":\"https:\/\/denizcankizil.tr\/en\/haberler\/gundem\/mersinde-kar-sagisi-ulasimi-felc-etti-mut-sertavul-gecidi-ulasima-kapandi\/\",\"url\":\"https:\/\/denizcankizil.tr\/en\/haberler\/gundem\/mersinde-kar-sagisi-ulasimi-felc-etti-mut-sertavul-gecidi-ulasima-kapandi\/\",\"name\":\"Mersin'de kar sa\u011f\u0131\u015f\u0131 ula\u015f\u0131m\u0131 fel\u00e7 etti! Mut Sertavul ge\u00e7idi ula\u015f\u0131ma kapand\u0131 - Av. Deniz Can K\u0131z\u0131l\",\"isPartOf\":{\"@id\":\"https:\/\/denizcankizil.tr\/de\/#website\"},\"datePublished\":\"2024-11-24T09:41:15+00:00\",\"breadcrumb\":{\"@id\":\"https:\/\/denizcankizil.tr\/en\/haberler\/gundem\/mersinde-kar-sagisi-ulasimi-felc-etti-mut-sertavul-gecidi-ulasima-kapandi\/#breadcrumb\"},\"inLanguage\":\"en-GB\",\"potentialAction\":[{\"@type\":\"ReadAction\",\"target\":[\"https:\/\/denizcankizil.tr\/en\/haberler\/gundem\/mersinde-kar-sagisi-ulasimi-felc-etti-mut-sertavul-gecidi-ulasima-kapandi\/\"]}]},{\"@type\":\"BreadcrumbList\",\"@id\":\"https:\/\/denizcankizil.tr\/en\/haberler\/gundem\/mersinde-kar-sagisi-ulasimi-felc-etti-mut-sertavul-gecidi-ulasima-kapandi\/#breadcrumb\",\"itemListElement\":[{\"@type\":\"ListItem\",\"position\":1,\"name\":\"Home\",\"item\":\"https:\/\/denizcankizil.tr\/de\/\"},{\"@type\":\"ListItem\",\"position\":2,\"name\":\"Mersin&#8217;de kar sa\u011f\u0131\u015f\u0131 ula\u015f\u0131m\u0131 fel\u00e7 etti! Mut Sertavul ge\u00e7idi ula\u015f\u0131ma kapand\u0131\"}]},{\"@type\":\"WebSite\",\"@id\":\"https:\/\/denizcankizil.tr\/de\/#website\",\"url\":\"https:\/\/denizcankizil.tr\/de\/\",\"name\":\"Av. Deniz Can K\u0131z\u0131l\",\"description\":\"Avukat Deniz Can K\u0131z\u0131l Antalya Barosu\",\"publisher\":{\"@id\":\"https:\/\/denizcankizil.tr\/de\/#organization\"},\"potentialAction\":[{\"@type\":\"SearchAction\",\"target\":{\"@type\":\"EntryPoint\",\"urlTemplate\":\"https:\/\/denizcankizil.tr\/de\/?s={search_term_string}\"},\"query-input\":{\"@type\":\"PropertyValueSpecification\",\"valueRequired\":true,\"valueName\":\"search_term_string\"}}],\"inLanguage\":\"en-GB\"},{\"@type\":\"Organization\",\"@id\":\"https:\/\/denizcankizil.tr\/de\/#organization\",\"name\":\"Av. Deniz Can K\u0131z\u0131l\",\"url\":\"https:\/\/denizcankizil.tr\/de\/\",\"logo\":{\"@type\":\"ImageObject\",\"inLanguage\":\"en-GB\",\"@id\":\"https:\/\/denizcankizil.tr\/de\/#\/schema\/logo\/image\/\",\"url\":\"https:\/\/denizcankizil.tr\/wp-content\/uploads\/2024\/10\/siyah-logo-svg.svg\",\"contentUrl\":\"https:\/\/denizcankizil.tr\/wp-content\/uploads\/2024\/10\/siyah-logo-svg.svg\",\"width\":1080,\"height\":1080,\"caption\":\"Av. Deniz Can K\u0131z\u0131l\"},\"image\":{\"@id\":\"https:\/\/denizcankizil.tr\/de\/#\/schema\/logo\/image\/\"}}]}<\/script>\n<!-- \/ Yoast SEO Premium plugin. -->","yoast_head_json":{"title":"Mersin'de kar sa\u011f\u0131\u015f\u0131 ula\u015f\u0131m\u0131 fel\u00e7 etti! Mut Sertavul ge\u00e7idi ula\u015f\u0131ma kapand\u0131 - Av. Deniz Can K\u0131z\u0131l","robots":{"index":"index","follow":"follow","max-snippet":"max-snippet:-1","max-image-preview":"max-image-preview:large","max-video-preview":"max-video-preview:-1"},"canonical":"https:\/\/denizcankizil.tr\/en\/haberler\/gundem\/mersinde-kar-sagisi-ulasimi-felc-etti-mut-sertavul-gecidi-ulasima-kapandi\/","og_locale":"en_GB","og_type":"article","og_title":"Mersin'de kar sa\u011f\u0131\u015f\u0131 ula\u015f\u0131m\u0131 fel\u00e7 etti! Mut Sertavul ge\u00e7idi ula\u015f\u0131ma kapand\u0131","og_description":"Mersin&#8217;in Mut il\u00e7esinden \u0130\u00e7 Anadolu B\u00f6lgesi\u2019ni Akdeniz B\u00f6lgesi\u2019ne ba\u011flayan Sertavul Ge\u00e7idi yo\u011fun kar, tipi ve sis nedeniyle ula\u015f\u0131ma kapand\u0131. KAR YA\u011eI\u015eI, S\u0130S VE T\u0130P\u0130 ULA\u015eIMI KAPATTI\u00a0 Meteorolojinin uyard\u0131\u011f\u0131 kar ve f\u0131rt\u0131na Mersin Mut il\u00e7esi ile Karaman aras\u0131nda Sertavul b\u00f6lgesinde etkili oldu\u011fu bildirildi. Kar ya\u011f\u0131\u015f\u0131, sis ve tipi nedeniyle Sertavul ge\u00e7idinde ula\u015f\u0131m sa\u011flanamad\u0131\u011f\u0131 \u00f6\u011frenildi. Karayollar\u0131 ve Mersin B\u00fcy\u00fck\u015fehir Belediyesi Mut \u015eube M\u00fcd\u00fcrl\u00fc\u011f\u00fc ekiplerinin b\u00f6lgede \u00e7al\u0131\u015fma yapt\u0131\u011f\u0131 aktar\u0131ld\u0131. B\u00d6LGEDE ARA\u00c7LAR DURDURULDU\u00a0 Kar, tipi ve sis nedeniyle Karaman&#8217;dan Mut istikametine giden ara\u00e7lar\u0131n Sertavul ge\u00e7idinde, Mut&#8217;tan Karaman istikametinde olan ara\u00e7lar\u0131n ise Mut il\u00e7esine ba\u011fl\u0131 Yap\u0131nt\u0131 Mahallesi Zeytin alan\u0131 mevkiinde durdurularak gidi\u015flerine izin verilmedi\u011fi belirtildi.\u00a0\u00a0 \u00a0 \u00a0 \u00a0 \u00a0 \u00a0 \u00a0 \u00a0 \u00a0 \u00a0 \u00a0 \u00a0 \u00a0 \u00a0 \u00a0 \u00a0 \u00a0 \u200bMeteorolojinin uyar\u0131da bulundu\u011fu Mersin&#8217;in Mut il\u00e7esinde kar ya\u011f\u0131\u015f\u0131 ula\u015f\u0131m\u0131 fel\u00e7 etti. Akdeniz B\u00f6lgesi\u2019ne ba\u011flant\u0131y\u0131 sa\u011flayan Sertavul Ge\u00e7idi kar ya\u011f\u0131\u015f\u0131 nedeniyle trafi\u011fe kapat\u0131ld\u0131.\u00a0 \u200bHaberin Al\u0131nt\u0131land\u0131\u011f\u0131 Kaynak: www.antalyakorfez.com","og_url":"https:\/\/denizcankizil.tr\/en\/haberler\/gundem\/mersinde-kar-sagisi-ulasimi-felc-etti-mut-sertavul-gecidi-ulasima-kapandi\/","og_site_name":"Av. Deniz Can K\u0131z\u0131l","article_published_time":"2024-11-24T09:41:15+00:00","twitter_card":"summary_large_image","twitter_misc":{"Estimated reading time":"1 minute"},"schema":{"@context":"https:\/\/schema.org","@graph":[{"@type":"Article","@id":"https:\/\/denizcankizil.tr\/en\/haberler\/gundem\/mersinde-kar-sagisi-ulasimi-felc-etti-mut-sertavul-gecidi-ulasima-kapandi\/#article","isPartOf":{"@id":"https:\/\/denizcankizil.tr\/en\/haberler\/gundem\/mersinde-kar-sagisi-ulasimi-felc-etti-mut-sertavul-gecidi-ulasima-kapandi\/"},"author":{"name":"","@id":""},"headline":"Mersin&#8217;de kar sa\u011f\u0131\u015f\u0131 ula\u015f\u0131m\u0131 fel\u00e7 etti! Mut Sertavul ge\u00e7idi ula\u015f\u0131ma kapand\u0131","datePublished":"2024-11-24T09:41:15+00:00","mainEntityOfPage":{"@id":"https:\/\/denizcankizil.tr\/en\/haberler\/gundem\/mersinde-kar-sagisi-ulasimi-felc-etti-mut-sertavul-gecidi-ulasima-kapandi\/"},"wordCount":203,"commentCount":0,"publisher":{"@id":"https:\/\/denizcankizil.tr\/de\/#organization"},"articleSection":["G\u00fcndem","Uncategorized"],"inLanguage":"en-GB","potentialAction":[{"@type":"CommentAction","name":"Comment","target":["https:\/\/denizcankizil.tr\/en\/haberler\/gundem\/mersinde-kar-sagisi-ulasimi-felc-etti-mut-sertavul-gecidi-ulasima-kapandi\/#respond"]}]},{"@type":"WebPage","@id":"https:\/\/denizcankizil.tr\/en\/haberler\/gundem\/mersinde-kar-sagisi-ulasimi-felc-etti-mut-sertavul-gecidi-ulasima-kapandi\/","url":"https:\/\/denizcankizil.tr\/en\/haberler\/gundem\/mersinde-kar-sagisi-ulasimi-felc-etti-mut-sertavul-gecidi-ulasima-kapandi\/","name":"Mersin'de kar sa\u011f\u0131\u015f\u0131 ula\u015f\u0131m\u0131 fel\u00e7 etti! Mut Sertavul ge\u00e7idi ula\u015f\u0131ma kapand\u0131 - Av. Deniz Can K\u0131z\u0131l","isPartOf":{"@id":"https:\/\/denizcankizil.tr\/de\/#website"},"datePublished":"2024-11-24T09:41:15+00:00","breadcrumb":{"@id":"https:\/\/denizcankizil.tr\/en\/haberler\/gundem\/mersinde-kar-sagisi-ulasimi-felc-etti-mut-sertavul-gecidi-ulasima-kapandi\/#breadcrumb"},"inLanguage":"en-GB","potentialAction":[{"@type":"ReadAction","target":["https:\/\/denizcankizil.tr\/en\/haberler\/gundem\/mersinde-kar-sagisi-ulasimi-felc-etti-mut-sertavul-gecidi-ulasima-kapandi\/"]}]},{"@type":"BreadcrumbList","@id":"https:\/\/denizcankizil.tr\/en\/haberler\/gundem\/mersinde-kar-sagisi-ulasimi-felc-etti-mut-sertavul-gecidi-ulasima-kapandi\/#breadcrumb","itemListElement":[{"@type":"ListItem","position":1,"name":"Home","item":"https:\/\/denizcankizil.tr\/de\/"},{"@type":"ListItem","position":2,"name":"Mersin&#8217;de kar sa\u011f\u0131\u015f\u0131 ula\u015f\u0131m\u0131 fel\u00e7 etti! Mut Sertavul ge\u00e7idi ula\u015f\u0131ma kapand\u0131"}]},{"@type":"WebSite","@id":"https:\/\/denizcankizil.tr\/de\/#website","url":"https:\/\/denizcankizil.tr\/de\/","name":"Av. Deniz Can K\u0131z\u0131l","description":"Avukat Deniz Can K\u0131z\u0131l Antalya Barosu","publisher":{"@id":"https:\/\/denizcankizil.tr\/de\/#organization"},"potentialAction":[{"@type":"SearchAction","target":{"@type":"EntryPoint","urlTemplate":"https:\/\/denizcankizil.tr\/de\/?s={search_term_string}"},"query-input":{"@type":"PropertyValueSpecification","valueRequired":true,"valueName":"search_term_string"}}],"inLanguage":"en-GB"},{"@type":"Organization","@id":"https:\/\/denizcankizil.tr\/de\/#organization","name":"Av. Deniz Can K\u0131z\u0131l","url":"https:\/\/denizcankizil.tr\/de\/","logo":{"@type":"ImageObject","inLanguage":"en-GB","@id":"https:\/\/denizcankizil.tr\/de\/#\/schema\/logo\/image\/","url":"https:\/\/denizcankizil.tr\/wp-content\/uploads\/2024\/10\/siyah-logo-svg.svg","contentUrl":"https:\/\/denizcankizil.tr\/wp-content\/uploads\/2024\/10\/siyah-logo-svg.svg","width":1080,"height":1080,"caption":"Av. Deniz Can K\u0131z\u0131l"},"image":{"@id":"https:\/\/denizcankizil.tr\/de\/#\/schema\/logo\/image\/"}}]}},"_links":{"self":[{"href":"https:\/\/denizcankizil.tr\/en\/wp-json\/wp\/v2\/posts\/17370","targetHints":{"allow":["GET"]}}],"collection":[{"href":"https:\/\/denizcankizil.tr\/en\/wp-json\/wp\/v2\/posts"}],"about":[{"href":"https:\/\/denizcankizil.tr\/en\/wp-json\/wp\/v2\/types\/post"}],"replies":[{"embeddable":true,"href":"https:\/\/denizcankizil.tr\/en\/wp-json\/wp\/v2\/comments?post=17370"}],"version-history":[{"count":0,"href":"https:\/\/denizcankizil.tr\/en\/wp-json\/wp\/v2\/posts\/17370\/revisions"}],"wp:attachment":[{"href":"https:\/\/denizcankizil.tr\/en\/wp-json\/wp\/v2\/media?parent=17370"}],"wp:term":[{"taxonomy":"category","embeddable":true,"href":"https:\/\/denizcankizil.tr\/en\/wp-json\/wp\/v2\/categories?post=17370"},{"taxonomy":"post_tag","embeddable":true,"href":"https:\/\/denizcankizil.tr\/en\/wp-json\/wp\/v2\/tags?post=17370"}],"curies":[{"name":"wp","href":"https:\/\/api.w.org\/{rel}","templated":true}]}}