{"id":17247,"date":"2024-11-23T14:55:50","date_gmt":"2024-11-23T11:55:50","guid":{"rendered":"https:\/\/denizcankizil.tr\/uncategorized-tr\/vesayet-ve-vesayetin-sona-ermesi-hukuki-cerceve-ve-uygulama\/"},"modified":"2025-03-16T00:46:29","modified_gmt":"2025-03-15T21:46:29","slug":"vesayet-ve-vesayetin-sona-ermesi-hukuki-cerceve-ve-uygulama","status":"publish","type":"post","link":"https:\/\/denizcankizil.tr\/en\/koseyazilari\/degerlendirme\/vesayet-ve-vesayetin-sona-ermesi-hukuki-cerceve-ve-uygulama\/","title":{"rendered":"Vesayet ve Vesayetin Sona Ermesi: Hukuki \u00c7er\u00e7eve ve Uygulama"},"content":{"rendered":"<p> <strong>Vesayet ve \u200bVesayetin Sona\u2064 Ermesi: Hukuki \u00c7er\u00e7eve \u200dve Uygulama<\/strong><\/p>\n<p>Vesayet, bireylerin hukuki ehliyetlerinin k\u0131s\u0131tland\u0131\u011f\u0131 durumlarda, onlar\u0131n\u2062 hak \u200dve menfaatlerini koruma amac\u0131 \u200cg\u00fcden bir hukuki m\u00fcessesedir. \u2062T\u00fcrk \u200dMedeni Kanunu\u2019nda d\u00fczenlenen <a href=\"https:\/\/denizcankizil.tr\/en\/seo\/bosanma-avukati-hangi-dava-turlerine-bakar-antalyadaki-adliye-ve-mahkemeler-listesi-nelerdir-antalyanin-ilceleri-hangileridir\/\" title=\"Bo\u015fanma Avukat\u0131 Hangi Dava T\u00fcrlerine Bakar ? Antalya&#039;daki Adliye ve Mahkemeler Listesi Nelerdir? Antalya&#039;n\u0131n il\u00e7eleri hangileridir?\">vesayet<\/a>,\u2064 \u00f6zellikle ak\u0131l hastal\u0131\u011f\u0131, bedensel engel veya benzeri\u200c sebeplerle kendi kendine karar verme yetene\u011fi \u200dbulunmayan bireyler \u200di\u00e7in bir koruma mekanizmas\u0131 i\u015flevi g\u00f6rmektedir.\u2062 Bu ba\u011flamda, \u2064vesayet uygulamalar\u0131, hem bireylerin haklar\u0131n\u0131n g\u00fcvence alt\u0131na al\u0131nmas\u0131 hem de toplumsal d\u00fczenin sa\u011flanmas\u0131 a\u00e7\u0131s\u0131ndan\u2063 b\u00fcy\u00fck bir \u2062\u00f6neme sahiptir. <\/p>\n<p>Vesayetin sona ermesi ise, vesayet alt\u0131ndaki bireyin durumunun de\u011fi\u015fmesi \u200cveya \u200cvesayet karar\u0131n\u0131n kald\u0131r\u0131lmas\u0131 ile ger\u00e7ekle\u015fir. \u2062Bu \u200bs\u00fcre\u00e7, hukukun temel \u2062ilkeleri do\u011frultusunda titizlikle y\u00fcr\u00fct\u00fclmesi\u200c gereken \u2063bir dizi prosed\u00fcr\u00fc \u2062i\u00e7ermektedir. \u200cBu \u2063makalede, vesayetin hukuki \u00e7er\u00e7evesi, uygulama alanlar\u0131 ve vesayetin\u200c sona erme\u200d ko\u015fullar\u0131 detayl\u0131 bir \u2062\u015fekilde ele al\u0131nacak; <a href=\"https:\/\/denizcankizil.tr\/en\/hukukihaber\/banka-calisanindan-yuksek-kar-vaadiyle-100-milyon-dolarlik-vurgun-iddiasi\/\" title=\"Banka \u00e7al\u0131\u015fan\u0131ndan &#039;y\u00fcksek k\u00e2r vaadiyle 100 milyon dolarl\u0131k vurgun&#039; iddias\u0131\">Moreover<\/a>, T\u00fcrk hukuk sistemindeki yeri \u200cve \u00f6nemi \u200c\u00fczerinde durulacakt\u0131r. B\u00f6ylece, vesayet m\u00fcessesesinin i\u015fleyi\u015fi ve\u200c sona \u200derme\u2063 s\u00fcre\u00e7leri hakk\u0131nda kapsaml\u0131 bir anlay\u0131\u015f\u200c sa\u011flanmas\u0131 hedeflenmektedir.<br \/><img decoding=\"async\" class=\"kimage_class lazyload\" data-src=\"https:\/\/denizcankizil.tr\/wp-content\/uploads\/2024\/10\/x504-1.jpg\" alt=\"Vesayet Kurumunun Tan\u0131m\u0131\u200d ve Tarihsel \u200dGeli\u015fimi\" src=\"data:image\/svg+xml;base64,PHN2ZyB3aWR0aD0iMSIgaGVpZ2h0PSIxIiB4bWxucz0iaHR0cDovL3d3dy53My5vcmcvMjAwMC9zdmciPjwvc3ZnPg==\"><\/p>\n<h2 id=\"vesayet-kurumunun-tanimi-ve-tarihsel-gelisimi\">Vesayet Kurumunun Tan\u0131m\u0131 ve Tarihsel Geli\u015fimi<\/h2>\n<div class=\"post-section\">\n<p>Vesayet, \u2062hukuki\u2062 anlamda,\u2063 bir\u2064 ki\u015finin \u200cveya kurumun, ba\u015fka\u200b bir ki\u015finin hukuki\u200c i\u015flemlerini ger\u00e7ekle\u015ftirmesi veya onun \u2063haklar\u0131n\u0131 korumas\u0131 amac\u0131yla atand\u0131\u011f\u0131 bir d\u00fczenlemeyi ifade eder. Bu kurum, \u00f6zellikle ak\u0131l sa\u011fl\u0131\u011f\u0131 yerinde olmayan\u2063 veya yasal ehliyeti k\u0131s\u0131tl\u0131 olan bireylerin haklar\u0131n\u0131n korunmas\u0131 i\u00e7in \u00f6nemli bir mekanizma olarak \u00f6ne \u2064\u00e7\u0131kmaktad\u0131r. Vesayet,\u200c bireylerin kendi iradeleriyle hareket edemedi\u011fi durumlarda, onlar\u0131n menfaatlerini g\u00f6zetmek \u200camac\u0131yla devreye \u2064girer.<\/p>\n<p>Tarihsel\u2064 olarak, vesayet kurumu, Roma Hukuku&#8217;na kadar uzanan k\u00f6kl\u00fc\u200d bir\u200d ge\u00e7mi\u015fe sahiptir. Roma d\u00f6neminde,\u200c vesayet, \u2062\u00f6zellikle \u00e7ocuklar\u0131n ve ak\u0131l \u200chastalar\u0131n\u0131n korunmas\u0131 \u2064amac\u0131yla uygulanmaktayd\u0131. Zamanla, bu kurum, farkl\u0131 hukuk\u200b sistemlerinde \u2062\u00e7e\u015fitli\u200d \u015fekillerde geli\u015fim\u2063 g\u00f6stermi\u015ftir. T\u00fcrkiye&#8217;de ise, vesayet \u200bkurumu, Medeni Kanun&#8217;un kabul\u00fc ile \u2063birlikte modern bir \u00e7er\u00e7eveye \u2063kavu\u015fturulmu\u015ftur. Bu ba\u011flamda,\u2062 T\u00fcrk Medeni \u2063Kanunu, vesayetle ilgili d\u00fczenlemeleri detayl\u0131 bir \u015fekilde ele alarak, bireylerin haklar\u0131n\u0131n g\u00fcvence alt\u0131na al\u0131nmas\u0131n\u0131 sa\u011flam\u0131\u015ft\u0131r.<\/p>\n<p>G\u00fcn\u00fcm\u00fczde vesayet, yaln\u0131zca ak\u0131l sa\u011fl\u0131\u011f\u0131 yerinde olmayan bireyler i\u00e7in de\u011fil, ayn\u0131 zamanda k\u00fc\u00e7\u00fck ya\u015ftaki\u200c \u00e7ocuklar i\u00e7in de uygulanmaktad\u0131r. \u2064Bu \u2063durum, vesayet kurumunun,\u2064 bireylerin korunmas\u0131 ve \u200chaklar\u0131n\u0131n g\u00fcvence alt\u0131na\u2063 al\u0131nmas\u0131 a\u00e7\u0131s\u0131ndan ne denli \u00f6nemli bir\u200b rol oynad\u0131\u011f\u0131n\u0131 g\u00f6stermektedir. Vesayet uygulamalar\u0131, mahkemeler arac\u0131l\u0131\u011f\u0131yla y\u00fcr\u00fct\u00fclmekte olup,\u2063 her \u2062bireyin menfaatinin \u00f6n planda tutulmas\u0131 \u2064esas\u0131yla hareket \u200dedilmektedir.<\/p>\n<\/div>\n<p><img decoding=\"async\" class=\"kimage_class lazyload\" data-src=\"https:\/\/denizcankizil.tr\/wp-content\/uploads\/2024\/10\/4376-antalyada-tuketici-hukuku-avukatlarinin-sorumluluklari.jpg\" alt=\"Vesayet\u200d T\u00fcrleri ve Uygulama\u200d Alanlar\u0131\" src=\"data:image\/svg+xml;base64,PHN2ZyB3aWR0aD0iMSIgaGVpZ2h0PSIxIiB4bWxucz0iaHR0cDovL3d3dy53My5vcmcvMjAwMC9zdmciPjwvc3ZnPg==\"><\/p>\n<h2 id=\"vesayet-turleri-ve-uygulama-alanlari\">Vesayet \u2062T\u00fcrleri\u200d ve \u200bUygulama Alanlar\u0131<\/h2>\n<p>Vesayet, bireylerin hukuki \u2063ehliyetlerinin\u200c k\u0131s\u0131tland\u0131\u011f\u0131\u2064 durumlarda,\u2064 onlar\u0131n haklar\u0131n\u0131\u200c korumak amac\u0131yla uygulanan bir hukuki d\u00fczenlemedir. T\u00fcrkiye&#8217;de vesayet, Medeni Kanun \u00e7er\u00e7evesinde belirli t\u00fcrlere ayr\u0131lmaktad\u0131r. Bu t\u00fcrler, bireylerin ihtiya\u00e7lar\u0131na\u2062 ve durumlar\u0131na\u200c g\u00f6re\u2062 farkl\u0131l\u0131k \u2062g\u00f6stermektedir. A\u015fa\u011f\u0131da, vesayet t\u00fcrleri ve\u2063 bu t\u00fcrlerin uygulama\u2062 alanlar\u0131 hakk\u0131nda detayl\u0131 bilgiler sunulmaktad\u0131r:<\/p>\n<ul>\n<li><strong>Genel Vesayet:<\/strong> Bireyin\u200c t\u00fcm hukuki i\u015flemlerini kapsayan bir \u200dvesayet t\u00fcr\u00fcd\u00fcr. Bu \u200ddurumda, vesayet alt\u0131ndaki ki\u015fi, kendi ad\u0131na\u200d hukuki i\u015flemler yapamaz ve t\u00fcm i\u015flemleri vesayet makam\u0131 taraf\u0131ndan y\u00fcr\u00fct\u00fcl\u00fcr.<\/li>\n<li><strong>\u00d6zel \u2064Vesayet:<\/strong> Belirli \u200bbir\u2062 konuda veya belirli bir mal varl\u0131\u011f\u0131 \u00fczerinde uygulanan vesayet \u200ct\u00fcr\u00fcd\u00fcr. \u00d6rne\u011fin, bir \u2062ki\u015finin yaln\u0131zca\u200c mal varl\u0131\u011f\u0131na ili\u015fkin i\u015flemleri i\u00e7in \u00f6zel bir vesayet\u200d atanabilir.<\/li>\n<li><strong>Yasal Vesayet:<\/strong> Medeni Kanun gere\u011fince, belirli durumlarda otomatik olarak ortaya \u00e7\u0131kan vesayet t\u00fcr\u00fcd\u00fcr. Bu t\u00fcr, bireyin hukuki \u200cehliyetinin k\u0131s\u0131tlanmas\u0131 gerekti\u011finde devreye \u200dgirer.<\/li>\n<li><strong>\u0130htiyari Vesayet:<\/strong> \u200bBireyin \u2063kendi talebi\u2063 \u00fczerine, belirli\u200b bir \u2063s\u00fcre i\u00e7in vesayet \u200calt\u0131na\u2062 al\u0131nmas\u0131n\u0131 istemesi \u200cdurumunda \u2064uygulanan vesayet t\u00fcr\u00fcd\u00fcr. Bu, genellikle \u200cbireyin ge\u00e7ici \u2064bir s\u00fcreyle \u2062hukuki i\u015flemlerini y\u00fcr\u00fctemeyecek \u200ddurumda \u2063oldu\u011fu hallerde tercih edilir.<\/li>\n<\/ul>\n<p>Vesayet \u2063uygulamalar\u0131, bireylerin haklar\u0131n\u0131n korunmas\u0131 ve hukuki i\u015flemlerinin g\u00fcvence \u200dalt\u0131na\u200d al\u0131nmas\u0131 \u200da\u00e7\u0131s\u0131ndan b\u00fcy\u00fck \u00f6nem ta\u015f\u0131maktad\u0131r. Her bir vesayet t\u00fcr\u00fc, kendi i\u00e7inde farkl\u0131 \u200cuygulama \u2064alanlar\u0131na sahiptir ve bu \u2062alanlar, bireylerin\u2064 ihtiya\u00e7lar\u0131na g\u00f6re \u015fekillenmektedir. Dolay\u0131s\u0131yla, vesayet t\u00fcrlerinin do\u011fru bir \u015fekilde belirlenmesi ve \u2062uygulanmas\u0131, hukukun temel prensiplerinden biri olarak kar\u015f\u0131m\u0131za \u00e7\u0131kmaktad\u0131r.<\/p>\n<p><img decoding=\"async\" class=\"kimage_class lazyload\" data-src=\"https:\/\/denizcankizil.tr\/wp-content\/uploads\/2024\/10\/P8RPY-253D.jpg\" alt=\"Vesayet S\u00fcrecinin \u2062Ba\u015flang\u0131c\u0131 ve Y\u00f6netimi\" src=\"data:image\/svg+xml;base64,PHN2ZyB3aWR0aD0iMSIgaGVpZ2h0PSIxIiB4bWxucz0iaHR0cDovL3d3dy53My5vcmcvMjAwMC9zdmciPjwvc3ZnPg==\"><\/p>\n<h2 id=\"vesayet-surecinin-baslangici-ve-yonetimi\">Vesayet S\u00fcrecinin Ba\u015flang\u0131c\u0131 ve Y\u00f6netimi<\/h2>\n<section>\n<p>Vesayet\u200b s\u00fcreci, bireylerin\u2064 hukuki ehliyetlerinin\u2063 k\u0131s\u0131tland\u0131\u011f\u0131 durumlarda devreye\u200d giren bir mekanizmad\u0131r. Bu s\u00fcre\u00e7, genellikle bireyin ak\u0131l sa\u011fl\u0131\u011f\u0131n\u0131n \u2063bozulmas\u0131, ya\u015fl\u0131l\u0131k veya fiziksel engeller gibi nedenlerle ba\u015flat\u0131lmaktad\u0131r. \u200bVesayet, <a href=\"https:\/\/denizcankizil.tr\/en\/hukukihaber\/aymden-can-atalay-icin-ikinci-kez-hak-ihlali-karari\/\" title=\"AYM&#039;den Can Atalay i\u00e7in ikinci kez hak ihlali karar\u0131\">mahkeme<\/a> karar\u0131 ile belirlenen bir vesayet makam\u0131 taraf\u0131ndan y\u00f6netilir ve bu makam, \u200bvesayet alt\u0131ndaki ki\u015finin menfaatlerini korumakla y\u00fck\u00fcml\u00fcd\u00fcr.<\/p>\n<p>Vesayet\u2064 s\u00fcrecinin ba\u015flang\u0131c\u0131,\u2064 mahkemeye \u2064yap\u0131lan ba\u015fvuru \u200cile\u2063 ger\u00e7ekle\u015fir. \u200bMahkeme, ba\u015fvuruyu de\u011ferlendirerek, vesayet\u2064 alt\u0131na al\u0131nacak ki\u015finin durumunu incelemek \u00fczere uzmanlardan rapor talep edebilir. Bu a\u015famada dikkate al\u0131nmas\u0131 gereken hususlar \u015funlard\u0131r:<\/p>\n<ul>\n<li><strong>Bireyin ak\u0131l sa\u011fl\u0131\u011f\u0131 durumu:<\/strong> Uzman \u2064raporlar\u0131, bireyin ak\u0131l \u2062sa\u011fl\u0131\u011f\u0131n\u0131n \u200dne d\u00fczeyde\u2064 oldu\u011funu belirlemede kritik \u00f6neme sahiptir.<\/li>\n<li><strong>Vesayet t\u00fcr\u00fc:<\/strong> Genel\u200c vesayet veya \u00f6zel vesayet gibi \u200cfarkl\u0131 vesayet\u2063 t\u00fcrleri, bireyin ihtiya\u00e7lar\u0131na g\u00f6re belirlenir.<\/li>\n<li><strong>Vesayet makam\u0131n\u0131n atanmas\u0131:<\/strong> Mahkeme, uygun bir\u200d vesayet \u2063makam\u0131\u2064 atayarak s\u00fcrecin\u2062 y\u00f6netimini sa\u011flar.<\/li>\n<\/ul>\n<p>Vesayet s\u00fcrecinin y\u00f6netimi, atanan \u200bvesayet makam\u0131n\u0131n sorumlulu\u011fundad\u0131r. Bu \u2064makam, \u200cvesayet alt\u0131ndaki bireyin\u2063 g\u00fcnl\u00fck ya\u015fam\u0131n\u0131 d\u00fczenlemek,\u200b mali i\u015flemlerini\u2064 y\u00f6netmek ve genel\u200c olarak onun haklar\u0131n\u0131 korumakla y\u00fck\u00fcml\u00fcd\u00fcr. \u2064Ayr\u0131ca, \u200dvesayet s\u00fcrecinin her a\u015famas\u0131nda mahkemeye\u200d d\u00fczenli \u200draporlar\u200d sunarak, bireyin durumunu ve ihtiya\u00e7lar\u0131n\u0131 g\u00fcncel tutmak zorundad\u0131r. Bu \u015fekilde, vesayet s\u00fcreci, bireyin \u200dhaklar\u0131n\u0131n korunmas\u0131 ve ya\u015fam kalitesinin art\u0131r\u0131lmas\u0131 amac\u0131yla etkin bir \u200d\u015fekilde \u2063y\u00fcr\u00fct\u00fclmektedir.<\/p>\n<\/section>\n<p><img decoding=\"async\" class=\"kimage_class lazyload\" data-src=\"https:\/\/denizcankizil.tr\/wp-content\/uploads\/2024\/10\/mpmXk-253D.jpg\" alt=\"Vesayetin Sona Erme Nedenleri ve Usulleri\" src=\"data:image\/svg+xml;base64,PHN2ZyB3aWR0aD0iMSIgaGVpZ2h0PSIxIiB4bWxucz0iaHR0cDovL3d3dy53My5vcmcvMjAwMC9zdmciPjwvc3ZnPg==\"><\/p>\n<h2 id=\"vesayetin-sona-erme-nedenleri-ve-usulleri\">Vesayetin\u2064 Sona Erme Nedenleri ve Usulleri<\/h2>\n<section>\n<p>Vesayet,\u2064 bir ki\u015finin hukuki \u2062ehliyetinin \u200dk\u0131s\u0131tlanmas\u0131\u2064 durumunda, onun yerine\u200c karar verme yetkisini ba\u015fka bir ki\u015finin \u00fcstlenmesi anlam\u0131na\u200b gelir. Ancak, vesayetin sona ermesi, belirli nedenler\u200b ve \u200busuller \u00e7er\u00e7evesinde ger\u00e7ekle\u015fir. Bu s\u00fcre\u00e7, hem koruma\u2062 alt\u0131ndaki ki\u015finin\u2064 haklar\u0131n\u0131n yeniden tesis edilmesi hem de toplumsal \u2064d\u00fczenin sa\u011flanmas\u0131 a\u00e7\u0131s\u0131ndan \u2063b\u00fcy\u00fck \u2064\u00f6nem ta\u015f\u0131r.<\/p>\n<p>Vesayetin sona erme nedenleri genel olarak \u200ca\u015fa\u011f\u0131daki gibi s\u0131ralanabilir:<\/p>\n<ul>\n<li><strong>Hukuki Ehliyetin Yeniden Kazan\u0131lmas\u0131:<\/strong> K\u0131s\u0131tl\u0131 ki\u015finin, vesayet alt\u0131na \u200cal\u0131nma nedeninin ortadan\u2064 kalkmas\u0131 durumunda, vesayet sona \u200cerer.<\/li>\n<li><strong>Vesayet\u200d Karar\u0131n\u0131n\u2063 \u0130ptali:<\/strong> Mahkeme, vesayet karar\u0131n\u0131 iptal edebilir. \u2064Bu durum, k\u0131s\u0131tl\u0131 ki\u015finin\u200c durumunun yeniden de\u011ferlendirilmesi sonucunda ger\u00e7ekle\u015fir.<\/li>\n<li><strong>Vesayet S\u00fcresinin Dolmas\u0131:<\/strong> Belirli bir s\u00fcre \u200ci\u00e7in verilen vesayet kararlar\u0131, s\u00fcrenin dolmas\u0131yla\u2063 kendili\u011finden\u200c sona\u200d erer.<\/li>\n<\/ul>\n<p>Vesayetin\u200d sona erme usulleri ise, hukuki s\u00fcre\u00e7lerin \u2064titizlikle y\u00fcr\u00fct\u00fclmesini gerektirir. Bu s\u00fcre\u00e7ler, mahkemeye ba\u015fvuru, gerekli belgelerin sunulmas\u0131 ve duru\u015fma yap\u0131lmas\u0131 gibi a\u015famalar\u0131 i\u00e7erir. Mahkeme, \u200bk\u0131s\u0131tl\u0131 ki\u015finin durumunu de\u011ferlendirerek,\u2062 vesayetin sona erip ermeyece\u011fine \u200ckarar verir. Bu a\u015famada, uzman g\u00f6r\u00fc\u015fleri\u2064 ve ilgili \u200dbelgeler de\u200b dikkate al\u0131n\u0131r.<\/p>\n<\/section>\n<p><img decoding=\"async\" class=\"kimage_class lazyload\" data-src=\"https:\/\/denizcankizil.tr\/wp-content\/uploads\/2024\/10\/ii_200.jpg\" alt=\"Vesayetin \u2063Sona Ermesi \u2064Sonras\u0131 Hukuki Sonu\u00e7lar\" src=\"data:image\/svg+xml;base64,PHN2ZyB3aWR0aD0iMSIgaGVpZ2h0PSIxIiB4bWxucz0iaHR0cDovL3d3dy53My5vcmcvMjAwMC9zdmciPjwvc3ZnPg==\"><\/p>\n<h2 id=\"vesayetin-sona-ermesi-sonrasi-hukuki-sonuclar\">Vesayetin Sona Ermesi Sonras\u0131 Hukuki Sonu\u00e7lar<\/h2>\n<p>Vesayetin sona ermesi, bireyin hukuki durumunda \u200c\u00f6nemli de\u011fi\u015fikliklere yol a\u00e7maktad\u0131r. Bu s\u00fcre\u00e7, vesayet alt\u0131ndaki ki\u015finin hak ve yetkilerinin \u200dyeniden kazan\u0131lmas\u0131 anlam\u0131na \u200bgelir. \u200bVesayetin sona ermesiyle birlikte, birey, \u2063kendi \u2064ad\u0131na hukuki \u2064i\u015flemler yapma yetkisine sahip\u200b olur. Bu durum, bireyin \u200bba\u011f\u0131ms\u0131zl\u0131k\u200b ve \u00f6zerklik kazanmas\u0131 a\u00e7\u0131s\u0131ndan \u2063kritik bir a\u015famad\u0131r.<\/p>\n<p>Vesayetin \u2064sona ermesinin ard\u0131ndan ortaya \u00e7\u0131kan hukuki sonu\u00e7lar\u2063 aras\u0131nda \u015funlar \u2062yer almaktad\u0131r:<\/p>\n<ul>\n<li><strong>Hukuki \u2062\u0130\u015flem\u2063 Yapma Yetkisi:<\/strong> \u2062Birey, vesayet s\u00fcresince\u2064 k\u0131s\u0131tl\u0131 olan hukuki i\u015flem yapma yetkisini yeniden kazan\u0131r.<\/li>\n<li><strong>Mal \u200cVarl\u0131\u011f\u0131 \u00dczerindeki Haklar:<\/strong> Vesayet sona erdi\u011finde, bireyin mal varl\u0131\u011f\u0131\u200d \u00fczerindeki tasarruf yetkisi geri gelir.<\/li>\n<li><strong>Yeniden Sosyal \u200bHayata D\u00f6n\u00fc\u015f:<\/strong> Birey, sosyal ve ekonomik hayata\u200b kat\u0131l\u0131m\u0131n\u0131 art\u0131rarak, toplumsal ili\u015fkilerini yeniden \u2064tesis edebilir.<\/li>\n<li><strong>Hukuki Sorumluluklar:<\/strong> \u2064Birey,\u200c kendi\u2062 eylemlerinden do\u011fan hukuki \u200bsorumluluklar\u0131 \u00fcstlenmeye\u2063 ba\u015flar.<\/li>\n<\/ul>\n<p>Sonu\u00e7 olarak, vesayetin sona ermesi, bireyin hukuki stat\u00fcs\u00fcnde \u00f6nemli\u2062 bir d\u00f6n\u00fc\u015f\u00fcm yaratmakta\u200c ve ona ba\u011f\u0131ms\u0131zl\u0131k \u2064kazand\u0131rmaktad\u0131r. Bu s\u00fcre\u00e7, bireyin kendi hayat\u0131n\u0131 y\u00f6netme \u200byetene\u011fini \u2064yeniden kazanmas\u0131 a\u00e7\u0131s\u0131ndan b\u00fcy\u00fck \u200cbir \u00f6neme\u2064 sahiptir.<\/p>\n<p><img decoding=\"async\" class=\"kimage_class lazyload\" data-src=\"https:\/\/denizcankizil.tr\/wp-content\/uploads\/2024\/10\/4380-antalyada-sahtecilik-suclarina-bakan-avukat-ve-mahkemeler.jpg\" alt=\"Vesayet Uygulamalar\u0131nda Kar\u015f\u0131la\u015f\u0131lan Sorunlar ve \u00c7\u00f6z\u00fcm\u2063 \u00d6nerileri\" src=\"data:image\/svg+xml;base64,PHN2ZyB3aWR0aD0iMSIgaGVpZ2h0PSIxIiB4bWxucz0iaHR0cDovL3d3dy53My5vcmcvMjAwMC9zdmciPjwvc3ZnPg==\"><\/p>\n<h2 id=\"vesayet-uygulamalarinda-karsilasilan-sorunlar-ve-cozum-onerileri\">Vesayet Uygulamalar\u0131nda\u2063 Kar\u015f\u0131la\u015f\u0131lan Sorunlar \u200bve\u2064 \u00c7\u00f6z\u00fcm \u00d6nerileri<\/h2>\n<section>\n<p>Vesayet uygulamalar\u0131, bireylerin \u200bhukuki ve mali a\u00e7\u0131dan korunmas\u0131n\u0131 sa\u011flamak amac\u0131yla y\u00fcr\u00fct\u00fclen \u00f6nemli bir\u200c s\u00fcre\u00e7tir.\u2064 Ancak, bu s\u00fcre\u00e7te \u00e7e\u015fitli sorunlar ortaya \u2064\u00e7\u0131kabilmektedir. Bu sorunlar aras\u0131nda, vesayet alt\u0131ndaki bireylerin haklar\u0131n\u0131n ihlali, vesayet \u2062makamlar\u0131n\u0131n yetersiz denetimi ve vesayet s\u00fcrecinin uzun s\u00fcrmesi gibi durumlar yer almaktad\u0131r. Bu ba\u011flamda, <a href=\"https:\/\/denizcankizil.tr\/en\/hukukihaber\/milletvekilliginin-dusurulmesine-iliskin-islemin-iptali-talebi-hakkinda-karar-verilmesine-yer-olmadigi\/\" title=\"Milletvekilli\u011finin D\u00fc\u015f\u00fcr\u00fclmesine \u0130li\u015fkin \u0130\u015flemin \u0130ptali Talebi Hakk\u0131nda Karar Verilmesine Yer Olmad\u0131\u011f\u0131\">a\u015fa\u011f\u0131da<\/a> \u200dbelirtilen sorunlar\u0131n\u2062 \u00e7\u00f6z\u00fcm\u00fcne y\u00f6nelik \u00f6neriler geli\u015ftirilmi\u015ftir:<\/p>\n<ul>\n<li><strong>Hukuki Bilin\u00e7lendirme:<\/strong> \u200cVesayet alt\u0131ndaki bireylerin haklar\u0131 konusunda daha fazla bilgilendirilmesi, hak ihlallerinin \u00f6nlenmesine \u2064katk\u0131 sa\u011flayacakt\u0131r.<\/li>\n<li><strong>Denetim\u2064 Mekanizmalar\u0131n\u0131n G\u00fc\u00e7lendirilmesi:<\/strong> Vesayet makamlar\u0131n\u0131n denetim yetkilerinin art\u0131r\u0131lmas\u0131,\u200c uygulamalar\u0131n daha etkin bir \u015fekilde y\u00fcr\u00fct\u00fclmesine olanak tan\u0131yacakt\u0131r.<\/li>\n<li><strong>Vesayet S\u00fcrecinin H\u0131zland\u0131r\u0131lmas\u0131:<\/strong> Mahkemelerin\u2063 vesayet davalar\u0131ndaki\u200b i\u015f y\u00fck\u00fcn\u00fcn azalt\u0131lmas\u0131, s\u00fcre\u00e7lerin daha h\u0131zl\u0131 \u2063sonu\u00e7lanmas\u0131n\u0131 sa\u011flayabilir.<\/li>\n<\/ul>\n<p>Bu \u00f6nerilerin\u2063 hayata \u2062ge\u00e7irilmesi, vesayet \u2062uygulamalar\u0131n\u0131n etkinli\u011fini art\u0131racak ve \u2064bireylerin haklar\u0131n\u0131n\u2064 daha iyi korunmas\u0131na yard\u0131mc\u0131 olacakt\u0131r. Dolay\u0131s\u0131yla, hukuki \u00e7er\u00e7evenin g\u00fc\u00e7lendirilmesi ve uygulama standartlar\u0131n\u0131n y\u00fckseltilmesi\u200c b\u00fcy\u00fck \u00f6nem \u200bta\u015f\u0131maktad\u0131r.<\/p>\n<\/section>\n<p>Sonu\u00e7 olarak, vesayet\u2062 m\u00fcessesesi, bireylerin hukuki ve sosyal varl\u0131klar\u0131n\u0131 koruma\u200b amac\u0131 g\u00fcden \u2063\u00f6nemli bir mekanizmad\u0131r. Vesayetin sona\u2064 ermesi ise, bireyin yeniden \u2062ba\u011f\u0131ms\u0131zl\u0131k kazanmas\u0131 ve kendi iradesiyle hareket edebilmesi a\u00e7\u0131s\u0131ndan kritik bir\u200c a\u015famad\u0131r. \u2064T\u00fcrk \u2063Medeni Kanunu \u00e7er\u00e7evesinde vesayetin sona erme sebepleri \u2063ve\u200d s\u00fcre\u00e7leri, hukukun\u2064 temel\u200d ilkeleri\u200b do\u011frultusunda titizlikle d\u00fczenlenmi\u015ftir. Uygulamada, vesayet makamlar\u0131n\u0131n\u2064 ve mahkemelerin \u2064bu s\u00fcre\u00e7teki rol\u00fc, bireylerin haklar\u0131n\u0131n\u2064 korunmas\u0131 ve adaletin sa\u011flanmas\u0131 a\u00e7\u0131s\u0131ndan b\u00fcy\u00fck bir \u00f6nem ta\u015f\u0131maktad\u0131r.\u2062 Gelecekte, vesayet\u2062 uygulamalar\u0131n\u0131n daha da geli\u015ftirilmesi \u200cve bireylerin haklar\u0131n\u0131n daha etkin bir \u015fekilde korunmas\u0131 i\u00e7in hukuki d\u00fczenlemelerin g\u00f6zden ge\u00e7irilmesi \u200bgerekmektedir. Bu ba\u011flamda, vesayet ve vesayetin sona ermesi \u200bkonusundaki hukuki \u00e7er\u00e7evenin derinlemesine incelenmesi, \u200dhem \u200cakademik\u2064 hem\u200c de pratik a\u00e7\u0131dan \u00f6nemli bir katk\u0131 sa\u011flayacakt\u0131r. <\/p>","protected":false},"excerpt":{"rendered":"<p>Vesayet, bireylerin hukuki ehliyetlerinin k\u0131s\u0131tland\u0131\u011f\u0131 durumlar\u0131 ifade ederken, vesayetin sona ermesi, bu k\u0131s\u0131tlamalar\u0131n kald\u0131r\u0131lmas\u0131n\u0131 i\u00e7erir. T\u00fcrk Medeni Kanunu \u00e7er\u00e7evesinde, vesayetin sona ermesi, belirli ko\u015fullar\u0131n ger\u00e7ekle\u015fmesiyle m\u00fcmk\u00fcn olmaktad\u0131r.<\/p>","protected":false},"author":4,"featured_media":17248,"comment_status":"closed","ping_status":"open","sticky":false,"template":"","format":"standard","meta":{"_acf_changed":false,"footnotes":""},"categories":[22],"tags":[],"class_list":["post-17247","post","type-post","status-publish","format-standard","has-post-thumbnail","hentry","category-degerlendirme"],"acf":[],"yoast_head":"<!-- This site is optimized with the Yoast SEO Premium plugin v26.6 (Yoast SEO v27.1.1) - https:\/\/yoast.com\/product\/yoast-seo-premium-wordpress\/ -->\n<title>Vesayet ve Vesayetin Sona Ermesi: Hukuki \u00c7er\u00e7eve ve Uygulama - Av. Deniz Can K\u0131z\u0131l<\/title>\n<meta name=\"robots\" content=\"index, follow, max-snippet:-1, max-image-preview:large, max-video-preview:-1\" \/>\n<link rel=\"canonical\" href=\"https:\/\/denizcankizil.tr\/en\/koseyazilari\/degerlendirme\/vesayet-ve-vesayetin-sona-ermesi-hukuki-cerceve-ve-uygulama\/\" \/>\n<meta property=\"og:locale\" content=\"en_GB\" \/>\n<meta property=\"og:type\" content=\"article\" \/>\n<meta property=\"og:title\" content=\"Vesayet ve Vesayetin Sona Ermesi: Hukuki \u00c7er\u00e7eve ve Uygulama\" \/>\n<meta property=\"og:description\" content=\"Vesayet, bireylerin hukuki ehliyetlerinin k\u0131s\u0131tland\u0131\u011f\u0131 durumlar\u0131 ifade ederken, vesayetin sona ermesi, bu k\u0131s\u0131tlamalar\u0131n kald\u0131r\u0131lmas\u0131n\u0131 i\u00e7erir. T\u00fcrk Medeni Kanunu \u00e7er\u00e7evesinde, vesayetin sona ermesi, belirli ko\u015fullar\u0131n ger\u00e7ekle\u015fmesiyle m\u00fcmk\u00fcn olmaktad\u0131r.\" \/>\n<meta property=\"og:url\" content=\"https:\/\/denizcankizil.tr\/en\/koseyazilari\/degerlendirme\/vesayet-ve-vesayetin-sona-ermesi-hukuki-cerceve-ve-uygulama\/\" \/>\n<meta property=\"og:site_name\" content=\"Av. Deniz Can K\u0131z\u0131l\" \/>\n<meta property=\"article:published_time\" content=\"2024-11-23T11:55:50+00:00\" \/>\n<meta property=\"article:modified_time\" content=\"2025-03-15T21:46:29+00:00\" \/>\n<meta property=\"og:image\" content=\"https:\/\/denizcankizil.tr\/wp-content\/uploads\/2024\/11\/17247-vesayet-ve-vesayetin-sona-ermesi-hukuki-cerceve-ve-uygulama.jpg\" \/>\n\t<meta property=\"og:image:width\" content=\"800\" \/>\n\t<meta property=\"og:image:height\" content=\"800\" \/>\n\t<meta property=\"og:image:type\" content=\"image\/jpeg\" \/>\n<meta name=\"author\" content=\"Av. Deniz Can K\u0131z\u0131l\" \/>\n<meta name=\"twitter:card\" content=\"summary_large_image\" \/>\n<meta name=\"twitter:label1\" content=\"Written by\" \/>\n\t<meta name=\"twitter:data1\" content=\"Av. Deniz Can K\u0131z\u0131l\" \/>\n\t<meta name=\"twitter:label2\" content=\"Estimated reading time\" \/>\n\t<meta name=\"twitter:data2\" content=\"9 minutes\" \/>\n<script type=\"application\/ld+json\" class=\"yoast-schema-graph\">{\"@context\":\"https:\/\/schema.org\",\"@graph\":[{\"@type\":\"Article\",\"@id\":\"https:\/\/denizcankizil.tr\/en\/koseyazilari\/degerlendirme\/vesayet-ve-vesayetin-sona-ermesi-hukuki-cerceve-ve-uygulama\/#article\",\"isPartOf\":{\"@id\":\"https:\/\/denizcankizil.tr\/en\/koseyazilari\/degerlendirme\/vesayet-ve-vesayetin-sona-ermesi-hukuki-cerceve-ve-uygulama\/\"},\"author\":{\"name\":\"Av. Deniz Can K\u0131z\u0131l\",\"@id\":\"https:\/\/denizcankizil.tr\/de\/#\/schema\/person\/5dc1b22991bd7ac833867c10afc9b0ff\"},\"headline\":\"Vesayet ve Vesayetin Sona Ermesi: Hukuki \u00c7er\u00e7eve ve Uygulama\",\"datePublished\":\"2024-11-23T11:55:50+00:00\",\"dateModified\":\"2025-03-15T21:46:29+00:00\",\"mainEntityOfPage\":{\"@id\":\"https:\/\/denizcankizil.tr\/en\/koseyazilari\/degerlendirme\/vesayet-ve-vesayetin-sona-ermesi-hukuki-cerceve-ve-uygulama\/\"},\"wordCount\":1845,\"publisher\":{\"@id\":\"https:\/\/denizcankizil.tr\/de\/#organization\"},\"image\":{\"@id\":\"https:\/\/denizcankizil.tr\/en\/koseyazilari\/degerlendirme\/vesayet-ve-vesayetin-sona-ermesi-hukuki-cerceve-ve-uygulama\/#primaryimage\"},\"thumbnailUrl\":\"https:\/\/denizcankizil.tr\/wp-content\/uploads\/2024\/11\/17247-vesayet-ve-vesayetin-sona-ermesi-hukuki-cerceve-ve-uygulama.jpg\",\"articleSection\":[\"De\u011ferlendirme\"],\"inLanguage\":\"en-GB\"},{\"@type\":\"WebPage\",\"@id\":\"https:\/\/denizcankizil.tr\/en\/koseyazilari\/degerlendirme\/vesayet-ve-vesayetin-sona-ermesi-hukuki-cerceve-ve-uygulama\/\",\"url\":\"https:\/\/denizcankizil.tr\/en\/koseyazilari\/degerlendirme\/vesayet-ve-vesayetin-sona-ermesi-hukuki-cerceve-ve-uygulama\/\",\"name\":\"Vesayet ve Vesayetin Sona Ermesi: Hukuki \u00c7er\u00e7eve ve Uygulama - Av. Deniz Can K\u0131z\u0131l\",\"isPartOf\":{\"@id\":\"https:\/\/denizcankizil.tr\/de\/#website\"},\"primaryImageOfPage\":{\"@id\":\"https:\/\/denizcankizil.tr\/en\/koseyazilari\/degerlendirme\/vesayet-ve-vesayetin-sona-ermesi-hukuki-cerceve-ve-uygulama\/#primaryimage\"},\"image\":{\"@id\":\"https:\/\/denizcankizil.tr\/en\/koseyazilari\/degerlendirme\/vesayet-ve-vesayetin-sona-ermesi-hukuki-cerceve-ve-uygulama\/#primaryimage\"},\"thumbnailUrl\":\"https:\/\/denizcankizil.tr\/wp-content\/uploads\/2024\/11\/17247-vesayet-ve-vesayetin-sona-ermesi-hukuki-cerceve-ve-uygulama.jpg\",\"datePublished\":\"2024-11-23T11:55:50+00:00\",\"dateModified\":\"2025-03-15T21:46:29+00:00\",\"breadcrumb\":{\"@id\":\"https:\/\/denizcankizil.tr\/en\/koseyazilari\/degerlendirme\/vesayet-ve-vesayetin-sona-ermesi-hukuki-cerceve-ve-uygulama\/#breadcrumb\"},\"inLanguage\":\"en-GB\",\"potentialAction\":[{\"@type\":\"ReadAction\",\"target\":[\"https:\/\/denizcankizil.tr\/en\/koseyazilari\/degerlendirme\/vesayet-ve-vesayetin-sona-ermesi-hukuki-cerceve-ve-uygulama\/\"]}]},{\"@type\":\"ImageObject\",\"inLanguage\":\"en-GB\",\"@id\":\"https:\/\/denizcankizil.tr\/en\/koseyazilari\/degerlendirme\/vesayet-ve-vesayetin-sona-ermesi-hukuki-cerceve-ve-uygulama\/#primaryimage\",\"url\":\"https:\/\/denizcankizil.tr\/wp-content\/uploads\/2024\/11\/17247-vesayet-ve-vesayetin-sona-ermesi-hukuki-cerceve-ve-uygulama.jpg\",\"contentUrl\":\"https:\/\/denizcankizil.tr\/wp-content\/uploads\/2024\/11\/17247-vesayet-ve-vesayetin-sona-ermesi-hukuki-cerceve-ve-uygulama.jpg\",\"width\":800,\"height\":800,\"caption\":\"Vesayet ve Vesayetin Sona Ermesi: Hukuki \u00c7er\u00e7eve ve Uygulama\"},{\"@type\":\"BreadcrumbList\",\"@id\":\"https:\/\/denizcankizil.tr\/en\/koseyazilari\/degerlendirme\/vesayet-ve-vesayetin-sona-ermesi-hukuki-cerceve-ve-uygulama\/#breadcrumb\",\"itemListElement\":[{\"@type\":\"ListItem\",\"position\":1,\"name\":\"Home\",\"item\":\"https:\/\/denizcankizil.tr\/de\/\"},{\"@type\":\"ListItem\",\"position\":2,\"name\":\"Vesayet ve Vesayetin Sona Ermesi: Hukuki \u00c7er\u00e7eve ve Uygulama\"}]},{\"@type\":\"WebSite\",\"@id\":\"https:\/\/denizcankizil.tr\/de\/#website\",\"url\":\"https:\/\/denizcankizil.tr\/de\/\",\"name\":\"Av. Deniz Can K\u0131z\u0131l\",\"description\":\"Avukat Deniz Can K\u0131z\u0131l Antalya Barosu\",\"publisher\":{\"@id\":\"https:\/\/denizcankizil.tr\/de\/#organization\"},\"potentialAction\":[{\"@type\":\"SearchAction\",\"target\":{\"@type\":\"EntryPoint\",\"urlTemplate\":\"https:\/\/denizcankizil.tr\/de\/?s={search_term_string}\"},\"query-input\":{\"@type\":\"PropertyValueSpecification\",\"valueRequired\":true,\"valueName\":\"search_term_string\"}}],\"inLanguage\":\"en-GB\"},{\"@type\":\"Organization\",\"@id\":\"https:\/\/denizcankizil.tr\/de\/#organization\",\"name\":\"Av. Deniz Can K\u0131z\u0131l\",\"url\":\"https:\/\/denizcankizil.tr\/de\/\",\"logo\":{\"@type\":\"ImageObject\",\"inLanguage\":\"en-GB\",\"@id\":\"https:\/\/denizcankizil.tr\/de\/#\/schema\/logo\/image\/\",\"url\":\"https:\/\/denizcankizil.tr\/wp-content\/uploads\/2024\/10\/siyah-logo-svg.svg\",\"contentUrl\":\"https:\/\/denizcankizil.tr\/wp-content\/uploads\/2024\/10\/siyah-logo-svg.svg\",\"width\":1080,\"height\":1080,\"caption\":\"Av. Deniz Can K\u0131z\u0131l\"},\"image\":{\"@id\":\"https:\/\/denizcankizil.tr\/de\/#\/schema\/logo\/image\/\"}},{\"@type\":\"Person\",\"@id\":\"https:\/\/denizcankizil.tr\/de\/#\/schema\/person\/5dc1b22991bd7ac833867c10afc9b0ff\",\"name\":\"Av. Deniz Can K\u0131z\u0131l\",\"image\":{\"@type\":\"ImageObject\",\"inLanguage\":\"en-GB\",\"@id\":\"https:\/\/denizcankizil.tr\/de\/#\/schema\/person\/image\/\",\"url\":\"https:\/\/secure.gravatar.com\/avatar\/a0b128fb9855c79efc976d5640eedb31dc35ec297594d6016d2cf7c60e975bb6?s=96&d=mm&r=g\",\"contentUrl\":\"https:\/\/secure.gravatar.com\/avatar\/a0b128fb9855c79efc976d5640eedb31dc35ec297594d6016d2cf7c60e975bb6?s=96&d=mm&r=g\",\"caption\":\"Av. Deniz Can K\u0131z\u0131l\"},\"sameAs\":[\"http:\/\/www.denizcankizil.tr\"],\"url\":\"https:\/\/denizcankizil.tr\/en\/author\/denizcankizil\/\"}]}<\/script>\n<!-- \/ Yoast SEO Premium plugin. -->","yoast_head_json":{"title":"Vesayet ve Vesayetin Sona Ermesi: Hukuki \u00c7er\u00e7eve ve Uygulama - Av. Deniz Can K\u0131z\u0131l","robots":{"index":"index","follow":"follow","max-snippet":"max-snippet:-1","max-image-preview":"max-image-preview:large","max-video-preview":"max-video-preview:-1"},"canonical":"https:\/\/denizcankizil.tr\/en\/koseyazilari\/degerlendirme\/vesayet-ve-vesayetin-sona-ermesi-hukuki-cerceve-ve-uygulama\/","og_locale":"en_GB","og_type":"article","og_title":"Vesayet ve Vesayetin Sona Ermesi: Hukuki \u00c7er\u00e7eve ve Uygulama","og_description":"Vesayet, bireylerin hukuki ehliyetlerinin k\u0131s\u0131tland\u0131\u011f\u0131 durumlar\u0131 ifade ederken, vesayetin sona ermesi, bu k\u0131s\u0131tlamalar\u0131n kald\u0131r\u0131lmas\u0131n\u0131 i\u00e7erir. T\u00fcrk Medeni Kanunu \u00e7er\u00e7evesinde, vesayetin sona ermesi, belirli ko\u015fullar\u0131n ger\u00e7ekle\u015fmesiyle m\u00fcmk\u00fcn olmaktad\u0131r.","og_url":"https:\/\/denizcankizil.tr\/en\/koseyazilari\/degerlendirme\/vesayet-ve-vesayetin-sona-ermesi-hukuki-cerceve-ve-uygulama\/","og_site_name":"Av. Deniz Can K\u0131z\u0131l","article_published_time":"2024-11-23T11:55:50+00:00","article_modified_time":"2025-03-15T21:46:29+00:00","og_image":[{"width":800,"height":800,"url":"https:\/\/denizcankizil.tr\/wp-content\/uploads\/2024\/11\/17247-vesayet-ve-vesayetin-sona-ermesi-hukuki-cerceve-ve-uygulama.jpg","type":"image\/jpeg"}],"author":"Av. Deniz Can K\u0131z\u0131l","twitter_card":"summary_large_image","twitter_misc":{"Written by":"Av. Deniz Can K\u0131z\u0131l","Estimated reading time":"9 minutes"},"schema":{"@context":"https:\/\/schema.org","@graph":[{"@type":"Article","@id":"https:\/\/denizcankizil.tr\/en\/koseyazilari\/degerlendirme\/vesayet-ve-vesayetin-sona-ermesi-hukuki-cerceve-ve-uygulama\/#article","isPartOf":{"@id":"https:\/\/denizcankizil.tr\/en\/koseyazilari\/degerlendirme\/vesayet-ve-vesayetin-sona-ermesi-hukuki-cerceve-ve-uygulama\/"},"author":{"name":"Av. Deniz Can K\u0131z\u0131l","@id":"https:\/\/denizcankizil.tr\/de\/#\/schema\/person\/5dc1b22991bd7ac833867c10afc9b0ff"},"headline":"Vesayet ve Vesayetin Sona Ermesi: Hukuki \u00c7er\u00e7eve ve Uygulama","datePublished":"2024-11-23T11:55:50+00:00","dateModified":"2025-03-15T21:46:29+00:00","mainEntityOfPage":{"@id":"https:\/\/denizcankizil.tr\/en\/koseyazilari\/degerlendirme\/vesayet-ve-vesayetin-sona-ermesi-hukuki-cerceve-ve-uygulama\/"},"wordCount":1845,"publisher":{"@id":"https:\/\/denizcankizil.tr\/de\/#organization"},"image":{"@id":"https:\/\/denizcankizil.tr\/en\/koseyazilari\/degerlendirme\/vesayet-ve-vesayetin-sona-ermesi-hukuki-cerceve-ve-uygulama\/#primaryimage"},"thumbnailUrl":"https:\/\/denizcankizil.tr\/wp-content\/uploads\/2024\/11\/17247-vesayet-ve-vesayetin-sona-ermesi-hukuki-cerceve-ve-uygulama.jpg","articleSection":["De\u011ferlendirme"],"inLanguage":"en-GB"},{"@type":"WebPage","@id":"https:\/\/denizcankizil.tr\/en\/koseyazilari\/degerlendirme\/vesayet-ve-vesayetin-sona-ermesi-hukuki-cerceve-ve-uygulama\/","url":"https:\/\/denizcankizil.tr\/en\/koseyazilari\/degerlendirme\/vesayet-ve-vesayetin-sona-ermesi-hukuki-cerceve-ve-uygulama\/","name":"Vesayet ve Vesayetin Sona Ermesi: Hukuki \u00c7er\u00e7eve ve Uygulama - Av. Deniz Can K\u0131z\u0131l","isPartOf":{"@id":"https:\/\/denizcankizil.tr\/de\/#website"},"primaryImageOfPage":{"@id":"https:\/\/denizcankizil.tr\/en\/koseyazilari\/degerlendirme\/vesayet-ve-vesayetin-sona-ermesi-hukuki-cerceve-ve-uygulama\/#primaryimage"},"image":{"@id":"https:\/\/denizcankizil.tr\/en\/koseyazilari\/degerlendirme\/vesayet-ve-vesayetin-sona-ermesi-hukuki-cerceve-ve-uygulama\/#primaryimage"},"thumbnailUrl":"https:\/\/denizcankizil.tr\/wp-content\/uploads\/2024\/11\/17247-vesayet-ve-vesayetin-sona-ermesi-hukuki-cerceve-ve-uygulama.jpg","datePublished":"2024-11-23T11:55:50+00:00","dateModified":"2025-03-15T21:46:29+00:00","breadcrumb":{"@id":"https:\/\/denizcankizil.tr\/en\/koseyazilari\/degerlendirme\/vesayet-ve-vesayetin-sona-ermesi-hukuki-cerceve-ve-uygulama\/#breadcrumb"},"inLanguage":"en-GB","potentialAction":[{"@type":"ReadAction","target":["https:\/\/denizcankizil.tr\/en\/koseyazilari\/degerlendirme\/vesayet-ve-vesayetin-sona-ermesi-hukuki-cerceve-ve-uygulama\/"]}]},{"@type":"ImageObject","inLanguage":"en-GB","@id":"https:\/\/denizcankizil.tr\/en\/koseyazilari\/degerlendirme\/vesayet-ve-vesayetin-sona-ermesi-hukuki-cerceve-ve-uygulama\/#primaryimage","url":"https:\/\/denizcankizil.tr\/wp-content\/uploads\/2024\/11\/17247-vesayet-ve-vesayetin-sona-ermesi-hukuki-cerceve-ve-uygulama.jpg","contentUrl":"https:\/\/denizcankizil.tr\/wp-content\/uploads\/2024\/11\/17247-vesayet-ve-vesayetin-sona-ermesi-hukuki-cerceve-ve-uygulama.jpg","width":800,"height":800,"caption":"Vesayet ve Vesayetin Sona Ermesi: Hukuki \u00c7er\u00e7eve ve Uygulama"},{"@type":"BreadcrumbList","@id":"https:\/\/denizcankizil.tr\/en\/koseyazilari\/degerlendirme\/vesayet-ve-vesayetin-sona-ermesi-hukuki-cerceve-ve-uygulama\/#breadcrumb","itemListElement":[{"@type":"ListItem","position":1,"name":"Home","item":"https:\/\/denizcankizil.tr\/de\/"},{"@type":"ListItem","position":2,"name":"Vesayet ve Vesayetin Sona Ermesi: Hukuki \u00c7er\u00e7eve ve Uygulama"}]},{"@type":"WebSite","@id":"https:\/\/denizcankizil.tr\/de\/#website","url":"https:\/\/denizcankizil.tr\/de\/","name":"Av. Deniz Can K\u0131z\u0131l","description":"Avukat Deniz Can K\u0131z\u0131l Antalya Barosu","publisher":{"@id":"https:\/\/denizcankizil.tr\/de\/#organization"},"potentialAction":[{"@type":"SearchAction","target":{"@type":"EntryPoint","urlTemplate":"https:\/\/denizcankizil.tr\/de\/?s={search_term_string}"},"query-input":{"@type":"PropertyValueSpecification","valueRequired":true,"valueName":"search_term_string"}}],"inLanguage":"en-GB"},{"@type":"Organization","@id":"https:\/\/denizcankizil.tr\/de\/#organization","name":"Av. Deniz Can K\u0131z\u0131l","url":"https:\/\/denizcankizil.tr\/de\/","logo":{"@type":"ImageObject","inLanguage":"en-GB","@id":"https:\/\/denizcankizil.tr\/de\/#\/schema\/logo\/image\/","url":"https:\/\/denizcankizil.tr\/wp-content\/uploads\/2024\/10\/siyah-logo-svg.svg","contentUrl":"https:\/\/denizcankizil.tr\/wp-content\/uploads\/2024\/10\/siyah-logo-svg.svg","width":1080,"height":1080,"caption":"Av. Deniz Can K\u0131z\u0131l"},"image":{"@id":"https:\/\/denizcankizil.tr\/de\/#\/schema\/logo\/image\/"}},{"@type":"Person","@id":"https:\/\/denizcankizil.tr\/de\/#\/schema\/person\/5dc1b22991bd7ac833867c10afc9b0ff","name":"Av. Deniz Can K\u0131z\u0131l","image":{"@type":"ImageObject","inLanguage":"en-GB","@id":"https:\/\/denizcankizil.tr\/de\/#\/schema\/person\/image\/","url":"https:\/\/secure.gravatar.com\/avatar\/a0b128fb9855c79efc976d5640eedb31dc35ec297594d6016d2cf7c60e975bb6?s=96&d=mm&r=g","contentUrl":"https:\/\/secure.gravatar.com\/avatar\/a0b128fb9855c79efc976d5640eedb31dc35ec297594d6016d2cf7c60e975bb6?s=96&d=mm&r=g","caption":"Av. Deniz Can K\u0131z\u0131l"},"sameAs":["http:\/\/www.denizcankizil.tr"],"url":"https:\/\/denizcankizil.tr\/en\/author\/denizcankizil\/"}]}},"_links":{"self":[{"href":"https:\/\/denizcankizil.tr\/en\/wp-json\/wp\/v2\/posts\/17247","targetHints":{"allow":["GET"]}}],"collection":[{"href":"https:\/\/denizcankizil.tr\/en\/wp-json\/wp\/v2\/posts"}],"about":[{"href":"https:\/\/denizcankizil.tr\/en\/wp-json\/wp\/v2\/types\/post"}],"author":[{"embeddable":true,"href":"https:\/\/denizcankizil.tr\/en\/wp-json\/wp\/v2\/users\/4"}],"replies":[{"embeddable":true,"href":"https:\/\/denizcankizil.tr\/en\/wp-json\/wp\/v2\/comments?post=17247"}],"version-history":[{"count":1,"href":"https:\/\/denizcankizil.tr\/en\/wp-json\/wp\/v2\/posts\/17247\/revisions"}],"predecessor-version":[{"id":36022,"href":"https:\/\/denizcankizil.tr\/en\/wp-json\/wp\/v2\/posts\/17247\/revisions\/36022"}],"wp:featuredmedia":[{"embeddable":true,"href":"https:\/\/denizcankizil.tr\/en\/wp-json\/wp\/v2\/media\/17248"}],"wp:attachment":[{"href":"https:\/\/denizcankizil.tr\/en\/wp-json\/wp\/v2\/media?parent=17247"}],"wp:term":[{"taxonomy":"category","embeddable":true,"href":"https:\/\/denizcankizil.tr\/en\/wp-json\/wp\/v2\/categories?post=17247"},{"taxonomy":"post_tag","embeddable":true,"href":"https:\/\/denizcankizil.tr\/en\/wp-json\/wp\/v2\/tags?post=17247"}],"curies":[{"name":"wp","href":"https:\/\/api.w.org\/{rel}","templated":true}]}}