{"id":17115,"date":"2024-11-22T19:41:15","date_gmt":"2024-11-22T16:41:15","guid":{"rendered":"https:\/\/denizcankizil.tr\/uncategorized-tr\/yenidogan-cetesi-yoneticisi-benim-yuzumden-47-kisi-bebek-kailligi-ile-suclaniyor\/"},"modified":"2025-03-16T00:46:34","modified_gmt":"2025-03-15T21:46:34","slug":"yenidogan-cetesi-yoneticisi-benim-yuzumden-47-kisi-bebek-kailligi-ile-suclaniyor","status":"publish","type":"post","link":"https:\/\/denizcankizil.tr\/en\/haberler\/gundem\/yenidogan-cetesi-yoneticisi-benim-yuzumden-47-kisi-bebek-kailligi-ile-suclaniyor\/","title":{"rendered":"Yenido\u011fan \u00c7etesi y\u00f6neticisi: \u201cBenim y\u00fcz\u00fcmden 47 ki\u015fi bebek ka*illi\u011fi ile su\u00e7lan\u0131yor\u201d"},"content":{"rendered":"<p>\u0130stanbul\u2019da bebekleri kendilerinin anla\u015fmal\u0131 oldu\u011fu hastanelere sevk ederek haks\u0131z kazan\u00e7 sa\u011flayan ve ihmali davran\u0131\u015flarda bulunarak \u00f6lmelerine neden olan Yenido\u011fan \u00c7etesi y\u00f6neticisi ve \u00fcyesi 22\u2019sinde aralar\u0131nda bulundu\u011fu toplam 47 tutkulu san\u0131\u011f\u0131n yarg\u0131land\u0131\u011f\u0131 davan\u0131n be\u015finci g\u00fcn\u00fcnde devam ediyor. Bak\u0131rk\u00f6y 22. A\u011f\u0131r Ceza Mahkemesi taraf\u0131ndan adliyenin konferans salonunda g\u00f6r\u00fclen duru\u015fmada, \u00f6rg\u00fct y\u00f6neticisi \u0130lker G\u00f6nen savunma yapt\u0131.\u00a0<\/p>\n<p>K\u0130M B\u0130ZE SAH\u0130P \u00c7IKACAK?<\/p>\n<p>Medisense \u015firketinde doktor olarak g\u00f6rev yapan ve iddianamede bebekler Kadan, Ayaz Karaduman, \u00d6yk\u00fc Helvac\u0131, Havanur Karako\u00e7 ve Kerem Muhammed Tokluo\u011flu&#8217;nun ihmali davran\u0131\u015f nedeniyle \u00f6l\u00fcm\u00fcne sebep olma su\u00e7unu i\u015fledi\u011fi tespit edilen san\u0131k G\u00f6nen, savunma yapt\u0131. G\u00f6nen savunmas\u0131nda, \u201cKarako\u00e7 bebe\u011fin ba\u011f\u0131rsaklar\u0131nda sorun vard\u0131. Bebek Yalova\u2019dan geldi. Bebe\u011fin durumu k\u00f6t\u00fcle\u015fti. Ba\u011fc\u0131lar\u2019da ameliyat oldu. Sonra sevk oldu. 64 g\u00fcn sonra bebek vefat etti. Beni hem\u015fireler 64 g\u00fcn boyunca arad\u0131. Bebe\u011fe mama veriyorduk a\u011fz\u0131ndan geliyordu. Ben bebe\u011fin beslenemedi\u011fi i\u00e7in \u00f6lmesiyle su\u00e7lan\u0131yorum. Bebek Karako\u00e7 vefat ettikten sonra polis geldi b\u00fct\u00fcn dosyalara el koydu ve bebe\u011fi Adli T\u0131p Kurumu morguna g\u00f6t\u00fcrd\u00fc. Bebe\u011fe otopsi yap\u0131ld\u0131. Rapora g\u00f6re bu bebe\u011fin \u00f6l\u00fcm\u00fc beslenememe de\u011fil, ba\u011f\u0131rsaklar\u0131n y\u0131rt\u0131lmas\u0131. Masumiyet karinem varken, her \u015feyde gizlilik karar\u0131 varken, nas\u0131l oluyor da haberlerde kanallarda sayfa sayfa \u00e7ar\u015faf \u00e7ar\u015faf yay\u0131nlan\u0131yor bu iddialar ama benim avukat\u0131m ula\u015fam\u0131yor. Bu Allahtan reva m\u0131d\u0131r? Aileler galeyana getirildi. Kim bize sahip \u00e7\u0131kacak?\u201d dedi.\u00a0<\/p>\n<p>BEN\u0130M Y\u00dcZ\u00dcMDEN 47 K\u0130\u015e\u0130 BEBEK KAT\u0130LL\u0130\u011e\u0130 \u0130LE SU\u00c7LANIYOR<\/p>\n<p>San\u0131k G\u00f6nen savunmas\u0131n\u0131n devam\u0131nda, \u201c2\u2019inci bebek Tokluo\u011flu, ben bu hastada kalp masaj\u0131 yapt\u0131rmama yani T\u00fcrkiye Cumhuriyeti tarihinde ilk defa \u00f6tenazi yapt\u0131rmak ile su\u00e7lan\u0131yorum. \u00c7ocuk oksijensiz kalarak do\u011fuyor. \u00c7ocu\u011fa yakla\u015f\u0131k 2 saat m\u00fcdahale ediliyor. \u0130nsanlar\u0131n sinir ucuna dokunacak kelimeler buluyorlar \u2018pasif \u00f6tenazi\u2019 gibi. Medyada benim daha avukat\u0131m bana dosyay\u0131 getirmeden bak\u0131n \u00f6tenazi yapm\u0131\u015flar deniliyor. \u0130nsanlar\u0131n duygular\u0131 ile oynan\u0131yor. Sa\u011fl\u0131kta \u015fiddet art\u0131yor. Benim y\u00fcz\u00fcmden 47 ki\u015fi bebek katilli\u011fi ile su\u00e7lan\u0131yor. Bunun hesab\u0131n\u0131 kim verecek?\u201d \u015feklinde konu\u015ftu.\u00a0<\/p>\n<p>YAN\u0130 B\u0130Z NE YAPTIK?<\/p>\n<p>Kendisine y\u00f6neltilen su\u00e7lamalar\u0131 kabul etmeyen \u0130lker G\u00f6nen, kendisinin \u201cHerkesin su\u00e7u olabilir. Su\u00e7um olabilir ama bebek katilli\u011fi ile kimse beni yaftalayamaz. Bebek Kadan do\u011fdu\u011funda filmini bana att\u0131lar. Bana g\u00f6nderdikleri filmde bir \u015fey anla\u015f\u0131lm\u0131yordu. Beni F\u0131rat Sar\u0131 arad\u0131 1 g\u00fcn sonra bebek vefat edince. Bana bebe\u011fin \u00f6l\u00fcm sebebi ile ilgili bir \u015fey olabilece\u011fini s\u00f6yledi. Ben de bebe\u011fin hayat\u0131n\u0131 kaybetti\u011fini, \u00fczerinden 1 g\u00fcn ge\u00e7ti\u011fini s\u00f6yledim. Ben olmayan bir akci\u011fer patlamas\u0131n\u0131 g\u00f6r\u00fcp s\u00f6ylememekle, katillikle su\u00e7lan\u0131yorum. Bu kadar iftira, yalan, i\u015fg\u00fczarl\u0131k kolay m\u0131? Benim bu iftiraya maruz kalma nedenim ne? Bu ama\u00e7 ne? Medyaya bu kadar vermenin amac\u0131 ne? Kimi zor durumda b\u0131rakmak istiyorsunuz? Bu uzman g\u00f6r\u00fc\u015f\u00fcn\u00fc yazan ki\u015filer iddialarda bulundular, bu uzman g\u00f6r\u00fc\u015f\u00fcn\u00fcn kimse nas\u0131l haz\u0131rland\u0131\u011f\u0131n\u0131 sormad\u0131. Ben burada bebek katilli\u011fi ile su\u00e7lan\u0131yorum. Kimse bizim yan\u0131m\u0131zda duramad\u0131. Medyada \u00f6yle bir bask\u0131 olu\u015fturuldu ki. Yani biz ne yapt\u0131k?\u201d \u015feklinde savunma yapt\u0131.\u00a0<\/p>\n<p>BEN BEBE\u011eE KAT\u0130L RUHLA, ADRENAL\u0130N YAPTIRMAMAKLA SU\u00c7LANIYORUM<\/p>\n<p>2 ayd\u0131r cezaevinde kald\u0131\u011f\u0131n\u0131 belirten San\u0131k G\u00f6nen, \u201cBebek Helvac\u0131 olay\u0131nda ben bebe\u011fe katil ruhla, adrenalin yapt\u0131rmamakla su\u00e7lan\u0131yorum. 2 ayd\u0131r ben ne cezaevinde kalabiliyorum ne ba\u015fka yerde yatabiliyorum. Sabahtan ak\u015fama kadar tapeler sayfa sayfa geziyor. Kim geri getirebilecek bizim itibar\u0131m\u0131z\u0131? Ben 5 tane \u00f6l\u00fcmle su\u00e7lanarak kar\u015f\u0131n\u0131zda duruyorum. Bizim idam sehpam\u0131z\u0131 uzman g\u00f6r\u00fc\u015f\u00fc koydu, tekmeyi de medya vurdu. Biz kimseye tek kelime anlatamad\u0131k. Biz bir kere yaftay\u0131 yedik\u201d dedi.\u00a0<br \/>\n\u00a0 \u00a0 \u00a0 \u00a0 \u00a0 \u00a0 \u00a0 \u00a0 \u00a0 \u00a0 \u00a0 \u00a0 \u00a0 \u00a0 \u00a0 \u00a0 \u00a0 \u00a0 \u00a0\u00a0<br \/>\n\u00a0<\/p>\n<p>\u200b\u0130stanbul\u2019da yeni do\u011fan bebekleri kendi anla\u015fmalar\u0131 olduklar\u0131 hastanelere sevk ederek, \u00f6l\u00fcmlerine neden olan Yenido\u011fan \u00c7etesi\u2019nin y\u00f6neticileri ve \u00fcyelerinin yarg\u0131land\u0131\u011f\u0131 dava be\u015finci g\u00fcn\u00fcnde devam ediyor. Duru\u015fmada savunmas\u0131n\u0131 yapan \u00f6rg\u00fct y\u00f6neticisi \u0130lker G\u00f6nen,\u201c Benim y\u00fcz\u00fcmden 47 ki\u015fi bebek ka*illi\u011fi ile su\u00e7lan\u0131yor&#8221; dedi.\u00a0<\/p>\n<p>\u200bHaberin Al\u0131nt\u0131land\u0131\u011f\u0131 Kaynak: www.antalyakorfez.com<\/p>","protected":false},"excerpt":{"rendered":"<p>\u0130stanbul\u2019da bebekleri kendilerinin anla\u015fmal\u0131 oldu\u011fu hastanelere sevk ederek haks\u0131z kazan\u00e7 sa\u011flayan ve ihmali davran\u0131\u015flarda bulunarak \u00f6lmelerine neden olan Yenido\u011fan \u00c7etesi y\u00f6neticisi ve \u00fcyesi 22\u2019sinde aralar\u0131nda bulundu\u011fu toplam 47 tutkulu san\u0131\u011f\u0131n yarg\u0131land\u0131\u011f\u0131 davan\u0131n be\u015finci g\u00fcn\u00fcnde devam ediyor. Bak\u0131rk\u00f6y 22. A\u011f\u0131r Ceza Mahkemesi taraf\u0131ndan adliyenin konferans salonunda g\u00f6r\u00fclen duru\u015fmada, \u00f6rg\u00fct y\u00f6neticisi \u0130lker G\u00f6nen savunma yapt\u0131.\u00a0 K\u0130M B\u0130ZE SAH\u0130P \u00c7IKACAK? Medisense \u015firketinde doktor olarak g\u00f6rev yapan ve iddianamede bebekler Kadan, Ayaz Karaduman, \u00d6yk\u00fc Helvac\u0131, Havanur Karako\u00e7 ve Kerem Muhammed Tokluo\u011flu&#8217;nun ihmali davran\u0131\u015f nedeniyle \u00f6l\u00fcm\u00fcne sebep olma su\u00e7unu i\u015fledi\u011fi tespit edilen san\u0131k G\u00f6nen, savunma yapt\u0131. G\u00f6nen savunmas\u0131nda, \u201cKarako\u00e7 bebe\u011fin ba\u011f\u0131rsaklar\u0131nda sorun vard\u0131. Bebek Yalova\u2019dan geldi. Bebe\u011fin durumu k\u00f6t\u00fcle\u015fti. Ba\u011fc\u0131lar\u2019da ameliyat oldu. Sonra sevk oldu. 64 g\u00fcn sonra bebek vefat etti. Beni hem\u015fireler 64 g\u00fcn boyunca arad\u0131. Bebe\u011fe mama veriyorduk a\u011fz\u0131ndan geliyordu. Ben bebe\u011fin beslenemedi\u011fi i\u00e7in \u00f6lmesiyle su\u00e7lan\u0131yorum. Bebek Karako\u00e7 vefat ettikten sonra polis geldi b\u00fct\u00fcn dosyalara el koydu ve bebe\u011fi Adli T\u0131p Kurumu morguna g\u00f6t\u00fcrd\u00fc. Bebe\u011fe otopsi yap\u0131ld\u0131. Rapora g\u00f6re bu bebe\u011fin \u00f6l\u00fcm\u00fc beslenememe de\u011fil, ba\u011f\u0131rsaklar\u0131n y\u0131rt\u0131lmas\u0131. Masumiyet karinem varken, her \u015feyde gizlilik karar\u0131 varken, nas\u0131l oluyor da haberlerde kanallarda sayfa sayfa \u00e7ar\u015faf \u00e7ar\u015faf yay\u0131nlan\u0131yor bu iddialar ama benim avukat\u0131m ula\u015fam\u0131yor. Bu Allahtan reva m\u0131d\u0131r? Aileler galeyana getirildi. Kim bize sahip \u00e7\u0131kacak?\u201d dedi.\u00a0 BEN\u0130M &hellip;<\/p>","protected":false},"author":2,"featured_media":0,"comment_status":"closed","ping_status":"open","sticky":false,"template":"","format":"standard","meta":{"_acf_changed":false,"footnotes":""},"categories":[24,535],"tags":[],"class_list":["post-17115","post","type-post","status-publish","format-standard","has-post-thumbnail","hentry","category-gundem","category-uncategorized-tr"],"acf":[],"yoast_head":"<!-- This site is optimized with the Yoast SEO Premium plugin v26.6 (Yoast SEO v27.1.1) - https:\/\/yoast.com\/product\/yoast-seo-premium-wordpress\/ -->\n<title>Yenido\u011fan \u00c7etesi y\u00f6neticisi: \u201cBenim y\u00fcz\u00fcmden 47 ki\u015fi bebek ka*illi\u011fi ile su\u00e7lan\u0131yor\u201d - Av. Deniz Can K\u0131z\u0131l<\/title>\n<meta name=\"robots\" content=\"index, follow, max-snippet:-1, max-image-preview:large, max-video-preview:-1\" \/>\n<link rel=\"canonical\" href=\"https:\/\/denizcankizil.tr\/en\/haberler\/gundem\/yenidogan-cetesi-yoneticisi-benim-yuzumden-47-kisi-bebek-kailligi-ile-suclaniyor\/\" \/>\n<meta property=\"og:locale\" content=\"en_GB\" \/>\n<meta property=\"og:type\" content=\"article\" \/>\n<meta property=\"og:title\" content=\"Yenido\u011fan \u00c7etesi y\u00f6neticisi: \u201cBenim y\u00fcz\u00fcmden 47 ki\u015fi bebek ka*illi\u011fi ile su\u00e7lan\u0131yor\u201d\" \/>\n<meta property=\"og:description\" content=\"\u0130stanbul\u2019da bebekleri kendilerinin anla\u015fmal\u0131 oldu\u011fu hastanelere sevk ederek haks\u0131z kazan\u00e7 sa\u011flayan ve ihmali davran\u0131\u015flarda bulunarak \u00f6lmelerine neden olan Yenido\u011fan \u00c7etesi y\u00f6neticisi ve \u00fcyesi 22\u2019sinde aralar\u0131nda bulundu\u011fu toplam 47 tutkulu san\u0131\u011f\u0131n yarg\u0131land\u0131\u011f\u0131 davan\u0131n be\u015finci g\u00fcn\u00fcnde devam ediyor. Bak\u0131rk\u00f6y 22. A\u011f\u0131r Ceza Mahkemesi taraf\u0131ndan adliyenin konferans salonunda g\u00f6r\u00fclen duru\u015fmada, \u00f6rg\u00fct y\u00f6neticisi \u0130lker G\u00f6nen savunma yapt\u0131.\u00a0 K\u0130M B\u0130ZE SAH\u0130P \u00c7IKACAK? Medisense \u015firketinde doktor olarak g\u00f6rev yapan ve iddianamede bebekler Kadan, Ayaz Karaduman, \u00d6yk\u00fc Helvac\u0131, Havanur Karako\u00e7 ve Kerem Muhammed Tokluo\u011flu&#8217;nun ihmali davran\u0131\u015f nedeniyle \u00f6l\u00fcm\u00fcne sebep olma su\u00e7unu i\u015fledi\u011fi tespit edilen san\u0131k G\u00f6nen, savunma yapt\u0131. G\u00f6nen savunmas\u0131nda, \u201cKarako\u00e7 bebe\u011fin ba\u011f\u0131rsaklar\u0131nda sorun vard\u0131. Bebek Yalova\u2019dan geldi. Bebe\u011fin durumu k\u00f6t\u00fcle\u015fti. Ba\u011fc\u0131lar\u2019da ameliyat oldu. Sonra sevk oldu. 64 g\u00fcn sonra bebek vefat etti. Beni hem\u015fireler 64 g\u00fcn boyunca arad\u0131. Bebe\u011fe mama veriyorduk a\u011fz\u0131ndan geliyordu. Ben bebe\u011fin beslenemedi\u011fi i\u00e7in \u00f6lmesiyle su\u00e7lan\u0131yorum. Bebek Karako\u00e7 vefat ettikten sonra polis geldi b\u00fct\u00fcn dosyalara el koydu ve bebe\u011fi Adli T\u0131p Kurumu morguna g\u00f6t\u00fcrd\u00fc. Bebe\u011fe otopsi yap\u0131ld\u0131. Rapora g\u00f6re bu bebe\u011fin \u00f6l\u00fcm\u00fc beslenememe de\u011fil, ba\u011f\u0131rsaklar\u0131n y\u0131rt\u0131lmas\u0131. Masumiyet karinem varken, her \u015feyde gizlilik karar\u0131 varken, nas\u0131l oluyor da haberlerde kanallarda sayfa sayfa \u00e7ar\u015faf \u00e7ar\u015faf yay\u0131nlan\u0131yor bu iddialar ama benim avukat\u0131m ula\u015fam\u0131yor. Bu Allahtan reva m\u0131d\u0131r? Aileler galeyana getirildi. Kim bize sahip \u00e7\u0131kacak?\u201d dedi.\u00a0 BEN\u0130M &hellip;\" \/>\n<meta property=\"og:url\" content=\"https:\/\/denizcankizil.tr\/en\/haberler\/gundem\/yenidogan-cetesi-yoneticisi-benim-yuzumden-47-kisi-bebek-kailligi-ile-suclaniyor\/\" \/>\n<meta property=\"og:site_name\" content=\"Av. Deniz Can K\u0131z\u0131l\" \/>\n<meta property=\"article:published_time\" content=\"2024-11-22T16:41:15+00:00\" \/>\n<meta property=\"article:modified_time\" content=\"2025-03-15T21:46:34+00:00\" \/>\n<meta name=\"author\" content=\"www.hukukihaber .net\" \/>\n<meta name=\"twitter:card\" content=\"summary_large_image\" \/>\n<meta name=\"twitter:label1\" content=\"Written by\" \/>\n\t<meta name=\"twitter:data1\" content=\"www.hukukihaber .net\" \/>\n\t<meta name=\"twitter:label2\" content=\"Estimated reading time\" \/>\n\t<meta name=\"twitter:data2\" content=\"4 minutes\" \/>\n<script type=\"application\/ld+json\" class=\"yoast-schema-graph\">{\"@context\":\"https:\/\/schema.org\",\"@graph\":[{\"@type\":\"Article\",\"@id\":\"https:\/\/denizcankizil.tr\/en\/haberler\/gundem\/yenidogan-cetesi-yoneticisi-benim-yuzumden-47-kisi-bebek-kailligi-ile-suclaniyor\/#article\",\"isPartOf\":{\"@id\":\"https:\/\/denizcankizil.tr\/en\/haberler\/gundem\/yenidogan-cetesi-yoneticisi-benim-yuzumden-47-kisi-bebek-kailligi-ile-suclaniyor\/\"},\"author\":{\"name\":\"www.hukukihaber .net\",\"@id\":\"https:\/\/denizcankizil.tr\/de\/#\/schema\/person\/ee8d1a7e569af69c394b149657373d7c\"},\"headline\":\"Yenido\u011fan \u00c7etesi y\u00f6neticisi: \u201cBenim y\u00fcz\u00fcmden 47 ki\u015fi bebek ka*illi\u011fi ile su\u00e7lan\u0131yor\u201d\",\"datePublished\":\"2024-11-22T16:41:15+00:00\",\"dateModified\":\"2025-03-15T21:46:34+00:00\",\"mainEntityOfPage\":{\"@id\":\"https:\/\/denizcankizil.tr\/en\/haberler\/gundem\/yenidogan-cetesi-yoneticisi-benim-yuzumden-47-kisi-bebek-kailligi-ile-suclaniyor\/\"},\"wordCount\":776,\"publisher\":{\"@id\":\"https:\/\/denizcankizil.tr\/de\/#organization\"},\"articleSection\":[\"G\u00fcndem\",\"Uncategorized\"],\"inLanguage\":\"en-GB\"},{\"@type\":\"WebPage\",\"@id\":\"https:\/\/denizcankizil.tr\/en\/haberler\/gundem\/yenidogan-cetesi-yoneticisi-benim-yuzumden-47-kisi-bebek-kailligi-ile-suclaniyor\/\",\"url\":\"https:\/\/denizcankizil.tr\/en\/haberler\/gundem\/yenidogan-cetesi-yoneticisi-benim-yuzumden-47-kisi-bebek-kailligi-ile-suclaniyor\/\",\"name\":\"Yenido\u011fan \u00c7etesi y\u00f6neticisi: \u201cBenim y\u00fcz\u00fcmden 47 ki\u015fi bebek ka*illi\u011fi ile su\u00e7lan\u0131yor\u201d - Av. Deniz Can K\u0131z\u0131l\",\"isPartOf\":{\"@id\":\"https:\/\/denizcankizil.tr\/de\/#website\"},\"datePublished\":\"2024-11-22T16:41:15+00:00\",\"dateModified\":\"2025-03-15T21:46:34+00:00\",\"breadcrumb\":{\"@id\":\"https:\/\/denizcankizil.tr\/en\/haberler\/gundem\/yenidogan-cetesi-yoneticisi-benim-yuzumden-47-kisi-bebek-kailligi-ile-suclaniyor\/#breadcrumb\"},\"inLanguage\":\"en-GB\",\"potentialAction\":[{\"@type\":\"ReadAction\",\"target\":[\"https:\/\/denizcankizil.tr\/en\/haberler\/gundem\/yenidogan-cetesi-yoneticisi-benim-yuzumden-47-kisi-bebek-kailligi-ile-suclaniyor\/\"]}]},{\"@type\":\"BreadcrumbList\",\"@id\":\"https:\/\/denizcankizil.tr\/en\/haberler\/gundem\/yenidogan-cetesi-yoneticisi-benim-yuzumden-47-kisi-bebek-kailligi-ile-suclaniyor\/#breadcrumb\",\"itemListElement\":[{\"@type\":\"ListItem\",\"position\":1,\"name\":\"Home\",\"item\":\"https:\/\/denizcankizil.tr\/de\/\"},{\"@type\":\"ListItem\",\"position\":2,\"name\":\"Yenido\u011fan \u00c7etesi y\u00f6neticisi: \u201cBenim y\u00fcz\u00fcmden 47 ki\u015fi bebek ka*illi\u011fi ile su\u00e7lan\u0131yor\u201d\"}]},{\"@type\":\"WebSite\",\"@id\":\"https:\/\/denizcankizil.tr\/de\/#website\",\"url\":\"https:\/\/denizcankizil.tr\/de\/\",\"name\":\"Av. Deniz Can K\u0131z\u0131l\",\"description\":\"Avukat Deniz Can K\u0131z\u0131l Antalya Barosu\",\"publisher\":{\"@id\":\"https:\/\/denizcankizil.tr\/de\/#organization\"},\"potentialAction\":[{\"@type\":\"SearchAction\",\"target\":{\"@type\":\"EntryPoint\",\"urlTemplate\":\"https:\/\/denizcankizil.tr\/de\/?s={search_term_string}\"},\"query-input\":{\"@type\":\"PropertyValueSpecification\",\"valueRequired\":true,\"valueName\":\"search_term_string\"}}],\"inLanguage\":\"en-GB\"},{\"@type\":\"Organization\",\"@id\":\"https:\/\/denizcankizil.tr\/de\/#organization\",\"name\":\"Av. Deniz Can K\u0131z\u0131l\",\"url\":\"https:\/\/denizcankizil.tr\/de\/\",\"logo\":{\"@type\":\"ImageObject\",\"inLanguage\":\"en-GB\",\"@id\":\"https:\/\/denizcankizil.tr\/de\/#\/schema\/logo\/image\/\",\"url\":\"https:\/\/denizcankizil.tr\/wp-content\/uploads\/2024\/10\/siyah-logo-svg.svg\",\"contentUrl\":\"https:\/\/denizcankizil.tr\/wp-content\/uploads\/2024\/10\/siyah-logo-svg.svg\",\"width\":1080,\"height\":1080,\"caption\":\"Av. Deniz Can K\u0131z\u0131l\"},\"image\":{\"@id\":\"https:\/\/denizcankizil.tr\/de\/#\/schema\/logo\/image\/\"}},{\"@type\":\"Person\",\"@id\":\"https:\/\/denizcankizil.tr\/de\/#\/schema\/person\/ee8d1a7e569af69c394b149657373d7c\",\"name\":\"www.hukukihaber .net\",\"image\":{\"@type\":\"ImageObject\",\"inLanguage\":\"en-GB\",\"@id\":\"https:\/\/denizcankizil.tr\/de\/#\/schema\/person\/image\/\",\"url\":\"https:\/\/secure.gravatar.com\/avatar\/24a421031e14edd04885d60c1a11a8021184a2ed5e7477881edb09ec996193ab?s=96&d=mm&r=g\",\"contentUrl\":\"https:\/\/secure.gravatar.com\/avatar\/24a421031e14edd04885d60c1a11a8021184a2ed5e7477881edb09ec996193ab?s=96&d=mm&r=g\",\"caption\":\"www.hukukihaber .net\"},\"url\":\"https:\/\/www.antalyakorfez.com\/yenidogan-cetesi-yoneticisi-benim-yuzumden-47-kisi-bebek-kailligi-ile-suclaniyor\"}]}<\/script>\n<!-- \/ Yoast SEO Premium plugin. -->","yoast_head_json":{"title":"Yenido\u011fan \u00c7etesi y\u00f6neticisi: \u201cBenim y\u00fcz\u00fcmden 47 ki\u015fi bebek ka*illi\u011fi ile su\u00e7lan\u0131yor\u201d - Av. Deniz Can K\u0131z\u0131l","robots":{"index":"index","follow":"follow","max-snippet":"max-snippet:-1","max-image-preview":"max-image-preview:large","max-video-preview":"max-video-preview:-1"},"canonical":"https:\/\/denizcankizil.tr\/en\/haberler\/gundem\/yenidogan-cetesi-yoneticisi-benim-yuzumden-47-kisi-bebek-kailligi-ile-suclaniyor\/","og_locale":"en_GB","og_type":"article","og_title":"Yenido\u011fan \u00c7etesi y\u00f6neticisi: \u201cBenim y\u00fcz\u00fcmden 47 ki\u015fi bebek ka*illi\u011fi ile su\u00e7lan\u0131yor\u201d","og_description":"\u0130stanbul\u2019da bebekleri kendilerinin anla\u015fmal\u0131 oldu\u011fu hastanelere sevk ederek haks\u0131z kazan\u00e7 sa\u011flayan ve ihmali davran\u0131\u015flarda bulunarak \u00f6lmelerine neden olan Yenido\u011fan \u00c7etesi y\u00f6neticisi ve \u00fcyesi 22\u2019sinde aralar\u0131nda bulundu\u011fu toplam 47 tutkulu san\u0131\u011f\u0131n yarg\u0131land\u0131\u011f\u0131 davan\u0131n be\u015finci g\u00fcn\u00fcnde devam ediyor. Bak\u0131rk\u00f6y 22. A\u011f\u0131r Ceza Mahkemesi taraf\u0131ndan adliyenin konferans salonunda g\u00f6r\u00fclen duru\u015fmada, \u00f6rg\u00fct y\u00f6neticisi \u0130lker G\u00f6nen savunma yapt\u0131.\u00a0 K\u0130M B\u0130ZE SAH\u0130P \u00c7IKACAK? Medisense \u015firketinde doktor olarak g\u00f6rev yapan ve iddianamede bebekler Kadan, Ayaz Karaduman, \u00d6yk\u00fc Helvac\u0131, Havanur Karako\u00e7 ve Kerem Muhammed Tokluo\u011flu&#8217;nun ihmali davran\u0131\u015f nedeniyle \u00f6l\u00fcm\u00fcne sebep olma su\u00e7unu i\u015fledi\u011fi tespit edilen san\u0131k G\u00f6nen, savunma yapt\u0131. G\u00f6nen savunmas\u0131nda, \u201cKarako\u00e7 bebe\u011fin ba\u011f\u0131rsaklar\u0131nda sorun vard\u0131. Bebek Yalova\u2019dan geldi. Bebe\u011fin durumu k\u00f6t\u00fcle\u015fti. Ba\u011fc\u0131lar\u2019da ameliyat oldu. Sonra sevk oldu. 64 g\u00fcn sonra bebek vefat etti. Beni hem\u015fireler 64 g\u00fcn boyunca arad\u0131. Bebe\u011fe mama veriyorduk a\u011fz\u0131ndan geliyordu. Ben bebe\u011fin beslenemedi\u011fi i\u00e7in \u00f6lmesiyle su\u00e7lan\u0131yorum. Bebek Karako\u00e7 vefat ettikten sonra polis geldi b\u00fct\u00fcn dosyalara el koydu ve bebe\u011fi Adli T\u0131p Kurumu morguna g\u00f6t\u00fcrd\u00fc. Bebe\u011fe otopsi yap\u0131ld\u0131. Rapora g\u00f6re bu bebe\u011fin \u00f6l\u00fcm\u00fc beslenememe de\u011fil, ba\u011f\u0131rsaklar\u0131n y\u0131rt\u0131lmas\u0131. Masumiyet karinem varken, her \u015feyde gizlilik karar\u0131 varken, nas\u0131l oluyor da haberlerde kanallarda sayfa sayfa \u00e7ar\u015faf \u00e7ar\u015faf yay\u0131nlan\u0131yor bu iddialar ama benim avukat\u0131m ula\u015fam\u0131yor. Bu Allahtan reva m\u0131d\u0131r? Aileler galeyana getirildi. Kim bize sahip \u00e7\u0131kacak?\u201d dedi.\u00a0 BEN\u0130M &hellip;","og_url":"https:\/\/denizcankizil.tr\/en\/haberler\/gundem\/yenidogan-cetesi-yoneticisi-benim-yuzumden-47-kisi-bebek-kailligi-ile-suclaniyor\/","og_site_name":"Av. Deniz Can K\u0131z\u0131l","article_published_time":"2024-11-22T16:41:15+00:00","article_modified_time":"2025-03-15T21:46:34+00:00","author":"www.hukukihaber .net","twitter_card":"summary_large_image","twitter_misc":{"Written by":"www.hukukihaber .net","Estimated reading time":"4 minutes"},"schema":{"@context":"https:\/\/schema.org","@graph":[{"@type":"Article","@id":"https:\/\/denizcankizil.tr\/en\/haberler\/gundem\/yenidogan-cetesi-yoneticisi-benim-yuzumden-47-kisi-bebek-kailligi-ile-suclaniyor\/#article","isPartOf":{"@id":"https:\/\/denizcankizil.tr\/en\/haberler\/gundem\/yenidogan-cetesi-yoneticisi-benim-yuzumden-47-kisi-bebek-kailligi-ile-suclaniyor\/"},"author":{"name":"www.hukukihaber .net","@id":"https:\/\/denizcankizil.tr\/de\/#\/schema\/person\/ee8d1a7e569af69c394b149657373d7c"},"headline":"Yenido\u011fan \u00c7etesi y\u00f6neticisi: \u201cBenim y\u00fcz\u00fcmden 47 ki\u015fi bebek ka*illi\u011fi ile su\u00e7lan\u0131yor\u201d","datePublished":"2024-11-22T16:41:15+00:00","dateModified":"2025-03-15T21:46:34+00:00","mainEntityOfPage":{"@id":"https:\/\/denizcankizil.tr\/en\/haberler\/gundem\/yenidogan-cetesi-yoneticisi-benim-yuzumden-47-kisi-bebek-kailligi-ile-suclaniyor\/"},"wordCount":776,"publisher":{"@id":"https:\/\/denizcankizil.tr\/de\/#organization"},"articleSection":["G\u00fcndem","Uncategorized"],"inLanguage":"en-GB"},{"@type":"WebPage","@id":"https:\/\/denizcankizil.tr\/en\/haberler\/gundem\/yenidogan-cetesi-yoneticisi-benim-yuzumden-47-kisi-bebek-kailligi-ile-suclaniyor\/","url":"https:\/\/denizcankizil.tr\/en\/haberler\/gundem\/yenidogan-cetesi-yoneticisi-benim-yuzumden-47-kisi-bebek-kailligi-ile-suclaniyor\/","name":"Yenido\u011fan \u00c7etesi y\u00f6neticisi: \u201cBenim y\u00fcz\u00fcmden 47 ki\u015fi bebek ka*illi\u011fi ile su\u00e7lan\u0131yor\u201d - Av. Deniz Can K\u0131z\u0131l","isPartOf":{"@id":"https:\/\/denizcankizil.tr\/de\/#website"},"datePublished":"2024-11-22T16:41:15+00:00","dateModified":"2025-03-15T21:46:34+00:00","breadcrumb":{"@id":"https:\/\/denizcankizil.tr\/en\/haberler\/gundem\/yenidogan-cetesi-yoneticisi-benim-yuzumden-47-kisi-bebek-kailligi-ile-suclaniyor\/#breadcrumb"},"inLanguage":"en-GB","potentialAction":[{"@type":"ReadAction","target":["https:\/\/denizcankizil.tr\/en\/haberler\/gundem\/yenidogan-cetesi-yoneticisi-benim-yuzumden-47-kisi-bebek-kailligi-ile-suclaniyor\/"]}]},{"@type":"BreadcrumbList","@id":"https:\/\/denizcankizil.tr\/en\/haberler\/gundem\/yenidogan-cetesi-yoneticisi-benim-yuzumden-47-kisi-bebek-kailligi-ile-suclaniyor\/#breadcrumb","itemListElement":[{"@type":"ListItem","position":1,"name":"Home","item":"https:\/\/denizcankizil.tr\/de\/"},{"@type":"ListItem","position":2,"name":"Yenido\u011fan \u00c7etesi y\u00f6neticisi: \u201cBenim y\u00fcz\u00fcmden 47 ki\u015fi bebek ka*illi\u011fi ile su\u00e7lan\u0131yor\u201d"}]},{"@type":"WebSite","@id":"https:\/\/denizcankizil.tr\/de\/#website","url":"https:\/\/denizcankizil.tr\/de\/","name":"Av. Deniz Can K\u0131z\u0131l","description":"Avukat Deniz Can K\u0131z\u0131l Antalya Barosu","publisher":{"@id":"https:\/\/denizcankizil.tr\/de\/#organization"},"potentialAction":[{"@type":"SearchAction","target":{"@type":"EntryPoint","urlTemplate":"https:\/\/denizcankizil.tr\/de\/?s={search_term_string}"},"query-input":{"@type":"PropertyValueSpecification","valueRequired":true,"valueName":"search_term_string"}}],"inLanguage":"en-GB"},{"@type":"Organization","@id":"https:\/\/denizcankizil.tr\/de\/#organization","name":"Av. Deniz Can K\u0131z\u0131l","url":"https:\/\/denizcankizil.tr\/de\/","logo":{"@type":"ImageObject","inLanguage":"en-GB","@id":"https:\/\/denizcankizil.tr\/de\/#\/schema\/logo\/image\/","url":"https:\/\/denizcankizil.tr\/wp-content\/uploads\/2024\/10\/siyah-logo-svg.svg","contentUrl":"https:\/\/denizcankizil.tr\/wp-content\/uploads\/2024\/10\/siyah-logo-svg.svg","width":1080,"height":1080,"caption":"Av. Deniz Can K\u0131z\u0131l"},"image":{"@id":"https:\/\/denizcankizil.tr\/de\/#\/schema\/logo\/image\/"}},{"@type":"Person","@id":"https:\/\/denizcankizil.tr\/de\/#\/schema\/person\/ee8d1a7e569af69c394b149657373d7c","name":"www.hukukihaber.net","image":{"@type":"ImageObject","inLanguage":"en-GB","@id":"https:\/\/denizcankizil.tr\/de\/#\/schema\/person\/image\/","url":"https:\/\/secure.gravatar.com\/avatar\/24a421031e14edd04885d60c1a11a8021184a2ed5e7477881edb09ec996193ab?s=96&d=mm&r=g","contentUrl":"https:\/\/secure.gravatar.com\/avatar\/24a421031e14edd04885d60c1a11a8021184a2ed5e7477881edb09ec996193ab?s=96&d=mm&r=g","caption":"www.hukukihaber .net"},"url":"https:\/\/www.antalyakorfez.com\/yenidogan-cetesi-yoneticisi-benim-yuzumden-47-kisi-bebek-kailligi-ile-suclaniyor"}]}},"_links":{"self":[{"href":"https:\/\/denizcankizil.tr\/en\/wp-json\/wp\/v2\/posts\/17115","targetHints":{"allow":["GET"]}}],"collection":[{"href":"https:\/\/denizcankizil.tr\/en\/wp-json\/wp\/v2\/posts"}],"about":[{"href":"https:\/\/denizcankizil.tr\/en\/wp-json\/wp\/v2\/types\/post"}],"author":[{"embeddable":true,"href":"https:\/\/denizcankizil.tr\/en\/wp-json\/wp\/v2\/users\/2"}],"replies":[{"embeddable":true,"href":"https:\/\/denizcankizil.tr\/en\/wp-json\/wp\/v2\/comments?post=17115"}],"version-history":[{"count":1,"href":"https:\/\/denizcankizil.tr\/en\/wp-json\/wp\/v2\/posts\/17115\/revisions"}],"predecessor-version":[{"id":36028,"href":"https:\/\/denizcankizil.tr\/en\/wp-json\/wp\/v2\/posts\/17115\/revisions\/36028"}],"wp:attachment":[{"href":"https:\/\/denizcankizil.tr\/en\/wp-json\/wp\/v2\/media?parent=17115"}],"wp:term":[{"taxonomy":"category","embeddable":true,"href":"https:\/\/denizcankizil.tr\/en\/wp-json\/wp\/v2\/categories?post=17115"},{"taxonomy":"post_tag","embeddable":true,"href":"https:\/\/denizcankizil.tr\/en\/wp-json\/wp\/v2\/tags?post=17115"}],"curies":[{"name":"wp","href":"https:\/\/api.w.org\/{rel}","templated":true}]}}