{"id":17034,"date":"2024-11-22T10:42:20","date_gmt":"2024-11-22T07:42:20","guid":{"rendered":"https:\/\/denizcankizil.tr\/uncategorized-tr\/duzcede-zincirleme-kaza-3-yarali\/"},"modified":"2024-11-22T10:42:20","modified_gmt":"2024-11-22T07:42:20","slug":"duzcede-zincirleme-kaza-3-yarali","status":"publish","type":"post","link":"https:\/\/denizcankizil.tr\/en\/haberler\/gundem\/duzcede-zincirleme-kaza-3-yarali\/","title":{"rendered":"D\u00fczce&#8217;de zincirleme kaza: 3 yaral\u0131!"},"content":{"rendered":"<p>D\u00fczce&#8217;nin Ayd\u0131np\u0131nar Caddesi Otluo\u011flu mevkiinde meydana gelen zincirleme kazada otomobilde s\u0131k\u0131\u015fan kad\u0131nlar itfaiyenin m\u00fcdahalesiyle kurtar\u0131ld\u0131.Sibel KABASAKAL \/ D\u00dcZCE (\u0130GFA) &#8211;\u00a0 Al\u0131nan bilgiye g\u00f6re, Ayd\u0131np\u0131nardan D\u00fczce istikametine seyir halinde olan 81 FR 611 plakal\u0131 otomobil ile ayn\u0131 istikamete giden 54 AKL 602 ve 14 AAJ 220 plakal\u0131 otomobil \u00e7arp\u0131\u015ft\u0131.<br \/>\n\u00c7arp\u0131\u015fman\u0131n etkisiyle 81 FR 612 plakal\u0131 otomobilde s\u0131k\u0131\u015fan M.S, L.S ve G.S ihbar \u00fczerine b\u00f6lgeye gelen itfaiye ekipleri taraf\u0131ndan s\u0131k\u0131\u015ft\u0131klar\u0131 yerden \u00e7\u0131kar\u0131ld\u0131.<br \/>\nOlay yerinde ilk m\u00fcdahaleleri yap\u0131lan yaral\u0131lar ambulanslarla D\u00fczce Atat\u00fcrk Devlet Hastanesi&#8217;ne kald\u0131r\u0131ld\u0131.<\/p>\n<p>Kaza dolay\u0131s\u0131yla trafi\u011fe kapanan yol, ara\u00e7lar\u0131n kald\u0131r\u0131lmas\u0131 ard\u0131ndan yeniden seyrine d\u00f6nd\u00fc.<br \/>\nKazayla ilgili tahkikat ba\u015flat\u0131ld\u0131.<\/p>\n<p>\u200bD\u00fczce&#8217;nin Ayd\u0131np\u0131nar Caddesi Otluo\u011flu mevkiinde meydana gelen zincirleme kazada otomobilde s\u0131k\u0131\u015fan kad\u0131nlar itfaiyenin m\u00fcdahalesiyle kurtar\u0131ld\u0131\u00a0<\/p>\n<p>\u200bHaberin Al\u0131nt\u0131land\u0131\u011f\u0131 Kaynak: www.iskenderun.org<\/p>","protected":false},"excerpt":{"rendered":"<p>D\u00fczce&#8217;nin Ayd\u0131np\u0131nar Caddesi Otluo\u011flu mevkiinde meydana gelen zincirleme kazada otomobilde s\u0131k\u0131\u015fan kad\u0131nlar itfaiyenin m\u00fcdahalesiyle kurtar\u0131ld\u0131.Sibel KABASAKAL \/ D\u00dcZCE (\u0130GFA) &#8211;\u00a0 Al\u0131nan bilgiye g\u00f6re, Ayd\u0131np\u0131nardan D\u00fczce istikametine seyir halinde olan 81 FR 611 plakal\u0131 otomobil ile ayn\u0131 istikamete giden 54 AKL 602 ve 14 AAJ 220 plakal\u0131 otomobil \u00e7arp\u0131\u015ft\u0131. \u00c7arp\u0131\u015fman\u0131n etkisiyle 81 FR 612 plakal\u0131 otomobilde s\u0131k\u0131\u015fan M.S, L.S ve G.S ihbar \u00fczerine b\u00f6lgeye gelen itfaiye ekipleri taraf\u0131ndan s\u0131k\u0131\u015ft\u0131klar\u0131 yerden \u00e7\u0131kar\u0131ld\u0131. Olay yerinde ilk m\u00fcdahaleleri yap\u0131lan yaral\u0131lar ambulanslarla D\u00fczce Atat\u00fcrk Devlet Hastanesi&#8217;ne kald\u0131r\u0131ld\u0131. Kaza dolay\u0131s\u0131yla trafi\u011fe kapanan yol, ara\u00e7lar\u0131n kald\u0131r\u0131lmas\u0131 ard\u0131ndan yeniden seyrine d\u00f6nd\u00fc. Kazayla ilgili tahkikat ba\u015flat\u0131ld\u0131. \u200bD\u00fczce&#8217;nin Ayd\u0131np\u0131nar Caddesi Otluo\u011flu mevkiinde meydana gelen zincirleme kazada otomobilde s\u0131k\u0131\u015fan kad\u0131nlar itfaiyenin m\u00fcdahalesiyle kurtar\u0131ld\u0131\u00a0 \u200bHaberin Al\u0131nt\u0131land\u0131\u011f\u0131 Kaynak: www.iskenderun.org<\/p>","protected":false},"author":0,"featured_media":0,"comment_status":"open","ping_status":"open","sticky":false,"template":"","format":"standard","meta":{"_acf_changed":false,"footnotes":""},"categories":[24,535],"tags":[],"class_list":["post-17034","post","type-post","status-publish","format-standard","has-post-thumbnail","hentry","category-gundem","category-uncategorized-tr"],"acf":[],"yoast_head":"<!-- This site is optimized with the Yoast SEO Premium plugin v26.6 (Yoast SEO v27.1.1) - https:\/\/yoast.com\/product\/yoast-seo-premium-wordpress\/ -->\n<title>D\u00fczce&#039;de zincirleme kaza: 3 yaral\u0131! - Av. Deniz Can K\u0131z\u0131l<\/title>\n<meta name=\"robots\" content=\"index, follow, max-snippet:-1, max-image-preview:large, max-video-preview:-1\" \/>\n<link rel=\"canonical\" href=\"https:\/\/denizcankizil.tr\/en\/haberler\/gundem\/duzcede-zincirleme-kaza-3-yarali\/\" \/>\n<meta property=\"og:locale\" content=\"en_GB\" \/>\n<meta property=\"og:type\" content=\"article\" \/>\n<meta property=\"og:title\" content=\"D\u00fczce&#039;de zincirleme kaza: 3 yaral\u0131!\" \/>\n<meta property=\"og:description\" content=\"D\u00fczce&#8217;nin Ayd\u0131np\u0131nar Caddesi Otluo\u011flu mevkiinde meydana gelen zincirleme kazada otomobilde s\u0131k\u0131\u015fan kad\u0131nlar itfaiyenin m\u00fcdahalesiyle kurtar\u0131ld\u0131.Sibel KABASAKAL \/ D\u00dcZCE (\u0130GFA) &#8211;\u00a0 Al\u0131nan bilgiye g\u00f6re, Ayd\u0131np\u0131nardan D\u00fczce istikametine seyir halinde olan 81 FR 611 plakal\u0131 otomobil ile ayn\u0131 istikamete giden 54 AKL 602 ve 14 AAJ 220 plakal\u0131 otomobil \u00e7arp\u0131\u015ft\u0131. \u00c7arp\u0131\u015fman\u0131n etkisiyle 81 FR 612 plakal\u0131 otomobilde s\u0131k\u0131\u015fan M.S, L.S ve G.S ihbar \u00fczerine b\u00f6lgeye gelen itfaiye ekipleri taraf\u0131ndan s\u0131k\u0131\u015ft\u0131klar\u0131 yerden \u00e7\u0131kar\u0131ld\u0131. Olay yerinde ilk m\u00fcdahaleleri yap\u0131lan yaral\u0131lar ambulanslarla D\u00fczce Atat\u00fcrk Devlet Hastanesi&#8217;ne kald\u0131r\u0131ld\u0131. Kaza dolay\u0131s\u0131yla trafi\u011fe kapanan yol, ara\u00e7lar\u0131n kald\u0131r\u0131lmas\u0131 ard\u0131ndan yeniden seyrine d\u00f6nd\u00fc. Kazayla ilgili tahkikat ba\u015flat\u0131ld\u0131. \u200bD\u00fczce&#8217;nin Ayd\u0131np\u0131nar Caddesi Otluo\u011flu mevkiinde meydana gelen zincirleme kazada otomobilde s\u0131k\u0131\u015fan kad\u0131nlar itfaiyenin m\u00fcdahalesiyle kurtar\u0131ld\u0131\u00a0 \u200bHaberin Al\u0131nt\u0131land\u0131\u011f\u0131 Kaynak: www.iskenderun.org\" \/>\n<meta property=\"og:url\" content=\"https:\/\/denizcankizil.tr\/en\/haberler\/gundem\/duzcede-zincirleme-kaza-3-yarali\/\" \/>\n<meta property=\"og:site_name\" content=\"Av. Deniz Can K\u0131z\u0131l\" \/>\n<meta property=\"article:published_time\" content=\"2024-11-22T07:42:20+00:00\" \/>\n<meta name=\"twitter:card\" content=\"summary_large_image\" \/>\n<meta name=\"twitter:label1\" content=\"Estimated reading time\" \/>\n\t<meta name=\"twitter:data1\" content=\"1 minute\" \/>\n<script type=\"application\/ld+json\" class=\"yoast-schema-graph\">{\"@context\":\"https:\/\/schema.org\",\"@graph\":[{\"@type\":\"Article\",\"@id\":\"https:\/\/denizcankizil.tr\/en\/haberler\/gundem\/duzcede-zincirleme-kaza-3-yarali\/#article\",\"isPartOf\":{\"@id\":\"https:\/\/denizcankizil.tr\/en\/haberler\/gundem\/duzcede-zincirleme-kaza-3-yarali\/\"},\"author\":{\"name\":\"\",\"@id\":\"\"},\"headline\":\"D\u00fczce&#8217;de zincirleme kaza: 3 yaral\u0131!\",\"datePublished\":\"2024-11-22T07:42:20+00:00\",\"mainEntityOfPage\":{\"@id\":\"https:\/\/denizcankizil.tr\/en\/haberler\/gundem\/duzcede-zincirleme-kaza-3-yarali\/\"},\"wordCount\":177,\"commentCount\":0,\"publisher\":{\"@id\":\"https:\/\/denizcankizil.tr\/#organization\"},\"articleSection\":[\"G\u00fcndem\",\"Uncategorized\"],\"inLanguage\":\"en-GB\",\"potentialAction\":[{\"@type\":\"CommentAction\",\"name\":\"Comment\",\"target\":[\"https:\/\/denizcankizil.tr\/en\/haberler\/gundem\/duzcede-zincirleme-kaza-3-yarali\/#respond\"]}]},{\"@type\":\"WebPage\",\"@id\":\"https:\/\/denizcankizil.tr\/en\/haberler\/gundem\/duzcede-zincirleme-kaza-3-yarali\/\",\"url\":\"https:\/\/denizcankizil.tr\/en\/haberler\/gundem\/duzcede-zincirleme-kaza-3-yarali\/\",\"name\":\"D\u00fczce'de zincirleme kaza: 3 yaral\u0131! - Av. Deniz Can K\u0131z\u0131l\",\"isPartOf\":{\"@id\":\"https:\/\/denizcankizil.tr\/#website\"},\"datePublished\":\"2024-11-22T07:42:20+00:00\",\"breadcrumb\":{\"@id\":\"https:\/\/denizcankizil.tr\/en\/haberler\/gundem\/duzcede-zincirleme-kaza-3-yarali\/#breadcrumb\"},\"inLanguage\":\"en-GB\",\"potentialAction\":[{\"@type\":\"ReadAction\",\"target\":[\"https:\/\/denizcankizil.tr\/en\/haberler\/gundem\/duzcede-zincirleme-kaza-3-yarali\/\"]}]},{\"@type\":\"BreadcrumbList\",\"@id\":\"https:\/\/denizcankizil.tr\/en\/haberler\/gundem\/duzcede-zincirleme-kaza-3-yarali\/#breadcrumb\",\"itemListElement\":[{\"@type\":\"ListItem\",\"position\":1,\"name\":\"Home\",\"item\":\"https:\/\/denizcankizil.tr\/de\/\"},{\"@type\":\"ListItem\",\"position\":2,\"name\":\"D\u00fczce&#8217;de zincirleme kaza: 3 yaral\u0131!\"}]},{\"@type\":\"WebSite\",\"@id\":\"https:\/\/denizcankizil.tr\/#website\",\"url\":\"https:\/\/denizcankizil.tr\/\",\"name\":\"Av. Deniz Can K\u0131z\u0131l\",\"description\":\"Avukat Deniz Can K\u0131z\u0131l Antalya Barosu\",\"publisher\":{\"@id\":\"https:\/\/denizcankizil.tr\/#organization\"},\"potentialAction\":[{\"@type\":\"SearchAction\",\"target\":{\"@type\":\"EntryPoint\",\"urlTemplate\":\"https:\/\/denizcankizil.tr\/?s={search_term_string}\"},\"query-input\":{\"@type\":\"PropertyValueSpecification\",\"valueRequired\":true,\"valueName\":\"search_term_string\"}}],\"inLanguage\":\"en-GB\"},{\"@type\":\"Organization\",\"@id\":\"https:\/\/denizcankizil.tr\/#organization\",\"name\":\"Av. Deniz Can K\u0131z\u0131l\",\"url\":\"https:\/\/denizcankizil.tr\/\",\"logo\":{\"@type\":\"ImageObject\",\"inLanguage\":\"en-GB\",\"@id\":\"https:\/\/denizcankizil.tr\/#\/schema\/logo\/image\/\",\"url\":\"https:\/\/denizcankizil.tr\/wp-content\/uploads\/2024\/10\/siyah-logo-svg.svg\",\"contentUrl\":\"https:\/\/denizcankizil.tr\/wp-content\/uploads\/2024\/10\/siyah-logo-svg.svg\",\"width\":1080,\"height\":1080,\"caption\":\"Av. Deniz Can K\u0131z\u0131l\"},\"image\":{\"@id\":\"https:\/\/denizcankizil.tr\/#\/schema\/logo\/image\/\"}}]}<\/script>\n<!-- \/ Yoast SEO Premium plugin. -->","yoast_head_json":{"title":"D\u00fczce'de zincirleme kaza: 3 yaral\u0131! - Av. Deniz Can K\u0131z\u0131l","robots":{"index":"index","follow":"follow","max-snippet":"max-snippet:-1","max-image-preview":"max-image-preview:large","max-video-preview":"max-video-preview:-1"},"canonical":"https:\/\/denizcankizil.tr\/en\/haberler\/gundem\/duzcede-zincirleme-kaza-3-yarali\/","og_locale":"en_GB","og_type":"article","og_title":"D\u00fczce'de zincirleme kaza: 3 yaral\u0131!","og_description":"D\u00fczce&#8217;nin Ayd\u0131np\u0131nar Caddesi Otluo\u011flu mevkiinde meydana gelen zincirleme kazada otomobilde s\u0131k\u0131\u015fan kad\u0131nlar itfaiyenin m\u00fcdahalesiyle kurtar\u0131ld\u0131.Sibel KABASAKAL \/ D\u00dcZCE (\u0130GFA) &#8211;\u00a0 Al\u0131nan bilgiye g\u00f6re, Ayd\u0131np\u0131nardan D\u00fczce istikametine seyir halinde olan 81 FR 611 plakal\u0131 otomobil ile ayn\u0131 istikamete giden 54 AKL 602 ve 14 AAJ 220 plakal\u0131 otomobil \u00e7arp\u0131\u015ft\u0131. \u00c7arp\u0131\u015fman\u0131n etkisiyle 81 FR 612 plakal\u0131 otomobilde s\u0131k\u0131\u015fan M.S, L.S ve G.S ihbar \u00fczerine b\u00f6lgeye gelen itfaiye ekipleri taraf\u0131ndan s\u0131k\u0131\u015ft\u0131klar\u0131 yerden \u00e7\u0131kar\u0131ld\u0131. Olay yerinde ilk m\u00fcdahaleleri yap\u0131lan yaral\u0131lar ambulanslarla D\u00fczce Atat\u00fcrk Devlet Hastanesi&#8217;ne kald\u0131r\u0131ld\u0131. Kaza dolay\u0131s\u0131yla trafi\u011fe kapanan yol, ara\u00e7lar\u0131n kald\u0131r\u0131lmas\u0131 ard\u0131ndan yeniden seyrine d\u00f6nd\u00fc. Kazayla ilgili tahkikat ba\u015flat\u0131ld\u0131. \u200bD\u00fczce&#8217;nin Ayd\u0131np\u0131nar Caddesi Otluo\u011flu mevkiinde meydana gelen zincirleme kazada otomobilde s\u0131k\u0131\u015fan kad\u0131nlar itfaiyenin m\u00fcdahalesiyle kurtar\u0131ld\u0131\u00a0 \u200bHaberin Al\u0131nt\u0131land\u0131\u011f\u0131 Kaynak: www.iskenderun.org","og_url":"https:\/\/denizcankizil.tr\/en\/haberler\/gundem\/duzcede-zincirleme-kaza-3-yarali\/","og_site_name":"Av. Deniz Can K\u0131z\u0131l","article_published_time":"2024-11-22T07:42:20+00:00","twitter_card":"summary_large_image","twitter_misc":{"Estimated reading time":"1 minute"},"schema":{"@context":"https:\/\/schema.org","@graph":[{"@type":"Article","@id":"https:\/\/denizcankizil.tr\/en\/haberler\/gundem\/duzcede-zincirleme-kaza-3-yarali\/#article","isPartOf":{"@id":"https:\/\/denizcankizil.tr\/en\/haberler\/gundem\/duzcede-zincirleme-kaza-3-yarali\/"},"author":{"name":"","@id":""},"headline":"D\u00fczce&#8217;de zincirleme kaza: 3 yaral\u0131!","datePublished":"2024-11-22T07:42:20+00:00","mainEntityOfPage":{"@id":"https:\/\/denizcankizil.tr\/en\/haberler\/gundem\/duzcede-zincirleme-kaza-3-yarali\/"},"wordCount":177,"commentCount":0,"publisher":{"@id":"https:\/\/denizcankizil.tr\/#organization"},"articleSection":["G\u00fcndem","Uncategorized"],"inLanguage":"en-GB","potentialAction":[{"@type":"CommentAction","name":"Comment","target":["https:\/\/denizcankizil.tr\/en\/haberler\/gundem\/duzcede-zincirleme-kaza-3-yarali\/#respond"]}]},{"@type":"WebPage","@id":"https:\/\/denizcankizil.tr\/en\/haberler\/gundem\/duzcede-zincirleme-kaza-3-yarali\/","url":"https:\/\/denizcankizil.tr\/en\/haberler\/gundem\/duzcede-zincirleme-kaza-3-yarali\/","name":"D\u00fczce'de zincirleme kaza: 3 yaral\u0131! - Av. Deniz Can K\u0131z\u0131l","isPartOf":{"@id":"https:\/\/denizcankizil.tr\/#website"},"datePublished":"2024-11-22T07:42:20+00:00","breadcrumb":{"@id":"https:\/\/denizcankizil.tr\/en\/haberler\/gundem\/duzcede-zincirleme-kaza-3-yarali\/#breadcrumb"},"inLanguage":"en-GB","potentialAction":[{"@type":"ReadAction","target":["https:\/\/denizcankizil.tr\/en\/haberler\/gundem\/duzcede-zincirleme-kaza-3-yarali\/"]}]},{"@type":"BreadcrumbList","@id":"https:\/\/denizcankizil.tr\/en\/haberler\/gundem\/duzcede-zincirleme-kaza-3-yarali\/#breadcrumb","itemListElement":[{"@type":"ListItem","position":1,"name":"Home","item":"https:\/\/denizcankizil.tr\/de\/"},{"@type":"ListItem","position":2,"name":"D\u00fczce&#8217;de zincirleme kaza: 3 yaral\u0131!"}]},{"@type":"WebSite","@id":"https:\/\/denizcankizil.tr\/#website","url":"https:\/\/denizcankizil.tr\/","name":"Av. Deniz Can K\u0131z\u0131l","description":"Avukat Deniz Can K\u0131z\u0131l Antalya Barosu","publisher":{"@id":"https:\/\/denizcankizil.tr\/#organization"},"potentialAction":[{"@type":"SearchAction","target":{"@type":"EntryPoint","urlTemplate":"https:\/\/denizcankizil.tr\/?s={search_term_string}"},"query-input":{"@type":"PropertyValueSpecification","valueRequired":true,"valueName":"search_term_string"}}],"inLanguage":"en-GB"},{"@type":"Organization","@id":"https:\/\/denizcankizil.tr\/#organization","name":"Av. Deniz Can K\u0131z\u0131l","url":"https:\/\/denizcankizil.tr\/","logo":{"@type":"ImageObject","inLanguage":"en-GB","@id":"https:\/\/denizcankizil.tr\/#\/schema\/logo\/image\/","url":"https:\/\/denizcankizil.tr\/wp-content\/uploads\/2024\/10\/siyah-logo-svg.svg","contentUrl":"https:\/\/denizcankizil.tr\/wp-content\/uploads\/2024\/10\/siyah-logo-svg.svg","width":1080,"height":1080,"caption":"Av. Deniz Can K\u0131z\u0131l"},"image":{"@id":"https:\/\/denizcankizil.tr\/#\/schema\/logo\/image\/"}}]}},"_links":{"self":[{"href":"https:\/\/denizcankizil.tr\/en\/wp-json\/wp\/v2\/posts\/17034","targetHints":{"allow":["GET"]}}],"collection":[{"href":"https:\/\/denizcankizil.tr\/en\/wp-json\/wp\/v2\/posts"}],"about":[{"href":"https:\/\/denizcankizil.tr\/en\/wp-json\/wp\/v2\/types\/post"}],"replies":[{"embeddable":true,"href":"https:\/\/denizcankizil.tr\/en\/wp-json\/wp\/v2\/comments?post=17034"}],"version-history":[{"count":0,"href":"https:\/\/denizcankizil.tr\/en\/wp-json\/wp\/v2\/posts\/17034\/revisions"}],"wp:attachment":[{"href":"https:\/\/denizcankizil.tr\/en\/wp-json\/wp\/v2\/media?parent=17034"}],"wp:term":[{"taxonomy":"category","embeddable":true,"href":"https:\/\/denizcankizil.tr\/en\/wp-json\/wp\/v2\/categories?post=17034"},{"taxonomy":"post_tag","embeddable":true,"href":"https:\/\/denizcankizil.tr\/en\/wp-json\/wp\/v2\/tags?post=17034"}],"curies":[{"name":"wp","href":"https:\/\/api.w.org\/{rel}","templated":true}]}}