{"id":16556,"date":"2024-11-19T17:41:13","date_gmt":"2024-11-19T14:41:13","guid":{"rendered":"https:\/\/denizcankizil.tr\/uncategorized-tr\/1800-yil-aradan-sonra-yeniden-su-ile-bulustu\/"},"modified":"2024-11-19T17:41:13","modified_gmt":"2024-11-19T14:41:13","slug":"1800-yil-aradan-sonra-yeniden-su-ile-bulustu","status":"publish","type":"post","link":"https:\/\/denizcankizil.tr\/en\/haberler\/antalya\/1800-yil-aradan-sonra-yeniden-su-ile-bulustu\/","title":{"rendered":"1800 y\u0131l aradan sonra yeniden su ile bulu\u015ftu"},"content":{"rendered":"<p>Perge Antik Kenti\u2019nin \u00f6nemli yap\u0131lar\u0131ndan Kestros \u00c7esmesi, yakla\u015f\u0131k bin 800 y\u0131l aradan sonra yeniden su ile bulu\u015ftu. 2022 y\u0131l\u0131nda ger\u00e7ekle\u015ftirilen denemeyle yap\u0131n\u0131n g\u00fcncel durumu hakk\u0131nda g\u00f6zlemlerde bulunulan Kestros \u00c7e\u015fmesi, antik kentteki di\u011fer \u00e7e\u015fme yap\u0131lar\u0131na g\u00f6re farkl\u0131l\u0131k g\u00f6steriyor.<br \/>\nAntalya&#8217;n\u0131n 17 kilometre do\u011fusunda, Aksu il\u00e7esi s\u0131n\u0131rlar\u0131ndaki Pamfilya b\u00f6lgesine ba\u015fkentlik yapm\u0131\u015f Perge Antik Kenti&#8217;nde, 1946&#8217;da Prof. Dr. Arif M\u00fcfid Mansel taraf\u0131ndan ba\u015flat\u0131lan, ard\u0131ndan Prof. Dr. Jale \u0130nan, Prof. Dr. Haluk Abbbaso\u011flu ve bug\u00fcn de Prof. Dr. \u015eebnem Sedef \u00c7okay Kep\u00e7e ba\u015fkanl\u0131\u011f\u0131nda y\u00fcr\u00fct\u00fclen kaz\u0131 \u00e7al\u0131\u015fmalar\u0131 devam ediyor. Tun\u00e7 \u00c7a\u011f\u0131 d\u00f6neminde kuruldu\u011fu d\u00fc\u015f\u00fcn\u00fclen ve Helenistik d\u00f6nem boyunca en zengin ve en g\u00fczel \u015fehirler aras\u0131nda say\u0131lan, UNESCO&#8217;nun D\u00fcnya K\u00fclt\u00fcr Miras\u0131 Ge\u00e7ici Listesi&#8217;ndeki antik kentin en g\u00f6rkemli tarihi \u00e7e\u015fmesi Kestros&#8217;tan bin 800 y\u0131l sonra yeniden su akt\u0131.<\/p>\n<p>&#8220;Kestros \u00c7e\u015fmesi bin 800 y\u0131l sonra yeniden suyuna kavu\u015fmu\u015f oldu&#8221;<br \/>\nPerge\u2019nin ilk kaz\u0131 ba\u015fkan\u0131 Prof. Dr. Arif M\u00fcfid Mansel d\u00f6neminden itibaren su akmas\u0131 hedeflenen Kestros \u00c7e\u015fmesi\u2019nde yap\u0131lan \u00e7al\u0131\u015fmalar hakk\u0131nda bilgi veren Perge Antik Kenti Kaz\u0131 Ba\u015fkan Yard\u0131mc\u0131s\u0131 Dr. \u00d6\u011fr. \u00dcyesi Ayta\u00e7 D\u00f6nmez, \u015fu ifadelere yer verdi:<br \/>\n&#8220;Kestros \u00c7e\u015fmesi\u2019nde ilk kez su ak\u0131tma denemesini 2022 y\u0131l\u0131nda ger\u00e7ekle\u015ftirmi\u015ftik. Acaba su aksa nas\u0131l olacak ve ka\u00e7aklar nerelerde ger\u00e7ekle\u015fiyor ba\u011flam\u0131nda bir \u00e7al\u0131\u015fma ger\u00e7ekle\u015ftirdik, bu \u00e7al\u0131\u015fma sonucunda da yap\u0131da suyun akmas\u0131n\u0131n herhangi bir problem do\u011furmayaca\u011f\u0131n\u0131 ve projenin ger\u00e7ekle\u015ftirilmesinin m\u00fcmk\u00fcn oldu\u011funu anlad\u0131k. 2022 y\u0131l\u0131ndan bu d\u00f6neme kadar \u00e7al\u0131\u015ft\u0131\u011f\u0131m\u0131z proje, bu sene K\u00fclt\u00fcr ve Turizm Bakanl\u0131\u011f\u0131m\u0131z\u0131n da &#8216;Gelece\u011fe Miras&#8217; projesi destekleriyle hayata ge\u00e7ti. Kestros \u00c7e\u015fmesi, bin 800 y\u0131l sonra yeniden suyuna kavu\u015fmu\u015f oldu.\u201d<\/p>\n<p>&#8220;Ba\u015fka bir Roma kentinde \u00f6rne\u011fiyle hen\u00fcz kar\u015f\u0131la\u015fmad\u0131k&#8221;<br \/>\nPerge Antik Kenti\u2019nin e\u015fsiz yap\u0131lardan birinin Kestros \u00c7e\u015fmesi oldu\u011funa dikkat \u00e7eken Dr. \u00d6\u011fr. \u00dcyesi Ayta\u00e7 D\u00f6nmez, \u00e7e\u015fmenin kentteki di\u011fer yap\u0131lara g\u00f6re farkl\u0131 oldu\u011funu \u015fu s\u00f6zlerle anlatt\u0131:<br \/>\n&#8220;Kestros, Perge i\u00e7in en \u00fcnik yap\u0131lardan biri, antik kentte daha farkl\u0131 \u00e7e\u015fme yap\u0131lar\u0131n\u0131n oldu\u011funu biliyoruz ancak bu yap\u0131da kar\u015f\u0131m\u0131za \u00e7\u0131kan en \u00f6nemli \u00f6zellik; suyun bir havuza akmas\u0131 ve ard\u0131ndan o havuzla ba\u011flant\u0131l\u0131 bir kanal boyunca kentin kuzey-g\u00fcney do\u011frultu caddelerinin tamam\u0131n\u0131 katetmesi, hatta yap\u0131lan kaz\u0131 \u00e7al\u0131\u015fmalar sonucunda kentin d\u0131\u015f\u0131nda da devam etti\u011fini g\u00f6rd\u00fck. B\u00f6ylesine \u00f6zel l\u00fcks g\u00f6r\u00fcn\u00fcml\u00fc, havuz \u015feklindeki kanal\u0131n Roma imparatorluk d\u00f6neminde ba\u015fka bir Roma kentinde \u00f6rne\u011fiyle hen\u00fcz kar\u015f\u0131la\u015fmad\u0131k. Bu ba\u011flamda asl\u0131nda yap\u0131 olduk\u00e7a l\u00fcks ve \u00f6zel bir stat\u00fcye sahip.\u201d<\/p>\n<p>&#8220;Buradaki \u00e7al\u0131\u015fmalar Hadrianus hayattayken ba\u015flam\u0131\u015f&#8221;<br \/>\nKaz\u0131 faaliyetleri s\u0131ras\u0131nda \u00e7e\u015fmeye ili\u015fkin yap\u0131lan \u00e7al\u0131\u015fmalar\u0131 aktaran Dr. \u00d6\u011fr. \u00dcyesi Ayta\u00e7 D\u00f6nmez, \u201cYap\u0131n\u0131n tarih\u00e7esine bakt\u0131\u011f\u0131m\u0131zda da \u0130mparator Hadrianus&#8217;un 2 heykeli kar\u015f\u0131m\u0131za \u00e7\u0131k\u0131yor. Bir tanesi z\u0131rhl\u0131 bir tanesi de \u00e7\u0131plak \u015fekilde definlenmi\u015f olan z\u0131rhl\u0131 heykel. Hadrianus\u2019un hayattayken \u00e7e\u015fmenin ilk in\u015fas\u0131n\u0131n ba\u015flat\u0131ld\u0131\u011f\u0131n\u0131, di\u011fer \u00e7\u0131plak olan heykel de asl\u0131nda Hadrianus\u2019un \u00f6l\u00fcm\u00fcnden sonra tanr\u0131la\u015fmas\u0131n\u0131 simgeliyor ve \u00f6l\u00fcm\u00fcnden sonra devam etmi\u015f. Bu ba\u011flamda asl\u0131nda \u00e7e\u015fmenin milattan sonra ikinci y\u00fczy\u0131lda 130\u2019lu y\u0131llarda in\u015fa edilmi\u015f oldu\u011funu s\u00f6yleyebiliriz. Perge Antik Kenti, T\u00fcrk arkeolojisi ve Anadolu arkeolojisi i\u00e7in de olduk\u00e7a \u00f6zel bir yap\u0131. \u00d6zellikle su m\u00fchendisli\u011fi ba\u011flam\u0131nda \u00f6zel teknikler ve metotlar kullan\u0131lm\u0131\u015f, bu y\u00f6n\u00fcyle de \u00e7ok say\u0131da \u00e7al\u0131\u015fmada yer al\u0131yor\u201d ifadelerini kulland\u0131.<\/p>\n<p>&#8220;Ziyaret\u00e7i say\u0131s\u0131na etkisi olacak&#8221;<br \/>\nGe\u00e7ti\u011fimiz d\u00f6nemlerde Sagalassos ve Kibyra Antik kentlerinde de \u00e7e\u015fmelerin suyla bulu\u015ftu\u011funu hat\u0131rlatan Dr. \u00d6\u011fr. \u00dcyesi Ayta\u00e7 D\u00f6nmez, Kestros \u00c7e\u015fmesi\u2019nin suyla bulu\u015fmas\u0131n\u0131n ard\u0131ndan da antik kente gelen ziyaret\u00e7i say\u0131s\u0131n\u0131n artaca\u011f\u0131n\u0131 \u00f6n g\u00f6rd\u00fcklerini dile getirdi. D\u00f6nmez, \u201cBin 800 y\u0131l sonra yeniden su akt\u0131. Bu ba\u011flamda da, Perge\u2019nin i\u00e7erisinde suyla ba\u011flant\u0131l\u0131 bir canl\u0131l\u0131k meydana geldi. Anadolu\u2019daki Roma kentlerinde, Pisidya\u2019daki Sagalassos ve Kibyra Antik Kentlerinde de yak\u0131n zamanda \u00e7e\u015fme yap\u0131lar\u0131n\u0131n yeniden canland\u0131r\u0131ld\u0131\u011f\u0131n\u0131, suyla kavu\u015ftu\u011funu, bu kentlere sadece \u00e7e\u015fmelerini g\u00f6rmek i\u00e7in giden insanlar\u0131n da var oldu\u011funu biliyoruz. Bunun yan\u0131 s\u0131ra Perge\u2019nin mimari ve heykelt\u0131ra\u015fl\u0131k y\u00f6n\u00fcnden olduk\u00e7a niteli\u011fe sahip oldu\u011funu herkes biliyordu. Kestros \u00c7e\u015fmesi\u2019nin yeniden canlanmas\u0131yla buradaki turist say\u0131s\u0131na etkisinin fazlas\u0131yla olaca\u011f\u0131n\u0131 d\u00fc\u015f\u00fcn\u00fcyoruz\u201d dedi.<\/p>\n<p>Kaynak: www.kanalv.com.tr Haber Sitesinden Al\u0131nm\u0131\u015ft\u0131r.<\/p>","protected":false},"excerpt":{"rendered":"<p>Perge Antik Kenti\u2019nin \u00f6nemli yap\u0131lar\u0131ndan Kestros \u00c7esmesi, yakla\u015f\u0131k bin 800 y\u0131l aradan sonra yeniden su ile bulu\u015ftu. 2022 y\u0131l\u0131nda ger\u00e7ekle\u015ftirilen denemeyle yap\u0131n\u0131n g\u00fcncel durumu hakk\u0131nda g\u00f6zlemlerde bulunulan Kestros \u00c7e\u015fmesi, antik kentteki di\u011fer \u00e7e\u015fme yap\u0131lar\u0131na g\u00f6re farkl\u0131l\u0131k g\u00f6steriyor. Antalya&#8217;n\u0131n 17 kilometre do\u011fusunda, Aksu il\u00e7esi s\u0131n\u0131rlar\u0131ndaki Pamfilya b\u00f6lgesine ba\u015fkentlik yapm\u0131\u015f Perge Antik Kenti&#8217;nde, 1946&#8217;da Prof. Dr. Arif M\u00fcfid Mansel taraf\u0131ndan ba\u015flat\u0131lan, ard\u0131ndan Prof. Dr. Jale \u0130nan, Prof. Dr. Haluk Abbbaso\u011flu ve bug\u00fcn de Prof. Dr. \u015eebnem Sedef \u00c7okay Kep\u00e7e ba\u015fkanl\u0131\u011f\u0131nda y\u00fcr\u00fct\u00fclen kaz\u0131 \u00e7al\u0131\u015fmalar\u0131 devam ediyor. Tun\u00e7 \u00c7a\u011f\u0131 d\u00f6neminde kuruldu\u011fu d\u00fc\u015f\u00fcn\u00fclen ve Helenistik d\u00f6nem boyunca en zengin ve en g\u00fczel \u015fehirler aras\u0131nda say\u0131lan, UNESCO&#8217;nun D\u00fcnya K\u00fclt\u00fcr Miras\u0131 Ge\u00e7ici Listesi&#8217;ndeki antik kentin en g\u00f6rkemli tarihi \u00e7e\u015fmesi Kestros&#8217;tan bin 800 y\u0131l sonra yeniden su akt\u0131. &#8220;Kestros \u00c7e\u015fmesi bin 800 y\u0131l sonra yeniden suyuna kavu\u015fmu\u015f oldu&#8221; Perge\u2019nin ilk kaz\u0131 ba\u015fkan\u0131 Prof. Dr. Arif M\u00fcfid Mansel d\u00f6neminden itibaren su akmas\u0131 hedeflenen Kestros \u00c7e\u015fmesi\u2019nde yap\u0131lan \u00e7al\u0131\u015fmalar hakk\u0131nda bilgi veren Perge Antik Kenti Kaz\u0131 Ba\u015fkan Yard\u0131mc\u0131s\u0131 Dr. \u00d6\u011fr. \u00dcyesi Ayta\u00e7 D\u00f6nmez, \u015fu ifadelere yer verdi: &#8220;Kestros \u00c7e\u015fmesi\u2019nde ilk kez su ak\u0131tma denemesini 2022 y\u0131l\u0131nda ger\u00e7ekle\u015ftirmi\u015ftik. Acaba su aksa nas\u0131l olacak ve ka\u00e7aklar nerelerde ger\u00e7ekle\u015fiyor ba\u011flam\u0131nda bir \u00e7al\u0131\u015fma ger\u00e7ekle\u015ftirdik, bu \u00e7al\u0131\u015fma sonucunda da yap\u0131da suyun akmas\u0131n\u0131n herhangi bir problem do\u011furmayaca\u011f\u0131n\u0131 &hellip;<\/p>","protected":false},"author":0,"featured_media":16557,"comment_status":"open","ping_status":"open","sticky":false,"template":"","format":"standard","meta":{"_acf_changed":false,"footnotes":""},"categories":[26,535],"tags":[],"class_list":["post-16556","post","type-post","status-publish","format-standard","has-post-thumbnail","hentry","category-antalya","category-uncategorized-tr"],"acf":[],"yoast_head":"<!-- This site is optimized with the Yoast SEO Premium plugin v26.6 (Yoast SEO v27.1.1) - https:\/\/yoast.com\/product\/yoast-seo-premium-wordpress\/ -->\n<title>1800 y\u0131l aradan sonra yeniden su ile bulu\u015ftu - Av. Deniz Can K\u0131z\u0131l<\/title>\n<meta name=\"robots\" content=\"index, follow, max-snippet:-1, max-image-preview:large, max-video-preview:-1\" \/>\n<link rel=\"canonical\" href=\"http:\/\/denizcankizil.tr\/en\/haberler\/antalya\/1800-yil-aradan-sonra-yeniden-su-ile-bulustu\/\" \/>\n<meta property=\"og:locale\" content=\"en_GB\" \/>\n<meta property=\"og:type\" content=\"article\" \/>\n<meta property=\"og:title\" content=\"1800 y\u0131l aradan sonra yeniden su ile bulu\u015ftu\" \/>\n<meta property=\"og:description\" content=\"Perge Antik Kenti\u2019nin \u00f6nemli yap\u0131lar\u0131ndan Kestros \u00c7esmesi, yakla\u015f\u0131k bin 800 y\u0131l aradan sonra yeniden su ile bulu\u015ftu. 2022 y\u0131l\u0131nda ger\u00e7ekle\u015ftirilen denemeyle yap\u0131n\u0131n g\u00fcncel durumu hakk\u0131nda g\u00f6zlemlerde bulunulan Kestros \u00c7e\u015fmesi, antik kentteki di\u011fer \u00e7e\u015fme yap\u0131lar\u0131na g\u00f6re farkl\u0131l\u0131k g\u00f6steriyor. Antalya&#8217;n\u0131n 17 kilometre do\u011fusunda, Aksu il\u00e7esi s\u0131n\u0131rlar\u0131ndaki Pamfilya b\u00f6lgesine ba\u015fkentlik yapm\u0131\u015f Perge Antik Kenti&#8217;nde, 1946&#8217;da Prof. Dr. Arif M\u00fcfid Mansel taraf\u0131ndan ba\u015flat\u0131lan, ard\u0131ndan Prof. Dr. Jale \u0130nan, Prof. Dr. Haluk Abbbaso\u011flu ve bug\u00fcn de Prof. Dr. \u015eebnem Sedef \u00c7okay Kep\u00e7e ba\u015fkanl\u0131\u011f\u0131nda y\u00fcr\u00fct\u00fclen kaz\u0131 \u00e7al\u0131\u015fmalar\u0131 devam ediyor. Tun\u00e7 \u00c7a\u011f\u0131 d\u00f6neminde kuruldu\u011fu d\u00fc\u015f\u00fcn\u00fclen ve Helenistik d\u00f6nem boyunca en zengin ve en g\u00fczel \u015fehirler aras\u0131nda say\u0131lan, UNESCO&#8217;nun D\u00fcnya K\u00fclt\u00fcr Miras\u0131 Ge\u00e7ici Listesi&#8217;ndeki antik kentin en g\u00f6rkemli tarihi \u00e7e\u015fmesi Kestros&#8217;tan bin 800 y\u0131l sonra yeniden su akt\u0131. &#8220;Kestros \u00c7e\u015fmesi bin 800 y\u0131l sonra yeniden suyuna kavu\u015fmu\u015f oldu&#8221; Perge\u2019nin ilk kaz\u0131 ba\u015fkan\u0131 Prof. Dr. Arif M\u00fcfid Mansel d\u00f6neminden itibaren su akmas\u0131 hedeflenen Kestros \u00c7e\u015fmesi\u2019nde yap\u0131lan \u00e7al\u0131\u015fmalar hakk\u0131nda bilgi veren Perge Antik Kenti Kaz\u0131 Ba\u015fkan Yard\u0131mc\u0131s\u0131 Dr. \u00d6\u011fr. \u00dcyesi Ayta\u00e7 D\u00f6nmez, \u015fu ifadelere yer verdi: &#8220;Kestros \u00c7e\u015fmesi\u2019nde ilk kez su ak\u0131tma denemesini 2022 y\u0131l\u0131nda ger\u00e7ekle\u015ftirmi\u015ftik. Acaba su aksa nas\u0131l olacak ve ka\u00e7aklar nerelerde ger\u00e7ekle\u015fiyor ba\u011flam\u0131nda bir \u00e7al\u0131\u015fma ger\u00e7ekle\u015ftirdik, bu \u00e7al\u0131\u015fma sonucunda da yap\u0131da suyun akmas\u0131n\u0131n herhangi bir problem do\u011furmayaca\u011f\u0131n\u0131 &hellip;\" \/>\n<meta property=\"og:url\" content=\"http:\/\/denizcankizil.tr\/en\/haberler\/antalya\/1800-yil-aradan-sonra-yeniden-su-ile-bulustu\/\" \/>\n<meta property=\"og:site_name\" content=\"Av. Deniz Can K\u0131z\u0131l\" \/>\n<meta property=\"article:published_time\" content=\"2024-11-19T14:41:13+00:00\" \/>\n<meta property=\"og:image\" content=\"http:\/\/denizcankizil.tr\/wp-content\/uploads\/2024\/11\/3164-01-rRKiAE.jpeg\" \/>\n\t<meta property=\"og:image:width\" content=\"1280\" \/>\n\t<meta property=\"og:image:height\" content=\"720\" \/>\n\t<meta property=\"og:image:type\" content=\"image\/jpeg\" \/>\n<meta name=\"twitter:card\" content=\"summary_large_image\" \/>\n<meta name=\"twitter:label1\" content=\"Estimated reading time\" \/>\n\t<meta name=\"twitter:data1\" content=\"4 minutes\" \/>\n<script type=\"application\/ld+json\" class=\"yoast-schema-graph\">{\"@context\":\"https:\/\/schema.org\",\"@graph\":[{\"@type\":\"Article\",\"@id\":\"http:\/\/denizcankizil.tr\/ru\/haberler\/antalya\/1800-yil-aradan-sonra-yeniden-su-ile-bulustu\/#article\",\"isPartOf\":{\"@id\":\"http:\/\/denizcankizil.tr\/ru\/haberler\/antalya\/1800-yil-aradan-sonra-yeniden-su-ile-bulustu\/\"},\"author\":{\"name\":\"\",\"@id\":\"\"},\"headline\":\"1800 y\u0131l aradan sonra yeniden su ile bulu\u015ftu\",\"datePublished\":\"2024-11-19T14:41:13+00:00\",\"mainEntityOfPage\":{\"@id\":\"http:\/\/denizcankizil.tr\/ru\/haberler\/antalya\/1800-yil-aradan-sonra-yeniden-su-ile-bulustu\/\"},\"wordCount\":894,\"commentCount\":0,\"publisher\":{\"@id\":\"https:\/\/denizcankizil.tr\/de\/#organization\"},\"image\":{\"@id\":\"http:\/\/denizcankizil.tr\/ru\/haberler\/antalya\/1800-yil-aradan-sonra-yeniden-su-ile-bulustu\/#primaryimage\"},\"thumbnailUrl\":\"https:\/\/denizcankizil.tr\/wp-content\/uploads\/2024\/11\/3164-01-rRKiAE.jpeg\",\"articleSection\":[\"Antalya\",\"Uncategorized\"],\"inLanguage\":\"en-GB\",\"potentialAction\":[{\"@type\":\"CommentAction\",\"name\":\"Comment\",\"target\":[\"http:\/\/denizcankizil.tr\/ru\/haberler\/antalya\/1800-yil-aradan-sonra-yeniden-su-ile-bulustu\/#respond\"]}]},{\"@type\":\"WebPage\",\"@id\":\"http:\/\/denizcankizil.tr\/ru\/haberler\/antalya\/1800-yil-aradan-sonra-yeniden-su-ile-bulustu\/\",\"url\":\"http:\/\/denizcankizil.tr\/ru\/haberler\/antalya\/1800-yil-aradan-sonra-yeniden-su-ile-bulustu\/\",\"name\":\"1800 y\u0131l aradan sonra yeniden su ile bulu\u015ftu - Av. Deniz Can K\u0131z\u0131l\",\"isPartOf\":{\"@id\":\"https:\/\/denizcankizil.tr\/de\/#website\"},\"primaryImageOfPage\":{\"@id\":\"http:\/\/denizcankizil.tr\/ru\/haberler\/antalya\/1800-yil-aradan-sonra-yeniden-su-ile-bulustu\/#primaryimage\"},\"image\":{\"@id\":\"http:\/\/denizcankizil.tr\/ru\/haberler\/antalya\/1800-yil-aradan-sonra-yeniden-su-ile-bulustu\/#primaryimage\"},\"thumbnailUrl\":\"https:\/\/denizcankizil.tr\/wp-content\/uploads\/2024\/11\/3164-01-rRKiAE.jpeg\",\"datePublished\":\"2024-11-19T14:41:13+00:00\",\"breadcrumb\":{\"@id\":\"http:\/\/denizcankizil.tr\/ru\/haberler\/antalya\/1800-yil-aradan-sonra-yeniden-su-ile-bulustu\/#breadcrumb\"},\"inLanguage\":\"en-GB\",\"potentialAction\":[{\"@type\":\"ReadAction\",\"target\":[\"http:\/\/denizcankizil.tr\/ru\/haberler\/antalya\/1800-yil-aradan-sonra-yeniden-su-ile-bulustu\/\"]}]},{\"@type\":\"ImageObject\",\"inLanguage\":\"en-GB\",\"@id\":\"http:\/\/denizcankizil.tr\/ru\/haberler\/antalya\/1800-yil-aradan-sonra-yeniden-su-ile-bulustu\/#primaryimage\",\"url\":\"https:\/\/denizcankizil.tr\/wp-content\/uploads\/2024\/11\/3164-01-rRKiAE.jpeg\",\"contentUrl\":\"https:\/\/denizcankizil.tr\/wp-content\/uploads\/2024\/11\/3164-01-rRKiAE.jpeg\",\"width\":1280,\"height\":720},{\"@type\":\"BreadcrumbList\",\"@id\":\"http:\/\/denizcankizil.tr\/ru\/haberler\/antalya\/1800-yil-aradan-sonra-yeniden-su-ile-bulustu\/#breadcrumb\",\"itemListElement\":[{\"@type\":\"ListItem\",\"position\":1,\"name\":\"Home\",\"item\":\"https:\/\/denizcankizil.tr\/de\/\"},{\"@type\":\"ListItem\",\"position\":2,\"name\":\"1800 y\u0131l aradan sonra yeniden su ile bulu\u015ftu\"}]},{\"@type\":\"WebSite\",\"@id\":\"https:\/\/denizcankizil.tr\/de\/#website\",\"url\":\"https:\/\/denizcankizil.tr\/de\/\",\"name\":\"Av. Deniz Can K\u0131z\u0131l\",\"description\":\"Avukat Deniz Can K\u0131z\u0131l Antalya Barosu\",\"publisher\":{\"@id\":\"https:\/\/denizcankizil.tr\/de\/#organization\"},\"potentialAction\":[{\"@type\":\"SearchAction\",\"target\":{\"@type\":\"EntryPoint\",\"urlTemplate\":\"https:\/\/denizcankizil.tr\/de\/?s={search_term_string}\"},\"query-input\":{\"@type\":\"PropertyValueSpecification\",\"valueRequired\":true,\"valueName\":\"search_term_string\"}}],\"inLanguage\":\"en-GB\"},{\"@type\":\"Organization\",\"@id\":\"https:\/\/denizcankizil.tr\/de\/#organization\",\"name\":\"Av. Deniz Can K\u0131z\u0131l\",\"url\":\"https:\/\/denizcankizil.tr\/de\/\",\"logo\":{\"@type\":\"ImageObject\",\"inLanguage\":\"en-GB\",\"@id\":\"https:\/\/denizcankizil.tr\/de\/#\/schema\/logo\/image\/\",\"url\":\"https:\/\/denizcankizil.tr\/wp-content\/uploads\/2024\/10\/siyah-logo-svg.svg\",\"contentUrl\":\"https:\/\/denizcankizil.tr\/wp-content\/uploads\/2024\/10\/siyah-logo-svg.svg\",\"width\":1080,\"height\":1080,\"caption\":\"Av. Deniz Can K\u0131z\u0131l\"},\"image\":{\"@id\":\"https:\/\/denizcankizil.tr\/de\/#\/schema\/logo\/image\/\"}}]}<\/script>\n<!-- \/ Yoast SEO Premium plugin. -->","yoast_head_json":{"title":"1800 y\u0131l aradan sonra yeniden su ile bulu\u015ftu - Av. Deniz Can K\u0131z\u0131l","robots":{"index":"index","follow":"follow","max-snippet":"max-snippet:-1","max-image-preview":"max-image-preview:large","max-video-preview":"max-video-preview:-1"},"canonical":"http:\/\/denizcankizil.tr\/en\/haberler\/antalya\/1800-yil-aradan-sonra-yeniden-su-ile-bulustu\/","og_locale":"en_GB","og_type":"article","og_title":"1800 y\u0131l aradan sonra yeniden su ile bulu\u015ftu","og_description":"Perge Antik Kenti\u2019nin \u00f6nemli yap\u0131lar\u0131ndan Kestros \u00c7esmesi, yakla\u015f\u0131k bin 800 y\u0131l aradan sonra yeniden su ile bulu\u015ftu. 2022 y\u0131l\u0131nda ger\u00e7ekle\u015ftirilen denemeyle yap\u0131n\u0131n g\u00fcncel durumu hakk\u0131nda g\u00f6zlemlerde bulunulan Kestros \u00c7e\u015fmesi, antik kentteki di\u011fer \u00e7e\u015fme yap\u0131lar\u0131na g\u00f6re farkl\u0131l\u0131k g\u00f6steriyor. Antalya&#8217;n\u0131n 17 kilometre do\u011fusunda, Aksu il\u00e7esi s\u0131n\u0131rlar\u0131ndaki Pamfilya b\u00f6lgesine ba\u015fkentlik yapm\u0131\u015f Perge Antik Kenti&#8217;nde, 1946&#8217;da Prof. Dr. Arif M\u00fcfid Mansel taraf\u0131ndan ba\u015flat\u0131lan, ard\u0131ndan Prof. Dr. Jale \u0130nan, Prof. Dr. Haluk Abbbaso\u011flu ve bug\u00fcn de Prof. Dr. \u015eebnem Sedef \u00c7okay Kep\u00e7e ba\u015fkanl\u0131\u011f\u0131nda y\u00fcr\u00fct\u00fclen kaz\u0131 \u00e7al\u0131\u015fmalar\u0131 devam ediyor. Tun\u00e7 \u00c7a\u011f\u0131 d\u00f6neminde kuruldu\u011fu d\u00fc\u015f\u00fcn\u00fclen ve Helenistik d\u00f6nem boyunca en zengin ve en g\u00fczel \u015fehirler aras\u0131nda say\u0131lan, UNESCO&#8217;nun D\u00fcnya K\u00fclt\u00fcr Miras\u0131 Ge\u00e7ici Listesi&#8217;ndeki antik kentin en g\u00f6rkemli tarihi \u00e7e\u015fmesi Kestros&#8217;tan bin 800 y\u0131l sonra yeniden su akt\u0131. &#8220;Kestros \u00c7e\u015fmesi bin 800 y\u0131l sonra yeniden suyuna kavu\u015fmu\u015f oldu&#8221; Perge\u2019nin ilk kaz\u0131 ba\u015fkan\u0131 Prof. Dr. Arif M\u00fcfid Mansel d\u00f6neminden itibaren su akmas\u0131 hedeflenen Kestros \u00c7e\u015fmesi\u2019nde yap\u0131lan \u00e7al\u0131\u015fmalar hakk\u0131nda bilgi veren Perge Antik Kenti Kaz\u0131 Ba\u015fkan Yard\u0131mc\u0131s\u0131 Dr. \u00d6\u011fr. \u00dcyesi Ayta\u00e7 D\u00f6nmez, \u015fu ifadelere yer verdi: &#8220;Kestros \u00c7e\u015fmesi\u2019nde ilk kez su ak\u0131tma denemesini 2022 y\u0131l\u0131nda ger\u00e7ekle\u015ftirmi\u015ftik. Acaba su aksa nas\u0131l olacak ve ka\u00e7aklar nerelerde ger\u00e7ekle\u015fiyor ba\u011flam\u0131nda bir \u00e7al\u0131\u015fma ger\u00e7ekle\u015ftirdik, bu \u00e7al\u0131\u015fma sonucunda da yap\u0131da suyun akmas\u0131n\u0131n herhangi bir problem do\u011furmayaca\u011f\u0131n\u0131 &hellip;","og_url":"http:\/\/denizcankizil.tr\/en\/haberler\/antalya\/1800-yil-aradan-sonra-yeniden-su-ile-bulustu\/","og_site_name":"Av. Deniz Can K\u0131z\u0131l","article_published_time":"2024-11-19T14:41:13+00:00","og_image":[{"width":1280,"height":720,"url":"http:\/\/denizcankizil.tr\/wp-content\/uploads\/2024\/11\/3164-01-rRKiAE.jpeg","type":"image\/jpeg"}],"twitter_card":"summary_large_image","twitter_misc":{"Estimated reading time":"4 minutes"},"schema":{"@context":"https:\/\/schema.org","@graph":[{"@type":"Article","@id":"http:\/\/denizcankizil.tr\/ru\/haberler\/antalya\/1800-yil-aradan-sonra-yeniden-su-ile-bulustu\/#article","isPartOf":{"@id":"http:\/\/denizcankizil.tr\/ru\/haberler\/antalya\/1800-yil-aradan-sonra-yeniden-su-ile-bulustu\/"},"author":{"name":"","@id":""},"headline":"1800 y\u0131l aradan sonra yeniden su ile bulu\u015ftu","datePublished":"2024-11-19T14:41:13+00:00","mainEntityOfPage":{"@id":"http:\/\/denizcankizil.tr\/ru\/haberler\/antalya\/1800-yil-aradan-sonra-yeniden-su-ile-bulustu\/"},"wordCount":894,"commentCount":0,"publisher":{"@id":"https:\/\/denizcankizil.tr\/de\/#organization"},"image":{"@id":"http:\/\/denizcankizil.tr\/ru\/haberler\/antalya\/1800-yil-aradan-sonra-yeniden-su-ile-bulustu\/#primaryimage"},"thumbnailUrl":"https:\/\/denizcankizil.tr\/wp-content\/uploads\/2024\/11\/3164-01-rRKiAE.jpeg","articleSection":["Antalya","Uncategorized"],"inLanguage":"en-GB","potentialAction":[{"@type":"CommentAction","name":"Comment","target":["http:\/\/denizcankizil.tr\/ru\/haberler\/antalya\/1800-yil-aradan-sonra-yeniden-su-ile-bulustu\/#respond"]}]},{"@type":"WebPage","@id":"http:\/\/denizcankizil.tr\/ru\/haberler\/antalya\/1800-yil-aradan-sonra-yeniden-su-ile-bulustu\/","url":"http:\/\/denizcankizil.tr\/ru\/haberler\/antalya\/1800-yil-aradan-sonra-yeniden-su-ile-bulustu\/","name":"1800 y\u0131l aradan sonra yeniden su ile bulu\u015ftu - Av. Deniz Can K\u0131z\u0131l","isPartOf":{"@id":"https:\/\/denizcankizil.tr\/de\/#website"},"primaryImageOfPage":{"@id":"http:\/\/denizcankizil.tr\/ru\/haberler\/antalya\/1800-yil-aradan-sonra-yeniden-su-ile-bulustu\/#primaryimage"},"image":{"@id":"http:\/\/denizcankizil.tr\/ru\/haberler\/antalya\/1800-yil-aradan-sonra-yeniden-su-ile-bulustu\/#primaryimage"},"thumbnailUrl":"https:\/\/denizcankizil.tr\/wp-content\/uploads\/2024\/11\/3164-01-rRKiAE.jpeg","datePublished":"2024-11-19T14:41:13+00:00","breadcrumb":{"@id":"http:\/\/denizcankizil.tr\/ru\/haberler\/antalya\/1800-yil-aradan-sonra-yeniden-su-ile-bulustu\/#breadcrumb"},"inLanguage":"en-GB","potentialAction":[{"@type":"ReadAction","target":["http:\/\/denizcankizil.tr\/ru\/haberler\/antalya\/1800-yil-aradan-sonra-yeniden-su-ile-bulustu\/"]}]},{"@type":"ImageObject","inLanguage":"en-GB","@id":"http:\/\/denizcankizil.tr\/ru\/haberler\/antalya\/1800-yil-aradan-sonra-yeniden-su-ile-bulustu\/#primaryimage","url":"https:\/\/denizcankizil.tr\/wp-content\/uploads\/2024\/11\/3164-01-rRKiAE.jpeg","contentUrl":"https:\/\/denizcankizil.tr\/wp-content\/uploads\/2024\/11\/3164-01-rRKiAE.jpeg","width":1280,"height":720},{"@type":"BreadcrumbList","@id":"http:\/\/denizcankizil.tr\/ru\/haberler\/antalya\/1800-yil-aradan-sonra-yeniden-su-ile-bulustu\/#breadcrumb","itemListElement":[{"@type":"ListItem","position":1,"name":"Home","item":"https:\/\/denizcankizil.tr\/de\/"},{"@type":"ListItem","position":2,"name":"1800 y\u0131l aradan sonra yeniden su ile bulu\u015ftu"}]},{"@type":"WebSite","@id":"https:\/\/denizcankizil.tr\/de\/#website","url":"https:\/\/denizcankizil.tr\/de\/","name":"Av. Deniz Can K\u0131z\u0131l","description":"Avukat Deniz Can K\u0131z\u0131l Antalya Barosu","publisher":{"@id":"https:\/\/denizcankizil.tr\/de\/#organization"},"potentialAction":[{"@type":"SearchAction","target":{"@type":"EntryPoint","urlTemplate":"https:\/\/denizcankizil.tr\/de\/?s={search_term_string}"},"query-input":{"@type":"PropertyValueSpecification","valueRequired":true,"valueName":"search_term_string"}}],"inLanguage":"en-GB"},{"@type":"Organization","@id":"https:\/\/denizcankizil.tr\/de\/#organization","name":"Av. Deniz Can K\u0131z\u0131l","url":"https:\/\/denizcankizil.tr\/de\/","logo":{"@type":"ImageObject","inLanguage":"en-GB","@id":"https:\/\/denizcankizil.tr\/de\/#\/schema\/logo\/image\/","url":"https:\/\/denizcankizil.tr\/wp-content\/uploads\/2024\/10\/siyah-logo-svg.svg","contentUrl":"https:\/\/denizcankizil.tr\/wp-content\/uploads\/2024\/10\/siyah-logo-svg.svg","width":1080,"height":1080,"caption":"Av. Deniz Can K\u0131z\u0131l"},"image":{"@id":"https:\/\/denizcankizil.tr\/de\/#\/schema\/logo\/image\/"}}]}},"_links":{"self":[{"href":"https:\/\/denizcankizil.tr\/en\/wp-json\/wp\/v2\/posts\/16556","targetHints":{"allow":["GET"]}}],"collection":[{"href":"https:\/\/denizcankizil.tr\/en\/wp-json\/wp\/v2\/posts"}],"about":[{"href":"https:\/\/denizcankizil.tr\/en\/wp-json\/wp\/v2\/types\/post"}],"replies":[{"embeddable":true,"href":"https:\/\/denizcankizil.tr\/en\/wp-json\/wp\/v2\/comments?post=16556"}],"version-history":[{"count":0,"href":"https:\/\/denizcankizil.tr\/en\/wp-json\/wp\/v2\/posts\/16556\/revisions"}],"wp:featuredmedia":[{"embeddable":true,"href":"https:\/\/denizcankizil.tr\/en\/wp-json\/wp\/v2\/media\/16557"}],"wp:attachment":[{"href":"https:\/\/denizcankizil.tr\/en\/wp-json\/wp\/v2\/media?parent=16556"}],"wp:term":[{"taxonomy":"category","embeddable":true,"href":"https:\/\/denizcankizil.tr\/en\/wp-json\/wp\/v2\/categories?post=16556"},{"taxonomy":"post_tag","embeddable":true,"href":"https:\/\/denizcankizil.tr\/en\/wp-json\/wp\/v2\/tags?post=16556"}],"curies":[{"name":"wp","href":"https:\/\/api.w.org\/{rel}","templated":true}]}}