{"id":16553,"date":"2024-11-19T16:41:14","date_gmt":"2024-11-19T13:41:14","guid":{"rendered":"https:\/\/denizcankizil.tr\/uncategorized-tr\/tkpden-lara-sahili-tepkisi-izin-vermeyecegiz\/"},"modified":"2024-11-19T16:41:14","modified_gmt":"2024-11-19T13:41:14","slug":"tkpden-lara-sahili-tepkisi-izin-vermeyecegiz","status":"publish","type":"post","link":"https:\/\/denizcankizil.tr\/en\/haberler\/gundem\/tkpden-lara-sahili-tepkisi-izin-vermeyecegiz\/","title":{"rendered":"TKP\u2019den Lara Sahili tepkisi: \u0130zin vermeyece\u011fiz"},"content":{"rendered":"<p>Antalya B\u00fcy\u00fck\u015fehir Belediyesi (ABB) Kas\u0131m Ay\u0131 Ola\u011fan Meclisi\u2019nin devam toplant\u0131s\u0131 ger\u00e7ekle\u015ftirildi. 55 g\u00fcndem maddesinin g\u00f6r\u00fc\u015f\u00fcld\u00fc\u011f\u00fc toplant\u0131da Antalya\u2019da yerel se\u00e7im \u00f6ncesinde g\u00fcndeme gelen ancak tepkiler \u00fczerine geri \u00e7ekilen Lara sahilinin ihaleyle kiralanmas\u0131 yeniden Antalya B\u00fcy\u00fck\u015fehir Belediye Meclisi\u2019nin g\u00fcndemine geldi.\u00a0<\/p>\n<p>OY \u00c7OKLU\u011eU \u0130LE KABUL ED\u0130LD\u0130<\/p>\n<p>Meclis \u00fcyelerinin ne y\u00f6nde oy kullanaca\u011f\u0131 merak edilen g\u00fcndem maddesi \u00f6nceki toplant\u0131da komisyona sevk edilmi\u015fti. Antalya B\u00fcy\u00fck\u015fehir Belediyesi, Lara sahilindeki yakla\u015f\u0131k 178 bin metrekarelik araziyi 30 y\u0131ll\u0131\u011f\u0131na kiraya vermek i\u00e7in ihaleye \u00e7\u0131kmas\u0131 y\u00f6n\u00fcndeki 40 ve 41\u2019inci g\u00fcndem maddeleri oy \u00e7oklu\u011fu ile kabul edildi. G\u00fcndem maddesine AK Parti ve MHP\u2019li meclis \u00fcyeleri ret y\u00f6n\u00fcnde oy kulland\u0131.<\/p>\n<p>PE\u015eKE\u015e \u00c7EK\u0130L\u0130YOR\u00a0<\/p>\n<p>K\u0131sa zamanda etkile\u015fim yaratan karar sonras\u0131 ilk tepki T\u00fcrkiye Kom\u00fcnist Partisi (TKP) G\u00fczeloba Semt Evi\u2019nden geldi. Yay\u0131nlad\u0131\u011f\u0131 bildiri ile k\u0131y\u0131lar\u0131n \u00f6zelle\u015ftirilmesini \u2018pe\u015fke\u015f \u00e7ekilme\u2019 olarak nitelendiren TKP G\u00fczeloba Semt Evi, bir kamu kayna\u011f\u0131n\u0131n Antalya halk\u0131n\u0131n kullan\u0131m\u0131na kapat\u0131lmas\u0131na izin vermeyeceklerini bildirdi. Karar\u0131n takip\u00e7isi olacaklar\u0131n\u0131 belirten TKP G\u00fczeloba Semt Evi, \u2018ya\u011fma\u2019 olarak nitelendirdikleri durum sonras\u0131 Antalya halk\u0131 ile birlikte m\u00fccadele edeceklerini ilan etti.<\/p>\n<p>YAP-\u0130\u015eLET-DEVRET MODEL\u0130 DEVREDE<\/p>\n<p>TKP G\u00fczeloba Semt Evi taraf\u0131ndan yay\u0131nlanan bildiride \u015fu ifadelere yer verildi:<\/p>\n<p>\u201cAntalya B\u00fcy\u00fck\u015fehir Belediye (ABB) Meclisi d\u00fcn ald\u0131\u011f\u0131 kararla, Lara sahilinin belediye m\u00fclkiyetinde bulunan 156 d\u00f6n\u00fcml\u00fck alan\u0131n\u0131 \u00f6zelle\u015ftirme karar\u0131 ald\u0131. Bu kararla sahilin yap i\u015flet devret modeli ile 30 y\u0131ll\u0131\u011f\u0131na kiralanmas\u0131 hedefleniyor.\u00a0<br \/>\nMahallemizde yer alan ve halk\u0131n kullan\u0131m\u0131na a\u00e7\u0131k olan sahilin a\u00e7\u0131k\u00e7a sermayeye pe\u015fke\u015f \u00e7ekilmesi planlanmaktad\u0131r. Bir kamu kayna\u011f\u0131m\u0131z\u0131n daha Antalya halk\u0131n\u0131n kullan\u0131m\u0131na kapat\u0131lmas\u0131na izin vermeyece\u011fiz!<br \/>\nT\u00fcrkiye Kom\u00fcnist Partisi G\u00fczeloba Semt Evi olarak bu karar\u0131n takip\u00e7isi olaca\u011f\u0131m\u0131z\u0131 ve b\u00f6lgemizdeki ya\u011fmaya kar\u015f\u0131 kom\u015fular\u0131m\u0131zla birlikte m\u00fccadele edece\u011fimizi ilan ediyoruz.<br \/>\nK\u0131y\u0131lar\u0131n \u00f6zelle\u015ftirilmesine hay\u0131r!<br \/>\nLara sahili halk\u0131nd\u0131r!\u201d<br \/>\n\u00a0<\/p>\n<p>\u200bAntalya B\u00fcy\u00fck\u015fehir Belediyesi (ABB) Kas\u0131m Ay\u0131 Ola\u011fan Meclisi\u2019nde, Lara sahilindeki yakla\u015f\u0131k 178 bin metrekarelik arazinin 30 y\u0131ll\u0131\u011f\u0131na kiraya verilmesine ili\u015fkin maddenin kabul\u00fc T\u00fcrkiye Kom\u00fcnist Partisi (TKP) G\u00fczeloba Semt Evi taraf\u0131ndan tepkiyle kar\u015f\u0131land\u0131. Konuyu de\u011ferlendirmeye alan TKP G\u00fczeloba Semt Evi, bir kamu kayna\u011f\u0131n\u0131n Antalya halk\u0131n\u0131n kullan\u0131m\u0131na kapat\u0131lmas\u0131na izin vermeyeceklerini bildirdi\u00a0<\/p>\n<p>\u200bHaberin Al\u0131nt\u0131land\u0131\u011f\u0131 Kaynak: www.antalyakorfez.com<\/p>","protected":false},"excerpt":{"rendered":"<p>Antalya B\u00fcy\u00fck\u015fehir Belediyesi (ABB) Kas\u0131m Ay\u0131 Ola\u011fan Meclisi\u2019nin devam toplant\u0131s\u0131 ger\u00e7ekle\u015ftirildi. 55 g\u00fcndem maddesinin g\u00f6r\u00fc\u015f\u00fcld\u00fc\u011f\u00fc toplant\u0131da Antalya\u2019da yerel se\u00e7im \u00f6ncesinde g\u00fcndeme gelen ancak tepkiler \u00fczerine geri \u00e7ekilen Lara sahilinin ihaleyle kiralanmas\u0131 yeniden Antalya B\u00fcy\u00fck\u015fehir Belediye Meclisi\u2019nin g\u00fcndemine geldi.\u00a0 OY \u00c7OKLU\u011eU \u0130LE KABUL ED\u0130LD\u0130 Meclis \u00fcyelerinin ne y\u00f6nde oy kullanaca\u011f\u0131 merak edilen g\u00fcndem maddesi \u00f6nceki toplant\u0131da komisyona sevk edilmi\u015fti. Antalya B\u00fcy\u00fck\u015fehir Belediyesi, Lara sahilindeki yakla\u015f\u0131k 178 bin metrekarelik araziyi 30 y\u0131ll\u0131\u011f\u0131na kiraya vermek i\u00e7in ihaleye \u00e7\u0131kmas\u0131 y\u00f6n\u00fcndeki 40 ve 41\u2019inci g\u00fcndem maddeleri oy \u00e7oklu\u011fu ile kabul edildi. G\u00fcndem maddesine AK Parti ve MHP\u2019li meclis \u00fcyeleri ret y\u00f6n\u00fcnde oy kulland\u0131. PE\u015eKE\u015e \u00c7EK\u0130L\u0130YOR\u00a0 K\u0131sa zamanda etkile\u015fim yaratan karar sonras\u0131 ilk tepki T\u00fcrkiye Kom\u00fcnist Partisi (TKP) G\u00fczeloba Semt Evi\u2019nden geldi. Yay\u0131nlad\u0131\u011f\u0131 bildiri ile k\u0131y\u0131lar\u0131n \u00f6zelle\u015ftirilmesini \u2018pe\u015fke\u015f \u00e7ekilme\u2019 olarak nitelendiren TKP G\u00fczeloba Semt Evi, bir kamu kayna\u011f\u0131n\u0131n Antalya halk\u0131n\u0131n kullan\u0131m\u0131na kapat\u0131lmas\u0131na izin vermeyeceklerini bildirdi. Karar\u0131n takip\u00e7isi olacaklar\u0131n\u0131 belirten TKP G\u00fczeloba Semt Evi, \u2018ya\u011fma\u2019 olarak nitelendirdikleri durum sonras\u0131 Antalya halk\u0131 ile birlikte m\u00fccadele edeceklerini ilan etti. YAP-\u0130\u015eLET-DEVRET MODEL\u0130 DEVREDE TKP G\u00fczeloba Semt Evi taraf\u0131ndan yay\u0131nlanan bildiride \u015fu ifadelere yer verildi: \u201cAntalya B\u00fcy\u00fck\u015fehir Belediye (ABB) Meclisi d\u00fcn ald\u0131\u011f\u0131 kararla, Lara sahilinin belediye m\u00fclkiyetinde bulunan 156 d\u00f6n\u00fcml\u00fck alan\u0131n\u0131 \u00f6zelle\u015ftirme karar\u0131 ald\u0131. Bu kararla sahilin yap i\u015flet devret modeli &hellip;<\/p>","protected":false},"author":0,"featured_media":0,"comment_status":"open","ping_status":"open","sticky":false,"template":"","format":"standard","meta":{"_acf_changed":false,"footnotes":""},"categories":[24,535],"tags":[],"class_list":["post-16553","post","type-post","status-publish","format-standard","has-post-thumbnail","hentry","category-gundem","category-uncategorized-tr"],"acf":[],"yoast_head":"<!-- This site is optimized with the Yoast SEO Premium plugin v26.6 (Yoast SEO v27.1.1) - https:\/\/yoast.com\/product\/yoast-seo-premium-wordpress\/ -->\n<title>TKP\u2019den Lara Sahili tepkisi: \u0130zin vermeyece\u011fiz - Av. Deniz Can K\u0131z\u0131l<\/title>\n<meta name=\"robots\" content=\"index, follow, max-snippet:-1, max-image-preview:large, max-video-preview:-1\" \/>\n<link rel=\"canonical\" href=\"https:\/\/denizcankizil.tr\/en\/haberler\/gundem\/tkpden-lara-sahili-tepkisi-izin-vermeyecegiz\/\" \/>\n<meta property=\"og:locale\" content=\"en_GB\" \/>\n<meta property=\"og:type\" content=\"article\" \/>\n<meta property=\"og:title\" content=\"TKP\u2019den Lara Sahili tepkisi: \u0130zin vermeyece\u011fiz\" \/>\n<meta property=\"og:description\" content=\"Antalya B\u00fcy\u00fck\u015fehir Belediyesi (ABB) Kas\u0131m Ay\u0131 Ola\u011fan Meclisi\u2019nin devam toplant\u0131s\u0131 ger\u00e7ekle\u015ftirildi. 55 g\u00fcndem maddesinin g\u00f6r\u00fc\u015f\u00fcld\u00fc\u011f\u00fc toplant\u0131da Antalya\u2019da yerel se\u00e7im \u00f6ncesinde g\u00fcndeme gelen ancak tepkiler \u00fczerine geri \u00e7ekilen Lara sahilinin ihaleyle kiralanmas\u0131 yeniden Antalya B\u00fcy\u00fck\u015fehir Belediye Meclisi\u2019nin g\u00fcndemine geldi.\u00a0 OY \u00c7OKLU\u011eU \u0130LE KABUL ED\u0130LD\u0130 Meclis \u00fcyelerinin ne y\u00f6nde oy kullanaca\u011f\u0131 merak edilen g\u00fcndem maddesi \u00f6nceki toplant\u0131da komisyona sevk edilmi\u015fti. Antalya B\u00fcy\u00fck\u015fehir Belediyesi, Lara sahilindeki yakla\u015f\u0131k 178 bin metrekarelik araziyi 30 y\u0131ll\u0131\u011f\u0131na kiraya vermek i\u00e7in ihaleye \u00e7\u0131kmas\u0131 y\u00f6n\u00fcndeki 40 ve 41\u2019inci g\u00fcndem maddeleri oy \u00e7oklu\u011fu ile kabul edildi. G\u00fcndem maddesine AK Parti ve MHP\u2019li meclis \u00fcyeleri ret y\u00f6n\u00fcnde oy kulland\u0131. PE\u015eKE\u015e \u00c7EK\u0130L\u0130YOR\u00a0 K\u0131sa zamanda etkile\u015fim yaratan karar sonras\u0131 ilk tepki T\u00fcrkiye Kom\u00fcnist Partisi (TKP) G\u00fczeloba Semt Evi\u2019nden geldi. Yay\u0131nlad\u0131\u011f\u0131 bildiri ile k\u0131y\u0131lar\u0131n \u00f6zelle\u015ftirilmesini \u2018pe\u015fke\u015f \u00e7ekilme\u2019 olarak nitelendiren TKP G\u00fczeloba Semt Evi, bir kamu kayna\u011f\u0131n\u0131n Antalya halk\u0131n\u0131n kullan\u0131m\u0131na kapat\u0131lmas\u0131na izin vermeyeceklerini bildirdi. Karar\u0131n takip\u00e7isi olacaklar\u0131n\u0131 belirten TKP G\u00fczeloba Semt Evi, \u2018ya\u011fma\u2019 olarak nitelendirdikleri durum sonras\u0131 Antalya halk\u0131 ile birlikte m\u00fccadele edeceklerini ilan etti. YAP-\u0130\u015eLET-DEVRET MODEL\u0130 DEVREDE TKP G\u00fczeloba Semt Evi taraf\u0131ndan yay\u0131nlanan bildiride \u015fu ifadelere yer verildi: \u201cAntalya B\u00fcy\u00fck\u015fehir Belediye (ABB) Meclisi d\u00fcn ald\u0131\u011f\u0131 kararla, Lara sahilinin belediye m\u00fclkiyetinde bulunan 156 d\u00f6n\u00fcml\u00fck alan\u0131n\u0131 \u00f6zelle\u015ftirme karar\u0131 ald\u0131. Bu kararla sahilin yap i\u015flet devret modeli &hellip;\" \/>\n<meta property=\"og:url\" content=\"https:\/\/denizcankizil.tr\/en\/haberler\/gundem\/tkpden-lara-sahili-tepkisi-izin-vermeyecegiz\/\" \/>\n<meta property=\"og:site_name\" content=\"Av. Deniz Can K\u0131z\u0131l\" \/>\n<meta property=\"article:published_time\" content=\"2024-11-19T13:41:14+00:00\" \/>\n<meta name=\"twitter:card\" content=\"summary_large_image\" \/>\n<meta name=\"twitter:label1\" content=\"Estimated reading time\" \/>\n\t<meta name=\"twitter:data1\" content=\"2 minutes\" \/>\n<script type=\"application\/ld+json\" class=\"yoast-schema-graph\">{\"@context\":\"https:\/\/schema.org\",\"@graph\":[{\"@type\":\"Article\",\"@id\":\"https:\/\/denizcankizil.tr\/de\/haberler\/gundem\/tkpden-lara-sahili-tepkisi-izin-vermeyecegiz\/#article\",\"isPartOf\":{\"@id\":\"https:\/\/denizcankizil.tr\/de\/haberler\/gundem\/tkpden-lara-sahili-tepkisi-izin-vermeyecegiz\/\"},\"author\":{\"name\":\"\",\"@id\":\"\"},\"headline\":\"TKP\u2019den Lara Sahili tepkisi: \u0130zin vermeyece\u011fiz\",\"datePublished\":\"2024-11-19T13:41:14+00:00\",\"mainEntityOfPage\":{\"@id\":\"https:\/\/denizcankizil.tr\/de\/haberler\/gundem\/tkpden-lara-sahili-tepkisi-izin-vermeyecegiz\/\"},\"wordCount\":466,\"commentCount\":0,\"publisher\":{\"@id\":\"https:\/\/denizcankizil.tr\/de\/#organization\"},\"articleSection\":[\"G\u00fcndem\",\"Uncategorized\"],\"inLanguage\":\"en-GB\",\"potentialAction\":[{\"@type\":\"CommentAction\",\"name\":\"Comment\",\"target\":[\"https:\/\/denizcankizil.tr\/de\/haberler\/gundem\/tkpden-lara-sahili-tepkisi-izin-vermeyecegiz\/#respond\"]}]},{\"@type\":\"WebPage\",\"@id\":\"https:\/\/denizcankizil.tr\/de\/haberler\/gundem\/tkpden-lara-sahili-tepkisi-izin-vermeyecegiz\/\",\"url\":\"https:\/\/denizcankizil.tr\/de\/haberler\/gundem\/tkpden-lara-sahili-tepkisi-izin-vermeyecegiz\/\",\"name\":\"TKP\u2019den Lara Sahili tepkisi: \u0130zin vermeyece\u011fiz - Av. Deniz Can K\u0131z\u0131l\",\"isPartOf\":{\"@id\":\"https:\/\/denizcankizil.tr\/de\/#website\"},\"datePublished\":\"2024-11-19T13:41:14+00:00\",\"breadcrumb\":{\"@id\":\"https:\/\/denizcankizil.tr\/de\/haberler\/gundem\/tkpden-lara-sahili-tepkisi-izin-vermeyecegiz\/#breadcrumb\"},\"inLanguage\":\"en-GB\",\"potentialAction\":[{\"@type\":\"ReadAction\",\"target\":[\"https:\/\/denizcankizil.tr\/de\/haberler\/gundem\/tkpden-lara-sahili-tepkisi-izin-vermeyecegiz\/\"]}]},{\"@type\":\"BreadcrumbList\",\"@id\":\"https:\/\/denizcankizil.tr\/de\/haberler\/gundem\/tkpden-lara-sahili-tepkisi-izin-vermeyecegiz\/#breadcrumb\",\"itemListElement\":[{\"@type\":\"ListItem\",\"position\":1,\"name\":\"Home\",\"item\":\"https:\/\/denizcankizil.tr\/de\/\"},{\"@type\":\"ListItem\",\"position\":2,\"name\":\"TKP\u2019den Lara Sahili tepkisi: \u0130zin vermeyece\u011fiz\"}]},{\"@type\":\"WebSite\",\"@id\":\"https:\/\/denizcankizil.tr\/de\/#website\",\"url\":\"https:\/\/denizcankizil.tr\/de\/\",\"name\":\"Av. Deniz Can K\u0131z\u0131l\",\"description\":\"Avukat Deniz Can K\u0131z\u0131l Antalya Barosu\",\"publisher\":{\"@id\":\"https:\/\/denizcankizil.tr\/de\/#organization\"},\"potentialAction\":[{\"@type\":\"SearchAction\",\"target\":{\"@type\":\"EntryPoint\",\"urlTemplate\":\"https:\/\/denizcankizil.tr\/de\/?s={search_term_string}\"},\"query-input\":{\"@type\":\"PropertyValueSpecification\",\"valueRequired\":true,\"valueName\":\"search_term_string\"}}],\"inLanguage\":\"en-GB\"},{\"@type\":\"Organization\",\"@id\":\"https:\/\/denizcankizil.tr\/de\/#organization\",\"name\":\"Av. Deniz Can K\u0131z\u0131l\",\"url\":\"https:\/\/denizcankizil.tr\/de\/\",\"logo\":{\"@type\":\"ImageObject\",\"inLanguage\":\"en-GB\",\"@id\":\"https:\/\/denizcankizil.tr\/de\/#\/schema\/logo\/image\/\",\"url\":\"https:\/\/denizcankizil.tr\/wp-content\/uploads\/2024\/10\/siyah-logo-svg.svg\",\"contentUrl\":\"https:\/\/denizcankizil.tr\/wp-content\/uploads\/2024\/10\/siyah-logo-svg.svg\",\"width\":1080,\"height\":1080,\"caption\":\"Av. Deniz Can K\u0131z\u0131l\"},\"image\":{\"@id\":\"https:\/\/denizcankizil.tr\/de\/#\/schema\/logo\/image\/\"}}]}<\/script>\n<!-- \/ Yoast SEO Premium plugin. -->","yoast_head_json":{"title":"TKP\u2019den Lara Sahili tepkisi: \u0130zin vermeyece\u011fiz - Av. Deniz Can K\u0131z\u0131l","robots":{"index":"index","follow":"follow","max-snippet":"max-snippet:-1","max-image-preview":"max-image-preview:large","max-video-preview":"max-video-preview:-1"},"canonical":"https:\/\/denizcankizil.tr\/en\/haberler\/gundem\/tkpden-lara-sahili-tepkisi-izin-vermeyecegiz\/","og_locale":"en_GB","og_type":"article","og_title":"TKP\u2019den Lara Sahili tepkisi: \u0130zin vermeyece\u011fiz","og_description":"Antalya B\u00fcy\u00fck\u015fehir Belediyesi (ABB) Kas\u0131m Ay\u0131 Ola\u011fan Meclisi\u2019nin devam toplant\u0131s\u0131 ger\u00e7ekle\u015ftirildi. 55 g\u00fcndem maddesinin g\u00f6r\u00fc\u015f\u00fcld\u00fc\u011f\u00fc toplant\u0131da Antalya\u2019da yerel se\u00e7im \u00f6ncesinde g\u00fcndeme gelen ancak tepkiler \u00fczerine geri \u00e7ekilen Lara sahilinin ihaleyle kiralanmas\u0131 yeniden Antalya B\u00fcy\u00fck\u015fehir Belediye Meclisi\u2019nin g\u00fcndemine geldi.\u00a0 OY \u00c7OKLU\u011eU \u0130LE KABUL ED\u0130LD\u0130 Meclis \u00fcyelerinin ne y\u00f6nde oy kullanaca\u011f\u0131 merak edilen g\u00fcndem maddesi \u00f6nceki toplant\u0131da komisyona sevk edilmi\u015fti. Antalya B\u00fcy\u00fck\u015fehir Belediyesi, Lara sahilindeki yakla\u015f\u0131k 178 bin metrekarelik araziyi 30 y\u0131ll\u0131\u011f\u0131na kiraya vermek i\u00e7in ihaleye \u00e7\u0131kmas\u0131 y\u00f6n\u00fcndeki 40 ve 41\u2019inci g\u00fcndem maddeleri oy \u00e7oklu\u011fu ile kabul edildi. G\u00fcndem maddesine AK Parti ve MHP\u2019li meclis \u00fcyeleri ret y\u00f6n\u00fcnde oy kulland\u0131. PE\u015eKE\u015e \u00c7EK\u0130L\u0130YOR\u00a0 K\u0131sa zamanda etkile\u015fim yaratan karar sonras\u0131 ilk tepki T\u00fcrkiye Kom\u00fcnist Partisi (TKP) G\u00fczeloba Semt Evi\u2019nden geldi. Yay\u0131nlad\u0131\u011f\u0131 bildiri ile k\u0131y\u0131lar\u0131n \u00f6zelle\u015ftirilmesini \u2018pe\u015fke\u015f \u00e7ekilme\u2019 olarak nitelendiren TKP G\u00fczeloba Semt Evi, bir kamu kayna\u011f\u0131n\u0131n Antalya halk\u0131n\u0131n kullan\u0131m\u0131na kapat\u0131lmas\u0131na izin vermeyeceklerini bildirdi. Karar\u0131n takip\u00e7isi olacaklar\u0131n\u0131 belirten TKP G\u00fczeloba Semt Evi, \u2018ya\u011fma\u2019 olarak nitelendirdikleri durum sonras\u0131 Antalya halk\u0131 ile birlikte m\u00fccadele edeceklerini ilan etti. YAP-\u0130\u015eLET-DEVRET MODEL\u0130 DEVREDE TKP G\u00fczeloba Semt Evi taraf\u0131ndan yay\u0131nlanan bildiride \u015fu ifadelere yer verildi: \u201cAntalya B\u00fcy\u00fck\u015fehir Belediye (ABB) Meclisi d\u00fcn ald\u0131\u011f\u0131 kararla, Lara sahilinin belediye m\u00fclkiyetinde bulunan 156 d\u00f6n\u00fcml\u00fck alan\u0131n\u0131 \u00f6zelle\u015ftirme karar\u0131 ald\u0131. Bu kararla sahilin yap i\u015flet devret modeli &hellip;","og_url":"https:\/\/denizcankizil.tr\/en\/haberler\/gundem\/tkpden-lara-sahili-tepkisi-izin-vermeyecegiz\/","og_site_name":"Av. Deniz Can K\u0131z\u0131l","article_published_time":"2024-11-19T13:41:14+00:00","twitter_card":"summary_large_image","twitter_misc":{"Estimated reading time":"2 minutes"},"schema":{"@context":"https:\/\/schema.org","@graph":[{"@type":"Article","@id":"https:\/\/denizcankizil.tr\/de\/haberler\/gundem\/tkpden-lara-sahili-tepkisi-izin-vermeyecegiz\/#article","isPartOf":{"@id":"https:\/\/denizcankizil.tr\/de\/haberler\/gundem\/tkpden-lara-sahili-tepkisi-izin-vermeyecegiz\/"},"author":{"name":"","@id":""},"headline":"TKP\u2019den Lara Sahili tepkisi: \u0130zin vermeyece\u011fiz","datePublished":"2024-11-19T13:41:14+00:00","mainEntityOfPage":{"@id":"https:\/\/denizcankizil.tr\/de\/haberler\/gundem\/tkpden-lara-sahili-tepkisi-izin-vermeyecegiz\/"},"wordCount":466,"commentCount":0,"publisher":{"@id":"https:\/\/denizcankizil.tr\/de\/#organization"},"articleSection":["G\u00fcndem","Uncategorized"],"inLanguage":"en-GB","potentialAction":[{"@type":"CommentAction","name":"Comment","target":["https:\/\/denizcankizil.tr\/de\/haberler\/gundem\/tkpden-lara-sahili-tepkisi-izin-vermeyecegiz\/#respond"]}]},{"@type":"WebPage","@id":"https:\/\/denizcankizil.tr\/de\/haberler\/gundem\/tkpden-lara-sahili-tepkisi-izin-vermeyecegiz\/","url":"https:\/\/denizcankizil.tr\/de\/haberler\/gundem\/tkpden-lara-sahili-tepkisi-izin-vermeyecegiz\/","name":"TKP\u2019den Lara Sahili tepkisi: \u0130zin vermeyece\u011fiz - Av. Deniz Can K\u0131z\u0131l","isPartOf":{"@id":"https:\/\/denizcankizil.tr\/de\/#website"},"datePublished":"2024-11-19T13:41:14+00:00","breadcrumb":{"@id":"https:\/\/denizcankizil.tr\/de\/haberler\/gundem\/tkpden-lara-sahili-tepkisi-izin-vermeyecegiz\/#breadcrumb"},"inLanguage":"en-GB","potentialAction":[{"@type":"ReadAction","target":["https:\/\/denizcankizil.tr\/de\/haberler\/gundem\/tkpden-lara-sahili-tepkisi-izin-vermeyecegiz\/"]}]},{"@type":"BreadcrumbList","@id":"https:\/\/denizcankizil.tr\/de\/haberler\/gundem\/tkpden-lara-sahili-tepkisi-izin-vermeyecegiz\/#breadcrumb","itemListElement":[{"@type":"ListItem","position":1,"name":"Home","item":"https:\/\/denizcankizil.tr\/de\/"},{"@type":"ListItem","position":2,"name":"TKP\u2019den Lara Sahili tepkisi: \u0130zin vermeyece\u011fiz"}]},{"@type":"WebSite","@id":"https:\/\/denizcankizil.tr\/de\/#website","url":"https:\/\/denizcankizil.tr\/de\/","name":"Av. Deniz Can K\u0131z\u0131l","description":"Avukat Deniz Can K\u0131z\u0131l Antalya Barosu","publisher":{"@id":"https:\/\/denizcankizil.tr\/de\/#organization"},"potentialAction":[{"@type":"SearchAction","target":{"@type":"EntryPoint","urlTemplate":"https:\/\/denizcankizil.tr\/de\/?s={search_term_string}"},"query-input":{"@type":"PropertyValueSpecification","valueRequired":true,"valueName":"search_term_string"}}],"inLanguage":"en-GB"},{"@type":"Organization","@id":"https:\/\/denizcankizil.tr\/de\/#organization","name":"Av. Deniz Can K\u0131z\u0131l","url":"https:\/\/denizcankizil.tr\/de\/","logo":{"@type":"ImageObject","inLanguage":"en-GB","@id":"https:\/\/denizcankizil.tr\/de\/#\/schema\/logo\/image\/","url":"https:\/\/denizcankizil.tr\/wp-content\/uploads\/2024\/10\/siyah-logo-svg.svg","contentUrl":"https:\/\/denizcankizil.tr\/wp-content\/uploads\/2024\/10\/siyah-logo-svg.svg","width":1080,"height":1080,"caption":"Av. Deniz Can K\u0131z\u0131l"},"image":{"@id":"https:\/\/denizcankizil.tr\/de\/#\/schema\/logo\/image\/"}}]}},"_links":{"self":[{"href":"https:\/\/denizcankizil.tr\/en\/wp-json\/wp\/v2\/posts\/16553","targetHints":{"allow":["GET"]}}],"collection":[{"href":"https:\/\/denizcankizil.tr\/en\/wp-json\/wp\/v2\/posts"}],"about":[{"href":"https:\/\/denizcankizil.tr\/en\/wp-json\/wp\/v2\/types\/post"}],"replies":[{"embeddable":true,"href":"https:\/\/denizcankizil.tr\/en\/wp-json\/wp\/v2\/comments?post=16553"}],"version-history":[{"count":0,"href":"https:\/\/denizcankizil.tr\/en\/wp-json\/wp\/v2\/posts\/16553\/revisions"}],"wp:attachment":[{"href":"https:\/\/denizcankizil.tr\/en\/wp-json\/wp\/v2\/media?parent=16553"}],"wp:term":[{"taxonomy":"category","embeddable":true,"href":"https:\/\/denizcankizil.tr\/en\/wp-json\/wp\/v2\/categories?post=16553"},{"taxonomy":"post_tag","embeddable":true,"href":"https:\/\/denizcankizil.tr\/en\/wp-json\/wp\/v2\/tags?post=16553"}],"curies":[{"name":"wp","href":"https:\/\/api.w.org\/{rel}","templated":true}]}}